{"id":18280,"date":"2025-04-16T20:40:42","date_gmt":"2025-04-17T01:40:42","guid":{"rendered":"https:\/\/www.zonacaral.gob.pe\/?p=18280"},"modified":"2025-04-16T20:40:42","modified_gmt":"2025-04-17T01:40:42","slug":"dia-de-los-monumentos-y-sitios-conservamos-y-protegemos-los-centros-urbanos-de-la-civilizacion-caral","status":"publish","type":"post","link":"https:\/\/zonacaral.gob.pe\/es\/noticias\/dia-de-los-monumentos-y-sitios-conservamos-y-protegemos-los-centros-urbanos-de-la-civilizacion-caral\/","title":{"rendered":"D\u00eda de los Monumentos y Sitios: conservamos y protegemos los centros urbanos de la civilizaci\u00f3n Caral"},"content":{"rendered":"<figure class=\"pic-autor\" style=\"color: #4d4d4d; text-align: justify;\"><\/figure>\n<div class=\"gmail_default\" style=\"text-align: justify;\">\n<blockquote>\n<p><i><span style=\"font-weight: 400;\">Para el beneficio de los peruanos y de toda la humanidad.<\/span><\/i><\/p>\n<\/blockquote>\n<p><span style=\"font-weight: 400;\">En el D\u00eda Internacional de los Monumentos y Sitios (DIMS), recordemos la importancia de la conservaci\u00f3n y protecci\u00f3n de los sitios arqueol\u00f3gicos del Per\u00fa; en especial, las antiguas ciudades que conforman la Civilizaci\u00f3n Caral, en los cuales investiga, desde 1994, la <\/span><a href=\"https:\/\/www.instagram.com\/caralperu\/?hl=es\"><span style=\"font-weight: 400;\">Zona Arqueol\u00f3gica Caral<\/span><\/a><span style=\"font-weight: 400;\">, Unidad Ejecutora 003 del Ministerio de Cultura, bajo la direcci\u00f3n de la doctora Ruth Shady Sol\u00eds.<\/span><\/p>\n<p><span style=\"font-weight: 400;\">Este trabajo especializado, se realiza en doce centros urbanos (de 25 identificados) ubicados entre el valle de Supe y de Huaura, Regi\u00f3n Lima. Ellos son: <\/span><a href=\"https:\/\/www.zonacaral.gob.pe\/ruta-caral\/ciudad-sagrada-de-caral.html\"><span style=\"font-weight: 400;\">Ciudad Sagrada de Caral-Supe<\/span><\/a><span style=\"font-weight: 400;\">, inscripta en la Lista de Patrimonio Mundial, y los sitios coet\u00e1neos Chupacigarro, Miraya, Lurihuasi, Allpacoto, Pueblo Nuevo, Era de Pando, El Molino, Piedra Parada, <\/span><a href=\"https:\/\/www.zonacaral.gob.pe\/ruta-caral\/aspero.html\"><span style=\"font-weight: 400;\">\u00c1spero<\/span><\/a><span style=\"font-weight: 400;\">, <\/span><a href=\"https:\/\/www.zonacaral.gob.pe\/ruta-caral\/penico.html\"><span style=\"font-weight: 400;\">Pe\u00f1ico<\/span><\/a><span style=\"font-weight: 400;\"> y <\/span><a href=\"https:\/\/www.zonacaral.gob.pe\/ruta-caral\/vichama.html\"><span style=\"font-weight: 400;\">Vichama<\/span><\/a><span style=\"font-weight: 400;\">,\u00a0<\/span><\/p>\n<p><span style=\"font-weight: 400;\">En estos sitios arqueol\u00f3gicos monumentales, desde el inicio de las investigaciones, se realizaron labores de conservaci\u00f3n, empleando t\u00e9cnicas basadas en criterios internacionales y equipos sofisticados.<\/span><\/p>\n<p><span style=\"font-weight: 400;\">La conservaci\u00f3n de los sitios se centra en un m\u00e9todo de trabajo sistem\u00e1tico para identificar, evaluar, detectar, y controlar los riesgos de deterioro de los bienes culturales, la respuesta oportuna, mediante una intervenci\u00f3n adecuada y el monitoreo permanente en busca de la mejora continua.<\/span><\/p>\n<p><span style=\"font-weight: 400;\">El objetivo fundamental es eliminar o minimizar dichos riesgos, actuando sobre el origen de los problemas, que generalmente se encuentran en los factores externos, a los propios bienes culturales, evitando con ello su deterioro o p\u00e9rdida y la necesidad de acometer dr\u00e1sticos y costosos tratamientos aplicados sobre los propios bienes.\u00a0<\/span><\/p>\n<p><span style=\"font-weight: 400;\">Adem\u00e1s, se toman en cuenta aspectos como sostenibilidad, de manera que se busca aplicar esfuerzos continuos en el tiempo, optimizando recursos.<\/span><\/p>\n<p><span style=\"font-weight: 400;\">Esta metodolog\u00eda de trabajo es aplicada a todos los sitios de Patrimonio Mundial, para salvaguardar los criterios del Valor Universal Excepcional (VUE). El objetivo de esta metodolog\u00eda es contribuir a las condiciones de integridad, autenticidad, protecci\u00f3n y gesti\u00f3n de la Ciudad Sagrada de Caral, y es la misma que aplica a los dem\u00e1s 11 asentamientos de la Civilizaci\u00f3n Caral, en donde se reemplaza el VUE por el valor del patrimonio Nacional.<\/span><\/p>\n<p><span style=\"font-weight: 400;\">El ciclo del proceso de conservaci\u00f3n de sitios arqueol\u00f3gicos\u00a0 y de los subprocesos de la conservaci\u00f3n preventiva y conservaci\u00f3n curativa (gesti\u00f3n preventiva de riesgos; investigaci\u00f3n, pruebas y ensayos; diagn\u00f3stico: identificaci\u00f3n de da\u00f1os y lesiones; intervenci\u00f3n de conservaci\u00f3n curativa; monitoreo post intervenci\u00f3n) nos ayudan a la planificaci\u00f3n de las actividades y tareas,\u00a0 a determinar costos y cantidad de material, distribuci\u00f3n del personal durante las jornadas, contribuyendo a la eficacia y eficiencia y satisfacci\u00f3n del trabajo realizado.<\/span><\/p>\n<p><b>D\u00eda Internacional de los Monumentos y Sitios<\/b><\/p>\n<p><span style=\"font-weight: 400;\">El 18 de abril de cada a\u00f1o se celebra el D\u00eda Internacional de los Monumentos y Sitios (DIMS), una iniciativa de ICOMOS que comenz\u00f3 en 1982 con el objetivo de sensibilizar sobre la importancia del patrimonio cultural y la necesidad de protegerlo.<\/span><\/p>\n<p><span style=\"font-weight: 400;\">Cada a\u00f1o, ICOMOS elige un tema para fomentar la reflexi\u00f3n y actividades en todo el mundo. Este a\u00f1o, el lema es: \u00abPatrimonio resiliente ante cat\u00e1strofes y conflictos\u00bb.<\/span><\/p>\n<p><span style=\"font-weight: 400;\">El DIMS nos ofrece una excelente oportunidad para dar a conocer las labores de conservaci\u00f3n y protecci\u00f3n del patrimonio cultural, los cuales enfrentan diversas amenazas naturales y humanas.<\/span><\/p>\n<p><strong style=\"font-size: inherit; text-align: justify;\">Fuente: Comunicaci\u00f3n e Imagen Institucional ZAC<\/strong><\/p>\n<\/div>\n<div style=\"color: #1f1f1f;\">\n<div style=\"color: #1f1f1f;\">\n<p style=\"text-align: justify;\">Fecha de publicaci\u00f3n: 15\/04\/2025<\/p>\n<\/div>\n<\/div>\n\n\n<p><\/p>\n","protected":false},"excerpt":{"rendered":"<p>Para el beneficio de los peruanos y de toda la humanidad. En el D\u00eda Internacional de los Monumentos y Sitios [&hellip;]<\/p>\n","protected":false},"author":1,"featured_media":18281,"comment_status":"closed","ping_status":"open","sticky":false,"template":"","format":"standard","meta":{"_acf_changed":false,"site-sidebar-layout":"default","site-content-layout":"","ast-site-content-layout":"default","site-content-style":"default","site-sidebar-style":"default","ast-global-header-display":"","ast-banner-title-visibility":"","ast-main-header-display":"","ast-hfb-above-header-display":"","ast-hfb-below-header-display":"","ast-hfb-mobile-header-display":"","site-post-title":"","ast-breadcrumbs-content":"","ast-featured-img":"","footer-sml-layout":"","ast-disable-related-posts":"","theme-transparent-header-meta":"","adv-header-id-meta":"","stick-header-meta":"","header-above-stick-meta":"","header-main-stick-meta":"","header-below-stick-meta":"","astra-migrate-meta-layouts":"default","ast-page-background-enabled":"default","ast-page-background-meta":{"desktop":{"background-color":"var(--ast-global-color-5)","background-image":"","background-repeat":"repeat","background-position":"center center","background-size":"auto","background-attachment":"scroll","background-type":"","background-media":"","overlay-type":"","overlay-color":"","overlay-opacity":"","overlay-gradient":""},"tablet":{"background-color":"","background-image":"","background-repeat":"repeat","background-position":"center center","background-size":"auto","background-attachment":"scroll","background-type":"","background-media":"","overlay-type":"","overlay-color":"","overlay-opacity":"","overlay-gradient":""},"mobile":{"background-color":"","background-image":"","background-repeat":"repeat","background-position":"center center","background-size":"auto","background-attachment":"scroll","background-type":"","background-media":"","overlay-type":"","overlay-color":"","overlay-opacity":"","overlay-gradient":""}},"ast-content-background-meta":{"desktop":{"background-color":"var(--ast-global-color-4)","background-image":"","background-repeat":"repeat","background-position":"center center","background-size":"auto","background-attachment":"scroll","background-type":"","background-media":"","overlay-type":"","overlay-color":"","overlay-opacity":"","overlay-gradient":""},"tablet":{"background-color":"var(--ast-global-color-4)","background-image":"","background-repeat":"repeat","background-position":"center center","background-size":"auto","background-attachment":"scroll","background-type":"","background-media":"","overlay-type":"","overlay-color":"","overlay-opacity":"","overlay-gradient":""},"mobile":{"background-color":"var(--ast-global-color-4)","background-image":"","background-repeat":"repeat","background-position":"center center","background-size":"auto","background-attachment":"scroll","background-type":"","background-media":"","overlay-type":"","overlay-color":"","overlay-opacity":"","overlay-gradient":""}},"footnotes":""},"categories":[208],"tags":[55,72],"class_list":["post-18280","post","type-post","status-publish","format-standard","has-post-thumbnail","hentry","category-noticias","tag-caral","tag-cultura"],"acf":[],"yoast_head":"<!-- This site is optimized with the Yoast SEO plugin v27.3 - https:\/\/yoast.com\/product\/yoast-seo-wordpress\/ -->\n<title>D\u00eda de los Monumentos y Sitios: conservamos y protegemos los centros urbanos de la civilizaci\u00f3n Caral<\/title>\n<meta name=\"description\" content=\"En el D\u00eda Internacional de los Monumentos y Sitios (DIMS), recordemos la importancia de la conservaci\u00f3n y protecci\u00f3n de los sitios arqueol\u00f3gicos del Per\u00fa; en especial, las antiguas ciudades que conforman la Civilizaci\u00f3n Caral, en los cuales investiga, desde 1994, la Zona Arqueol\u00f3gica Caral, Unidad Ejecutora 003 del Ministerio de Cultura, bajo la direcci\u00f3n de la doctora Ruth Shady Sol\u00eds.\" \/>\n<meta name=\"robots\" content=\"index, follow, max-snippet:-1, max-image-preview:large, max-video-preview:-1\" \/>\n<link rel=\"canonical\" href=\"https:\/\/zonacaral.gob.pe\/es\/noticias\/dia-de-los-monumentos-y-sitios-conservamos-y-protegemos-los-centros-urbanos-de-la-civilizacion-caral\/\" \/>\n<meta property=\"og:locale\" content=\"es_ES\" \/>\n<meta property=\"og:type\" content=\"article\" \/>\n<meta property=\"og:title\" content=\"D\u00eda de los Monumentos y Sitios: conservamos y protegemos los centros urbanos de la civilizaci\u00f3n Caral\" \/>\n<meta property=\"og:description\" content=\"En el D\u00eda Internacional de los Monumentos y Sitios (DIMS), recordemos la importancia de la conservaci\u00f3n y protecci\u00f3n de los sitios arqueol\u00f3gicos del Per\u00fa; en especial, las antiguas ciudades que conforman la Civilizaci\u00f3n Caral, en los cuales investiga, desde 1994, la Zona Arqueol\u00f3gica Caral, Unidad Ejecutora 003 del Ministerio de Cultura, bajo la direcci\u00f3n de la doctora Ruth Shady Sol\u00eds.\" \/>\n<meta property=\"og:url\" content=\"https:\/\/zonacaral.gob.pe\/es\/noticias\/dia-de-los-monumentos-y-sitios-conservamos-y-protegemos-los-centros-urbanos-de-la-civilizacion-caral\/\" \/>\n<meta property=\"og:site_name\" content=\"Zona Caral\" \/>\n<meta property=\"article:published_time\" content=\"2025-04-17T01:40:42+00:00\" \/>\n<meta property=\"og:image\" content=\"https:\/\/zonacaral.gob.pe\/wp-content\/uploads\/2025\/04\/Dia-de-los-Monumentos-y-Sitios.png\" \/>\n\t<meta property=\"og:image:width\" content=\"1200\" \/>\n\t<meta property=\"og:image:height\" content=\"675\" \/>\n\t<meta property=\"og:image:type\" content=\"image\/png\" \/>\n<meta name=\"author\" content=\"Zona Caral Administrador\" \/>\n<meta name=\"twitter:card\" content=\"summary_large_image\" \/>\n<meta name=\"twitter:label1\" content=\"Written by\" \/>\n\t<meta name=\"twitter:data1\" content=\"Zona Caral Administrador\" \/>\n\t<meta name=\"twitter:label2\" content=\"Est. reading time\" \/>\n\t<meta name=\"twitter:data2\" content=\"3 minutos\" \/>\n<script type=\"application\/ld+json\" class=\"yoast-schema-graph\">{\"@context\":\"https:\\\/\\\/schema.org\",\"@graph\":[{\"@type\":\"Article\",\"@id\":\"https:\\\/\\\/zonacaral.gob.pe\\\/es\\\/noticias\\\/dia-de-los-monumentos-y-sitios-conservamos-y-protegemos-los-centros-urbanos-de-la-civilizacion-caral\\\/#article\",\"isPartOf\":{\"@id\":\"https:\\\/\\\/zonacaral.gob.pe\\\/es\\\/noticias\\\/dia-de-los-monumentos-y-sitios-conservamos-y-protegemos-los-centros-urbanos-de-la-civilizacion-caral\\\/\"},\"author\":{\"name\":\"Zona Caral Administrador\",\"@id\":\"https:\\\/\\\/zonacaral.gob.pe\\\/es\\\/#\\\/schema\\\/person\\\/beddb4d22f71a7230c5b90913270a0ee\"},\"headline\":\"D\u00eda de los Monumentos y Sitios: conservamos y protegemos los centros urbanos de la civilizaci\u00f3n Caral\",\"datePublished\":\"2025-04-17T01:40:42+00:00\",\"mainEntityOfPage\":{\"@id\":\"https:\\\/\\\/zonacaral.gob.pe\\\/es\\\/noticias\\\/dia-de-los-monumentos-y-sitios-conservamos-y-protegemos-los-centros-urbanos-de-la-civilizacion-caral\\\/\"},\"wordCount\":592,\"image\":{\"@id\":\"https:\\\/\\\/zonacaral.gob.pe\\\/es\\\/noticias\\\/dia-de-los-monumentos-y-sitios-conservamos-y-protegemos-los-centros-urbanos-de-la-civilizacion-caral\\\/#primaryimage\"},\"thumbnailUrl\":\"https:\\\/\\\/zonacaral.gob.pe\\\/wp-content\\\/uploads\\\/2025\\\/04\\\/Dia-de-los-Monumentos-y-Sitios.png\",\"keywords\":[\"caral\",\"Cultura\"],\"articleSection\":[\"noticias\"],\"inLanguage\":\"es-PE\"},{\"@type\":\"WebPage\",\"@id\":\"https:\\\/\\\/zonacaral.gob.pe\\\/es\\\/noticias\\\/dia-de-los-monumentos-y-sitios-conservamos-y-protegemos-los-centros-urbanos-de-la-civilizacion-caral\\\/\",\"url\":\"https:\\\/\\\/zonacaral.gob.pe\\\/es\\\/noticias\\\/dia-de-los-monumentos-y-sitios-conservamos-y-protegemos-los-centros-urbanos-de-la-civilizacion-caral\\\/\",\"name\":\"D\u00eda de los Monumentos y Sitios: conservamos y protegemos los centros urbanos de la civilizaci\u00f3n Caral\",\"isPartOf\":{\"@id\":\"https:\\\/\\\/zonacaral.gob.pe\\\/es\\\/#website\"},\"primaryImageOfPage\":{\"@id\":\"https:\\\/\\\/zonacaral.gob.pe\\\/es\\\/noticias\\\/dia-de-los-monumentos-y-sitios-conservamos-y-protegemos-los-centros-urbanos-de-la-civilizacion-caral\\\/#primaryimage\"},\"image\":{\"@id\":\"https:\\\/\\\/zonacaral.gob.pe\\\/es\\\/noticias\\\/dia-de-los-monumentos-y-sitios-conservamos-y-protegemos-los-centros-urbanos-de-la-civilizacion-caral\\\/#primaryimage\"},\"thumbnailUrl\":\"https:\\\/\\\/zonacaral.gob.pe\\\/wp-content\\\/uploads\\\/2025\\\/04\\\/Dia-de-los-Monumentos-y-Sitios.png\",\"datePublished\":\"2025-04-17T01:40:42+00:00\",\"author\":{\"@id\":\"https:\\\/\\\/zonacaral.gob.pe\\\/es\\\/#\\\/schema\\\/person\\\/beddb4d22f71a7230c5b90913270a0ee\"},\"description\":\"En el D\u00eda Internacional de los Monumentos y Sitios (DIMS), recordemos la importancia de la conservaci\u00f3n y protecci\u00f3n de los sitios arqueol\u00f3gicos del Per\u00fa; en especial, las antiguas ciudades que conforman la Civilizaci\u00f3n Caral, en los cuales investiga, desde 1994, la Zona Arqueol\u00f3gica Caral, Unidad Ejecutora 003 del Ministerio de Cultura, bajo la direcci\u00f3n de la doctora Ruth Shady Sol\u00eds.\",\"breadcrumb\":{\"@id\":\"https:\\\/\\\/zonacaral.gob.pe\\\/es\\\/noticias\\\/dia-de-los-monumentos-y-sitios-conservamos-y-protegemos-los-centros-urbanos-de-la-civilizacion-caral\\\/#breadcrumb\"},\"inLanguage\":\"es-PE\",\"potentialAction\":[{\"@type\":\"ReadAction\",\"target\":[\"https:\\\/\\\/zonacaral.gob.pe\\\/es\\\/noticias\\\/dia-de-los-monumentos-y-sitios-conservamos-y-protegemos-los-centros-urbanos-de-la-civilizacion-caral\\\/\"]}]},{\"@type\":\"ImageObject\",\"inLanguage\":\"es-PE\",\"@id\":\"https:\\\/\\\/zonacaral.gob.pe\\\/es\\\/noticias\\\/dia-de-los-monumentos-y-sitios-conservamos-y-protegemos-los-centros-urbanos-de-la-civilizacion-caral\\\/#primaryimage\",\"url\":\"https:\\\/\\\/zonacaral.gob.pe\\\/wp-content\\\/uploads\\\/2025\\\/04\\\/Dia-de-los-Monumentos-y-Sitios.png\",\"contentUrl\":\"https:\\\/\\\/zonacaral.gob.pe\\\/wp-content\\\/uploads\\\/2025\\\/04\\\/Dia-de-los-Monumentos-y-Sitios.png\",\"width\":1200,\"height\":675},{\"@type\":\"BreadcrumbList\",\"@id\":\"https:\\\/\\\/zonacaral.gob.pe\\\/es\\\/noticias\\\/dia-de-los-monumentos-y-sitios-conservamos-y-protegemos-los-centros-urbanos-de-la-civilizacion-caral\\\/#breadcrumb\",\"itemListElement\":[{\"@type\":\"ListItem\",\"position\":1,\"name\":\"Portada\",\"item\":\"https:\\\/\\\/zonacaral.gob.pe\\\/\"},{\"@type\":\"ListItem\",\"position\":2,\"name\":\"D\u00eda de los Monumentos y Sitios: conservamos y protegemos los centros urbanos de la civilizaci\u00f3n Caral\"}]},{\"@type\":\"WebSite\",\"@id\":\"https:\\\/\\\/zonacaral.gob.pe\\\/es\\\/#website\",\"url\":\"https:\\\/\\\/zonacaral.gob.pe\\\/es\\\/\",\"name\":\"Zona Caral\",\"description\":\"Investigamos, conservamos y difundimos el patrimonio cultural de la Civilizaci\u00f3n Caral, la m\u00e1s antigua de Am\u00e9rica.\",\"potentialAction\":[{\"@type\":\"SearchAction\",\"target\":{\"@type\":\"EntryPoint\",\"urlTemplate\":\"https:\\\/\\\/zonacaral.gob.pe\\\/es\\\/?s={search_term_string}\"},\"query-input\":{\"@type\":\"PropertyValueSpecification\",\"valueRequired\":true,\"valueName\":\"search_term_string\"}}],\"inLanguage\":\"es-PE\"},{\"@type\":\"Person\",\"@id\":\"https:\\\/\\\/zonacaral.gob.pe\\\/es\\\/#\\\/schema\\\/person\\\/beddb4d22f71a7230c5b90913270a0ee\",\"name\":\"Zona Caral Administrador\",\"image\":{\"@type\":\"ImageObject\",\"inLanguage\":\"es-PE\",\"@id\":\"https:\\\/\\\/secure.gravatar.com\\\/avatar\\\/e4be162918a696358376de6446614e0f0f4062bdc5d170d6d540ada3d8b58c12?s=96&d=mm&r=g\",\"url\":\"https:\\\/\\\/secure.gravatar.com\\\/avatar\\\/e4be162918a696358376de6446614e0f0f4062bdc5d170d6d540ada3d8b58c12?s=96&d=mm&r=g\",\"contentUrl\":\"https:\\\/\\\/secure.gravatar.com\\\/avatar\\\/e4be162918a696358376de6446614e0f0f4062bdc5d170d6d540ada3d8b58c12?s=96&d=mm&r=g\",\"caption\":\"Zona Caral Administrador\"},\"sameAs\":[\"https:\\\/\\\/zonacaral.gob.pe\"],\"url\":\"https:\\\/\\\/zonacaral.gob.pe\\\/es\\\/noticias\\\/author\\\/ad_zonacaral\\\/\"}]}<\/script>\n<!-- \/ Yoast SEO plugin. -->","yoast_head_json":{"title":"D\u00eda de los Monumentos y Sitios: conservamos y protegemos los centros urbanos de la civilizaci\u00f3n Caral","description":"En el D\u00eda Internacional de los Monumentos y Sitios (DIMS), recordemos la importancia de la conservaci\u00f3n y protecci\u00f3n de los sitios arqueol\u00f3gicos del Per\u00fa; en especial, las antiguas ciudades que conforman la Civilizaci\u00f3n Caral, en los cuales investiga, desde 1994, la Zona Arqueol\u00f3gica Caral, Unidad Ejecutora 003 del Ministerio de Cultura, bajo la direcci\u00f3n de la doctora Ruth Shady Sol\u00eds.","robots":{"index":"index","follow":"follow","max-snippet":"max-snippet:-1","max-image-preview":"max-image-preview:large","max-video-preview":"max-video-preview:-1"},"canonical":"https:\/\/zonacaral.gob.pe\/es\/noticias\/dia-de-los-monumentos-y-sitios-conservamos-y-protegemos-los-centros-urbanos-de-la-civilizacion-caral\/","og_locale":"es_ES","og_type":"article","og_title":"D\u00eda de los Monumentos y Sitios: conservamos y protegemos los centros urbanos de la civilizaci\u00f3n Caral","og_description":"En el D\u00eda Internacional de los Monumentos y Sitios (DIMS), recordemos la importancia de la conservaci\u00f3n y protecci\u00f3n de los sitios arqueol\u00f3gicos del Per\u00fa; en especial, las antiguas ciudades que conforman la Civilizaci\u00f3n Caral, en los cuales investiga, desde 1994, la Zona Arqueol\u00f3gica Caral, Unidad Ejecutora 003 del Ministerio de Cultura, bajo la direcci\u00f3n de la doctora Ruth Shady Sol\u00eds.","og_url":"https:\/\/zonacaral.gob.pe\/es\/noticias\/dia-de-los-monumentos-y-sitios-conservamos-y-protegemos-los-centros-urbanos-de-la-civilizacion-caral\/","og_site_name":"Zona Caral","article_published_time":"2025-04-17T01:40:42+00:00","og_image":[{"width":1200,"height":675,"url":"https:\/\/zonacaral.gob.pe\/wp-content\/uploads\/2025\/04\/Dia-de-los-Monumentos-y-Sitios.png","type":"image\/png"}],"author":"Zona Caral Administrador","twitter_card":"summary_large_image","twitter_misc":{"Written by":"Zona Caral Administrador","Est. reading time":"3 minutos"},"schema":{"@context":"https:\/\/schema.org","@graph":[{"@type":"Article","@id":"https:\/\/zonacaral.gob.pe\/es\/noticias\/dia-de-los-monumentos-y-sitios-conservamos-y-protegemos-los-centros-urbanos-de-la-civilizacion-caral\/#article","isPartOf":{"@id":"https:\/\/zonacaral.gob.pe\/es\/noticias\/dia-de-los-monumentos-y-sitios-conservamos-y-protegemos-los-centros-urbanos-de-la-civilizacion-caral\/"},"author":{"name":"Zona Caral Administrador","@id":"https:\/\/zonacaral.gob.pe\/es\/#\/schema\/person\/beddb4d22f71a7230c5b90913270a0ee"},"headline":"D\u00eda de los Monumentos y Sitios: conservamos y protegemos los centros urbanos de la civilizaci\u00f3n Caral","datePublished":"2025-04-17T01:40:42+00:00","mainEntityOfPage":{"@id":"https:\/\/zonacaral.gob.pe\/es\/noticias\/dia-de-los-monumentos-y-sitios-conservamos-y-protegemos-los-centros-urbanos-de-la-civilizacion-caral\/"},"wordCount":592,"image":{"@id":"https:\/\/zonacaral.gob.pe\/es\/noticias\/dia-de-los-monumentos-y-sitios-conservamos-y-protegemos-los-centros-urbanos-de-la-civilizacion-caral\/#primaryimage"},"thumbnailUrl":"https:\/\/zonacaral.gob.pe\/wp-content\/uploads\/2025\/04\/Dia-de-los-Monumentos-y-Sitios.png","keywords":["caral","Cultura"],"articleSection":["noticias"],"inLanguage":"es-PE"},{"@type":"WebPage","@id":"https:\/\/zonacaral.gob.pe\/es\/noticias\/dia-de-los-monumentos-y-sitios-conservamos-y-protegemos-los-centros-urbanos-de-la-civilizacion-caral\/","url":"https:\/\/zonacaral.gob.pe\/es\/noticias\/dia-de-los-monumentos-y-sitios-conservamos-y-protegemos-los-centros-urbanos-de-la-civilizacion-caral\/","name":"D\u00eda de los Monumentos y Sitios: conservamos y protegemos los centros urbanos de la civilizaci\u00f3n Caral","isPartOf":{"@id":"https:\/\/zonacaral.gob.pe\/es\/#website"},"primaryImageOfPage":{"@id":"https:\/\/zonacaral.gob.pe\/es\/noticias\/dia-de-los-monumentos-y-sitios-conservamos-y-protegemos-los-centros-urbanos-de-la-civilizacion-caral\/#primaryimage"},"image":{"@id":"https:\/\/zonacaral.gob.pe\/es\/noticias\/dia-de-los-monumentos-y-sitios-conservamos-y-protegemos-los-centros-urbanos-de-la-civilizacion-caral\/#primaryimage"},"thumbnailUrl":"https:\/\/zonacaral.gob.pe\/wp-content\/uploads\/2025\/04\/Dia-de-los-Monumentos-y-Sitios.png","datePublished":"2025-04-17T01:40:42+00:00","author":{"@id":"https:\/\/zonacaral.gob.pe\/es\/#\/schema\/person\/beddb4d22f71a7230c5b90913270a0ee"},"description":"En el D\u00eda Internacional de los Monumentos y Sitios (DIMS), recordemos la importancia de la conservaci\u00f3n y protecci\u00f3n de los sitios arqueol\u00f3gicos del Per\u00fa; en especial, las antiguas ciudades que conforman la Civilizaci\u00f3n Caral, en los cuales investiga, desde 1994, la Zona Arqueol\u00f3gica Caral, Unidad Ejecutora 003 del Ministerio de Cultura, bajo la direcci\u00f3n de la doctora Ruth Shady Sol\u00eds.","breadcrumb":{"@id":"https:\/\/zonacaral.gob.pe\/es\/noticias\/dia-de-los-monumentos-y-sitios-conservamos-y-protegemos-los-centros-urbanos-de-la-civilizacion-caral\/#breadcrumb"},"inLanguage":"es-PE","potentialAction":[{"@type":"ReadAction","target":["https:\/\/zonacaral.gob.pe\/es\/noticias\/dia-de-los-monumentos-y-sitios-conservamos-y-protegemos-los-centros-urbanos-de-la-civilizacion-caral\/"]}]},{"@type":"ImageObject","inLanguage":"es-PE","@id":"https:\/\/zonacaral.gob.pe\/es\/noticias\/dia-de-los-monumentos-y-sitios-conservamos-y-protegemos-los-centros-urbanos-de-la-civilizacion-caral\/#primaryimage","url":"https:\/\/zonacaral.gob.pe\/wp-content\/uploads\/2025\/04\/Dia-de-los-Monumentos-y-Sitios.png","contentUrl":"https:\/\/zonacaral.gob.pe\/wp-content\/uploads\/2025\/04\/Dia-de-los-Monumentos-y-Sitios.png","width":1200,"height":675},{"@type":"BreadcrumbList","@id":"https:\/\/zonacaral.gob.pe\/es\/noticias\/dia-de-los-monumentos-y-sitios-conservamos-y-protegemos-los-centros-urbanos-de-la-civilizacion-caral\/#breadcrumb","itemListElement":[{"@type":"ListItem","position":1,"name":"Portada","item":"https:\/\/zonacaral.gob.pe\/"},{"@type":"ListItem","position":2,"name":"D\u00eda de los Monumentos y Sitios: conservamos y protegemos los centros urbanos de la civilizaci\u00f3n Caral"}]},{"@type":"WebSite","@id":"https:\/\/zonacaral.gob.pe\/es\/#website","url":"https:\/\/zonacaral.gob.pe\/es\/","name":"Zona Caral","description":"Investigamos, conservamos y difundimos el patrimonio cultural de la Civilizaci\u00f3n Caral, la m\u00e1s antigua de Am\u00e9rica.","potentialAction":[{"@type":"SearchAction","target":{"@type":"EntryPoint","urlTemplate":"https:\/\/zonacaral.gob.pe\/es\/?s={search_term_string}"},"query-input":{"@type":"PropertyValueSpecification","valueRequired":true,"valueName":"search_term_string"}}],"inLanguage":"es-PE"},{"@type":"Person","@id":"https:\/\/zonacaral.gob.pe\/es\/#\/schema\/person\/beddb4d22f71a7230c5b90913270a0ee","name":"Zona Caral Administrador","image":{"@type":"ImageObject","inLanguage":"es-PE","@id":"https:\/\/secure.gravatar.com\/avatar\/e4be162918a696358376de6446614e0f0f4062bdc5d170d6d540ada3d8b58c12?s=96&d=mm&r=g","url":"https:\/\/secure.gravatar.com\/avatar\/e4be162918a696358376de6446614e0f0f4062bdc5d170d6d540ada3d8b58c12?s=96&d=mm&r=g","contentUrl":"https:\/\/secure.gravatar.com\/avatar\/e4be162918a696358376de6446614e0f0f4062bdc5d170d6d540ada3d8b58c12?s=96&d=mm&r=g","caption":"Zona Caral Administrador"},"sameAs":["https:\/\/zonacaral.gob.pe"],"url":"https:\/\/zonacaral.gob.pe\/es\/noticias\/author\/ad_zonacaral\/"}]}},"_links":{"self":[{"href":"https:\/\/zonacaral.gob.pe\/es\/wp-json\/wp\/v2\/posts\/18280","targetHints":{"allow":["GET"]}}],"collection":[{"href":"https:\/\/zonacaral.gob.pe\/es\/wp-json\/wp\/v2\/posts"}],"about":[{"href":"https:\/\/zonacaral.gob.pe\/es\/wp-json\/wp\/v2\/types\/post"}],"author":[{"embeddable":true,"href":"https:\/\/zonacaral.gob.pe\/es\/wp-json\/wp\/v2\/users\/1"}],"replies":[{"embeddable":true,"href":"https:\/\/zonacaral.gob.pe\/es\/wp-json\/wp\/v2\/comments?post=18280"}],"version-history":[{"count":0,"href":"https:\/\/zonacaral.gob.pe\/es\/wp-json\/wp\/v2\/posts\/18280\/revisions"}],"wp:featuredmedia":[{"embeddable":true,"href":"https:\/\/zonacaral.gob.pe\/es\/wp-json\/wp\/v2\/media\/18281"}],"wp:attachment":[{"href":"https:\/\/zonacaral.gob.pe\/es\/wp-json\/wp\/v2\/media?parent=18280"}],"wp:term":[{"taxonomy":"category","embeddable":true,"href":"https:\/\/zonacaral.gob.pe\/es\/wp-json\/wp\/v2\/categories?post=18280"},{"taxonomy":"post_tag","embeddable":true,"href":"https:\/\/zonacaral.gob.pe\/es\/wp-json\/wp\/v2\/tags?post=18280"}],"curies":[{"name":"wp","href":"https:\/\/api.w.org\/{rel}","templated":true}]}}