{"id":18293,"date":"2025-04-22T10:30:21","date_gmt":"2025-04-22T15:30:21","guid":{"rendered":"https:\/\/www.zonacaral.gob.pe\/?p=18293"},"modified":"2025-04-22T10:30:21","modified_gmt":"2025-04-22T15:30:21","slug":"ruth-shady-transmitimos-a-la-sociedad-la-informacion-que-recuperamos-para-generar-reflexiones","status":"publish","type":"post","link":"https:\/\/zonacaral.gob.pe\/es\/noticias\/ruth-shady-transmitimos-a-la-sociedad-la-informacion-que-recuperamos-para-generar-reflexiones\/","title":{"rendered":"Ruth Shady: Transmitimos a la sociedad la informaci\u00f3n que recuperamos para generar reflexiones"},"content":{"rendered":"<figure class=\"pic-autor\" style=\"color: #4d4d4d; text-align: justify;\"><\/figure>\n<div class=\"gmail_default\" style=\"text-align: justify;\">\n<blockquote>\n<p><em><span style=\"font-weight: 400;\">Y, adem\u00e1s, dej\u00f3 mensajes de reflexi\u00f3n.<\/span><\/em><\/p>\n<\/blockquote>\n<p><span style=\"font-weight: 400;\">La doctora Ruth Shady Sol\u00eds, directora de la <\/span><a href=\"https:\/\/www.instagram.com\/caralperu\/?hl=es\"><span style=\"font-weight: 400;\">Zona Arqueol\u00f3gica Caral<\/span><\/a><span style=\"font-weight: 400;\">, Unidad Ejecutora 003 del Ministerio de Cultura, particip\u00f3 del ciclo de conferencias organizado por la Sociedad Geogr\u00e1fica de Lima, con una ponencia especial titulada \u201cEl manejo del agua y la realidad geogr\u00e1fica y sociocultural del Per\u00fa\u201d.<\/span><\/p>\n<p><span style=\"font-weight: 400;\">En esta actividad virtual, la arque\u00f3loga exhort\u00f3 a los especialistas a que difundan el resultado de sus investigaciones, \u201cpara que no solo se quede en el mundo acad\u00e9mico, sino se transmita a la sociedad para generar reflexiones\u201d.<\/span><\/p>\n<p><span style=\"font-weight: 400;\">Asimismo, explic\u00f3 c\u00f3mo hace cinco mil a\u00f1os, los habitantes de la sociedad de la Civilizaci\u00f3n Caral, administraron el recurso h\u00eddrico y emplearon tecnolog\u00edas adecuadas para el cultivo y riego de sus campos. Detall\u00f3 que la sociedad caralina estuvo centralizada en el manejo de la cuenca.<\/span><\/p>\n<p><span style=\"font-weight: 400;\">Sostuvo que desde la \u00e9poca de Caral, hasta la inca, las tecnolog\u00edas para el manejo del agua fueron diferentes, de acuerdo a la zona geogr\u00e1fica, \u201cadecuaron el territorio para aprovechar el agua que ten\u00edan\u201d.<\/span><\/p>\n<p><span style=\"font-weight: 400;\">La doctora Ruth Shady, indic\u00f3 que el manejo por cuencas fue esencial hace miles de a\u00f1os para que haya una adecuada administraci\u00f3n de los territorios; sin embargo, no se aplica en la actualidad. \u201cAhora, las cuencas que atraviesan varios distritos, no son bien administradas por las diferentes autoridades, y se pierde el agua\u201d, dijo.<\/span><\/p>\n<p><span style=\"font-weight: 400;\">\u201cEl recurso h\u00eddrico, como la tierra fueron seres vivos, por eso respetaron mucho al agua, al valle, a los cerros y a la naturaleza\u201d, agreg\u00f3.<\/span><\/p>\n<p><span style=\"font-weight: 400;\">Finalmente, dej\u00f3 un mensaje de reflexi\u00f3n: \u201cNayra Kunan Pacha: la sociedad del presente debe recurrir a la historia para lograr un manejo m\u00e1s equilibrado del pa\u00eds, en relaci\u00f3n con su realidad geogr\u00e1fica y sociocultural\u201d.<\/span><\/p>\n<p><span style=\"font-weight: 400;\">Mira el evento completo aqu\u00ed:<\/span><a href=\"https:\/\/www.facebook.com\/watch\/live\/?ref=watch_permalink&amp;v=969243478749584&amp;rdid=1VjXWnKEKXeWUscp\"> <span style=\"font-weight: 400;\">Conferencia Sociedad Geogr\u00e1fica<\/span><\/a><span style=\"font-weight: 400;\">.<\/span><\/p>\n<p><strong style=\"font-size: inherit; text-align: justify;\">Fuente: Comunicaci\u00f3n e Imagen Institucional ZAC<\/strong><\/p>\n<\/div>\n<div style=\"color: #1f1f1f;\">\n<div style=\"color: #1f1f1f;\">\n<p style=\"text-align: justify;\">Fecha de publicaci\u00f3n: 17\/04\/2025<\/p>\n<\/div>\n<\/div>\n\n\n<p><\/p>\n","protected":false},"excerpt":{"rendered":"<p>Y, adem\u00e1s, dej\u00f3 mensajes de reflexi\u00f3n. La doctora Ruth Shady Sol\u00eds, directora de la Zona Arqueol\u00f3gica Caral, Unidad Ejecutora 003 [&hellip;]<\/p>\n","protected":false},"author":1,"featured_media":18294,"comment_status":"closed","ping_status":"open","sticky":false,"template":"","format":"standard","meta":{"_acf_changed":false,"site-sidebar-layout":"default","site-content-layout":"","ast-site-content-layout":"default","site-content-style":"default","site-sidebar-style":"default","ast-global-header-display":"","ast-banner-title-visibility":"","ast-main-header-display":"","ast-hfb-above-header-display":"","ast-hfb-below-header-display":"","ast-hfb-mobile-header-display":"","site-post-title":"","ast-breadcrumbs-content":"","ast-featured-img":"","footer-sml-layout":"","ast-disable-related-posts":"","theme-transparent-header-meta":"","adv-header-id-meta":"","stick-header-meta":"","header-above-stick-meta":"","header-main-stick-meta":"","header-below-stick-meta":"","astra-migrate-meta-layouts":"default","ast-page-background-enabled":"default","ast-page-background-meta":{"desktop":{"background-color":"var(--ast-global-color-5)","background-image":"","background-repeat":"repeat","background-position":"center center","background-size":"auto","background-attachment":"scroll","background-type":"","background-media":"","overlay-type":"","overlay-color":"","overlay-opacity":"","overlay-gradient":""},"tablet":{"background-color":"","background-image":"","background-repeat":"repeat","background-position":"center center","background-size":"auto","background-attachment":"scroll","background-type":"","background-media":"","overlay-type":"","overlay-color":"","overlay-opacity":"","overlay-gradient":""},"mobile":{"background-color":"","background-image":"","background-repeat":"repeat","background-position":"center center","background-size":"auto","background-attachment":"scroll","background-type":"","background-media":"","overlay-type":"","overlay-color":"","overlay-opacity":"","overlay-gradient":""}},"ast-content-background-meta":{"desktop":{"background-color":"var(--ast-global-color-4)","background-image":"","background-repeat":"repeat","background-position":"center center","background-size":"auto","background-attachment":"scroll","background-type":"","background-media":"","overlay-type":"","overlay-color":"","overlay-opacity":"","overlay-gradient":""},"tablet":{"background-color":"var(--ast-global-color-4)","background-image":"","background-repeat":"repeat","background-position":"center center","background-size":"auto","background-attachment":"scroll","background-type":"","background-media":"","overlay-type":"","overlay-color":"","overlay-opacity":"","overlay-gradient":""},"mobile":{"background-color":"var(--ast-global-color-4)","background-image":"","background-repeat":"repeat","background-position":"center center","background-size":"auto","background-attachment":"scroll","background-type":"","background-media":"","overlay-type":"","overlay-color":"","overlay-opacity":"","overlay-gradient":""}},"footnotes":""},"categories":[208],"tags":[55,72],"class_list":["post-18293","post","type-post","status-publish","format-standard","has-post-thumbnail","hentry","category-noticias","tag-caral","tag-cultura"],"acf":[],"yoast_head":"<!-- This site is optimized with the Yoast SEO plugin v27.3 - https:\/\/yoast.com\/product\/yoast-seo-wordpress\/ -->\n<title>Ruth Shady: Transmitimos a la sociedad la informaci\u00f3n que recuperamos para generar reflexiones<\/title>\n<meta name=\"description\" content=\"La doctora Ruth Shady Sol\u00eds, directora de la Zona Arqueol\u00f3gica Caral, Unidad Ejecutora 003 del Ministerio de Cultura, particip\u00f3 del ciclo de conferencias organizado por la Sociedad Geogr\u00e1fica de Lima, con una ponencia especial titulada \u201cEl manejo del agua y la realidad geogr\u00e1fica y sociocultural del Per\u00fa\u201d.\" \/>\n<meta name=\"robots\" content=\"index, follow, max-snippet:-1, max-image-preview:large, max-video-preview:-1\" \/>\n<link rel=\"canonical\" href=\"https:\/\/zonacaral.gob.pe\/es\/noticias\/ruth-shady-transmitimos-a-la-sociedad-la-informacion-que-recuperamos-para-generar-reflexiones\/\" \/>\n<meta property=\"og:locale\" content=\"es_ES\" \/>\n<meta property=\"og:type\" content=\"article\" \/>\n<meta property=\"og:title\" content=\"Ruth Shady: Transmitimos a la sociedad la informaci\u00f3n que recuperamos para generar reflexiones\" \/>\n<meta property=\"og:description\" content=\"La doctora Ruth Shady Sol\u00eds, directora de la Zona Arqueol\u00f3gica Caral, Unidad Ejecutora 003 del Ministerio de Cultura, particip\u00f3 del ciclo de conferencias organizado por la Sociedad Geogr\u00e1fica de Lima, con una ponencia especial titulada \u201cEl manejo del agua y la realidad geogr\u00e1fica y sociocultural del Per\u00fa\u201d.\" \/>\n<meta property=\"og:url\" content=\"https:\/\/zonacaral.gob.pe\/es\/noticias\/ruth-shady-transmitimos-a-la-sociedad-la-informacion-que-recuperamos-para-generar-reflexiones\/\" \/>\n<meta property=\"og:site_name\" content=\"Zona Caral\" \/>\n<meta property=\"article:published_time\" content=\"2025-04-22T15:30:21+00:00\" \/>\n<meta property=\"og:image\" content=\"https:\/\/zonacaral.gob.pe\/wp-content\/uploads\/2025\/04\/SGL.png\" \/>\n\t<meta property=\"og:image:width\" content=\"1078\" \/>\n\t<meta property=\"og:image:height\" content=\"808\" \/>\n\t<meta property=\"og:image:type\" content=\"image\/png\" \/>\n<meta name=\"author\" content=\"Zona Caral Administrador\" \/>\n<meta name=\"twitter:card\" content=\"summary_large_image\" \/>\n<meta name=\"twitter:label1\" content=\"Written by\" \/>\n\t<meta name=\"twitter:data1\" content=\"Zona Caral Administrador\" \/>\n\t<meta name=\"twitter:label2\" content=\"Est. reading time\" \/>\n\t<meta name=\"twitter:data2\" content=\"2 minutos\" \/>\n<script type=\"application\/ld+json\" class=\"yoast-schema-graph\">{\"@context\":\"https:\\\/\\\/schema.org\",\"@graph\":[{\"@type\":\"Article\",\"@id\":\"https:\\\/\\\/zonacaral.gob.pe\\\/es\\\/noticias\\\/ruth-shady-transmitimos-a-la-sociedad-la-informacion-que-recuperamos-para-generar-reflexiones\\\/#article\",\"isPartOf\":{\"@id\":\"https:\\\/\\\/zonacaral.gob.pe\\\/es\\\/noticias\\\/ruth-shady-transmitimos-a-la-sociedad-la-informacion-que-recuperamos-para-generar-reflexiones\\\/\"},\"author\":{\"name\":\"Zona Caral Administrador\",\"@id\":\"https:\\\/\\\/zonacaral.gob.pe\\\/es\\\/#\\\/schema\\\/person\\\/beddb4d22f71a7230c5b90913270a0ee\"},\"headline\":\"Ruth Shady: Transmitimos a la sociedad la informaci\u00f3n que recuperamos para generar reflexiones\",\"datePublished\":\"2025-04-22T15:30:21+00:00\",\"mainEntityOfPage\":{\"@id\":\"https:\\\/\\\/zonacaral.gob.pe\\\/es\\\/noticias\\\/ruth-shady-transmitimos-a-la-sociedad-la-informacion-que-recuperamos-para-generar-reflexiones\\\/\"},\"wordCount\":339,\"image\":{\"@id\":\"https:\\\/\\\/zonacaral.gob.pe\\\/es\\\/noticias\\\/ruth-shady-transmitimos-a-la-sociedad-la-informacion-que-recuperamos-para-generar-reflexiones\\\/#primaryimage\"},\"thumbnailUrl\":\"https:\\\/\\\/zonacaral.gob.pe\\\/wp-content\\\/uploads\\\/2025\\\/04\\\/SGL.png\",\"keywords\":[\"caral\",\"Cultura\"],\"articleSection\":[\"noticias\"],\"inLanguage\":\"es-PE\"},{\"@type\":\"WebPage\",\"@id\":\"https:\\\/\\\/zonacaral.gob.pe\\\/es\\\/noticias\\\/ruth-shady-transmitimos-a-la-sociedad-la-informacion-que-recuperamos-para-generar-reflexiones\\\/\",\"url\":\"https:\\\/\\\/zonacaral.gob.pe\\\/es\\\/noticias\\\/ruth-shady-transmitimos-a-la-sociedad-la-informacion-que-recuperamos-para-generar-reflexiones\\\/\",\"name\":\"Ruth Shady: Transmitimos a la sociedad la informaci\u00f3n que recuperamos para generar reflexiones\",\"isPartOf\":{\"@id\":\"https:\\\/\\\/zonacaral.gob.pe\\\/es\\\/#website\"},\"primaryImageOfPage\":{\"@id\":\"https:\\\/\\\/zonacaral.gob.pe\\\/es\\\/noticias\\\/ruth-shady-transmitimos-a-la-sociedad-la-informacion-que-recuperamos-para-generar-reflexiones\\\/#primaryimage\"},\"image\":{\"@id\":\"https:\\\/\\\/zonacaral.gob.pe\\\/es\\\/noticias\\\/ruth-shady-transmitimos-a-la-sociedad-la-informacion-que-recuperamos-para-generar-reflexiones\\\/#primaryimage\"},\"thumbnailUrl\":\"https:\\\/\\\/zonacaral.gob.pe\\\/wp-content\\\/uploads\\\/2025\\\/04\\\/SGL.png\",\"datePublished\":\"2025-04-22T15:30:21+00:00\",\"author\":{\"@id\":\"https:\\\/\\\/zonacaral.gob.pe\\\/es\\\/#\\\/schema\\\/person\\\/beddb4d22f71a7230c5b90913270a0ee\"},\"description\":\"La doctora Ruth Shady Sol\u00eds, directora de la Zona Arqueol\u00f3gica Caral, Unidad Ejecutora 003 del Ministerio de Cultura, particip\u00f3 del ciclo de conferencias organizado por la Sociedad Geogr\u00e1fica de Lima, con una ponencia especial titulada \u201cEl manejo del agua y la realidad geogr\u00e1fica y sociocultural del Per\u00fa\u201d.\",\"breadcrumb\":{\"@id\":\"https:\\\/\\\/zonacaral.gob.pe\\\/es\\\/noticias\\\/ruth-shady-transmitimos-a-la-sociedad-la-informacion-que-recuperamos-para-generar-reflexiones\\\/#breadcrumb\"},\"inLanguage\":\"es-PE\",\"potentialAction\":[{\"@type\":\"ReadAction\",\"target\":[\"https:\\\/\\\/zonacaral.gob.pe\\\/es\\\/noticias\\\/ruth-shady-transmitimos-a-la-sociedad-la-informacion-que-recuperamos-para-generar-reflexiones\\\/\"]}]},{\"@type\":\"ImageObject\",\"inLanguage\":\"es-PE\",\"@id\":\"https:\\\/\\\/zonacaral.gob.pe\\\/es\\\/noticias\\\/ruth-shady-transmitimos-a-la-sociedad-la-informacion-que-recuperamos-para-generar-reflexiones\\\/#primaryimage\",\"url\":\"https:\\\/\\\/zonacaral.gob.pe\\\/wp-content\\\/uploads\\\/2025\\\/04\\\/SGL.png\",\"contentUrl\":\"https:\\\/\\\/zonacaral.gob.pe\\\/wp-content\\\/uploads\\\/2025\\\/04\\\/SGL.png\",\"width\":1078,\"height\":808},{\"@type\":\"BreadcrumbList\",\"@id\":\"https:\\\/\\\/zonacaral.gob.pe\\\/es\\\/noticias\\\/ruth-shady-transmitimos-a-la-sociedad-la-informacion-que-recuperamos-para-generar-reflexiones\\\/#breadcrumb\",\"itemListElement\":[{\"@type\":\"ListItem\",\"position\":1,\"name\":\"Portada\",\"item\":\"https:\\\/\\\/zonacaral.gob.pe\\\/\"},{\"@type\":\"ListItem\",\"position\":2,\"name\":\"Ruth Shady: Transmitimos a la sociedad la informaci\u00f3n que recuperamos para generar reflexiones\"}]},{\"@type\":\"WebSite\",\"@id\":\"https:\\\/\\\/zonacaral.gob.pe\\\/es\\\/#website\",\"url\":\"https:\\\/\\\/zonacaral.gob.pe\\\/es\\\/\",\"name\":\"Zona Caral\",\"description\":\"Investigamos, conservamos y difundimos el patrimonio cultural de la Civilizaci\u00f3n Caral, la m\u00e1s antigua de Am\u00e9rica.\",\"potentialAction\":[{\"@type\":\"SearchAction\",\"target\":{\"@type\":\"EntryPoint\",\"urlTemplate\":\"https:\\\/\\\/zonacaral.gob.pe\\\/es\\\/?s={search_term_string}\"},\"query-input\":{\"@type\":\"PropertyValueSpecification\",\"valueRequired\":true,\"valueName\":\"search_term_string\"}}],\"inLanguage\":\"es-PE\"},{\"@type\":\"Person\",\"@id\":\"https:\\\/\\\/zonacaral.gob.pe\\\/es\\\/#\\\/schema\\\/person\\\/beddb4d22f71a7230c5b90913270a0ee\",\"name\":\"Zona Caral Administrador\",\"image\":{\"@type\":\"ImageObject\",\"inLanguage\":\"es-PE\",\"@id\":\"https:\\\/\\\/secure.gravatar.com\\\/avatar\\\/e4be162918a696358376de6446614e0f0f4062bdc5d170d6d540ada3d8b58c12?s=96&d=mm&r=g\",\"url\":\"https:\\\/\\\/secure.gravatar.com\\\/avatar\\\/e4be162918a696358376de6446614e0f0f4062bdc5d170d6d540ada3d8b58c12?s=96&d=mm&r=g\",\"contentUrl\":\"https:\\\/\\\/secure.gravatar.com\\\/avatar\\\/e4be162918a696358376de6446614e0f0f4062bdc5d170d6d540ada3d8b58c12?s=96&d=mm&r=g\",\"caption\":\"Zona Caral Administrador\"},\"sameAs\":[\"https:\\\/\\\/zonacaral.gob.pe\"],\"url\":\"https:\\\/\\\/zonacaral.gob.pe\\\/es\\\/noticias\\\/author\\\/ad_zonacaral\\\/\"}]}<\/script>\n<!-- \/ Yoast SEO plugin. -->","yoast_head_json":{"title":"Ruth Shady: Transmitimos a la sociedad la informaci\u00f3n que recuperamos para generar reflexiones","description":"La doctora Ruth Shady Sol\u00eds, directora de la Zona Arqueol\u00f3gica Caral, Unidad Ejecutora 003 del Ministerio de Cultura, particip\u00f3 del ciclo de conferencias organizado por la Sociedad Geogr\u00e1fica de Lima, con una ponencia especial titulada \u201cEl manejo del agua y la realidad geogr\u00e1fica y sociocultural del Per\u00fa\u201d.","robots":{"index":"index","follow":"follow","max-snippet":"max-snippet:-1","max-image-preview":"max-image-preview:large","max-video-preview":"max-video-preview:-1"},"canonical":"https:\/\/zonacaral.gob.pe\/es\/noticias\/ruth-shady-transmitimos-a-la-sociedad-la-informacion-que-recuperamos-para-generar-reflexiones\/","og_locale":"es_ES","og_type":"article","og_title":"Ruth Shady: Transmitimos a la sociedad la informaci\u00f3n que recuperamos para generar reflexiones","og_description":"La doctora Ruth Shady Sol\u00eds, directora de la Zona Arqueol\u00f3gica Caral, Unidad Ejecutora 003 del Ministerio de Cultura, particip\u00f3 del ciclo de conferencias organizado por la Sociedad Geogr\u00e1fica de Lima, con una ponencia especial titulada \u201cEl manejo del agua y la realidad geogr\u00e1fica y sociocultural del Per\u00fa\u201d.","og_url":"https:\/\/zonacaral.gob.pe\/es\/noticias\/ruth-shady-transmitimos-a-la-sociedad-la-informacion-que-recuperamos-para-generar-reflexiones\/","og_site_name":"Zona Caral","article_published_time":"2025-04-22T15:30:21+00:00","og_image":[{"width":1078,"height":808,"url":"https:\/\/zonacaral.gob.pe\/wp-content\/uploads\/2025\/04\/SGL.png","type":"image\/png"}],"author":"Zona Caral Administrador","twitter_card":"summary_large_image","twitter_misc":{"Written by":"Zona Caral Administrador","Est. reading time":"2 minutos"},"schema":{"@context":"https:\/\/schema.org","@graph":[{"@type":"Article","@id":"https:\/\/zonacaral.gob.pe\/es\/noticias\/ruth-shady-transmitimos-a-la-sociedad-la-informacion-que-recuperamos-para-generar-reflexiones\/#article","isPartOf":{"@id":"https:\/\/zonacaral.gob.pe\/es\/noticias\/ruth-shady-transmitimos-a-la-sociedad-la-informacion-que-recuperamos-para-generar-reflexiones\/"},"author":{"name":"Zona Caral Administrador","@id":"https:\/\/zonacaral.gob.pe\/es\/#\/schema\/person\/beddb4d22f71a7230c5b90913270a0ee"},"headline":"Ruth Shady: Transmitimos a la sociedad la informaci\u00f3n que recuperamos para generar reflexiones","datePublished":"2025-04-22T15:30:21+00:00","mainEntityOfPage":{"@id":"https:\/\/zonacaral.gob.pe\/es\/noticias\/ruth-shady-transmitimos-a-la-sociedad-la-informacion-que-recuperamos-para-generar-reflexiones\/"},"wordCount":339,"image":{"@id":"https:\/\/zonacaral.gob.pe\/es\/noticias\/ruth-shady-transmitimos-a-la-sociedad-la-informacion-que-recuperamos-para-generar-reflexiones\/#primaryimage"},"thumbnailUrl":"https:\/\/zonacaral.gob.pe\/wp-content\/uploads\/2025\/04\/SGL.png","keywords":["caral","Cultura"],"articleSection":["noticias"],"inLanguage":"es-PE"},{"@type":"WebPage","@id":"https:\/\/zonacaral.gob.pe\/es\/noticias\/ruth-shady-transmitimos-a-la-sociedad-la-informacion-que-recuperamos-para-generar-reflexiones\/","url":"https:\/\/zonacaral.gob.pe\/es\/noticias\/ruth-shady-transmitimos-a-la-sociedad-la-informacion-que-recuperamos-para-generar-reflexiones\/","name":"Ruth Shady: Transmitimos a la sociedad la informaci\u00f3n que recuperamos para generar reflexiones","isPartOf":{"@id":"https:\/\/zonacaral.gob.pe\/es\/#website"},"primaryImageOfPage":{"@id":"https:\/\/zonacaral.gob.pe\/es\/noticias\/ruth-shady-transmitimos-a-la-sociedad-la-informacion-que-recuperamos-para-generar-reflexiones\/#primaryimage"},"image":{"@id":"https:\/\/zonacaral.gob.pe\/es\/noticias\/ruth-shady-transmitimos-a-la-sociedad-la-informacion-que-recuperamos-para-generar-reflexiones\/#primaryimage"},"thumbnailUrl":"https:\/\/zonacaral.gob.pe\/wp-content\/uploads\/2025\/04\/SGL.png","datePublished":"2025-04-22T15:30:21+00:00","author":{"@id":"https:\/\/zonacaral.gob.pe\/es\/#\/schema\/person\/beddb4d22f71a7230c5b90913270a0ee"},"description":"La doctora Ruth Shady Sol\u00eds, directora de la Zona Arqueol\u00f3gica Caral, Unidad Ejecutora 003 del Ministerio de Cultura, particip\u00f3 del ciclo de conferencias organizado por la Sociedad Geogr\u00e1fica de Lima, con una ponencia especial titulada \u201cEl manejo del agua y la realidad geogr\u00e1fica y sociocultural del Per\u00fa\u201d.","breadcrumb":{"@id":"https:\/\/zonacaral.gob.pe\/es\/noticias\/ruth-shady-transmitimos-a-la-sociedad-la-informacion-que-recuperamos-para-generar-reflexiones\/#breadcrumb"},"inLanguage":"es-PE","potentialAction":[{"@type":"ReadAction","target":["https:\/\/zonacaral.gob.pe\/es\/noticias\/ruth-shady-transmitimos-a-la-sociedad-la-informacion-que-recuperamos-para-generar-reflexiones\/"]}]},{"@type":"ImageObject","inLanguage":"es-PE","@id":"https:\/\/zonacaral.gob.pe\/es\/noticias\/ruth-shady-transmitimos-a-la-sociedad-la-informacion-que-recuperamos-para-generar-reflexiones\/#primaryimage","url":"https:\/\/zonacaral.gob.pe\/wp-content\/uploads\/2025\/04\/SGL.png","contentUrl":"https:\/\/zonacaral.gob.pe\/wp-content\/uploads\/2025\/04\/SGL.png","width":1078,"height":808},{"@type":"BreadcrumbList","@id":"https:\/\/zonacaral.gob.pe\/es\/noticias\/ruth-shady-transmitimos-a-la-sociedad-la-informacion-que-recuperamos-para-generar-reflexiones\/#breadcrumb","itemListElement":[{"@type":"ListItem","position":1,"name":"Portada","item":"https:\/\/zonacaral.gob.pe\/"},{"@type":"ListItem","position":2,"name":"Ruth Shady: Transmitimos a la sociedad la informaci\u00f3n que recuperamos para generar reflexiones"}]},{"@type":"WebSite","@id":"https:\/\/zonacaral.gob.pe\/es\/#website","url":"https:\/\/zonacaral.gob.pe\/es\/","name":"Zona Caral","description":"Investigamos, conservamos y difundimos el patrimonio cultural de la Civilizaci\u00f3n Caral, la m\u00e1s antigua de Am\u00e9rica.","potentialAction":[{"@type":"SearchAction","target":{"@type":"EntryPoint","urlTemplate":"https:\/\/zonacaral.gob.pe\/es\/?s={search_term_string}"},"query-input":{"@type":"PropertyValueSpecification","valueRequired":true,"valueName":"search_term_string"}}],"inLanguage":"es-PE"},{"@type":"Person","@id":"https:\/\/zonacaral.gob.pe\/es\/#\/schema\/person\/beddb4d22f71a7230c5b90913270a0ee","name":"Zona Caral Administrador","image":{"@type":"ImageObject","inLanguage":"es-PE","@id":"https:\/\/secure.gravatar.com\/avatar\/e4be162918a696358376de6446614e0f0f4062bdc5d170d6d540ada3d8b58c12?s=96&d=mm&r=g","url":"https:\/\/secure.gravatar.com\/avatar\/e4be162918a696358376de6446614e0f0f4062bdc5d170d6d540ada3d8b58c12?s=96&d=mm&r=g","contentUrl":"https:\/\/secure.gravatar.com\/avatar\/e4be162918a696358376de6446614e0f0f4062bdc5d170d6d540ada3d8b58c12?s=96&d=mm&r=g","caption":"Zona Caral Administrador"},"sameAs":["https:\/\/zonacaral.gob.pe"],"url":"https:\/\/zonacaral.gob.pe\/es\/noticias\/author\/ad_zonacaral\/"}]}},"_links":{"self":[{"href":"https:\/\/zonacaral.gob.pe\/es\/wp-json\/wp\/v2\/posts\/18293","targetHints":{"allow":["GET"]}}],"collection":[{"href":"https:\/\/zonacaral.gob.pe\/es\/wp-json\/wp\/v2\/posts"}],"about":[{"href":"https:\/\/zonacaral.gob.pe\/es\/wp-json\/wp\/v2\/types\/post"}],"author":[{"embeddable":true,"href":"https:\/\/zonacaral.gob.pe\/es\/wp-json\/wp\/v2\/users\/1"}],"replies":[{"embeddable":true,"href":"https:\/\/zonacaral.gob.pe\/es\/wp-json\/wp\/v2\/comments?post=18293"}],"version-history":[{"count":0,"href":"https:\/\/zonacaral.gob.pe\/es\/wp-json\/wp\/v2\/posts\/18293\/revisions"}],"wp:featuredmedia":[{"embeddable":true,"href":"https:\/\/zonacaral.gob.pe\/es\/wp-json\/wp\/v2\/media\/18294"}],"wp:attachment":[{"href":"https:\/\/zonacaral.gob.pe\/es\/wp-json\/wp\/v2\/media?parent=18293"}],"wp:term":[{"taxonomy":"category","embeddable":true,"href":"https:\/\/zonacaral.gob.pe\/es\/wp-json\/wp\/v2\/categories?post=18293"},{"taxonomy":"post_tag","embeddable":true,"href":"https:\/\/zonacaral.gob.pe\/es\/wp-json\/wp\/v2\/tags?post=18293"}],"curies":[{"name":"wp","href":"https:\/\/api.w.org\/{rel}","templated":true}]}}