{"id":18297,"date":"2025-04-25T20:41:00","date_gmt":"2025-04-26T01:41:00","guid":{"rendered":"https:\/\/www.zonacaral.gob.pe\/?p=18297"},"modified":"2025-04-25T20:41:00","modified_gmt":"2025-04-26T01:41:00","slug":"te-llevamos-al-aspero-raymi-2025-este-2-y-3-de-mayo","status":"publish","type":"post","link":"https:\/\/zonacaral.gob.pe\/es\/noticias\/te-llevamos-al-aspero-raymi-2025-este-2-y-3-de-mayo\/","title":{"rendered":"Te llevamos al \u00c1SPERO RAYMI 2025 este 2 y 3 de mayo"},"content":{"rendered":"<figure class=\"pic-autor\" style=\"color: #4d4d4d; text-align: justify;\"><\/figure>\n<div class=\"gmail_default\" style=\"text-align: justify;\">\n<blockquote>\n<p><span style=\"font-weight: 400;\">Celebremos juntos el 20\u00b0 aniversario de \u00c1spero, la ciudad pesquera de la Civilizaci\u00f3n Caral.<\/span><\/p>\n<\/blockquote>\n<p><span style=\"font-weight: 400;\">La <\/span><a href=\"https:\/\/www.instagram.com\/caralperu\/reels\/?hl=es\"><span style=\"font-weight: 400;\">Zona Arqueol\u00f3gica de Caral<\/span><\/a><span style=\"font-weight: 400;\"> (ZAC), Unidad Ejecutora 003 del Ministerio de Cultura, te invita a participar del festival andino <\/span><span style=\"font-weight: 400;\">\u00ab<\/span><span style=\"font-weight: 400;\">\u00c1spero Raymi<\/span><span style=\"font-weight: 400;\">\u00bb<\/span><span style=\"font-weight: 400;\"> 2025, que se realizar\u00e1 este viernes 2 y s\u00e1bado 3 de mayo, en el centro de recepci\u00f3n del sitio arqueol\u00f3gico \u00c1spero, ubicado en el distrito de Supe Puerto, provincia de Barranca, Regi\u00f3n Lima.<\/span><\/p>\n<p><span style=\"font-weight: 400;\">Como parte de esta celebraci\u00f3n, el programa de <\/span><a href=\"https:\/\/www.zonacaral.gob.pe\/ruta-caral\/viajes-culturales.html\"><span style=\"font-weight: 400;\">Viajes Culturales<\/span><\/a><span style=\"font-weight: 400;\"> de la ZAC organiza una experiencia \u00fanica de dos d\u00edas y una noche, para conmemorar los 20 a\u00f1os de investigaciones en \u00c1spero, sitio arqueol\u00f3gico donde se hallaron entierros de personajes nobles, como el de una mujer de la <\/span><a href=\"https:\/\/youtu.be\/uAJpjcgLits\"><span style=\"font-weight: 400;\">Civilizaci\u00f3n Caral<\/span><\/a><span style=\"font-weight: 400;\">, acompa\u00f1ada de objetos que evidencian relaciones interculturales de hace cinco mil a\u00f1os.<\/span><\/p>\n<p><span style=\"font-weight: 400;\">Para participar en este viaje, que te conectar\u00e1 con nuestro valioso patrimonio cultural y la naturaleza, inscr\u00edbete en el formulario:<\/span><a href=\"https:\/\/bit.ly\/ViajesCulturales2025?fbclid=IwZXh0bgNhZW0CMTAAYnJpZBEwcmV6eUkxbzE3NHIwZ0JNMgEeh0tNs9C8HcUAn8aOxQqZZKKpjMr75TKv7mgSborifJ9Gq0UQJ-km1Kks0hs_aem_VFgmO0usNEikn7AN6qx-mA\"> <b>VamosalAsperoRaymi2025<\/b><\/a><span style=\"font-weight: 400;\">. Para m\u00e1s informaci\u00f3n sobre el costo y otros detalles comunicarse al WhatsApp<\/span><a href=\"https:\/\/bit.ly\/955881340\"> <span style=\"font-weight: 400;\">955 881 340<\/span><\/a><span style=\"font-weight: 400;\">.<\/span><\/p>\n<p><b>Actividades <\/b><span style=\"font-weight: 400;\">\u00ab<\/span><b>\u00c1spero Raymi<\/b><span style=\"font-weight: 400;\">\u00bb<\/span><b> 2025<\/b><\/p>\n<p><span style=\"font-weight: 400;\">Las actividades iniciar\u00e1n el viernes, 2 de mayo, a las 5:00 p. m. en la Plaza de Armas de Supe Puerto, provincia de Barranca, donde se realizar\u00e1 un colorido pasacalle, titulado \u201cRevalorando nuestro pasado milenario\u201d, en el que se integrar\u00e1 la sociedad supana, orgullosa de su herencia cultural milenaria, y tambi\u00e9n demostrar\u00e1n su compromiso con la preservaci\u00f3n de su patrimonio arqueol\u00f3gico y entorno natural.<\/span><\/p>\n<p><span style=\"font-weight: 400;\">Luego, en la zona de recepci\u00f3n del sitio arqueol\u00f3gico, alrededor de la fogata, se realizar\u00e1 la ceremonia tradicional de pago a la Qochamama con la representaci\u00f3n del intercambio pesquero &#8211; agr\u00edcola e interregional en \u00c1spero, con la presencia de la representaci\u00f3n de la Dama de los Cuatro Tupus, mujer de la \u00e9lite de Caral.<\/span><\/p>\n<p><span style=\"font-weight: 400;\">La ceremonia est\u00e1 relacionada con la importancia del intercambio de recursos entre la poblaci\u00f3n de \u00c1spero, de la Ciudad Sagrada de Caral-Supe y de otras procedentes de la sierra y selva, a trav\u00e9s de v\u00edas terrestres, fluviales y mar\u00edtimas.<\/span><\/p>\n<p><span style=\"font-weight: 400;\">Y, al d\u00eda siguiente, s\u00e1bado 3, desde las 10:00 a. m., la ciudad pesquera \u00c1spero, ser\u00e1 el centro de todas las actividades que buscar\u00e1n fomentar la integraci\u00f3n social. Por ello, todos los visitantes podr\u00e1n ingresar de manera gratuita al sitio, apreciar el resultado de las investigaciones arqueol\u00f3gicas lideras por la doctora Ruth Shady Sol\u00eds.<\/span><\/p>\n<p><span style=\"font-weight: 400;\">Este d\u00eda tendremos la premiaci\u00f3n y realizaci\u00f3n de concursos escolares como el vuelo de cometas \u201cPintando los cielos\u201d, y conoceremos a los ganadores de los concursos de declamaci\u00f3n \u201cVarela y el mar: una historia interminable\u201d y de pintura \u201cNuestro patrimonio milenario a colores\u201d. Y, adem\u00e1s, los asistentes podr\u00e1n conocer los talleres que realiza la Zona Arqueol\u00f3gica Caral en el distrito de Supe Puerto y la provincia de Barranca.<\/span><\/p>\n<p><span style=\"font-weight: 400;\">Este d\u00eda, lleno de actividades, tambi\u00e9n se podr\u00e1 conocer la variada gastronom\u00eda del lugar, su producci\u00f3n agr\u00edcola y pesquera, en las expoferias \u00abProducci\u00f3n social actual\u00bb y \u00abXI Festival de la Anchoveta, Pescados y Mariscos\u00bb.<\/span><\/p>\n<p><span style=\"font-weight: 400;\">Y, si fuera poco, tambi\u00e9n se realizar\u00e1n presentaciones art\u00edsticas locales en el festival cultural <\/span><span style=\"font-weight: 400;\">\u00abRuna Raymi\u00bb, desde la 1:00 p. m. hasta las 3:00 p. m., en el centro de recepci\u00f3n del sitio arqueol\u00f3gico.<\/span><\/p>\n<p><span style=\"font-weight: 400;\">Todas las actividades estar\u00e1n presididas por la reconocida arque\u00f3loga Ruth Shady, directora de la Zona Arqueol\u00f3gica Caral, y principal investigadora de la Civilizaci\u00f3n Caral, la m\u00e1s antigua del mundo.<\/span><\/p>\n<p><strong>DATO<\/strong><\/p>\n<p><span style=\"font-weight: 400;\">Cabe resaltar que el \u00faltimo jueves, 24 de abril, presentamos el hallazgo del entierro de una mujer de la \u00e9lite de la Civilizaci\u00f3n Caral, con diversos objetos preciados que resaltan su vinculaci\u00f3n con sociedades de la costa, sierra y selva del pa\u00eds. El cuerpo fue encontrado en \u00c1spero, donde se hallaron, adem\u00e1s, otros contextos funerarios que nos revelan c\u00f3mo fue la sociedad que habit\u00f3 los centros urbanos de este foco civilizatorio, por lo que conocerla es fundamental para todos los peruanos. <\/span><\/p>\n<p><strong style=\"font-size: inherit; text-align: justify;\">Fuente: Comunicaci\u00f3n e Imagen Institucional ZAC<\/strong><\/p>\n<\/div>\n<div style=\"color: #1f1f1f;\">\n<div style=\"color: #1f1f1f;\">\n<p style=\"text-align: justify;\">Fecha de publicaci\u00f3n: 25\/04\/2025<\/p>\n<\/div>\n<\/div>\n\n\n<p><\/p>\n","protected":false},"excerpt":{"rendered":"<p>Celebremos juntos el 20\u00b0 aniversario de \u00c1spero, la ciudad pesquera de la Civilizaci\u00f3n Caral. La Zona Arqueol\u00f3gica de Caral (ZAC), [&hellip;]<\/p>\n","protected":false},"author":1,"featured_media":18307,"comment_status":"closed","ping_status":"open","sticky":false,"template":"","format":"standard","meta":{"_acf_changed":false,"site-sidebar-layout":"default","site-content-layout":"","ast-site-content-layout":"default","site-content-style":"default","site-sidebar-style":"default","ast-global-header-display":"","ast-banner-title-visibility":"","ast-main-header-display":"","ast-hfb-above-header-display":"","ast-hfb-below-header-display":"","ast-hfb-mobile-header-display":"","site-post-title":"","ast-breadcrumbs-content":"","ast-featured-img":"","footer-sml-layout":"","ast-disable-related-posts":"","theme-transparent-header-meta":"","adv-header-id-meta":"","stick-header-meta":"","header-above-stick-meta":"","header-main-stick-meta":"","header-below-stick-meta":"","astra-migrate-meta-layouts":"default","ast-page-background-enabled":"default","ast-page-background-meta":{"desktop":{"background-color":"var(--ast-global-color-5)","background-image":"","background-repeat":"repeat","background-position":"center center","background-size":"auto","background-attachment":"scroll","background-type":"","background-media":"","overlay-type":"","overlay-color":"","overlay-opacity":"","overlay-gradient":""},"tablet":{"background-color":"","background-image":"","background-repeat":"repeat","background-position":"center center","background-size":"auto","background-attachment":"scroll","background-type":"","background-media":"","overlay-type":"","overlay-color":"","overlay-opacity":"","overlay-gradient":""},"mobile":{"background-color":"","background-image":"","background-repeat":"repeat","background-position":"center center","background-size":"auto","background-attachment":"scroll","background-type":"","background-media":"","overlay-type":"","overlay-color":"","overlay-opacity":"","overlay-gradient":""}},"ast-content-background-meta":{"desktop":{"background-color":"var(--ast-global-color-4)","background-image":"","background-repeat":"repeat","background-position":"center center","background-size":"auto","background-attachment":"scroll","background-type":"","background-media":"","overlay-type":"","overlay-color":"","overlay-opacity":"","overlay-gradient":""},"tablet":{"background-color":"var(--ast-global-color-4)","background-image":"","background-repeat":"repeat","background-position":"center center","background-size":"auto","background-attachment":"scroll","background-type":"","background-media":"","overlay-type":"","overlay-color":"","overlay-opacity":"","overlay-gradient":""},"mobile":{"background-color":"var(--ast-global-color-4)","background-image":"","background-repeat":"repeat","background-position":"center center","background-size":"auto","background-attachment":"scroll","background-type":"","background-media":"","overlay-type":"","overlay-color":"","overlay-opacity":"","overlay-gradient":""}},"footnotes":""},"categories":[208],"tags":[55,72],"class_list":["post-18297","post","type-post","status-publish","format-standard","has-post-thumbnail","hentry","category-noticias","tag-caral","tag-cultura"],"acf":[],"yoast_head":"<!-- This site is optimized with the Yoast SEO plugin v27.3 - https:\/\/yoast.com\/product\/yoast-seo-wordpress\/ -->\n<title>Ruth Shady: Transmitimos a la sociedad la informaci\u00f3n que recuperamos para generar reflexiones<\/title>\n<meta name=\"description\" content=\"La doctora Ruth Shady Sol\u00eds, directora de la Zona Arqueol\u00f3gica Caral, Unidad Ejecutora 003 del Ministerio de Cultura, particip\u00f3 del ciclo de conferencias organizado por la Sociedad Geogr\u00e1fica de Lima, con una ponencia especial titulada \u201cEl manejo del agua y la realidad geogr\u00e1fica y sociocultural del Per\u00fa\u201d.\" \/>\n<meta name=\"robots\" content=\"index, follow, max-snippet:-1, max-image-preview:large, max-video-preview:-1\" \/>\n<link rel=\"canonical\" href=\"https:\/\/zonacaral.gob.pe\/es\/noticias\/te-llevamos-al-aspero-raymi-2025-este-2-y-3-de-mayo\/\" \/>\n<meta property=\"og:locale\" content=\"es_ES\" \/>\n<meta property=\"og:type\" content=\"article\" \/>\n<meta property=\"og:title\" content=\"Ruth Shady: Transmitimos a la sociedad la informaci\u00f3n que recuperamos para generar reflexiones\" \/>\n<meta property=\"og:description\" content=\"La doctora Ruth Shady Sol\u00eds, directora de la Zona Arqueol\u00f3gica Caral, Unidad Ejecutora 003 del Ministerio de Cultura, particip\u00f3 del ciclo de conferencias organizado por la Sociedad Geogr\u00e1fica de Lima, con una ponencia especial titulada \u201cEl manejo del agua y la realidad geogr\u00e1fica y sociocultural del Per\u00fa\u201d.\" \/>\n<meta property=\"og:url\" content=\"https:\/\/zonacaral.gob.pe\/es\/noticias\/te-llevamos-al-aspero-raymi-2025-este-2-y-3-de-mayo\/\" \/>\n<meta property=\"og:site_name\" content=\"Zona Caral\" \/>\n<meta property=\"article:published_time\" content=\"2025-04-26T01:41:00+00:00\" \/>\n<meta property=\"og:image\" content=\"https:\/\/zonacaral.gob.pe\/wp-content\/uploads\/2025\/04\/PASACALLE-.jpg\" \/>\n\t<meta property=\"og:image:width\" content=\"1766\" \/>\n\t<meta property=\"og:image:height\" content=\"1179\" \/>\n\t<meta property=\"og:image:type\" content=\"image\/jpeg\" \/>\n<meta name=\"author\" content=\"Zona Caral Administrador\" \/>\n<meta name=\"twitter:card\" content=\"summary_large_image\" \/>\n<meta name=\"twitter:label1\" content=\"Written by\" \/>\n\t<meta name=\"twitter:data1\" content=\"Zona Caral Administrador\" \/>\n\t<meta name=\"twitter:label2\" content=\"Est. reading time\" \/>\n\t<meta name=\"twitter:data2\" content=\"3 minutos\" \/>\n<script type=\"application\/ld+json\" class=\"yoast-schema-graph\">{\"@context\":\"https:\\\/\\\/schema.org\",\"@graph\":[{\"@type\":\"Article\",\"@id\":\"https:\\\/\\\/zonacaral.gob.pe\\\/es\\\/noticias\\\/te-llevamos-al-aspero-raymi-2025-este-2-y-3-de-mayo\\\/#article\",\"isPartOf\":{\"@id\":\"https:\\\/\\\/zonacaral.gob.pe\\\/es\\\/noticias\\\/te-llevamos-al-aspero-raymi-2025-este-2-y-3-de-mayo\\\/\"},\"author\":{\"name\":\"Zona Caral Administrador\",\"@id\":\"https:\\\/\\\/zonacaral.gob.pe\\\/es\\\/#\\\/schema\\\/person\\\/beddb4d22f71a7230c5b90913270a0ee\"},\"headline\":\"Te llevamos al \u00c1SPERO RAYMI 2025 este 2 y 3 de mayo\",\"datePublished\":\"2025-04-26T01:41:00+00:00\",\"mainEntityOfPage\":{\"@id\":\"https:\\\/\\\/zonacaral.gob.pe\\\/es\\\/noticias\\\/te-llevamos-al-aspero-raymi-2025-este-2-y-3-de-mayo\\\/\"},\"wordCount\":697,\"image\":{\"@id\":\"https:\\\/\\\/zonacaral.gob.pe\\\/es\\\/noticias\\\/te-llevamos-al-aspero-raymi-2025-este-2-y-3-de-mayo\\\/#primaryimage\"},\"thumbnailUrl\":\"https:\\\/\\\/zonacaral.gob.pe\\\/wp-content\\\/uploads\\\/2025\\\/04\\\/PASACALLE-.jpg\",\"keywords\":[\"caral\",\"Cultura\"],\"articleSection\":[\"noticias\"],\"inLanguage\":\"es-PE\"},{\"@type\":\"WebPage\",\"@id\":\"https:\\\/\\\/zonacaral.gob.pe\\\/es\\\/noticias\\\/te-llevamos-al-aspero-raymi-2025-este-2-y-3-de-mayo\\\/\",\"url\":\"https:\\\/\\\/zonacaral.gob.pe\\\/es\\\/noticias\\\/te-llevamos-al-aspero-raymi-2025-este-2-y-3-de-mayo\\\/\",\"name\":\"Ruth Shady: Transmitimos a la sociedad la informaci\u00f3n que recuperamos para generar reflexiones\",\"isPartOf\":{\"@id\":\"https:\\\/\\\/zonacaral.gob.pe\\\/es\\\/#website\"},\"primaryImageOfPage\":{\"@id\":\"https:\\\/\\\/zonacaral.gob.pe\\\/es\\\/noticias\\\/te-llevamos-al-aspero-raymi-2025-este-2-y-3-de-mayo\\\/#primaryimage\"},\"image\":{\"@id\":\"https:\\\/\\\/zonacaral.gob.pe\\\/es\\\/noticias\\\/te-llevamos-al-aspero-raymi-2025-este-2-y-3-de-mayo\\\/#primaryimage\"},\"thumbnailUrl\":\"https:\\\/\\\/zonacaral.gob.pe\\\/wp-content\\\/uploads\\\/2025\\\/04\\\/PASACALLE-.jpg\",\"datePublished\":\"2025-04-26T01:41:00+00:00\",\"author\":{\"@id\":\"https:\\\/\\\/zonacaral.gob.pe\\\/es\\\/#\\\/schema\\\/person\\\/beddb4d22f71a7230c5b90913270a0ee\"},\"description\":\"La doctora Ruth Shady Sol\u00eds, directora de la Zona Arqueol\u00f3gica Caral, Unidad Ejecutora 003 del Ministerio de Cultura, particip\u00f3 del ciclo de conferencias organizado por la Sociedad Geogr\u00e1fica de Lima, con una ponencia especial titulada \u201cEl manejo del agua y la realidad geogr\u00e1fica y sociocultural del Per\u00fa\u201d.\",\"breadcrumb\":{\"@id\":\"https:\\\/\\\/zonacaral.gob.pe\\\/es\\\/noticias\\\/te-llevamos-al-aspero-raymi-2025-este-2-y-3-de-mayo\\\/#breadcrumb\"},\"inLanguage\":\"es-PE\",\"potentialAction\":[{\"@type\":\"ReadAction\",\"target\":[\"https:\\\/\\\/zonacaral.gob.pe\\\/es\\\/noticias\\\/te-llevamos-al-aspero-raymi-2025-este-2-y-3-de-mayo\\\/\"]}]},{\"@type\":\"ImageObject\",\"inLanguage\":\"es-PE\",\"@id\":\"https:\\\/\\\/zonacaral.gob.pe\\\/es\\\/noticias\\\/te-llevamos-al-aspero-raymi-2025-este-2-y-3-de-mayo\\\/#primaryimage\",\"url\":\"https:\\\/\\\/zonacaral.gob.pe\\\/wp-content\\\/uploads\\\/2025\\\/04\\\/PASACALLE-.jpg\",\"contentUrl\":\"https:\\\/\\\/zonacaral.gob.pe\\\/wp-content\\\/uploads\\\/2025\\\/04\\\/PASACALLE-.jpg\",\"width\":1766,\"height\":1179},{\"@type\":\"BreadcrumbList\",\"@id\":\"https:\\\/\\\/zonacaral.gob.pe\\\/es\\\/noticias\\\/te-llevamos-al-aspero-raymi-2025-este-2-y-3-de-mayo\\\/#breadcrumb\",\"itemListElement\":[{\"@type\":\"ListItem\",\"position\":1,\"name\":\"Portada\",\"item\":\"https:\\\/\\\/zonacaral.gob.pe\\\/\"},{\"@type\":\"ListItem\",\"position\":2,\"name\":\"Te llevamos al \u00c1SPERO RAYMI 2025 este 2 y 3 de mayo\"}]},{\"@type\":\"WebSite\",\"@id\":\"https:\\\/\\\/zonacaral.gob.pe\\\/es\\\/#website\",\"url\":\"https:\\\/\\\/zonacaral.gob.pe\\\/es\\\/\",\"name\":\"Zona Caral\",\"description\":\"Investigamos, conservamos y difundimos el patrimonio cultural de la Civilizaci\u00f3n Caral, la m\u00e1s antigua de Am\u00e9rica.\",\"potentialAction\":[{\"@type\":\"SearchAction\",\"target\":{\"@type\":\"EntryPoint\",\"urlTemplate\":\"https:\\\/\\\/zonacaral.gob.pe\\\/es\\\/?s={search_term_string}\"},\"query-input\":{\"@type\":\"PropertyValueSpecification\",\"valueRequired\":true,\"valueName\":\"search_term_string\"}}],\"inLanguage\":\"es-PE\"},{\"@type\":\"Person\",\"@id\":\"https:\\\/\\\/zonacaral.gob.pe\\\/es\\\/#\\\/schema\\\/person\\\/beddb4d22f71a7230c5b90913270a0ee\",\"name\":\"Zona Caral Administrador\",\"image\":{\"@type\":\"ImageObject\",\"inLanguage\":\"es-PE\",\"@id\":\"https:\\\/\\\/secure.gravatar.com\\\/avatar\\\/e4be162918a696358376de6446614e0f0f4062bdc5d170d6d540ada3d8b58c12?s=96&d=mm&r=g\",\"url\":\"https:\\\/\\\/secure.gravatar.com\\\/avatar\\\/e4be162918a696358376de6446614e0f0f4062bdc5d170d6d540ada3d8b58c12?s=96&d=mm&r=g\",\"contentUrl\":\"https:\\\/\\\/secure.gravatar.com\\\/avatar\\\/e4be162918a696358376de6446614e0f0f4062bdc5d170d6d540ada3d8b58c12?s=96&d=mm&r=g\",\"caption\":\"Zona Caral Administrador\"},\"sameAs\":[\"https:\\\/\\\/zonacaral.gob.pe\"],\"url\":\"https:\\\/\\\/zonacaral.gob.pe\\\/es\\\/noticias\\\/author\\\/ad_zonacaral\\\/\"}]}<\/script>\n<!-- \/ Yoast SEO plugin. -->","yoast_head_json":{"title":"Ruth Shady: Transmitimos a la sociedad la informaci\u00f3n que recuperamos para generar reflexiones","description":"La doctora Ruth Shady Sol\u00eds, directora de la Zona Arqueol\u00f3gica Caral, Unidad Ejecutora 003 del Ministerio de Cultura, particip\u00f3 del ciclo de conferencias organizado por la Sociedad Geogr\u00e1fica de Lima, con una ponencia especial titulada \u201cEl manejo del agua y la realidad geogr\u00e1fica y sociocultural del Per\u00fa\u201d.","robots":{"index":"index","follow":"follow","max-snippet":"max-snippet:-1","max-image-preview":"max-image-preview:large","max-video-preview":"max-video-preview:-1"},"canonical":"https:\/\/zonacaral.gob.pe\/es\/noticias\/te-llevamos-al-aspero-raymi-2025-este-2-y-3-de-mayo\/","og_locale":"es_ES","og_type":"article","og_title":"Ruth Shady: Transmitimos a la sociedad la informaci\u00f3n que recuperamos para generar reflexiones","og_description":"La doctora Ruth Shady Sol\u00eds, directora de la Zona Arqueol\u00f3gica Caral, Unidad Ejecutora 003 del Ministerio de Cultura, particip\u00f3 del ciclo de conferencias organizado por la Sociedad Geogr\u00e1fica de Lima, con una ponencia especial titulada \u201cEl manejo del agua y la realidad geogr\u00e1fica y sociocultural del Per\u00fa\u201d.","og_url":"https:\/\/zonacaral.gob.pe\/es\/noticias\/te-llevamos-al-aspero-raymi-2025-este-2-y-3-de-mayo\/","og_site_name":"Zona Caral","article_published_time":"2025-04-26T01:41:00+00:00","og_image":[{"width":1766,"height":1179,"url":"https:\/\/zonacaral.gob.pe\/wp-content\/uploads\/2025\/04\/PASACALLE-.jpg","type":"image\/jpeg"}],"author":"Zona Caral Administrador","twitter_card":"summary_large_image","twitter_misc":{"Written by":"Zona Caral Administrador","Est. reading time":"3 minutos"},"schema":{"@context":"https:\/\/schema.org","@graph":[{"@type":"Article","@id":"https:\/\/zonacaral.gob.pe\/es\/noticias\/te-llevamos-al-aspero-raymi-2025-este-2-y-3-de-mayo\/#article","isPartOf":{"@id":"https:\/\/zonacaral.gob.pe\/es\/noticias\/te-llevamos-al-aspero-raymi-2025-este-2-y-3-de-mayo\/"},"author":{"name":"Zona Caral Administrador","@id":"https:\/\/zonacaral.gob.pe\/es\/#\/schema\/person\/beddb4d22f71a7230c5b90913270a0ee"},"headline":"Te llevamos al \u00c1SPERO RAYMI 2025 este 2 y 3 de mayo","datePublished":"2025-04-26T01:41:00+00:00","mainEntityOfPage":{"@id":"https:\/\/zonacaral.gob.pe\/es\/noticias\/te-llevamos-al-aspero-raymi-2025-este-2-y-3-de-mayo\/"},"wordCount":697,"image":{"@id":"https:\/\/zonacaral.gob.pe\/es\/noticias\/te-llevamos-al-aspero-raymi-2025-este-2-y-3-de-mayo\/#primaryimage"},"thumbnailUrl":"https:\/\/zonacaral.gob.pe\/wp-content\/uploads\/2025\/04\/PASACALLE-.jpg","keywords":["caral","Cultura"],"articleSection":["noticias"],"inLanguage":"es-PE"},{"@type":"WebPage","@id":"https:\/\/zonacaral.gob.pe\/es\/noticias\/te-llevamos-al-aspero-raymi-2025-este-2-y-3-de-mayo\/","url":"https:\/\/zonacaral.gob.pe\/es\/noticias\/te-llevamos-al-aspero-raymi-2025-este-2-y-3-de-mayo\/","name":"Ruth Shady: Transmitimos a la sociedad la informaci\u00f3n que recuperamos para generar reflexiones","isPartOf":{"@id":"https:\/\/zonacaral.gob.pe\/es\/#website"},"primaryImageOfPage":{"@id":"https:\/\/zonacaral.gob.pe\/es\/noticias\/te-llevamos-al-aspero-raymi-2025-este-2-y-3-de-mayo\/#primaryimage"},"image":{"@id":"https:\/\/zonacaral.gob.pe\/es\/noticias\/te-llevamos-al-aspero-raymi-2025-este-2-y-3-de-mayo\/#primaryimage"},"thumbnailUrl":"https:\/\/zonacaral.gob.pe\/wp-content\/uploads\/2025\/04\/PASACALLE-.jpg","datePublished":"2025-04-26T01:41:00+00:00","author":{"@id":"https:\/\/zonacaral.gob.pe\/es\/#\/schema\/person\/beddb4d22f71a7230c5b90913270a0ee"},"description":"La doctora Ruth Shady Sol\u00eds, directora de la Zona Arqueol\u00f3gica Caral, Unidad Ejecutora 003 del Ministerio de Cultura, particip\u00f3 del ciclo de conferencias organizado por la Sociedad Geogr\u00e1fica de Lima, con una ponencia especial titulada \u201cEl manejo del agua y la realidad geogr\u00e1fica y sociocultural del Per\u00fa\u201d.","breadcrumb":{"@id":"https:\/\/zonacaral.gob.pe\/es\/noticias\/te-llevamos-al-aspero-raymi-2025-este-2-y-3-de-mayo\/#breadcrumb"},"inLanguage":"es-PE","potentialAction":[{"@type":"ReadAction","target":["https:\/\/zonacaral.gob.pe\/es\/noticias\/te-llevamos-al-aspero-raymi-2025-este-2-y-3-de-mayo\/"]}]},{"@type":"ImageObject","inLanguage":"es-PE","@id":"https:\/\/zonacaral.gob.pe\/es\/noticias\/te-llevamos-al-aspero-raymi-2025-este-2-y-3-de-mayo\/#primaryimage","url":"https:\/\/zonacaral.gob.pe\/wp-content\/uploads\/2025\/04\/PASACALLE-.jpg","contentUrl":"https:\/\/zonacaral.gob.pe\/wp-content\/uploads\/2025\/04\/PASACALLE-.jpg","width":1766,"height":1179},{"@type":"BreadcrumbList","@id":"https:\/\/zonacaral.gob.pe\/es\/noticias\/te-llevamos-al-aspero-raymi-2025-este-2-y-3-de-mayo\/#breadcrumb","itemListElement":[{"@type":"ListItem","position":1,"name":"Portada","item":"https:\/\/zonacaral.gob.pe\/"},{"@type":"ListItem","position":2,"name":"Te llevamos al \u00c1SPERO RAYMI 2025 este 2 y 3 de mayo"}]},{"@type":"WebSite","@id":"https:\/\/zonacaral.gob.pe\/es\/#website","url":"https:\/\/zonacaral.gob.pe\/es\/","name":"Zona Caral","description":"Investigamos, conservamos y difundimos el patrimonio cultural de la Civilizaci\u00f3n Caral, la m\u00e1s antigua de Am\u00e9rica.","potentialAction":[{"@type":"SearchAction","target":{"@type":"EntryPoint","urlTemplate":"https:\/\/zonacaral.gob.pe\/es\/?s={search_term_string}"},"query-input":{"@type":"PropertyValueSpecification","valueRequired":true,"valueName":"search_term_string"}}],"inLanguage":"es-PE"},{"@type":"Person","@id":"https:\/\/zonacaral.gob.pe\/es\/#\/schema\/person\/beddb4d22f71a7230c5b90913270a0ee","name":"Zona Caral Administrador","image":{"@type":"ImageObject","inLanguage":"es-PE","@id":"https:\/\/secure.gravatar.com\/avatar\/e4be162918a696358376de6446614e0f0f4062bdc5d170d6d540ada3d8b58c12?s=96&d=mm&r=g","url":"https:\/\/secure.gravatar.com\/avatar\/e4be162918a696358376de6446614e0f0f4062bdc5d170d6d540ada3d8b58c12?s=96&d=mm&r=g","contentUrl":"https:\/\/secure.gravatar.com\/avatar\/e4be162918a696358376de6446614e0f0f4062bdc5d170d6d540ada3d8b58c12?s=96&d=mm&r=g","caption":"Zona Caral Administrador"},"sameAs":["https:\/\/zonacaral.gob.pe"],"url":"https:\/\/zonacaral.gob.pe\/es\/noticias\/author\/ad_zonacaral\/"}]}},"_links":{"self":[{"href":"https:\/\/zonacaral.gob.pe\/es\/wp-json\/wp\/v2\/posts\/18297","targetHints":{"allow":["GET"]}}],"collection":[{"href":"https:\/\/zonacaral.gob.pe\/es\/wp-json\/wp\/v2\/posts"}],"about":[{"href":"https:\/\/zonacaral.gob.pe\/es\/wp-json\/wp\/v2\/types\/post"}],"author":[{"embeddable":true,"href":"https:\/\/zonacaral.gob.pe\/es\/wp-json\/wp\/v2\/users\/1"}],"replies":[{"embeddable":true,"href":"https:\/\/zonacaral.gob.pe\/es\/wp-json\/wp\/v2\/comments?post=18297"}],"version-history":[{"count":0,"href":"https:\/\/zonacaral.gob.pe\/es\/wp-json\/wp\/v2\/posts\/18297\/revisions"}],"wp:featuredmedia":[{"embeddable":true,"href":"https:\/\/zonacaral.gob.pe\/es\/wp-json\/wp\/v2\/media\/18307"}],"wp:attachment":[{"href":"https:\/\/zonacaral.gob.pe\/es\/wp-json\/wp\/v2\/media?parent=18297"}],"wp:term":[{"taxonomy":"category","embeddable":true,"href":"https:\/\/zonacaral.gob.pe\/es\/wp-json\/wp\/v2\/categories?post=18297"},{"taxonomy":"post_tag","embeddable":true,"href":"https:\/\/zonacaral.gob.pe\/es\/wp-json\/wp\/v2\/tags?post=18297"}],"curies":[{"name":"wp","href":"https:\/\/api.w.org\/{rel}","templated":true}]}}