{"id":18315,"date":"2025-04-29T16:57:03","date_gmt":"2025-04-29T21:57:03","guid":{"rendered":"https:\/\/www.zonacaral.gob.pe\/?p=18315"},"modified":"2025-04-29T16:57:03","modified_gmt":"2025-04-29T21:57:03","slug":"celebremos-la-cultura-participa-del-aspero-raymi-este-2-y-3-de-mayo","status":"publish","type":"post","link":"https:\/\/zonacaral.gob.pe\/es\/noticias\/celebremos-la-cultura-participa-del-aspero-raymi-este-2-y-3-de-mayo\/","title":{"rendered":"Celebremos la cultura: participa del \u00c1SPERO RAYMI este 2 y 3 de mayo"},"content":{"rendered":"<figure class=\"pic-autor\" style=\"color: #4d4d4d; text-align: justify;\"><\/figure>\n<div class=\"gmail_default\" style=\"text-align: justify;\">\n<blockquote>\n<p><em><span style=\"font-weight: 400;\">Y conozcamos los secretos de \u00c1spero, la ciudad pesquera de Caral.<\/span><\/em><\/p>\n<\/blockquote>\n<p><span style=\"font-weight: 400;\">La <\/span><a href=\"https:\/\/www.instagram.com\/caralperu\/?hl=es\"><span style=\"font-weight: 400;\">Zona Arqueol\u00f3gica Caral<\/span><\/a><span style=\"font-weight: 400;\">, Unidad Ejecutora 003 del Ministerio de Cultura, te invita a participar del festival andino <\/span><a href=\"https:\/\/www.gob.pe\/institucion\/caral\/campa%C3%B1as\/102547-aspero-raymi-20-aniversario-de-aspero\"><span style=\"font-weight: 400;\">\u201c\u00c1spero Raymi\u201d 2025<\/span><\/a><span style=\"font-weight: 400;\">, que se realizar\u00e1 este viernes 2 y s\u00e1bado 3 de mayo, en el centro de recepci\u00f3n del sitio arqueol\u00f3gico \u00c1spero, ubicado en el distrito de Supe Puerto, provincia de Barranca, Regi\u00f3n Lima.<\/span><\/p>\n<p><span style=\"font-weight: 400;\">Ser\u00e1n dos d\u00edas llenos de actividades culturales gratuitas, dirigidas a ni\u00f1os, j\u00f3venes y adultos. Los asistentes podr\u00e1n conocer \u00c1spero, una milenaria ciudad donde se han realizado importantes hallazgos arqueol\u00f3gicos que han impactado al mundo. Entre ellos destacan objetos que evidencian un avanzado desarrollo en tecnolog\u00eda pesquera, as\u00ed como los entierros de la \u201cDama de los Cuatro Tupus\u201d y de una mujer de \u00e9lite de la Civilizaci\u00f3n Caral, acompa\u00f1ados de valiosos objetos que reflejan su vinculaci\u00f3n con sociedades de la costa, sierra y selva del pa\u00eds.<\/span><\/p>\n<p><b>\u00bfQu\u00e9 habr\u00e1? Actividades \u201c\u00c1spero Raymi\u201d 2025<\/b><\/p>\n<p><span style=\"font-weight: 400;\">Las actividades iniciar\u00e1n el viernes, 2 de mayo, a las 4:00 p. m. en la Plaza Grau de Supe Puerto, provincia de Barranca, con un colorido pasacalle titulado \u201cRevalorando nuestro pasado milenario\u201d, en el que participar\u00e1 la comunidad porte\u00f1a, orgullosa de su herencia cultural ancestral y comprometida con la preservaci\u00f3n de su patrimonio arqueol\u00f3gico y del medio ambiente.<\/span><\/p>\n<p><span style=\"font-weight: 400;\">Luego, en la zona de recepci\u00f3n del sitio arqueol\u00f3gico de \u00c1spero, alrededor de una fogata, se llevar\u00e1 a cabo la ceremonia tradicional de Pago a la Qochamama. Esta actividad incluir\u00e1 la representaci\u00f3n del intercambio pesquero-agr\u00edcola e interregional en \u00c1spero, y contar\u00e1 con la participaci\u00f3n de la representaci\u00f3n de la Dama de los Cuatro Tupus, una destacada mujer de la \u00e9lite de Caral. La ceremonia busca resaltar la importancia del intercambio de recursos entre las poblaciones de \u00c1spero, la Ciudad Sagrada de Caral-Supe y otras procedentes de la sierra y la selva, a trav\u00e9s de rutas terrestres, fluviales y mar\u00edtimas.<\/span><\/p>\n<p><span style=\"font-weight: 400;\">Y, al d\u00eda siguiente, s\u00e1bado 3 de mayo, desde las 9:00 a. m., la ciudad pesquera de \u00c1spero ser\u00e1 el centro de m\u00faltiples actividades que fomentar\u00e1n la integraci\u00f3n social. Ese d\u00eda, el ingreso al sitio arqueol\u00f3gico ser\u00e1 gratuito, permitiendo a los visitantes apreciar los resultados de las investigaciones arqueol\u00f3gicas dirigidas por la doctora Ruth Shady Sol\u00eds.<\/span><\/p>\n<p><span style=\"font-weight: 400;\">Durante la jornada se premiar\u00e1n y realizar\u00e1n concursos escolares, como el vuelo de cometas \u201cPintando los cielos\u201d, y conoceremos a los ganadores de los concursos de declamaci\u00f3n \u201cVarela y el mar: una historia interminable\u201d y de pintura \u201cNuestro patrimonio milenario a colores\u201d. Tambi\u00e9n se presentar\u00e1n los talleres que la Zona Arqueol\u00f3gica Caral desarrolla en el distrito de Supe Puerto y en la provincia de Barranca.<\/span><\/p>\n<p><span style=\"font-weight: 400;\">Adem\u00e1s, se podr\u00e1 disfrutar de la variada gastronom\u00eda local y de la producci\u00f3n agr\u00edcola y pesquera en las expoferias \u00abProducci\u00f3n social actual\u00bb y \u00abXI Festival de la Anchoveta, Pescados y Mariscos\u00bb.<\/span><\/p>\n<p><span style=\"font-weight: 400;\">Y, si fuera poco, tambi\u00e9n se realizar\u00e1n presentaciones art\u00edsticas locales en el festival cultural <\/span><span style=\"font-weight: 400;\">\u00abRuna Raymi\u00bb, desde la 1:00 p. m. hasta las 3:00 p. m., en el centro de recepci\u00f3n del sitio arqueol\u00f3gico.<\/span><\/p>\n<p><span style=\"font-weight: 400;\">Todas las actividades estar\u00e1n presididas por la reconocida arque\u00f3loga Ruth Shady, directora de la <\/span><a href=\"https:\/\/www.instagram.com\/caralperu\/?hl=es\"><span style=\"font-weight: 400;\">Zona Arqueol\u00f3gica Caral<\/span><\/a><span style=\"font-weight: 400;\"> y principal investigadora de la Civilizaci\u00f3n Caral, la m\u00e1s antigua de Am\u00e9rica.<\/span><\/p>\n<p><span style=\"font-weight: 400;\">Conoce nuestra gu\u00eda de viaje aqu\u00ed: <\/span><a href=\"https:\/\/drive.google.com\/file\/d\/11JbB5BU6Vue8VLbiNHWbOUw-dALoFLwY\/view\"><span style=\"font-weight: 400;\">Gu\u00edadeViaje<\/span><\/a><\/p>\n<p><strong style=\"font-size: inherit; text-align: justify;\">Fuente: Comunicaci\u00f3n e Imagen Institucional ZAC<\/strong><\/p>\n<\/div>\n<div style=\"color: #1f1f1f;\">\n<div style=\"color: #1f1f1f;\">\n<p style=\"text-align: justify;\">Fecha de publicaci\u00f3n: 29\/04\/2025<\/p>\n<\/div>\n<\/div>\n\n\n<p><\/p>\n","protected":false},"excerpt":{"rendered":"<p>Y conozcamos los secretos de \u00c1spero, la ciudad pesquera de Caral. La Zona Arqueol\u00f3gica Caral, Unidad Ejecutora 003 del Ministerio [&hellip;]<\/p>\n","protected":false},"author":1,"featured_media":18316,"comment_status":"closed","ping_status":"open","sticky":false,"template":"","format":"standard","meta":{"_acf_changed":false,"site-sidebar-layout":"default","site-content-layout":"","ast-site-content-layout":"default","site-content-style":"default","site-sidebar-style":"default","ast-global-header-display":"","ast-banner-title-visibility":"","ast-main-header-display":"","ast-hfb-above-header-display":"","ast-hfb-below-header-display":"","ast-hfb-mobile-header-display":"","site-post-title":"","ast-breadcrumbs-content":"","ast-featured-img":"","footer-sml-layout":"","ast-disable-related-posts":"","theme-transparent-header-meta":"","adv-header-id-meta":"","stick-header-meta":"","header-above-stick-meta":"","header-main-stick-meta":"","header-below-stick-meta":"","astra-migrate-meta-layouts":"default","ast-page-background-enabled":"default","ast-page-background-meta":{"desktop":{"background-color":"var(--ast-global-color-5)","background-image":"","background-repeat":"repeat","background-position":"center center","background-size":"auto","background-attachment":"scroll","background-type":"","background-media":"","overlay-type":"","overlay-color":"","overlay-opacity":"","overlay-gradient":""},"tablet":{"background-color":"","background-image":"","background-repeat":"repeat","background-position":"center center","background-size":"auto","background-attachment":"scroll","background-type":"","background-media":"","overlay-type":"","overlay-color":"","overlay-opacity":"","overlay-gradient":""},"mobile":{"background-color":"","background-image":"","background-repeat":"repeat","background-position":"center center","background-size":"auto","background-attachment":"scroll","background-type":"","background-media":"","overlay-type":"","overlay-color":"","overlay-opacity":"","overlay-gradient":""}},"ast-content-background-meta":{"desktop":{"background-color":"var(--ast-global-color-4)","background-image":"","background-repeat":"repeat","background-position":"center center","background-size":"auto","background-attachment":"scroll","background-type":"","background-media":"","overlay-type":"","overlay-color":"","overlay-opacity":"","overlay-gradient":""},"tablet":{"background-color":"var(--ast-global-color-4)","background-image":"","background-repeat":"repeat","background-position":"center center","background-size":"auto","background-attachment":"scroll","background-type":"","background-media":"","overlay-type":"","overlay-color":"","overlay-opacity":"","overlay-gradient":""},"mobile":{"background-color":"var(--ast-global-color-4)","background-image":"","background-repeat":"repeat","background-position":"center center","background-size":"auto","background-attachment":"scroll","background-type":"","background-media":"","overlay-type":"","overlay-color":"","overlay-opacity":"","overlay-gradient":""}},"footnotes":""},"categories":[208],"tags":[55,72],"class_list":["post-18315","post","type-post","status-publish","format-standard","has-post-thumbnail","hentry","category-noticias","tag-caral","tag-cultura"],"acf":[],"yoast_head":"<!-- This site is optimized with the Yoast SEO plugin v27.3 - https:\/\/yoast.com\/product\/yoast-seo-wordpress\/ -->\n<title>Celebremos la cultura: participa del \u00c1SPERO RAYMI este 2 y 3 de mayo<\/title>\n<meta name=\"description\" content=\"La Zona Arqueol\u00f3gica Caral, Unidad Ejecutora 003 del Ministerio de Cultura, te invita a participar del festival andino \u201c\u00c1spero Raymi\u201d 2025, que se realizar\u00e1 este viernes 2 y s\u00e1bado 3 de mayo, en el centro de recepci\u00f3n del sitio arqueol\u00f3gico \u00c1spero, ubicado en el distrito de Supe Puerto, provincia de Barranca, Regi\u00f3n Lima.\" \/>\n<meta name=\"robots\" content=\"index, follow, max-snippet:-1, max-image-preview:large, max-video-preview:-1\" \/>\n<link rel=\"canonical\" href=\"https:\/\/zonacaral.gob.pe\/es\/noticias\/celebremos-la-cultura-participa-del-aspero-raymi-este-2-y-3-de-mayo\/\" \/>\n<meta property=\"og:locale\" content=\"es_ES\" \/>\n<meta property=\"og:type\" content=\"article\" \/>\n<meta property=\"og:title\" content=\"Celebremos la cultura: participa del \u00c1SPERO RAYMI este 2 y 3 de mayo\" \/>\n<meta property=\"og:description\" content=\"La Zona Arqueol\u00f3gica Caral, Unidad Ejecutora 003 del Ministerio de Cultura, te invita a participar del festival andino \u201c\u00c1spero Raymi\u201d 2025, que se realizar\u00e1 este viernes 2 y s\u00e1bado 3 de mayo, en el centro de recepci\u00f3n del sitio arqueol\u00f3gico \u00c1spero, ubicado en el distrito de Supe Puerto, provincia de Barranca, Regi\u00f3n Lima.\" \/>\n<meta property=\"og:url\" content=\"https:\/\/zonacaral.gob.pe\/es\/noticias\/celebremos-la-cultura-participa-del-aspero-raymi-este-2-y-3-de-mayo\/\" \/>\n<meta property=\"og:site_name\" content=\"Zona Caral\" \/>\n<meta property=\"article:published_time\" content=\"2025-04-29T21:57:03+00:00\" \/>\n<meta property=\"og:image\" content=\"https:\/\/zonacaral.gob.pe\/wp-content\/uploads\/2025\/04\/aniversario-aspero-1.jpg\" \/>\n\t<meta property=\"og:image:width\" content=\"1920\" \/>\n\t<meta property=\"og:image:height\" content=\"1080\" \/>\n\t<meta property=\"og:image:type\" content=\"image\/jpeg\" \/>\n<meta name=\"author\" content=\"Zona Caral Administrador\" \/>\n<meta name=\"twitter:card\" content=\"summary_large_image\" \/>\n<meta name=\"twitter:label1\" content=\"Written by\" \/>\n\t<meta name=\"twitter:data1\" content=\"Zona Caral Administrador\" \/>\n\t<meta name=\"twitter:label2\" content=\"Est. reading time\" \/>\n\t<meta name=\"twitter:data2\" content=\"3 minutos\" \/>\n<script type=\"application\/ld+json\" class=\"yoast-schema-graph\">{\"@context\":\"https:\\\/\\\/schema.org\",\"@graph\":[{\"@type\":\"Article\",\"@id\":\"https:\\\/\\\/zonacaral.gob.pe\\\/es\\\/noticias\\\/celebremos-la-cultura-participa-del-aspero-raymi-este-2-y-3-de-mayo\\\/#article\",\"isPartOf\":{\"@id\":\"https:\\\/\\\/zonacaral.gob.pe\\\/es\\\/noticias\\\/celebremos-la-cultura-participa-del-aspero-raymi-este-2-y-3-de-mayo\\\/\"},\"author\":{\"name\":\"Zona Caral Administrador\",\"@id\":\"https:\\\/\\\/zonacaral.gob.pe\\\/es\\\/#\\\/schema\\\/person\\\/beddb4d22f71a7230c5b90913270a0ee\"},\"headline\":\"Celebremos la cultura: participa del \u00c1SPERO RAYMI este 2 y 3 de mayo\",\"datePublished\":\"2025-04-29T21:57:03+00:00\",\"mainEntityOfPage\":{\"@id\":\"https:\\\/\\\/zonacaral.gob.pe\\\/es\\\/noticias\\\/celebremos-la-cultura-participa-del-aspero-raymi-este-2-y-3-de-mayo\\\/\"},\"wordCount\":606,\"image\":{\"@id\":\"https:\\\/\\\/zonacaral.gob.pe\\\/es\\\/noticias\\\/celebremos-la-cultura-participa-del-aspero-raymi-este-2-y-3-de-mayo\\\/#primaryimage\"},\"thumbnailUrl\":\"https:\\\/\\\/zonacaral.gob.pe\\\/wp-content\\\/uploads\\\/2025\\\/04\\\/aniversario-aspero-1.jpg\",\"keywords\":[\"caral\",\"Cultura\"],\"articleSection\":[\"noticias\"],\"inLanguage\":\"es-PE\"},{\"@type\":\"WebPage\",\"@id\":\"https:\\\/\\\/zonacaral.gob.pe\\\/es\\\/noticias\\\/celebremos-la-cultura-participa-del-aspero-raymi-este-2-y-3-de-mayo\\\/\",\"url\":\"https:\\\/\\\/zonacaral.gob.pe\\\/es\\\/noticias\\\/celebremos-la-cultura-participa-del-aspero-raymi-este-2-y-3-de-mayo\\\/\",\"name\":\"Celebremos la cultura: participa del \u00c1SPERO RAYMI este 2 y 3 de mayo\",\"isPartOf\":{\"@id\":\"https:\\\/\\\/zonacaral.gob.pe\\\/es\\\/#website\"},\"primaryImageOfPage\":{\"@id\":\"https:\\\/\\\/zonacaral.gob.pe\\\/es\\\/noticias\\\/celebremos-la-cultura-participa-del-aspero-raymi-este-2-y-3-de-mayo\\\/#primaryimage\"},\"image\":{\"@id\":\"https:\\\/\\\/zonacaral.gob.pe\\\/es\\\/noticias\\\/celebremos-la-cultura-participa-del-aspero-raymi-este-2-y-3-de-mayo\\\/#primaryimage\"},\"thumbnailUrl\":\"https:\\\/\\\/zonacaral.gob.pe\\\/wp-content\\\/uploads\\\/2025\\\/04\\\/aniversario-aspero-1.jpg\",\"datePublished\":\"2025-04-29T21:57:03+00:00\",\"author\":{\"@id\":\"https:\\\/\\\/zonacaral.gob.pe\\\/es\\\/#\\\/schema\\\/person\\\/beddb4d22f71a7230c5b90913270a0ee\"},\"description\":\"La Zona Arqueol\u00f3gica Caral, Unidad Ejecutora 003 del Ministerio de Cultura, te invita a participar del festival andino \u201c\u00c1spero Raymi\u201d 2025, que se realizar\u00e1 este viernes 2 y s\u00e1bado 3 de mayo, en el centro de recepci\u00f3n del sitio arqueol\u00f3gico \u00c1spero, ubicado en el distrito de Supe Puerto, provincia de Barranca, Regi\u00f3n Lima.\",\"breadcrumb\":{\"@id\":\"https:\\\/\\\/zonacaral.gob.pe\\\/es\\\/noticias\\\/celebremos-la-cultura-participa-del-aspero-raymi-este-2-y-3-de-mayo\\\/#breadcrumb\"},\"inLanguage\":\"es-PE\",\"potentialAction\":[{\"@type\":\"ReadAction\",\"target\":[\"https:\\\/\\\/zonacaral.gob.pe\\\/es\\\/noticias\\\/celebremos-la-cultura-participa-del-aspero-raymi-este-2-y-3-de-mayo\\\/\"]}]},{\"@type\":\"ImageObject\",\"inLanguage\":\"es-PE\",\"@id\":\"https:\\\/\\\/zonacaral.gob.pe\\\/es\\\/noticias\\\/celebremos-la-cultura-participa-del-aspero-raymi-este-2-y-3-de-mayo\\\/#primaryimage\",\"url\":\"https:\\\/\\\/zonacaral.gob.pe\\\/wp-content\\\/uploads\\\/2025\\\/04\\\/aniversario-aspero-1.jpg\",\"contentUrl\":\"https:\\\/\\\/zonacaral.gob.pe\\\/wp-content\\\/uploads\\\/2025\\\/04\\\/aniversario-aspero-1.jpg\",\"width\":1920,\"height\":1080},{\"@type\":\"BreadcrumbList\",\"@id\":\"https:\\\/\\\/zonacaral.gob.pe\\\/es\\\/noticias\\\/celebremos-la-cultura-participa-del-aspero-raymi-este-2-y-3-de-mayo\\\/#breadcrumb\",\"itemListElement\":[{\"@type\":\"ListItem\",\"position\":1,\"name\":\"Portada\",\"item\":\"https:\\\/\\\/zonacaral.gob.pe\\\/\"},{\"@type\":\"ListItem\",\"position\":2,\"name\":\"Celebremos la cultura: participa del \u00c1SPERO RAYMI este 2 y 3 de mayo\"}]},{\"@type\":\"WebSite\",\"@id\":\"https:\\\/\\\/zonacaral.gob.pe\\\/es\\\/#website\",\"url\":\"https:\\\/\\\/zonacaral.gob.pe\\\/es\\\/\",\"name\":\"Zona Caral\",\"description\":\"Investigamos, conservamos y difundimos el patrimonio cultural de la Civilizaci\u00f3n Caral, la m\u00e1s antigua de Am\u00e9rica.\",\"potentialAction\":[{\"@type\":\"SearchAction\",\"target\":{\"@type\":\"EntryPoint\",\"urlTemplate\":\"https:\\\/\\\/zonacaral.gob.pe\\\/es\\\/?s={search_term_string}\"},\"query-input\":{\"@type\":\"PropertyValueSpecification\",\"valueRequired\":true,\"valueName\":\"search_term_string\"}}],\"inLanguage\":\"es-PE\"},{\"@type\":\"Person\",\"@id\":\"https:\\\/\\\/zonacaral.gob.pe\\\/es\\\/#\\\/schema\\\/person\\\/beddb4d22f71a7230c5b90913270a0ee\",\"name\":\"Zona Caral Administrador\",\"image\":{\"@type\":\"ImageObject\",\"inLanguage\":\"es-PE\",\"@id\":\"https:\\\/\\\/secure.gravatar.com\\\/avatar\\\/e4be162918a696358376de6446614e0f0f4062bdc5d170d6d540ada3d8b58c12?s=96&d=mm&r=g\",\"url\":\"https:\\\/\\\/secure.gravatar.com\\\/avatar\\\/e4be162918a696358376de6446614e0f0f4062bdc5d170d6d540ada3d8b58c12?s=96&d=mm&r=g\",\"contentUrl\":\"https:\\\/\\\/secure.gravatar.com\\\/avatar\\\/e4be162918a696358376de6446614e0f0f4062bdc5d170d6d540ada3d8b58c12?s=96&d=mm&r=g\",\"caption\":\"Zona Caral Administrador\"},\"sameAs\":[\"https:\\\/\\\/zonacaral.gob.pe\"],\"url\":\"https:\\\/\\\/zonacaral.gob.pe\\\/es\\\/noticias\\\/author\\\/ad_zonacaral\\\/\"}]}<\/script>\n<!-- \/ Yoast SEO plugin. -->","yoast_head_json":{"title":"Celebremos la cultura: participa del \u00c1SPERO RAYMI este 2 y 3 de mayo","description":"La Zona Arqueol\u00f3gica Caral, Unidad Ejecutora 003 del Ministerio de Cultura, te invita a participar del festival andino \u201c\u00c1spero Raymi\u201d 2025, que se realizar\u00e1 este viernes 2 y s\u00e1bado 3 de mayo, en el centro de recepci\u00f3n del sitio arqueol\u00f3gico \u00c1spero, ubicado en el distrito de Supe Puerto, provincia de Barranca, Regi\u00f3n Lima.","robots":{"index":"index","follow":"follow","max-snippet":"max-snippet:-1","max-image-preview":"max-image-preview:large","max-video-preview":"max-video-preview:-1"},"canonical":"https:\/\/zonacaral.gob.pe\/es\/noticias\/celebremos-la-cultura-participa-del-aspero-raymi-este-2-y-3-de-mayo\/","og_locale":"es_ES","og_type":"article","og_title":"Celebremos la cultura: participa del \u00c1SPERO RAYMI este 2 y 3 de mayo","og_description":"La Zona Arqueol\u00f3gica Caral, Unidad Ejecutora 003 del Ministerio de Cultura, te invita a participar del festival andino \u201c\u00c1spero Raymi\u201d 2025, que se realizar\u00e1 este viernes 2 y s\u00e1bado 3 de mayo, en el centro de recepci\u00f3n del sitio arqueol\u00f3gico \u00c1spero, ubicado en el distrito de Supe Puerto, provincia de Barranca, Regi\u00f3n Lima.","og_url":"https:\/\/zonacaral.gob.pe\/es\/noticias\/celebremos-la-cultura-participa-del-aspero-raymi-este-2-y-3-de-mayo\/","og_site_name":"Zona Caral","article_published_time":"2025-04-29T21:57:03+00:00","og_image":[{"width":1920,"height":1080,"url":"https:\/\/zonacaral.gob.pe\/wp-content\/uploads\/2025\/04\/aniversario-aspero-1.jpg","type":"image\/jpeg"}],"author":"Zona Caral Administrador","twitter_card":"summary_large_image","twitter_misc":{"Written by":"Zona Caral Administrador","Est. reading time":"3 minutos"},"schema":{"@context":"https:\/\/schema.org","@graph":[{"@type":"Article","@id":"https:\/\/zonacaral.gob.pe\/es\/noticias\/celebremos-la-cultura-participa-del-aspero-raymi-este-2-y-3-de-mayo\/#article","isPartOf":{"@id":"https:\/\/zonacaral.gob.pe\/es\/noticias\/celebremos-la-cultura-participa-del-aspero-raymi-este-2-y-3-de-mayo\/"},"author":{"name":"Zona Caral Administrador","@id":"https:\/\/zonacaral.gob.pe\/es\/#\/schema\/person\/beddb4d22f71a7230c5b90913270a0ee"},"headline":"Celebremos la cultura: participa del \u00c1SPERO RAYMI este 2 y 3 de mayo","datePublished":"2025-04-29T21:57:03+00:00","mainEntityOfPage":{"@id":"https:\/\/zonacaral.gob.pe\/es\/noticias\/celebremos-la-cultura-participa-del-aspero-raymi-este-2-y-3-de-mayo\/"},"wordCount":606,"image":{"@id":"https:\/\/zonacaral.gob.pe\/es\/noticias\/celebremos-la-cultura-participa-del-aspero-raymi-este-2-y-3-de-mayo\/#primaryimage"},"thumbnailUrl":"https:\/\/zonacaral.gob.pe\/wp-content\/uploads\/2025\/04\/aniversario-aspero-1.jpg","keywords":["caral","Cultura"],"articleSection":["noticias"],"inLanguage":"es-PE"},{"@type":"WebPage","@id":"https:\/\/zonacaral.gob.pe\/es\/noticias\/celebremos-la-cultura-participa-del-aspero-raymi-este-2-y-3-de-mayo\/","url":"https:\/\/zonacaral.gob.pe\/es\/noticias\/celebremos-la-cultura-participa-del-aspero-raymi-este-2-y-3-de-mayo\/","name":"Celebremos la cultura: participa del \u00c1SPERO RAYMI este 2 y 3 de mayo","isPartOf":{"@id":"https:\/\/zonacaral.gob.pe\/es\/#website"},"primaryImageOfPage":{"@id":"https:\/\/zonacaral.gob.pe\/es\/noticias\/celebremos-la-cultura-participa-del-aspero-raymi-este-2-y-3-de-mayo\/#primaryimage"},"image":{"@id":"https:\/\/zonacaral.gob.pe\/es\/noticias\/celebremos-la-cultura-participa-del-aspero-raymi-este-2-y-3-de-mayo\/#primaryimage"},"thumbnailUrl":"https:\/\/zonacaral.gob.pe\/wp-content\/uploads\/2025\/04\/aniversario-aspero-1.jpg","datePublished":"2025-04-29T21:57:03+00:00","author":{"@id":"https:\/\/zonacaral.gob.pe\/es\/#\/schema\/person\/beddb4d22f71a7230c5b90913270a0ee"},"description":"La Zona Arqueol\u00f3gica Caral, Unidad Ejecutora 003 del Ministerio de Cultura, te invita a participar del festival andino \u201c\u00c1spero Raymi\u201d 2025, que se realizar\u00e1 este viernes 2 y s\u00e1bado 3 de mayo, en el centro de recepci\u00f3n del sitio arqueol\u00f3gico \u00c1spero, ubicado en el distrito de Supe Puerto, provincia de Barranca, Regi\u00f3n Lima.","breadcrumb":{"@id":"https:\/\/zonacaral.gob.pe\/es\/noticias\/celebremos-la-cultura-participa-del-aspero-raymi-este-2-y-3-de-mayo\/#breadcrumb"},"inLanguage":"es-PE","potentialAction":[{"@type":"ReadAction","target":["https:\/\/zonacaral.gob.pe\/es\/noticias\/celebremos-la-cultura-participa-del-aspero-raymi-este-2-y-3-de-mayo\/"]}]},{"@type":"ImageObject","inLanguage":"es-PE","@id":"https:\/\/zonacaral.gob.pe\/es\/noticias\/celebremos-la-cultura-participa-del-aspero-raymi-este-2-y-3-de-mayo\/#primaryimage","url":"https:\/\/zonacaral.gob.pe\/wp-content\/uploads\/2025\/04\/aniversario-aspero-1.jpg","contentUrl":"https:\/\/zonacaral.gob.pe\/wp-content\/uploads\/2025\/04\/aniversario-aspero-1.jpg","width":1920,"height":1080},{"@type":"BreadcrumbList","@id":"https:\/\/zonacaral.gob.pe\/es\/noticias\/celebremos-la-cultura-participa-del-aspero-raymi-este-2-y-3-de-mayo\/#breadcrumb","itemListElement":[{"@type":"ListItem","position":1,"name":"Portada","item":"https:\/\/zonacaral.gob.pe\/"},{"@type":"ListItem","position":2,"name":"Celebremos la cultura: participa del \u00c1SPERO RAYMI este 2 y 3 de mayo"}]},{"@type":"WebSite","@id":"https:\/\/zonacaral.gob.pe\/es\/#website","url":"https:\/\/zonacaral.gob.pe\/es\/","name":"Zona Caral","description":"Investigamos, conservamos y difundimos el patrimonio cultural de la Civilizaci\u00f3n Caral, la m\u00e1s antigua de Am\u00e9rica.","potentialAction":[{"@type":"SearchAction","target":{"@type":"EntryPoint","urlTemplate":"https:\/\/zonacaral.gob.pe\/es\/?s={search_term_string}"},"query-input":{"@type":"PropertyValueSpecification","valueRequired":true,"valueName":"search_term_string"}}],"inLanguage":"es-PE"},{"@type":"Person","@id":"https:\/\/zonacaral.gob.pe\/es\/#\/schema\/person\/beddb4d22f71a7230c5b90913270a0ee","name":"Zona Caral Administrador","image":{"@type":"ImageObject","inLanguage":"es-PE","@id":"https:\/\/secure.gravatar.com\/avatar\/e4be162918a696358376de6446614e0f0f4062bdc5d170d6d540ada3d8b58c12?s=96&d=mm&r=g","url":"https:\/\/secure.gravatar.com\/avatar\/e4be162918a696358376de6446614e0f0f4062bdc5d170d6d540ada3d8b58c12?s=96&d=mm&r=g","contentUrl":"https:\/\/secure.gravatar.com\/avatar\/e4be162918a696358376de6446614e0f0f4062bdc5d170d6d540ada3d8b58c12?s=96&d=mm&r=g","caption":"Zona Caral Administrador"},"sameAs":["https:\/\/zonacaral.gob.pe"],"url":"https:\/\/zonacaral.gob.pe\/es\/noticias\/author\/ad_zonacaral\/"}]}},"_links":{"self":[{"href":"https:\/\/zonacaral.gob.pe\/es\/wp-json\/wp\/v2\/posts\/18315","targetHints":{"allow":["GET"]}}],"collection":[{"href":"https:\/\/zonacaral.gob.pe\/es\/wp-json\/wp\/v2\/posts"}],"about":[{"href":"https:\/\/zonacaral.gob.pe\/es\/wp-json\/wp\/v2\/types\/post"}],"author":[{"embeddable":true,"href":"https:\/\/zonacaral.gob.pe\/es\/wp-json\/wp\/v2\/users\/1"}],"replies":[{"embeddable":true,"href":"https:\/\/zonacaral.gob.pe\/es\/wp-json\/wp\/v2\/comments?post=18315"}],"version-history":[{"count":0,"href":"https:\/\/zonacaral.gob.pe\/es\/wp-json\/wp\/v2\/posts\/18315\/revisions"}],"wp:featuredmedia":[{"embeddable":true,"href":"https:\/\/zonacaral.gob.pe\/es\/wp-json\/wp\/v2\/media\/18316"}],"wp:attachment":[{"href":"https:\/\/zonacaral.gob.pe\/es\/wp-json\/wp\/v2\/media?parent=18315"}],"wp:term":[{"taxonomy":"category","embeddable":true,"href":"https:\/\/zonacaral.gob.pe\/es\/wp-json\/wp\/v2\/categories?post=18315"},{"taxonomy":"post_tag","embeddable":true,"href":"https:\/\/zonacaral.gob.pe\/es\/wp-json\/wp\/v2\/tags?post=18315"}],"curies":[{"name":"wp","href":"https:\/\/api.w.org\/{rel}","templated":true}]}}