{"id":18334,"date":"2025-05-14T16:55:36","date_gmt":"2025-05-14T21:55:36","guid":{"rendered":"https:\/\/www.zonacaral.gob.pe\/?p=18334"},"modified":"2025-05-14T16:55:36","modified_gmt":"2025-05-14T21:55:36","slug":"imperdible-visita-la-exposicion-gratuita-tecnologia-pesquera-y-seguridad-alimentaria-para-combatir-la-anemia","status":"publish","type":"post","link":"https:\/\/zonacaral.gob.pe\/es\/noticias\/imperdible-visita-la-exposicion-gratuita-tecnologia-pesquera-y-seguridad-alimentaria-para-combatir-la-anemia\/","title":{"rendered":"\u00a1IMPERDIBLE! Visita la exposici\u00f3n gratuita: Tecnolog\u00eda Pesquera y Seguridad Alimentaria para Combatir la Anemia"},"content":{"rendered":"<figure class=\"pic-autor\" style=\"color: #4d4d4d; text-align: justify;\"><\/figure>\n<div class=\"gmail_default\" style=\"text-align: justify;\">\n<blockquote>\n<p><em><span style=\"font-weight: 400;\">Apto para todo p\u00fablico.<\/span><\/em><\/p>\n<\/blockquote>\n<p><span style=\"font-weight: 400;\">La <\/span><a href=\"https:\/\/www.instagram.com\/caralperu\/\"><span style=\"font-weight: 400;\">Zona Arqueol\u00f3gica Caral<\/span><\/a><span style=\"font-weight: 400;\">, Unidad Ejecutora 003 del Ministerio de Cultura, presenta la nueva exposici\u00f3n museogr\u00e1fica titulada <\/span><b>\u00abTecnolog\u00eda Pesquera y Seguridad Alimentaria para Combatir la Anemia\u00bb<\/b><span style=\"font-weight: 400;\">, que se presenta de manera gratuita en la sala Paracas del Ministerio de Cultura, desde el 24 de abril hasta el 5 de junio de 2025.<\/span><\/p>\n<p><span style=\"font-weight: 400;\">En la muestra encontrar\u00e1s la informaci\u00f3n detallada sobre los diferentes hallazgos realizados en los centros urbanos de la <\/span><a href=\"https:\/\/youtu.be\/uAJpjcgLits\"><span style=\"font-weight: 400;\">Civilizaci\u00f3n Caral<\/span><\/a><span style=\"font-weight: 400;\">; en espec\u00edfico, en <\/span><a href=\"https:\/\/www.zonacaral.gob.pe\/ruta-caral\/aspero.html\"><span style=\"font-weight: 400;\">\u00c1spero<\/span><\/a><span style=\"font-weight: 400;\">, ciudad pesquera de Caral, los cuales evidencian la importante producci\u00f3n de conocimientos en ciencia y tecnolog\u00eda, creada hace cinco mil a\u00f1os, y los productos alimenticios, del mar y del valle, que consumieron e intercambiaron en condiciones de paz con sociedades de la costa, la sierra y la selva.<\/span><\/p>\n<p><span style=\"font-weight: 400;\">Asimismo conocer\u00e1s la tecnolog\u00eda pesquera que elaboraron, como redes de pesca y anzuelos, de diferentes tama\u00f1os que sirvieron para capturar los diferentes peces y moluscos de nuestro rico mar; entre ellos y el m\u00e1s consumido la anchoveta, producto que supieron conservar y almacenar para asegurar la provisi\u00f3n de alimentos.<\/span><\/p>\n<p><span style=\"font-weight: 400;\">En esta exposici\u00f3n se hace especial \u00e9nfasis en los productos consumidos por la antigua sociedad caralina que logr\u00f3 mantener una adecuada alimentaci\u00f3n, balanceada y saludable, y; adem\u00e1s, se busca generar reflexiones sobre el modelo de alimentaci\u00f3n que tenemos en la actualidad, y c\u00f3mo podemos prevenir enfermedades, como la anemia, mal que afecta a las poblaciones vulnerables del pa\u00eds y del mundo, en espec\u00edfico a los ni\u00f1os.<\/span><\/p>\n<p><b>Personajes de \u00c9lite<\/b><\/p>\n<p><span style=\"font-weight: 400;\">En esta exposici\u00f3n tambi\u00e9n podr\u00e1s conocer importantes hallazgos arqueol\u00f3gicos, como el realizado en el edificio Huaca de Los \u00cddolos de \u00c1spero: el entierro de una joven mujer adulta, que habr\u00eda pertenecido a la \u00e9lite de la Civilizaci\u00f3n Caral, ya que fue enterrada cuidadosamente junto a diversos objetos valiosos para la \u00e9poca.<\/span><\/p>\n<p><span style=\"font-weight: 400;\">Tambi\u00e9n se exhibe el ajuar de la Dama de los Cuatro Tupus, otra mujer de alto rango dentro de la sociedad caralina, as\u00ed como el entierro de un var\u00f3n acompa\u00f1ado de bienes significativos, que evidencian su posici\u00f3n jer\u00e1rquica.<\/span><\/p>\n<p><b>DATO<\/b><\/p>\n<p><span style=\"font-weight: 400;\">Tu visita a la exposici\u00f3n museogr\u00e1fica <\/span><b>\u00abTecnolog\u00eda Pesquera y Seguridad Alimentaria para Combatir la Anemia\u00bb<\/b><span style=\"font-weight: 400;\">, te da la oportunidad de conocer gratis la Ciudad Sagrada de Caral-Supe, Patrimonio Mundial, y \u00c1spero, ciudad pesquera.<\/span><\/p>\n<p><b>\u00bfQu\u00e9 debes hacer?<\/b><\/p>\n<ul>\n<li style=\"font-weight: 400;\" aria-level=\"1\"><span style=\"font-weight: 400;\">Visita la muestra, de manera gratuita, en la sala Paracas del Ministerio de Cultura (Av. Javier Prado Este 2465, San Borja), de martes a domingo, de 9:00 a. m. a 4:00 p. m., hasta el 5 de junio.<\/span><\/li>\n<li style=\"font-weight: 400;\" aria-level=\"1\"><span style=\"font-weight: 400;\">&nbsp;Responde la encuesta disponible en el lugar.<\/span><\/li>\n<li style=\"font-weight: 400;\" aria-level=\"1\"><span style=\"font-weight: 400;\">S\u00edguenos en Instagram: <\/span><a href=\"https:\/\/www.instagram.com\/caralperu\/\"><span style=\"font-weight: 400;\">@caralperu<\/span><\/a><\/li>\n<li style=\"font-weight: 400;\" aria-level=\"1\"><span style=\"font-weight: 400;\">T\u00f3mate una foto durante tu visita y comp\u00e1rtela en tus historias de Instagram. Etiqu\u00e9tanos.<\/span><\/li>\n<li style=\"font-weight: 400;\" aria-level=\"1\"><span style=\"font-weight: 400;\">Menciona a tres amigos en los comentarios del siguiente post: <\/span><a href=\"https:\/\/bit.ly\/SorteoViaje2025\"><span style=\"font-weight: 400;\">https:\/\/bit.ly\/SorteoViaje2025<\/span><\/a><span style=\"font-weight: 400;\">&nbsp;<\/span><\/li>\n<\/ul>\n<p><span style=\"font-size: inherit;\"><br><span style=\"font-weight: 400;\">Y si deseas conocer m\u00e1s de la Civilizaci\u00f3n Caral, puedes visitar los antiguos centros urbanos abiertos al p\u00fablico. M\u00e1s detalles en la p\u00e1gina de la <\/span><a href=\"https:\/\/www.zonacaral.gob.pe\/ruta-caral\/\"><b>Ruta Caral<\/b><\/a> <span style=\"font-weight: 400;\">y en las redes sociales de la <\/span><a href=\"https:\/\/tap.bio\/@caralperu\/cards\/662541\"><span style=\"font-weight: 400;\">Zona Arqueol\u00f3gica Caral<\/span><\/a><span style=\"font-weight: 400;\">.<\/span>ado en el ingreso a Chancay, y al Restaurante El Sama, en Barranca.<\/span><\/p>\n<p><strong style=\"font-size: inherit; text-align: justify;\">Fuente: Comunicaci\u00f3n e Imagen Institucional ZAC<\/strong><\/p>\n<\/div>\n<div style=\"color: #1f1f1f;\">\n<div style=\"color: #1f1f1f;\">\n<p style=\"text-align: justify;\">Fecha de publicaci\u00f3n: 16\/05\/2025<\/p>\n<\/div>\n<\/div>\n\n\n<p><\/p>\n","protected":false},"excerpt":{"rendered":"<p>Apto para todo p\u00fablico. La Zona Arqueol\u00f3gica Caral, Unidad Ejecutora 003 del Ministerio de Cultura, presenta la nueva exposici\u00f3n museogr\u00e1fica [&hellip;]<\/p>\n","protected":false},"author":1,"featured_media":18337,"comment_status":"closed","ping_status":"open","sticky":false,"template":"","format":"standard","meta":{"_acf_changed":false,"site-sidebar-layout":"default","site-content-layout":"","ast-site-content-layout":"default","site-content-style":"default","site-sidebar-style":"default","ast-global-header-display":"","ast-banner-title-visibility":"","ast-main-header-display":"","ast-hfb-above-header-display":"","ast-hfb-below-header-display":"","ast-hfb-mobile-header-display":"","site-post-title":"","ast-breadcrumbs-content":"","ast-featured-img":"","footer-sml-layout":"","ast-disable-related-posts":"","theme-transparent-header-meta":"","adv-header-id-meta":"","stick-header-meta":"","header-above-stick-meta":"","header-main-stick-meta":"","header-below-stick-meta":"","astra-migrate-meta-layouts":"default","ast-page-background-enabled":"default","ast-page-background-meta":{"desktop":{"background-color":"var(--ast-global-color-5)","background-image":"","background-repeat":"repeat","background-position":"center center","background-size":"auto","background-attachment":"scroll","background-type":"","background-media":"","overlay-type":"","overlay-color":"","overlay-opacity":"","overlay-gradient":""},"tablet":{"background-color":"","background-image":"","background-repeat":"repeat","background-position":"center center","background-size":"auto","background-attachment":"scroll","background-type":"","background-media":"","overlay-type":"","overlay-color":"","overlay-opacity":"","overlay-gradient":""},"mobile":{"background-color":"","background-image":"","background-repeat":"repeat","background-position":"center center","background-size":"auto","background-attachment":"scroll","background-type":"","background-media":"","overlay-type":"","overlay-color":"","overlay-opacity":"","overlay-gradient":""}},"ast-content-background-meta":{"desktop":{"background-color":"var(--ast-global-color-4)","background-image":"","background-repeat":"repeat","background-position":"center center","background-size":"auto","background-attachment":"scroll","background-type":"","background-media":"","overlay-type":"","overlay-color":"","overlay-opacity":"","overlay-gradient":""},"tablet":{"background-color":"var(--ast-global-color-4)","background-image":"","background-repeat":"repeat","background-position":"center center","background-size":"auto","background-attachment":"scroll","background-type":"","background-media":"","overlay-type":"","overlay-color":"","overlay-opacity":"","overlay-gradient":""},"mobile":{"background-color":"var(--ast-global-color-4)","background-image":"","background-repeat":"repeat","background-position":"center center","background-size":"auto","background-attachment":"scroll","background-type":"","background-media":"","overlay-type":"","overlay-color":"","overlay-opacity":"","overlay-gradient":""}},"footnotes":""},"categories":[208],"tags":[55,72],"class_list":["post-18334","post","type-post","status-publish","format-standard","has-post-thumbnail","hentry","category-noticias","tag-caral","tag-cultura"],"acf":[],"yoast_head":"<!-- This site is optimized with the Yoast SEO plugin v27.3 - https:\/\/yoast.com\/product\/yoast-seo-wordpress\/ -->\n<title>\u00a1IMPERDIBLE! Visita la exposici\u00f3n gratuita: Tecnolog\u00eda Pesquera y Seguridad Alimentaria para Combatir la Anemia<\/title>\n<meta name=\"description\" content=\"La Zona Arqueol\u00f3gica Caral, Unidad Ejecutora 003 del Ministerio de Cultura, presenta la nueva exposici\u00f3n museogr\u00e1fica titulada \u00abTecnolog\u00eda Pesquera y Seguridad Alimentaria para Combatir la Anemia\u00bb, que se presenta de manera gratuita en la sala Paracas del Ministerio de Cultura, desde el 24 de abril hasta el 5 de junio de 2025.\" \/>\n<meta name=\"robots\" content=\"index, follow, max-snippet:-1, max-image-preview:large, max-video-preview:-1\" \/>\n<link rel=\"canonical\" href=\"https:\/\/zonacaral.gob.pe\/es\/noticias\/imperdible-visita-la-exposicion-gratuita-tecnologia-pesquera-y-seguridad-alimentaria-para-combatir-la-anemia\/\" \/>\n<meta property=\"og:locale\" content=\"es_ES\" \/>\n<meta property=\"og:type\" content=\"article\" \/>\n<meta property=\"og:title\" content=\"\u00a1IMPERDIBLE! Visita la exposici\u00f3n gratuita: Tecnolog\u00eda Pesquera y Seguridad Alimentaria para Combatir la Anemia\" \/>\n<meta property=\"og:description\" content=\"La Zona Arqueol\u00f3gica Caral, Unidad Ejecutora 003 del Ministerio de Cultura, presenta la nueva exposici\u00f3n museogr\u00e1fica titulada \u00abTecnolog\u00eda Pesquera y Seguridad Alimentaria para Combatir la Anemia\u00bb, que se presenta de manera gratuita en la sala Paracas del Ministerio de Cultura, desde el 24 de abril hasta el 5 de junio de 2025.\" \/>\n<meta property=\"og:url\" content=\"https:\/\/zonacaral.gob.pe\/es\/noticias\/imperdible-visita-la-exposicion-gratuita-tecnologia-pesquera-y-seguridad-alimentaria-para-combatir-la-anemia\/\" \/>\n<meta property=\"og:site_name\" content=\"Zona Caral\" \/>\n<meta property=\"article:published_time\" content=\"2025-05-14T21:55:36+00:00\" \/>\n<meta property=\"og:image\" content=\"https:\/\/zonacaral.gob.pe\/wp-content\/uploads\/2025\/05\/imperdible-1.png\" \/>\n\t<meta property=\"og:image:width\" content=\"1500\" \/>\n\t<meta property=\"og:image:height\" content=\"844\" \/>\n\t<meta property=\"og:image:type\" content=\"image\/png\" \/>\n<meta name=\"author\" content=\"Zona Caral Administrador\" \/>\n<meta name=\"twitter:card\" content=\"summary_large_image\" \/>\n<meta name=\"twitter:label1\" content=\"Written by\" \/>\n\t<meta name=\"twitter:data1\" content=\"Zona Caral Administrador\" \/>\n\t<meta name=\"twitter:label2\" content=\"Est. reading time\" \/>\n\t<meta name=\"twitter:data2\" content=\"3 minutos\" \/>\n<script type=\"application\/ld+json\" class=\"yoast-schema-graph\">{\"@context\":\"https:\\\/\\\/schema.org\",\"@graph\":[{\"@type\":\"Article\",\"@id\":\"https:\\\/\\\/zonacaral.gob.pe\\\/es\\\/noticias\\\/imperdible-visita-la-exposicion-gratuita-tecnologia-pesquera-y-seguridad-alimentaria-para-combatir-la-anemia\\\/#article\",\"isPartOf\":{\"@id\":\"https:\\\/\\\/zonacaral.gob.pe\\\/es\\\/noticias\\\/imperdible-visita-la-exposicion-gratuita-tecnologia-pesquera-y-seguridad-alimentaria-para-combatir-la-anemia\\\/\"},\"author\":{\"name\":\"Zona Caral Administrador\",\"@id\":\"https:\\\/\\\/zonacaral.gob.pe\\\/es\\\/#\\\/schema\\\/person\\\/beddb4d22f71a7230c5b90913270a0ee\"},\"headline\":\"\u00a1IMPERDIBLE! Visita la exposici\u00f3n gratuita: Tecnolog\u00eda Pesquera y Seguridad Alimentaria para Combatir la Anemia\",\"datePublished\":\"2025-05-14T21:55:36+00:00\",\"mainEntityOfPage\":{\"@id\":\"https:\\\/\\\/zonacaral.gob.pe\\\/es\\\/noticias\\\/imperdible-visita-la-exposicion-gratuita-tecnologia-pesquera-y-seguridad-alimentaria-para-combatir-la-anemia\\\/\"},\"wordCount\":569,\"image\":{\"@id\":\"https:\\\/\\\/zonacaral.gob.pe\\\/es\\\/noticias\\\/imperdible-visita-la-exposicion-gratuita-tecnologia-pesquera-y-seguridad-alimentaria-para-combatir-la-anemia\\\/#primaryimage\"},\"thumbnailUrl\":\"https:\\\/\\\/zonacaral.gob.pe\\\/wp-content\\\/uploads\\\/2025\\\/05\\\/imperdible-1.png\",\"keywords\":[\"caral\",\"Cultura\"],\"articleSection\":[\"noticias\"],\"inLanguage\":\"es-PE\"},{\"@type\":\"WebPage\",\"@id\":\"https:\\\/\\\/zonacaral.gob.pe\\\/es\\\/noticias\\\/imperdible-visita-la-exposicion-gratuita-tecnologia-pesquera-y-seguridad-alimentaria-para-combatir-la-anemia\\\/\",\"url\":\"https:\\\/\\\/zonacaral.gob.pe\\\/es\\\/noticias\\\/imperdible-visita-la-exposicion-gratuita-tecnologia-pesquera-y-seguridad-alimentaria-para-combatir-la-anemia\\\/\",\"name\":\"\u00a1IMPERDIBLE! Visita la exposici\u00f3n gratuita: Tecnolog\u00eda Pesquera y Seguridad Alimentaria para Combatir la Anemia\",\"isPartOf\":{\"@id\":\"https:\\\/\\\/zonacaral.gob.pe\\\/es\\\/#website\"},\"primaryImageOfPage\":{\"@id\":\"https:\\\/\\\/zonacaral.gob.pe\\\/es\\\/noticias\\\/imperdible-visita-la-exposicion-gratuita-tecnologia-pesquera-y-seguridad-alimentaria-para-combatir-la-anemia\\\/#primaryimage\"},\"image\":{\"@id\":\"https:\\\/\\\/zonacaral.gob.pe\\\/es\\\/noticias\\\/imperdible-visita-la-exposicion-gratuita-tecnologia-pesquera-y-seguridad-alimentaria-para-combatir-la-anemia\\\/#primaryimage\"},\"thumbnailUrl\":\"https:\\\/\\\/zonacaral.gob.pe\\\/wp-content\\\/uploads\\\/2025\\\/05\\\/imperdible-1.png\",\"datePublished\":\"2025-05-14T21:55:36+00:00\",\"author\":{\"@id\":\"https:\\\/\\\/zonacaral.gob.pe\\\/es\\\/#\\\/schema\\\/person\\\/beddb4d22f71a7230c5b90913270a0ee\"},\"description\":\"La Zona Arqueol\u00f3gica Caral, Unidad Ejecutora 003 del Ministerio de Cultura, presenta la nueva exposici\u00f3n museogr\u00e1fica titulada \u00abTecnolog\u00eda Pesquera y Seguridad Alimentaria para Combatir la Anemia\u00bb, que se presenta de manera gratuita en la sala Paracas del Ministerio de Cultura, desde el 24 de abril hasta el 5 de junio de 2025.\",\"breadcrumb\":{\"@id\":\"https:\\\/\\\/zonacaral.gob.pe\\\/es\\\/noticias\\\/imperdible-visita-la-exposicion-gratuita-tecnologia-pesquera-y-seguridad-alimentaria-para-combatir-la-anemia\\\/#breadcrumb\"},\"inLanguage\":\"es-PE\",\"potentialAction\":[{\"@type\":\"ReadAction\",\"target\":[\"https:\\\/\\\/zonacaral.gob.pe\\\/es\\\/noticias\\\/imperdible-visita-la-exposicion-gratuita-tecnologia-pesquera-y-seguridad-alimentaria-para-combatir-la-anemia\\\/\"]}]},{\"@type\":\"ImageObject\",\"inLanguage\":\"es-PE\",\"@id\":\"https:\\\/\\\/zonacaral.gob.pe\\\/es\\\/noticias\\\/imperdible-visita-la-exposicion-gratuita-tecnologia-pesquera-y-seguridad-alimentaria-para-combatir-la-anemia\\\/#primaryimage\",\"url\":\"https:\\\/\\\/zonacaral.gob.pe\\\/wp-content\\\/uploads\\\/2025\\\/05\\\/imperdible-1.png\",\"contentUrl\":\"https:\\\/\\\/zonacaral.gob.pe\\\/wp-content\\\/uploads\\\/2025\\\/05\\\/imperdible-1.png\",\"width\":1500,\"height\":844},{\"@type\":\"BreadcrumbList\",\"@id\":\"https:\\\/\\\/zonacaral.gob.pe\\\/es\\\/noticias\\\/imperdible-visita-la-exposicion-gratuita-tecnologia-pesquera-y-seguridad-alimentaria-para-combatir-la-anemia\\\/#breadcrumb\",\"itemListElement\":[{\"@type\":\"ListItem\",\"position\":1,\"name\":\"Portada\",\"item\":\"https:\\\/\\\/zonacaral.gob.pe\\\/\"},{\"@type\":\"ListItem\",\"position\":2,\"name\":\"\u00a1IMPERDIBLE! Visita la exposici\u00f3n gratuita: Tecnolog\u00eda Pesquera y Seguridad Alimentaria para Combatir la Anemia\"}]},{\"@type\":\"WebSite\",\"@id\":\"https:\\\/\\\/zonacaral.gob.pe\\\/es\\\/#website\",\"url\":\"https:\\\/\\\/zonacaral.gob.pe\\\/es\\\/\",\"name\":\"Zona Caral\",\"description\":\"Investigamos, conservamos y difundimos el patrimonio cultural de la Civilizaci\u00f3n Caral, la m\u00e1s antigua de Am\u00e9rica.\",\"potentialAction\":[{\"@type\":\"SearchAction\",\"target\":{\"@type\":\"EntryPoint\",\"urlTemplate\":\"https:\\\/\\\/zonacaral.gob.pe\\\/es\\\/?s={search_term_string}\"},\"query-input\":{\"@type\":\"PropertyValueSpecification\",\"valueRequired\":true,\"valueName\":\"search_term_string\"}}],\"inLanguage\":\"es-PE\"},{\"@type\":\"Person\",\"@id\":\"https:\\\/\\\/zonacaral.gob.pe\\\/es\\\/#\\\/schema\\\/person\\\/beddb4d22f71a7230c5b90913270a0ee\",\"name\":\"Zona Caral Administrador\",\"image\":{\"@type\":\"ImageObject\",\"inLanguage\":\"es-PE\",\"@id\":\"https:\\\/\\\/secure.gravatar.com\\\/avatar\\\/e4be162918a696358376de6446614e0f0f4062bdc5d170d6d540ada3d8b58c12?s=96&d=mm&r=g\",\"url\":\"https:\\\/\\\/secure.gravatar.com\\\/avatar\\\/e4be162918a696358376de6446614e0f0f4062bdc5d170d6d540ada3d8b58c12?s=96&d=mm&r=g\",\"contentUrl\":\"https:\\\/\\\/secure.gravatar.com\\\/avatar\\\/e4be162918a696358376de6446614e0f0f4062bdc5d170d6d540ada3d8b58c12?s=96&d=mm&r=g\",\"caption\":\"Zona Caral Administrador\"},\"sameAs\":[\"https:\\\/\\\/zonacaral.gob.pe\"],\"url\":\"https:\\\/\\\/zonacaral.gob.pe\\\/es\\\/noticias\\\/author\\\/ad_zonacaral\\\/\"}]}<\/script>\n<!-- \/ Yoast SEO plugin. -->","yoast_head_json":{"title":"\u00a1IMPERDIBLE! Visita la exposici\u00f3n gratuita: Tecnolog\u00eda Pesquera y Seguridad Alimentaria para Combatir la Anemia","description":"La Zona Arqueol\u00f3gica Caral, Unidad Ejecutora 003 del Ministerio de Cultura, presenta la nueva exposici\u00f3n museogr\u00e1fica titulada \u00abTecnolog\u00eda Pesquera y Seguridad Alimentaria para Combatir la Anemia\u00bb, que se presenta de manera gratuita en la sala Paracas del Ministerio de Cultura, desde el 24 de abril hasta el 5 de junio de 2025.","robots":{"index":"index","follow":"follow","max-snippet":"max-snippet:-1","max-image-preview":"max-image-preview:large","max-video-preview":"max-video-preview:-1"},"canonical":"https:\/\/zonacaral.gob.pe\/es\/noticias\/imperdible-visita-la-exposicion-gratuita-tecnologia-pesquera-y-seguridad-alimentaria-para-combatir-la-anemia\/","og_locale":"es_ES","og_type":"article","og_title":"\u00a1IMPERDIBLE! Visita la exposici\u00f3n gratuita: Tecnolog\u00eda Pesquera y Seguridad Alimentaria para Combatir la Anemia","og_description":"La Zona Arqueol\u00f3gica Caral, Unidad Ejecutora 003 del Ministerio de Cultura, presenta la nueva exposici\u00f3n museogr\u00e1fica titulada \u00abTecnolog\u00eda Pesquera y Seguridad Alimentaria para Combatir la Anemia\u00bb, que se presenta de manera gratuita en la sala Paracas del Ministerio de Cultura, desde el 24 de abril hasta el 5 de junio de 2025.","og_url":"https:\/\/zonacaral.gob.pe\/es\/noticias\/imperdible-visita-la-exposicion-gratuita-tecnologia-pesquera-y-seguridad-alimentaria-para-combatir-la-anemia\/","og_site_name":"Zona Caral","article_published_time":"2025-05-14T21:55:36+00:00","og_image":[{"width":1500,"height":844,"url":"https:\/\/zonacaral.gob.pe\/wp-content\/uploads\/2025\/05\/imperdible-1.png","type":"image\/png"}],"author":"Zona Caral Administrador","twitter_card":"summary_large_image","twitter_misc":{"Written by":"Zona Caral Administrador","Est. reading time":"3 minutos"},"schema":{"@context":"https:\/\/schema.org","@graph":[{"@type":"Article","@id":"https:\/\/zonacaral.gob.pe\/es\/noticias\/imperdible-visita-la-exposicion-gratuita-tecnologia-pesquera-y-seguridad-alimentaria-para-combatir-la-anemia\/#article","isPartOf":{"@id":"https:\/\/zonacaral.gob.pe\/es\/noticias\/imperdible-visita-la-exposicion-gratuita-tecnologia-pesquera-y-seguridad-alimentaria-para-combatir-la-anemia\/"},"author":{"name":"Zona Caral Administrador","@id":"https:\/\/zonacaral.gob.pe\/es\/#\/schema\/person\/beddb4d22f71a7230c5b90913270a0ee"},"headline":"\u00a1IMPERDIBLE! Visita la exposici\u00f3n gratuita: Tecnolog\u00eda Pesquera y Seguridad Alimentaria para Combatir la Anemia","datePublished":"2025-05-14T21:55:36+00:00","mainEntityOfPage":{"@id":"https:\/\/zonacaral.gob.pe\/es\/noticias\/imperdible-visita-la-exposicion-gratuita-tecnologia-pesquera-y-seguridad-alimentaria-para-combatir-la-anemia\/"},"wordCount":569,"image":{"@id":"https:\/\/zonacaral.gob.pe\/es\/noticias\/imperdible-visita-la-exposicion-gratuita-tecnologia-pesquera-y-seguridad-alimentaria-para-combatir-la-anemia\/#primaryimage"},"thumbnailUrl":"https:\/\/zonacaral.gob.pe\/wp-content\/uploads\/2025\/05\/imperdible-1.png","keywords":["caral","Cultura"],"articleSection":["noticias"],"inLanguage":"es-PE"},{"@type":"WebPage","@id":"https:\/\/zonacaral.gob.pe\/es\/noticias\/imperdible-visita-la-exposicion-gratuita-tecnologia-pesquera-y-seguridad-alimentaria-para-combatir-la-anemia\/","url":"https:\/\/zonacaral.gob.pe\/es\/noticias\/imperdible-visita-la-exposicion-gratuita-tecnologia-pesquera-y-seguridad-alimentaria-para-combatir-la-anemia\/","name":"\u00a1IMPERDIBLE! Visita la exposici\u00f3n gratuita: Tecnolog\u00eda Pesquera y Seguridad Alimentaria para Combatir la Anemia","isPartOf":{"@id":"https:\/\/zonacaral.gob.pe\/es\/#website"},"primaryImageOfPage":{"@id":"https:\/\/zonacaral.gob.pe\/es\/noticias\/imperdible-visita-la-exposicion-gratuita-tecnologia-pesquera-y-seguridad-alimentaria-para-combatir-la-anemia\/#primaryimage"},"image":{"@id":"https:\/\/zonacaral.gob.pe\/es\/noticias\/imperdible-visita-la-exposicion-gratuita-tecnologia-pesquera-y-seguridad-alimentaria-para-combatir-la-anemia\/#primaryimage"},"thumbnailUrl":"https:\/\/zonacaral.gob.pe\/wp-content\/uploads\/2025\/05\/imperdible-1.png","datePublished":"2025-05-14T21:55:36+00:00","author":{"@id":"https:\/\/zonacaral.gob.pe\/es\/#\/schema\/person\/beddb4d22f71a7230c5b90913270a0ee"},"description":"La Zona Arqueol\u00f3gica Caral, Unidad Ejecutora 003 del Ministerio de Cultura, presenta la nueva exposici\u00f3n museogr\u00e1fica titulada \u00abTecnolog\u00eda Pesquera y Seguridad Alimentaria para Combatir la Anemia\u00bb, que se presenta de manera gratuita en la sala Paracas del Ministerio de Cultura, desde el 24 de abril hasta el 5 de junio de 2025.","breadcrumb":{"@id":"https:\/\/zonacaral.gob.pe\/es\/noticias\/imperdible-visita-la-exposicion-gratuita-tecnologia-pesquera-y-seguridad-alimentaria-para-combatir-la-anemia\/#breadcrumb"},"inLanguage":"es-PE","potentialAction":[{"@type":"ReadAction","target":["https:\/\/zonacaral.gob.pe\/es\/noticias\/imperdible-visita-la-exposicion-gratuita-tecnologia-pesquera-y-seguridad-alimentaria-para-combatir-la-anemia\/"]}]},{"@type":"ImageObject","inLanguage":"es-PE","@id":"https:\/\/zonacaral.gob.pe\/es\/noticias\/imperdible-visita-la-exposicion-gratuita-tecnologia-pesquera-y-seguridad-alimentaria-para-combatir-la-anemia\/#primaryimage","url":"https:\/\/zonacaral.gob.pe\/wp-content\/uploads\/2025\/05\/imperdible-1.png","contentUrl":"https:\/\/zonacaral.gob.pe\/wp-content\/uploads\/2025\/05\/imperdible-1.png","width":1500,"height":844},{"@type":"BreadcrumbList","@id":"https:\/\/zonacaral.gob.pe\/es\/noticias\/imperdible-visita-la-exposicion-gratuita-tecnologia-pesquera-y-seguridad-alimentaria-para-combatir-la-anemia\/#breadcrumb","itemListElement":[{"@type":"ListItem","position":1,"name":"Portada","item":"https:\/\/zonacaral.gob.pe\/"},{"@type":"ListItem","position":2,"name":"\u00a1IMPERDIBLE! Visita la exposici\u00f3n gratuita: Tecnolog\u00eda Pesquera y Seguridad Alimentaria para Combatir la Anemia"}]},{"@type":"WebSite","@id":"https:\/\/zonacaral.gob.pe\/es\/#website","url":"https:\/\/zonacaral.gob.pe\/es\/","name":"Zona Caral","description":"Investigamos, conservamos y difundimos el patrimonio cultural de la Civilizaci\u00f3n Caral, la m\u00e1s antigua de Am\u00e9rica.","potentialAction":[{"@type":"SearchAction","target":{"@type":"EntryPoint","urlTemplate":"https:\/\/zonacaral.gob.pe\/es\/?s={search_term_string}"},"query-input":{"@type":"PropertyValueSpecification","valueRequired":true,"valueName":"search_term_string"}}],"inLanguage":"es-PE"},{"@type":"Person","@id":"https:\/\/zonacaral.gob.pe\/es\/#\/schema\/person\/beddb4d22f71a7230c5b90913270a0ee","name":"Zona Caral Administrador","image":{"@type":"ImageObject","inLanguage":"es-PE","@id":"https:\/\/secure.gravatar.com\/avatar\/e4be162918a696358376de6446614e0f0f4062bdc5d170d6d540ada3d8b58c12?s=96&d=mm&r=g","url":"https:\/\/secure.gravatar.com\/avatar\/e4be162918a696358376de6446614e0f0f4062bdc5d170d6d540ada3d8b58c12?s=96&d=mm&r=g","contentUrl":"https:\/\/secure.gravatar.com\/avatar\/e4be162918a696358376de6446614e0f0f4062bdc5d170d6d540ada3d8b58c12?s=96&d=mm&r=g","caption":"Zona Caral Administrador"},"sameAs":["https:\/\/zonacaral.gob.pe"],"url":"https:\/\/zonacaral.gob.pe\/es\/noticias\/author\/ad_zonacaral\/"}]}},"_links":{"self":[{"href":"https:\/\/zonacaral.gob.pe\/es\/wp-json\/wp\/v2\/posts\/18334","targetHints":{"allow":["GET"]}}],"collection":[{"href":"https:\/\/zonacaral.gob.pe\/es\/wp-json\/wp\/v2\/posts"}],"about":[{"href":"https:\/\/zonacaral.gob.pe\/es\/wp-json\/wp\/v2\/types\/post"}],"author":[{"embeddable":true,"href":"https:\/\/zonacaral.gob.pe\/es\/wp-json\/wp\/v2\/users\/1"}],"replies":[{"embeddable":true,"href":"https:\/\/zonacaral.gob.pe\/es\/wp-json\/wp\/v2\/comments?post=18334"}],"version-history":[{"count":0,"href":"https:\/\/zonacaral.gob.pe\/es\/wp-json\/wp\/v2\/posts\/18334\/revisions"}],"wp:featuredmedia":[{"embeddable":true,"href":"https:\/\/zonacaral.gob.pe\/es\/wp-json\/wp\/v2\/media\/18337"}],"wp:attachment":[{"href":"https:\/\/zonacaral.gob.pe\/es\/wp-json\/wp\/v2\/media?parent=18334"}],"wp:term":[{"taxonomy":"category","embeddable":true,"href":"https:\/\/zonacaral.gob.pe\/es\/wp-json\/wp\/v2\/categories?post=18334"},{"taxonomy":"post_tag","embeddable":true,"href":"https:\/\/zonacaral.gob.pe\/es\/wp-json\/wp\/v2\/tags?post=18334"}],"curies":[{"name":"wp","href":"https:\/\/api.w.org\/{rel}","templated":true}]}}