{"id":18335,"date":"2025-05-14T17:12:58","date_gmt":"2025-05-14T22:12:58","guid":{"rendered":"https:\/\/www.zonacaral.gob.pe\/?p=18335"},"modified":"2025-05-14T17:12:58","modified_gmt":"2025-05-14T22:12:58","slug":"en-caral-existio-una-alimentacion-adecuada-y-prevencion-de-enfermedades-como-la-anemia","status":"publish","type":"post","link":"https:\/\/zonacaral.gob.pe\/es\/noticias\/en-caral-existio-una-alimentacion-adecuada-y-prevencion-de-enfermedades-como-la-anemia\/","title":{"rendered":"En Caral existi\u00f3 una alimentaci\u00f3n adecuada y prevenci\u00f3n de enfermedades como la anemia"},"content":{"rendered":"<figure class=\"pic-autor\" style=\"color: #4d4d4d; text-align: justify;\"><\/figure>\n<div class=\"gmail_default\" style=\"text-align: justify;\">\n<blockquote>\n<p><em><span style=\"font-weight: 400;\">Visita la nueva exposici\u00f3n de Caral en el Ministerio de Cultura.<\/span><\/em><\/p>\n<\/blockquote>\n<p><span style=\"font-weight: 400;\">Durante su participaci\u00f3n en el programa <\/span><a href=\"https:\/\/www.facebook.com\/CARALPERU\/videos\/1887504688699782\/\"><span style=\"font-weight: 400;\">La Hora de Caral<\/span><\/a><span style=\"font-weight: 400;\">, producido por la <\/span><a href=\"https:\/\/www.instagram.com\/caralperu\/\"><span style=\"font-weight: 400;\">Zona Arqueol\u00f3gica Caral<\/span><\/a><span style=\"font-weight: 400;\">, Unidad Ejecutora 003 del Ministerio de Cultura, la nutricionista <\/span><a href=\"https:\/\/www.instagram.com\/nutricionsinprohibicionmg\/\"><span style=\"font-weight: 400;\">Mayra Garay Rosadio<\/span><\/a><span style=\"font-weight: 400;\">, del portal <\/span><b>Salud en Casa<\/b><span style=\"font-weight: 400;\">, destac\u00f3 que las evidencias arqueol\u00f3gicas demuestran que los habitantes de Caral, hace cinco mil a\u00f1os, manten\u00edan una alimentaci\u00f3n adecuada que les permiti\u00f3 un buen desarrollo y prevenir enfermedades como la anemia.<\/span><\/p>\n<p><span style=\"font-weight: 400;\">\u201cSeg\u00fan los estudios de antropolog\u00eda nutricional, ellos (los caralinos) ten\u00edan una alimentaci\u00f3n balanceada, la anchoveta cubr\u00eda el nivel proteico, con la l\u00facuma y la achira ten\u00edan la cantidad suficiente de carbohidrato, es un alimento muy importante a consumir, para tener energ\u00eda. La guayaba, rica en vitamina C, que ayuda a fortalecer el sistema inmunol\u00f3gico, la palta tiene grasa saludable que ayuda a regular la temperatura corporal y nos protege de enfermedades degenerativas y a retener y comprender informaci\u00f3n\u201d, dijo en su visita a la <\/span><b>exposici\u00f3n museogr\u00e1fica \u00abTecnolog\u00eda Pesquera y Seguridad Alimentaria para Combatir la Anemia\u00bb<\/b><span style=\"font-weight: 400;\"> que se expone en el Ministerio de Cultura.<\/span><\/p>\n<p><span style=\"font-weight: 400;\">La especialista agreg\u00f3 que otros productos que ayudaron a su adecuada alimentaci\u00f3n son el zapallo y la l\u00facuma, ricos en vitamina A. \u201cLa L\u00facuma es muy buena para la regeneraci\u00f3n y cicatrizaci\u00f3n, es como un protector de la piel, sin querer se proteg\u00edan y preven\u00edan ciertas enfermedades\u201d.<\/span><\/p>\n<p><span style=\"font-weight: 400;\">\u201cConsumieron camote, rico en carbohidratos. Este tub\u00e9rculo hace que las personas tengan saciedad y energ\u00eda, por el color del mismo te da antioxidantes, y te ayuda a disminuir los radicales libres, que provocan el c\u00e1ncer. Se alimentaron con aj\u00ed amarillo que tiene vitamina A, betacaroteno, que cuida la piel y la vista, al mayor consumo lo que se hace es prevenir o evitar la ceguera nocturna\u201d, coment\u00f3.<\/span><\/p>\n<p><span style=\"font-weight: 400;\">Garay Rosadio resalt\u00f3 que esta alimentaci\u00f3n, basada en productos del valle y del mar, y complementada con otros obtenidos a trav\u00e9s del intercambio entre la costa, la sierra y la selva, contribuy\u00f3 a la notable producci\u00f3n en tecnolog\u00eda y ciencia de los habitantes de la Civilizaci\u00f3n Caral, as\u00ed como a la construcci\u00f3n de su imponente arquitectura monumental. \u201cTodas las maravillas que hoy podemos ver y conocer\u201d, indic\u00f3.<\/span><\/p>\n<p><span style=\"font-weight: 400;\">Por otro lado, reflexion\u00f3 sobre la p\u00e9rdida de estos h\u00e1bitos alimenticios en el presente. \u201cEn la actualidad se ha perdido el consumo de pescado, como la anchoveta, antes consumida en Caral. Este recurso marino, alto en Omega 3 y 6, ayuda al desarrollo neurol\u00f3gico y a la protecci\u00f3n cardiovascular. El consumo de grasa nos ayuda a regular la temperatura corporal; sin embargo, hemos perdido esta alimentaci\u00f3n, y si consumimos pescado es frito y pierde su valor nutricional\u201d, agreg\u00f3.<\/span><\/p>\n<p><span style=\"font-weight: 400;\">Adem\u00e1s, sostuvo que los alimentos que consumieron los caralinos, como la anchoveta y sardina, ricos en hierro, sumado a los c\u00edtricos como la guayaba, les permitieron prevenir la anemia.<\/span><\/p>\n<p><span style=\"font-weight: 400;\">En contraste, advirti\u00f3 que en la actualidad la anemia ha aumentado, afectando principalmente a los ni\u00f1os. Esto provoca que no tengan un desarrollo adecuado, presenten dificultades para concentrarse en clase, no comprendan al maestro, tengan sue\u00f1o, entre otros s\u00edntomas. \u201cA pesar de ser un pa\u00eds rico en alimentos con hierro como las legumbres y menestras, productos hidrobiol\u00f3gicos, sangrecita, h\u00edgado, v\u00edscera, bazo, y alimentos ricos en vitaminas C\u201d.<\/span><\/p>\n<p><b>DATO<\/b><\/p>\n<p><span style=\"font-weight: 400;\">Tu visita a la exposici\u00f3n museogr\u00e1fica <\/span><b>\u00abTecnolog\u00eda Pesquera y Seguridad Alimentaria para Combatir la Anemia\u00bb<\/b><span style=\"font-weight: 400;\">, te da la oportunidad de conocer gratis la Ciudad Sagrada de Caral-Supe, Patrimonio Mundial, y \u00c1spero, ciudad pesquera.<\/span><\/p>\n<p><b>\u00bfQu\u00e9 debes hacer?<\/b><\/p>\n<ul>\n<li style=\"font-weight: 400;\" aria-level=\"1\"><span style=\"font-weight: 400;\">Visita la muestra, de manera gratuita, en la sala Paracas del Ministerio de Cultura (Av. Javier Prado Este 2465, San Borja), de martes a domingo, de 9:00 a. m. a 4:00 p. m., hasta el 5 de junio.<\/span><\/li>\n<li style=\"font-weight: 400;\" aria-level=\"1\"><span style=\"font-weight: 400;\">\u00a0Responde la encuesta disponible en el lugar.<\/span><\/li>\n<li style=\"font-weight: 400;\" aria-level=\"1\"><span style=\"font-weight: 400;\">S\u00edguenos en Instagram: <\/span><a href=\"https:\/\/www.instagram.com\/caralperu\/\"><span style=\"font-weight: 400;\">@caralperu<\/span><\/a><\/li>\n<li style=\"font-weight: 400;\" aria-level=\"1\"><span style=\"font-weight: 400;\">T\u00f3mate una foto durante tu visita y comp\u00e1rtela en tus historias de Instagram. Etiqu\u00e9tanos.<\/span><\/li>\n<li style=\"font-weight: 400;\" aria-level=\"1\"><span style=\"font-weight: 400;\">Menciona a tres amigos en los comentarios del siguiente post: <\/span><a href=\"https:\/\/bit.ly\/SorteoViaje2025\"><span style=\"font-weight: 400;\">https:\/\/bit.ly\/SorteoViaje2025<\/span><\/a><span style=\"font-weight: 400;\">\u00a0<\/span><\/li>\n<\/ul>\n<p><span style=\"font-weight: 400;\">Tambi\u00e9n puedes visitar los antiguos centros urbanos de la primera civilizaci\u00f3n de Am\u00e9rica como la Ciudad Sagrada de Caral-Supe, Patrimonio Mundial, \u00c1spero,\u00a0 Vichama y Pe\u00f1ico. M\u00e1s detalles en la p\u00e1gina de la <\/span><a href=\"https:\/\/www.zonacaral.gob.pe\/ruta-caral\/\"><span style=\"font-weight: 400;\">Ruta Caral<\/span><\/a><span style=\"font-weight: 400;\">,<\/span> <span style=\"font-weight: 400;\">en las redes sociales de la <\/span><a href=\"https:\/\/tap.bio\/@caralperu\/cards\/662541\"><span style=\"font-weight: 400;\">Zona Arqueol\u00f3gica Caral<\/span><\/a><span style=\"font-weight: 400;\"> o al WhatsApp 955 881 340.<\/span><\/p>\n<p><strong style=\"font-size: inherit; text-align: justify;\">Fuente: Comunicaci\u00f3n e Imagen Institucional ZAC<\/strong><\/p>\n<\/div>\n<div style=\"color: #1f1f1f;\">\n<div style=\"color: #1f1f1f;\">\n<p style=\"text-align: justify;\">Fecha de publicaci\u00f3n: 08\/05\/2025<\/p>\n<\/div>\n<\/div>\n\n\n<p><\/p>\n","protected":false},"excerpt":{"rendered":"<p>Visita la nueva exposici\u00f3n de Caral en el Ministerio de Cultura. Durante su participaci\u00f3n en el programa La Hora de [&hellip;]<\/p>\n","protected":false},"author":1,"featured_media":18346,"comment_status":"closed","ping_status":"open","sticky":false,"template":"","format":"standard","meta":{"_acf_changed":false,"site-sidebar-layout":"default","site-content-layout":"","ast-site-content-layout":"default","site-content-style":"default","site-sidebar-style":"default","ast-global-header-display":"","ast-banner-title-visibility":"","ast-main-header-display":"","ast-hfb-above-header-display":"","ast-hfb-below-header-display":"","ast-hfb-mobile-header-display":"","site-post-title":"","ast-breadcrumbs-content":"","ast-featured-img":"","footer-sml-layout":"","ast-disable-related-posts":"","theme-transparent-header-meta":"","adv-header-id-meta":"","stick-header-meta":"","header-above-stick-meta":"","header-main-stick-meta":"","header-below-stick-meta":"","astra-migrate-meta-layouts":"default","ast-page-background-enabled":"default","ast-page-background-meta":{"desktop":{"background-color":"var(--ast-global-color-5)","background-image":"","background-repeat":"repeat","background-position":"center center","background-size":"auto","background-attachment":"scroll","background-type":"","background-media":"","overlay-type":"","overlay-color":"","overlay-opacity":"","overlay-gradient":""},"tablet":{"background-color":"","background-image":"","background-repeat":"repeat","background-position":"center center","background-size":"auto","background-attachment":"scroll","background-type":"","background-media":"","overlay-type":"","overlay-color":"","overlay-opacity":"","overlay-gradient":""},"mobile":{"background-color":"","background-image":"","background-repeat":"repeat","background-position":"center center","background-size":"auto","background-attachment":"scroll","background-type":"","background-media":"","overlay-type":"","overlay-color":"","overlay-opacity":"","overlay-gradient":""}},"ast-content-background-meta":{"desktop":{"background-color":"var(--ast-global-color-4)","background-image":"","background-repeat":"repeat","background-position":"center center","background-size":"auto","background-attachment":"scroll","background-type":"","background-media":"","overlay-type":"","overlay-color":"","overlay-opacity":"","overlay-gradient":""},"tablet":{"background-color":"var(--ast-global-color-4)","background-image":"","background-repeat":"repeat","background-position":"center center","background-size":"auto","background-attachment":"scroll","background-type":"","background-media":"","overlay-type":"","overlay-color":"","overlay-opacity":"","overlay-gradient":""},"mobile":{"background-color":"var(--ast-global-color-4)","background-image":"","background-repeat":"repeat","background-position":"center center","background-size":"auto","background-attachment":"scroll","background-type":"","background-media":"","overlay-type":"","overlay-color":"","overlay-opacity":"","overlay-gradient":""}},"footnotes":""},"categories":[208],"tags":[55,72],"class_list":["post-18335","post","type-post","status-publish","format-standard","has-post-thumbnail","hentry","category-noticias","tag-caral","tag-cultura"],"acf":[],"yoast_head":"<!-- This site is optimized with the Yoast SEO plugin v27.3 - https:\/\/yoast.com\/product\/yoast-seo-wordpress\/ -->\n<title>En Caral existi\u00f3 una alimentaci\u00f3n adecuada y prevenci\u00f3n de enfermedades como la anemia<\/title>\n<meta name=\"description\" content=\"Durante su participaci\u00f3n en el programa La Hora de Caral, producido por la Zona Arqueol\u00f3gica Caral, Unidad Ejecutora 003 del Ministerio de Cultura, la nutricionista Mayra Garay Rosadio, del portal Salud en Casa, destac\u00f3 que las evidencias arqueol\u00f3gicas demuestran que los habitantes de Caral, hace cinco mil a\u00f1os, manten\u00edan una alimentaci\u00f3n adecuada que les permiti\u00f3 un buen desarrollo y prevenir enfermedades como la anemia.\" \/>\n<meta name=\"robots\" content=\"index, follow, max-snippet:-1, max-image-preview:large, max-video-preview:-1\" \/>\n<link rel=\"canonical\" href=\"https:\/\/zonacaral.gob.pe\/es\/noticias\/en-caral-existio-una-alimentacion-adecuada-y-prevencion-de-enfermedades-como-la-anemia\/\" \/>\n<meta property=\"og:locale\" content=\"es_ES\" \/>\n<meta property=\"og:type\" content=\"article\" \/>\n<meta property=\"og:title\" content=\"En Caral existi\u00f3 una alimentaci\u00f3n adecuada y prevenci\u00f3n de enfermedades como la anemia\" \/>\n<meta property=\"og:description\" content=\"Durante su participaci\u00f3n en el programa La Hora de Caral, producido por la Zona Arqueol\u00f3gica Caral, Unidad Ejecutora 003 del Ministerio de Cultura, la nutricionista Mayra Garay Rosadio, del portal Salud en Casa, destac\u00f3 que las evidencias arqueol\u00f3gicas demuestran que los habitantes de Caral, hace cinco mil a\u00f1os, manten\u00edan una alimentaci\u00f3n adecuada que les permiti\u00f3 un buen desarrollo y prevenir enfermedades como la anemia.\" \/>\n<meta property=\"og:url\" content=\"https:\/\/zonacaral.gob.pe\/es\/noticias\/en-caral-existio-una-alimentacion-adecuada-y-prevencion-de-enfermedades-como-la-anemia\/\" \/>\n<meta property=\"og:site_name\" content=\"Zona Caral\" \/>\n<meta property=\"article:published_time\" content=\"2025-05-14T22:12:58+00:00\" \/>\n<meta property=\"og:image\" content=\"https:\/\/zonacaral.gob.pe\/wp-content\/uploads\/2025\/05\/Alimentacion_balanceada_0.png\" \/>\n\t<meta property=\"og:image:width\" content=\"1500\" \/>\n\t<meta property=\"og:image:height\" content=\"844\" \/>\n\t<meta property=\"og:image:type\" content=\"image\/png\" \/>\n<meta name=\"author\" content=\"Zona Caral Administrador\" \/>\n<meta name=\"twitter:card\" content=\"summary_large_image\" \/>\n<meta name=\"twitter:label1\" content=\"Written by\" \/>\n\t<meta name=\"twitter:data1\" content=\"Zona Caral Administrador\" \/>\n\t<meta name=\"twitter:label2\" content=\"Est. reading time\" \/>\n\t<meta name=\"twitter:data2\" content=\"4 minutos\" \/>\n<script type=\"application\/ld+json\" class=\"yoast-schema-graph\">{\"@context\":\"https:\\\/\\\/schema.org\",\"@graph\":[{\"@type\":\"Article\",\"@id\":\"https:\\\/\\\/zonacaral.gob.pe\\\/es\\\/noticias\\\/en-caral-existio-una-alimentacion-adecuada-y-prevencion-de-enfermedades-como-la-anemia\\\/#article\",\"isPartOf\":{\"@id\":\"https:\\\/\\\/zonacaral.gob.pe\\\/es\\\/noticias\\\/en-caral-existio-una-alimentacion-adecuada-y-prevencion-de-enfermedades-como-la-anemia\\\/\"},\"author\":{\"name\":\"Zona Caral Administrador\",\"@id\":\"https:\\\/\\\/zonacaral.gob.pe\\\/es\\\/#\\\/schema\\\/person\\\/beddb4d22f71a7230c5b90913270a0ee\"},\"headline\":\"En Caral existi\u00f3 una alimentaci\u00f3n adecuada y prevenci\u00f3n de enfermedades como la anemia\",\"datePublished\":\"2025-05-14T22:12:58+00:00\",\"mainEntityOfPage\":{\"@id\":\"https:\\\/\\\/zonacaral.gob.pe\\\/es\\\/noticias\\\/en-caral-existio-una-alimentacion-adecuada-y-prevencion-de-enfermedades-como-la-anemia\\\/\"},\"wordCount\":776,\"image\":{\"@id\":\"https:\\\/\\\/zonacaral.gob.pe\\\/es\\\/noticias\\\/en-caral-existio-una-alimentacion-adecuada-y-prevencion-de-enfermedades-como-la-anemia\\\/#primaryimage\"},\"thumbnailUrl\":\"https:\\\/\\\/zonacaral.gob.pe\\\/wp-content\\\/uploads\\\/2025\\\/05\\\/Alimentacion_balanceada_0.png\",\"keywords\":[\"caral\",\"Cultura\"],\"articleSection\":[\"noticias\"],\"inLanguage\":\"es-PE\"},{\"@type\":\"WebPage\",\"@id\":\"https:\\\/\\\/zonacaral.gob.pe\\\/es\\\/noticias\\\/en-caral-existio-una-alimentacion-adecuada-y-prevencion-de-enfermedades-como-la-anemia\\\/\",\"url\":\"https:\\\/\\\/zonacaral.gob.pe\\\/es\\\/noticias\\\/en-caral-existio-una-alimentacion-adecuada-y-prevencion-de-enfermedades-como-la-anemia\\\/\",\"name\":\"En Caral existi\u00f3 una alimentaci\u00f3n adecuada y prevenci\u00f3n de enfermedades como la anemia\",\"isPartOf\":{\"@id\":\"https:\\\/\\\/zonacaral.gob.pe\\\/es\\\/#website\"},\"primaryImageOfPage\":{\"@id\":\"https:\\\/\\\/zonacaral.gob.pe\\\/es\\\/noticias\\\/en-caral-existio-una-alimentacion-adecuada-y-prevencion-de-enfermedades-como-la-anemia\\\/#primaryimage\"},\"image\":{\"@id\":\"https:\\\/\\\/zonacaral.gob.pe\\\/es\\\/noticias\\\/en-caral-existio-una-alimentacion-adecuada-y-prevencion-de-enfermedades-como-la-anemia\\\/#primaryimage\"},\"thumbnailUrl\":\"https:\\\/\\\/zonacaral.gob.pe\\\/wp-content\\\/uploads\\\/2025\\\/05\\\/Alimentacion_balanceada_0.png\",\"datePublished\":\"2025-05-14T22:12:58+00:00\",\"author\":{\"@id\":\"https:\\\/\\\/zonacaral.gob.pe\\\/es\\\/#\\\/schema\\\/person\\\/beddb4d22f71a7230c5b90913270a0ee\"},\"description\":\"Durante su participaci\u00f3n en el programa La Hora de Caral, producido por la Zona Arqueol\u00f3gica Caral, Unidad Ejecutora 003 del Ministerio de Cultura, la nutricionista Mayra Garay Rosadio, del portal Salud en Casa, destac\u00f3 que las evidencias arqueol\u00f3gicas demuestran que los habitantes de Caral, hace cinco mil a\u00f1os, manten\u00edan una alimentaci\u00f3n adecuada que les permiti\u00f3 un buen desarrollo y prevenir enfermedades como la anemia.\",\"breadcrumb\":{\"@id\":\"https:\\\/\\\/zonacaral.gob.pe\\\/es\\\/noticias\\\/en-caral-existio-una-alimentacion-adecuada-y-prevencion-de-enfermedades-como-la-anemia\\\/#breadcrumb\"},\"inLanguage\":\"es-PE\",\"potentialAction\":[{\"@type\":\"ReadAction\",\"target\":[\"https:\\\/\\\/zonacaral.gob.pe\\\/es\\\/noticias\\\/en-caral-existio-una-alimentacion-adecuada-y-prevencion-de-enfermedades-como-la-anemia\\\/\"]}]},{\"@type\":\"ImageObject\",\"inLanguage\":\"es-PE\",\"@id\":\"https:\\\/\\\/zonacaral.gob.pe\\\/es\\\/noticias\\\/en-caral-existio-una-alimentacion-adecuada-y-prevencion-de-enfermedades-como-la-anemia\\\/#primaryimage\",\"url\":\"https:\\\/\\\/zonacaral.gob.pe\\\/wp-content\\\/uploads\\\/2025\\\/05\\\/Alimentacion_balanceada_0.png\",\"contentUrl\":\"https:\\\/\\\/zonacaral.gob.pe\\\/wp-content\\\/uploads\\\/2025\\\/05\\\/Alimentacion_balanceada_0.png\",\"width\":1500,\"height\":844},{\"@type\":\"BreadcrumbList\",\"@id\":\"https:\\\/\\\/zonacaral.gob.pe\\\/es\\\/noticias\\\/en-caral-existio-una-alimentacion-adecuada-y-prevencion-de-enfermedades-como-la-anemia\\\/#breadcrumb\",\"itemListElement\":[{\"@type\":\"ListItem\",\"position\":1,\"name\":\"Portada\",\"item\":\"https:\\\/\\\/zonacaral.gob.pe\\\/\"},{\"@type\":\"ListItem\",\"position\":2,\"name\":\"En Caral existi\u00f3 una alimentaci\u00f3n adecuada y prevenci\u00f3n de enfermedades como la anemia\"}]},{\"@type\":\"WebSite\",\"@id\":\"https:\\\/\\\/zonacaral.gob.pe\\\/es\\\/#website\",\"url\":\"https:\\\/\\\/zonacaral.gob.pe\\\/es\\\/\",\"name\":\"Zona Caral\",\"description\":\"Investigamos, conservamos y difundimos el patrimonio cultural de la Civilizaci\u00f3n Caral, la m\u00e1s antigua de Am\u00e9rica.\",\"potentialAction\":[{\"@type\":\"SearchAction\",\"target\":{\"@type\":\"EntryPoint\",\"urlTemplate\":\"https:\\\/\\\/zonacaral.gob.pe\\\/es\\\/?s={search_term_string}\"},\"query-input\":{\"@type\":\"PropertyValueSpecification\",\"valueRequired\":true,\"valueName\":\"search_term_string\"}}],\"inLanguage\":\"es-PE\"},{\"@type\":\"Person\",\"@id\":\"https:\\\/\\\/zonacaral.gob.pe\\\/es\\\/#\\\/schema\\\/person\\\/beddb4d22f71a7230c5b90913270a0ee\",\"name\":\"Zona Caral Administrador\",\"image\":{\"@type\":\"ImageObject\",\"inLanguage\":\"es-PE\",\"@id\":\"https:\\\/\\\/secure.gravatar.com\\\/avatar\\\/e4be162918a696358376de6446614e0f0f4062bdc5d170d6d540ada3d8b58c12?s=96&d=mm&r=g\",\"url\":\"https:\\\/\\\/secure.gravatar.com\\\/avatar\\\/e4be162918a696358376de6446614e0f0f4062bdc5d170d6d540ada3d8b58c12?s=96&d=mm&r=g\",\"contentUrl\":\"https:\\\/\\\/secure.gravatar.com\\\/avatar\\\/e4be162918a696358376de6446614e0f0f4062bdc5d170d6d540ada3d8b58c12?s=96&d=mm&r=g\",\"caption\":\"Zona Caral Administrador\"},\"sameAs\":[\"https:\\\/\\\/zonacaral.gob.pe\"],\"url\":\"https:\\\/\\\/zonacaral.gob.pe\\\/es\\\/noticias\\\/author\\\/ad_zonacaral\\\/\"}]}<\/script>\n<!-- \/ Yoast SEO plugin. -->","yoast_head_json":{"title":"En Caral existi\u00f3 una alimentaci\u00f3n adecuada y prevenci\u00f3n de enfermedades como la anemia","description":"Durante su participaci\u00f3n en el programa La Hora de Caral, producido por la Zona Arqueol\u00f3gica Caral, Unidad Ejecutora 003 del Ministerio de Cultura, la nutricionista Mayra Garay Rosadio, del portal Salud en Casa, destac\u00f3 que las evidencias arqueol\u00f3gicas demuestran que los habitantes de Caral, hace cinco mil a\u00f1os, manten\u00edan una alimentaci\u00f3n adecuada que les permiti\u00f3 un buen desarrollo y prevenir enfermedades como la anemia.","robots":{"index":"index","follow":"follow","max-snippet":"max-snippet:-1","max-image-preview":"max-image-preview:large","max-video-preview":"max-video-preview:-1"},"canonical":"https:\/\/zonacaral.gob.pe\/es\/noticias\/en-caral-existio-una-alimentacion-adecuada-y-prevencion-de-enfermedades-como-la-anemia\/","og_locale":"es_ES","og_type":"article","og_title":"En Caral existi\u00f3 una alimentaci\u00f3n adecuada y prevenci\u00f3n de enfermedades como la anemia","og_description":"Durante su participaci\u00f3n en el programa La Hora de Caral, producido por la Zona Arqueol\u00f3gica Caral, Unidad Ejecutora 003 del Ministerio de Cultura, la nutricionista Mayra Garay Rosadio, del portal Salud en Casa, destac\u00f3 que las evidencias arqueol\u00f3gicas demuestran que los habitantes de Caral, hace cinco mil a\u00f1os, manten\u00edan una alimentaci\u00f3n adecuada que les permiti\u00f3 un buen desarrollo y prevenir enfermedades como la anemia.","og_url":"https:\/\/zonacaral.gob.pe\/es\/noticias\/en-caral-existio-una-alimentacion-adecuada-y-prevencion-de-enfermedades-como-la-anemia\/","og_site_name":"Zona Caral","article_published_time":"2025-05-14T22:12:58+00:00","og_image":[{"width":1500,"height":844,"url":"https:\/\/zonacaral.gob.pe\/wp-content\/uploads\/2025\/05\/Alimentacion_balanceada_0.png","type":"image\/png"}],"author":"Zona Caral Administrador","twitter_card":"summary_large_image","twitter_misc":{"Written by":"Zona Caral Administrador","Est. reading time":"4 minutos"},"schema":{"@context":"https:\/\/schema.org","@graph":[{"@type":"Article","@id":"https:\/\/zonacaral.gob.pe\/es\/noticias\/en-caral-existio-una-alimentacion-adecuada-y-prevencion-de-enfermedades-como-la-anemia\/#article","isPartOf":{"@id":"https:\/\/zonacaral.gob.pe\/es\/noticias\/en-caral-existio-una-alimentacion-adecuada-y-prevencion-de-enfermedades-como-la-anemia\/"},"author":{"name":"Zona Caral Administrador","@id":"https:\/\/zonacaral.gob.pe\/es\/#\/schema\/person\/beddb4d22f71a7230c5b90913270a0ee"},"headline":"En Caral existi\u00f3 una alimentaci\u00f3n adecuada y prevenci\u00f3n de enfermedades como la anemia","datePublished":"2025-05-14T22:12:58+00:00","mainEntityOfPage":{"@id":"https:\/\/zonacaral.gob.pe\/es\/noticias\/en-caral-existio-una-alimentacion-adecuada-y-prevencion-de-enfermedades-como-la-anemia\/"},"wordCount":776,"image":{"@id":"https:\/\/zonacaral.gob.pe\/es\/noticias\/en-caral-existio-una-alimentacion-adecuada-y-prevencion-de-enfermedades-como-la-anemia\/#primaryimage"},"thumbnailUrl":"https:\/\/zonacaral.gob.pe\/wp-content\/uploads\/2025\/05\/Alimentacion_balanceada_0.png","keywords":["caral","Cultura"],"articleSection":["noticias"],"inLanguage":"es-PE"},{"@type":"WebPage","@id":"https:\/\/zonacaral.gob.pe\/es\/noticias\/en-caral-existio-una-alimentacion-adecuada-y-prevencion-de-enfermedades-como-la-anemia\/","url":"https:\/\/zonacaral.gob.pe\/es\/noticias\/en-caral-existio-una-alimentacion-adecuada-y-prevencion-de-enfermedades-como-la-anemia\/","name":"En Caral existi\u00f3 una alimentaci\u00f3n adecuada y prevenci\u00f3n de enfermedades como la anemia","isPartOf":{"@id":"https:\/\/zonacaral.gob.pe\/es\/#website"},"primaryImageOfPage":{"@id":"https:\/\/zonacaral.gob.pe\/es\/noticias\/en-caral-existio-una-alimentacion-adecuada-y-prevencion-de-enfermedades-como-la-anemia\/#primaryimage"},"image":{"@id":"https:\/\/zonacaral.gob.pe\/es\/noticias\/en-caral-existio-una-alimentacion-adecuada-y-prevencion-de-enfermedades-como-la-anemia\/#primaryimage"},"thumbnailUrl":"https:\/\/zonacaral.gob.pe\/wp-content\/uploads\/2025\/05\/Alimentacion_balanceada_0.png","datePublished":"2025-05-14T22:12:58+00:00","author":{"@id":"https:\/\/zonacaral.gob.pe\/es\/#\/schema\/person\/beddb4d22f71a7230c5b90913270a0ee"},"description":"Durante su participaci\u00f3n en el programa La Hora de Caral, producido por la Zona Arqueol\u00f3gica Caral, Unidad Ejecutora 003 del Ministerio de Cultura, la nutricionista Mayra Garay Rosadio, del portal Salud en Casa, destac\u00f3 que las evidencias arqueol\u00f3gicas demuestran que los habitantes de Caral, hace cinco mil a\u00f1os, manten\u00edan una alimentaci\u00f3n adecuada que les permiti\u00f3 un buen desarrollo y prevenir enfermedades como la anemia.","breadcrumb":{"@id":"https:\/\/zonacaral.gob.pe\/es\/noticias\/en-caral-existio-una-alimentacion-adecuada-y-prevencion-de-enfermedades-como-la-anemia\/#breadcrumb"},"inLanguage":"es-PE","potentialAction":[{"@type":"ReadAction","target":["https:\/\/zonacaral.gob.pe\/es\/noticias\/en-caral-existio-una-alimentacion-adecuada-y-prevencion-de-enfermedades-como-la-anemia\/"]}]},{"@type":"ImageObject","inLanguage":"es-PE","@id":"https:\/\/zonacaral.gob.pe\/es\/noticias\/en-caral-existio-una-alimentacion-adecuada-y-prevencion-de-enfermedades-como-la-anemia\/#primaryimage","url":"https:\/\/zonacaral.gob.pe\/wp-content\/uploads\/2025\/05\/Alimentacion_balanceada_0.png","contentUrl":"https:\/\/zonacaral.gob.pe\/wp-content\/uploads\/2025\/05\/Alimentacion_balanceada_0.png","width":1500,"height":844},{"@type":"BreadcrumbList","@id":"https:\/\/zonacaral.gob.pe\/es\/noticias\/en-caral-existio-una-alimentacion-adecuada-y-prevencion-de-enfermedades-como-la-anemia\/#breadcrumb","itemListElement":[{"@type":"ListItem","position":1,"name":"Portada","item":"https:\/\/zonacaral.gob.pe\/"},{"@type":"ListItem","position":2,"name":"En Caral existi\u00f3 una alimentaci\u00f3n adecuada y prevenci\u00f3n de enfermedades como la anemia"}]},{"@type":"WebSite","@id":"https:\/\/zonacaral.gob.pe\/es\/#website","url":"https:\/\/zonacaral.gob.pe\/es\/","name":"Zona Caral","description":"Investigamos, conservamos y difundimos el patrimonio cultural de la Civilizaci\u00f3n Caral, la m\u00e1s antigua de Am\u00e9rica.","potentialAction":[{"@type":"SearchAction","target":{"@type":"EntryPoint","urlTemplate":"https:\/\/zonacaral.gob.pe\/es\/?s={search_term_string}"},"query-input":{"@type":"PropertyValueSpecification","valueRequired":true,"valueName":"search_term_string"}}],"inLanguage":"es-PE"},{"@type":"Person","@id":"https:\/\/zonacaral.gob.pe\/es\/#\/schema\/person\/beddb4d22f71a7230c5b90913270a0ee","name":"Zona Caral Administrador","image":{"@type":"ImageObject","inLanguage":"es-PE","@id":"https:\/\/secure.gravatar.com\/avatar\/e4be162918a696358376de6446614e0f0f4062bdc5d170d6d540ada3d8b58c12?s=96&d=mm&r=g","url":"https:\/\/secure.gravatar.com\/avatar\/e4be162918a696358376de6446614e0f0f4062bdc5d170d6d540ada3d8b58c12?s=96&d=mm&r=g","contentUrl":"https:\/\/secure.gravatar.com\/avatar\/e4be162918a696358376de6446614e0f0f4062bdc5d170d6d540ada3d8b58c12?s=96&d=mm&r=g","caption":"Zona Caral Administrador"},"sameAs":["https:\/\/zonacaral.gob.pe"],"url":"https:\/\/zonacaral.gob.pe\/es\/noticias\/author\/ad_zonacaral\/"}]}},"_links":{"self":[{"href":"https:\/\/zonacaral.gob.pe\/es\/wp-json\/wp\/v2\/posts\/18335","targetHints":{"allow":["GET"]}}],"collection":[{"href":"https:\/\/zonacaral.gob.pe\/es\/wp-json\/wp\/v2\/posts"}],"about":[{"href":"https:\/\/zonacaral.gob.pe\/es\/wp-json\/wp\/v2\/types\/post"}],"author":[{"embeddable":true,"href":"https:\/\/zonacaral.gob.pe\/es\/wp-json\/wp\/v2\/users\/1"}],"replies":[{"embeddable":true,"href":"https:\/\/zonacaral.gob.pe\/es\/wp-json\/wp\/v2\/comments?post=18335"}],"version-history":[{"count":0,"href":"https:\/\/zonacaral.gob.pe\/es\/wp-json\/wp\/v2\/posts\/18335\/revisions"}],"wp:featuredmedia":[{"embeddable":true,"href":"https:\/\/zonacaral.gob.pe\/es\/wp-json\/wp\/v2\/media\/18346"}],"wp:attachment":[{"href":"https:\/\/zonacaral.gob.pe\/es\/wp-json\/wp\/v2\/media?parent=18335"}],"wp:term":[{"taxonomy":"category","embeddable":true,"href":"https:\/\/zonacaral.gob.pe\/es\/wp-json\/wp\/v2\/categories?post=18335"},{"taxonomy":"post_tag","embeddable":true,"href":"https:\/\/zonacaral.gob.pe\/es\/wp-json\/wp\/v2\/tags?post=18335"}],"curies":[{"name":"wp","href":"https:\/\/api.w.org\/{rel}","templated":true}]}}