{"id":18368,"date":"2025-05-19T16:28:09","date_gmt":"2025-05-19T21:28:09","guid":{"rendered":"https:\/\/www.zonacaral.gob.pe\/?p=18368"},"modified":"2025-05-19T16:28:09","modified_gmt":"2025-05-19T21:28:09","slug":"vista-nuestra-exposicion-en-el-ministerio-de-cultura-y-gana-un-viaje-a-caral","status":"publish","type":"post","link":"https:\/\/zonacaral.gob.pe\/es\/noticias\/vista-nuestra-exposicion-en-el-ministerio-de-cultura-y-gana-un-viaje-a-caral\/","title":{"rendered":"Visita nuestra exposici\u00f3n en el Ministerio de Cultura y gana un viaje a Caral"},"content":{"rendered":"<figure class=\"pic-autor\" style=\"color: #4d4d4d; text-align: justify;\"><\/figure>\n<div class=\"gmail_default\" style=\"text-align: justify;\">\n<blockquote>\n<p><span style=\"font-weight: 400;\">Transmitimos y acercamos el patrimonio cultural.<\/span><\/p>\n<\/blockquote>\n<p><span style=\"font-weight: 400;\">La <\/span><a href=\"https:\/\/www.instagram.com\/caralperu\/?hl=es-la\"><span style=\"font-weight: 400;\">Zona Arqueol\u00f3gica Caral<\/span><\/a><span style=\"font-weight: 400;\"> (ZAC), Unidad Ejecutora 003 del Ministerio de Cultura, contin\u00faa celebrando el D\u00eda Internacional de los Museos, por lo que sortear\u00e1 un Viaje Cultural a la Ciudad Sagrada de Caral-Supe, Patrimonio Mundial, entre quienes visiten la exposici\u00f3n museogr\u00e1fica <\/span><b>\u00abTecnolog\u00eda Pesquera y Seguridad Alimentaria para Combatir la Anemia\u00bb<\/b><span style=\"font-weight: 400;\">, hasta el jueves, 5 de junio, en la sala Paracas del Ministerio de Cultura (<\/span><a href=\"https:\/\/maps.app.goo.gl\/M2W5CVDgSDAcWzyh6\"><span style=\"font-weight: 400;\">Av. Javier Prado Este 2465<\/span><\/a><span style=\"font-weight: 400;\">, San Borja).<\/span><\/p>\n<p><span style=\"font-weight: 400;\">El ingreso a la exposici\u00f3n es libre y est\u00e1 abierta al p\u00fablico <\/span><b>de martes a domingo<\/b><span style=\"font-weight: 400;\">, en el horario <\/span><b>de 9:00 a. m. a 4:00 p. m.<\/b><span style=\"font-weight: 400;\"> Para participar en el sorteo, solo debes solicitar y llenar una hoja de encuesta. El sorteo se realizar\u00e1 el <\/span><b>5 de junio<\/b><span style=\"font-weight: 400;\">,<\/span> <span style=\"font-weight: 400;\">\u00faltimo d\u00eda de la muestra, a las 4:00 p. m. y el nombre del ganador ser\u00e1 anunciado a trav\u00e9s de las redes sociales de la ZAC.<\/span><\/p>\n<p><b>Premio: un Viaje Cultural<\/b><\/p>\n<p><span style=\"font-weight: 400;\">Los <\/span><a href=\"https:\/\/www.zonacaral.gob.pe\/ruta-caral\/viajes-culturales.html\"><span style=\"font-weight: 400;\">Viajes Culturales<\/span><\/a><span style=\"font-weight: 400;\"> son una iniciativa de la Zona Arqueol\u00f3gica Caral que promueve el conocimiento y la valoraci\u00f3n del patrimonio arqueol\u00f3gico peruano. A trav\u00e9s de visitas guiadas a los antiguos centros urbanos de la Civilizaci\u00f3n Caral, los participantes conocen directamente la historia social de la primera civilizaci\u00f3n de Am\u00e9rica.&nbsp;<\/span><\/p>\n<p><span style=\"font-weight: 400;\">La persona ganadora (mayor de edad) podr\u00e1 asistir con un acompa\u00f1ante a un viaje de todo un d\u00eda para conocer la Ciudad Sagrada de Caral-Supe y otro centro urbano (\u00c1spero o Vichama). Adem\u00e1s, podr\u00e1 elegir el mes y el d\u00eda del viaje, seg\u00fan la programaci\u00f3n del plan de Viajes Culturales de la Zona Arqueol\u00f3gica Caral.<\/span><\/p>\n<p><span style=\"font-weight: 400;\">El viaje incluye el traslado (ida y vuelta) desde la explanada del Ministerio de Cultura. Tambi\u00e9n cubre los tickets de ingreso y el pago al int\u00e9rprete del patrimonio cultural de cada sitio arqueol\u00f3gico. No incluye alimentaci\u00f3n.<\/span><\/p>\n<p><span style=\"font-weight: 400;\">Si quieres participar en los <\/span><a href=\"https:\/\/www.zonacaral.gob.pe\/ruta-caral\/viajes-culturales.html\"><span style=\"font-weight: 400;\">Viajes Culturales<\/span><\/a><span style=\"font-weight: 400;\"> de la <\/span><a href=\"https:\/\/www.instagram.com\/caralperu\/?hl=es\"><span style=\"font-weight: 400;\">Zona Arqueol\u00f3gica Caral<\/span><\/a><span style=\"font-weight: 400;\">, solicita informaci\u00f3n escribiendo al <\/span><b>WhatsApp: 955 881 340<\/b><span style=\"font-weight: 400;\">.<\/span><\/p>\n<p><b>\u00bfQu\u00e9 conocer\u00e1s en la exposici\u00f3n?<\/b><\/p>\n<p><span style=\"font-weight: 400;\">En la muestra encontrar\u00e1s la informaci\u00f3n detallada sobre los hallazgos realizados en los centros urbanos de la<\/span><a href=\"https:\/\/youtu.be\/uAJpjcgLits\"> <span style=\"font-weight: 400;\">Civilizaci\u00f3n Caral<\/span><\/a><span style=\"font-weight: 400;\">; en espec\u00edfico, en<\/span><a href=\"https:\/\/www.zonacaral.gob.pe\/ruta-caral\/aspero.html\"> <span style=\"font-weight: 400;\">\u00c1spero<\/span><\/a><span style=\"font-weight: 400;\">, ciudad pesquera de Caral, los cuales evidencian el desarrollo de conocimientos en ciencia y tecnolog\u00eda, hace cinco mil a\u00f1os, y los productos alimenticios, del mar y del valle, que consumieron e intercambiaron en condiciones de paz con sociedades de la costa, la sierra y la selva.<\/span><\/p>\n<p><span style=\"font-weight: 400;\">Asimismo,conocer\u00e1s la tecnolog\u00eda pesquera, como las redes de pesca y anzuelos, que crearon para capturar los diferentes peces y moluscos de nuestro rico mar; entre ellos y el m\u00e1s consumido, la anchoveta, producto que supieron conservar y almacenar para asegurar la provisi\u00f3n de alimentos.<\/span><\/p>\n<p><span style=\"font-weight: 400;\">En esta exposici\u00f3n se hace especial \u00e9nfasis en los productos consumidos por la antigua sociedad caralina que logr\u00f3 mantener una adecuada alimentaci\u00f3n, balanceada y saludable, y adem\u00e1s, se busca generar reflexiones sobre el modelo de alimentaci\u00f3n que tenemos en la actualidad, y c\u00f3mo podemos prevenir enfermedades, como la anemia, mal que afecta a las poblaciones vulnerables del pa\u00eds y del mundo, en espec\u00edfico a los ni\u00f1os.<\/span><\/p>\n<p><b>Hallazgo de personajes de \u00e9lite<\/b><\/p>\n<p><span style=\"font-weight: 400;\">La muestra tambi\u00e9n incluye importantes hallazgos arqueol\u00f3gicos, como el \u00faltimo realizado en el edificio Huaca de Los \u00cddolos de \u00c1spero: el <\/span><a href=\"https:\/\/www.gob.pe\/institucion\/caral\/noticias\/1155966-civilizacion-caral-descubren-entierro-de-una-mujer-de-elite-y-evidencias-de-las-relaciones-interculturales\"><span style=\"font-weight: 400;\">entierro de una mujer<\/span><\/a><span style=\"font-weight: 400;\"> de entre 20 y 35 a\u00f1os de edad, que habr\u00eda pertenecido a la \u00e9lite de la Civilizaci\u00f3n Caral, ya que fue enterrada cuidadosamente junto a diversos objetos valiosos para la \u00e9poca. Tambi\u00e9n se exhibe el ajuar de la <\/span><b>Dama de los Cuatro Tupus<\/b><span style=\"font-weight: 400;\">, otra mujer de alto rango dentro de la sociedad caralina, as\u00ed como el entierro de un var\u00f3n acompa\u00f1ado de bienes significativos, que reflejan su posici\u00f3n jer\u00e1rquica.<\/span><\/p>\n<p><b>DATO<\/b><\/p>\n<p><span style=\"font-weight: 400;\">Entre los visitantes a la exposici\u00f3n museogr\u00e1fica tambi\u00e9n se sortear\u00e1n <\/span><b>10 tickets de ingreso gratuito <\/b><span style=\"font-weight: 400;\">a la Ciudad Sagrada de Caral-Supe, como parte del compromiso institucional de promover y acercar el patrimonio cultural a la poblaci\u00f3n.<\/span><\/p>\n<p><span style=\"font-weight: 400;\">Si quieres participar en los <\/span><a href=\"https:\/\/www.zonacaral.gob.pe\/ruta-caral\/viajes-culturales.html\"><span style=\"font-weight: 400;\">Viajes Culturales<\/span><\/a><span style=\"font-weight: 400;\"> de la <\/span><a href=\"https:\/\/www.instagram.com\/caralperu\/?hl=es\"><span style=\"font-weight: 400;\">Zona Arqueol\u00f3gica Caral<\/span><\/a><span style=\"font-weight: 400;\">, solicita informaci\u00f3n escribiendo al <\/span><b>WhatsApp: 955 881 340<\/b><span style=\"font-weight: 400;\">.<\/span><\/p>\n<p><strong style=\"font-size: inherit; text-align: justify;\">Fuente: Comunicaci\u00f3n e Imagen Institucional ZAC<\/strong><\/p>\n<\/div>\n<div style=\"color: #1f1f1f;\">\n<div style=\"color: #1f1f1f;\">\n<p style=\"text-align: justify;\">Fecha de publicaci\u00f3n: 19\/05\/2025<\/p>\n<\/div>\n<\/div>\n\n\n<p><\/p>\n","protected":false},"excerpt":{"rendered":"<p>Transmitimos y acercamos el patrimonio cultural. La Zona Arqueol\u00f3gica Caral (ZAC), Unidad Ejecutora 003 del Ministerio de Cultura, contin\u00faa celebrando [&hellip;]<\/p>\n","protected":false},"author":1,"featured_media":18369,"comment_status":"closed","ping_status":"open","sticky":false,"template":"","format":"standard","meta":{"_acf_changed":false,"site-sidebar-layout":"default","site-content-layout":"","ast-site-content-layout":"default","site-content-style":"default","site-sidebar-style":"default","ast-global-header-display":"","ast-banner-title-visibility":"","ast-main-header-display":"","ast-hfb-above-header-display":"","ast-hfb-below-header-display":"","ast-hfb-mobile-header-display":"","site-post-title":"","ast-breadcrumbs-content":"","ast-featured-img":"","footer-sml-layout":"","ast-disable-related-posts":"","theme-transparent-header-meta":"","adv-header-id-meta":"","stick-header-meta":"","header-above-stick-meta":"","header-main-stick-meta":"","header-below-stick-meta":"","astra-migrate-meta-layouts":"default","ast-page-background-enabled":"default","ast-page-background-meta":{"desktop":{"background-color":"var(--ast-global-color-5)","background-image":"","background-repeat":"repeat","background-position":"center center","background-size":"auto","background-attachment":"scroll","background-type":"","background-media":"","overlay-type":"","overlay-color":"","overlay-opacity":"","overlay-gradient":""},"tablet":{"background-color":"","background-image":"","background-repeat":"repeat","background-position":"center center","background-size":"auto","background-attachment":"scroll","background-type":"","background-media":"","overlay-type":"","overlay-color":"","overlay-opacity":"","overlay-gradient":""},"mobile":{"background-color":"","background-image":"","background-repeat":"repeat","background-position":"center center","background-size":"auto","background-attachment":"scroll","background-type":"","background-media":"","overlay-type":"","overlay-color":"","overlay-opacity":"","overlay-gradient":""}},"ast-content-background-meta":{"desktop":{"background-color":"var(--ast-global-color-4)","background-image":"","background-repeat":"repeat","background-position":"center center","background-size":"auto","background-attachment":"scroll","background-type":"","background-media":"","overlay-type":"","overlay-color":"","overlay-opacity":"","overlay-gradient":""},"tablet":{"background-color":"var(--ast-global-color-4)","background-image":"","background-repeat":"repeat","background-position":"center center","background-size":"auto","background-attachment":"scroll","background-type":"","background-media":"","overlay-type":"","overlay-color":"","overlay-opacity":"","overlay-gradient":""},"mobile":{"background-color":"var(--ast-global-color-4)","background-image":"","background-repeat":"repeat","background-position":"center center","background-size":"auto","background-attachment":"scroll","background-type":"","background-media":"","overlay-type":"","overlay-color":"","overlay-opacity":"","overlay-gradient":""}},"footnotes":""},"categories":[208],"tags":[55,72],"class_list":["post-18368","post","type-post","status-publish","format-standard","has-post-thumbnail","hentry","category-noticias","tag-caral","tag-cultura"],"acf":[],"yoast_head":"<!-- This site is optimized with the Yoast SEO plugin v27.3 - https:\/\/yoast.com\/product\/yoast-seo-wordpress\/ -->\n<title>Visita nuestra exposici\u00f3n en el Ministerio de Cultura y gana un viaje a Caral<\/title>\n<meta name=\"description\" content=\"La Zona Arqueol\u00f3gica Caral (ZAC), Unidad Ejecutora 003 del Ministerio de Cultura, contin\u00faa celebrando el D\u00eda Internacional de los Museos, por lo que sortear\u00e1 un Viaje Cultural a la Ciudad Sagrada de Caral-Supe, Patrimonio Mundial, entre quienes visiten la exposici\u00f3n museogr\u00e1fica \u00abTecnolog\u00eda Pesquera y Seguridad Alimentaria para Combatir la Anemia\u00bb, hasta el jueves, 5 de junio, en la sala Paracas del Ministerio de Cultura (Av. Javier Prado Este 2465, San Borja).\" \/>\n<meta name=\"robots\" content=\"index, follow, max-snippet:-1, max-image-preview:large, max-video-preview:-1\" \/>\n<link rel=\"canonical\" href=\"https:\/\/zonacaral.gob.pe\/es\/noticias\/vista-nuestra-exposicion-en-el-ministerio-de-cultura-y-gana-un-viaje-a-caral\/\" \/>\n<meta property=\"og:locale\" content=\"es_ES\" \/>\n<meta property=\"og:type\" content=\"article\" \/>\n<meta property=\"og:title\" content=\"Visita nuestra exposici\u00f3n en el Ministerio de Cultura y gana un viaje a Caral\" \/>\n<meta property=\"og:description\" content=\"La Zona Arqueol\u00f3gica Caral (ZAC), Unidad Ejecutora 003 del Ministerio de Cultura, contin\u00faa celebrando el D\u00eda Internacional de los Museos, por lo que sortear\u00e1 un Viaje Cultural a la Ciudad Sagrada de Caral-Supe, Patrimonio Mundial, entre quienes visiten la exposici\u00f3n museogr\u00e1fica \u00abTecnolog\u00eda Pesquera y Seguridad Alimentaria para Combatir la Anemia\u00bb, hasta el jueves, 5 de junio, en la sala Paracas del Ministerio de Cultura (Av. Javier Prado Este 2465, San Borja).\" \/>\n<meta property=\"og:url\" content=\"https:\/\/zonacaral.gob.pe\/es\/noticias\/vista-nuestra-exposicion-en-el-ministerio-de-cultura-y-gana-un-viaje-a-caral\/\" \/>\n<meta property=\"og:site_name\" content=\"Zona Caral\" \/>\n<meta property=\"article:published_time\" content=\"2025-05-19T21:28:09+00:00\" \/>\n<meta property=\"og:image\" content=\"https:\/\/zonacaral.gob.pe\/wp-content\/uploads\/2025\/05\/concurso-1.jpg\" \/>\n\t<meta property=\"og:image:width\" content=\"1500\" \/>\n\t<meta property=\"og:image:height\" content=\"840\" \/>\n\t<meta property=\"og:image:type\" content=\"image\/jpeg\" \/>\n<meta name=\"author\" content=\"Zona Caral Administrador\" \/>\n<meta name=\"twitter:card\" content=\"summary_large_image\" \/>\n<meta name=\"twitter:label1\" content=\"Written by\" \/>\n\t<meta name=\"twitter:data1\" content=\"Zona Caral Administrador\" \/>\n\t<meta name=\"twitter:label2\" content=\"Est. reading time\" \/>\n\t<meta name=\"twitter:data2\" content=\"4 minutos\" \/>\n<script type=\"application\/ld+json\" class=\"yoast-schema-graph\">{\"@context\":\"https:\\\/\\\/schema.org\",\"@graph\":[{\"@type\":\"Article\",\"@id\":\"https:\\\/\\\/zonacaral.gob.pe\\\/es\\\/noticias\\\/vista-nuestra-exposicion-en-el-ministerio-de-cultura-y-gana-un-viaje-a-caral\\\/#article\",\"isPartOf\":{\"@id\":\"https:\\\/\\\/zonacaral.gob.pe\\\/es\\\/noticias\\\/vista-nuestra-exposicion-en-el-ministerio-de-cultura-y-gana-un-viaje-a-caral\\\/\"},\"author\":{\"name\":\"Zona Caral Administrador\",\"@id\":\"https:\\\/\\\/zonacaral.gob.pe\\\/es\\\/#\\\/schema\\\/person\\\/beddb4d22f71a7230c5b90913270a0ee\"},\"headline\":\"Visita nuestra exposici\u00f3n en el Ministerio de Cultura y gana un viaje a Caral\",\"datePublished\":\"2025-05-19T21:28:09+00:00\",\"mainEntityOfPage\":{\"@id\":\"https:\\\/\\\/zonacaral.gob.pe\\\/es\\\/noticias\\\/vista-nuestra-exposicion-en-el-ministerio-de-cultura-y-gana-un-viaje-a-caral\\\/\"},\"wordCount\":735,\"image\":{\"@id\":\"https:\\\/\\\/zonacaral.gob.pe\\\/es\\\/noticias\\\/vista-nuestra-exposicion-en-el-ministerio-de-cultura-y-gana-un-viaje-a-caral\\\/#primaryimage\"},\"thumbnailUrl\":\"https:\\\/\\\/zonacaral.gob.pe\\\/wp-content\\\/uploads\\\/2025\\\/05\\\/concurso-1.jpg\",\"keywords\":[\"caral\",\"Cultura\"],\"articleSection\":[\"noticias\"],\"inLanguage\":\"es-PE\"},{\"@type\":\"WebPage\",\"@id\":\"https:\\\/\\\/zonacaral.gob.pe\\\/es\\\/noticias\\\/vista-nuestra-exposicion-en-el-ministerio-de-cultura-y-gana-un-viaje-a-caral\\\/\",\"url\":\"https:\\\/\\\/zonacaral.gob.pe\\\/es\\\/noticias\\\/vista-nuestra-exposicion-en-el-ministerio-de-cultura-y-gana-un-viaje-a-caral\\\/\",\"name\":\"Visita nuestra exposici\u00f3n en el Ministerio de Cultura y gana un viaje a Caral\",\"isPartOf\":{\"@id\":\"https:\\\/\\\/zonacaral.gob.pe\\\/es\\\/#website\"},\"primaryImageOfPage\":{\"@id\":\"https:\\\/\\\/zonacaral.gob.pe\\\/es\\\/noticias\\\/vista-nuestra-exposicion-en-el-ministerio-de-cultura-y-gana-un-viaje-a-caral\\\/#primaryimage\"},\"image\":{\"@id\":\"https:\\\/\\\/zonacaral.gob.pe\\\/es\\\/noticias\\\/vista-nuestra-exposicion-en-el-ministerio-de-cultura-y-gana-un-viaje-a-caral\\\/#primaryimage\"},\"thumbnailUrl\":\"https:\\\/\\\/zonacaral.gob.pe\\\/wp-content\\\/uploads\\\/2025\\\/05\\\/concurso-1.jpg\",\"datePublished\":\"2025-05-19T21:28:09+00:00\",\"author\":{\"@id\":\"https:\\\/\\\/zonacaral.gob.pe\\\/es\\\/#\\\/schema\\\/person\\\/beddb4d22f71a7230c5b90913270a0ee\"},\"description\":\"La Zona Arqueol\u00f3gica Caral (ZAC), Unidad Ejecutora 003 del Ministerio de Cultura, contin\u00faa celebrando el D\u00eda Internacional de los Museos, por lo que sortear\u00e1 un Viaje Cultural a la Ciudad Sagrada de Caral-Supe, Patrimonio Mundial, entre quienes visiten la exposici\u00f3n museogr\u00e1fica \u00abTecnolog\u00eda Pesquera y Seguridad Alimentaria para Combatir la Anemia\u00bb, hasta el jueves, 5 de junio, en la sala Paracas del Ministerio de Cultura (Av. Javier Prado Este 2465, San Borja).\",\"breadcrumb\":{\"@id\":\"https:\\\/\\\/zonacaral.gob.pe\\\/es\\\/noticias\\\/vista-nuestra-exposicion-en-el-ministerio-de-cultura-y-gana-un-viaje-a-caral\\\/#breadcrumb\"},\"inLanguage\":\"es-PE\",\"potentialAction\":[{\"@type\":\"ReadAction\",\"target\":[\"https:\\\/\\\/zonacaral.gob.pe\\\/es\\\/noticias\\\/vista-nuestra-exposicion-en-el-ministerio-de-cultura-y-gana-un-viaje-a-caral\\\/\"]}]},{\"@type\":\"ImageObject\",\"inLanguage\":\"es-PE\",\"@id\":\"https:\\\/\\\/zonacaral.gob.pe\\\/es\\\/noticias\\\/vista-nuestra-exposicion-en-el-ministerio-de-cultura-y-gana-un-viaje-a-caral\\\/#primaryimage\",\"url\":\"https:\\\/\\\/zonacaral.gob.pe\\\/wp-content\\\/uploads\\\/2025\\\/05\\\/concurso-1.jpg\",\"contentUrl\":\"https:\\\/\\\/zonacaral.gob.pe\\\/wp-content\\\/uploads\\\/2025\\\/05\\\/concurso-1.jpg\",\"width\":1500,\"height\":840},{\"@type\":\"BreadcrumbList\",\"@id\":\"https:\\\/\\\/zonacaral.gob.pe\\\/es\\\/noticias\\\/vista-nuestra-exposicion-en-el-ministerio-de-cultura-y-gana-un-viaje-a-caral\\\/#breadcrumb\",\"itemListElement\":[{\"@type\":\"ListItem\",\"position\":1,\"name\":\"Portada\",\"item\":\"https:\\\/\\\/zonacaral.gob.pe\\\/\"},{\"@type\":\"ListItem\",\"position\":2,\"name\":\"Visita nuestra exposici\u00f3n en el Ministerio de Cultura y gana un viaje a Caral\"}]},{\"@type\":\"WebSite\",\"@id\":\"https:\\\/\\\/zonacaral.gob.pe\\\/es\\\/#website\",\"url\":\"https:\\\/\\\/zonacaral.gob.pe\\\/es\\\/\",\"name\":\"Zona Caral\",\"description\":\"Investigamos, conservamos y difundimos el patrimonio cultural de la Civilizaci\u00f3n Caral, la m\u00e1s antigua de Am\u00e9rica.\",\"potentialAction\":[{\"@type\":\"SearchAction\",\"target\":{\"@type\":\"EntryPoint\",\"urlTemplate\":\"https:\\\/\\\/zonacaral.gob.pe\\\/es\\\/?s={search_term_string}\"},\"query-input\":{\"@type\":\"PropertyValueSpecification\",\"valueRequired\":true,\"valueName\":\"search_term_string\"}}],\"inLanguage\":\"es-PE\"},{\"@type\":\"Person\",\"@id\":\"https:\\\/\\\/zonacaral.gob.pe\\\/es\\\/#\\\/schema\\\/person\\\/beddb4d22f71a7230c5b90913270a0ee\",\"name\":\"Zona Caral Administrador\",\"image\":{\"@type\":\"ImageObject\",\"inLanguage\":\"es-PE\",\"@id\":\"https:\\\/\\\/secure.gravatar.com\\\/avatar\\\/e4be162918a696358376de6446614e0f0f4062bdc5d170d6d540ada3d8b58c12?s=96&d=mm&r=g\",\"url\":\"https:\\\/\\\/secure.gravatar.com\\\/avatar\\\/e4be162918a696358376de6446614e0f0f4062bdc5d170d6d540ada3d8b58c12?s=96&d=mm&r=g\",\"contentUrl\":\"https:\\\/\\\/secure.gravatar.com\\\/avatar\\\/e4be162918a696358376de6446614e0f0f4062bdc5d170d6d540ada3d8b58c12?s=96&d=mm&r=g\",\"caption\":\"Zona Caral Administrador\"},\"sameAs\":[\"https:\\\/\\\/zonacaral.gob.pe\"],\"url\":\"https:\\\/\\\/zonacaral.gob.pe\\\/es\\\/noticias\\\/author\\\/ad_zonacaral\\\/\"}]}<\/script>\n<!-- \/ Yoast SEO plugin. -->","yoast_head_json":{"title":"Visita nuestra exposici\u00f3n en el Ministerio de Cultura y gana un viaje a Caral","description":"La Zona Arqueol\u00f3gica Caral (ZAC), Unidad Ejecutora 003 del Ministerio de Cultura, contin\u00faa celebrando el D\u00eda Internacional de los Museos, por lo que sortear\u00e1 un Viaje Cultural a la Ciudad Sagrada de Caral-Supe, Patrimonio Mundial, entre quienes visiten la exposici\u00f3n museogr\u00e1fica \u00abTecnolog\u00eda Pesquera y Seguridad Alimentaria para Combatir la Anemia\u00bb, hasta el jueves, 5 de junio, en la sala Paracas del Ministerio de Cultura (Av. Javier Prado Este 2465, San Borja).","robots":{"index":"index","follow":"follow","max-snippet":"max-snippet:-1","max-image-preview":"max-image-preview:large","max-video-preview":"max-video-preview:-1"},"canonical":"https:\/\/zonacaral.gob.pe\/es\/noticias\/vista-nuestra-exposicion-en-el-ministerio-de-cultura-y-gana-un-viaje-a-caral\/","og_locale":"es_ES","og_type":"article","og_title":"Visita nuestra exposici\u00f3n en el Ministerio de Cultura y gana un viaje a Caral","og_description":"La Zona Arqueol\u00f3gica Caral (ZAC), Unidad Ejecutora 003 del Ministerio de Cultura, contin\u00faa celebrando el D\u00eda Internacional de los Museos, por lo que sortear\u00e1 un Viaje Cultural a la Ciudad Sagrada de Caral-Supe, Patrimonio Mundial, entre quienes visiten la exposici\u00f3n museogr\u00e1fica \u00abTecnolog\u00eda Pesquera y Seguridad Alimentaria para Combatir la Anemia\u00bb, hasta el jueves, 5 de junio, en la sala Paracas del Ministerio de Cultura (Av. Javier Prado Este 2465, San Borja).","og_url":"https:\/\/zonacaral.gob.pe\/es\/noticias\/vista-nuestra-exposicion-en-el-ministerio-de-cultura-y-gana-un-viaje-a-caral\/","og_site_name":"Zona Caral","article_published_time":"2025-05-19T21:28:09+00:00","og_image":[{"width":1500,"height":840,"url":"https:\/\/zonacaral.gob.pe\/wp-content\/uploads\/2025\/05\/concurso-1.jpg","type":"image\/jpeg"}],"author":"Zona Caral Administrador","twitter_card":"summary_large_image","twitter_misc":{"Written by":"Zona Caral Administrador","Est. reading time":"4 minutos"},"schema":{"@context":"https:\/\/schema.org","@graph":[{"@type":"Article","@id":"https:\/\/zonacaral.gob.pe\/es\/noticias\/vista-nuestra-exposicion-en-el-ministerio-de-cultura-y-gana-un-viaje-a-caral\/#article","isPartOf":{"@id":"https:\/\/zonacaral.gob.pe\/es\/noticias\/vista-nuestra-exposicion-en-el-ministerio-de-cultura-y-gana-un-viaje-a-caral\/"},"author":{"name":"Zona Caral Administrador","@id":"https:\/\/zonacaral.gob.pe\/es\/#\/schema\/person\/beddb4d22f71a7230c5b90913270a0ee"},"headline":"Visita nuestra exposici\u00f3n en el Ministerio de Cultura y gana un viaje a Caral","datePublished":"2025-05-19T21:28:09+00:00","mainEntityOfPage":{"@id":"https:\/\/zonacaral.gob.pe\/es\/noticias\/vista-nuestra-exposicion-en-el-ministerio-de-cultura-y-gana-un-viaje-a-caral\/"},"wordCount":735,"image":{"@id":"https:\/\/zonacaral.gob.pe\/es\/noticias\/vista-nuestra-exposicion-en-el-ministerio-de-cultura-y-gana-un-viaje-a-caral\/#primaryimage"},"thumbnailUrl":"https:\/\/zonacaral.gob.pe\/wp-content\/uploads\/2025\/05\/concurso-1.jpg","keywords":["caral","Cultura"],"articleSection":["noticias"],"inLanguage":"es-PE"},{"@type":"WebPage","@id":"https:\/\/zonacaral.gob.pe\/es\/noticias\/vista-nuestra-exposicion-en-el-ministerio-de-cultura-y-gana-un-viaje-a-caral\/","url":"https:\/\/zonacaral.gob.pe\/es\/noticias\/vista-nuestra-exposicion-en-el-ministerio-de-cultura-y-gana-un-viaje-a-caral\/","name":"Visita nuestra exposici\u00f3n en el Ministerio de Cultura y gana un viaje a Caral","isPartOf":{"@id":"https:\/\/zonacaral.gob.pe\/es\/#website"},"primaryImageOfPage":{"@id":"https:\/\/zonacaral.gob.pe\/es\/noticias\/vista-nuestra-exposicion-en-el-ministerio-de-cultura-y-gana-un-viaje-a-caral\/#primaryimage"},"image":{"@id":"https:\/\/zonacaral.gob.pe\/es\/noticias\/vista-nuestra-exposicion-en-el-ministerio-de-cultura-y-gana-un-viaje-a-caral\/#primaryimage"},"thumbnailUrl":"https:\/\/zonacaral.gob.pe\/wp-content\/uploads\/2025\/05\/concurso-1.jpg","datePublished":"2025-05-19T21:28:09+00:00","author":{"@id":"https:\/\/zonacaral.gob.pe\/es\/#\/schema\/person\/beddb4d22f71a7230c5b90913270a0ee"},"description":"La Zona Arqueol\u00f3gica Caral (ZAC), Unidad Ejecutora 003 del Ministerio de Cultura, contin\u00faa celebrando el D\u00eda Internacional de los Museos, por lo que sortear\u00e1 un Viaje Cultural a la Ciudad Sagrada de Caral-Supe, Patrimonio Mundial, entre quienes visiten la exposici\u00f3n museogr\u00e1fica \u00abTecnolog\u00eda Pesquera y Seguridad Alimentaria para Combatir la Anemia\u00bb, hasta el jueves, 5 de junio, en la sala Paracas del Ministerio de Cultura (Av. Javier Prado Este 2465, San Borja).","breadcrumb":{"@id":"https:\/\/zonacaral.gob.pe\/es\/noticias\/vista-nuestra-exposicion-en-el-ministerio-de-cultura-y-gana-un-viaje-a-caral\/#breadcrumb"},"inLanguage":"es-PE","potentialAction":[{"@type":"ReadAction","target":["https:\/\/zonacaral.gob.pe\/es\/noticias\/vista-nuestra-exposicion-en-el-ministerio-de-cultura-y-gana-un-viaje-a-caral\/"]}]},{"@type":"ImageObject","inLanguage":"es-PE","@id":"https:\/\/zonacaral.gob.pe\/es\/noticias\/vista-nuestra-exposicion-en-el-ministerio-de-cultura-y-gana-un-viaje-a-caral\/#primaryimage","url":"https:\/\/zonacaral.gob.pe\/wp-content\/uploads\/2025\/05\/concurso-1.jpg","contentUrl":"https:\/\/zonacaral.gob.pe\/wp-content\/uploads\/2025\/05\/concurso-1.jpg","width":1500,"height":840},{"@type":"BreadcrumbList","@id":"https:\/\/zonacaral.gob.pe\/es\/noticias\/vista-nuestra-exposicion-en-el-ministerio-de-cultura-y-gana-un-viaje-a-caral\/#breadcrumb","itemListElement":[{"@type":"ListItem","position":1,"name":"Portada","item":"https:\/\/zonacaral.gob.pe\/"},{"@type":"ListItem","position":2,"name":"Visita nuestra exposici\u00f3n en el Ministerio de Cultura y gana un viaje a Caral"}]},{"@type":"WebSite","@id":"https:\/\/zonacaral.gob.pe\/es\/#website","url":"https:\/\/zonacaral.gob.pe\/es\/","name":"Zona Caral","description":"Investigamos, conservamos y difundimos el patrimonio cultural de la Civilizaci\u00f3n Caral, la m\u00e1s antigua de Am\u00e9rica.","potentialAction":[{"@type":"SearchAction","target":{"@type":"EntryPoint","urlTemplate":"https:\/\/zonacaral.gob.pe\/es\/?s={search_term_string}"},"query-input":{"@type":"PropertyValueSpecification","valueRequired":true,"valueName":"search_term_string"}}],"inLanguage":"es-PE"},{"@type":"Person","@id":"https:\/\/zonacaral.gob.pe\/es\/#\/schema\/person\/beddb4d22f71a7230c5b90913270a0ee","name":"Zona Caral Administrador","image":{"@type":"ImageObject","inLanguage":"es-PE","@id":"https:\/\/secure.gravatar.com\/avatar\/e4be162918a696358376de6446614e0f0f4062bdc5d170d6d540ada3d8b58c12?s=96&d=mm&r=g","url":"https:\/\/secure.gravatar.com\/avatar\/e4be162918a696358376de6446614e0f0f4062bdc5d170d6d540ada3d8b58c12?s=96&d=mm&r=g","contentUrl":"https:\/\/secure.gravatar.com\/avatar\/e4be162918a696358376de6446614e0f0f4062bdc5d170d6d540ada3d8b58c12?s=96&d=mm&r=g","caption":"Zona Caral Administrador"},"sameAs":["https:\/\/zonacaral.gob.pe"],"url":"https:\/\/zonacaral.gob.pe\/es\/noticias\/author\/ad_zonacaral\/"}]}},"_links":{"self":[{"href":"https:\/\/zonacaral.gob.pe\/es\/wp-json\/wp\/v2\/posts\/18368","targetHints":{"allow":["GET"]}}],"collection":[{"href":"https:\/\/zonacaral.gob.pe\/es\/wp-json\/wp\/v2\/posts"}],"about":[{"href":"https:\/\/zonacaral.gob.pe\/es\/wp-json\/wp\/v2\/types\/post"}],"author":[{"embeddable":true,"href":"https:\/\/zonacaral.gob.pe\/es\/wp-json\/wp\/v2\/users\/1"}],"replies":[{"embeddable":true,"href":"https:\/\/zonacaral.gob.pe\/es\/wp-json\/wp\/v2\/comments?post=18368"}],"version-history":[{"count":0,"href":"https:\/\/zonacaral.gob.pe\/es\/wp-json\/wp\/v2\/posts\/18368\/revisions"}],"wp:featuredmedia":[{"embeddable":true,"href":"https:\/\/zonacaral.gob.pe\/es\/wp-json\/wp\/v2\/media\/18369"}],"wp:attachment":[{"href":"https:\/\/zonacaral.gob.pe\/es\/wp-json\/wp\/v2\/media?parent=18368"}],"wp:term":[{"taxonomy":"category","embeddable":true,"href":"https:\/\/zonacaral.gob.pe\/es\/wp-json\/wp\/v2\/categories?post=18368"},{"taxonomy":"post_tag","embeddable":true,"href":"https:\/\/zonacaral.gob.pe\/es\/wp-json\/wp\/v2\/tags?post=18368"}],"curies":[{"name":"wp","href":"https:\/\/api.w.org\/{rel}","templated":true}]}}