{"id":18375,"date":"2025-05-20T17:39:41","date_gmt":"2025-05-20T22:39:41","guid":{"rendered":"https:\/\/www.zonacaral.gob.pe\/?p=18375"},"modified":"2025-05-20T17:39:41","modified_gmt":"2025-05-20T22:39:41","slug":"dia-internacional-de-los-museos-stand-de-caral-fue-uno-de-los-mas-visitados-este-fin-de-semana","status":"publish","type":"post","link":"https:\/\/zonacaral.gob.pe\/es\/noticias\/dia-internacional-de-los-museos-stand-de-caral-fue-uno-de-los-mas-visitados-este-fin-de-semana\/","title":{"rendered":"D\u00eda Internacional de los Museos: stand de Caral fue uno de los m\u00e1s visitados este fin de semana"},"content":{"rendered":"<figure class=\"pic-autor\" style=\"color: #4d4d4d; text-align: justify;\"><\/figure>\n<div class=\"gmail_default\" style=\"text-align: justify;\">\n<blockquote>\n<p><span style=\"font-weight: 400;\">Acercamos y difundimos el patrimonio cultural milenario.<\/span><\/p>\n<\/blockquote>\n<p><span style=\"font-weight: 400;\">En el marco de las celebraciones por el D\u00eda Internacional de los Museos, la <\/span><a href=\"https:\/\/www.instagram.com\/caralperu\/?hl=es-la\"><span style=\"font-weight: 400;\">Zona Arqueol\u00f3gica Caral<\/span><\/a><span style=\"font-weight: 400;\"> (ZAC), Unidad Ejecutora 003 del Ministerio de Cultura, particip\u00f3 el s\u00e1bado 17 y domingo 18 de mayo en la <\/span><b>XXIII Feria Internacional de Museo de Lima Metropolitana<\/b><span style=\"font-weight: 400;\">, donde dio a conocer sobre el Museo Caral, la Red de Museos Comunitarios (ubicados en los distritos de <\/span><a href=\"https:\/\/www.zonacaral.gob.pe\/ruta-caral\/MC-supe.html\"><span style=\"font-weight: 400;\">Supe<\/span><\/a><span style=\"font-weight: 400;\"> y de <\/span><a href=\"https:\/\/www.zonacaral.gob.pe\/ruta-caral\/MC-vegueta.html\"><span style=\"font-weight: 400;\">V\u00e9gueta<\/span><\/a><span style=\"font-weight: 400;\">), la <\/span><a href=\"https:\/\/www.zonacaral.gob.pe\/ruta-caral\/\"><span style=\"font-weight: 400;\">Ruta Caral<\/span><\/a><span style=\"font-weight: 400;\"> y las bondades del programa <\/span><a href=\"https:\/\/www.zonacaral.gob.pe\/ruta-caral\/viajes-culturales.html\"><span style=\"font-weight: 400;\">Viajes Culturales<\/span><\/a><span style=\"font-weight: 400;\">.<\/span><\/p>\n<p><span style=\"font-weight: 400;\">Durante la feria, la responsable de la unidad de Promoci\u00f3n Tur\u00edstica y Mercadeo Cultural y los voluntarios de la ZAC, atendieron a m\u00e1s de 700 personas, entre ni\u00f1os, j\u00f3venes y adultos, que con ganas de conocer la primera civilizaci\u00f3n de Am\u00e9rica, llegaron a solicitar informaci\u00f3n sobre c\u00f3mo llegar a conocer estos milenarios centros urbanos, ubicados al norte de la ciudad de Lima.<\/span><span style=\"font-weight: 400;\"><br><\/span><span style=\"font-weight: 400;\"><br><\/span><span style=\"font-weight: 400;\">Tambi\u00e9n se les invit\u00f3 a visitar la exposici\u00f3n museogr\u00e1fica <\/span><b>\u00abTecnolog\u00eda Pesquera y Seguridad Alimentaria para Combatir la Anemia\u00bb,<\/b><span style=\"font-weight: 400;\"> que se encuentra en la Sala Paracas del Ministerio de Cultura, la cual estar\u00e1 abierta de martes a domingo, de 9:00 a. m. a 5:00 p. m.,<\/span> <span style=\"font-weight: 400;\">hasta el jueves, 5 de junio, (<\/span><a href=\"https:\/\/maps.app.goo.gl\/M2W5CVDgSDAcWzyh6\"><span style=\"font-weight: 400;\">Av. Javier Prado Este 2465<\/span><\/a><span style=\"font-weight: 400;\">, San Borja).<\/span><\/p>\n<p><span style=\"font-weight: 400;\">Asimismo, entre los asistentes registrados, se realiz\u00f3 el sorteo de un Viaje Cultural a la Ciudad Sagrada de Caral-Supe, Patrimonio Mundial. El nombre del ganador fue anunciado al&nbsp; finalizar la feria, el domingo 18 por la tarde.<\/span><\/p>\n<p><span style=\"font-weight: 400;\">En la actividad, los visitantes de nuestro stand, tambi\u00e9n pudieron disfrutar de la experiencia de realidad virtual, a trav\u00e9s del cual recorrieron uno de los edificios monumentales del sitio arqueol\u00f3gico Pe\u00f1ico y, a la vez, formar parte de la ancestral ceremonia de pago a la Pachamama, ritual ejecutado en presencia de las autoridades y la poblaci\u00f3n de diferentes ciudades con fines de integraci\u00f3n.<\/span><\/p>\n<p><span style=\"font-weight: 400;\">El evento fue organizado por la Municipalidad de Lima Metropolitana, con la colaboraci\u00f3n de la Red de Museos del Centro Hist\u00f3rico de Lima y el aval institucional del Consejo Internacional de Museo \u2013 ICOM.<\/span><\/p>\n<p><span style=\"font-weight: 400;\">En la Alameda 28 de Julio, frente al Parque de la Exposici\u00f3n, asistieron alrededor de 33 museos ubicados en el Centro Hist\u00f3rico de Lima, adem\u00e1s de museos invitados de Lima, Callao, Arequipa y Lambayeque, y por primera vez, participaron las embajadas de Bolivia, Guatemala, Jap\u00f3n, India, Ruman\u00eda y Rusia quienes brindan al p\u00fablico informaci\u00f3n de las actividades culturales, educativas, identitarias y tur\u00edsticas que brindan.<\/span><\/p>\n<p><span style=\"font-weight: 400;\">En la actividad se otorg\u00f3 la medalla de oro \u201cLuis Repetto M\u00e1laga\u201d del ICOM a la arque\u00f3loga Denise Pozzi-Escot, en reconocimiento a su destacado trabajo y aporte al patrimonio cultural, dirigiendo el Museo Pachac\u00e1mac entre otras instituciones y proyectos arqueol\u00f3gicos.<\/span><\/p>\n<p><b>DATO<\/b><\/p>\n<p><span style=\"font-weight: 400;\">\u00a1ATENCI\u00d3N! La <\/span><a href=\"https:\/\/www.instagram.com\/caralperu\/?hl=es-la\"><span style=\"font-weight: 400;\">Zona Arqueol\u00f3gica Caral<\/span><\/a><span style=\"font-weight: 400;\"> realizar\u00e1 un nuevo sorteo de un Viaje Cultural a la Ciudad Sagrada de Caral-Supe, entre quienes visiten la exposici\u00f3n museogr\u00e1fica <\/span><b>\u00abTecnolog\u00eda Pesquera y Seguridad Alimentaria para Combatir la Anemia\u00bb<\/b><span style=\"font-weight: 400;\">, hasta el jueves, 5 de junio.<\/span><\/p>\n<p><span style=\"font-weight: 400;\">Para m\u00e1s informaci\u00f3n sobre c\u00f3mo visitar la Ciudad Sagrada de Caral-Supe, \u00c1spero o Vichama, comun\u00edcate al WhatsApp 955 881 340.<\/span><\/p>\n<p><strong style=\"font-size: inherit; text-align: justify;\">Fuente: Comunicaci\u00f3n e Imagen Institucional ZAC<\/strong><\/p>\n<\/div>\n<div style=\"color: #1f1f1f;\">\n<div style=\"color: #1f1f1f;\">\n<p style=\"text-align: justify;\">Fecha de publicaci\u00f3n: 20\/05\/2025<\/p>\n<\/div>\n<\/div>\n\n\n<p><\/p>\n","protected":false},"excerpt":{"rendered":"<p>Acercamos y difundimos el patrimonio cultural milenario. En el marco de las celebraciones por el D\u00eda Internacional de los Museos, [&hellip;]<\/p>\n","protected":false},"author":1,"featured_media":18377,"comment_status":"closed","ping_status":"open","sticky":false,"template":"","format":"standard","meta":{"_acf_changed":false,"site-sidebar-layout":"default","site-content-layout":"","ast-site-content-layout":"default","site-content-style":"default","site-sidebar-style":"default","ast-global-header-display":"","ast-banner-title-visibility":"","ast-main-header-display":"","ast-hfb-above-header-display":"","ast-hfb-below-header-display":"","ast-hfb-mobile-header-display":"","site-post-title":"","ast-breadcrumbs-content":"","ast-featured-img":"","footer-sml-layout":"","ast-disable-related-posts":"","theme-transparent-header-meta":"","adv-header-id-meta":"","stick-header-meta":"","header-above-stick-meta":"","header-main-stick-meta":"","header-below-stick-meta":"","astra-migrate-meta-layouts":"default","ast-page-background-enabled":"default","ast-page-background-meta":{"desktop":{"background-color":"var(--ast-global-color-5)","background-image":"","background-repeat":"repeat","background-position":"center center","background-size":"auto","background-attachment":"scroll","background-type":"","background-media":"","overlay-type":"","overlay-color":"","overlay-opacity":"","overlay-gradient":""},"tablet":{"background-color":"","background-image":"","background-repeat":"repeat","background-position":"center center","background-size":"auto","background-attachment":"scroll","background-type":"","background-media":"","overlay-type":"","overlay-color":"","overlay-opacity":"","overlay-gradient":""},"mobile":{"background-color":"","background-image":"","background-repeat":"repeat","background-position":"center center","background-size":"auto","background-attachment":"scroll","background-type":"","background-media":"","overlay-type":"","overlay-color":"","overlay-opacity":"","overlay-gradient":""}},"ast-content-background-meta":{"desktop":{"background-color":"var(--ast-global-color-4)","background-image":"","background-repeat":"repeat","background-position":"center center","background-size":"auto","background-attachment":"scroll","background-type":"","background-media":"","overlay-type":"","overlay-color":"","overlay-opacity":"","overlay-gradient":""},"tablet":{"background-color":"var(--ast-global-color-4)","background-image":"","background-repeat":"repeat","background-position":"center center","background-size":"auto","background-attachment":"scroll","background-type":"","background-media":"","overlay-type":"","overlay-color":"","overlay-opacity":"","overlay-gradient":""},"mobile":{"background-color":"var(--ast-global-color-4)","background-image":"","background-repeat":"repeat","background-position":"center center","background-size":"auto","background-attachment":"scroll","background-type":"","background-media":"","overlay-type":"","overlay-color":"","overlay-opacity":"","overlay-gradient":""}},"footnotes":""},"categories":[208],"tags":[55,72],"class_list":["post-18375","post","type-post","status-publish","format-standard","has-post-thumbnail","hentry","category-noticias","tag-caral","tag-cultura"],"acf":[],"yoast_head":"<!-- This site is optimized with the Yoast SEO plugin v27.3 - https:\/\/yoast.com\/product\/yoast-seo-wordpress\/ -->\n<title>D\u00eda Internacional de los Museos: stand de Caral fue uno de los m\u00e1s visitados este fin de semana<\/title>\n<meta name=\"description\" content=\"En el marco de las celebraciones por el D\u00eda Internacional de los Museos, la Zona Arqueol\u00f3gica Caral (ZAC), Unidad Ejecutora 003 del Ministerio de Cultura, particip\u00f3 el s\u00e1bado 17 y domingo 18 de mayo en la XXIII Feria Internacional de Museo de Lima Metropolitana, donde dio a conocer sobre el Museo Caral, la Red de Museos Comunitarios (ubicados en los distritos de Supe y de V\u00e9gueta), la Ruta Caral y las bondades del programa Viajes Culturales.\" \/>\n<meta name=\"robots\" content=\"index, follow, max-snippet:-1, max-image-preview:large, max-video-preview:-1\" \/>\n<link rel=\"canonical\" href=\"https:\/\/zonacaral.gob.pe\/es\/noticias\/dia-internacional-de-los-museos-stand-de-caral-fue-uno-de-los-mas-visitados-este-fin-de-semana\/\" \/>\n<meta property=\"og:locale\" content=\"es_ES\" \/>\n<meta property=\"og:type\" content=\"article\" \/>\n<meta property=\"og:title\" content=\"D\u00eda Internacional de los Museos: stand de Caral fue uno de los m\u00e1s visitados este fin de semana\" \/>\n<meta property=\"og:description\" content=\"En el marco de las celebraciones por el D\u00eda Internacional de los Museos, la Zona Arqueol\u00f3gica Caral (ZAC), Unidad Ejecutora 003 del Ministerio de Cultura, particip\u00f3 el s\u00e1bado 17 y domingo 18 de mayo en la XXIII Feria Internacional de Museo de Lima Metropolitana, donde dio a conocer sobre el Museo Caral, la Red de Museos Comunitarios (ubicados en los distritos de Supe y de V\u00e9gueta), la Ruta Caral y las bondades del programa Viajes Culturales.\" \/>\n<meta property=\"og:url\" content=\"https:\/\/zonacaral.gob.pe\/es\/noticias\/dia-internacional-de-los-museos-stand-de-caral-fue-uno-de-los-mas-visitados-este-fin-de-semana\/\" \/>\n<meta property=\"og:site_name\" content=\"Zona Caral\" \/>\n<meta property=\"article:published_time\" content=\"2025-05-20T22:39:41+00:00\" \/>\n<meta property=\"og:image\" content=\"https:\/\/zonacaral.gob.pe\/wp-content\/uploads\/2025\/05\/FERIA-1.jpg\" \/>\n\t<meta property=\"og:image:width\" content=\"1500\" \/>\n\t<meta property=\"og:image:height\" content=\"844\" \/>\n\t<meta property=\"og:image:type\" content=\"image\/jpeg\" \/>\n<meta name=\"author\" content=\"Zona Caral Administrador\" \/>\n<meta name=\"twitter:card\" content=\"summary_large_image\" \/>\n<meta name=\"twitter:label1\" content=\"Written by\" \/>\n\t<meta name=\"twitter:data1\" content=\"Zona Caral Administrador\" \/>\n\t<meta name=\"twitter:label2\" content=\"Est. reading time\" \/>\n\t<meta name=\"twitter:data2\" content=\"3 minutos\" \/>\n<script type=\"application\/ld+json\" class=\"yoast-schema-graph\">{\"@context\":\"https:\\\/\\\/schema.org\",\"@graph\":[{\"@type\":\"Article\",\"@id\":\"https:\\\/\\\/zonacaral.gob.pe\\\/es\\\/noticias\\\/dia-internacional-de-los-museos-stand-de-caral-fue-uno-de-los-mas-visitados-este-fin-de-semana\\\/#article\",\"isPartOf\":{\"@id\":\"https:\\\/\\\/zonacaral.gob.pe\\\/es\\\/noticias\\\/dia-internacional-de-los-museos-stand-de-caral-fue-uno-de-los-mas-visitados-este-fin-de-semana\\\/\"},\"author\":{\"name\":\"Zona Caral Administrador\",\"@id\":\"https:\\\/\\\/zonacaral.gob.pe\\\/es\\\/#\\\/schema\\\/person\\\/beddb4d22f71a7230c5b90913270a0ee\"},\"headline\":\"D\u00eda Internacional de los Museos: stand de Caral fue uno de los m\u00e1s visitados este fin de semana\",\"datePublished\":\"2025-05-20T22:39:41+00:00\",\"mainEntityOfPage\":{\"@id\":\"https:\\\/\\\/zonacaral.gob.pe\\\/es\\\/noticias\\\/dia-internacional-de-los-museos-stand-de-caral-fue-uno-de-los-mas-visitados-este-fin-de-semana\\\/\"},\"wordCount\":564,\"image\":{\"@id\":\"https:\\\/\\\/zonacaral.gob.pe\\\/es\\\/noticias\\\/dia-internacional-de-los-museos-stand-de-caral-fue-uno-de-los-mas-visitados-este-fin-de-semana\\\/#primaryimage\"},\"thumbnailUrl\":\"https:\\\/\\\/zonacaral.gob.pe\\\/wp-content\\\/uploads\\\/2025\\\/05\\\/FERIA-1.jpg\",\"keywords\":[\"caral\",\"Cultura\"],\"articleSection\":[\"noticias\"],\"inLanguage\":\"es-PE\"},{\"@type\":\"WebPage\",\"@id\":\"https:\\\/\\\/zonacaral.gob.pe\\\/es\\\/noticias\\\/dia-internacional-de-los-museos-stand-de-caral-fue-uno-de-los-mas-visitados-este-fin-de-semana\\\/\",\"url\":\"https:\\\/\\\/zonacaral.gob.pe\\\/es\\\/noticias\\\/dia-internacional-de-los-museos-stand-de-caral-fue-uno-de-los-mas-visitados-este-fin-de-semana\\\/\",\"name\":\"D\u00eda Internacional de los Museos: stand de Caral fue uno de los m\u00e1s visitados este fin de semana\",\"isPartOf\":{\"@id\":\"https:\\\/\\\/zonacaral.gob.pe\\\/es\\\/#website\"},\"primaryImageOfPage\":{\"@id\":\"https:\\\/\\\/zonacaral.gob.pe\\\/es\\\/noticias\\\/dia-internacional-de-los-museos-stand-de-caral-fue-uno-de-los-mas-visitados-este-fin-de-semana\\\/#primaryimage\"},\"image\":{\"@id\":\"https:\\\/\\\/zonacaral.gob.pe\\\/es\\\/noticias\\\/dia-internacional-de-los-museos-stand-de-caral-fue-uno-de-los-mas-visitados-este-fin-de-semana\\\/#primaryimage\"},\"thumbnailUrl\":\"https:\\\/\\\/zonacaral.gob.pe\\\/wp-content\\\/uploads\\\/2025\\\/05\\\/FERIA-1.jpg\",\"datePublished\":\"2025-05-20T22:39:41+00:00\",\"author\":{\"@id\":\"https:\\\/\\\/zonacaral.gob.pe\\\/es\\\/#\\\/schema\\\/person\\\/beddb4d22f71a7230c5b90913270a0ee\"},\"description\":\"En el marco de las celebraciones por el D\u00eda Internacional de los Museos, la Zona Arqueol\u00f3gica Caral (ZAC), Unidad Ejecutora 003 del Ministerio de Cultura, particip\u00f3 el s\u00e1bado 17 y domingo 18 de mayo en la XXIII Feria Internacional de Museo de Lima Metropolitana, donde dio a conocer sobre el Museo Caral, la Red de Museos Comunitarios (ubicados en los distritos de Supe y de V\u00e9gueta), la Ruta Caral y las bondades del programa Viajes Culturales.\",\"breadcrumb\":{\"@id\":\"https:\\\/\\\/zonacaral.gob.pe\\\/es\\\/noticias\\\/dia-internacional-de-los-museos-stand-de-caral-fue-uno-de-los-mas-visitados-este-fin-de-semana\\\/#breadcrumb\"},\"inLanguage\":\"es-PE\",\"potentialAction\":[{\"@type\":\"ReadAction\",\"target\":[\"https:\\\/\\\/zonacaral.gob.pe\\\/es\\\/noticias\\\/dia-internacional-de-los-museos-stand-de-caral-fue-uno-de-los-mas-visitados-este-fin-de-semana\\\/\"]}]},{\"@type\":\"ImageObject\",\"inLanguage\":\"es-PE\",\"@id\":\"https:\\\/\\\/zonacaral.gob.pe\\\/es\\\/noticias\\\/dia-internacional-de-los-museos-stand-de-caral-fue-uno-de-los-mas-visitados-este-fin-de-semana\\\/#primaryimage\",\"url\":\"https:\\\/\\\/zonacaral.gob.pe\\\/wp-content\\\/uploads\\\/2025\\\/05\\\/FERIA-1.jpg\",\"contentUrl\":\"https:\\\/\\\/zonacaral.gob.pe\\\/wp-content\\\/uploads\\\/2025\\\/05\\\/FERIA-1.jpg\",\"width\":1500,\"height\":844},{\"@type\":\"BreadcrumbList\",\"@id\":\"https:\\\/\\\/zonacaral.gob.pe\\\/es\\\/noticias\\\/dia-internacional-de-los-museos-stand-de-caral-fue-uno-de-los-mas-visitados-este-fin-de-semana\\\/#breadcrumb\",\"itemListElement\":[{\"@type\":\"ListItem\",\"position\":1,\"name\":\"Portada\",\"item\":\"https:\\\/\\\/zonacaral.gob.pe\\\/\"},{\"@type\":\"ListItem\",\"position\":2,\"name\":\"D\u00eda Internacional de los Museos: stand de Caral fue uno de los m\u00e1s visitados este fin de semana\"}]},{\"@type\":\"WebSite\",\"@id\":\"https:\\\/\\\/zonacaral.gob.pe\\\/es\\\/#website\",\"url\":\"https:\\\/\\\/zonacaral.gob.pe\\\/es\\\/\",\"name\":\"Zona Caral\",\"description\":\"Investigamos, conservamos y difundimos el patrimonio cultural de la Civilizaci\u00f3n Caral, la m\u00e1s antigua de Am\u00e9rica.\",\"potentialAction\":[{\"@type\":\"SearchAction\",\"target\":{\"@type\":\"EntryPoint\",\"urlTemplate\":\"https:\\\/\\\/zonacaral.gob.pe\\\/es\\\/?s={search_term_string}\"},\"query-input\":{\"@type\":\"PropertyValueSpecification\",\"valueRequired\":true,\"valueName\":\"search_term_string\"}}],\"inLanguage\":\"es-PE\"},{\"@type\":\"Person\",\"@id\":\"https:\\\/\\\/zonacaral.gob.pe\\\/es\\\/#\\\/schema\\\/person\\\/beddb4d22f71a7230c5b90913270a0ee\",\"name\":\"Zona Caral Administrador\",\"image\":{\"@type\":\"ImageObject\",\"inLanguage\":\"es-PE\",\"@id\":\"https:\\\/\\\/secure.gravatar.com\\\/avatar\\\/e4be162918a696358376de6446614e0f0f4062bdc5d170d6d540ada3d8b58c12?s=96&d=mm&r=g\",\"url\":\"https:\\\/\\\/secure.gravatar.com\\\/avatar\\\/e4be162918a696358376de6446614e0f0f4062bdc5d170d6d540ada3d8b58c12?s=96&d=mm&r=g\",\"contentUrl\":\"https:\\\/\\\/secure.gravatar.com\\\/avatar\\\/e4be162918a696358376de6446614e0f0f4062bdc5d170d6d540ada3d8b58c12?s=96&d=mm&r=g\",\"caption\":\"Zona Caral Administrador\"},\"sameAs\":[\"https:\\\/\\\/zonacaral.gob.pe\"],\"url\":\"https:\\\/\\\/zonacaral.gob.pe\\\/es\\\/noticias\\\/author\\\/ad_zonacaral\\\/\"}]}<\/script>\n<!-- \/ Yoast SEO plugin. -->","yoast_head_json":{"title":"D\u00eda Internacional de los Museos: stand de Caral fue uno de los m\u00e1s visitados este fin de semana","description":"En el marco de las celebraciones por el D\u00eda Internacional de los Museos, la Zona Arqueol\u00f3gica Caral (ZAC), Unidad Ejecutora 003 del Ministerio de Cultura, particip\u00f3 el s\u00e1bado 17 y domingo 18 de mayo en la XXIII Feria Internacional de Museo de Lima Metropolitana, donde dio a conocer sobre el Museo Caral, la Red de Museos Comunitarios (ubicados en los distritos de Supe y de V\u00e9gueta), la Ruta Caral y las bondades del programa Viajes Culturales.","robots":{"index":"index","follow":"follow","max-snippet":"max-snippet:-1","max-image-preview":"max-image-preview:large","max-video-preview":"max-video-preview:-1"},"canonical":"https:\/\/zonacaral.gob.pe\/es\/noticias\/dia-internacional-de-los-museos-stand-de-caral-fue-uno-de-los-mas-visitados-este-fin-de-semana\/","og_locale":"es_ES","og_type":"article","og_title":"D\u00eda Internacional de los Museos: stand de Caral fue uno de los m\u00e1s visitados este fin de semana","og_description":"En el marco de las celebraciones por el D\u00eda Internacional de los Museos, la Zona Arqueol\u00f3gica Caral (ZAC), Unidad Ejecutora 003 del Ministerio de Cultura, particip\u00f3 el s\u00e1bado 17 y domingo 18 de mayo en la XXIII Feria Internacional de Museo de Lima Metropolitana, donde dio a conocer sobre el Museo Caral, la Red de Museos Comunitarios (ubicados en los distritos de Supe y de V\u00e9gueta), la Ruta Caral y las bondades del programa Viajes Culturales.","og_url":"https:\/\/zonacaral.gob.pe\/es\/noticias\/dia-internacional-de-los-museos-stand-de-caral-fue-uno-de-los-mas-visitados-este-fin-de-semana\/","og_site_name":"Zona Caral","article_published_time":"2025-05-20T22:39:41+00:00","og_image":[{"width":1500,"height":844,"url":"https:\/\/zonacaral.gob.pe\/wp-content\/uploads\/2025\/05\/FERIA-1.jpg","type":"image\/jpeg"}],"author":"Zona Caral Administrador","twitter_card":"summary_large_image","twitter_misc":{"Written by":"Zona Caral Administrador","Est. reading time":"3 minutos"},"schema":{"@context":"https:\/\/schema.org","@graph":[{"@type":"Article","@id":"https:\/\/zonacaral.gob.pe\/es\/noticias\/dia-internacional-de-los-museos-stand-de-caral-fue-uno-de-los-mas-visitados-este-fin-de-semana\/#article","isPartOf":{"@id":"https:\/\/zonacaral.gob.pe\/es\/noticias\/dia-internacional-de-los-museos-stand-de-caral-fue-uno-de-los-mas-visitados-este-fin-de-semana\/"},"author":{"name":"Zona Caral Administrador","@id":"https:\/\/zonacaral.gob.pe\/es\/#\/schema\/person\/beddb4d22f71a7230c5b90913270a0ee"},"headline":"D\u00eda Internacional de los Museos: stand de Caral fue uno de los m\u00e1s visitados este fin de semana","datePublished":"2025-05-20T22:39:41+00:00","mainEntityOfPage":{"@id":"https:\/\/zonacaral.gob.pe\/es\/noticias\/dia-internacional-de-los-museos-stand-de-caral-fue-uno-de-los-mas-visitados-este-fin-de-semana\/"},"wordCount":564,"image":{"@id":"https:\/\/zonacaral.gob.pe\/es\/noticias\/dia-internacional-de-los-museos-stand-de-caral-fue-uno-de-los-mas-visitados-este-fin-de-semana\/#primaryimage"},"thumbnailUrl":"https:\/\/zonacaral.gob.pe\/wp-content\/uploads\/2025\/05\/FERIA-1.jpg","keywords":["caral","Cultura"],"articleSection":["noticias"],"inLanguage":"es-PE"},{"@type":"WebPage","@id":"https:\/\/zonacaral.gob.pe\/es\/noticias\/dia-internacional-de-los-museos-stand-de-caral-fue-uno-de-los-mas-visitados-este-fin-de-semana\/","url":"https:\/\/zonacaral.gob.pe\/es\/noticias\/dia-internacional-de-los-museos-stand-de-caral-fue-uno-de-los-mas-visitados-este-fin-de-semana\/","name":"D\u00eda Internacional de los Museos: stand de Caral fue uno de los m\u00e1s visitados este fin de semana","isPartOf":{"@id":"https:\/\/zonacaral.gob.pe\/es\/#website"},"primaryImageOfPage":{"@id":"https:\/\/zonacaral.gob.pe\/es\/noticias\/dia-internacional-de-los-museos-stand-de-caral-fue-uno-de-los-mas-visitados-este-fin-de-semana\/#primaryimage"},"image":{"@id":"https:\/\/zonacaral.gob.pe\/es\/noticias\/dia-internacional-de-los-museos-stand-de-caral-fue-uno-de-los-mas-visitados-este-fin-de-semana\/#primaryimage"},"thumbnailUrl":"https:\/\/zonacaral.gob.pe\/wp-content\/uploads\/2025\/05\/FERIA-1.jpg","datePublished":"2025-05-20T22:39:41+00:00","author":{"@id":"https:\/\/zonacaral.gob.pe\/es\/#\/schema\/person\/beddb4d22f71a7230c5b90913270a0ee"},"description":"En el marco de las celebraciones por el D\u00eda Internacional de los Museos, la Zona Arqueol\u00f3gica Caral (ZAC), Unidad Ejecutora 003 del Ministerio de Cultura, particip\u00f3 el s\u00e1bado 17 y domingo 18 de mayo en la XXIII Feria Internacional de Museo de Lima Metropolitana, donde dio a conocer sobre el Museo Caral, la Red de Museos Comunitarios (ubicados en los distritos de Supe y de V\u00e9gueta), la Ruta Caral y las bondades del programa Viajes Culturales.","breadcrumb":{"@id":"https:\/\/zonacaral.gob.pe\/es\/noticias\/dia-internacional-de-los-museos-stand-de-caral-fue-uno-de-los-mas-visitados-este-fin-de-semana\/#breadcrumb"},"inLanguage":"es-PE","potentialAction":[{"@type":"ReadAction","target":["https:\/\/zonacaral.gob.pe\/es\/noticias\/dia-internacional-de-los-museos-stand-de-caral-fue-uno-de-los-mas-visitados-este-fin-de-semana\/"]}]},{"@type":"ImageObject","inLanguage":"es-PE","@id":"https:\/\/zonacaral.gob.pe\/es\/noticias\/dia-internacional-de-los-museos-stand-de-caral-fue-uno-de-los-mas-visitados-este-fin-de-semana\/#primaryimage","url":"https:\/\/zonacaral.gob.pe\/wp-content\/uploads\/2025\/05\/FERIA-1.jpg","contentUrl":"https:\/\/zonacaral.gob.pe\/wp-content\/uploads\/2025\/05\/FERIA-1.jpg","width":1500,"height":844},{"@type":"BreadcrumbList","@id":"https:\/\/zonacaral.gob.pe\/es\/noticias\/dia-internacional-de-los-museos-stand-de-caral-fue-uno-de-los-mas-visitados-este-fin-de-semana\/#breadcrumb","itemListElement":[{"@type":"ListItem","position":1,"name":"Portada","item":"https:\/\/zonacaral.gob.pe\/"},{"@type":"ListItem","position":2,"name":"D\u00eda Internacional de los Museos: stand de Caral fue uno de los m\u00e1s visitados este fin de semana"}]},{"@type":"WebSite","@id":"https:\/\/zonacaral.gob.pe\/es\/#website","url":"https:\/\/zonacaral.gob.pe\/es\/","name":"Zona Caral","description":"Investigamos, conservamos y difundimos el patrimonio cultural de la Civilizaci\u00f3n Caral, la m\u00e1s antigua de Am\u00e9rica.","potentialAction":[{"@type":"SearchAction","target":{"@type":"EntryPoint","urlTemplate":"https:\/\/zonacaral.gob.pe\/es\/?s={search_term_string}"},"query-input":{"@type":"PropertyValueSpecification","valueRequired":true,"valueName":"search_term_string"}}],"inLanguage":"es-PE"},{"@type":"Person","@id":"https:\/\/zonacaral.gob.pe\/es\/#\/schema\/person\/beddb4d22f71a7230c5b90913270a0ee","name":"Zona Caral Administrador","image":{"@type":"ImageObject","inLanguage":"es-PE","@id":"https:\/\/secure.gravatar.com\/avatar\/e4be162918a696358376de6446614e0f0f4062bdc5d170d6d540ada3d8b58c12?s=96&d=mm&r=g","url":"https:\/\/secure.gravatar.com\/avatar\/e4be162918a696358376de6446614e0f0f4062bdc5d170d6d540ada3d8b58c12?s=96&d=mm&r=g","contentUrl":"https:\/\/secure.gravatar.com\/avatar\/e4be162918a696358376de6446614e0f0f4062bdc5d170d6d540ada3d8b58c12?s=96&d=mm&r=g","caption":"Zona Caral Administrador"},"sameAs":["https:\/\/zonacaral.gob.pe"],"url":"https:\/\/zonacaral.gob.pe\/es\/noticias\/author\/ad_zonacaral\/"}]}},"_links":{"self":[{"href":"https:\/\/zonacaral.gob.pe\/es\/wp-json\/wp\/v2\/posts\/18375","targetHints":{"allow":["GET"]}}],"collection":[{"href":"https:\/\/zonacaral.gob.pe\/es\/wp-json\/wp\/v2\/posts"}],"about":[{"href":"https:\/\/zonacaral.gob.pe\/es\/wp-json\/wp\/v2\/types\/post"}],"author":[{"embeddable":true,"href":"https:\/\/zonacaral.gob.pe\/es\/wp-json\/wp\/v2\/users\/1"}],"replies":[{"embeddable":true,"href":"https:\/\/zonacaral.gob.pe\/es\/wp-json\/wp\/v2\/comments?post=18375"}],"version-history":[{"count":0,"href":"https:\/\/zonacaral.gob.pe\/es\/wp-json\/wp\/v2\/posts\/18375\/revisions"}],"wp:featuredmedia":[{"embeddable":true,"href":"https:\/\/zonacaral.gob.pe\/es\/wp-json\/wp\/v2\/media\/18377"}],"wp:attachment":[{"href":"https:\/\/zonacaral.gob.pe\/es\/wp-json\/wp\/v2\/media?parent=18375"}],"wp:term":[{"taxonomy":"category","embeddable":true,"href":"https:\/\/zonacaral.gob.pe\/es\/wp-json\/wp\/v2\/categories?post=18375"},{"taxonomy":"post_tag","embeddable":true,"href":"https:\/\/zonacaral.gob.pe\/es\/wp-json\/wp\/v2\/tags?post=18375"}],"curies":[{"name":"wp","href":"https:\/\/api.w.org\/{rel}","templated":true}]}}