{"id":18408,"date":"2025-06-05T14:52:45","date_gmt":"2025-06-05T19:52:45","guid":{"rendered":"https:\/\/www.zonacaral.gob.pe\/?p=18408"},"modified":"2025-06-05T14:52:45","modified_gmt":"2025-06-05T19:52:45","slug":"buena-noticia-se-extiende-hasta-el-22-de-junio-la-exposicion-de-caral-en-el-ministerio-de-cultura","status":"publish","type":"post","link":"https:\/\/zonacaral.gob.pe\/es\/noticias\/buena-noticia-se-extiende-hasta-el-22-de-junio-la-exposicion-de-caral-en-el-ministerio-de-cultura\/","title":{"rendered":"\u00a1BUENA NOTICIA! Se extiende hasta el 22 de junio la exposici\u00f3n de Caral en el Ministerio de Cultura"},"content":{"rendered":"<figure class=\"pic-autor\" style=\"color: #4d4d4d; text-align: justify;\"><\/figure>\n<div class=\"gmail_default\" style=\"text-align: justify;\">\n<blockquote>\n<p><i><span style=\"font-weight: 400;\">Adem\u00e1s, se realizar\u00e1 un nuevo sorteo de un viaje a la Ciudad Sagrada de Caral-Supe.<\/span><\/i><\/p>\n<\/blockquote>\n<p><span style=\"font-weight: 400;\">La <\/span><a href=\"https:\/\/www.instagram.com\/caralperu\/?hl=es\"><span style=\"font-weight: 400;\">Zona Arqueol\u00f3gica Caral<\/span><\/a><span style=\"font-weight: 400;\">, Unidad Ejecutora 003 del Ministerio de Cultura, anuncia que la exposici\u00f3n museogr\u00e1fica titulada <\/span><b>\u00abTecnolog\u00eda pesquera y seguridad alimentaria para combatir la anemia\u00bb<\/b><span style=\"font-weight: 400;\">, que se presenta en la sala Paracas del Ministerio de Cultura, permanecer\u00e1 abierta al p\u00fablico hasta el 22 de junio de 2025. El ingreso es gratuito.<\/span><\/p>\n<p><span style=\"font-weight: 400;\">La muestra, inaugurada el pasado 24 de abril, conmemora el vig\u00e9simo aniversario del inicio de los trabajos de puesta en valor de \u00c1spero, ciudad pesquera de la Civilizaci\u00f3n Caral. A la fecha esta exposici\u00f3n ha recibido a m\u00e1s de cinco mil visitantes, entre ni\u00f1os, j\u00f3venes y adultos, grupos de estudiantes, expertos en diversos campos, entre otros.<\/span><\/p>\n<p><b>\u00a1Participa en el sorteo: viaje y entradas dobles a Caral!<\/b><\/p>\n<p><span style=\"font-weight: 400;\">Como parte de los beneficios por la ampliaci\u00f3n del per\u00edodo de exhibici\u00f3n, todas las personas que visiten la exposici\u00f3n entre el 5 (fecha de cierre inicial) y el 22 de junio (fecha de cierre final) podr\u00e1n participar en el sorteo de un viaje gratuito a la Ciudad Sagrada de Caral-Supe, Patrimonio Mundial, con el programa <\/span><a href=\"https:\/\/www.zonacaral.gob.pe\/ruta-caral\/viajes-culturales.html\"><span style=\"font-weight: 400;\">Viajes Culturales<\/span><\/a><span style=\"font-weight: 400;\"> de la Zona Arqueol\u00f3gica Caral. Adem\u00e1s, se sortear\u00e1n diez entradas dobles para visitar cualquiera de los sitios arqueol\u00f3gicos de la <\/span><a href=\"https:\/\/www.zonacaral.gob.pe\/ruta-caral\/\"><span style=\"font-weight: 400;\">Ruta Caral<\/span><\/a><span style=\"font-weight: 400;\">.<\/span><\/p>\n<p><b>\u00bfQu\u00e9 podr\u00e1s ver en la exposici\u00f3n?<\/b><\/p>\n<p><span style=\"font-weight: 400;\">La muestra presenta informaci\u00f3n detallada sobre diversos hallazgos realizados en los centros urbanos de la Civilizaci\u00f3n Caral, con \u00e9nfasis, en el sitio de \u00c1spero. Estos descubrimientos revelan el desarrollo de avanzados conocimientos en ciencia y tecnolog\u00eda hace cinco mil a\u00f1os, as\u00ed como una alimentaci\u00f3n basada en productos provenientes del mar y del valle, consumidos e intercambiados en condiciones de paz con otras sociedades de la costa, la sierra y la selva.<\/span><\/p>\n<p><span style=\"font-weight: 400;\">Asimismo, conocer\u00e1s la tecnolog\u00eda pesquera que elaboraron, como redes de pesca y anzuelos, de diferentes tama\u00f1os que sirvieron para capturar peces y moluscos de nuestro rico mar; entre ellos, el m\u00e1s consumido: la anchoveta, producto que supieron conservar y almacenar para asegurar la provisi\u00f3n de alimentos.<\/span><\/p>\n<p><span style=\"font-weight: 400;\">La exposici\u00f3n tambi\u00e9n destaca los productos consumidos por la antigua sociedad caralina que logr\u00f3 mantener una alimentaci\u00f3n adecuada, balanceada y saludable. Adem\u00e1s, invita a reflexionar sobre nuestros actuales h\u00e1bitos de alimentaci\u00f3n, y c\u00f3mo podemos prevenir enfermedades, como la anemia, mal que afecta a las poblaciones vulnerables del pa\u00eds y del mundo, en espec\u00edfico a los ni\u00f1os.<\/span><\/p>\n<p><b>Personajes de \u00c9lite<\/b><\/p>\n<p><span style=\"font-weight: 400;\">En esta muestra tambi\u00e9n podr\u00e1s conocer importantes hallazgos arqueol\u00f3gicos, como el realizado en el edificio Huaca de Los \u00cddolos de \u00c1spero: el entierro de una ni\u00f1a, que habr\u00eda pertenecido a la \u00e9lite de la Civilizaci\u00f3n Caral, ya que fue enterrada cuidadosamente junto a diversos objetos valiosos para la \u00e9poca.<\/span><\/p>\n<p><span style=\"font-weight: 400;\">Tambi\u00e9n se exhibe el ajuar de la Dama de los Cuatro Tupus, otra mujer de alto rango dentro de la sociedad caralina, as\u00ed como el entierro de un var\u00f3n acompa\u00f1ado de bienes significativos, que evidencian su posici\u00f3n jer\u00e1rquica.<\/span><\/p>\n<p><strong style=\"font-size: inherit; text-align: justify;\">Fuente: Comunicaci\u00f3n e Imagen Institucional ZAC<\/strong><\/p>\n<\/div>\n<div style=\"color: #1f1f1f;\">\n<div style=\"color: #1f1f1f;\">\n<p style=\"text-align: justify;\">Fecha de publicaci\u00f3n: 05\/06\/2025<\/p>\n<\/div>\n<\/div>\n\n\n<p><\/p>\n","protected":false},"excerpt":{"rendered":"<p>Adem\u00e1s, se realizar\u00e1 un nuevo sorteo de un viaje a la Ciudad Sagrada de Caral-Supe. La Zona Arqueol\u00f3gica Caral, Unidad [&hellip;]<\/p>\n","protected":false},"author":1,"featured_media":18409,"comment_status":"closed","ping_status":"open","sticky":false,"template":"","format":"standard","meta":{"_acf_changed":false,"site-sidebar-layout":"default","site-content-layout":"","ast-site-content-layout":"default","site-content-style":"default","site-sidebar-style":"default","ast-global-header-display":"","ast-banner-title-visibility":"","ast-main-header-display":"","ast-hfb-above-header-display":"","ast-hfb-below-header-display":"","ast-hfb-mobile-header-display":"","site-post-title":"","ast-breadcrumbs-content":"","ast-featured-img":"","footer-sml-layout":"","ast-disable-related-posts":"","theme-transparent-header-meta":"","adv-header-id-meta":"","stick-header-meta":"","header-above-stick-meta":"","header-main-stick-meta":"","header-below-stick-meta":"","astra-migrate-meta-layouts":"default","ast-page-background-enabled":"default","ast-page-background-meta":{"desktop":{"background-color":"var(--ast-global-color-5)","background-image":"","background-repeat":"repeat","background-position":"center center","background-size":"auto","background-attachment":"scroll","background-type":"","background-media":"","overlay-type":"","overlay-color":"","overlay-opacity":"","overlay-gradient":""},"tablet":{"background-color":"","background-image":"","background-repeat":"repeat","background-position":"center center","background-size":"auto","background-attachment":"scroll","background-type":"","background-media":"","overlay-type":"","overlay-color":"","overlay-opacity":"","overlay-gradient":""},"mobile":{"background-color":"","background-image":"","background-repeat":"repeat","background-position":"center center","background-size":"auto","background-attachment":"scroll","background-type":"","background-media":"","overlay-type":"","overlay-color":"","overlay-opacity":"","overlay-gradient":""}},"ast-content-background-meta":{"desktop":{"background-color":"var(--ast-global-color-4)","background-image":"","background-repeat":"repeat","background-position":"center center","background-size":"auto","background-attachment":"scroll","background-type":"","background-media":"","overlay-type":"","overlay-color":"","overlay-opacity":"","overlay-gradient":""},"tablet":{"background-color":"var(--ast-global-color-4)","background-image":"","background-repeat":"repeat","background-position":"center center","background-size":"auto","background-attachment":"scroll","background-type":"","background-media":"","overlay-type":"","overlay-color":"","overlay-opacity":"","overlay-gradient":""},"mobile":{"background-color":"var(--ast-global-color-4)","background-image":"","background-repeat":"repeat","background-position":"center center","background-size":"auto","background-attachment":"scroll","background-type":"","background-media":"","overlay-type":"","overlay-color":"","overlay-opacity":"","overlay-gradient":""}},"footnotes":""},"categories":[208],"tags":[55,72],"class_list":["post-18408","post","type-post","status-publish","format-standard","has-post-thumbnail","hentry","category-noticias","tag-caral","tag-cultura"],"acf":[],"yoast_head":"<!-- This site is optimized with the Yoast SEO plugin v27.3 - https:\/\/yoast.com\/product\/yoast-seo-wordpress\/ -->\n<title>\u00a1BUENA NOTICIA! Se extiende hasta el 22 de junio la exposici\u00f3n de Caral en el Ministerio de Cultura<\/title>\n<meta name=\"description\" content=\"La Zona Arqueol\u00f3gica Caral, Unidad Ejecutora 003 del Ministerio de Cultura, anuncia que la exposici\u00f3n museogr\u00e1fica titulada \u00abTecnolog\u00eda pesquera y seguridad alimentaria para combatir la anemia\u00bb, que se presenta en la sala Paracas del Ministerio de Cultura, permanecer\u00e1 abierta al p\u00fablico hasta el 22 de junio de 2025. El ingreso es gratuito.\" \/>\n<meta name=\"robots\" content=\"index, follow, max-snippet:-1, max-image-preview:large, max-video-preview:-1\" \/>\n<link rel=\"canonical\" href=\"https:\/\/zonacaral.gob.pe\/es\/noticias\/buena-noticia-se-extiende-hasta-el-22-de-junio-la-exposicion-de-caral-en-el-ministerio-de-cultura\/\" \/>\n<meta property=\"og:locale\" content=\"es_ES\" \/>\n<meta property=\"og:type\" content=\"article\" \/>\n<meta property=\"og:title\" content=\"\u00a1BUENA NOTICIA! Se extiende hasta el 22 de junio la exposici\u00f3n de Caral en el Ministerio de Cultura\" \/>\n<meta property=\"og:description\" content=\"La Zona Arqueol\u00f3gica Caral, Unidad Ejecutora 003 del Ministerio de Cultura, anuncia que la exposici\u00f3n museogr\u00e1fica titulada \u00abTecnolog\u00eda pesquera y seguridad alimentaria para combatir la anemia\u00bb, que se presenta en la sala Paracas del Ministerio de Cultura, permanecer\u00e1 abierta al p\u00fablico hasta el 22 de junio de 2025. El ingreso es gratuito.\" \/>\n<meta property=\"og:url\" content=\"https:\/\/zonacaral.gob.pe\/es\/noticias\/buena-noticia-se-extiende-hasta-el-22-de-junio-la-exposicion-de-caral-en-el-ministerio-de-cultura\/\" \/>\n<meta property=\"og:site_name\" content=\"Zona Caral\" \/>\n<meta property=\"article:published_time\" content=\"2025-06-05T19:52:45+00:00\" \/>\n<meta property=\"og:image\" content=\"https:\/\/zonacaral.gob.pe\/wp-content\/uploads\/2025\/06\/EXPO-22-1.jpg\" \/>\n\t<meta property=\"og:image:width\" content=\"1500\" \/>\n\t<meta property=\"og:image:height\" content=\"843\" \/>\n\t<meta property=\"og:image:type\" content=\"image\/jpeg\" \/>\n<meta name=\"author\" content=\"Zona Caral Administrador\" \/>\n<meta name=\"twitter:card\" content=\"summary_large_image\" \/>\n<meta name=\"twitter:label1\" content=\"Written by\" \/>\n\t<meta name=\"twitter:data1\" content=\"Zona Caral Administrador\" \/>\n\t<meta name=\"twitter:label2\" content=\"Est. reading time\" \/>\n\t<meta name=\"twitter:data2\" content=\"3 minutos\" \/>\n<script type=\"application\/ld+json\" class=\"yoast-schema-graph\">{\"@context\":\"https:\\\/\\\/schema.org\",\"@graph\":[{\"@type\":\"Article\",\"@id\":\"https:\\\/\\\/zonacaral.gob.pe\\\/es\\\/noticias\\\/buena-noticia-se-extiende-hasta-el-22-de-junio-la-exposicion-de-caral-en-el-ministerio-de-cultura\\\/#article\",\"isPartOf\":{\"@id\":\"https:\\\/\\\/zonacaral.gob.pe\\\/es\\\/noticias\\\/buena-noticia-se-extiende-hasta-el-22-de-junio-la-exposicion-de-caral-en-el-ministerio-de-cultura\\\/\"},\"author\":{\"name\":\"Zona Caral Administrador\",\"@id\":\"https:\\\/\\\/zonacaral.gob.pe\\\/es\\\/#\\\/schema\\\/person\\\/beddb4d22f71a7230c5b90913270a0ee\"},\"headline\":\"\u00a1BUENA NOTICIA! Se extiende hasta el 22 de junio la exposici\u00f3n de Caral en el Ministerio de Cultura\",\"datePublished\":\"2025-06-05T19:52:45+00:00\",\"mainEntityOfPage\":{\"@id\":\"https:\\\/\\\/zonacaral.gob.pe\\\/es\\\/noticias\\\/buena-noticia-se-extiende-hasta-el-22-de-junio-la-exposicion-de-caral-en-el-ministerio-de-cultura\\\/\"},\"wordCount\":558,\"image\":{\"@id\":\"https:\\\/\\\/zonacaral.gob.pe\\\/es\\\/noticias\\\/buena-noticia-se-extiende-hasta-el-22-de-junio-la-exposicion-de-caral-en-el-ministerio-de-cultura\\\/#primaryimage\"},\"thumbnailUrl\":\"https:\\\/\\\/zonacaral.gob.pe\\\/wp-content\\\/uploads\\\/2025\\\/06\\\/EXPO-22-1.jpg\",\"keywords\":[\"caral\",\"Cultura\"],\"articleSection\":[\"noticias\"],\"inLanguage\":\"es-PE\"},{\"@type\":\"WebPage\",\"@id\":\"https:\\\/\\\/zonacaral.gob.pe\\\/es\\\/noticias\\\/buena-noticia-se-extiende-hasta-el-22-de-junio-la-exposicion-de-caral-en-el-ministerio-de-cultura\\\/\",\"url\":\"https:\\\/\\\/zonacaral.gob.pe\\\/es\\\/noticias\\\/buena-noticia-se-extiende-hasta-el-22-de-junio-la-exposicion-de-caral-en-el-ministerio-de-cultura\\\/\",\"name\":\"\u00a1BUENA NOTICIA! Se extiende hasta el 22 de junio la exposici\u00f3n de Caral en el Ministerio de Cultura\",\"isPartOf\":{\"@id\":\"https:\\\/\\\/zonacaral.gob.pe\\\/es\\\/#website\"},\"primaryImageOfPage\":{\"@id\":\"https:\\\/\\\/zonacaral.gob.pe\\\/es\\\/noticias\\\/buena-noticia-se-extiende-hasta-el-22-de-junio-la-exposicion-de-caral-en-el-ministerio-de-cultura\\\/#primaryimage\"},\"image\":{\"@id\":\"https:\\\/\\\/zonacaral.gob.pe\\\/es\\\/noticias\\\/buena-noticia-se-extiende-hasta-el-22-de-junio-la-exposicion-de-caral-en-el-ministerio-de-cultura\\\/#primaryimage\"},\"thumbnailUrl\":\"https:\\\/\\\/zonacaral.gob.pe\\\/wp-content\\\/uploads\\\/2025\\\/06\\\/EXPO-22-1.jpg\",\"datePublished\":\"2025-06-05T19:52:45+00:00\",\"author\":{\"@id\":\"https:\\\/\\\/zonacaral.gob.pe\\\/es\\\/#\\\/schema\\\/person\\\/beddb4d22f71a7230c5b90913270a0ee\"},\"description\":\"La Zona Arqueol\u00f3gica Caral, Unidad Ejecutora 003 del Ministerio de Cultura, anuncia que la exposici\u00f3n museogr\u00e1fica titulada \u00abTecnolog\u00eda pesquera y seguridad alimentaria para combatir la anemia\u00bb, que se presenta en la sala Paracas del Ministerio de Cultura, permanecer\u00e1 abierta al p\u00fablico hasta el 22 de junio de 2025. El ingreso es gratuito.\",\"breadcrumb\":{\"@id\":\"https:\\\/\\\/zonacaral.gob.pe\\\/es\\\/noticias\\\/buena-noticia-se-extiende-hasta-el-22-de-junio-la-exposicion-de-caral-en-el-ministerio-de-cultura\\\/#breadcrumb\"},\"inLanguage\":\"es-PE\",\"potentialAction\":[{\"@type\":\"ReadAction\",\"target\":[\"https:\\\/\\\/zonacaral.gob.pe\\\/es\\\/noticias\\\/buena-noticia-se-extiende-hasta-el-22-de-junio-la-exposicion-de-caral-en-el-ministerio-de-cultura\\\/\"]}]},{\"@type\":\"ImageObject\",\"inLanguage\":\"es-PE\",\"@id\":\"https:\\\/\\\/zonacaral.gob.pe\\\/es\\\/noticias\\\/buena-noticia-se-extiende-hasta-el-22-de-junio-la-exposicion-de-caral-en-el-ministerio-de-cultura\\\/#primaryimage\",\"url\":\"https:\\\/\\\/zonacaral.gob.pe\\\/wp-content\\\/uploads\\\/2025\\\/06\\\/EXPO-22-1.jpg\",\"contentUrl\":\"https:\\\/\\\/zonacaral.gob.pe\\\/wp-content\\\/uploads\\\/2025\\\/06\\\/EXPO-22-1.jpg\",\"width\":1500,\"height\":843},{\"@type\":\"BreadcrumbList\",\"@id\":\"https:\\\/\\\/zonacaral.gob.pe\\\/es\\\/noticias\\\/buena-noticia-se-extiende-hasta-el-22-de-junio-la-exposicion-de-caral-en-el-ministerio-de-cultura\\\/#breadcrumb\",\"itemListElement\":[{\"@type\":\"ListItem\",\"position\":1,\"name\":\"Portada\",\"item\":\"https:\\\/\\\/zonacaral.gob.pe\\\/\"},{\"@type\":\"ListItem\",\"position\":2,\"name\":\"\u00a1BUENA NOTICIA! Se extiende hasta el 22 de junio la exposici\u00f3n de Caral en el Ministerio de Cultura\"}]},{\"@type\":\"WebSite\",\"@id\":\"https:\\\/\\\/zonacaral.gob.pe\\\/es\\\/#website\",\"url\":\"https:\\\/\\\/zonacaral.gob.pe\\\/es\\\/\",\"name\":\"Zona Caral\",\"description\":\"Investigamos, conservamos y difundimos el patrimonio cultural de la Civilizaci\u00f3n Caral, la m\u00e1s antigua de Am\u00e9rica.\",\"potentialAction\":[{\"@type\":\"SearchAction\",\"target\":{\"@type\":\"EntryPoint\",\"urlTemplate\":\"https:\\\/\\\/zonacaral.gob.pe\\\/es\\\/?s={search_term_string}\"},\"query-input\":{\"@type\":\"PropertyValueSpecification\",\"valueRequired\":true,\"valueName\":\"search_term_string\"}}],\"inLanguage\":\"es-PE\"},{\"@type\":\"Person\",\"@id\":\"https:\\\/\\\/zonacaral.gob.pe\\\/es\\\/#\\\/schema\\\/person\\\/beddb4d22f71a7230c5b90913270a0ee\",\"name\":\"Zona Caral Administrador\",\"image\":{\"@type\":\"ImageObject\",\"inLanguage\":\"es-PE\",\"@id\":\"https:\\\/\\\/secure.gravatar.com\\\/avatar\\\/e4be162918a696358376de6446614e0f0f4062bdc5d170d6d540ada3d8b58c12?s=96&d=mm&r=g\",\"url\":\"https:\\\/\\\/secure.gravatar.com\\\/avatar\\\/e4be162918a696358376de6446614e0f0f4062bdc5d170d6d540ada3d8b58c12?s=96&d=mm&r=g\",\"contentUrl\":\"https:\\\/\\\/secure.gravatar.com\\\/avatar\\\/e4be162918a696358376de6446614e0f0f4062bdc5d170d6d540ada3d8b58c12?s=96&d=mm&r=g\",\"caption\":\"Zona Caral Administrador\"},\"sameAs\":[\"https:\\\/\\\/zonacaral.gob.pe\"],\"url\":\"https:\\\/\\\/zonacaral.gob.pe\\\/es\\\/noticias\\\/author\\\/ad_zonacaral\\\/\"}]}<\/script>\n<!-- \/ Yoast SEO plugin. -->","yoast_head_json":{"title":"\u00a1BUENA NOTICIA! Se extiende hasta el 22 de junio la exposici\u00f3n de Caral en el Ministerio de Cultura","description":"La Zona Arqueol\u00f3gica Caral, Unidad Ejecutora 003 del Ministerio de Cultura, anuncia que la exposici\u00f3n museogr\u00e1fica titulada \u00abTecnolog\u00eda pesquera y seguridad alimentaria para combatir la anemia\u00bb, que se presenta en la sala Paracas del Ministerio de Cultura, permanecer\u00e1 abierta al p\u00fablico hasta el 22 de junio de 2025. El ingreso es gratuito.","robots":{"index":"index","follow":"follow","max-snippet":"max-snippet:-1","max-image-preview":"max-image-preview:large","max-video-preview":"max-video-preview:-1"},"canonical":"https:\/\/zonacaral.gob.pe\/es\/noticias\/buena-noticia-se-extiende-hasta-el-22-de-junio-la-exposicion-de-caral-en-el-ministerio-de-cultura\/","og_locale":"es_ES","og_type":"article","og_title":"\u00a1BUENA NOTICIA! Se extiende hasta el 22 de junio la exposici\u00f3n de Caral en el Ministerio de Cultura","og_description":"La Zona Arqueol\u00f3gica Caral, Unidad Ejecutora 003 del Ministerio de Cultura, anuncia que la exposici\u00f3n museogr\u00e1fica titulada \u00abTecnolog\u00eda pesquera y seguridad alimentaria para combatir la anemia\u00bb, que se presenta en la sala Paracas del Ministerio de Cultura, permanecer\u00e1 abierta al p\u00fablico hasta el 22 de junio de 2025. El ingreso es gratuito.","og_url":"https:\/\/zonacaral.gob.pe\/es\/noticias\/buena-noticia-se-extiende-hasta-el-22-de-junio-la-exposicion-de-caral-en-el-ministerio-de-cultura\/","og_site_name":"Zona Caral","article_published_time":"2025-06-05T19:52:45+00:00","og_image":[{"width":1500,"height":843,"url":"https:\/\/zonacaral.gob.pe\/wp-content\/uploads\/2025\/06\/EXPO-22-1.jpg","type":"image\/jpeg"}],"author":"Zona Caral Administrador","twitter_card":"summary_large_image","twitter_misc":{"Written by":"Zona Caral Administrador","Est. reading time":"3 minutos"},"schema":{"@context":"https:\/\/schema.org","@graph":[{"@type":"Article","@id":"https:\/\/zonacaral.gob.pe\/es\/noticias\/buena-noticia-se-extiende-hasta-el-22-de-junio-la-exposicion-de-caral-en-el-ministerio-de-cultura\/#article","isPartOf":{"@id":"https:\/\/zonacaral.gob.pe\/es\/noticias\/buena-noticia-se-extiende-hasta-el-22-de-junio-la-exposicion-de-caral-en-el-ministerio-de-cultura\/"},"author":{"name":"Zona Caral Administrador","@id":"https:\/\/zonacaral.gob.pe\/es\/#\/schema\/person\/beddb4d22f71a7230c5b90913270a0ee"},"headline":"\u00a1BUENA NOTICIA! Se extiende hasta el 22 de junio la exposici\u00f3n de Caral en el Ministerio de Cultura","datePublished":"2025-06-05T19:52:45+00:00","mainEntityOfPage":{"@id":"https:\/\/zonacaral.gob.pe\/es\/noticias\/buena-noticia-se-extiende-hasta-el-22-de-junio-la-exposicion-de-caral-en-el-ministerio-de-cultura\/"},"wordCount":558,"image":{"@id":"https:\/\/zonacaral.gob.pe\/es\/noticias\/buena-noticia-se-extiende-hasta-el-22-de-junio-la-exposicion-de-caral-en-el-ministerio-de-cultura\/#primaryimage"},"thumbnailUrl":"https:\/\/zonacaral.gob.pe\/wp-content\/uploads\/2025\/06\/EXPO-22-1.jpg","keywords":["caral","Cultura"],"articleSection":["noticias"],"inLanguage":"es-PE"},{"@type":"WebPage","@id":"https:\/\/zonacaral.gob.pe\/es\/noticias\/buena-noticia-se-extiende-hasta-el-22-de-junio-la-exposicion-de-caral-en-el-ministerio-de-cultura\/","url":"https:\/\/zonacaral.gob.pe\/es\/noticias\/buena-noticia-se-extiende-hasta-el-22-de-junio-la-exposicion-de-caral-en-el-ministerio-de-cultura\/","name":"\u00a1BUENA NOTICIA! Se extiende hasta el 22 de junio la exposici\u00f3n de Caral en el Ministerio de Cultura","isPartOf":{"@id":"https:\/\/zonacaral.gob.pe\/es\/#website"},"primaryImageOfPage":{"@id":"https:\/\/zonacaral.gob.pe\/es\/noticias\/buena-noticia-se-extiende-hasta-el-22-de-junio-la-exposicion-de-caral-en-el-ministerio-de-cultura\/#primaryimage"},"image":{"@id":"https:\/\/zonacaral.gob.pe\/es\/noticias\/buena-noticia-se-extiende-hasta-el-22-de-junio-la-exposicion-de-caral-en-el-ministerio-de-cultura\/#primaryimage"},"thumbnailUrl":"https:\/\/zonacaral.gob.pe\/wp-content\/uploads\/2025\/06\/EXPO-22-1.jpg","datePublished":"2025-06-05T19:52:45+00:00","author":{"@id":"https:\/\/zonacaral.gob.pe\/es\/#\/schema\/person\/beddb4d22f71a7230c5b90913270a0ee"},"description":"La Zona Arqueol\u00f3gica Caral, Unidad Ejecutora 003 del Ministerio de Cultura, anuncia que la exposici\u00f3n museogr\u00e1fica titulada \u00abTecnolog\u00eda pesquera y seguridad alimentaria para combatir la anemia\u00bb, que se presenta en la sala Paracas del Ministerio de Cultura, permanecer\u00e1 abierta al p\u00fablico hasta el 22 de junio de 2025. El ingreso es gratuito.","breadcrumb":{"@id":"https:\/\/zonacaral.gob.pe\/es\/noticias\/buena-noticia-se-extiende-hasta-el-22-de-junio-la-exposicion-de-caral-en-el-ministerio-de-cultura\/#breadcrumb"},"inLanguage":"es-PE","potentialAction":[{"@type":"ReadAction","target":["https:\/\/zonacaral.gob.pe\/es\/noticias\/buena-noticia-se-extiende-hasta-el-22-de-junio-la-exposicion-de-caral-en-el-ministerio-de-cultura\/"]}]},{"@type":"ImageObject","inLanguage":"es-PE","@id":"https:\/\/zonacaral.gob.pe\/es\/noticias\/buena-noticia-se-extiende-hasta-el-22-de-junio-la-exposicion-de-caral-en-el-ministerio-de-cultura\/#primaryimage","url":"https:\/\/zonacaral.gob.pe\/wp-content\/uploads\/2025\/06\/EXPO-22-1.jpg","contentUrl":"https:\/\/zonacaral.gob.pe\/wp-content\/uploads\/2025\/06\/EXPO-22-1.jpg","width":1500,"height":843},{"@type":"BreadcrumbList","@id":"https:\/\/zonacaral.gob.pe\/es\/noticias\/buena-noticia-se-extiende-hasta-el-22-de-junio-la-exposicion-de-caral-en-el-ministerio-de-cultura\/#breadcrumb","itemListElement":[{"@type":"ListItem","position":1,"name":"Portada","item":"https:\/\/zonacaral.gob.pe\/"},{"@type":"ListItem","position":2,"name":"\u00a1BUENA NOTICIA! Se extiende hasta el 22 de junio la exposici\u00f3n de Caral en el Ministerio de Cultura"}]},{"@type":"WebSite","@id":"https:\/\/zonacaral.gob.pe\/es\/#website","url":"https:\/\/zonacaral.gob.pe\/es\/","name":"Zona Caral","description":"Investigamos, conservamos y difundimos el patrimonio cultural de la Civilizaci\u00f3n Caral, la m\u00e1s antigua de Am\u00e9rica.","potentialAction":[{"@type":"SearchAction","target":{"@type":"EntryPoint","urlTemplate":"https:\/\/zonacaral.gob.pe\/es\/?s={search_term_string}"},"query-input":{"@type":"PropertyValueSpecification","valueRequired":true,"valueName":"search_term_string"}}],"inLanguage":"es-PE"},{"@type":"Person","@id":"https:\/\/zonacaral.gob.pe\/es\/#\/schema\/person\/beddb4d22f71a7230c5b90913270a0ee","name":"Zona Caral Administrador","image":{"@type":"ImageObject","inLanguage":"es-PE","@id":"https:\/\/secure.gravatar.com\/avatar\/e4be162918a696358376de6446614e0f0f4062bdc5d170d6d540ada3d8b58c12?s=96&d=mm&r=g","url":"https:\/\/secure.gravatar.com\/avatar\/e4be162918a696358376de6446614e0f0f4062bdc5d170d6d540ada3d8b58c12?s=96&d=mm&r=g","contentUrl":"https:\/\/secure.gravatar.com\/avatar\/e4be162918a696358376de6446614e0f0f4062bdc5d170d6d540ada3d8b58c12?s=96&d=mm&r=g","caption":"Zona Caral Administrador"},"sameAs":["https:\/\/zonacaral.gob.pe"],"url":"https:\/\/zonacaral.gob.pe\/es\/noticias\/author\/ad_zonacaral\/"}]}},"_links":{"self":[{"href":"https:\/\/zonacaral.gob.pe\/es\/wp-json\/wp\/v2\/posts\/18408","targetHints":{"allow":["GET"]}}],"collection":[{"href":"https:\/\/zonacaral.gob.pe\/es\/wp-json\/wp\/v2\/posts"}],"about":[{"href":"https:\/\/zonacaral.gob.pe\/es\/wp-json\/wp\/v2\/types\/post"}],"author":[{"embeddable":true,"href":"https:\/\/zonacaral.gob.pe\/es\/wp-json\/wp\/v2\/users\/1"}],"replies":[{"embeddable":true,"href":"https:\/\/zonacaral.gob.pe\/es\/wp-json\/wp\/v2\/comments?post=18408"}],"version-history":[{"count":0,"href":"https:\/\/zonacaral.gob.pe\/es\/wp-json\/wp\/v2\/posts\/18408\/revisions"}],"wp:featuredmedia":[{"embeddable":true,"href":"https:\/\/zonacaral.gob.pe\/es\/wp-json\/wp\/v2\/media\/18409"}],"wp:attachment":[{"href":"https:\/\/zonacaral.gob.pe\/es\/wp-json\/wp\/v2\/media?parent=18408"}],"wp:term":[{"taxonomy":"category","embeddable":true,"href":"https:\/\/zonacaral.gob.pe\/es\/wp-json\/wp\/v2\/categories?post=18408"},{"taxonomy":"post_tag","embeddable":true,"href":"https:\/\/zonacaral.gob.pe\/es\/wp-json\/wp\/v2\/tags?post=18408"}],"curies":[{"name":"wp","href":"https:\/\/api.w.org\/{rel}","templated":true}]}}