{"id":18415,"date":"2025-06-05T17:08:40","date_gmt":"2025-06-05T22:08:40","guid":{"rendered":"https:\/\/www.zonacaral.gob.pe\/?p=18415"},"modified":"2025-06-05T17:08:40","modified_gmt":"2025-06-05T22:08:40","slug":"agenda-caral-junio-mes-del-patrimonio-mundial-y-solsticio-de-invierno","status":"publish","type":"post","link":"https:\/\/zonacaral.gob.pe\/es\/noticias\/agenda-caral-junio-mes-del-patrimonio-mundial-y-solsticio-de-invierno\/","title":{"rendered":"AGENDA CARAL \u2013 JUNIO: Mes del Patrimonio Mundial y Solsticio de Invierno"},"content":{"rendered":"<figure class=\"pic-autor\" style=\"color: #4d4d4d; text-align: justify;\"><\/figure>\n<div class=\"gmail_default\" style=\"text-align: justify;\">\n<blockquote>\n<p><span style=\"font-weight: 400;\">\u00a1Caral para todos!<\/span><\/p>\n<\/blockquote>\n<p><span style=\"font-weight: 400;\">En junio, la <\/span><a href=\"https:\/\/www.instagram.com\/caralperu\/?hl=es\"><span style=\"font-weight: 400;\">Zona Arqueol\u00f3gica Caral<\/span><\/a><span style=\"font-weight: 400;\"> (ZAC), Unidad Ejecutora 003 del Ministerio de Cultura te invita a conmemorar un nuevo aniversario de la inscripci\u00f3n de la <\/span><a href=\"https:\/\/whc.unesco.org\/es\/list\/1269\"><span style=\"font-weight: 400;\">Ciudad Sagrada de Caral-Supe<\/span><\/a><span style=\"font-weight: 400;\">, en la Lista de Patrimonio Mundial de la Organizaci\u00f3n de las Naciones Unidas para la Educaci\u00f3n, la Ciencia y la Cultura &#8211; UNESCO. Celebra con nosotros participando en los viajes, talleres y exposiciones museogr\u00e1ficas que hemos preparado para ti este mes.<\/span><\/p>\n<p><span style=\"font-weight: 400;\">Como se sabe, el 28 de junio del 2009, durante la 33\u00aa Sesi\u00f3n del Comit\u00e9 de Patrimonio Mundial, realizada en Sevilla, Espa\u00f1a, se aprob\u00f3 la inscripci\u00f3n de la Ciudad Sagrada de Caral-Supe en la Lista del Patrimonio Mundial, en reconocimiento a su valor universal excepcional. La inscripci\u00f3n oficial se formaliz\u00f3 dos d\u00edas despu\u00e9s, el 30 de junio del mismo a\u00f1o.<\/span><\/p>\n<p><span style=\"font-weight: 400;\">Por ello te invitamos a:<\/span><\/p>\n<p><b>VIAJES CULTURALES<\/b><\/p>\n<p><b>Domingo, 15 de junio:<\/b><span style=\"font-weight: 400;\"> el programa <\/span><a href=\"https:\/\/www.zonacaral.gob.pe\/ruta-caral\/\"><span style=\"font-weight: 400;\">Viajes Culturales<\/span><\/a><span style=\"font-weight: 400;\"> de la ZAC te lleva a participar en un paseo de todo un d\u00eda para conocer la Ciudad Sagrada de Caral-Supe, Patrimonio Mundial, y Vichama, ciudad agropesquera, de V\u00e9gueta-Huaura. Sitios arqueol\u00f3gicos en los que conocer\u00e1s el inicio de la formaci\u00f3n de la civilizaci\u00f3n en Am\u00e9rica y las causas de su posterior reorganizaci\u00f3n.<\/span><\/p>\n<p><b>S\u00e1bado 21 y domingo 22 \u2013 Campamento del Solsticio de Invierno:<\/b><span style=\"font-weight: 400;\"> Como cada a\u00f1o, con el fin de difundir el conocimiento en astronom\u00eda desarrollado por la Civilizaci\u00f3n Caral, y poner en valor su legado en ciencia y tecnolog\u00eda, la <\/span><a href=\"https:\/\/www.instagram.com\/caralperu\/?hl=es\"><span style=\"font-weight: 400;\">Zona Arqueol\u00f3gica Caral<\/span><\/a><span style=\"font-weight: 400;\"> organiza esta actividad en la milenaria Ciudad Sagrada de Caral-Supe.<\/span><\/p>\n<p><span style=\"font-weight: 400;\">Se trata de una experiencia de dos d\u00edas y una noche, que te permitir\u00e1 conectarte con la cultura ancestral, la naturaleza y los astros.\u00a0<\/span><\/p>\n<p><span style=\"font-weight: 400;\">M\u00e1s informaci\u00f3n comunicarse al WhatsApp: <\/span><a href=\"https:\/\/bit.ly\/955881340\"><span style=\"font-weight: 400;\">955 881 340<\/span><\/a><span style=\"font-weight: 400;\">.<\/span><\/p>\n<p><b>TALLERES, CARAL PARA TODOS<\/b><\/p>\n<p><span style=\"font-weight: 400;\">Con el fin de acercar nuestro patrimonio cultural y transmitir la historia sobre el desarrollo de la Civilizaci\u00f3n Caral, el viernes 27, en los horarios: 10:30 a. m. y 3:30 p. m., realizaremos el <\/span><b>taller \u00abLa Ciudad Sagrada de Caral-Supe, nuestro patrimonio mundial\u00bb<\/b><span style=\"font-weight: 400;\">, que te llevar\u00e1 a crear tu propia pir\u00e1mide usando materiales que encontramos en casa.<\/span><\/p>\n<p><span style=\"font-weight: 400;\">Este taller, lleno de informaci\u00f3n cultural, nos permitir\u00e1 conocer c\u00f3mo llegaron a construir sus imponentes y monumentales edificios piramidales, y cu\u00e1l era la funci\u00f3n de cada uno. Adem\u00e1s, aprenderemos sobre el material que utilizaron para sus edificaciones, y los secretos que han permitido que perduren hasta la actualidad.<\/span><\/p>\n<p><span style=\"font-weight: 400;\">M\u00e1s informes al <\/span><a href=\"https:\/\/bit.ly\/955881340\"><span style=\"font-weight: 400;\">955 881 340<\/span><\/a><span style=\"font-weight: 400;\">.<\/span><\/p>\n<p><b>VISITAS MEDIADAS<\/b><\/p>\n<p><span style=\"font-weight: 400;\">Asimismo, bajo el programa <\/span><a href=\"https:\/\/www.zonacaral.gob.pe\/museo\/caral\/\"><span style=\"font-weight: 400;\">MUSEO CARAL<\/span><\/a><span style=\"font-weight: 400;\"> virtual, realizaremos visitas mediadas dirigidas, en especial, a instituciones educativas con el fin de fortalecer la identidad cultural en los ni\u00f1os y j\u00f3venes.<\/span><\/p>\n<p><span style=\"font-weight: 400;\">Por ello, este mes realizaremos una mediaci\u00f3n virtual a los alumnos de las Instituciones Educativas n\u00b0 88151 San Mart\u00edn de Cabana, \u00c1ncash (participan estudiantes de 1er y 5to grado de secundaria) y a los estudiantes de la I. E. Jos\u00e9 Carlos Mari\u00e1tegui de Pisco (1er grado de secundaria).<\/span><\/p>\n<p><span style=\"font-weight: 400;\">Y, de manera presencial, estaremos en la Municipalidad Distrital de Santa Anita, en la ciudad de Lima. Aqu\u00ed, el viernes 27, a las 10:00 a. m., viajaremos a trav\u00e9s de la virtualidad a los inicios de la civilizaci\u00f3n andina para conocer los secretos de Caral.<\/span><\/p>\n<p><i><span style=\"font-weight: 400;\">*Si deseas una visita mediada por el Museo Caral comun\u00edcate al: 955 881 340 o escr\u00edbenos al correo: <\/span><\/i><a href=\"mailto:krayme@zonacaral.gob.pe\"><i><span style=\"font-weight: 400;\">krayme@zonacaral.gob.pe<\/span><\/i><\/a><i><span style=\"font-weight: 400;\">\u00a0<\/span><\/i><\/p>\n<p><b>EXPOSICIONES MUSEOGR\u00c1FICAS<\/b><\/p>\n<p><span style=\"font-weight: 400;\">Y, siguiendo con las actividades por el d\u00e9cimo sexto aniversario de la inscripci\u00f3n de la Ciudad Sagrada de Caral-Supe, en la Lista de Patrimonio Mundial de la UNESCO, te invitamos a visitar la muestra <\/span><b>\u00ab<\/b><b>Centro Urbanos de la Civilizaci\u00f3n Caral<\/b><b>\u00bb<\/b><span style=\"font-weight: 400;\">, <\/span><span style=\"font-weight: 400;\">donde podr\u00e1s conocer los antiguos centros urbanos que hoy est\u00e1n musealizados y abiertos al p\u00fablico.<\/span><\/p>\n<p><span style=\"font-weight: 400;\">Esta exposici\u00f3n se encuentra en el denominado <\/span><i><span style=\"font-weight: 400;\">hall Cajeros<\/span><\/i><span style=\"font-weight: 400;\"> del Ministerio de Cultura y puede ser visitada de martes a domingo, de 9:00 a. m. a 4:00 p. m., desde el jueves, 5 de junio hasta el 28 de julio.<\/span><\/p>\n<p><span style=\"font-weight: 400;\">Tambi\u00e9n, te recordamos que hasta el 22 de junio estar\u00e1 abierta al p\u00fablico la exposici\u00f3n museogr\u00e1fica <\/span><b>\u00abTecnolog\u00eda Pesquera y Seguridad Alimentaria para Combatir la Anemia\u00bb<\/b><span style=\"font-weight: 400;\">, en la sala Paracas del ministerio.<\/span><\/p>\n<p><span style=\"font-weight: 400;\">El ingreso a ambas muestras es gratuito. <\/span><\/p>\n<p><strong style=\"font-size: inherit; text-align: justify;\">Fuente: Comunicaci\u00f3n e Imagen Institucional ZAC<\/strong><\/p>\n<\/div>\n<div style=\"color: #1f1f1f;\">\n<div style=\"color: #1f1f1f;\">\n<p style=\"text-align: justify;\">Fecha de publicaci\u00f3n: 05\/06\/2025<\/p>\n<\/div>\n<\/div>\n\n\n<p><\/p>\n","protected":false},"excerpt":{"rendered":"<p>\u00a1Caral para todos! En junio, la Zona Arqueol\u00f3gica Caral (ZAC), Unidad Ejecutora 003 del Ministerio de Cultura te invita a [&hellip;]<\/p>\n","protected":false},"author":1,"featured_media":18416,"comment_status":"closed","ping_status":"open","sticky":false,"template":"","format":"standard","meta":{"_acf_changed":false,"site-sidebar-layout":"default","site-content-layout":"","ast-site-content-layout":"default","site-content-style":"default","site-sidebar-style":"default","ast-global-header-display":"","ast-banner-title-visibility":"","ast-main-header-display":"","ast-hfb-above-header-display":"","ast-hfb-below-header-display":"","ast-hfb-mobile-header-display":"","site-post-title":"","ast-breadcrumbs-content":"","ast-featured-img":"","footer-sml-layout":"","ast-disable-related-posts":"","theme-transparent-header-meta":"","adv-header-id-meta":"","stick-header-meta":"","header-above-stick-meta":"","header-main-stick-meta":"","header-below-stick-meta":"","astra-migrate-meta-layouts":"default","ast-page-background-enabled":"default","ast-page-background-meta":{"desktop":{"background-color":"var(--ast-global-color-5)","background-image":"","background-repeat":"repeat","background-position":"center center","background-size":"auto","background-attachment":"scroll","background-type":"","background-media":"","overlay-type":"","overlay-color":"","overlay-opacity":"","overlay-gradient":""},"tablet":{"background-color":"","background-image":"","background-repeat":"repeat","background-position":"center center","background-size":"auto","background-attachment":"scroll","background-type":"","background-media":"","overlay-type":"","overlay-color":"","overlay-opacity":"","overlay-gradient":""},"mobile":{"background-color":"","background-image":"","background-repeat":"repeat","background-position":"center center","background-size":"auto","background-attachment":"scroll","background-type":"","background-media":"","overlay-type":"","overlay-color":"","overlay-opacity":"","overlay-gradient":""}},"ast-content-background-meta":{"desktop":{"background-color":"var(--ast-global-color-4)","background-image":"","background-repeat":"repeat","background-position":"center center","background-size":"auto","background-attachment":"scroll","background-type":"","background-media":"","overlay-type":"","overlay-color":"","overlay-opacity":"","overlay-gradient":""},"tablet":{"background-color":"var(--ast-global-color-4)","background-image":"","background-repeat":"repeat","background-position":"center center","background-size":"auto","background-attachment":"scroll","background-type":"","background-media":"","overlay-type":"","overlay-color":"","overlay-opacity":"","overlay-gradient":""},"mobile":{"background-color":"var(--ast-global-color-4)","background-image":"","background-repeat":"repeat","background-position":"center center","background-size":"auto","background-attachment":"scroll","background-type":"","background-media":"","overlay-type":"","overlay-color":"","overlay-opacity":"","overlay-gradient":""}},"footnotes":""},"categories":[208],"tags":[55,72],"class_list":["post-18415","post","type-post","status-publish","format-standard","has-post-thumbnail","hentry","category-noticias","tag-caral","tag-cultura"],"acf":[],"yoast_head":"<!-- This site is optimized with the Yoast SEO plugin v27.3 - https:\/\/yoast.com\/product\/yoast-seo-wordpress\/ -->\n<title>AGENDA CARAL \u2013 JUNIO: Mes del Patrimonio Mundial y Solsticio de Invierno<\/title>\n<meta name=\"description\" content=\"En junio, la Zona Arqueol\u00f3gica Caral (ZAC), Unidad Ejecutora 003 del Ministerio de Cultura te invita a conmemorar un nuevo aniversario de la inscripci\u00f3n de la Ciudad Sagrada de Caral-Supe, en la Lista de Patrimonio Mundial de la Organizaci\u00f3n de las Naciones Unidas para la Educaci\u00f3n, la Ciencia y la Cultura - UNESCO. Celebra con nosotros participando en los viajes, talleres y exposiciones museogr\u00e1ficas que hemos preparado para ti este mes.\" \/>\n<meta name=\"robots\" content=\"index, follow, max-snippet:-1, max-image-preview:large, max-video-preview:-1\" \/>\n<link rel=\"canonical\" href=\"https:\/\/zonacaral.gob.pe\/es\/noticias\/agenda-caral-junio-mes-del-patrimonio-mundial-y-solsticio-de-invierno\/\" \/>\n<meta property=\"og:locale\" content=\"es_ES\" \/>\n<meta property=\"og:type\" content=\"article\" \/>\n<meta property=\"og:title\" content=\"AGENDA CARAL \u2013 JUNIO: Mes del Patrimonio Mundial y Solsticio de Invierno\" \/>\n<meta property=\"og:description\" content=\"En junio, la Zona Arqueol\u00f3gica Caral (ZAC), Unidad Ejecutora 003 del Ministerio de Cultura te invita a conmemorar un nuevo aniversario de la inscripci\u00f3n de la Ciudad Sagrada de Caral-Supe, en la Lista de Patrimonio Mundial de la Organizaci\u00f3n de las Naciones Unidas para la Educaci\u00f3n, la Ciencia y la Cultura - UNESCO. Celebra con nosotros participando en los viajes, talleres y exposiciones museogr\u00e1ficas que hemos preparado para ti este mes.\" \/>\n<meta property=\"og:url\" content=\"https:\/\/zonacaral.gob.pe\/es\/noticias\/agenda-caral-junio-mes-del-patrimonio-mundial-y-solsticio-de-invierno\/\" \/>\n<meta property=\"og:site_name\" content=\"Zona Caral\" \/>\n<meta property=\"article:published_time\" content=\"2025-06-05T22:08:40+00:00\" \/>\n<meta property=\"og:image\" content=\"https:\/\/zonacaral.gob.pe\/wp-content\/uploads\/2025\/06\/agenda-junio.jpg\" \/>\n\t<meta property=\"og:image:width\" content=\"1500\" \/>\n\t<meta property=\"og:image:height\" content=\"843\" \/>\n\t<meta property=\"og:image:type\" content=\"image\/jpeg\" \/>\n<meta name=\"author\" content=\"Zona Caral Administrador\" \/>\n<meta name=\"twitter:card\" content=\"summary_large_image\" \/>\n<meta name=\"twitter:label1\" content=\"Written by\" \/>\n\t<meta name=\"twitter:data1\" content=\"Zona Caral Administrador\" \/>\n\t<meta name=\"twitter:label2\" content=\"Est. reading time\" \/>\n\t<meta name=\"twitter:data2\" content=\"4 minutos\" \/>\n<script type=\"application\/ld+json\" class=\"yoast-schema-graph\">{\"@context\":\"https:\\\/\\\/schema.org\",\"@graph\":[{\"@type\":\"Article\",\"@id\":\"https:\\\/\\\/zonacaral.gob.pe\\\/es\\\/noticias\\\/agenda-caral-junio-mes-del-patrimonio-mundial-y-solsticio-de-invierno\\\/#article\",\"isPartOf\":{\"@id\":\"https:\\\/\\\/zonacaral.gob.pe\\\/es\\\/noticias\\\/agenda-caral-junio-mes-del-patrimonio-mundial-y-solsticio-de-invierno\\\/\"},\"author\":{\"name\":\"Zona Caral Administrador\",\"@id\":\"https:\\\/\\\/zonacaral.gob.pe\\\/es\\\/#\\\/schema\\\/person\\\/beddb4d22f71a7230c5b90913270a0ee\"},\"headline\":\"AGENDA CARAL \u2013 JUNIO: Mes del Patrimonio Mundial y Solsticio de Invierno\",\"datePublished\":\"2025-06-05T22:08:40+00:00\",\"mainEntityOfPage\":{\"@id\":\"https:\\\/\\\/zonacaral.gob.pe\\\/es\\\/noticias\\\/agenda-caral-junio-mes-del-patrimonio-mundial-y-solsticio-de-invierno\\\/\"},\"wordCount\":733,\"image\":{\"@id\":\"https:\\\/\\\/zonacaral.gob.pe\\\/es\\\/noticias\\\/agenda-caral-junio-mes-del-patrimonio-mundial-y-solsticio-de-invierno\\\/#primaryimage\"},\"thumbnailUrl\":\"https:\\\/\\\/zonacaral.gob.pe\\\/wp-content\\\/uploads\\\/2025\\\/06\\\/agenda-junio.jpg\",\"keywords\":[\"caral\",\"Cultura\"],\"articleSection\":[\"noticias\"],\"inLanguage\":\"es-PE\"},{\"@type\":\"WebPage\",\"@id\":\"https:\\\/\\\/zonacaral.gob.pe\\\/es\\\/noticias\\\/agenda-caral-junio-mes-del-patrimonio-mundial-y-solsticio-de-invierno\\\/\",\"url\":\"https:\\\/\\\/zonacaral.gob.pe\\\/es\\\/noticias\\\/agenda-caral-junio-mes-del-patrimonio-mundial-y-solsticio-de-invierno\\\/\",\"name\":\"AGENDA CARAL \u2013 JUNIO: Mes del Patrimonio Mundial y Solsticio de Invierno\",\"isPartOf\":{\"@id\":\"https:\\\/\\\/zonacaral.gob.pe\\\/es\\\/#website\"},\"primaryImageOfPage\":{\"@id\":\"https:\\\/\\\/zonacaral.gob.pe\\\/es\\\/noticias\\\/agenda-caral-junio-mes-del-patrimonio-mundial-y-solsticio-de-invierno\\\/#primaryimage\"},\"image\":{\"@id\":\"https:\\\/\\\/zonacaral.gob.pe\\\/es\\\/noticias\\\/agenda-caral-junio-mes-del-patrimonio-mundial-y-solsticio-de-invierno\\\/#primaryimage\"},\"thumbnailUrl\":\"https:\\\/\\\/zonacaral.gob.pe\\\/wp-content\\\/uploads\\\/2025\\\/06\\\/agenda-junio.jpg\",\"datePublished\":\"2025-06-05T22:08:40+00:00\",\"author\":{\"@id\":\"https:\\\/\\\/zonacaral.gob.pe\\\/es\\\/#\\\/schema\\\/person\\\/beddb4d22f71a7230c5b90913270a0ee\"},\"description\":\"En junio, la Zona Arqueol\u00f3gica Caral (ZAC), Unidad Ejecutora 003 del Ministerio de Cultura te invita a conmemorar un nuevo aniversario de la inscripci\u00f3n de la Ciudad Sagrada de Caral-Supe, en la Lista de Patrimonio Mundial de la Organizaci\u00f3n de las Naciones Unidas para la Educaci\u00f3n, la Ciencia y la Cultura - UNESCO. Celebra con nosotros participando en los viajes, talleres y exposiciones museogr\u00e1ficas que hemos preparado para ti este mes.\",\"breadcrumb\":{\"@id\":\"https:\\\/\\\/zonacaral.gob.pe\\\/es\\\/noticias\\\/agenda-caral-junio-mes-del-patrimonio-mundial-y-solsticio-de-invierno\\\/#breadcrumb\"},\"inLanguage\":\"es-PE\",\"potentialAction\":[{\"@type\":\"ReadAction\",\"target\":[\"https:\\\/\\\/zonacaral.gob.pe\\\/es\\\/noticias\\\/agenda-caral-junio-mes-del-patrimonio-mundial-y-solsticio-de-invierno\\\/\"]}]},{\"@type\":\"ImageObject\",\"inLanguage\":\"es-PE\",\"@id\":\"https:\\\/\\\/zonacaral.gob.pe\\\/es\\\/noticias\\\/agenda-caral-junio-mes-del-patrimonio-mundial-y-solsticio-de-invierno\\\/#primaryimage\",\"url\":\"https:\\\/\\\/zonacaral.gob.pe\\\/wp-content\\\/uploads\\\/2025\\\/06\\\/agenda-junio.jpg\",\"contentUrl\":\"https:\\\/\\\/zonacaral.gob.pe\\\/wp-content\\\/uploads\\\/2025\\\/06\\\/agenda-junio.jpg\",\"width\":1500,\"height\":843},{\"@type\":\"BreadcrumbList\",\"@id\":\"https:\\\/\\\/zonacaral.gob.pe\\\/es\\\/noticias\\\/agenda-caral-junio-mes-del-patrimonio-mundial-y-solsticio-de-invierno\\\/#breadcrumb\",\"itemListElement\":[{\"@type\":\"ListItem\",\"position\":1,\"name\":\"Portada\",\"item\":\"https:\\\/\\\/zonacaral.gob.pe\\\/\"},{\"@type\":\"ListItem\",\"position\":2,\"name\":\"AGENDA CARAL \u2013 JUNIO: Mes del Patrimonio Mundial y Solsticio de Invierno\"}]},{\"@type\":\"WebSite\",\"@id\":\"https:\\\/\\\/zonacaral.gob.pe\\\/es\\\/#website\",\"url\":\"https:\\\/\\\/zonacaral.gob.pe\\\/es\\\/\",\"name\":\"Zona Caral\",\"description\":\"Investigamos, conservamos y difundimos el patrimonio cultural de la Civilizaci\u00f3n Caral, la m\u00e1s antigua de Am\u00e9rica.\",\"potentialAction\":[{\"@type\":\"SearchAction\",\"target\":{\"@type\":\"EntryPoint\",\"urlTemplate\":\"https:\\\/\\\/zonacaral.gob.pe\\\/es\\\/?s={search_term_string}\"},\"query-input\":{\"@type\":\"PropertyValueSpecification\",\"valueRequired\":true,\"valueName\":\"search_term_string\"}}],\"inLanguage\":\"es-PE\"},{\"@type\":\"Person\",\"@id\":\"https:\\\/\\\/zonacaral.gob.pe\\\/es\\\/#\\\/schema\\\/person\\\/beddb4d22f71a7230c5b90913270a0ee\",\"name\":\"Zona Caral Administrador\",\"image\":{\"@type\":\"ImageObject\",\"inLanguage\":\"es-PE\",\"@id\":\"https:\\\/\\\/secure.gravatar.com\\\/avatar\\\/e4be162918a696358376de6446614e0f0f4062bdc5d170d6d540ada3d8b58c12?s=96&d=mm&r=g\",\"url\":\"https:\\\/\\\/secure.gravatar.com\\\/avatar\\\/e4be162918a696358376de6446614e0f0f4062bdc5d170d6d540ada3d8b58c12?s=96&d=mm&r=g\",\"contentUrl\":\"https:\\\/\\\/secure.gravatar.com\\\/avatar\\\/e4be162918a696358376de6446614e0f0f4062bdc5d170d6d540ada3d8b58c12?s=96&d=mm&r=g\",\"caption\":\"Zona Caral Administrador\"},\"sameAs\":[\"https:\\\/\\\/zonacaral.gob.pe\"],\"url\":\"https:\\\/\\\/zonacaral.gob.pe\\\/es\\\/noticias\\\/author\\\/ad_zonacaral\\\/\"}]}<\/script>\n<!-- \/ Yoast SEO plugin. -->","yoast_head_json":{"title":"AGENDA CARAL \u2013 JUNIO: Mes del Patrimonio Mundial y Solsticio de Invierno","description":"En junio, la Zona Arqueol\u00f3gica Caral (ZAC), Unidad Ejecutora 003 del Ministerio de Cultura te invita a conmemorar un nuevo aniversario de la inscripci\u00f3n de la Ciudad Sagrada de Caral-Supe, en la Lista de Patrimonio Mundial de la Organizaci\u00f3n de las Naciones Unidas para la Educaci\u00f3n, la Ciencia y la Cultura - UNESCO. Celebra con nosotros participando en los viajes, talleres y exposiciones museogr\u00e1ficas que hemos preparado para ti este mes.","robots":{"index":"index","follow":"follow","max-snippet":"max-snippet:-1","max-image-preview":"max-image-preview:large","max-video-preview":"max-video-preview:-1"},"canonical":"https:\/\/zonacaral.gob.pe\/es\/noticias\/agenda-caral-junio-mes-del-patrimonio-mundial-y-solsticio-de-invierno\/","og_locale":"es_ES","og_type":"article","og_title":"AGENDA CARAL \u2013 JUNIO: Mes del Patrimonio Mundial y Solsticio de Invierno","og_description":"En junio, la Zona Arqueol\u00f3gica Caral (ZAC), Unidad Ejecutora 003 del Ministerio de Cultura te invita a conmemorar un nuevo aniversario de la inscripci\u00f3n de la Ciudad Sagrada de Caral-Supe, en la Lista de Patrimonio Mundial de la Organizaci\u00f3n de las Naciones Unidas para la Educaci\u00f3n, la Ciencia y la Cultura - UNESCO. Celebra con nosotros participando en los viajes, talleres y exposiciones museogr\u00e1ficas que hemos preparado para ti este mes.","og_url":"https:\/\/zonacaral.gob.pe\/es\/noticias\/agenda-caral-junio-mes-del-patrimonio-mundial-y-solsticio-de-invierno\/","og_site_name":"Zona Caral","article_published_time":"2025-06-05T22:08:40+00:00","og_image":[{"width":1500,"height":843,"url":"https:\/\/zonacaral.gob.pe\/wp-content\/uploads\/2025\/06\/agenda-junio.jpg","type":"image\/jpeg"}],"author":"Zona Caral Administrador","twitter_card":"summary_large_image","twitter_misc":{"Written by":"Zona Caral Administrador","Est. reading time":"4 minutos"},"schema":{"@context":"https:\/\/schema.org","@graph":[{"@type":"Article","@id":"https:\/\/zonacaral.gob.pe\/es\/noticias\/agenda-caral-junio-mes-del-patrimonio-mundial-y-solsticio-de-invierno\/#article","isPartOf":{"@id":"https:\/\/zonacaral.gob.pe\/es\/noticias\/agenda-caral-junio-mes-del-patrimonio-mundial-y-solsticio-de-invierno\/"},"author":{"name":"Zona Caral Administrador","@id":"https:\/\/zonacaral.gob.pe\/es\/#\/schema\/person\/beddb4d22f71a7230c5b90913270a0ee"},"headline":"AGENDA CARAL \u2013 JUNIO: Mes del Patrimonio Mundial y Solsticio de Invierno","datePublished":"2025-06-05T22:08:40+00:00","mainEntityOfPage":{"@id":"https:\/\/zonacaral.gob.pe\/es\/noticias\/agenda-caral-junio-mes-del-patrimonio-mundial-y-solsticio-de-invierno\/"},"wordCount":733,"image":{"@id":"https:\/\/zonacaral.gob.pe\/es\/noticias\/agenda-caral-junio-mes-del-patrimonio-mundial-y-solsticio-de-invierno\/#primaryimage"},"thumbnailUrl":"https:\/\/zonacaral.gob.pe\/wp-content\/uploads\/2025\/06\/agenda-junio.jpg","keywords":["caral","Cultura"],"articleSection":["noticias"],"inLanguage":"es-PE"},{"@type":"WebPage","@id":"https:\/\/zonacaral.gob.pe\/es\/noticias\/agenda-caral-junio-mes-del-patrimonio-mundial-y-solsticio-de-invierno\/","url":"https:\/\/zonacaral.gob.pe\/es\/noticias\/agenda-caral-junio-mes-del-patrimonio-mundial-y-solsticio-de-invierno\/","name":"AGENDA CARAL \u2013 JUNIO: Mes del Patrimonio Mundial y Solsticio de Invierno","isPartOf":{"@id":"https:\/\/zonacaral.gob.pe\/es\/#website"},"primaryImageOfPage":{"@id":"https:\/\/zonacaral.gob.pe\/es\/noticias\/agenda-caral-junio-mes-del-patrimonio-mundial-y-solsticio-de-invierno\/#primaryimage"},"image":{"@id":"https:\/\/zonacaral.gob.pe\/es\/noticias\/agenda-caral-junio-mes-del-patrimonio-mundial-y-solsticio-de-invierno\/#primaryimage"},"thumbnailUrl":"https:\/\/zonacaral.gob.pe\/wp-content\/uploads\/2025\/06\/agenda-junio.jpg","datePublished":"2025-06-05T22:08:40+00:00","author":{"@id":"https:\/\/zonacaral.gob.pe\/es\/#\/schema\/person\/beddb4d22f71a7230c5b90913270a0ee"},"description":"En junio, la Zona Arqueol\u00f3gica Caral (ZAC), Unidad Ejecutora 003 del Ministerio de Cultura te invita a conmemorar un nuevo aniversario de la inscripci\u00f3n de la Ciudad Sagrada de Caral-Supe, en la Lista de Patrimonio Mundial de la Organizaci\u00f3n de las Naciones Unidas para la Educaci\u00f3n, la Ciencia y la Cultura - UNESCO. Celebra con nosotros participando en los viajes, talleres y exposiciones museogr\u00e1ficas que hemos preparado para ti este mes.","breadcrumb":{"@id":"https:\/\/zonacaral.gob.pe\/es\/noticias\/agenda-caral-junio-mes-del-patrimonio-mundial-y-solsticio-de-invierno\/#breadcrumb"},"inLanguage":"es-PE","potentialAction":[{"@type":"ReadAction","target":["https:\/\/zonacaral.gob.pe\/es\/noticias\/agenda-caral-junio-mes-del-patrimonio-mundial-y-solsticio-de-invierno\/"]}]},{"@type":"ImageObject","inLanguage":"es-PE","@id":"https:\/\/zonacaral.gob.pe\/es\/noticias\/agenda-caral-junio-mes-del-patrimonio-mundial-y-solsticio-de-invierno\/#primaryimage","url":"https:\/\/zonacaral.gob.pe\/wp-content\/uploads\/2025\/06\/agenda-junio.jpg","contentUrl":"https:\/\/zonacaral.gob.pe\/wp-content\/uploads\/2025\/06\/agenda-junio.jpg","width":1500,"height":843},{"@type":"BreadcrumbList","@id":"https:\/\/zonacaral.gob.pe\/es\/noticias\/agenda-caral-junio-mes-del-patrimonio-mundial-y-solsticio-de-invierno\/#breadcrumb","itemListElement":[{"@type":"ListItem","position":1,"name":"Portada","item":"https:\/\/zonacaral.gob.pe\/"},{"@type":"ListItem","position":2,"name":"AGENDA CARAL \u2013 JUNIO: Mes del Patrimonio Mundial y Solsticio de Invierno"}]},{"@type":"WebSite","@id":"https:\/\/zonacaral.gob.pe\/es\/#website","url":"https:\/\/zonacaral.gob.pe\/es\/","name":"Zona Caral","description":"Investigamos, conservamos y difundimos el patrimonio cultural de la Civilizaci\u00f3n Caral, la m\u00e1s antigua de Am\u00e9rica.","potentialAction":[{"@type":"SearchAction","target":{"@type":"EntryPoint","urlTemplate":"https:\/\/zonacaral.gob.pe\/es\/?s={search_term_string}"},"query-input":{"@type":"PropertyValueSpecification","valueRequired":true,"valueName":"search_term_string"}}],"inLanguage":"es-PE"},{"@type":"Person","@id":"https:\/\/zonacaral.gob.pe\/es\/#\/schema\/person\/beddb4d22f71a7230c5b90913270a0ee","name":"Zona Caral Administrador","image":{"@type":"ImageObject","inLanguage":"es-PE","@id":"https:\/\/secure.gravatar.com\/avatar\/e4be162918a696358376de6446614e0f0f4062bdc5d170d6d540ada3d8b58c12?s=96&d=mm&r=g","url":"https:\/\/secure.gravatar.com\/avatar\/e4be162918a696358376de6446614e0f0f4062bdc5d170d6d540ada3d8b58c12?s=96&d=mm&r=g","contentUrl":"https:\/\/secure.gravatar.com\/avatar\/e4be162918a696358376de6446614e0f0f4062bdc5d170d6d540ada3d8b58c12?s=96&d=mm&r=g","caption":"Zona Caral Administrador"},"sameAs":["https:\/\/zonacaral.gob.pe"],"url":"https:\/\/zonacaral.gob.pe\/es\/noticias\/author\/ad_zonacaral\/"}]}},"_links":{"self":[{"href":"https:\/\/zonacaral.gob.pe\/es\/wp-json\/wp\/v2\/posts\/18415","targetHints":{"allow":["GET"]}}],"collection":[{"href":"https:\/\/zonacaral.gob.pe\/es\/wp-json\/wp\/v2\/posts"}],"about":[{"href":"https:\/\/zonacaral.gob.pe\/es\/wp-json\/wp\/v2\/types\/post"}],"author":[{"embeddable":true,"href":"https:\/\/zonacaral.gob.pe\/es\/wp-json\/wp\/v2\/users\/1"}],"replies":[{"embeddable":true,"href":"https:\/\/zonacaral.gob.pe\/es\/wp-json\/wp\/v2\/comments?post=18415"}],"version-history":[{"count":0,"href":"https:\/\/zonacaral.gob.pe\/es\/wp-json\/wp\/v2\/posts\/18415\/revisions"}],"wp:featuredmedia":[{"embeddable":true,"href":"https:\/\/zonacaral.gob.pe\/es\/wp-json\/wp\/v2\/media\/18416"}],"wp:attachment":[{"href":"https:\/\/zonacaral.gob.pe\/es\/wp-json\/wp\/v2\/media?parent=18415"}],"wp:term":[{"taxonomy":"category","embeddable":true,"href":"https:\/\/zonacaral.gob.pe\/es\/wp-json\/wp\/v2\/categories?post=18415"},{"taxonomy":"post_tag","embeddable":true,"href":"https:\/\/zonacaral.gob.pe\/es\/wp-json\/wp\/v2\/tags?post=18415"}],"curies":[{"name":"wp","href":"https:\/\/api.w.org\/{rel}","templated":true}]}}