{"id":18419,"date":"2025-05-21T13:50:00","date_gmt":"2025-05-21T18:50:00","guid":{"rendered":"https:\/\/www.zonacaral.gob.pe\/?p=18419"},"modified":"2025-05-21T13:50:00","modified_gmt":"2025-05-21T18:50:00","slug":"civilizacion-caral-descubren-nuevo-altar-de-fuego-en-sitio-arqueologico-era-de-pando","status":"publish","type":"post","link":"https:\/\/zonacaral.gob.pe\/es\/noticias\/civilizacion-caral-descubren-nuevo-altar-de-fuego-en-sitio-arqueologico-era-de-pando\/","title":{"rendered":"Civilizaci\u00f3n Caral: Descubren nuevo \u201cAltar de Fuego\u201d en sitio arqueol\u00f3gico Era de Pando"},"content":{"rendered":"<figure class=\"pic-autor\" style=\"color: #4d4d4d; text-align: justify;\"><\/figure>\n<div class=\"gmail_default\" style=\"text-align: justify;\">\n<blockquote>\n<p><em>Demuestra la producci\u00f3n de conocimientos y las actividades sagradas.<\/em><\/p>\n<\/blockquote>\n<div>Durante las investigaciones en el sitio arqueol\u00f3gico Era de Pando, antigua ciudad de la Civilizaci\u00f3n Caral, ubicado en Valle de Supe, provincia de Barranca, Lima \u2013 Per\u00fa, el equipo de profesionales de la Zona Arqueol\u00f3gica Caral (ZAC), Unidad Ejecutora 003 del Ministerio de Cultura, hall\u00f3 un nuevo \u201cAltar del Fuego\u201d; recinto que era usado exclusivamente para realizar ceremonias de gran importancia en la sociedad caralina, hace cinco mil a\u00f1os.<\/div>\n<div>\u00a0<\/div>\n<div>Los arque\u00f3logos, liderados por la doctora Ruth Shady, directora de la ZAC, detallaron que este Altar fue construido en el lado oeste del Edificio P\u00fablico Piramidal Mayor \u201cC1\u201d de Era de Pando, como un recinto subsidiario de actividad secundaria a las ceremonias centrales llevadas a cabo en el Edificio Principal.<\/div>\n<div>\u00a0<\/div>\n<div>El Altar del Fuego de Era de Pando es de forma circular y mide, aproximadamente, 7 metros de di\u00e1metro, y est\u00e1 precedido por un patio rectangular de 16 metros de largo y 8 metros de ancho. Se accede a este recinto sagrado por una escalera que desciende desde el Sal\u00f3n Ceremonial del lado Oeste de este edificio piramidal.<\/div>\n<div>\u00a0<\/div>\n<div>En la Civilizaci\u00f3n Caral, los Altares del Fuego fueron construidos en los edificios p\u00fablicos piramidales de mayor importancia de la ciudad, as\u00ed como, tambi\u00e9n, en espacios pr\u00f3ximos a las residencias principales. A ellos s\u00f3lo ten\u00edan acceso determinadas autoridades religiosas, pol\u00edticas y sociales.<\/div>\n<div>\u00a0<\/div>\n<div>En estos altares, que son testimonio de la producci\u00f3n de conocimientos en ciencia y tecnolog\u00eda, los conductores, en ceremonias privadas, con el grupo social correspondiente y sus allegados incineraban ofrendas, como cuentas, fragmentos de cuarzo, peces, moluscos y productos agr\u00edcolas.<\/div>\n<div><strong><br \/>Era de Pando<br \/><\/strong><\/div>\n<div>Es uno de los principales asentamientos de la civilizaci\u00f3n Caral y su historia abarca desde hace m\u00e1s de 4000 a\u00f1os. Se encuentra en el Valle Bajo y margen derecha del r\u00edo Supe, a 12.5 kil\u00f3metros al interior del valle desde la costa y a una altura de 200 metros sobre el nivel del mar.<\/div>\n<div>\u00a0<\/div>\n<div>Abarca 57.93 hect\u00e1reas y est\u00e1 conformado por 48 edificios, distribuidos alrededor de un espacio central. Cuatro de ellos son edificios piramidales mayores, cuatro edificios piramidales menores y otros 40, son templos de menores dimensiones y residencias de diferentes caracter\u00edsticas.<\/div>\n<div>\u00a0<\/div>\n<div>Era de Pando destaca por su importancia a trav\u00e9s del tiempo, su monumentalidad y su rol jer\u00e1rquico en la historia de la sociedad caralina. Est\u00e1 ubicado en una importante v\u00eda natural de conexi\u00f3n con el valle de Pativilca y la intercuenca Taita Laynas. Asimismo, su proximidad al mar y a extensas \u00e1reas de cultivo fueron oportunas para que el asentamiento adquiriera importancia.<\/div>\n<div>\u00a0<\/div>\n<div>Cuando la Ciudad Sagrada de Caral \u2013 Supe, Patrimonio Mundial, estaba en su mayor auge, Era de Pando era solo un peque\u00f1o asentamiento con uno o dos edificios piramidales. M\u00e1s adelante, en per\u00edodos tard\u00edos, pas\u00f3 a formar parte de la jerarqu\u00eda de asentamientos distribuidos en todo el valle.<\/div>\n<div>\u00a0<\/div>\n<div>En Era de Pando se han encontrado, adem\u00e1s de las edificaciones, diferentes objetos de la vida dom\u00e9stica y ceremonial, como figurinas, instrumentos de piedra y otros de material org\u00e1nico.<\/div>\n<p><strong style=\"font-size: inherit; text-align: justify;\">Fuente: Comunicaci\u00f3n e Imagen Institucional ZAC<\/strong><\/p>\n<\/div>\n<div style=\"color: #1f1f1f;\">\n<div style=\"color: #1f1f1f;\">\n<p style=\"text-align: justify;\">Fecha de publicaci\u00f3n: 21\/05\/2025<\/p>\n<\/div>\n<\/div>\n\n\n<p><\/p>\n","protected":false},"excerpt":{"rendered":"<p>Demuestra la producci\u00f3n de conocimientos y las actividades sagradas. Durante las investigaciones en el sitio arqueol\u00f3gico Era de Pando, antigua [&hellip;]<\/p>\n","protected":false},"author":1,"featured_media":18420,"comment_status":"closed","ping_status":"open","sticky":false,"template":"","format":"standard","meta":{"_acf_changed":false,"site-sidebar-layout":"default","site-content-layout":"","ast-site-content-layout":"default","site-content-style":"default","site-sidebar-style":"default","ast-global-header-display":"","ast-banner-title-visibility":"","ast-main-header-display":"","ast-hfb-above-header-display":"","ast-hfb-below-header-display":"","ast-hfb-mobile-header-display":"","site-post-title":"","ast-breadcrumbs-content":"","ast-featured-img":"","footer-sml-layout":"","ast-disable-related-posts":"","theme-transparent-header-meta":"","adv-header-id-meta":"","stick-header-meta":"","header-above-stick-meta":"","header-main-stick-meta":"","header-below-stick-meta":"","astra-migrate-meta-layouts":"default","ast-page-background-enabled":"default","ast-page-background-meta":{"desktop":{"background-color":"var(--ast-global-color-5)","background-image":"","background-repeat":"repeat","background-position":"center center","background-size":"auto","background-attachment":"scroll","background-type":"","background-media":"","overlay-type":"","overlay-color":"","overlay-opacity":"","overlay-gradient":""},"tablet":{"background-color":"","background-image":"","background-repeat":"repeat","background-position":"center center","background-size":"auto","background-attachment":"scroll","background-type":"","background-media":"","overlay-type":"","overlay-color":"","overlay-opacity":"","overlay-gradient":""},"mobile":{"background-color":"","background-image":"","background-repeat":"repeat","background-position":"center center","background-size":"auto","background-attachment":"scroll","background-type":"","background-media":"","overlay-type":"","overlay-color":"","overlay-opacity":"","overlay-gradient":""}},"ast-content-background-meta":{"desktop":{"background-color":"var(--ast-global-color-4)","background-image":"","background-repeat":"repeat","background-position":"center center","background-size":"auto","background-attachment":"scroll","background-type":"","background-media":"","overlay-type":"","overlay-color":"","overlay-opacity":"","overlay-gradient":""},"tablet":{"background-color":"var(--ast-global-color-4)","background-image":"","background-repeat":"repeat","background-position":"center center","background-size":"auto","background-attachment":"scroll","background-type":"","background-media":"","overlay-type":"","overlay-color":"","overlay-opacity":"","overlay-gradient":""},"mobile":{"background-color":"var(--ast-global-color-4)","background-image":"","background-repeat":"repeat","background-position":"center center","background-size":"auto","background-attachment":"scroll","background-type":"","background-media":"","overlay-type":"","overlay-color":"","overlay-opacity":"","overlay-gradient":""}},"footnotes":""},"categories":[208],"tags":[55,72],"class_list":["post-18419","post","type-post","status-publish","format-standard","has-post-thumbnail","hentry","category-noticias","tag-caral","tag-cultura"],"acf":[],"yoast_head":"<!-- This site is optimized with the Yoast SEO plugin v27.3 - https:\/\/yoast.com\/product\/yoast-seo-wordpress\/ -->\n<title>Civilizaci\u00f3n Caral: Descubren nuevo \u201cAltar de Fuego\u201d en sitio arqueol\u00f3gico Era de Pando<\/title>\n<meta name=\"description\" content=\"Durante las investigaciones en el sitio arqueol\u00f3gico Era de Pando, antigua ciudad de la Civilizaci\u00f3n Caral, ubicado en Valle de Supe, provincia de Barranca, Lima \u2013 Per\u00fa, el equipo de profesionales de la Zona Arqueol\u00f3gica Caral (ZAC), Unidad Ejecutora 003 del Ministerio de Cultura, hall\u00f3 un nuevo \u201cAltar del Fuego\u201d; recinto que era usado exclusivamente para realizar ceremonias de gran importancia en la sociedad caralina, hace cinco mil a\u00f1os.\" \/>\n<meta name=\"robots\" content=\"index, follow, max-snippet:-1, max-image-preview:large, max-video-preview:-1\" \/>\n<link rel=\"canonical\" href=\"https:\/\/zonacaral.gob.pe\/es\/noticias\/civilizacion-caral-descubren-nuevo-altar-de-fuego-en-sitio-arqueologico-era-de-pando\/\" \/>\n<meta property=\"og:locale\" content=\"es_ES\" \/>\n<meta property=\"og:type\" content=\"article\" \/>\n<meta property=\"og:title\" content=\"Civilizaci\u00f3n Caral: Descubren nuevo \u201cAltar de Fuego\u201d en sitio arqueol\u00f3gico Era de Pando\" \/>\n<meta property=\"og:description\" content=\"Durante las investigaciones en el sitio arqueol\u00f3gico Era de Pando, antigua ciudad de la Civilizaci\u00f3n Caral, ubicado en Valle de Supe, provincia de Barranca, Lima \u2013 Per\u00fa, el equipo de profesionales de la Zona Arqueol\u00f3gica Caral (ZAC), Unidad Ejecutora 003 del Ministerio de Cultura, hall\u00f3 un nuevo \u201cAltar del Fuego\u201d; recinto que era usado exclusivamente para realizar ceremonias de gran importancia en la sociedad caralina, hace cinco mil a\u00f1os.\" \/>\n<meta property=\"og:url\" content=\"https:\/\/zonacaral.gob.pe\/es\/noticias\/civilizacion-caral-descubren-nuevo-altar-de-fuego-en-sitio-arqueologico-era-de-pando\/\" \/>\n<meta property=\"og:site_name\" content=\"Zona Caral\" \/>\n<meta property=\"article:published_time\" content=\"2025-05-21T18:50:00+00:00\" \/>\n<meta property=\"og:image\" content=\"https:\/\/zonacaral.gob.pe\/wp-content\/uploads\/2025\/06\/NOTA-ERA-DE-PANDO-1.jpg\" \/>\n\t<meta property=\"og:image:width\" content=\"1500\" \/>\n\t<meta property=\"og:image:height\" content=\"844\" \/>\n\t<meta property=\"og:image:type\" content=\"image\/jpeg\" \/>\n<meta name=\"author\" content=\"Zona Caral Administrador\" \/>\n<meta name=\"twitter:card\" content=\"summary_large_image\" \/>\n<meta name=\"twitter:label1\" content=\"Written by\" \/>\n\t<meta name=\"twitter:data1\" content=\"Zona Caral Administrador\" \/>\n\t<meta name=\"twitter:label2\" content=\"Est. reading time\" \/>\n\t<meta name=\"twitter:data2\" content=\"3 minutos\" \/>\n<script type=\"application\/ld+json\" class=\"yoast-schema-graph\">{\"@context\":\"https:\\\/\\\/schema.org\",\"@graph\":[{\"@type\":\"Article\",\"@id\":\"https:\\\/\\\/zonacaral.gob.pe\\\/es\\\/noticias\\\/civilizacion-caral-descubren-nuevo-altar-de-fuego-en-sitio-arqueologico-era-de-pando\\\/#article\",\"isPartOf\":{\"@id\":\"https:\\\/\\\/zonacaral.gob.pe\\\/es\\\/noticias\\\/civilizacion-caral-descubren-nuevo-altar-de-fuego-en-sitio-arqueologico-era-de-pando\\\/\"},\"author\":{\"name\":\"Zona Caral Administrador\",\"@id\":\"https:\\\/\\\/zonacaral.gob.pe\\\/es\\\/#\\\/schema\\\/person\\\/beddb4d22f71a7230c5b90913270a0ee\"},\"headline\":\"Civilizaci\u00f3n Caral: Descubren nuevo \u201cAltar de Fuego\u201d en sitio arqueol\u00f3gico Era de Pando\",\"datePublished\":\"2025-05-21T18:50:00+00:00\",\"mainEntityOfPage\":{\"@id\":\"https:\\\/\\\/zonacaral.gob.pe\\\/es\\\/noticias\\\/civilizacion-caral-descubren-nuevo-altar-de-fuego-en-sitio-arqueologico-era-de-pando\\\/\"},\"wordCount\":555,\"image\":{\"@id\":\"https:\\\/\\\/zonacaral.gob.pe\\\/es\\\/noticias\\\/civilizacion-caral-descubren-nuevo-altar-de-fuego-en-sitio-arqueologico-era-de-pando\\\/#primaryimage\"},\"thumbnailUrl\":\"https:\\\/\\\/zonacaral.gob.pe\\\/wp-content\\\/uploads\\\/2025\\\/06\\\/NOTA-ERA-DE-PANDO-1.jpg\",\"keywords\":[\"caral\",\"Cultura\"],\"articleSection\":[\"noticias\"],\"inLanguage\":\"es-PE\"},{\"@type\":\"WebPage\",\"@id\":\"https:\\\/\\\/zonacaral.gob.pe\\\/es\\\/noticias\\\/civilizacion-caral-descubren-nuevo-altar-de-fuego-en-sitio-arqueologico-era-de-pando\\\/\",\"url\":\"https:\\\/\\\/zonacaral.gob.pe\\\/es\\\/noticias\\\/civilizacion-caral-descubren-nuevo-altar-de-fuego-en-sitio-arqueologico-era-de-pando\\\/\",\"name\":\"Civilizaci\u00f3n Caral: Descubren nuevo \u201cAltar de Fuego\u201d en sitio arqueol\u00f3gico Era de Pando\",\"isPartOf\":{\"@id\":\"https:\\\/\\\/zonacaral.gob.pe\\\/es\\\/#website\"},\"primaryImageOfPage\":{\"@id\":\"https:\\\/\\\/zonacaral.gob.pe\\\/es\\\/noticias\\\/civilizacion-caral-descubren-nuevo-altar-de-fuego-en-sitio-arqueologico-era-de-pando\\\/#primaryimage\"},\"image\":{\"@id\":\"https:\\\/\\\/zonacaral.gob.pe\\\/es\\\/noticias\\\/civilizacion-caral-descubren-nuevo-altar-de-fuego-en-sitio-arqueologico-era-de-pando\\\/#primaryimage\"},\"thumbnailUrl\":\"https:\\\/\\\/zonacaral.gob.pe\\\/wp-content\\\/uploads\\\/2025\\\/06\\\/NOTA-ERA-DE-PANDO-1.jpg\",\"datePublished\":\"2025-05-21T18:50:00+00:00\",\"author\":{\"@id\":\"https:\\\/\\\/zonacaral.gob.pe\\\/es\\\/#\\\/schema\\\/person\\\/beddb4d22f71a7230c5b90913270a0ee\"},\"description\":\"Durante las investigaciones en el sitio arqueol\u00f3gico Era de Pando, antigua ciudad de la Civilizaci\u00f3n Caral, ubicado en Valle de Supe, provincia de Barranca, Lima \u2013 Per\u00fa, el equipo de profesionales de la Zona Arqueol\u00f3gica Caral (ZAC), Unidad Ejecutora 003 del Ministerio de Cultura, hall\u00f3 un nuevo \u201cAltar del Fuego\u201d; recinto que era usado exclusivamente para realizar ceremonias de gran importancia en la sociedad caralina, hace cinco mil a\u00f1os.\",\"breadcrumb\":{\"@id\":\"https:\\\/\\\/zonacaral.gob.pe\\\/es\\\/noticias\\\/civilizacion-caral-descubren-nuevo-altar-de-fuego-en-sitio-arqueologico-era-de-pando\\\/#breadcrumb\"},\"inLanguage\":\"es-PE\",\"potentialAction\":[{\"@type\":\"ReadAction\",\"target\":[\"https:\\\/\\\/zonacaral.gob.pe\\\/es\\\/noticias\\\/civilizacion-caral-descubren-nuevo-altar-de-fuego-en-sitio-arqueologico-era-de-pando\\\/\"]}]},{\"@type\":\"ImageObject\",\"inLanguage\":\"es-PE\",\"@id\":\"https:\\\/\\\/zonacaral.gob.pe\\\/es\\\/noticias\\\/civilizacion-caral-descubren-nuevo-altar-de-fuego-en-sitio-arqueologico-era-de-pando\\\/#primaryimage\",\"url\":\"https:\\\/\\\/zonacaral.gob.pe\\\/wp-content\\\/uploads\\\/2025\\\/06\\\/NOTA-ERA-DE-PANDO-1.jpg\",\"contentUrl\":\"https:\\\/\\\/zonacaral.gob.pe\\\/wp-content\\\/uploads\\\/2025\\\/06\\\/NOTA-ERA-DE-PANDO-1.jpg\",\"width\":1500,\"height\":844},{\"@type\":\"BreadcrumbList\",\"@id\":\"https:\\\/\\\/zonacaral.gob.pe\\\/es\\\/noticias\\\/civilizacion-caral-descubren-nuevo-altar-de-fuego-en-sitio-arqueologico-era-de-pando\\\/#breadcrumb\",\"itemListElement\":[{\"@type\":\"ListItem\",\"position\":1,\"name\":\"Portada\",\"item\":\"https:\\\/\\\/zonacaral.gob.pe\\\/\"},{\"@type\":\"ListItem\",\"position\":2,\"name\":\"Civilizaci\u00f3n Caral: Descubren nuevo \u201cAltar de Fuego\u201d en sitio arqueol\u00f3gico Era de Pando\"}]},{\"@type\":\"WebSite\",\"@id\":\"https:\\\/\\\/zonacaral.gob.pe\\\/es\\\/#website\",\"url\":\"https:\\\/\\\/zonacaral.gob.pe\\\/es\\\/\",\"name\":\"Zona Caral\",\"description\":\"Investigamos, conservamos y difundimos el patrimonio cultural de la Civilizaci\u00f3n Caral, la m\u00e1s antigua de Am\u00e9rica.\",\"potentialAction\":[{\"@type\":\"SearchAction\",\"target\":{\"@type\":\"EntryPoint\",\"urlTemplate\":\"https:\\\/\\\/zonacaral.gob.pe\\\/es\\\/?s={search_term_string}\"},\"query-input\":{\"@type\":\"PropertyValueSpecification\",\"valueRequired\":true,\"valueName\":\"search_term_string\"}}],\"inLanguage\":\"es-PE\"},{\"@type\":\"Person\",\"@id\":\"https:\\\/\\\/zonacaral.gob.pe\\\/es\\\/#\\\/schema\\\/person\\\/beddb4d22f71a7230c5b90913270a0ee\",\"name\":\"Zona Caral Administrador\",\"image\":{\"@type\":\"ImageObject\",\"inLanguage\":\"es-PE\",\"@id\":\"https:\\\/\\\/secure.gravatar.com\\\/avatar\\\/e4be162918a696358376de6446614e0f0f4062bdc5d170d6d540ada3d8b58c12?s=96&d=mm&r=g\",\"url\":\"https:\\\/\\\/secure.gravatar.com\\\/avatar\\\/e4be162918a696358376de6446614e0f0f4062bdc5d170d6d540ada3d8b58c12?s=96&d=mm&r=g\",\"contentUrl\":\"https:\\\/\\\/secure.gravatar.com\\\/avatar\\\/e4be162918a696358376de6446614e0f0f4062bdc5d170d6d540ada3d8b58c12?s=96&d=mm&r=g\",\"caption\":\"Zona Caral Administrador\"},\"sameAs\":[\"https:\\\/\\\/zonacaral.gob.pe\"],\"url\":\"https:\\\/\\\/zonacaral.gob.pe\\\/es\\\/noticias\\\/author\\\/ad_zonacaral\\\/\"}]}<\/script>\n<!-- \/ Yoast SEO plugin. -->","yoast_head_json":{"title":"Civilizaci\u00f3n Caral: Descubren nuevo \u201cAltar de Fuego\u201d en sitio arqueol\u00f3gico Era de Pando","description":"Durante las investigaciones en el sitio arqueol\u00f3gico Era de Pando, antigua ciudad de la Civilizaci\u00f3n Caral, ubicado en Valle de Supe, provincia de Barranca, Lima \u2013 Per\u00fa, el equipo de profesionales de la Zona Arqueol\u00f3gica Caral (ZAC), Unidad Ejecutora 003 del Ministerio de Cultura, hall\u00f3 un nuevo \u201cAltar del Fuego\u201d; recinto que era usado exclusivamente para realizar ceremonias de gran importancia en la sociedad caralina, hace cinco mil a\u00f1os.","robots":{"index":"index","follow":"follow","max-snippet":"max-snippet:-1","max-image-preview":"max-image-preview:large","max-video-preview":"max-video-preview:-1"},"canonical":"https:\/\/zonacaral.gob.pe\/es\/noticias\/civilizacion-caral-descubren-nuevo-altar-de-fuego-en-sitio-arqueologico-era-de-pando\/","og_locale":"es_ES","og_type":"article","og_title":"Civilizaci\u00f3n Caral: Descubren nuevo \u201cAltar de Fuego\u201d en sitio arqueol\u00f3gico Era de Pando","og_description":"Durante las investigaciones en el sitio arqueol\u00f3gico Era de Pando, antigua ciudad de la Civilizaci\u00f3n Caral, ubicado en Valle de Supe, provincia de Barranca, Lima \u2013 Per\u00fa, el equipo de profesionales de la Zona Arqueol\u00f3gica Caral (ZAC), Unidad Ejecutora 003 del Ministerio de Cultura, hall\u00f3 un nuevo \u201cAltar del Fuego\u201d; recinto que era usado exclusivamente para realizar ceremonias de gran importancia en la sociedad caralina, hace cinco mil a\u00f1os.","og_url":"https:\/\/zonacaral.gob.pe\/es\/noticias\/civilizacion-caral-descubren-nuevo-altar-de-fuego-en-sitio-arqueologico-era-de-pando\/","og_site_name":"Zona Caral","article_published_time":"2025-05-21T18:50:00+00:00","og_image":[{"width":1500,"height":844,"url":"https:\/\/zonacaral.gob.pe\/wp-content\/uploads\/2025\/06\/NOTA-ERA-DE-PANDO-1.jpg","type":"image\/jpeg"}],"author":"Zona Caral Administrador","twitter_card":"summary_large_image","twitter_misc":{"Written by":"Zona Caral Administrador","Est. reading time":"3 minutos"},"schema":{"@context":"https:\/\/schema.org","@graph":[{"@type":"Article","@id":"https:\/\/zonacaral.gob.pe\/es\/noticias\/civilizacion-caral-descubren-nuevo-altar-de-fuego-en-sitio-arqueologico-era-de-pando\/#article","isPartOf":{"@id":"https:\/\/zonacaral.gob.pe\/es\/noticias\/civilizacion-caral-descubren-nuevo-altar-de-fuego-en-sitio-arqueologico-era-de-pando\/"},"author":{"name":"Zona Caral Administrador","@id":"https:\/\/zonacaral.gob.pe\/es\/#\/schema\/person\/beddb4d22f71a7230c5b90913270a0ee"},"headline":"Civilizaci\u00f3n Caral: Descubren nuevo \u201cAltar de Fuego\u201d en sitio arqueol\u00f3gico Era de Pando","datePublished":"2025-05-21T18:50:00+00:00","mainEntityOfPage":{"@id":"https:\/\/zonacaral.gob.pe\/es\/noticias\/civilizacion-caral-descubren-nuevo-altar-de-fuego-en-sitio-arqueologico-era-de-pando\/"},"wordCount":555,"image":{"@id":"https:\/\/zonacaral.gob.pe\/es\/noticias\/civilizacion-caral-descubren-nuevo-altar-de-fuego-en-sitio-arqueologico-era-de-pando\/#primaryimage"},"thumbnailUrl":"https:\/\/zonacaral.gob.pe\/wp-content\/uploads\/2025\/06\/NOTA-ERA-DE-PANDO-1.jpg","keywords":["caral","Cultura"],"articleSection":["noticias"],"inLanguage":"es-PE"},{"@type":"WebPage","@id":"https:\/\/zonacaral.gob.pe\/es\/noticias\/civilizacion-caral-descubren-nuevo-altar-de-fuego-en-sitio-arqueologico-era-de-pando\/","url":"https:\/\/zonacaral.gob.pe\/es\/noticias\/civilizacion-caral-descubren-nuevo-altar-de-fuego-en-sitio-arqueologico-era-de-pando\/","name":"Civilizaci\u00f3n Caral: Descubren nuevo \u201cAltar de Fuego\u201d en sitio arqueol\u00f3gico Era de Pando","isPartOf":{"@id":"https:\/\/zonacaral.gob.pe\/es\/#website"},"primaryImageOfPage":{"@id":"https:\/\/zonacaral.gob.pe\/es\/noticias\/civilizacion-caral-descubren-nuevo-altar-de-fuego-en-sitio-arqueologico-era-de-pando\/#primaryimage"},"image":{"@id":"https:\/\/zonacaral.gob.pe\/es\/noticias\/civilizacion-caral-descubren-nuevo-altar-de-fuego-en-sitio-arqueologico-era-de-pando\/#primaryimage"},"thumbnailUrl":"https:\/\/zonacaral.gob.pe\/wp-content\/uploads\/2025\/06\/NOTA-ERA-DE-PANDO-1.jpg","datePublished":"2025-05-21T18:50:00+00:00","author":{"@id":"https:\/\/zonacaral.gob.pe\/es\/#\/schema\/person\/beddb4d22f71a7230c5b90913270a0ee"},"description":"Durante las investigaciones en el sitio arqueol\u00f3gico Era de Pando, antigua ciudad de la Civilizaci\u00f3n Caral, ubicado en Valle de Supe, provincia de Barranca, Lima \u2013 Per\u00fa, el equipo de profesionales de la Zona Arqueol\u00f3gica Caral (ZAC), Unidad Ejecutora 003 del Ministerio de Cultura, hall\u00f3 un nuevo \u201cAltar del Fuego\u201d; recinto que era usado exclusivamente para realizar ceremonias de gran importancia en la sociedad caralina, hace cinco mil a\u00f1os.","breadcrumb":{"@id":"https:\/\/zonacaral.gob.pe\/es\/noticias\/civilizacion-caral-descubren-nuevo-altar-de-fuego-en-sitio-arqueologico-era-de-pando\/#breadcrumb"},"inLanguage":"es-PE","potentialAction":[{"@type":"ReadAction","target":["https:\/\/zonacaral.gob.pe\/es\/noticias\/civilizacion-caral-descubren-nuevo-altar-de-fuego-en-sitio-arqueologico-era-de-pando\/"]}]},{"@type":"ImageObject","inLanguage":"es-PE","@id":"https:\/\/zonacaral.gob.pe\/es\/noticias\/civilizacion-caral-descubren-nuevo-altar-de-fuego-en-sitio-arqueologico-era-de-pando\/#primaryimage","url":"https:\/\/zonacaral.gob.pe\/wp-content\/uploads\/2025\/06\/NOTA-ERA-DE-PANDO-1.jpg","contentUrl":"https:\/\/zonacaral.gob.pe\/wp-content\/uploads\/2025\/06\/NOTA-ERA-DE-PANDO-1.jpg","width":1500,"height":844},{"@type":"BreadcrumbList","@id":"https:\/\/zonacaral.gob.pe\/es\/noticias\/civilizacion-caral-descubren-nuevo-altar-de-fuego-en-sitio-arqueologico-era-de-pando\/#breadcrumb","itemListElement":[{"@type":"ListItem","position":1,"name":"Portada","item":"https:\/\/zonacaral.gob.pe\/"},{"@type":"ListItem","position":2,"name":"Civilizaci\u00f3n Caral: Descubren nuevo \u201cAltar de Fuego\u201d en sitio arqueol\u00f3gico Era de Pando"}]},{"@type":"WebSite","@id":"https:\/\/zonacaral.gob.pe\/es\/#website","url":"https:\/\/zonacaral.gob.pe\/es\/","name":"Zona Caral","description":"Investigamos, conservamos y difundimos el patrimonio cultural de la Civilizaci\u00f3n Caral, la m\u00e1s antigua de Am\u00e9rica.","potentialAction":[{"@type":"SearchAction","target":{"@type":"EntryPoint","urlTemplate":"https:\/\/zonacaral.gob.pe\/es\/?s={search_term_string}"},"query-input":{"@type":"PropertyValueSpecification","valueRequired":true,"valueName":"search_term_string"}}],"inLanguage":"es-PE"},{"@type":"Person","@id":"https:\/\/zonacaral.gob.pe\/es\/#\/schema\/person\/beddb4d22f71a7230c5b90913270a0ee","name":"Zona Caral Administrador","image":{"@type":"ImageObject","inLanguage":"es-PE","@id":"https:\/\/secure.gravatar.com\/avatar\/e4be162918a696358376de6446614e0f0f4062bdc5d170d6d540ada3d8b58c12?s=96&d=mm&r=g","url":"https:\/\/secure.gravatar.com\/avatar\/e4be162918a696358376de6446614e0f0f4062bdc5d170d6d540ada3d8b58c12?s=96&d=mm&r=g","contentUrl":"https:\/\/secure.gravatar.com\/avatar\/e4be162918a696358376de6446614e0f0f4062bdc5d170d6d540ada3d8b58c12?s=96&d=mm&r=g","caption":"Zona Caral Administrador"},"sameAs":["https:\/\/zonacaral.gob.pe"],"url":"https:\/\/zonacaral.gob.pe\/es\/noticias\/author\/ad_zonacaral\/"}]}},"_links":{"self":[{"href":"https:\/\/zonacaral.gob.pe\/es\/wp-json\/wp\/v2\/posts\/18419","targetHints":{"allow":["GET"]}}],"collection":[{"href":"https:\/\/zonacaral.gob.pe\/es\/wp-json\/wp\/v2\/posts"}],"about":[{"href":"https:\/\/zonacaral.gob.pe\/es\/wp-json\/wp\/v2\/types\/post"}],"author":[{"embeddable":true,"href":"https:\/\/zonacaral.gob.pe\/es\/wp-json\/wp\/v2\/users\/1"}],"replies":[{"embeddable":true,"href":"https:\/\/zonacaral.gob.pe\/es\/wp-json\/wp\/v2\/comments?post=18419"}],"version-history":[{"count":0,"href":"https:\/\/zonacaral.gob.pe\/es\/wp-json\/wp\/v2\/posts\/18419\/revisions"}],"wp:featuredmedia":[{"embeddable":true,"href":"https:\/\/zonacaral.gob.pe\/es\/wp-json\/wp\/v2\/media\/18420"}],"wp:attachment":[{"href":"https:\/\/zonacaral.gob.pe\/es\/wp-json\/wp\/v2\/media?parent=18419"}],"wp:term":[{"taxonomy":"category","embeddable":true,"href":"https:\/\/zonacaral.gob.pe\/es\/wp-json\/wp\/v2\/categories?post=18419"},{"taxonomy":"post_tag","embeddable":true,"href":"https:\/\/zonacaral.gob.pe\/es\/wp-json\/wp\/v2\/tags?post=18419"}],"curies":[{"name":"wp","href":"https:\/\/api.w.org\/{rel}","templated":true}]}}