{"id":18429,"date":"2025-06-10T17:15:04","date_gmt":"2025-06-10T22:15:04","guid":{"rendered":"https:\/\/www.zonacaral.gob.pe\/?p=18429"},"modified":"2025-06-10T17:15:04","modified_gmt":"2025-06-10T22:15:04","slug":"solsticio-de-invierno-conectate-con-los-astros-la-naturaleza-y-nuestro-patrimonio-cultural-acampando-en-caral","status":"publish","type":"post","link":"https:\/\/zonacaral.gob.pe\/es\/noticias\/solsticio-de-invierno-conectate-con-los-astros-la-naturaleza-y-nuestro-patrimonio-cultural-acampando-en-caral\/","title":{"rendered":"SOLSTICIO DE INVIERNO: con\u00e9ctate con los astros, la naturaleza y nuestro patrimonio cultural acampando en CARAL"},"content":{"rendered":"<figure class=\"pic-autor\" style=\"color: #4d4d4d; text-align: justify;\"><\/figure>\n<div class=\"gmail_default\" style=\"text-align: justify;\">\n<blockquote>\n<p><span style=\"font-weight: 400;\">Experiencia \u00fanica en el Per\u00fa.<\/span><\/p>\n<\/blockquote>\n<div>\n<p><span style=\"font-weight: 400;\">Este 21 y 22 de junio, el programa <\/span><a href=\"https:\/\/www.zonacaral.gob.pe\/ruta-caral\/viajes-culturales.html\"><span style=\"font-weight: 400;\">Viajes Culturales<\/span><\/a><span style=\"font-weight: 400;\"> de la <\/span><a href=\"https:\/\/www.instagram.com\/caralperu\/?hl=es\"><span style=\"font-weight: 400;\">Zona Arqueol\u00f3gica Caral<\/span><\/a><span style=\"font-weight: 400;\">, Unidad Ejecutora 003 del Ministerio de Cultura, te invita a acampar en la Ciudad Sagrada de Caral-Supe, Patrimonio Mundial, y a descubrir c\u00f3mo algunos edificios piramidales y actividades sociales se vinculan con los astros durante el solsticio de invierno 2025.<\/span><\/p>\n<p><span style=\"font-weight: 400;\">Recorre junto a arque\u00f3logos y astr\u00f3nomos la principal ciudad de la Civilizaci\u00f3n Caral, desarrollada hace cinco mil a\u00f1os en el valle de Supe, y conoce, de una manera \u00fanica y diferente, la historia de desarrollo de este importante sitio arqueol\u00f3gico. Al atardecer, presencia la ca\u00edda del sol sobre una de las pir\u00e1mides, de manera alineada con su escalera central.<\/span><\/p>\n<p><span style=\"font-weight: 400;\">Y, por la noche, desde la zona de campamento (Casa del Arque\u00f3logo) y utilizando equipos especializados, aprender\u00e1s sobre la trascendencia del solsticio en las antiguas sociedades andinas. Podr\u00e1s observar las estrellas m\u00e1s cercanas al planeta, identificar constelaciones, las Pl\u00e9yades, y nuestro sat\u00e9lite natural, la Luna.<\/span><\/p>\n<p><span style=\"font-weight: 400;\">Luego de acampar y de ver el amanecer en la <\/span><a href=\"https:\/\/whc.unesco.org\/es\/list\/1269\"><span style=\"font-weight: 400;\">Ciudad Sagrada de Cara-Supe<\/span><\/a><span style=\"font-weight: 400;\">, la aventura contin\u00faa en el centro urbano <\/span><a href=\"https:\/\/www.zonacaral.gob.pe\/ruta-caral\/aspero.html\"><span style=\"font-weight: 400;\">\u00c1spero<\/span><\/a><span style=\"font-weight: 400;\">, importante asentamiento pesquero donde se hall\u00f3 a la Dama de los Cuatro Tupus, a un var\u00f3n de \u00e9lite, y el \u00faltimo hallazgo, difundido este a\u00f1o, el entierro de una ni\u00f1a con ofrendas de costa, sierra y selva, e indumentarias que demuestran su v\u00ednculo con la \u00e9lite caralina.<\/span><\/p>\n<p><span style=\"font-weight: 400;\">Participa de este viaje cultural exclusivo y celebra el nuevo a\u00f1o andino en Caral, foco civilizatorio del mundo. M\u00e1s informaci\u00f3n sobre el viaje y costos: 955 881 340.<\/span><\/p>\n<p><b>Solsticio de invierno<\/b><\/p>\n<p><span style=\"font-weight: 400;\">Las investigaciones realizadas en los diversos centros urbanos de la Civilizaci\u00f3n Caral, dirigidas por la <\/span><a href=\"https:\/\/www.facebook.com\/share\/v\/1BtM86L9xA\/\"><span style=\"font-weight: 400;\">doctora Ruth Shady Sol\u00eds<\/span><\/a><span style=\"font-weight: 400;\">, han demostrado que esta fue una sociedad que alcanz\u00f3 un alto nivel de conocimientos en diferentes \u00e1reas como en el campo de la astronom\u00eda.<\/span><\/p>\n<p><span style=\"font-weight: 400;\">Los caralinos se guiaron del sol, la luna y de las estrellas para erigir sus monumentales edificios piramidales, de manera planificada, y asociaron los solsticios y equinoccios con algunas actividades festivas, ceremoniales y rituales, con la participaci\u00f3n organizada de la sociedad.<\/span><\/p>\n<p><span style=\"font-weight: 400;\">\u201cTales conocimientos fueron aplicados, tambi\u00e9n, en la planificaci\u00f3n urbana. La Ciudad Sagrada de Caral y otros centros urbanos contempor\u00e1neos del valle de Supe, fueron dise\u00f1ados con una visi\u00f3n hol\u00edstica, integrando el conocimiento astron\u00f3mico, el paisaje natural, la prevenci\u00f3n ante los fen\u00f3menos clim\u00e1ticos y el sistema social\u201d, agreg\u00f3 la arque\u00f3loga Shady Sol\u00eds.<\/span><\/p>\n<p><span style=\"font-weight: 400;\">DATO<\/span><\/p>\n<p>El programa <a href=\"https:\/\/www.zonacaral.gob.pe\/ruta-caral\/viajes-culturales.html\"><span style=\"font-weight: 400;\">Viajes Culturales<\/span><\/a> organiza, de manera mensual, paseos de todo un d\u00eda a los centros urbanos que forman parte de la denominada <a href=\"https:\/\/www.zonacaral.gob.pe\/ruta-caral\/\"><span style=\"font-weight: 400;\">Ruta Caral<\/span><\/a>, a un costo accesible y dirigidos al p\u00fablico en general. Este mes, adem\u00e1s del campamento programado para los d\u00edas 21 y 22 de junio, se ha organizado una salida a la Ciudad Sagrada de Caral-Supe y a Vichama, ciudad agropesquera, para el domingo 15, con motivo del D\u00eda del Padre.<\/p>\n<\/div>\n<p><strong style=\"font-size: inherit; text-align: justify;\">Fuente: Comunicaci\u00f3n e Imagen Institucional ZAC<\/strong><\/p>\n<\/div>\n<div style=\"color: #1f1f1f;\">\n<div style=\"color: #1f1f1f;\">\n<p style=\"text-align: justify;\">Fecha de publicaci\u00f3n: 10\/06\/2025<\/p>\n<\/div>\n<\/div>\n\n\n<p><\/p>\n","protected":false},"excerpt":{"rendered":"<p>Experiencia \u00fanica en el Per\u00fa. Este 21 y 22 de junio, el programa Viajes Culturales de la Zona Arqueol\u00f3gica Caral, [&hellip;]<\/p>\n","protected":false},"author":1,"featured_media":18430,"comment_status":"closed","ping_status":"open","sticky":false,"template":"","format":"standard","meta":{"_acf_changed":false,"site-sidebar-layout":"default","site-content-layout":"","ast-site-content-layout":"default","site-content-style":"default","site-sidebar-style":"default","ast-global-header-display":"","ast-banner-title-visibility":"","ast-main-header-display":"","ast-hfb-above-header-display":"","ast-hfb-below-header-display":"","ast-hfb-mobile-header-display":"","site-post-title":"","ast-breadcrumbs-content":"","ast-featured-img":"","footer-sml-layout":"","ast-disable-related-posts":"","theme-transparent-header-meta":"","adv-header-id-meta":"","stick-header-meta":"","header-above-stick-meta":"","header-main-stick-meta":"","header-below-stick-meta":"","astra-migrate-meta-layouts":"default","ast-page-background-enabled":"default","ast-page-background-meta":{"desktop":{"background-color":"var(--ast-global-color-5)","background-image":"","background-repeat":"repeat","background-position":"center center","background-size":"auto","background-attachment":"scroll","background-type":"","background-media":"","overlay-type":"","overlay-color":"","overlay-opacity":"","overlay-gradient":""},"tablet":{"background-color":"","background-image":"","background-repeat":"repeat","background-position":"center center","background-size":"auto","background-attachment":"scroll","background-type":"","background-media":"","overlay-type":"","overlay-color":"","overlay-opacity":"","overlay-gradient":""},"mobile":{"background-color":"","background-image":"","background-repeat":"repeat","background-position":"center center","background-size":"auto","background-attachment":"scroll","background-type":"","background-media":"","overlay-type":"","overlay-color":"","overlay-opacity":"","overlay-gradient":""}},"ast-content-background-meta":{"desktop":{"background-color":"var(--ast-global-color-4)","background-image":"","background-repeat":"repeat","background-position":"center center","background-size":"auto","background-attachment":"scroll","background-type":"","background-media":"","overlay-type":"","overlay-color":"","overlay-opacity":"","overlay-gradient":""},"tablet":{"background-color":"var(--ast-global-color-4)","background-image":"","background-repeat":"repeat","background-position":"center center","background-size":"auto","background-attachment":"scroll","background-type":"","background-media":"","overlay-type":"","overlay-color":"","overlay-opacity":"","overlay-gradient":""},"mobile":{"background-color":"var(--ast-global-color-4)","background-image":"","background-repeat":"repeat","background-position":"center center","background-size":"auto","background-attachment":"scroll","background-type":"","background-media":"","overlay-type":"","overlay-color":"","overlay-opacity":"","overlay-gradient":""}},"footnotes":""},"categories":[208],"tags":[55,72],"class_list":["post-18429","post","type-post","status-publish","format-standard","has-post-thumbnail","hentry","category-noticias","tag-caral","tag-cultura"],"acf":[],"yoast_head":"<!-- This site is optimized with the Yoast SEO plugin v27.3 - https:\/\/yoast.com\/product\/yoast-seo-wordpress\/ -->\n<title>SOLSTICIO DE INVIERNO: con\u00e9ctate con los astros, la naturaleza y nuestro patrimonio cultural acampando en CARAL<\/title>\n<meta name=\"description\" content=\"Este 21 y 22 de junio, el programa Viajes Culturales de la Zona Arqueol\u00f3gica Caral, Unidad Ejecutora 003 del Ministerio de Cultura, te invita a acampar en la Ciudad Sagrada de Caral-Supe, Patrimonio Mundial, y a descubrir c\u00f3mo algunos edificios piramidales y actividades sociales se vinculan con los astros durante el solsticio de invierno 2025.\" \/>\n<meta name=\"robots\" content=\"index, follow, max-snippet:-1, max-image-preview:large, max-video-preview:-1\" \/>\n<link rel=\"canonical\" href=\"https:\/\/zonacaral.gob.pe\/es\/noticias\/solsticio-de-invierno-conectate-con-los-astros-la-naturaleza-y-nuestro-patrimonio-cultural-acampando-en-caral\/\" \/>\n<meta property=\"og:locale\" content=\"es_ES\" \/>\n<meta property=\"og:type\" content=\"article\" \/>\n<meta property=\"og:title\" content=\"SOLSTICIO DE INVIERNO: con\u00e9ctate con los astros, la naturaleza y nuestro patrimonio cultural acampando en CARAL\" \/>\n<meta property=\"og:description\" content=\"Este 21 y 22 de junio, el programa Viajes Culturales de la Zona Arqueol\u00f3gica Caral, Unidad Ejecutora 003 del Ministerio de Cultura, te invita a acampar en la Ciudad Sagrada de Caral-Supe, Patrimonio Mundial, y a descubrir c\u00f3mo algunos edificios piramidales y actividades sociales se vinculan con los astros durante el solsticio de invierno 2025.\" \/>\n<meta property=\"og:url\" content=\"https:\/\/zonacaral.gob.pe\/es\/noticias\/solsticio-de-invierno-conectate-con-los-astros-la-naturaleza-y-nuestro-patrimonio-cultural-acampando-en-caral\/\" \/>\n<meta property=\"og:site_name\" content=\"Zona Caral\" \/>\n<meta property=\"article:published_time\" content=\"2025-06-10T22:15:04+00:00\" \/>\n<meta property=\"og:image\" content=\"https:\/\/zonacaral.gob.pe\/wp-content\/uploads\/2025\/06\/solsticio_invierno_1.jpg\" \/>\n\t<meta property=\"og:image:width\" content=\"1500\" \/>\n\t<meta property=\"og:image:height\" content=\"844\" \/>\n\t<meta property=\"og:image:type\" content=\"image\/jpeg\" \/>\n<meta name=\"author\" content=\"Zona Caral Administrador\" \/>\n<meta name=\"twitter:card\" content=\"summary_large_image\" \/>\n<meta name=\"twitter:label1\" content=\"Written by\" \/>\n\t<meta name=\"twitter:data1\" content=\"Zona Caral Administrador\" \/>\n\t<meta name=\"twitter:label2\" content=\"Est. reading time\" \/>\n\t<meta name=\"twitter:data2\" content=\"3 minutos\" \/>\n<script type=\"application\/ld+json\" class=\"yoast-schema-graph\">{\"@context\":\"https:\\\/\\\/schema.org\",\"@graph\":[{\"@type\":\"Article\",\"@id\":\"https:\\\/\\\/zonacaral.gob.pe\\\/es\\\/noticias\\\/solsticio-de-invierno-conectate-con-los-astros-la-naturaleza-y-nuestro-patrimonio-cultural-acampando-en-caral\\\/#article\",\"isPartOf\":{\"@id\":\"https:\\\/\\\/zonacaral.gob.pe\\\/es\\\/noticias\\\/solsticio-de-invierno-conectate-con-los-astros-la-naturaleza-y-nuestro-patrimonio-cultural-acampando-en-caral\\\/\"},\"author\":{\"name\":\"Zona Caral Administrador\",\"@id\":\"https:\\\/\\\/zonacaral.gob.pe\\\/es\\\/#\\\/schema\\\/person\\\/beddb4d22f71a7230c5b90913270a0ee\"},\"headline\":\"SOLSTICIO DE INVIERNO: con\u00e9ctate con los astros, la naturaleza y nuestro patrimonio cultural acampando en CARAL\",\"datePublished\":\"2025-06-10T22:15:04+00:00\",\"mainEntityOfPage\":{\"@id\":\"https:\\\/\\\/zonacaral.gob.pe\\\/es\\\/noticias\\\/solsticio-de-invierno-conectate-con-los-astros-la-naturaleza-y-nuestro-patrimonio-cultural-acampando-en-caral\\\/\"},\"wordCount\":537,\"image\":{\"@id\":\"https:\\\/\\\/zonacaral.gob.pe\\\/es\\\/noticias\\\/solsticio-de-invierno-conectate-con-los-astros-la-naturaleza-y-nuestro-patrimonio-cultural-acampando-en-caral\\\/#primaryimage\"},\"thumbnailUrl\":\"https:\\\/\\\/zonacaral.gob.pe\\\/wp-content\\\/uploads\\\/2025\\\/06\\\/solsticio_invierno_1.jpg\",\"keywords\":[\"caral\",\"Cultura\"],\"articleSection\":[\"noticias\"],\"inLanguage\":\"es-PE\"},{\"@type\":\"WebPage\",\"@id\":\"https:\\\/\\\/zonacaral.gob.pe\\\/es\\\/noticias\\\/solsticio-de-invierno-conectate-con-los-astros-la-naturaleza-y-nuestro-patrimonio-cultural-acampando-en-caral\\\/\",\"url\":\"https:\\\/\\\/zonacaral.gob.pe\\\/es\\\/noticias\\\/solsticio-de-invierno-conectate-con-los-astros-la-naturaleza-y-nuestro-patrimonio-cultural-acampando-en-caral\\\/\",\"name\":\"SOLSTICIO DE INVIERNO: con\u00e9ctate con los astros, la naturaleza y nuestro patrimonio cultural acampando en CARAL\",\"isPartOf\":{\"@id\":\"https:\\\/\\\/zonacaral.gob.pe\\\/es\\\/#website\"},\"primaryImageOfPage\":{\"@id\":\"https:\\\/\\\/zonacaral.gob.pe\\\/es\\\/noticias\\\/solsticio-de-invierno-conectate-con-los-astros-la-naturaleza-y-nuestro-patrimonio-cultural-acampando-en-caral\\\/#primaryimage\"},\"image\":{\"@id\":\"https:\\\/\\\/zonacaral.gob.pe\\\/es\\\/noticias\\\/solsticio-de-invierno-conectate-con-los-astros-la-naturaleza-y-nuestro-patrimonio-cultural-acampando-en-caral\\\/#primaryimage\"},\"thumbnailUrl\":\"https:\\\/\\\/zonacaral.gob.pe\\\/wp-content\\\/uploads\\\/2025\\\/06\\\/solsticio_invierno_1.jpg\",\"datePublished\":\"2025-06-10T22:15:04+00:00\",\"author\":{\"@id\":\"https:\\\/\\\/zonacaral.gob.pe\\\/es\\\/#\\\/schema\\\/person\\\/beddb4d22f71a7230c5b90913270a0ee\"},\"description\":\"Este 21 y 22 de junio, el programa Viajes Culturales de la Zona Arqueol\u00f3gica Caral, Unidad Ejecutora 003 del Ministerio de Cultura, te invita a acampar en la Ciudad Sagrada de Caral-Supe, Patrimonio Mundial, y a descubrir c\u00f3mo algunos edificios piramidales y actividades sociales se vinculan con los astros durante el solsticio de invierno 2025.\",\"breadcrumb\":{\"@id\":\"https:\\\/\\\/zonacaral.gob.pe\\\/es\\\/noticias\\\/solsticio-de-invierno-conectate-con-los-astros-la-naturaleza-y-nuestro-patrimonio-cultural-acampando-en-caral\\\/#breadcrumb\"},\"inLanguage\":\"es-PE\",\"potentialAction\":[{\"@type\":\"ReadAction\",\"target\":[\"https:\\\/\\\/zonacaral.gob.pe\\\/es\\\/noticias\\\/solsticio-de-invierno-conectate-con-los-astros-la-naturaleza-y-nuestro-patrimonio-cultural-acampando-en-caral\\\/\"]}]},{\"@type\":\"ImageObject\",\"inLanguage\":\"es-PE\",\"@id\":\"https:\\\/\\\/zonacaral.gob.pe\\\/es\\\/noticias\\\/solsticio-de-invierno-conectate-con-los-astros-la-naturaleza-y-nuestro-patrimonio-cultural-acampando-en-caral\\\/#primaryimage\",\"url\":\"https:\\\/\\\/zonacaral.gob.pe\\\/wp-content\\\/uploads\\\/2025\\\/06\\\/solsticio_invierno_1.jpg\",\"contentUrl\":\"https:\\\/\\\/zonacaral.gob.pe\\\/wp-content\\\/uploads\\\/2025\\\/06\\\/solsticio_invierno_1.jpg\",\"width\":1500,\"height\":844},{\"@type\":\"BreadcrumbList\",\"@id\":\"https:\\\/\\\/zonacaral.gob.pe\\\/es\\\/noticias\\\/solsticio-de-invierno-conectate-con-los-astros-la-naturaleza-y-nuestro-patrimonio-cultural-acampando-en-caral\\\/#breadcrumb\",\"itemListElement\":[{\"@type\":\"ListItem\",\"position\":1,\"name\":\"Portada\",\"item\":\"https:\\\/\\\/zonacaral.gob.pe\\\/\"},{\"@type\":\"ListItem\",\"position\":2,\"name\":\"SOLSTICIO DE INVIERNO: con\u00e9ctate con los astros, la naturaleza y nuestro patrimonio cultural acampando en CARAL\"}]},{\"@type\":\"WebSite\",\"@id\":\"https:\\\/\\\/zonacaral.gob.pe\\\/es\\\/#website\",\"url\":\"https:\\\/\\\/zonacaral.gob.pe\\\/es\\\/\",\"name\":\"Zona Caral\",\"description\":\"Investigamos, conservamos y difundimos el patrimonio cultural de la Civilizaci\u00f3n Caral, la m\u00e1s antigua de Am\u00e9rica.\",\"potentialAction\":[{\"@type\":\"SearchAction\",\"target\":{\"@type\":\"EntryPoint\",\"urlTemplate\":\"https:\\\/\\\/zonacaral.gob.pe\\\/es\\\/?s={search_term_string}\"},\"query-input\":{\"@type\":\"PropertyValueSpecification\",\"valueRequired\":true,\"valueName\":\"search_term_string\"}}],\"inLanguage\":\"es-PE\"},{\"@type\":\"Person\",\"@id\":\"https:\\\/\\\/zonacaral.gob.pe\\\/es\\\/#\\\/schema\\\/person\\\/beddb4d22f71a7230c5b90913270a0ee\",\"name\":\"Zona Caral Administrador\",\"image\":{\"@type\":\"ImageObject\",\"inLanguage\":\"es-PE\",\"@id\":\"https:\\\/\\\/secure.gravatar.com\\\/avatar\\\/e4be162918a696358376de6446614e0f0f4062bdc5d170d6d540ada3d8b58c12?s=96&d=mm&r=g\",\"url\":\"https:\\\/\\\/secure.gravatar.com\\\/avatar\\\/e4be162918a696358376de6446614e0f0f4062bdc5d170d6d540ada3d8b58c12?s=96&d=mm&r=g\",\"contentUrl\":\"https:\\\/\\\/secure.gravatar.com\\\/avatar\\\/e4be162918a696358376de6446614e0f0f4062bdc5d170d6d540ada3d8b58c12?s=96&d=mm&r=g\",\"caption\":\"Zona Caral Administrador\"},\"sameAs\":[\"https:\\\/\\\/zonacaral.gob.pe\"],\"url\":\"https:\\\/\\\/zonacaral.gob.pe\\\/es\\\/noticias\\\/author\\\/ad_zonacaral\\\/\"}]}<\/script>\n<!-- \/ Yoast SEO plugin. -->","yoast_head_json":{"title":"SOLSTICIO DE INVIERNO: con\u00e9ctate con los astros, la naturaleza y nuestro patrimonio cultural acampando en CARAL","description":"Este 21 y 22 de junio, el programa Viajes Culturales de la Zona Arqueol\u00f3gica Caral, Unidad Ejecutora 003 del Ministerio de Cultura, te invita a acampar en la Ciudad Sagrada de Caral-Supe, Patrimonio Mundial, y a descubrir c\u00f3mo algunos edificios piramidales y actividades sociales se vinculan con los astros durante el solsticio de invierno 2025.","robots":{"index":"index","follow":"follow","max-snippet":"max-snippet:-1","max-image-preview":"max-image-preview:large","max-video-preview":"max-video-preview:-1"},"canonical":"https:\/\/zonacaral.gob.pe\/es\/noticias\/solsticio-de-invierno-conectate-con-los-astros-la-naturaleza-y-nuestro-patrimonio-cultural-acampando-en-caral\/","og_locale":"es_ES","og_type":"article","og_title":"SOLSTICIO DE INVIERNO: con\u00e9ctate con los astros, la naturaleza y nuestro patrimonio cultural acampando en CARAL","og_description":"Este 21 y 22 de junio, el programa Viajes Culturales de la Zona Arqueol\u00f3gica Caral, Unidad Ejecutora 003 del Ministerio de Cultura, te invita a acampar en la Ciudad Sagrada de Caral-Supe, Patrimonio Mundial, y a descubrir c\u00f3mo algunos edificios piramidales y actividades sociales se vinculan con los astros durante el solsticio de invierno 2025.","og_url":"https:\/\/zonacaral.gob.pe\/es\/noticias\/solsticio-de-invierno-conectate-con-los-astros-la-naturaleza-y-nuestro-patrimonio-cultural-acampando-en-caral\/","og_site_name":"Zona Caral","article_published_time":"2025-06-10T22:15:04+00:00","og_image":[{"width":1500,"height":844,"url":"https:\/\/zonacaral.gob.pe\/wp-content\/uploads\/2025\/06\/solsticio_invierno_1.jpg","type":"image\/jpeg"}],"author":"Zona Caral Administrador","twitter_card":"summary_large_image","twitter_misc":{"Written by":"Zona Caral Administrador","Est. reading time":"3 minutos"},"schema":{"@context":"https:\/\/schema.org","@graph":[{"@type":"Article","@id":"https:\/\/zonacaral.gob.pe\/es\/noticias\/solsticio-de-invierno-conectate-con-los-astros-la-naturaleza-y-nuestro-patrimonio-cultural-acampando-en-caral\/#article","isPartOf":{"@id":"https:\/\/zonacaral.gob.pe\/es\/noticias\/solsticio-de-invierno-conectate-con-los-astros-la-naturaleza-y-nuestro-patrimonio-cultural-acampando-en-caral\/"},"author":{"name":"Zona Caral Administrador","@id":"https:\/\/zonacaral.gob.pe\/es\/#\/schema\/person\/beddb4d22f71a7230c5b90913270a0ee"},"headline":"SOLSTICIO DE INVIERNO: con\u00e9ctate con los astros, la naturaleza y nuestro patrimonio cultural acampando en CARAL","datePublished":"2025-06-10T22:15:04+00:00","mainEntityOfPage":{"@id":"https:\/\/zonacaral.gob.pe\/es\/noticias\/solsticio-de-invierno-conectate-con-los-astros-la-naturaleza-y-nuestro-patrimonio-cultural-acampando-en-caral\/"},"wordCount":537,"image":{"@id":"https:\/\/zonacaral.gob.pe\/es\/noticias\/solsticio-de-invierno-conectate-con-los-astros-la-naturaleza-y-nuestro-patrimonio-cultural-acampando-en-caral\/#primaryimage"},"thumbnailUrl":"https:\/\/zonacaral.gob.pe\/wp-content\/uploads\/2025\/06\/solsticio_invierno_1.jpg","keywords":["caral","Cultura"],"articleSection":["noticias"],"inLanguage":"es-PE"},{"@type":"WebPage","@id":"https:\/\/zonacaral.gob.pe\/es\/noticias\/solsticio-de-invierno-conectate-con-los-astros-la-naturaleza-y-nuestro-patrimonio-cultural-acampando-en-caral\/","url":"https:\/\/zonacaral.gob.pe\/es\/noticias\/solsticio-de-invierno-conectate-con-los-astros-la-naturaleza-y-nuestro-patrimonio-cultural-acampando-en-caral\/","name":"SOLSTICIO DE INVIERNO: con\u00e9ctate con los astros, la naturaleza y nuestro patrimonio cultural acampando en CARAL","isPartOf":{"@id":"https:\/\/zonacaral.gob.pe\/es\/#website"},"primaryImageOfPage":{"@id":"https:\/\/zonacaral.gob.pe\/es\/noticias\/solsticio-de-invierno-conectate-con-los-astros-la-naturaleza-y-nuestro-patrimonio-cultural-acampando-en-caral\/#primaryimage"},"image":{"@id":"https:\/\/zonacaral.gob.pe\/es\/noticias\/solsticio-de-invierno-conectate-con-los-astros-la-naturaleza-y-nuestro-patrimonio-cultural-acampando-en-caral\/#primaryimage"},"thumbnailUrl":"https:\/\/zonacaral.gob.pe\/wp-content\/uploads\/2025\/06\/solsticio_invierno_1.jpg","datePublished":"2025-06-10T22:15:04+00:00","author":{"@id":"https:\/\/zonacaral.gob.pe\/es\/#\/schema\/person\/beddb4d22f71a7230c5b90913270a0ee"},"description":"Este 21 y 22 de junio, el programa Viajes Culturales de la Zona Arqueol\u00f3gica Caral, Unidad Ejecutora 003 del Ministerio de Cultura, te invita a acampar en la Ciudad Sagrada de Caral-Supe, Patrimonio Mundial, y a descubrir c\u00f3mo algunos edificios piramidales y actividades sociales se vinculan con los astros durante el solsticio de invierno 2025.","breadcrumb":{"@id":"https:\/\/zonacaral.gob.pe\/es\/noticias\/solsticio-de-invierno-conectate-con-los-astros-la-naturaleza-y-nuestro-patrimonio-cultural-acampando-en-caral\/#breadcrumb"},"inLanguage":"es-PE","potentialAction":[{"@type":"ReadAction","target":["https:\/\/zonacaral.gob.pe\/es\/noticias\/solsticio-de-invierno-conectate-con-los-astros-la-naturaleza-y-nuestro-patrimonio-cultural-acampando-en-caral\/"]}]},{"@type":"ImageObject","inLanguage":"es-PE","@id":"https:\/\/zonacaral.gob.pe\/es\/noticias\/solsticio-de-invierno-conectate-con-los-astros-la-naturaleza-y-nuestro-patrimonio-cultural-acampando-en-caral\/#primaryimage","url":"https:\/\/zonacaral.gob.pe\/wp-content\/uploads\/2025\/06\/solsticio_invierno_1.jpg","contentUrl":"https:\/\/zonacaral.gob.pe\/wp-content\/uploads\/2025\/06\/solsticio_invierno_1.jpg","width":1500,"height":844},{"@type":"BreadcrumbList","@id":"https:\/\/zonacaral.gob.pe\/es\/noticias\/solsticio-de-invierno-conectate-con-los-astros-la-naturaleza-y-nuestro-patrimonio-cultural-acampando-en-caral\/#breadcrumb","itemListElement":[{"@type":"ListItem","position":1,"name":"Portada","item":"https:\/\/zonacaral.gob.pe\/"},{"@type":"ListItem","position":2,"name":"SOLSTICIO DE INVIERNO: con\u00e9ctate con los astros, la naturaleza y nuestro patrimonio cultural acampando en CARAL"}]},{"@type":"WebSite","@id":"https:\/\/zonacaral.gob.pe\/es\/#website","url":"https:\/\/zonacaral.gob.pe\/es\/","name":"Zona Caral","description":"Investigamos, conservamos y difundimos el patrimonio cultural de la Civilizaci\u00f3n Caral, la m\u00e1s antigua de Am\u00e9rica.","potentialAction":[{"@type":"SearchAction","target":{"@type":"EntryPoint","urlTemplate":"https:\/\/zonacaral.gob.pe\/es\/?s={search_term_string}"},"query-input":{"@type":"PropertyValueSpecification","valueRequired":true,"valueName":"search_term_string"}}],"inLanguage":"es-PE"},{"@type":"Person","@id":"https:\/\/zonacaral.gob.pe\/es\/#\/schema\/person\/beddb4d22f71a7230c5b90913270a0ee","name":"Zona Caral Administrador","image":{"@type":"ImageObject","inLanguage":"es-PE","@id":"https:\/\/secure.gravatar.com\/avatar\/e4be162918a696358376de6446614e0f0f4062bdc5d170d6d540ada3d8b58c12?s=96&d=mm&r=g","url":"https:\/\/secure.gravatar.com\/avatar\/e4be162918a696358376de6446614e0f0f4062bdc5d170d6d540ada3d8b58c12?s=96&d=mm&r=g","contentUrl":"https:\/\/secure.gravatar.com\/avatar\/e4be162918a696358376de6446614e0f0f4062bdc5d170d6d540ada3d8b58c12?s=96&d=mm&r=g","caption":"Zona Caral Administrador"},"sameAs":["https:\/\/zonacaral.gob.pe"],"url":"https:\/\/zonacaral.gob.pe\/es\/noticias\/author\/ad_zonacaral\/"}]}},"_links":{"self":[{"href":"https:\/\/zonacaral.gob.pe\/es\/wp-json\/wp\/v2\/posts\/18429","targetHints":{"allow":["GET"]}}],"collection":[{"href":"https:\/\/zonacaral.gob.pe\/es\/wp-json\/wp\/v2\/posts"}],"about":[{"href":"https:\/\/zonacaral.gob.pe\/es\/wp-json\/wp\/v2\/types\/post"}],"author":[{"embeddable":true,"href":"https:\/\/zonacaral.gob.pe\/es\/wp-json\/wp\/v2\/users\/1"}],"replies":[{"embeddable":true,"href":"https:\/\/zonacaral.gob.pe\/es\/wp-json\/wp\/v2\/comments?post=18429"}],"version-history":[{"count":0,"href":"https:\/\/zonacaral.gob.pe\/es\/wp-json\/wp\/v2\/posts\/18429\/revisions"}],"wp:featuredmedia":[{"embeddable":true,"href":"https:\/\/zonacaral.gob.pe\/es\/wp-json\/wp\/v2\/media\/18430"}],"wp:attachment":[{"href":"https:\/\/zonacaral.gob.pe\/es\/wp-json\/wp\/v2\/media?parent=18429"}],"wp:term":[{"taxonomy":"category","embeddable":true,"href":"https:\/\/zonacaral.gob.pe\/es\/wp-json\/wp\/v2\/categories?post=18429"},{"taxonomy":"post_tag","embeddable":true,"href":"https:\/\/zonacaral.gob.pe\/es\/wp-json\/wp\/v2\/tags?post=18429"}],"curies":[{"name":"wp","href":"https:\/\/api.w.org\/{rel}","templated":true}]}}