{"id":18437,"date":"2025-06-11T10:22:31","date_gmt":"2025-06-11T15:22:31","guid":{"rendered":"https:\/\/www.zonacaral.gob.pe\/?p=18437"},"modified":"2025-06-11T10:22:31","modified_gmt":"2025-06-11T15:22:31","slug":"regala-a-papa-un-viaje-a-caral-y-a-vichama","status":"publish","type":"post","link":"https:\/\/zonacaral.gob.pe\/es\/noticias\/regala-a-papa-un-viaje-a-caral-y-a-vichama\/","title":{"rendered":"Regala a Pap\u00e1 un viaje a Caral y a Vichama"},"content":{"rendered":"<figure class=\"pic-autor\" style=\"color: #4d4d4d; text-align: justify;\"><\/figure>\n<div class=\"gmail_default\" style=\"text-align: justify;\">\n<blockquote>\n<p><span style=\"font-weight: 400;\">Transmitimos cultura.<\/span><\/p>\n<\/blockquote>\n<div>\n<p><span style=\"font-weight: 400;\">Este domingo, 15 de junio, en el D\u00eda del Padre, el programa Viajes Culturales de la Zona Arqueol\u00f3gica Caral, Unidad Ejecutora 003 del Ministerio de Cultura, te lleva a conocer la Ciudad Sagrada de Caral-Supe, Patrimonio Mundial, y Vichama, ciudad agropesquera, en un paseo de todo un d\u00eda.<\/span><\/p>\n<p><span style=\"font-weight: 400;\">La partida es desde el Ministerio de Cultura, ubicado en el San Borja, y el costo del viaje incluye el traslado (ida y vuelta), los boletos de ingreso y el pago al gu\u00eda o mediador cultural. Tambi\u00e9n la entrega de material de difusi\u00f3n y el acompa\u00f1amiento durante todo el recorrido de un representante de la instituci\u00f3n m\u00e1s un souvenir sorpresa.<\/span><\/p>\n<p><span style=\"font-weight: 400;\">Para m\u00e1s informaci\u00f3n escribe al WhatsApp: 955 881 340.<\/span><\/p>\n<p><span style=\"font-weight: 400;\">Y si deseas realizar la Ruta Caral por cuenta propia, recuerda que los centros urbanos Caral, \u00c1spero, Vichama y Pe\u00f1ico, est\u00e1n abiertos de 9:00 a. m. a 5:00 p. m., de lunes a domingo, incluyendo los d\u00edas feriados. Se recomienda que, para una visita adecuada, ingresar una hora antes del cierre.<\/span><\/p>\n<p><span style=\"font-weight: 400;\">Otra opci\u00f3n, para pasarla en familia y conocer nuestro desarrollo cultural, sin salir de Lima, es visitar la exposici\u00f3n museogr\u00e1fica \u00abTecnolog\u00eda Pesquera y Seguridad Alimentaria para Combatir la Anemia\u00bb, en la sala Paracas del Ministerio de Cultura. La muestra est\u00e1 abierta de martes a domingo, de 9:00 a. m. a 4:00 p. m.<\/span><\/p>\n<p><span style=\"font-weight: 400;\">Recuerda que tu visita te permite participar en el sorteo de un viaje gratuito a la Ciudad Sagrada de Caral-Supe, con el programa Viajes Culturales de la Zona Arqueol\u00f3gica Caral. Adem\u00e1s, se sortear\u00e1n diez entradas dobles para visitar cualquiera de los sitios arqueol\u00f3gicos de la Ruta Caral.<\/span><\/p>\n<\/div>\n<p><strong style=\"font-size: inherit; text-align: justify;\">Fuente: Comunicaci\u00f3n e Imagen Institucional ZAC<\/strong><\/p>\n<\/div>\n<div style=\"color: #1f1f1f;\">\n<div style=\"color: #1f1f1f;\">\n<p style=\"text-align: justify;\">Fecha de publicaci\u00f3n: 11\/06\/2025<\/p>\n<\/div>\n<\/div>\n\n\n<p><\/p>\n","protected":false},"excerpt":{"rendered":"<p>Transmitimos cultura. Este domingo, 15 de junio, en el D\u00eda del Padre, el programa Viajes Culturales de la Zona Arqueol\u00f3gica [&hellip;]<\/p>\n","protected":false},"author":1,"featured_media":18438,"comment_status":"closed","ping_status":"open","sticky":false,"template":"","format":"standard","meta":{"_acf_changed":false,"site-sidebar-layout":"default","site-content-layout":"","ast-site-content-layout":"default","site-content-style":"default","site-sidebar-style":"default","ast-global-header-display":"","ast-banner-title-visibility":"","ast-main-header-display":"","ast-hfb-above-header-display":"","ast-hfb-below-header-display":"","ast-hfb-mobile-header-display":"","site-post-title":"","ast-breadcrumbs-content":"","ast-featured-img":"","footer-sml-layout":"","ast-disable-related-posts":"","theme-transparent-header-meta":"","adv-header-id-meta":"","stick-header-meta":"","header-above-stick-meta":"","header-main-stick-meta":"","header-below-stick-meta":"","astra-migrate-meta-layouts":"default","ast-page-background-enabled":"default","ast-page-background-meta":{"desktop":{"background-color":"var(--ast-global-color-5)","background-image":"","background-repeat":"repeat","background-position":"center center","background-size":"auto","background-attachment":"scroll","background-type":"","background-media":"","overlay-type":"","overlay-color":"","overlay-opacity":"","overlay-gradient":""},"tablet":{"background-color":"","background-image":"","background-repeat":"repeat","background-position":"center center","background-size":"auto","background-attachment":"scroll","background-type":"","background-media":"","overlay-type":"","overlay-color":"","overlay-opacity":"","overlay-gradient":""},"mobile":{"background-color":"","background-image":"","background-repeat":"repeat","background-position":"center center","background-size":"auto","background-attachment":"scroll","background-type":"","background-media":"","overlay-type":"","overlay-color":"","overlay-opacity":"","overlay-gradient":""}},"ast-content-background-meta":{"desktop":{"background-color":"var(--ast-global-color-4)","background-image":"","background-repeat":"repeat","background-position":"center center","background-size":"auto","background-attachment":"scroll","background-type":"","background-media":"","overlay-type":"","overlay-color":"","overlay-opacity":"","overlay-gradient":""},"tablet":{"background-color":"var(--ast-global-color-4)","background-image":"","background-repeat":"repeat","background-position":"center center","background-size":"auto","background-attachment":"scroll","background-type":"","background-media":"","overlay-type":"","overlay-color":"","overlay-opacity":"","overlay-gradient":""},"mobile":{"background-color":"var(--ast-global-color-4)","background-image":"","background-repeat":"repeat","background-position":"center center","background-size":"auto","background-attachment":"scroll","background-type":"","background-media":"","overlay-type":"","overlay-color":"","overlay-opacity":"","overlay-gradient":""}},"footnotes":""},"categories":[208],"tags":[55,72],"class_list":["post-18437","post","type-post","status-publish","format-standard","has-post-thumbnail","hentry","category-noticias","tag-caral","tag-cultura"],"acf":[],"yoast_head":"<!-- This site is optimized with the Yoast SEO plugin v27.3 - https:\/\/yoast.com\/product\/yoast-seo-wordpress\/ -->\n<title>Regala a Pap\u00e1 un viaje a Caral y a Vichama<\/title>\n<meta name=\"description\" content=\"Este domingo, 15 de junio, en el D\u00eda del Padre, el programa Viajes Culturales de la Zona Arqueol\u00f3gica Caral, Unidad Ejecutora 003 del Ministerio de Cultura, te lleva a conocer la Ciudad Sagrada de Caral-Supe, Patrimonio Mundial, y Vuchama, ciudad agropesquera, en un paseo de todo un d\u00eda.\" \/>\n<meta name=\"robots\" content=\"index, follow, max-snippet:-1, max-image-preview:large, max-video-preview:-1\" \/>\n<link rel=\"canonical\" href=\"https:\/\/zonacaral.gob.pe\/es\/noticias\/regala-a-papa-un-viaje-a-caral-y-a-vichama\/\" \/>\n<meta property=\"og:locale\" content=\"es_ES\" \/>\n<meta property=\"og:type\" content=\"article\" \/>\n<meta property=\"og:title\" content=\"Regala a Pap\u00e1 un viaje a Caral y a Vichama\" \/>\n<meta property=\"og:description\" content=\"Este domingo, 15 de junio, en el D\u00eda del Padre, el programa Viajes Culturales de la Zona Arqueol\u00f3gica Caral, Unidad Ejecutora 003 del Ministerio de Cultura, te lleva a conocer la Ciudad Sagrada de Caral-Supe, Patrimonio Mundial, y Vuchama, ciudad agropesquera, en un paseo de todo un d\u00eda.\" \/>\n<meta property=\"og:url\" content=\"https:\/\/zonacaral.gob.pe\/es\/noticias\/regala-a-papa-un-viaje-a-caral-y-a-vichama\/\" \/>\n<meta property=\"og:site_name\" content=\"Zona Caral\" \/>\n<meta property=\"article:published_time\" content=\"2025-06-11T15:22:31+00:00\" \/>\n<meta property=\"og:image\" content=\"https:\/\/zonacaral.gob.pe\/wp-content\/uploads\/2025\/06\/viajepadre.jpg\" \/>\n\t<meta property=\"og:image:width\" content=\"1920\" \/>\n\t<meta property=\"og:image:height\" content=\"1080\" \/>\n\t<meta property=\"og:image:type\" content=\"image\/jpeg\" \/>\n<meta name=\"author\" content=\"Zona Caral Administrador\" \/>\n<meta name=\"twitter:card\" content=\"summary_large_image\" \/>\n<meta name=\"twitter:label1\" content=\"Written by\" \/>\n\t<meta name=\"twitter:data1\" content=\"Zona Caral Administrador\" \/>\n\t<meta name=\"twitter:label2\" content=\"Est. reading time\" \/>\n\t<meta name=\"twitter:data2\" content=\"1 minuto\" \/>\n<script type=\"application\/ld+json\" class=\"yoast-schema-graph\">{\"@context\":\"https:\\\/\\\/schema.org\",\"@graph\":[{\"@type\":\"Article\",\"@id\":\"https:\\\/\\\/zonacaral.gob.pe\\\/es\\\/noticias\\\/regala-a-papa-un-viaje-a-caral-y-a-vichama\\\/#article\",\"isPartOf\":{\"@id\":\"https:\\\/\\\/zonacaral.gob.pe\\\/es\\\/noticias\\\/regala-a-papa-un-viaje-a-caral-y-a-vichama\\\/\"},\"author\":{\"name\":\"Zona Caral Administrador\",\"@id\":\"https:\\\/\\\/zonacaral.gob.pe\\\/es\\\/#\\\/schema\\\/person\\\/beddb4d22f71a7230c5b90913270a0ee\"},\"headline\":\"Regala a Pap\u00e1 un viaje a Caral y a Vichama\",\"datePublished\":\"2025-06-11T15:22:31+00:00\",\"mainEntityOfPage\":{\"@id\":\"https:\\\/\\\/zonacaral.gob.pe\\\/es\\\/noticias\\\/regala-a-papa-un-viaje-a-caral-y-a-vichama\\\/\"},\"wordCount\":304,\"image\":{\"@id\":\"https:\\\/\\\/zonacaral.gob.pe\\\/es\\\/noticias\\\/regala-a-papa-un-viaje-a-caral-y-a-vichama\\\/#primaryimage\"},\"thumbnailUrl\":\"https:\\\/\\\/zonacaral.gob.pe\\\/wp-content\\\/uploads\\\/2025\\\/06\\\/viajepadre.jpg\",\"keywords\":[\"caral\",\"Cultura\"],\"articleSection\":[\"noticias\"],\"inLanguage\":\"es-PE\"},{\"@type\":\"WebPage\",\"@id\":\"https:\\\/\\\/zonacaral.gob.pe\\\/es\\\/noticias\\\/regala-a-papa-un-viaje-a-caral-y-a-vichama\\\/\",\"url\":\"https:\\\/\\\/zonacaral.gob.pe\\\/es\\\/noticias\\\/regala-a-papa-un-viaje-a-caral-y-a-vichama\\\/\",\"name\":\"Regala a Pap\u00e1 un viaje a Caral y a Vichama\",\"isPartOf\":{\"@id\":\"https:\\\/\\\/zonacaral.gob.pe\\\/es\\\/#website\"},\"primaryImageOfPage\":{\"@id\":\"https:\\\/\\\/zonacaral.gob.pe\\\/es\\\/noticias\\\/regala-a-papa-un-viaje-a-caral-y-a-vichama\\\/#primaryimage\"},\"image\":{\"@id\":\"https:\\\/\\\/zonacaral.gob.pe\\\/es\\\/noticias\\\/regala-a-papa-un-viaje-a-caral-y-a-vichama\\\/#primaryimage\"},\"thumbnailUrl\":\"https:\\\/\\\/zonacaral.gob.pe\\\/wp-content\\\/uploads\\\/2025\\\/06\\\/viajepadre.jpg\",\"datePublished\":\"2025-06-11T15:22:31+00:00\",\"author\":{\"@id\":\"https:\\\/\\\/zonacaral.gob.pe\\\/es\\\/#\\\/schema\\\/person\\\/beddb4d22f71a7230c5b90913270a0ee\"},\"description\":\"Este domingo, 15 de junio, en el D\u00eda del Padre, el programa Viajes Culturales de la Zona Arqueol\u00f3gica Caral, Unidad Ejecutora 003 del Ministerio de Cultura, te lleva a conocer la Ciudad Sagrada de Caral-Supe, Patrimonio Mundial, y Vuchama, ciudad agropesquera, en un paseo de todo un d\u00eda.\",\"breadcrumb\":{\"@id\":\"https:\\\/\\\/zonacaral.gob.pe\\\/es\\\/noticias\\\/regala-a-papa-un-viaje-a-caral-y-a-vichama\\\/#breadcrumb\"},\"inLanguage\":\"es-PE\",\"potentialAction\":[{\"@type\":\"ReadAction\",\"target\":[\"https:\\\/\\\/zonacaral.gob.pe\\\/es\\\/noticias\\\/regala-a-papa-un-viaje-a-caral-y-a-vichama\\\/\"]}]},{\"@type\":\"ImageObject\",\"inLanguage\":\"es-PE\",\"@id\":\"https:\\\/\\\/zonacaral.gob.pe\\\/es\\\/noticias\\\/regala-a-papa-un-viaje-a-caral-y-a-vichama\\\/#primaryimage\",\"url\":\"https:\\\/\\\/zonacaral.gob.pe\\\/wp-content\\\/uploads\\\/2025\\\/06\\\/viajepadre.jpg\",\"contentUrl\":\"https:\\\/\\\/zonacaral.gob.pe\\\/wp-content\\\/uploads\\\/2025\\\/06\\\/viajepadre.jpg\",\"width\":1920,\"height\":1080},{\"@type\":\"BreadcrumbList\",\"@id\":\"https:\\\/\\\/zonacaral.gob.pe\\\/es\\\/noticias\\\/regala-a-papa-un-viaje-a-caral-y-a-vichama\\\/#breadcrumb\",\"itemListElement\":[{\"@type\":\"ListItem\",\"position\":1,\"name\":\"Portada\",\"item\":\"https:\\\/\\\/zonacaral.gob.pe\\\/\"},{\"@type\":\"ListItem\",\"position\":2,\"name\":\"Regala a Pap\u00e1 un viaje a Caral y a Vichama\"}]},{\"@type\":\"WebSite\",\"@id\":\"https:\\\/\\\/zonacaral.gob.pe\\\/es\\\/#website\",\"url\":\"https:\\\/\\\/zonacaral.gob.pe\\\/es\\\/\",\"name\":\"Zona Caral\",\"description\":\"Investigamos, conservamos y difundimos el patrimonio cultural de la Civilizaci\u00f3n Caral, la m\u00e1s antigua de Am\u00e9rica.\",\"potentialAction\":[{\"@type\":\"SearchAction\",\"target\":{\"@type\":\"EntryPoint\",\"urlTemplate\":\"https:\\\/\\\/zonacaral.gob.pe\\\/es\\\/?s={search_term_string}\"},\"query-input\":{\"@type\":\"PropertyValueSpecification\",\"valueRequired\":true,\"valueName\":\"search_term_string\"}}],\"inLanguage\":\"es-PE\"},{\"@type\":\"Person\",\"@id\":\"https:\\\/\\\/zonacaral.gob.pe\\\/es\\\/#\\\/schema\\\/person\\\/beddb4d22f71a7230c5b90913270a0ee\",\"name\":\"Zona Caral Administrador\",\"image\":{\"@type\":\"ImageObject\",\"inLanguage\":\"es-PE\",\"@id\":\"https:\\\/\\\/secure.gravatar.com\\\/avatar\\\/e4be162918a696358376de6446614e0f0f4062bdc5d170d6d540ada3d8b58c12?s=96&d=mm&r=g\",\"url\":\"https:\\\/\\\/secure.gravatar.com\\\/avatar\\\/e4be162918a696358376de6446614e0f0f4062bdc5d170d6d540ada3d8b58c12?s=96&d=mm&r=g\",\"contentUrl\":\"https:\\\/\\\/secure.gravatar.com\\\/avatar\\\/e4be162918a696358376de6446614e0f0f4062bdc5d170d6d540ada3d8b58c12?s=96&d=mm&r=g\",\"caption\":\"Zona Caral Administrador\"},\"sameAs\":[\"https:\\\/\\\/zonacaral.gob.pe\"],\"url\":\"https:\\\/\\\/zonacaral.gob.pe\\\/es\\\/noticias\\\/author\\\/ad_zonacaral\\\/\"}]}<\/script>\n<!-- \/ Yoast SEO plugin. -->","yoast_head_json":{"title":"Regala a Pap\u00e1 un viaje a Caral y a Vichama","description":"Este domingo, 15 de junio, en el D\u00eda del Padre, el programa Viajes Culturales de la Zona Arqueol\u00f3gica Caral, Unidad Ejecutora 003 del Ministerio de Cultura, te lleva a conocer la Ciudad Sagrada de Caral-Supe, Patrimonio Mundial, y Vuchama, ciudad agropesquera, en un paseo de todo un d\u00eda.","robots":{"index":"index","follow":"follow","max-snippet":"max-snippet:-1","max-image-preview":"max-image-preview:large","max-video-preview":"max-video-preview:-1"},"canonical":"https:\/\/zonacaral.gob.pe\/es\/noticias\/regala-a-papa-un-viaje-a-caral-y-a-vichama\/","og_locale":"es_ES","og_type":"article","og_title":"Regala a Pap\u00e1 un viaje a Caral y a Vichama","og_description":"Este domingo, 15 de junio, en el D\u00eda del Padre, el programa Viajes Culturales de la Zona Arqueol\u00f3gica Caral, Unidad Ejecutora 003 del Ministerio de Cultura, te lleva a conocer la Ciudad Sagrada de Caral-Supe, Patrimonio Mundial, y Vuchama, ciudad agropesquera, en un paseo de todo un d\u00eda.","og_url":"https:\/\/zonacaral.gob.pe\/es\/noticias\/regala-a-papa-un-viaje-a-caral-y-a-vichama\/","og_site_name":"Zona Caral","article_published_time":"2025-06-11T15:22:31+00:00","og_image":[{"width":1920,"height":1080,"url":"https:\/\/zonacaral.gob.pe\/wp-content\/uploads\/2025\/06\/viajepadre.jpg","type":"image\/jpeg"}],"author":"Zona Caral Administrador","twitter_card":"summary_large_image","twitter_misc":{"Written by":"Zona Caral Administrador","Est. reading time":"1 minuto"},"schema":{"@context":"https:\/\/schema.org","@graph":[{"@type":"Article","@id":"https:\/\/zonacaral.gob.pe\/es\/noticias\/regala-a-papa-un-viaje-a-caral-y-a-vichama\/#article","isPartOf":{"@id":"https:\/\/zonacaral.gob.pe\/es\/noticias\/regala-a-papa-un-viaje-a-caral-y-a-vichama\/"},"author":{"name":"Zona Caral Administrador","@id":"https:\/\/zonacaral.gob.pe\/es\/#\/schema\/person\/beddb4d22f71a7230c5b90913270a0ee"},"headline":"Regala a Pap\u00e1 un viaje a Caral y a Vichama","datePublished":"2025-06-11T15:22:31+00:00","mainEntityOfPage":{"@id":"https:\/\/zonacaral.gob.pe\/es\/noticias\/regala-a-papa-un-viaje-a-caral-y-a-vichama\/"},"wordCount":304,"image":{"@id":"https:\/\/zonacaral.gob.pe\/es\/noticias\/regala-a-papa-un-viaje-a-caral-y-a-vichama\/#primaryimage"},"thumbnailUrl":"https:\/\/zonacaral.gob.pe\/wp-content\/uploads\/2025\/06\/viajepadre.jpg","keywords":["caral","Cultura"],"articleSection":["noticias"],"inLanguage":"es-PE"},{"@type":"WebPage","@id":"https:\/\/zonacaral.gob.pe\/es\/noticias\/regala-a-papa-un-viaje-a-caral-y-a-vichama\/","url":"https:\/\/zonacaral.gob.pe\/es\/noticias\/regala-a-papa-un-viaje-a-caral-y-a-vichama\/","name":"Regala a Pap\u00e1 un viaje a Caral y a Vichama","isPartOf":{"@id":"https:\/\/zonacaral.gob.pe\/es\/#website"},"primaryImageOfPage":{"@id":"https:\/\/zonacaral.gob.pe\/es\/noticias\/regala-a-papa-un-viaje-a-caral-y-a-vichama\/#primaryimage"},"image":{"@id":"https:\/\/zonacaral.gob.pe\/es\/noticias\/regala-a-papa-un-viaje-a-caral-y-a-vichama\/#primaryimage"},"thumbnailUrl":"https:\/\/zonacaral.gob.pe\/wp-content\/uploads\/2025\/06\/viajepadre.jpg","datePublished":"2025-06-11T15:22:31+00:00","author":{"@id":"https:\/\/zonacaral.gob.pe\/es\/#\/schema\/person\/beddb4d22f71a7230c5b90913270a0ee"},"description":"Este domingo, 15 de junio, en el D\u00eda del Padre, el programa Viajes Culturales de la Zona Arqueol\u00f3gica Caral, Unidad Ejecutora 003 del Ministerio de Cultura, te lleva a conocer la Ciudad Sagrada de Caral-Supe, Patrimonio Mundial, y Vuchama, ciudad agropesquera, en un paseo de todo un d\u00eda.","breadcrumb":{"@id":"https:\/\/zonacaral.gob.pe\/es\/noticias\/regala-a-papa-un-viaje-a-caral-y-a-vichama\/#breadcrumb"},"inLanguage":"es-PE","potentialAction":[{"@type":"ReadAction","target":["https:\/\/zonacaral.gob.pe\/es\/noticias\/regala-a-papa-un-viaje-a-caral-y-a-vichama\/"]}]},{"@type":"ImageObject","inLanguage":"es-PE","@id":"https:\/\/zonacaral.gob.pe\/es\/noticias\/regala-a-papa-un-viaje-a-caral-y-a-vichama\/#primaryimage","url":"https:\/\/zonacaral.gob.pe\/wp-content\/uploads\/2025\/06\/viajepadre.jpg","contentUrl":"https:\/\/zonacaral.gob.pe\/wp-content\/uploads\/2025\/06\/viajepadre.jpg","width":1920,"height":1080},{"@type":"BreadcrumbList","@id":"https:\/\/zonacaral.gob.pe\/es\/noticias\/regala-a-papa-un-viaje-a-caral-y-a-vichama\/#breadcrumb","itemListElement":[{"@type":"ListItem","position":1,"name":"Portada","item":"https:\/\/zonacaral.gob.pe\/"},{"@type":"ListItem","position":2,"name":"Regala a Pap\u00e1 un viaje a Caral y a Vichama"}]},{"@type":"WebSite","@id":"https:\/\/zonacaral.gob.pe\/es\/#website","url":"https:\/\/zonacaral.gob.pe\/es\/","name":"Zona Caral","description":"Investigamos, conservamos y difundimos el patrimonio cultural de la Civilizaci\u00f3n Caral, la m\u00e1s antigua de Am\u00e9rica.","potentialAction":[{"@type":"SearchAction","target":{"@type":"EntryPoint","urlTemplate":"https:\/\/zonacaral.gob.pe\/es\/?s={search_term_string}"},"query-input":{"@type":"PropertyValueSpecification","valueRequired":true,"valueName":"search_term_string"}}],"inLanguage":"es-PE"},{"@type":"Person","@id":"https:\/\/zonacaral.gob.pe\/es\/#\/schema\/person\/beddb4d22f71a7230c5b90913270a0ee","name":"Zona Caral Administrador","image":{"@type":"ImageObject","inLanguage":"es-PE","@id":"https:\/\/secure.gravatar.com\/avatar\/e4be162918a696358376de6446614e0f0f4062bdc5d170d6d540ada3d8b58c12?s=96&d=mm&r=g","url":"https:\/\/secure.gravatar.com\/avatar\/e4be162918a696358376de6446614e0f0f4062bdc5d170d6d540ada3d8b58c12?s=96&d=mm&r=g","contentUrl":"https:\/\/secure.gravatar.com\/avatar\/e4be162918a696358376de6446614e0f0f4062bdc5d170d6d540ada3d8b58c12?s=96&d=mm&r=g","caption":"Zona Caral Administrador"},"sameAs":["https:\/\/zonacaral.gob.pe"],"url":"https:\/\/zonacaral.gob.pe\/es\/noticias\/author\/ad_zonacaral\/"}]}},"_links":{"self":[{"href":"https:\/\/zonacaral.gob.pe\/es\/wp-json\/wp\/v2\/posts\/18437","targetHints":{"allow":["GET"]}}],"collection":[{"href":"https:\/\/zonacaral.gob.pe\/es\/wp-json\/wp\/v2\/posts"}],"about":[{"href":"https:\/\/zonacaral.gob.pe\/es\/wp-json\/wp\/v2\/types\/post"}],"author":[{"embeddable":true,"href":"https:\/\/zonacaral.gob.pe\/es\/wp-json\/wp\/v2\/users\/1"}],"replies":[{"embeddable":true,"href":"https:\/\/zonacaral.gob.pe\/es\/wp-json\/wp\/v2\/comments?post=18437"}],"version-history":[{"count":0,"href":"https:\/\/zonacaral.gob.pe\/es\/wp-json\/wp\/v2\/posts\/18437\/revisions"}],"wp:featuredmedia":[{"embeddable":true,"href":"https:\/\/zonacaral.gob.pe\/es\/wp-json\/wp\/v2\/media\/18438"}],"wp:attachment":[{"href":"https:\/\/zonacaral.gob.pe\/es\/wp-json\/wp\/v2\/media?parent=18437"}],"wp:term":[{"taxonomy":"category","embeddable":true,"href":"https:\/\/zonacaral.gob.pe\/es\/wp-json\/wp\/v2\/categories?post=18437"},{"taxonomy":"post_tag","embeddable":true,"href":"https:\/\/zonacaral.gob.pe\/es\/wp-json\/wp\/v2\/tags?post=18437"}],"curies":[{"name":"wp","href":"https:\/\/api.w.org\/{rel}","templated":true}]}}