{"id":18444,"date":"2025-06-20T19:53:09","date_gmt":"2025-06-21T00:53:09","guid":{"rendered":"https:\/\/www.zonacaral.gob.pe\/?p=18444"},"modified":"2025-06-20T19:53:09","modified_gmt":"2025-06-21T00:53:09","slug":"ciudadana-japonesa-se-convierte-en-la-visitante-un-millon-en-la-ciudad-sagrada-de-caral","status":"publish","type":"post","link":"https:\/\/zonacaral.gob.pe\/es\/noticias\/ciudadana-japonesa-se-convierte-en-la-visitante-un-millon-en-la-ciudad-sagrada-de-caral\/","title":{"rendered":"Ciudadana japonesa se convierte en la visitante un mill\u00f3n en la Ciudad Sagrada de Caral"},"content":{"rendered":"<figure class=\"pic-autor\" style=\"color: #4d4d4d; text-align: justify;\"><\/figure>\n<div class=\"gmail_default\" style=\"text-align: justify;\">\n<blockquote>\n<p><span style=\"font-weight: 400;\">En el mes de aniversario de su inclusi\u00f3n en la Lista del Patrimonio Mundial.<\/span><\/p>\n<\/blockquote>\n<div>\n<p><span style=\"font-weight: 400;\">La ciudadana japonesa <\/span><b>Samaka Naguro<\/b><span style=\"font-weight: 400;\"> se convirti\u00f3 hoy en la visitante un mill\u00f3n en llegar a la <\/span><a href=\"https:\/\/whc.unesco.org\/es\/list\/1269\"><span style=\"font-weight: 400;\">Ciudad Sagrada de Caral-Supe<\/span><\/a><span style=\"font-weight: 400;\">, <\/span><a href=\"https:\/\/whc.unesco.org\/es\/list\/1269\"><span style=\"font-weight: 400;\">Patrimonio Mundial<\/span><\/a><span style=\"font-weight: 400;\">, ubicada en el valle de Supe, provincia de Barranca. Este emblem\u00e1tico sitio arqueol\u00f3gico es considerado el principal centro urbano de la Civilizaci\u00f3n Caral (3000 \u2013 1800 a. C.).<\/span><\/p>\n<p><span style=\"font-weight: 400;\">El equipo de la <\/span><a href=\"https:\/\/www.instagram.com\/caralperu\/\"><span style=\"font-weight: 400;\">Zona Arqueol\u00f3gica Caral<\/span><\/a><span style=\"font-weight: 400;\"> (ZAC), Unidad Ejecutora 003 del Ministerio de Cultura, recibi\u00f3 a la visitante entre aplausos y obsequios: \u201cHoy es un d\u00eda muy importante para nosotros. Gracias por tu visita en nombre de la doctora Ruth Shady Sol\u00eds, principal investigadora de Caral\u201d, expres\u00f3 la se\u00f1ora Rosa Mendoza, representante de la ZAC.<\/span><\/p>\n<p><span style=\"font-weight: 400;\">Por su lado, Samaka dijo sentirse emocionada y honrada con la c\u00e1lida bienvenida. Cont\u00f3 que lleg\u00f3 acompa\u00f1ada de amigos, tras visitar otros sitios en la ciudad de Lima. \u201cMe fascin\u00f3 conocer la historia tan antigua del Per\u00fa y espero que Caral sea m\u00e1s promovida\u201d, sostuvo.<\/span><\/p>\n<p><span style=\"font-weight: 400;\">Cabe recordar que, tras a\u00f1os de investigaciones y labores de conservaci\u00f3n iniciadas en 1994 por el equipo multidisciplinario dirigido por la <\/span><a href=\"https:\/\/www.facebook.com\/share\/v\/195BKS5f9o\/\"><span style=\"font-weight: 400;\">doctora Dra. Ruth Shady<\/span><\/a><span style=\"font-weight: 400;\">, la Ciudad Sagrada de Caral-Supe abri\u00f3 sus puertas al turismo nacional e internacional en enero de 2003, con el fin de difundir la historia social y cultural del desarrollo de la primera civilizaci\u00f3n de Am\u00e9rica.<\/span><\/p>\n<p><span style=\"font-weight: 400;\">En la Ciudad Sagrada de Caral-Supe destacan sus monumentales edificios piramidales construidos en armon\u00eda con la naturaleza. En ellas construyeron escaleras centrales que conducen a la cima donde se encontraban los recintos sagrados conocidos como \u201caltares sagrados\u201d, espacios donde se ejecutaban sus ceremonias m\u00e1s importantes. Asimismo, se han hallado evidencias de avanzados conocimientos en ciencia y tecnolog\u00eda, que demostrar\u00eda la existencia de expertos en arquitectura, ingenier\u00eda, astronom\u00eda, agricultura, entre otros campos.<\/span><\/p>\n<p><span style=\"font-weight: 400;\">La <\/span><a href=\"https:\/\/www.zonacaral.gob.pe\/ruta-caral\/ciudad-sagrada-de-caral.html\"><span style=\"font-weight: 400;\">Ciudad Sagrada de Caral-Supe<\/span><\/a><span style=\"font-weight: 400;\"> se ubica a la altura del kil\u00f3metro 184 de la Panamericana Norte, a cuatro horas de Lima. Est\u00e1 conformada por una zona nuclear con 32 edificios p\u00fablicos, conjuntos residenciales y dos zonas perif\u00e9ricas, una de las cuales limita con el valle de Supe. Ocupa un espacio aproximado de 68 hect\u00e1reas.<\/span><\/p>\n<p><span style=\"font-weight: 400;\">En esta ciudad se desarrollaron diversas actividades sociales, culturales y econ\u00f3micas, en coordinaci\u00f3n con las autoridades sociopol\u00edticas de otros centros urbanos y comunidades.<\/span><\/p>\n<p><b>Reconocimientos<\/b><\/p>\n<p><span style=\"font-weight: 400;\">La Ciudad Sagrada de Caral-Supe ha sido reconocida como la primera ciudad sostenible de Am\u00e9rica, pionera en integraci\u00f3n social y cuna de las culturas andinas.<\/span><\/p>\n<p><span style=\"font-weight: 400;\">El Ministerio de Comercio Exterior y Turismo (Mincetur) la declar\u00f3 Recurso Tur\u00edstico de Jerarqu\u00eda 4, por su valor excepcional y gran relevancia para el turismo internacional. Tambi\u00e9n ha recibido el sello internacional Safe Travels y, durante tres a\u00f1os consecutivos, fue reconocida por TripAdvisor como \u201cDestino de Excelencia\u201d.<\/span><\/p>\n<p><b>Patrimonio Mundial<\/b><\/p>\n<p><span style=\"font-weight: 400;\">Este mes, la Ciudad Sagrada de Caral-Supe celebra un nuevo aniversario de su inscripci\u00f3n en la Lista de Patrimonio Mundial de la UNESCO. La designaci\u00f3n fue aprobada por unanimidad el 28 de junio del 2009, mediante la <\/span><a href=\"https:\/\/whc.unesco.org\/en\/decisions\/1982\"><span style=\"font-weight: 400;\">Decisi\u00f3n 33 COM 8B.38<\/span><\/a><span style=\"font-weight: 400;\">, durante la <\/span><b>33\u00aa Sesi\u00f3n del Comit\u00e9 de Patrimonio Mundial, <\/b><span style=\"font-weight: 400;\">realizada en <\/span><b>Sevilla, Espa\u00f1a<\/b><span style=\"font-weight: 400;\"> y oficializada el 30 de junio del mismo a\u00f1o.<\/span><\/p>\n<p><b>DATO<\/b><\/p>\n<p><span style=\"font-weight: 400;\">Visita la Ciudad Sagrada de Caral-Supe, as\u00ed como los sitios arqueol\u00f3gicos <\/span><a href=\"https:\/\/www.zonacaral.gob.pe\/ruta-caral\/aspero.html\"><span style=\"font-weight: 400;\">\u00c1spero<\/span><\/a><span style=\"font-weight: 400;\">, <\/span><a href=\"https:\/\/www.zonacaral.gob.pe\/ruta-caral\/vichama.html\"><span style=\"font-weight: 400;\">Vichama<\/span><\/a><span style=\"font-weight: 400;\"> y <\/span><a href=\"https:\/\/www.zonacaral.gob.pe\/ruta-caral\/penico.html\"><span style=\"font-weight: 400;\">Pe\u00f1ico<\/span><\/a><span style=\"font-weight: 400;\">, de lunes a domingo, de 9:00 a. m. a 4:00 p. m. Tambi\u00e9n puedes recorrer la Ruta Caral, con el programa <\/span><a href=\"https:\/\/www.zonacaral.gob.pe\/ruta-caral\/viajes-culturales.html\"><span style=\"font-weight: 400;\">Viajes Culturales<\/span><\/a><span style=\"font-weight: 400;\"> de la Zona Arqueol\u00f3gica Caral. M\u00e1s informaci\u00f3n al: 955 881 340.<\/span><\/p>\n<\/div>\n<p><strong style=\"font-size: inherit; text-align: justify;\">Fuente: Comunicaci\u00f3n e Imagen Institucional ZAC<\/strong><\/p>\n<\/div>\n<div style=\"color: #1f1f1f;\">\n<div style=\"color: #1f1f1f;\">\n<p style=\"text-align: justify;\">Fecha de publicaci\u00f3n: 20\/06\/2025<\/p>\n<\/div>\n<\/div>\n\n\n<p><\/p>\n","protected":false},"excerpt":{"rendered":"<p>En el mes de aniversario de su inclusi\u00f3n en la Lista del Patrimonio Mundial. La ciudadana japonesa Samaka Naguro se [&hellip;]<\/p>\n","protected":false},"author":1,"featured_media":18446,"comment_status":"closed","ping_status":"open","sticky":false,"template":"","format":"standard","meta":{"_acf_changed":false,"site-sidebar-layout":"default","site-content-layout":"","ast-site-content-layout":"default","site-content-style":"default","site-sidebar-style":"default","ast-global-header-display":"","ast-banner-title-visibility":"","ast-main-header-display":"","ast-hfb-above-header-display":"","ast-hfb-below-header-display":"","ast-hfb-mobile-header-display":"","site-post-title":"","ast-breadcrumbs-content":"","ast-featured-img":"","footer-sml-layout":"","ast-disable-related-posts":"","theme-transparent-header-meta":"","adv-header-id-meta":"","stick-header-meta":"","header-above-stick-meta":"","header-main-stick-meta":"","header-below-stick-meta":"","astra-migrate-meta-layouts":"default","ast-page-background-enabled":"default","ast-page-background-meta":{"desktop":{"background-color":"var(--ast-global-color-5)","background-image":"","background-repeat":"repeat","background-position":"center center","background-size":"auto","background-attachment":"scroll","background-type":"","background-media":"","overlay-type":"","overlay-color":"","overlay-opacity":"","overlay-gradient":""},"tablet":{"background-color":"","background-image":"","background-repeat":"repeat","background-position":"center center","background-size":"auto","background-attachment":"scroll","background-type":"","background-media":"","overlay-type":"","overlay-color":"","overlay-opacity":"","overlay-gradient":""},"mobile":{"background-color":"","background-image":"","background-repeat":"repeat","background-position":"center center","background-size":"auto","background-attachment":"scroll","background-type":"","background-media":"","overlay-type":"","overlay-color":"","overlay-opacity":"","overlay-gradient":""}},"ast-content-background-meta":{"desktop":{"background-color":"var(--ast-global-color-4)","background-image":"","background-repeat":"repeat","background-position":"center center","background-size":"auto","background-attachment":"scroll","background-type":"","background-media":"","overlay-type":"","overlay-color":"","overlay-opacity":"","overlay-gradient":""},"tablet":{"background-color":"var(--ast-global-color-4)","background-image":"","background-repeat":"repeat","background-position":"center center","background-size":"auto","background-attachment":"scroll","background-type":"","background-media":"","overlay-type":"","overlay-color":"","overlay-opacity":"","overlay-gradient":""},"mobile":{"background-color":"var(--ast-global-color-4)","background-image":"","background-repeat":"repeat","background-position":"center center","background-size":"auto","background-attachment":"scroll","background-type":"","background-media":"","overlay-type":"","overlay-color":"","overlay-opacity":"","overlay-gradient":""}},"footnotes":""},"categories":[208],"tags":[55,72],"class_list":["post-18444","post","type-post","status-publish","format-standard","has-post-thumbnail","hentry","category-noticias","tag-caral","tag-cultura"],"acf":[],"yoast_head":"<!-- This site is optimized with the Yoast SEO plugin v27.3 - https:\/\/yoast.com\/product\/yoast-seo-wordpress\/ -->\n<title>Ciudadana japonesa se convierte en la visitante un mill\u00f3n en la Ciudad Sagrada de Caral<\/title>\n<meta name=\"description\" content=\"La ciudadana japonesa Samaka Naguro se convirti\u00f3 hoy en la visitante un mill\u00f3n en llegar a la Ciudad Sagrada de Caral-Supe, Patrimonio Mundial, ubicada en el valle de Supe, provincia de Barranca. Este emblem\u00e1tico sitio arqueol\u00f3gico es considerado el principal centro urbano de la Civilizaci\u00f3n Caral (3000 \u2013 1800 a. C.).\" \/>\n<meta name=\"robots\" content=\"index, follow, max-snippet:-1, max-image-preview:large, max-video-preview:-1\" \/>\n<link rel=\"canonical\" href=\"https:\/\/zonacaral.gob.pe\/es\/noticias\/ciudadana-japonesa-se-convierte-en-la-visitante-un-millon-en-la-ciudad-sagrada-de-caral\/\" \/>\n<meta property=\"og:locale\" content=\"es_ES\" \/>\n<meta property=\"og:type\" content=\"article\" \/>\n<meta property=\"og:title\" content=\"Ciudadana japonesa se convierte en la visitante un mill\u00f3n en la Ciudad Sagrada de Caral\" \/>\n<meta property=\"og:description\" content=\"La ciudadana japonesa Samaka Naguro se convirti\u00f3 hoy en la visitante un mill\u00f3n en llegar a la Ciudad Sagrada de Caral-Supe, Patrimonio Mundial, ubicada en el valle de Supe, provincia de Barranca. Este emblem\u00e1tico sitio arqueol\u00f3gico es considerado el principal centro urbano de la Civilizaci\u00f3n Caral (3000 \u2013 1800 a. C.).\" \/>\n<meta property=\"og:url\" content=\"https:\/\/zonacaral.gob.pe\/es\/noticias\/ciudadana-japonesa-se-convierte-en-la-visitante-un-millon-en-la-ciudad-sagrada-de-caral\/\" \/>\n<meta property=\"og:site_name\" content=\"Zona Caral\" \/>\n<meta property=\"article:published_time\" content=\"2025-06-21T00:53:09+00:00\" \/>\n<meta property=\"og:image\" content=\"https:\/\/zonacaral.gob.pe\/wp-content\/uploads\/2025\/06\/visitaunmillon.jpg\" \/>\n\t<meta property=\"og:image:width\" content=\"1920\" \/>\n\t<meta property=\"og:image:height\" content=\"1080\" \/>\n\t<meta property=\"og:image:type\" content=\"image\/jpeg\" \/>\n<meta name=\"author\" content=\"Zona Caral Administrador\" \/>\n<meta name=\"twitter:card\" content=\"summary_large_image\" \/>\n<meta name=\"twitter:label1\" content=\"Written by\" \/>\n\t<meta name=\"twitter:data1\" content=\"Zona Caral Administrador\" \/>\n\t<meta name=\"twitter:label2\" content=\"Est. reading time\" \/>\n\t<meta name=\"twitter:data2\" content=\"3 minutos\" \/>\n<script type=\"application\/ld+json\" class=\"yoast-schema-graph\">{\"@context\":\"https:\\\/\\\/schema.org\",\"@graph\":[{\"@type\":\"Article\",\"@id\":\"https:\\\/\\\/zonacaral.gob.pe\\\/es\\\/noticias\\\/ciudadana-japonesa-se-convierte-en-la-visitante-un-millon-en-la-ciudad-sagrada-de-caral\\\/#article\",\"isPartOf\":{\"@id\":\"https:\\\/\\\/zonacaral.gob.pe\\\/es\\\/noticias\\\/ciudadana-japonesa-se-convierte-en-la-visitante-un-millon-en-la-ciudad-sagrada-de-caral\\\/\"},\"author\":{\"name\":\"Zona Caral Administrador\",\"@id\":\"https:\\\/\\\/zonacaral.gob.pe\\\/es\\\/#\\\/schema\\\/person\\\/beddb4d22f71a7230c5b90913270a0ee\"},\"headline\":\"Ciudadana japonesa se convierte en la visitante un mill\u00f3n en la Ciudad Sagrada de Caral\",\"datePublished\":\"2025-06-21T00:53:09+00:00\",\"mainEntityOfPage\":{\"@id\":\"https:\\\/\\\/zonacaral.gob.pe\\\/es\\\/noticias\\\/ciudadana-japonesa-se-convierte-en-la-visitante-un-millon-en-la-ciudad-sagrada-de-caral\\\/\"},\"wordCount\":617,\"image\":{\"@id\":\"https:\\\/\\\/zonacaral.gob.pe\\\/es\\\/noticias\\\/ciudadana-japonesa-se-convierte-en-la-visitante-un-millon-en-la-ciudad-sagrada-de-caral\\\/#primaryimage\"},\"thumbnailUrl\":\"https:\\\/\\\/zonacaral.gob.pe\\\/wp-content\\\/uploads\\\/2025\\\/06\\\/visitaunmillon.jpg\",\"keywords\":[\"caral\",\"Cultura\"],\"articleSection\":[\"noticias\"],\"inLanguage\":\"es-PE\"},{\"@type\":\"WebPage\",\"@id\":\"https:\\\/\\\/zonacaral.gob.pe\\\/es\\\/noticias\\\/ciudadana-japonesa-se-convierte-en-la-visitante-un-millon-en-la-ciudad-sagrada-de-caral\\\/\",\"url\":\"https:\\\/\\\/zonacaral.gob.pe\\\/es\\\/noticias\\\/ciudadana-japonesa-se-convierte-en-la-visitante-un-millon-en-la-ciudad-sagrada-de-caral\\\/\",\"name\":\"Ciudadana japonesa se convierte en la visitante un mill\u00f3n en la Ciudad Sagrada de Caral\",\"isPartOf\":{\"@id\":\"https:\\\/\\\/zonacaral.gob.pe\\\/es\\\/#website\"},\"primaryImageOfPage\":{\"@id\":\"https:\\\/\\\/zonacaral.gob.pe\\\/es\\\/noticias\\\/ciudadana-japonesa-se-convierte-en-la-visitante-un-millon-en-la-ciudad-sagrada-de-caral\\\/#primaryimage\"},\"image\":{\"@id\":\"https:\\\/\\\/zonacaral.gob.pe\\\/es\\\/noticias\\\/ciudadana-japonesa-se-convierte-en-la-visitante-un-millon-en-la-ciudad-sagrada-de-caral\\\/#primaryimage\"},\"thumbnailUrl\":\"https:\\\/\\\/zonacaral.gob.pe\\\/wp-content\\\/uploads\\\/2025\\\/06\\\/visitaunmillon.jpg\",\"datePublished\":\"2025-06-21T00:53:09+00:00\",\"author\":{\"@id\":\"https:\\\/\\\/zonacaral.gob.pe\\\/es\\\/#\\\/schema\\\/person\\\/beddb4d22f71a7230c5b90913270a0ee\"},\"description\":\"La ciudadana japonesa Samaka Naguro se convirti\u00f3 hoy en la visitante un mill\u00f3n en llegar a la Ciudad Sagrada de Caral-Supe, Patrimonio Mundial, ubicada en el valle de Supe, provincia de Barranca. Este emblem\u00e1tico sitio arqueol\u00f3gico es considerado el principal centro urbano de la Civilizaci\u00f3n Caral (3000 \u2013 1800 a. C.).\",\"breadcrumb\":{\"@id\":\"https:\\\/\\\/zonacaral.gob.pe\\\/es\\\/noticias\\\/ciudadana-japonesa-se-convierte-en-la-visitante-un-millon-en-la-ciudad-sagrada-de-caral\\\/#breadcrumb\"},\"inLanguage\":\"es-PE\",\"potentialAction\":[{\"@type\":\"ReadAction\",\"target\":[\"https:\\\/\\\/zonacaral.gob.pe\\\/es\\\/noticias\\\/ciudadana-japonesa-se-convierte-en-la-visitante-un-millon-en-la-ciudad-sagrada-de-caral\\\/\"]}]},{\"@type\":\"ImageObject\",\"inLanguage\":\"es-PE\",\"@id\":\"https:\\\/\\\/zonacaral.gob.pe\\\/es\\\/noticias\\\/ciudadana-japonesa-se-convierte-en-la-visitante-un-millon-en-la-ciudad-sagrada-de-caral\\\/#primaryimage\",\"url\":\"https:\\\/\\\/zonacaral.gob.pe\\\/wp-content\\\/uploads\\\/2025\\\/06\\\/visitaunmillon.jpg\",\"contentUrl\":\"https:\\\/\\\/zonacaral.gob.pe\\\/wp-content\\\/uploads\\\/2025\\\/06\\\/visitaunmillon.jpg\",\"width\":1920,\"height\":1080},{\"@type\":\"BreadcrumbList\",\"@id\":\"https:\\\/\\\/zonacaral.gob.pe\\\/es\\\/noticias\\\/ciudadana-japonesa-se-convierte-en-la-visitante-un-millon-en-la-ciudad-sagrada-de-caral\\\/#breadcrumb\",\"itemListElement\":[{\"@type\":\"ListItem\",\"position\":1,\"name\":\"Portada\",\"item\":\"https:\\\/\\\/zonacaral.gob.pe\\\/\"},{\"@type\":\"ListItem\",\"position\":2,\"name\":\"Ciudadana japonesa se convierte en la visitante un mill\u00f3n en la Ciudad Sagrada de Caral\"}]},{\"@type\":\"WebSite\",\"@id\":\"https:\\\/\\\/zonacaral.gob.pe\\\/es\\\/#website\",\"url\":\"https:\\\/\\\/zonacaral.gob.pe\\\/es\\\/\",\"name\":\"Zona Caral\",\"description\":\"Investigamos, conservamos y difundimos el patrimonio cultural de la Civilizaci\u00f3n Caral, la m\u00e1s antigua de Am\u00e9rica.\",\"potentialAction\":[{\"@type\":\"SearchAction\",\"target\":{\"@type\":\"EntryPoint\",\"urlTemplate\":\"https:\\\/\\\/zonacaral.gob.pe\\\/es\\\/?s={search_term_string}\"},\"query-input\":{\"@type\":\"PropertyValueSpecification\",\"valueRequired\":true,\"valueName\":\"search_term_string\"}}],\"inLanguage\":\"es-PE\"},{\"@type\":\"Person\",\"@id\":\"https:\\\/\\\/zonacaral.gob.pe\\\/es\\\/#\\\/schema\\\/person\\\/beddb4d22f71a7230c5b90913270a0ee\",\"name\":\"Zona Caral Administrador\",\"image\":{\"@type\":\"ImageObject\",\"inLanguage\":\"es-PE\",\"@id\":\"https:\\\/\\\/secure.gravatar.com\\\/avatar\\\/e4be162918a696358376de6446614e0f0f4062bdc5d170d6d540ada3d8b58c12?s=96&d=mm&r=g\",\"url\":\"https:\\\/\\\/secure.gravatar.com\\\/avatar\\\/e4be162918a696358376de6446614e0f0f4062bdc5d170d6d540ada3d8b58c12?s=96&d=mm&r=g\",\"contentUrl\":\"https:\\\/\\\/secure.gravatar.com\\\/avatar\\\/e4be162918a696358376de6446614e0f0f4062bdc5d170d6d540ada3d8b58c12?s=96&d=mm&r=g\",\"caption\":\"Zona Caral Administrador\"},\"sameAs\":[\"https:\\\/\\\/zonacaral.gob.pe\"],\"url\":\"https:\\\/\\\/zonacaral.gob.pe\\\/es\\\/noticias\\\/author\\\/ad_zonacaral\\\/\"}]}<\/script>\n<!-- \/ Yoast SEO plugin. -->","yoast_head_json":{"title":"Ciudadana japonesa se convierte en la visitante un mill\u00f3n en la Ciudad Sagrada de Caral","description":"La ciudadana japonesa Samaka Naguro se convirti\u00f3 hoy en la visitante un mill\u00f3n en llegar a la Ciudad Sagrada de Caral-Supe, Patrimonio Mundial, ubicada en el valle de Supe, provincia de Barranca. Este emblem\u00e1tico sitio arqueol\u00f3gico es considerado el principal centro urbano de la Civilizaci\u00f3n Caral (3000 \u2013 1800 a. C.).","robots":{"index":"index","follow":"follow","max-snippet":"max-snippet:-1","max-image-preview":"max-image-preview:large","max-video-preview":"max-video-preview:-1"},"canonical":"https:\/\/zonacaral.gob.pe\/es\/noticias\/ciudadana-japonesa-se-convierte-en-la-visitante-un-millon-en-la-ciudad-sagrada-de-caral\/","og_locale":"es_ES","og_type":"article","og_title":"Ciudadana japonesa se convierte en la visitante un mill\u00f3n en la Ciudad Sagrada de Caral","og_description":"La ciudadana japonesa Samaka Naguro se convirti\u00f3 hoy en la visitante un mill\u00f3n en llegar a la Ciudad Sagrada de Caral-Supe, Patrimonio Mundial, ubicada en el valle de Supe, provincia de Barranca. Este emblem\u00e1tico sitio arqueol\u00f3gico es considerado el principal centro urbano de la Civilizaci\u00f3n Caral (3000 \u2013 1800 a. C.).","og_url":"https:\/\/zonacaral.gob.pe\/es\/noticias\/ciudadana-japonesa-se-convierte-en-la-visitante-un-millon-en-la-ciudad-sagrada-de-caral\/","og_site_name":"Zona Caral","article_published_time":"2025-06-21T00:53:09+00:00","og_image":[{"width":1920,"height":1080,"url":"https:\/\/zonacaral.gob.pe\/wp-content\/uploads\/2025\/06\/visitaunmillon.jpg","type":"image\/jpeg"}],"author":"Zona Caral Administrador","twitter_card":"summary_large_image","twitter_misc":{"Written by":"Zona Caral Administrador","Est. reading time":"3 minutos"},"schema":{"@context":"https:\/\/schema.org","@graph":[{"@type":"Article","@id":"https:\/\/zonacaral.gob.pe\/es\/noticias\/ciudadana-japonesa-se-convierte-en-la-visitante-un-millon-en-la-ciudad-sagrada-de-caral\/#article","isPartOf":{"@id":"https:\/\/zonacaral.gob.pe\/es\/noticias\/ciudadana-japonesa-se-convierte-en-la-visitante-un-millon-en-la-ciudad-sagrada-de-caral\/"},"author":{"name":"Zona Caral Administrador","@id":"https:\/\/zonacaral.gob.pe\/es\/#\/schema\/person\/beddb4d22f71a7230c5b90913270a0ee"},"headline":"Ciudadana japonesa se convierte en la visitante un mill\u00f3n en la Ciudad Sagrada de Caral","datePublished":"2025-06-21T00:53:09+00:00","mainEntityOfPage":{"@id":"https:\/\/zonacaral.gob.pe\/es\/noticias\/ciudadana-japonesa-se-convierte-en-la-visitante-un-millon-en-la-ciudad-sagrada-de-caral\/"},"wordCount":617,"image":{"@id":"https:\/\/zonacaral.gob.pe\/es\/noticias\/ciudadana-japonesa-se-convierte-en-la-visitante-un-millon-en-la-ciudad-sagrada-de-caral\/#primaryimage"},"thumbnailUrl":"https:\/\/zonacaral.gob.pe\/wp-content\/uploads\/2025\/06\/visitaunmillon.jpg","keywords":["caral","Cultura"],"articleSection":["noticias"],"inLanguage":"es-PE"},{"@type":"WebPage","@id":"https:\/\/zonacaral.gob.pe\/es\/noticias\/ciudadana-japonesa-se-convierte-en-la-visitante-un-millon-en-la-ciudad-sagrada-de-caral\/","url":"https:\/\/zonacaral.gob.pe\/es\/noticias\/ciudadana-japonesa-se-convierte-en-la-visitante-un-millon-en-la-ciudad-sagrada-de-caral\/","name":"Ciudadana japonesa se convierte en la visitante un mill\u00f3n en la Ciudad Sagrada de Caral","isPartOf":{"@id":"https:\/\/zonacaral.gob.pe\/es\/#website"},"primaryImageOfPage":{"@id":"https:\/\/zonacaral.gob.pe\/es\/noticias\/ciudadana-japonesa-se-convierte-en-la-visitante-un-millon-en-la-ciudad-sagrada-de-caral\/#primaryimage"},"image":{"@id":"https:\/\/zonacaral.gob.pe\/es\/noticias\/ciudadana-japonesa-se-convierte-en-la-visitante-un-millon-en-la-ciudad-sagrada-de-caral\/#primaryimage"},"thumbnailUrl":"https:\/\/zonacaral.gob.pe\/wp-content\/uploads\/2025\/06\/visitaunmillon.jpg","datePublished":"2025-06-21T00:53:09+00:00","author":{"@id":"https:\/\/zonacaral.gob.pe\/es\/#\/schema\/person\/beddb4d22f71a7230c5b90913270a0ee"},"description":"La ciudadana japonesa Samaka Naguro se convirti\u00f3 hoy en la visitante un mill\u00f3n en llegar a la Ciudad Sagrada de Caral-Supe, Patrimonio Mundial, ubicada en el valle de Supe, provincia de Barranca. Este emblem\u00e1tico sitio arqueol\u00f3gico es considerado el principal centro urbano de la Civilizaci\u00f3n Caral (3000 \u2013 1800 a. C.).","breadcrumb":{"@id":"https:\/\/zonacaral.gob.pe\/es\/noticias\/ciudadana-japonesa-se-convierte-en-la-visitante-un-millon-en-la-ciudad-sagrada-de-caral\/#breadcrumb"},"inLanguage":"es-PE","potentialAction":[{"@type":"ReadAction","target":["https:\/\/zonacaral.gob.pe\/es\/noticias\/ciudadana-japonesa-se-convierte-en-la-visitante-un-millon-en-la-ciudad-sagrada-de-caral\/"]}]},{"@type":"ImageObject","inLanguage":"es-PE","@id":"https:\/\/zonacaral.gob.pe\/es\/noticias\/ciudadana-japonesa-se-convierte-en-la-visitante-un-millon-en-la-ciudad-sagrada-de-caral\/#primaryimage","url":"https:\/\/zonacaral.gob.pe\/wp-content\/uploads\/2025\/06\/visitaunmillon.jpg","contentUrl":"https:\/\/zonacaral.gob.pe\/wp-content\/uploads\/2025\/06\/visitaunmillon.jpg","width":1920,"height":1080},{"@type":"BreadcrumbList","@id":"https:\/\/zonacaral.gob.pe\/es\/noticias\/ciudadana-japonesa-se-convierte-en-la-visitante-un-millon-en-la-ciudad-sagrada-de-caral\/#breadcrumb","itemListElement":[{"@type":"ListItem","position":1,"name":"Portada","item":"https:\/\/zonacaral.gob.pe\/"},{"@type":"ListItem","position":2,"name":"Ciudadana japonesa se convierte en la visitante un mill\u00f3n en la Ciudad Sagrada de Caral"}]},{"@type":"WebSite","@id":"https:\/\/zonacaral.gob.pe\/es\/#website","url":"https:\/\/zonacaral.gob.pe\/es\/","name":"Zona Caral","description":"Investigamos, conservamos y difundimos el patrimonio cultural de la Civilizaci\u00f3n Caral, la m\u00e1s antigua de Am\u00e9rica.","potentialAction":[{"@type":"SearchAction","target":{"@type":"EntryPoint","urlTemplate":"https:\/\/zonacaral.gob.pe\/es\/?s={search_term_string}"},"query-input":{"@type":"PropertyValueSpecification","valueRequired":true,"valueName":"search_term_string"}}],"inLanguage":"es-PE"},{"@type":"Person","@id":"https:\/\/zonacaral.gob.pe\/es\/#\/schema\/person\/beddb4d22f71a7230c5b90913270a0ee","name":"Zona Caral Administrador","image":{"@type":"ImageObject","inLanguage":"es-PE","@id":"https:\/\/secure.gravatar.com\/avatar\/e4be162918a696358376de6446614e0f0f4062bdc5d170d6d540ada3d8b58c12?s=96&d=mm&r=g","url":"https:\/\/secure.gravatar.com\/avatar\/e4be162918a696358376de6446614e0f0f4062bdc5d170d6d540ada3d8b58c12?s=96&d=mm&r=g","contentUrl":"https:\/\/secure.gravatar.com\/avatar\/e4be162918a696358376de6446614e0f0f4062bdc5d170d6d540ada3d8b58c12?s=96&d=mm&r=g","caption":"Zona Caral Administrador"},"sameAs":["https:\/\/zonacaral.gob.pe"],"url":"https:\/\/zonacaral.gob.pe\/es\/noticias\/author\/ad_zonacaral\/"}]}},"_links":{"self":[{"href":"https:\/\/zonacaral.gob.pe\/es\/wp-json\/wp\/v2\/posts\/18444","targetHints":{"allow":["GET"]}}],"collection":[{"href":"https:\/\/zonacaral.gob.pe\/es\/wp-json\/wp\/v2\/posts"}],"about":[{"href":"https:\/\/zonacaral.gob.pe\/es\/wp-json\/wp\/v2\/types\/post"}],"author":[{"embeddable":true,"href":"https:\/\/zonacaral.gob.pe\/es\/wp-json\/wp\/v2\/users\/1"}],"replies":[{"embeddable":true,"href":"https:\/\/zonacaral.gob.pe\/es\/wp-json\/wp\/v2\/comments?post=18444"}],"version-history":[{"count":0,"href":"https:\/\/zonacaral.gob.pe\/es\/wp-json\/wp\/v2\/posts\/18444\/revisions"}],"wp:featuredmedia":[{"embeddable":true,"href":"https:\/\/zonacaral.gob.pe\/es\/wp-json\/wp\/v2\/media\/18446"}],"wp:attachment":[{"href":"https:\/\/zonacaral.gob.pe\/es\/wp-json\/wp\/v2\/media?parent=18444"}],"wp:term":[{"taxonomy":"category","embeddable":true,"href":"https:\/\/zonacaral.gob.pe\/es\/wp-json\/wp\/v2\/categories?post=18444"},{"taxonomy":"post_tag","embeddable":true,"href":"https:\/\/zonacaral.gob.pe\/es\/wp-json\/wp\/v2\/tags?post=18444"}],"curies":[{"name":"wp","href":"https:\/\/api.w.org\/{rel}","templated":true}]}}