{"id":18450,"date":"2025-06-24T15:14:11","date_gmt":"2025-06-24T20:14:11","guid":{"rendered":"https:\/\/www.zonacaral.gob.pe\/?p=18450"},"modified":"2025-06-24T15:14:11","modified_gmt":"2025-06-24T20:14:11","slug":"forbes-peru-ruth-shady-entre-las-50-mujeres-mas-poderosas-del-pais","status":"publish","type":"post","link":"https:\/\/zonacaral.gob.pe\/es\/noticias\/forbes-peru-ruth-shady-entre-las-50-mujeres-mas-poderosas-del-pais\/","title":{"rendered":"Forbes Per\u00fa: Ruth Shady entre las 50 mujeres m\u00e1s poderosas del pa\u00eds"},"content":{"rendered":"<figure class=\"pic-autor\" style=\"color: #4d4d4d; text-align: justify;\"><\/figure>\n<div class=\"gmail_default\" style=\"text-align: justify;\">\n<blockquote>\n<p><i><span style=\"font-weight: 400;\">Reconocimiento a la arqueolog\u00eda peruana.<\/span><\/i><\/p>\n<\/blockquote>\n<div>\n<p><span style=\"font-weight: 400;\">La <\/span><a href=\"https:\/\/www.facebook.com\/share\/v\/1Yi8V4eMmK\/\"><span style=\"font-weight: 400;\">doctora Ruth Shady Sol\u00eds<\/span><\/a><span style=\"font-weight: 400;\">, destacada arque\u00f3loga y principal investigadora de la Civilizaci\u00f3n Caral, ha sido incluida por segunda vez en la lista de \u201c<\/span><a href=\"https:\/\/forbes.pe\/mujeres-poderosas\/2025-06-18\/listado-forbes-conoce-a-las-50-mujeres-peruanas-mas-poderosas-de-2025\"><span style=\"font-weight: 400;\">Las 50 mujeres m\u00e1s poderosas del Per\u00fa en 2025<\/span><\/a><span style=\"font-weight: 400;\">\u201d, elaborada por la revista Forbes edici\u00f3n Per\u00fa. Este reconocimiento destaca su labor arqueol\u00f3gica en el \u00e1rea norcentral del pa\u00eds, especialmente tras el reciente hallazgo de un entierro en el asentamiento \u00c1spero, ubicado en el distrito Supe Puerto, provincia de Barranca.<\/span><\/p>\n<p><span style=\"font-weight: 400;\">\u201cLa directora de la <\/span><a href=\"https:\/\/www.instagram.com\/caralperu\/?hl=es\"><span style=\"font-weight: 400;\">Zona Arqueol\u00f3gica Caral<\/span><\/a><span style=\"font-weight: 400;\"> lidera desde hace m\u00e1s de tres d\u00e9cadas los trabajos de investigaci\u00f3n en el valle de Supe. Su equipo sum\u00f3 este a\u00f1o un nuevo hallazgo al encontrar el entierro de una mujer que evidencia el alto desarrollo en t\u00e9cnicas especializadas que tuvo Caral (3000-1800 a. C.). Shady, quien es docente en la Universidad Nacional Mayor de San Marcos, ha denunciado en reiteradas ocasiones amenazas por parte de traficantes de terrenos en la zona donde se llevan a cabo los trabajos arqueol\u00f3gicos\u201d, se\u00f1ala la publicaci\u00f3n digital de Forbes.<\/span><\/p>\n<p><span style=\"font-weight: 400;\">La lista de Forbes Per\u00fa tambi\u00e9n incluy\u00f3 a destacadas profesionales en campos como el deporte, la ciencia, el arte, los negocios, el management, la academia, la moda, entre otros. Todas ellas est\u00e1n derribando prejuicios, generando disrupciones en sus respectivas disciplinas y visibilizando el talento femenino nacional dentro y fuera del pa\u00eds.<\/span><\/p>\n<p><span style=\"font-weight: 400;\">\u201cLos criterios para seleccionar a los personajes fueron: poder duro (los recursos que administran, como ingresos o patrimonio neto), impacto (n\u00famero de colaboradores que tienen sus organizaciones o el tama\u00f1o de la poblaci\u00f3n que lideran), poder din\u00e1mico (audiencias, comunidades en las que impactan e influencia creativa) y poder blando (aquello que hacen con su influencia)\u201d, consignan en la nota difundida en<\/span><a href=\"https:\/\/forbes.pe\/mujeres-poderosas\/2025-06-16\/las-50-mujeres-mas-poderosas-de-peru-en-2025-ruth-shady\"><span style=\"font-weight: 400;\"> Forbes Per\u00fa<\/span><\/a><span style=\"font-weight: 400;\">.<\/span><\/p>\n<p><b>Reconocimientos previos<\/b><\/p>\n<p><span style=\"font-weight: 400;\">En 2020, la doctora Ruth Shady fue reconocida a nivel internacional al ser incluida en la lista de \u201c<\/span><a href=\"https:\/\/www.gob.pe\/institucion\/caral\/noticias\/315831-arqueologa-ruth-shady-integra-prestigiosa-lista-bbc-100-women\"><span style=\"font-weight: 400;\">Las 100 mujeres m\u00e1s inspiradoras e influyentes del mundo\u201d, elaborada por la cadena BBC<\/span><\/a><span style=\"font-weight: 400;\">. A lo largo de su carrera ha recibido diversos reconocimientos por su trayectoria, intelecto y aporte a la cultura peruana, otorgados por diferentes instituciones como la Municipalidad de Lima, el Gobierno Nacional (reconocimiento entregado por el ex presidente Francisco Sagasti), el Congreso de la Rep\u00fablica, as\u00ed como por universidades como la Universidad Nacional Mayor de San Marcos y la Universidad Federico Villarreal, entre otras.<\/span><\/p>\n<p><span style=\"font-weight: 400;\">Desde 1994, Shady Sol\u00eds ha investigado los antiguos centros urbanos de la civilizaci\u00f3n Caral. Actualmente, junto al equipo multidisciplinario de la Zona Arqueol\u00f3gica Caral (ZAC), desarrolla investigaciones en doce de los veinticinco asentamientos identificados. Estos sitios arqueol\u00f3gicos se ubican en los valles de Supe y Huaura, donde hace cinco mil a\u00f1os, durgi\u00f3 en completo aislamiento uno de los focos civilizatorios m\u00e1s antiguos y avanzados del mundo.&nbsp;<\/span><\/p>\n<p><b>\u00daltimo hallazgo en \u00c1spero<\/b><\/p>\n<p><span style=\"font-weight: 400;\">En abril de este a\u00f1o, durante una conferencia de prensa, se presentaron los resultados de dos d\u00e9cadas de investigaciones en \u00c1spero, ciudad pesquera de Caral, realizadas por el equipo de arque\u00f3logos de la Unidad Ejecutora 003 del Ministerio de Cultura: <\/span><a href=\"https:\/\/www.instagram.com\/caralperu\/?hl=es\"><span style=\"font-weight: 400;\">Zona Arqueol\u00f3gica Caral<\/span><\/a><span style=\"font-weight: 400;\">, bajo la direcci\u00f3n de la doctora Ruth Shady.<\/span><\/p>\n<p><span style=\"font-weight: 400;\">En este evento se anunci\u00f3 el hallazgo de un entierro excepcional: una ni\u00f1a de entre 8 y 10 a\u00f1os de edad, encontrada en el edificio p\u00fablico Huaca de los \u00cddolos. El cuerpo presenta un notable estado de conservaci\u00f3n por la preservaci\u00f3n de piel, cabello y u\u00f1as, algo poco frecuente en esta zona, donde usualmente solo se recuperan restos \u00f3seos.<\/span><\/p>\n<p><span style=\"font-weight: 400;\">Las ofrendas y el tratamiento funerario evidencian que se trataba de un personaje de alto estatus social, lo que refuerza el rol protag\u00f3nico de las mujeres en esta antigua sociedad andina.<\/span><\/p>\n<p><b>DATO<\/b><\/p>\n<p><span style=\"font-weight: 400;\">Para conocer de cerca el trabajo de la <\/span><a href=\"https:\/\/www.facebook.com\/share\/v\/1Yi8V4eMmK\/\"><span style=\"font-weight: 400;\">doctora Ruth Shady Sol\u00eds<\/span><\/a><span style=\"font-weight: 400;\"> y del equipo de la ZAC, se pueden visitar los sitios arqueol\u00f3gicos: <\/span><a href=\"https:\/\/www.zonacaral.gob.pe\/ruta-caral\/ciudad-sagrada-de-caral.html\"><span style=\"font-weight: 400;\">Ciudad Sagrada de Caral-Supe<\/span><\/a><span style=\"font-weight: 400;\">, Patrimonio Mundial, ubicado en el valle de Supe, y <\/span><a href=\"https:\/\/www.zonacaral.gob.pe\/ruta-caral\/aspero.html\"><span style=\"font-weight: 400;\">\u00c1spero<\/span><\/a><span style=\"font-weight: 400;\">, en el distrito de Supe Puerto, ambos en la provincia de Barranca; as\u00ed como <\/span><a href=\"https:\/\/www.zonacaral.gob.pe\/ruta-caral\/vichama.html\"><span style=\"font-weight: 400;\">Vichama<\/span><\/a><span style=\"font-weight: 400;\">, en el distrito de V\u00e9gueta, y <\/span><a href=\"https:\/\/www.zonacaral.gob.pe\/ruta-caral\/penico.html\"><span style=\"font-weight: 400;\">Pe\u00f1ico<\/span><\/a><span style=\"font-weight: 400;\">, ciudad de la integraci\u00f3n, ambos en la provincia de Huaura.<\/span><\/p>\n<\/div>\n<p><strong style=\"font-size: inherit; text-align: justify;\">Fuente: Comunicaci\u00f3n e Imagen Institucional ZAC<\/strong><\/p>\n<\/div>\n<div style=\"color: #1f1f1f;\">\n<div style=\"color: #1f1f1f;\">\n<p style=\"text-align: justify;\">Fecha de publicaci\u00f3n: 24\/06\/2025<\/p>\n<\/div>\n<\/div>\n\n\n<p><\/p>\n","protected":false},"excerpt":{"rendered":"<p>Reconocimiento a la arqueolog\u00eda peruana. La doctora Ruth Shady Sol\u00eds, destacada arque\u00f3loga y principal investigadora de la Civilizaci\u00f3n Caral, ha [&hellip;]<\/p>\n","protected":false},"author":1,"featured_media":18451,"comment_status":"closed","ping_status":"open","sticky":false,"template":"","format":"standard","meta":{"_acf_changed":false,"site-sidebar-layout":"default","site-content-layout":"","ast-site-content-layout":"default","site-content-style":"default","site-sidebar-style":"default","ast-global-header-display":"","ast-banner-title-visibility":"","ast-main-header-display":"","ast-hfb-above-header-display":"","ast-hfb-below-header-display":"","ast-hfb-mobile-header-display":"","site-post-title":"","ast-breadcrumbs-content":"","ast-featured-img":"","footer-sml-layout":"","ast-disable-related-posts":"","theme-transparent-header-meta":"","adv-header-id-meta":"","stick-header-meta":"","header-above-stick-meta":"","header-main-stick-meta":"","header-below-stick-meta":"","astra-migrate-meta-layouts":"default","ast-page-background-enabled":"default","ast-page-background-meta":{"desktop":{"background-color":"var(--ast-global-color-5)","background-image":"","background-repeat":"repeat","background-position":"center center","background-size":"auto","background-attachment":"scroll","background-type":"","background-media":"","overlay-type":"","overlay-color":"","overlay-opacity":"","overlay-gradient":""},"tablet":{"background-color":"","background-image":"","background-repeat":"repeat","background-position":"center center","background-size":"auto","background-attachment":"scroll","background-type":"","background-media":"","overlay-type":"","overlay-color":"","overlay-opacity":"","overlay-gradient":""},"mobile":{"background-color":"","background-image":"","background-repeat":"repeat","background-position":"center center","background-size":"auto","background-attachment":"scroll","background-type":"","background-media":"","overlay-type":"","overlay-color":"","overlay-opacity":"","overlay-gradient":""}},"ast-content-background-meta":{"desktop":{"background-color":"var(--ast-global-color-4)","background-image":"","background-repeat":"repeat","background-position":"center center","background-size":"auto","background-attachment":"scroll","background-type":"","background-media":"","overlay-type":"","overlay-color":"","overlay-opacity":"","overlay-gradient":""},"tablet":{"background-color":"var(--ast-global-color-4)","background-image":"","background-repeat":"repeat","background-position":"center center","background-size":"auto","background-attachment":"scroll","background-type":"","background-media":"","overlay-type":"","overlay-color":"","overlay-opacity":"","overlay-gradient":""},"mobile":{"background-color":"var(--ast-global-color-4)","background-image":"","background-repeat":"repeat","background-position":"center center","background-size":"auto","background-attachment":"scroll","background-type":"","background-media":"","overlay-type":"","overlay-color":"","overlay-opacity":"","overlay-gradient":""}},"footnotes":""},"categories":[208],"tags":[55,72],"class_list":["post-18450","post","type-post","status-publish","format-standard","has-post-thumbnail","hentry","category-noticias","tag-caral","tag-cultura"],"acf":[],"yoast_head":"<!-- This site is optimized with the Yoast SEO plugin v27.3 - https:\/\/yoast.com\/product\/yoast-seo-wordpress\/ -->\n<title>Forbes Per\u00fa: Ruth Shady entre las 50 mujeres m\u00e1s poderosas del pa\u00eds<\/title>\n<meta name=\"description\" content=\"La doctora Ruth Shady Sol\u00eds, destacada arque\u00f3loga y principal investigadora de la Civilizaci\u00f3n Caral, ha sido incluida por segunda vez en la lista de \u201cLas 50 mujeres m\u00e1s poderosas del Per\u00fa en 2025\u201d, elaborada por la revista Forbes edici\u00f3n Per\u00fa. Este reconocimiento destaca su labor arqueol\u00f3gica en el \u00e1rea norcentral del pa\u00eds, especialmente tras el reciente hallazgo de un entierro en el asentamiento \u00c1spero, ubicado en el distrito Supe Puerto, provincia de Barranca.\" \/>\n<meta name=\"robots\" content=\"index, follow, max-snippet:-1, max-image-preview:large, max-video-preview:-1\" \/>\n<link rel=\"canonical\" href=\"https:\/\/zonacaral.gob.pe\/es\/noticias\/forbes-peru-ruth-shady-entre-las-50-mujeres-mas-poderosas-del-pais\/\" \/>\n<meta property=\"og:locale\" content=\"es_ES\" \/>\n<meta property=\"og:type\" content=\"article\" \/>\n<meta property=\"og:title\" content=\"Forbes Per\u00fa: Ruth Shady entre las 50 mujeres m\u00e1s poderosas del pa\u00eds\" \/>\n<meta property=\"og:description\" content=\"La doctora Ruth Shady Sol\u00eds, destacada arque\u00f3loga y principal investigadora de la Civilizaci\u00f3n Caral, ha sido incluida por segunda vez en la lista de \u201cLas 50 mujeres m\u00e1s poderosas del Per\u00fa en 2025\u201d, elaborada por la revista Forbes edici\u00f3n Per\u00fa. Este reconocimiento destaca su labor arqueol\u00f3gica en el \u00e1rea norcentral del pa\u00eds, especialmente tras el reciente hallazgo de un entierro en el asentamiento \u00c1spero, ubicado en el distrito Supe Puerto, provincia de Barranca.\" \/>\n<meta property=\"og:url\" content=\"https:\/\/zonacaral.gob.pe\/es\/noticias\/forbes-peru-ruth-shady-entre-las-50-mujeres-mas-poderosas-del-pais\/\" \/>\n<meta property=\"og:site_name\" content=\"Zona Caral\" \/>\n<meta property=\"article:published_time\" content=\"2025-06-24T20:14:11+00:00\" \/>\n<meta property=\"og:image\" content=\"https:\/\/zonacaral.gob.pe\/wp-content\/uploads\/2025\/06\/Forbes-RuthShady-1.jpg\" \/>\n\t<meta property=\"og:image:width\" content=\"1920\" \/>\n\t<meta property=\"og:image:height\" content=\"1080\" \/>\n\t<meta property=\"og:image:type\" content=\"image\/jpeg\" \/>\n<meta name=\"author\" content=\"Zona Caral Administrador\" \/>\n<meta name=\"twitter:card\" content=\"summary_large_image\" \/>\n<meta name=\"twitter:label1\" content=\"Written by\" \/>\n\t<meta name=\"twitter:data1\" content=\"Zona Caral Administrador\" \/>\n\t<meta name=\"twitter:label2\" content=\"Est. reading time\" \/>\n\t<meta name=\"twitter:data2\" content=\"4 minutos\" \/>\n<script type=\"application\/ld+json\" class=\"yoast-schema-graph\">{\"@context\":\"https:\\\/\\\/schema.org\",\"@graph\":[{\"@type\":\"Article\",\"@id\":\"https:\\\/\\\/zonacaral.gob.pe\\\/es\\\/noticias\\\/forbes-peru-ruth-shady-entre-las-50-mujeres-mas-poderosas-del-pais\\\/#article\",\"isPartOf\":{\"@id\":\"https:\\\/\\\/zonacaral.gob.pe\\\/es\\\/noticias\\\/forbes-peru-ruth-shady-entre-las-50-mujeres-mas-poderosas-del-pais\\\/\"},\"author\":{\"name\":\"Zona Caral Administrador\",\"@id\":\"https:\\\/\\\/zonacaral.gob.pe\\\/es\\\/#\\\/schema\\\/person\\\/beddb4d22f71a7230c5b90913270a0ee\"},\"headline\":\"Forbes Per\u00fa: Ruth Shady entre las 50 mujeres m\u00e1s poderosas del pa\u00eds\",\"datePublished\":\"2025-06-24T20:14:11+00:00\",\"mainEntityOfPage\":{\"@id\":\"https:\\\/\\\/zonacaral.gob.pe\\\/es\\\/noticias\\\/forbes-peru-ruth-shady-entre-las-50-mujeres-mas-poderosas-del-pais\\\/\"},\"wordCount\":731,\"image\":{\"@id\":\"https:\\\/\\\/zonacaral.gob.pe\\\/es\\\/noticias\\\/forbes-peru-ruth-shady-entre-las-50-mujeres-mas-poderosas-del-pais\\\/#primaryimage\"},\"thumbnailUrl\":\"https:\\\/\\\/zonacaral.gob.pe\\\/wp-content\\\/uploads\\\/2025\\\/06\\\/Forbes-RuthShady-1.jpg\",\"keywords\":[\"caral\",\"Cultura\"],\"articleSection\":[\"noticias\"],\"inLanguage\":\"es-PE\"},{\"@type\":\"WebPage\",\"@id\":\"https:\\\/\\\/zonacaral.gob.pe\\\/es\\\/noticias\\\/forbes-peru-ruth-shady-entre-las-50-mujeres-mas-poderosas-del-pais\\\/\",\"url\":\"https:\\\/\\\/zonacaral.gob.pe\\\/es\\\/noticias\\\/forbes-peru-ruth-shady-entre-las-50-mujeres-mas-poderosas-del-pais\\\/\",\"name\":\"Forbes Per\u00fa: Ruth Shady entre las 50 mujeres m\u00e1s poderosas del pa\u00eds\",\"isPartOf\":{\"@id\":\"https:\\\/\\\/zonacaral.gob.pe\\\/es\\\/#website\"},\"primaryImageOfPage\":{\"@id\":\"https:\\\/\\\/zonacaral.gob.pe\\\/es\\\/noticias\\\/forbes-peru-ruth-shady-entre-las-50-mujeres-mas-poderosas-del-pais\\\/#primaryimage\"},\"image\":{\"@id\":\"https:\\\/\\\/zonacaral.gob.pe\\\/es\\\/noticias\\\/forbes-peru-ruth-shady-entre-las-50-mujeres-mas-poderosas-del-pais\\\/#primaryimage\"},\"thumbnailUrl\":\"https:\\\/\\\/zonacaral.gob.pe\\\/wp-content\\\/uploads\\\/2025\\\/06\\\/Forbes-RuthShady-1.jpg\",\"datePublished\":\"2025-06-24T20:14:11+00:00\",\"author\":{\"@id\":\"https:\\\/\\\/zonacaral.gob.pe\\\/es\\\/#\\\/schema\\\/person\\\/beddb4d22f71a7230c5b90913270a0ee\"},\"description\":\"La doctora Ruth Shady Sol\u00eds, destacada arque\u00f3loga y principal investigadora de la Civilizaci\u00f3n Caral, ha sido incluida por segunda vez en la lista de \u201cLas 50 mujeres m\u00e1s poderosas del Per\u00fa en 2025\u201d, elaborada por la revista Forbes edici\u00f3n Per\u00fa. Este reconocimiento destaca su labor arqueol\u00f3gica en el \u00e1rea norcentral del pa\u00eds, especialmente tras el reciente hallazgo de un entierro en el asentamiento \u00c1spero, ubicado en el distrito Supe Puerto, provincia de Barranca.\",\"breadcrumb\":{\"@id\":\"https:\\\/\\\/zonacaral.gob.pe\\\/es\\\/noticias\\\/forbes-peru-ruth-shady-entre-las-50-mujeres-mas-poderosas-del-pais\\\/#breadcrumb\"},\"inLanguage\":\"es-PE\",\"potentialAction\":[{\"@type\":\"ReadAction\",\"target\":[\"https:\\\/\\\/zonacaral.gob.pe\\\/es\\\/noticias\\\/forbes-peru-ruth-shady-entre-las-50-mujeres-mas-poderosas-del-pais\\\/\"]}]},{\"@type\":\"ImageObject\",\"inLanguage\":\"es-PE\",\"@id\":\"https:\\\/\\\/zonacaral.gob.pe\\\/es\\\/noticias\\\/forbes-peru-ruth-shady-entre-las-50-mujeres-mas-poderosas-del-pais\\\/#primaryimage\",\"url\":\"https:\\\/\\\/zonacaral.gob.pe\\\/wp-content\\\/uploads\\\/2025\\\/06\\\/Forbes-RuthShady-1.jpg\",\"contentUrl\":\"https:\\\/\\\/zonacaral.gob.pe\\\/wp-content\\\/uploads\\\/2025\\\/06\\\/Forbes-RuthShady-1.jpg\",\"width\":1920,\"height\":1080},{\"@type\":\"BreadcrumbList\",\"@id\":\"https:\\\/\\\/zonacaral.gob.pe\\\/es\\\/noticias\\\/forbes-peru-ruth-shady-entre-las-50-mujeres-mas-poderosas-del-pais\\\/#breadcrumb\",\"itemListElement\":[{\"@type\":\"ListItem\",\"position\":1,\"name\":\"Portada\",\"item\":\"https:\\\/\\\/zonacaral.gob.pe\\\/\"},{\"@type\":\"ListItem\",\"position\":2,\"name\":\"Forbes Per\u00fa: Ruth Shady entre las 50 mujeres m\u00e1s poderosas del pa\u00eds\"}]},{\"@type\":\"WebSite\",\"@id\":\"https:\\\/\\\/zonacaral.gob.pe\\\/es\\\/#website\",\"url\":\"https:\\\/\\\/zonacaral.gob.pe\\\/es\\\/\",\"name\":\"Zona Caral\",\"description\":\"Investigamos, conservamos y difundimos el patrimonio cultural de la Civilizaci\u00f3n Caral, la m\u00e1s antigua de Am\u00e9rica.\",\"potentialAction\":[{\"@type\":\"SearchAction\",\"target\":{\"@type\":\"EntryPoint\",\"urlTemplate\":\"https:\\\/\\\/zonacaral.gob.pe\\\/es\\\/?s={search_term_string}\"},\"query-input\":{\"@type\":\"PropertyValueSpecification\",\"valueRequired\":true,\"valueName\":\"search_term_string\"}}],\"inLanguage\":\"es-PE\"},{\"@type\":\"Person\",\"@id\":\"https:\\\/\\\/zonacaral.gob.pe\\\/es\\\/#\\\/schema\\\/person\\\/beddb4d22f71a7230c5b90913270a0ee\",\"name\":\"Zona Caral Administrador\",\"image\":{\"@type\":\"ImageObject\",\"inLanguage\":\"es-PE\",\"@id\":\"https:\\\/\\\/secure.gravatar.com\\\/avatar\\\/e4be162918a696358376de6446614e0f0f4062bdc5d170d6d540ada3d8b58c12?s=96&d=mm&r=g\",\"url\":\"https:\\\/\\\/secure.gravatar.com\\\/avatar\\\/e4be162918a696358376de6446614e0f0f4062bdc5d170d6d540ada3d8b58c12?s=96&d=mm&r=g\",\"contentUrl\":\"https:\\\/\\\/secure.gravatar.com\\\/avatar\\\/e4be162918a696358376de6446614e0f0f4062bdc5d170d6d540ada3d8b58c12?s=96&d=mm&r=g\",\"caption\":\"Zona Caral Administrador\"},\"sameAs\":[\"https:\\\/\\\/zonacaral.gob.pe\"],\"url\":\"https:\\\/\\\/zonacaral.gob.pe\\\/es\\\/noticias\\\/author\\\/ad_zonacaral\\\/\"}]}<\/script>\n<!-- \/ Yoast SEO plugin. -->","yoast_head_json":{"title":"Forbes Per\u00fa: Ruth Shady entre las 50 mujeres m\u00e1s poderosas del pa\u00eds","description":"La doctora Ruth Shady Sol\u00eds, destacada arque\u00f3loga y principal investigadora de la Civilizaci\u00f3n Caral, ha sido incluida por segunda vez en la lista de \u201cLas 50 mujeres m\u00e1s poderosas del Per\u00fa en 2025\u201d, elaborada por la revista Forbes edici\u00f3n Per\u00fa. Este reconocimiento destaca su labor arqueol\u00f3gica en el \u00e1rea norcentral del pa\u00eds, especialmente tras el reciente hallazgo de un entierro en el asentamiento \u00c1spero, ubicado en el distrito Supe Puerto, provincia de Barranca.","robots":{"index":"index","follow":"follow","max-snippet":"max-snippet:-1","max-image-preview":"max-image-preview:large","max-video-preview":"max-video-preview:-1"},"canonical":"https:\/\/zonacaral.gob.pe\/es\/noticias\/forbes-peru-ruth-shady-entre-las-50-mujeres-mas-poderosas-del-pais\/","og_locale":"es_ES","og_type":"article","og_title":"Forbes Per\u00fa: Ruth Shady entre las 50 mujeres m\u00e1s poderosas del pa\u00eds","og_description":"La doctora Ruth Shady Sol\u00eds, destacada arque\u00f3loga y principal investigadora de la Civilizaci\u00f3n Caral, ha sido incluida por segunda vez en la lista de \u201cLas 50 mujeres m\u00e1s poderosas del Per\u00fa en 2025\u201d, elaborada por la revista Forbes edici\u00f3n Per\u00fa. Este reconocimiento destaca su labor arqueol\u00f3gica en el \u00e1rea norcentral del pa\u00eds, especialmente tras el reciente hallazgo de un entierro en el asentamiento \u00c1spero, ubicado en el distrito Supe Puerto, provincia de Barranca.","og_url":"https:\/\/zonacaral.gob.pe\/es\/noticias\/forbes-peru-ruth-shady-entre-las-50-mujeres-mas-poderosas-del-pais\/","og_site_name":"Zona Caral","article_published_time":"2025-06-24T20:14:11+00:00","og_image":[{"width":1920,"height":1080,"url":"https:\/\/zonacaral.gob.pe\/wp-content\/uploads\/2025\/06\/Forbes-RuthShady-1.jpg","type":"image\/jpeg"}],"author":"Zona Caral Administrador","twitter_card":"summary_large_image","twitter_misc":{"Written by":"Zona Caral Administrador","Est. reading time":"4 minutos"},"schema":{"@context":"https:\/\/schema.org","@graph":[{"@type":"Article","@id":"https:\/\/zonacaral.gob.pe\/es\/noticias\/forbes-peru-ruth-shady-entre-las-50-mujeres-mas-poderosas-del-pais\/#article","isPartOf":{"@id":"https:\/\/zonacaral.gob.pe\/es\/noticias\/forbes-peru-ruth-shady-entre-las-50-mujeres-mas-poderosas-del-pais\/"},"author":{"name":"Zona Caral Administrador","@id":"https:\/\/zonacaral.gob.pe\/es\/#\/schema\/person\/beddb4d22f71a7230c5b90913270a0ee"},"headline":"Forbes Per\u00fa: Ruth Shady entre las 50 mujeres m\u00e1s poderosas del pa\u00eds","datePublished":"2025-06-24T20:14:11+00:00","mainEntityOfPage":{"@id":"https:\/\/zonacaral.gob.pe\/es\/noticias\/forbes-peru-ruth-shady-entre-las-50-mujeres-mas-poderosas-del-pais\/"},"wordCount":731,"image":{"@id":"https:\/\/zonacaral.gob.pe\/es\/noticias\/forbes-peru-ruth-shady-entre-las-50-mujeres-mas-poderosas-del-pais\/#primaryimage"},"thumbnailUrl":"https:\/\/zonacaral.gob.pe\/wp-content\/uploads\/2025\/06\/Forbes-RuthShady-1.jpg","keywords":["caral","Cultura"],"articleSection":["noticias"],"inLanguage":"es-PE"},{"@type":"WebPage","@id":"https:\/\/zonacaral.gob.pe\/es\/noticias\/forbes-peru-ruth-shady-entre-las-50-mujeres-mas-poderosas-del-pais\/","url":"https:\/\/zonacaral.gob.pe\/es\/noticias\/forbes-peru-ruth-shady-entre-las-50-mujeres-mas-poderosas-del-pais\/","name":"Forbes Per\u00fa: Ruth Shady entre las 50 mujeres m\u00e1s poderosas del pa\u00eds","isPartOf":{"@id":"https:\/\/zonacaral.gob.pe\/es\/#website"},"primaryImageOfPage":{"@id":"https:\/\/zonacaral.gob.pe\/es\/noticias\/forbes-peru-ruth-shady-entre-las-50-mujeres-mas-poderosas-del-pais\/#primaryimage"},"image":{"@id":"https:\/\/zonacaral.gob.pe\/es\/noticias\/forbes-peru-ruth-shady-entre-las-50-mujeres-mas-poderosas-del-pais\/#primaryimage"},"thumbnailUrl":"https:\/\/zonacaral.gob.pe\/wp-content\/uploads\/2025\/06\/Forbes-RuthShady-1.jpg","datePublished":"2025-06-24T20:14:11+00:00","author":{"@id":"https:\/\/zonacaral.gob.pe\/es\/#\/schema\/person\/beddb4d22f71a7230c5b90913270a0ee"},"description":"La doctora Ruth Shady Sol\u00eds, destacada arque\u00f3loga y principal investigadora de la Civilizaci\u00f3n Caral, ha sido incluida por segunda vez en la lista de \u201cLas 50 mujeres m\u00e1s poderosas del Per\u00fa en 2025\u201d, elaborada por la revista Forbes edici\u00f3n Per\u00fa. Este reconocimiento destaca su labor arqueol\u00f3gica en el \u00e1rea norcentral del pa\u00eds, especialmente tras el reciente hallazgo de un entierro en el asentamiento \u00c1spero, ubicado en el distrito Supe Puerto, provincia de Barranca.","breadcrumb":{"@id":"https:\/\/zonacaral.gob.pe\/es\/noticias\/forbes-peru-ruth-shady-entre-las-50-mujeres-mas-poderosas-del-pais\/#breadcrumb"},"inLanguage":"es-PE","potentialAction":[{"@type":"ReadAction","target":["https:\/\/zonacaral.gob.pe\/es\/noticias\/forbes-peru-ruth-shady-entre-las-50-mujeres-mas-poderosas-del-pais\/"]}]},{"@type":"ImageObject","inLanguage":"es-PE","@id":"https:\/\/zonacaral.gob.pe\/es\/noticias\/forbes-peru-ruth-shady-entre-las-50-mujeres-mas-poderosas-del-pais\/#primaryimage","url":"https:\/\/zonacaral.gob.pe\/wp-content\/uploads\/2025\/06\/Forbes-RuthShady-1.jpg","contentUrl":"https:\/\/zonacaral.gob.pe\/wp-content\/uploads\/2025\/06\/Forbes-RuthShady-1.jpg","width":1920,"height":1080},{"@type":"BreadcrumbList","@id":"https:\/\/zonacaral.gob.pe\/es\/noticias\/forbes-peru-ruth-shady-entre-las-50-mujeres-mas-poderosas-del-pais\/#breadcrumb","itemListElement":[{"@type":"ListItem","position":1,"name":"Portada","item":"https:\/\/zonacaral.gob.pe\/"},{"@type":"ListItem","position":2,"name":"Forbes Per\u00fa: Ruth Shady entre las 50 mujeres m\u00e1s poderosas del pa\u00eds"}]},{"@type":"WebSite","@id":"https:\/\/zonacaral.gob.pe\/es\/#website","url":"https:\/\/zonacaral.gob.pe\/es\/","name":"Zona Caral","description":"Investigamos, conservamos y difundimos el patrimonio cultural de la Civilizaci\u00f3n Caral, la m\u00e1s antigua de Am\u00e9rica.","potentialAction":[{"@type":"SearchAction","target":{"@type":"EntryPoint","urlTemplate":"https:\/\/zonacaral.gob.pe\/es\/?s={search_term_string}"},"query-input":{"@type":"PropertyValueSpecification","valueRequired":true,"valueName":"search_term_string"}}],"inLanguage":"es-PE"},{"@type":"Person","@id":"https:\/\/zonacaral.gob.pe\/es\/#\/schema\/person\/beddb4d22f71a7230c5b90913270a0ee","name":"Zona Caral Administrador","image":{"@type":"ImageObject","inLanguage":"es-PE","@id":"https:\/\/secure.gravatar.com\/avatar\/e4be162918a696358376de6446614e0f0f4062bdc5d170d6d540ada3d8b58c12?s=96&d=mm&r=g","url":"https:\/\/secure.gravatar.com\/avatar\/e4be162918a696358376de6446614e0f0f4062bdc5d170d6d540ada3d8b58c12?s=96&d=mm&r=g","contentUrl":"https:\/\/secure.gravatar.com\/avatar\/e4be162918a696358376de6446614e0f0f4062bdc5d170d6d540ada3d8b58c12?s=96&d=mm&r=g","caption":"Zona Caral Administrador"},"sameAs":["https:\/\/zonacaral.gob.pe"],"url":"https:\/\/zonacaral.gob.pe\/es\/noticias\/author\/ad_zonacaral\/"}]}},"_links":{"self":[{"href":"https:\/\/zonacaral.gob.pe\/es\/wp-json\/wp\/v2\/posts\/18450","targetHints":{"allow":["GET"]}}],"collection":[{"href":"https:\/\/zonacaral.gob.pe\/es\/wp-json\/wp\/v2\/posts"}],"about":[{"href":"https:\/\/zonacaral.gob.pe\/es\/wp-json\/wp\/v2\/types\/post"}],"author":[{"embeddable":true,"href":"https:\/\/zonacaral.gob.pe\/es\/wp-json\/wp\/v2\/users\/1"}],"replies":[{"embeddable":true,"href":"https:\/\/zonacaral.gob.pe\/es\/wp-json\/wp\/v2\/comments?post=18450"}],"version-history":[{"count":0,"href":"https:\/\/zonacaral.gob.pe\/es\/wp-json\/wp\/v2\/posts\/18450\/revisions"}],"wp:featuredmedia":[{"embeddable":true,"href":"https:\/\/zonacaral.gob.pe\/es\/wp-json\/wp\/v2\/media\/18451"}],"wp:attachment":[{"href":"https:\/\/zonacaral.gob.pe\/es\/wp-json\/wp\/v2\/media?parent=18450"}],"wp:term":[{"taxonomy":"category","embeddable":true,"href":"https:\/\/zonacaral.gob.pe\/es\/wp-json\/wp\/v2\/categories?post=18450"},{"taxonomy":"post_tag","embeddable":true,"href":"https:\/\/zonacaral.gob.pe\/es\/wp-json\/wp\/v2\/tags?post=18450"}],"curies":[{"name":"wp","href":"https:\/\/api.w.org\/{rel}","templated":true}]}}