{"id":18461,"date":"2025-06-30T16:50:56","date_gmt":"2025-06-30T21:50:56","guid":{"rendered":"https:\/\/www.zonacaral.gob.pe\/?p=18461"},"modified":"2025-06-30T16:50:56","modified_gmt":"2025-06-30T21:50:56","slug":"zona-arqueologica-caral-gana-concurso-de-prociencia-del-concytec","status":"publish","type":"post","link":"https:\/\/zonacaral.gob.pe\/es\/noticias\/zona-arqueologica-caral-gana-concurso-de-prociencia-del-concytec\/","title":{"rendered":"Zona Arqueol\u00f3gica Caral gana concurso de Prociencia del Concytec"},"content":{"rendered":"<figure class=\"pic-autor\" style=\"color: #4d4d4d; text-align: justify;\"><\/figure>\n<div class=\"gmail_default\" style=\"text-align: justify;\">\n<blockquote>\n<p><i><span style=\"font-weight: 400;\">Se busca ampliar las investigaciones y conocimientos sobre el desarrollo civilizatorio en Am\u00e9rica.<\/span><\/i><\/p>\n<\/blockquote>\n<p><span style=\"font-weight: 400;\">El proyecto <\/span><i><span style=\"font-weight: 400;\">\u201cDe Caral a Vichama: Estrategias Sociopol\u00edticas, Movimiento Poblacional y Adaptaci\u00f3n al Cambio Clim\u00e1tico en los primeros Centros Urbanos de los Andes Centrales<\/span><\/i><span style=\"font-weight: 400;\">\u201d, de la <\/span><a href=\"https:\/\/www.instagram.com\/?hl=es\"><span style=\"font-weight: 400;\">Zona Arqueol\u00f3gica Caral<\/span><\/a><span style=\"font-weight: 400;\"> (ZAC), Unidad Ejecutora 003 del Ministerio de Cultura, ha sido seleccionado como beneficiario en el concurso \u201cProyectos de Investigaci\u00f3n en Ciencias Sociales\u201d del Programa Nacional de Investigaci\u00f3n Cient\u00edfica y Estudios Avanzados (Prociencia).<\/span><\/p>\n<p><span style=\"font-weight: 400;\">Esta iniciativa de Prociencia, dependiente del Consejo Nacional de Ciencia, Tecnolog\u00eda e Innovaci\u00f3n (Concytec), en la que tambi\u00e9n se eligi\u00f3 a otros proyectos, tiene como objetivo principal promover la investigaci\u00f3n en las ciencias sociales, produciendo conocimiento original, relevante y de calidad, que contribuya a la toma de decisiones en el sector p\u00fablico, sector privado y la sociedad civil.<\/span><\/p>\n<p><span style=\"font-weight: 400;\">La propuesta de la ZAC, que ser\u00e1 codirigida por la <\/span><a href=\"https:\/\/www.facebook.com\/share\/v\/1YhXNAS4rz\/\"><span style=\"font-weight: 400;\">doctora Ruth Shady Sol\u00eds<\/span><\/a><span style=\"font-weight: 400;\">, principal investigadora de la Civilizaci\u00f3n Caral, y el doctor Luis Pezo Lanfranco, se centrar\u00e1 en conocer los diversos aspectos del declive de Caral como centro de poder regional hacia el final del periodo 3000 \u2013 1800 a. C., que coincide con el \u201cEvento clim\u00e1tico global 4.2ka\u201d (2200-2000 a.C.), un fen\u00f3meno que tambi\u00e9n afect\u00f3 el desarrollo de civilizaciones como Egipto y Mesopotamia.<\/span><\/p>\n<p><span style=\"font-weight: 400;\">\u201cLas evidencias arqueol\u00f3gicas disponibles sugieren que Vichama, centro urbano con arquitectura monumental localizado en el litoral del valle de Huaura, datado para el Formativo Temprano 1 (1800-1500 a.C.), pudo haber sucedido a Caral como nuevo foco de centralizaci\u00f3n pol\u00edtica\u201d, se\u00f1ala el documento del proyecto.<\/span><\/p>\n<p><span style=\"font-weight: 400;\">\u201cEsta movilizaci\u00f3n del centro de poder regional hacia nuevas \u00e1reas productivas podr\u00eda ser efecto del Evento 4.2ka y estar\u00eda asociada a otros fen\u00f3menos interconectados, entre ellos, la movilizaci\u00f3n de poblaciones para garantizar excedentes agr\u00edcolas y pesqueros esenciales, cambios en los sistemas productivos y una readaptaci\u00f3n ideol\u00f3gica frente a las transformaciones clim\u00e1ticas, evidenciada en nuevas iconograf\u00edas y estrategias organizativas visibles en Vichama\u201d, agregan los investigadores responsables.<\/span><\/p>\n<p><span style=\"font-weight: 400;\">El objetivo de este trabajo se centra en tres puntos en espec\u00edfico:<\/span><\/p>\n<ol>\n<li><span style=\"font-weight: 400;\"> Identificar los factores externos (medioambientales) e internos (econ\u00f3micos, ideol\u00f3gicos) que impulsaron esta transici\u00f3n sociopol\u00edtica.<\/span><\/li>\n<li><span style=\"font-weight: 400;\"> Verificar la ocurrencia del Evento clim\u00e1tico 4.2ka y su influencia en Caral y Vichama.<\/span><\/li>\n<li><span style=\"font-weight: 400;\"> Caracterizar los patrones de movilidad y migraci\u00f3n predominantes en cada sitio y periodo.<\/span><\/li>\n<\/ol>\n<p><span style=\"font-weight: 400;\">Se espera que este proyecto tenga un impacto positivo en los \u00e1mbitos ambiental, econ\u00f3mico y social de la regi\u00f3n, promoviendo la integraci\u00f3n de saberes ancestrales y pol\u00edticas p\u00fablicas. Los resultados cient\u00edficos ser\u00e1n de gran importancia para la arqueolog\u00eda peruana, contribuyendo a resolver debates sobre el rol del clima, los sistemas de subsistencia y las ideolog\u00edas en el desarrollo de los primeros centros urbanos andinos. Se espera que el conocimiento generado tambi\u00e9n sirva para fortalecer campa\u00f1as de mitigaci\u00f3n ante el cambio clim\u00e1tico contempor\u00e1neo, mejorar la calidad de vida de los habitantes de los valles de Supe y Huaura, y promover el turismo arqueol\u00f3gico sostenible en la regi\u00f3n. El proyecto busca orientar sus resultados cient\u00edficos hacia la generaci\u00f3n de estrategias de crecimiento econ\u00f3mico sostenible en las comunidades rurales y urbanas de la zona<\/span><\/p>\n<p><b>Equipo de investigadores<\/b><\/p>\n<p><span style=\"font-weight: 400;\">Doctora Ruth Shady Sol\u00eds, directora de la ZAC; doctor Luis Pezo Lanfranco, responsable t\u00e9cnico; arque\u00f3logo Pedro Novoa Bellota; doctor Kaname Yseki Paucar; arque\u00f3logo Rodolfo Peralta Mes\u00eda, investigadores de la Subdirecci\u00f3n de Investigaci\u00f3n y Conservaci\u00f3n de Materiales Arqueol\u00f3gicos (SICMA) de la ZAC; doctor Andr\u00e9 Colonese; representante del Instituto de Ciencia y Tecnolog\u00eda Ambientales de la Universitat Aut\u00f2noma de Barcelona; y Roc\u00edo Tabra Gil, tesista de la SICMA \u2013 ZAC.<\/span><\/p>\n<p><span style=\"font-weight: 400;\">Cabe precisar que este es un trabajo multidisciplinario e interinstitucional. Adem\u00e1s de la Zona Arqueol\u00f3gica Caral, intervendr\u00e1n: el Laboratorio de Geoqu\u00edmica Isot\u00f3pica Anal\u00edtica y Arqueometr\u00eda, Departamento de Ciencias Geol\u00f3gicas de la Universidad de Ciudad del Cabo, Sud\u00e1frica; el Laboratorio de Is\u00f3topos Estables del Instituto de Ciencia y Tecnolog\u00eda Ambientales de la Universitat Aut\u00f2noma de Barcelona, Espa\u00f1a; y el Laboratorio Beta Analytic (USA).<\/span><\/p>\n<p><b>DATO<\/b><\/p>\n<p><span style=\"font-weight: 400;\">Financiamiento y plazo de ejecuci\u00f3n: Prociencia otorgar\u00e1 un cofinanciamiento de 150 mil soles a la Zona Arqueol\u00f3gica Caral, para la ejecuci\u00f3n del proyecto, a realizarse en 24 meses.<\/span><\/p>\n<p><strong style=\"font-size: inherit; text-align: justify;\">Fuente: Comunicaci\u00f3n e Imagen Institucional ZAC<\/strong><\/p>\n<\/div>\n<div style=\"color: #1f1f1f;\">\n<div style=\"color: #1f1f1f;\">\n<p style=\"text-align: justify;\">Fecha de publicaci\u00f3n: 30\/06\/2025<\/p>\n<\/div>\n<\/div>\n\n\n<p><\/p>\n","protected":false},"excerpt":{"rendered":"<p>Se busca ampliar las investigaciones y conocimientos sobre el desarrollo civilizatorio en Am\u00e9rica. El proyecto \u201cDe Caral a Vichama: Estrategias [&hellip;]<\/p>\n","protected":false},"author":1,"featured_media":18462,"comment_status":"closed","ping_status":"open","sticky":false,"template":"","format":"standard","meta":{"_acf_changed":false,"site-sidebar-layout":"default","site-content-layout":"","ast-site-content-layout":"default","site-content-style":"default","site-sidebar-style":"default","ast-global-header-display":"","ast-banner-title-visibility":"","ast-main-header-display":"","ast-hfb-above-header-display":"","ast-hfb-below-header-display":"","ast-hfb-mobile-header-display":"","site-post-title":"","ast-breadcrumbs-content":"","ast-featured-img":"","footer-sml-layout":"","ast-disable-related-posts":"","theme-transparent-header-meta":"","adv-header-id-meta":"","stick-header-meta":"","header-above-stick-meta":"","header-main-stick-meta":"","header-below-stick-meta":"","astra-migrate-meta-layouts":"default","ast-page-background-enabled":"default","ast-page-background-meta":{"desktop":{"background-color":"var(--ast-global-color-5)","background-image":"","background-repeat":"repeat","background-position":"center center","background-size":"auto","background-attachment":"scroll","background-type":"","background-media":"","overlay-type":"","overlay-color":"","overlay-opacity":"","overlay-gradient":""},"tablet":{"background-color":"","background-image":"","background-repeat":"repeat","background-position":"center center","background-size":"auto","background-attachment":"scroll","background-type":"","background-media":"","overlay-type":"","overlay-color":"","overlay-opacity":"","overlay-gradient":""},"mobile":{"background-color":"","background-image":"","background-repeat":"repeat","background-position":"center center","background-size":"auto","background-attachment":"scroll","background-type":"","background-media":"","overlay-type":"","overlay-color":"","overlay-opacity":"","overlay-gradient":""}},"ast-content-background-meta":{"desktop":{"background-color":"var(--ast-global-color-4)","background-image":"","background-repeat":"repeat","background-position":"center center","background-size":"auto","background-attachment":"scroll","background-type":"","background-media":"","overlay-type":"","overlay-color":"","overlay-opacity":"","overlay-gradient":""},"tablet":{"background-color":"var(--ast-global-color-4)","background-image":"","background-repeat":"repeat","background-position":"center center","background-size":"auto","background-attachment":"scroll","background-type":"","background-media":"","overlay-type":"","overlay-color":"","overlay-opacity":"","overlay-gradient":""},"mobile":{"background-color":"var(--ast-global-color-4)","background-image":"","background-repeat":"repeat","background-position":"center center","background-size":"auto","background-attachment":"scroll","background-type":"","background-media":"","overlay-type":"","overlay-color":"","overlay-opacity":"","overlay-gradient":""}},"footnotes":""},"categories":[208],"tags":[55,72],"class_list":["post-18461","post","type-post","status-publish","format-standard","has-post-thumbnail","hentry","category-noticias","tag-caral","tag-cultura"],"acf":[],"yoast_head":"<!-- This site is optimized with the Yoast SEO plugin v27.3 - https:\/\/yoast.com\/product\/yoast-seo-wordpress\/ -->\n<title>Zona Arqueol\u00f3gica Caral gana concurso de Prociencia del Concytec<\/title>\n<meta name=\"description\" content=\"El proyecto \u201cDe Caral a Vichama: Estrategias Sociopol\u00edticas, Movimiento Poblacional y Adaptaci\u00f3n al Cambio Clim\u00e1tico en los primeros Centros Urbanos de los Andes Centrales\u201d, de la Zona Arqueol\u00f3gica Caral (ZAC), Unidad Ejecutora 003 del Ministerio de Cultura, ha sido seleccionado como beneficiario en el concurso \u201cProyectos de Investigaci\u00f3n en Ciencias Sociales\u201d del Programa Nacional de Investigaci\u00f3n Cient\u00edfica y Estudios Avanzados (Prociencia).Durante miles de a\u00f1os, los seres humanos hemos contemplado el cielo, admirando las estrellas y los astros, y los antiguos caralinos no fueron la excepci\u00f3n. Estudios recientes, realizados en los centros urbanos de la Civilizaci\u00f3n Caral, han demostrado que hace cinco mil a\u00f1os, existieron especialistas que se dedicaban a observar los astros, el Sol, la Luna y las estrellas, con el fin de establecer un calendario clave y puedan realizar sus actividades.\" \/>\n<meta name=\"robots\" content=\"index, follow, max-snippet:-1, max-image-preview:large, max-video-preview:-1\" \/>\n<link rel=\"canonical\" href=\"https:\/\/zonacaral.gob.pe\/es\/noticias\/zona-arqueologica-caral-gana-concurso-de-prociencia-del-concytec\/\" \/>\n<meta property=\"og:locale\" content=\"es_ES\" \/>\n<meta property=\"og:type\" content=\"article\" \/>\n<meta property=\"og:title\" content=\"Zona Arqueol\u00f3gica Caral gana concurso de Prociencia del Concytec\" \/>\n<meta property=\"og:description\" content=\"El proyecto \u201cDe Caral a Vichama: Estrategias Sociopol\u00edticas, Movimiento Poblacional y Adaptaci\u00f3n al Cambio Clim\u00e1tico en los primeros Centros Urbanos de los Andes Centrales\u201d, de la Zona Arqueol\u00f3gica Caral (ZAC), Unidad Ejecutora 003 del Ministerio de Cultura, ha sido seleccionado como beneficiario en el concurso \u201cProyectos de Investigaci\u00f3n en Ciencias Sociales\u201d del Programa Nacional de Investigaci\u00f3n Cient\u00edfica y Estudios Avanzados (Prociencia).Durante miles de a\u00f1os, los seres humanos hemos contemplado el cielo, admirando las estrellas y los astros, y los antiguos caralinos no fueron la excepci\u00f3n. Estudios recientes, realizados en los centros urbanos de la Civilizaci\u00f3n Caral, han demostrado que hace cinco mil a\u00f1os, existieron especialistas que se dedicaban a observar los astros, el Sol, la Luna y las estrellas, con el fin de establecer un calendario clave y puedan realizar sus actividades.\" \/>\n<meta property=\"og:url\" content=\"https:\/\/zonacaral.gob.pe\/es\/noticias\/zona-arqueologica-caral-gana-concurso-de-prociencia-del-concytec\/\" \/>\n<meta property=\"og:site_name\" content=\"Zona Caral\" \/>\n<meta property=\"article:published_time\" content=\"2025-06-30T21:50:56+00:00\" \/>\n<meta property=\"og:image\" content=\"https:\/\/zonacaral.gob.pe\/wp-content\/uploads\/2025\/06\/caralvichama.jpg\" \/>\n\t<meta property=\"og:image:width\" content=\"1920\" \/>\n\t<meta property=\"og:image:height\" content=\"1080\" \/>\n\t<meta property=\"og:image:type\" content=\"image\/jpeg\" \/>\n<meta name=\"author\" content=\"Zona Caral Administrador\" \/>\n<meta name=\"twitter:card\" content=\"summary_large_image\" \/>\n<meta name=\"twitter:label1\" content=\"Written by\" \/>\n\t<meta name=\"twitter:data1\" content=\"Zona Caral Administrador\" \/>\n\t<meta name=\"twitter:label2\" content=\"Est. reading time\" \/>\n\t<meta name=\"twitter:data2\" content=\"4 minutos\" \/>\n<script type=\"application\/ld+json\" class=\"yoast-schema-graph\">{\"@context\":\"https:\\\/\\\/schema.org\",\"@graph\":[{\"@type\":\"Article\",\"@id\":\"https:\\\/\\\/zonacaral.gob.pe\\\/es\\\/noticias\\\/zona-arqueologica-caral-gana-concurso-de-prociencia-del-concytec\\\/#article\",\"isPartOf\":{\"@id\":\"https:\\\/\\\/zonacaral.gob.pe\\\/es\\\/noticias\\\/zona-arqueologica-caral-gana-concurso-de-prociencia-del-concytec\\\/\"},\"author\":{\"name\":\"Zona Caral Administrador\",\"@id\":\"https:\\\/\\\/zonacaral.gob.pe\\\/es\\\/#\\\/schema\\\/person\\\/beddb4d22f71a7230c5b90913270a0ee\"},\"headline\":\"Zona Arqueol\u00f3gica Caral gana concurso de Prociencia del Concytec\",\"datePublished\":\"2025-06-30T21:50:56+00:00\",\"mainEntityOfPage\":{\"@id\":\"https:\\\/\\\/zonacaral.gob.pe\\\/es\\\/noticias\\\/zona-arqueologica-caral-gana-concurso-de-prociencia-del-concytec\\\/\"},\"wordCount\":763,\"image\":{\"@id\":\"https:\\\/\\\/zonacaral.gob.pe\\\/es\\\/noticias\\\/zona-arqueologica-caral-gana-concurso-de-prociencia-del-concytec\\\/#primaryimage\"},\"thumbnailUrl\":\"https:\\\/\\\/zonacaral.gob.pe\\\/wp-content\\\/uploads\\\/2025\\\/06\\\/caralvichama.jpg\",\"keywords\":[\"caral\",\"Cultura\"],\"articleSection\":[\"noticias\"],\"inLanguage\":\"es-PE\"},{\"@type\":\"WebPage\",\"@id\":\"https:\\\/\\\/zonacaral.gob.pe\\\/es\\\/noticias\\\/zona-arqueologica-caral-gana-concurso-de-prociencia-del-concytec\\\/\",\"url\":\"https:\\\/\\\/zonacaral.gob.pe\\\/es\\\/noticias\\\/zona-arqueologica-caral-gana-concurso-de-prociencia-del-concytec\\\/\",\"name\":\"Zona Arqueol\u00f3gica Caral gana concurso de Prociencia del Concytec\",\"isPartOf\":{\"@id\":\"https:\\\/\\\/zonacaral.gob.pe\\\/es\\\/#website\"},\"primaryImageOfPage\":{\"@id\":\"https:\\\/\\\/zonacaral.gob.pe\\\/es\\\/noticias\\\/zona-arqueologica-caral-gana-concurso-de-prociencia-del-concytec\\\/#primaryimage\"},\"image\":{\"@id\":\"https:\\\/\\\/zonacaral.gob.pe\\\/es\\\/noticias\\\/zona-arqueologica-caral-gana-concurso-de-prociencia-del-concytec\\\/#primaryimage\"},\"thumbnailUrl\":\"https:\\\/\\\/zonacaral.gob.pe\\\/wp-content\\\/uploads\\\/2025\\\/06\\\/caralvichama.jpg\",\"datePublished\":\"2025-06-30T21:50:56+00:00\",\"author\":{\"@id\":\"https:\\\/\\\/zonacaral.gob.pe\\\/es\\\/#\\\/schema\\\/person\\\/beddb4d22f71a7230c5b90913270a0ee\"},\"description\":\"El proyecto \u201cDe Caral a Vichama: Estrategias Sociopol\u00edticas, Movimiento Poblacional y Adaptaci\u00f3n al Cambio Clim\u00e1tico en los primeros Centros Urbanos de los Andes Centrales\u201d, de la Zona Arqueol\u00f3gica Caral (ZAC), Unidad Ejecutora 003 del Ministerio de Cultura, ha sido seleccionado como beneficiario en el concurso \u201cProyectos de Investigaci\u00f3n en Ciencias Sociales\u201d del Programa Nacional de Investigaci\u00f3n Cient\u00edfica y Estudios Avanzados (Prociencia).Durante miles de a\u00f1os, los seres humanos hemos contemplado el cielo, admirando las estrellas y los astros, y los antiguos caralinos no fueron la excepci\u00f3n. Estudios recientes, realizados en los centros urbanos de la Civilizaci\u00f3n Caral, han demostrado que hace cinco mil a\u00f1os, existieron especialistas que se dedicaban a observar los astros, el Sol, la Luna y las estrellas, con el fin de establecer un calendario clave y puedan realizar sus actividades.\",\"breadcrumb\":{\"@id\":\"https:\\\/\\\/zonacaral.gob.pe\\\/es\\\/noticias\\\/zona-arqueologica-caral-gana-concurso-de-prociencia-del-concytec\\\/#breadcrumb\"},\"inLanguage\":\"es-PE\",\"potentialAction\":[{\"@type\":\"ReadAction\",\"target\":[\"https:\\\/\\\/zonacaral.gob.pe\\\/es\\\/noticias\\\/zona-arqueologica-caral-gana-concurso-de-prociencia-del-concytec\\\/\"]}]},{\"@type\":\"ImageObject\",\"inLanguage\":\"es-PE\",\"@id\":\"https:\\\/\\\/zonacaral.gob.pe\\\/es\\\/noticias\\\/zona-arqueologica-caral-gana-concurso-de-prociencia-del-concytec\\\/#primaryimage\",\"url\":\"https:\\\/\\\/zonacaral.gob.pe\\\/wp-content\\\/uploads\\\/2025\\\/06\\\/caralvichama.jpg\",\"contentUrl\":\"https:\\\/\\\/zonacaral.gob.pe\\\/wp-content\\\/uploads\\\/2025\\\/06\\\/caralvichama.jpg\",\"width\":1920,\"height\":1080},{\"@type\":\"BreadcrumbList\",\"@id\":\"https:\\\/\\\/zonacaral.gob.pe\\\/es\\\/noticias\\\/zona-arqueologica-caral-gana-concurso-de-prociencia-del-concytec\\\/#breadcrumb\",\"itemListElement\":[{\"@type\":\"ListItem\",\"position\":1,\"name\":\"Portada\",\"item\":\"https:\\\/\\\/zonacaral.gob.pe\\\/\"},{\"@type\":\"ListItem\",\"position\":2,\"name\":\"Zona Arqueol\u00f3gica Caral gana concurso de Prociencia del Concytec\"}]},{\"@type\":\"WebSite\",\"@id\":\"https:\\\/\\\/zonacaral.gob.pe\\\/es\\\/#website\",\"url\":\"https:\\\/\\\/zonacaral.gob.pe\\\/es\\\/\",\"name\":\"Zona Caral\",\"description\":\"Investigamos, conservamos y difundimos el patrimonio cultural de la Civilizaci\u00f3n Caral, la m\u00e1s antigua de Am\u00e9rica.\",\"potentialAction\":[{\"@type\":\"SearchAction\",\"target\":{\"@type\":\"EntryPoint\",\"urlTemplate\":\"https:\\\/\\\/zonacaral.gob.pe\\\/es\\\/?s={search_term_string}\"},\"query-input\":{\"@type\":\"PropertyValueSpecification\",\"valueRequired\":true,\"valueName\":\"search_term_string\"}}],\"inLanguage\":\"es-PE\"},{\"@type\":\"Person\",\"@id\":\"https:\\\/\\\/zonacaral.gob.pe\\\/es\\\/#\\\/schema\\\/person\\\/beddb4d22f71a7230c5b90913270a0ee\",\"name\":\"Zona Caral Administrador\",\"image\":{\"@type\":\"ImageObject\",\"inLanguage\":\"es-PE\",\"@id\":\"https:\\\/\\\/secure.gravatar.com\\\/avatar\\\/e4be162918a696358376de6446614e0f0f4062bdc5d170d6d540ada3d8b58c12?s=96&d=mm&r=g\",\"url\":\"https:\\\/\\\/secure.gravatar.com\\\/avatar\\\/e4be162918a696358376de6446614e0f0f4062bdc5d170d6d540ada3d8b58c12?s=96&d=mm&r=g\",\"contentUrl\":\"https:\\\/\\\/secure.gravatar.com\\\/avatar\\\/e4be162918a696358376de6446614e0f0f4062bdc5d170d6d540ada3d8b58c12?s=96&d=mm&r=g\",\"caption\":\"Zona Caral Administrador\"},\"sameAs\":[\"https:\\\/\\\/zonacaral.gob.pe\"],\"url\":\"https:\\\/\\\/zonacaral.gob.pe\\\/es\\\/noticias\\\/author\\\/ad_zonacaral\\\/\"}]}<\/script>\n<!-- \/ Yoast SEO plugin. -->","yoast_head_json":{"title":"Zona Arqueol\u00f3gica Caral gana concurso de Prociencia del Concytec","description":"El proyecto \u201cDe Caral a Vichama: Estrategias Sociopol\u00edticas, Movimiento Poblacional y Adaptaci\u00f3n al Cambio Clim\u00e1tico en los primeros Centros Urbanos de los Andes Centrales\u201d, de la Zona Arqueol\u00f3gica Caral (ZAC), Unidad Ejecutora 003 del Ministerio de Cultura, ha sido seleccionado como beneficiario en el concurso \u201cProyectos de Investigaci\u00f3n en Ciencias Sociales\u201d del Programa Nacional de Investigaci\u00f3n Cient\u00edfica y Estudios Avanzados (Prociencia).Durante miles de a\u00f1os, los seres humanos hemos contemplado el cielo, admirando las estrellas y los astros, y los antiguos caralinos no fueron la excepci\u00f3n. Estudios recientes, realizados en los centros urbanos de la Civilizaci\u00f3n Caral, han demostrado que hace cinco mil a\u00f1os, existieron especialistas que se dedicaban a observar los astros, el Sol, la Luna y las estrellas, con el fin de establecer un calendario clave y puedan realizar sus actividades.","robots":{"index":"index","follow":"follow","max-snippet":"max-snippet:-1","max-image-preview":"max-image-preview:large","max-video-preview":"max-video-preview:-1"},"canonical":"https:\/\/zonacaral.gob.pe\/es\/noticias\/zona-arqueologica-caral-gana-concurso-de-prociencia-del-concytec\/","og_locale":"es_ES","og_type":"article","og_title":"Zona Arqueol\u00f3gica Caral gana concurso de Prociencia del Concytec","og_description":"El proyecto \u201cDe Caral a Vichama: Estrategias Sociopol\u00edticas, Movimiento Poblacional y Adaptaci\u00f3n al Cambio Clim\u00e1tico en los primeros Centros Urbanos de los Andes Centrales\u201d, de la Zona Arqueol\u00f3gica Caral (ZAC), Unidad Ejecutora 003 del Ministerio de Cultura, ha sido seleccionado como beneficiario en el concurso \u201cProyectos de Investigaci\u00f3n en Ciencias Sociales\u201d del Programa Nacional de Investigaci\u00f3n Cient\u00edfica y Estudios Avanzados (Prociencia).Durante miles de a\u00f1os, los seres humanos hemos contemplado el cielo, admirando las estrellas y los astros, y los antiguos caralinos no fueron la excepci\u00f3n. Estudios recientes, realizados en los centros urbanos de la Civilizaci\u00f3n Caral, han demostrado que hace cinco mil a\u00f1os, existieron especialistas que se dedicaban a observar los astros, el Sol, la Luna y las estrellas, con el fin de establecer un calendario clave y puedan realizar sus actividades.","og_url":"https:\/\/zonacaral.gob.pe\/es\/noticias\/zona-arqueologica-caral-gana-concurso-de-prociencia-del-concytec\/","og_site_name":"Zona Caral","article_published_time":"2025-06-30T21:50:56+00:00","og_image":[{"width":1920,"height":1080,"url":"https:\/\/zonacaral.gob.pe\/wp-content\/uploads\/2025\/06\/caralvichama.jpg","type":"image\/jpeg"}],"author":"Zona Caral Administrador","twitter_card":"summary_large_image","twitter_misc":{"Written by":"Zona Caral Administrador","Est. reading time":"4 minutos"},"schema":{"@context":"https:\/\/schema.org","@graph":[{"@type":"Article","@id":"https:\/\/zonacaral.gob.pe\/es\/noticias\/zona-arqueologica-caral-gana-concurso-de-prociencia-del-concytec\/#article","isPartOf":{"@id":"https:\/\/zonacaral.gob.pe\/es\/noticias\/zona-arqueologica-caral-gana-concurso-de-prociencia-del-concytec\/"},"author":{"name":"Zona Caral Administrador","@id":"https:\/\/zonacaral.gob.pe\/es\/#\/schema\/person\/beddb4d22f71a7230c5b90913270a0ee"},"headline":"Zona Arqueol\u00f3gica Caral gana concurso de Prociencia del Concytec","datePublished":"2025-06-30T21:50:56+00:00","mainEntityOfPage":{"@id":"https:\/\/zonacaral.gob.pe\/es\/noticias\/zona-arqueologica-caral-gana-concurso-de-prociencia-del-concytec\/"},"wordCount":763,"image":{"@id":"https:\/\/zonacaral.gob.pe\/es\/noticias\/zona-arqueologica-caral-gana-concurso-de-prociencia-del-concytec\/#primaryimage"},"thumbnailUrl":"https:\/\/zonacaral.gob.pe\/wp-content\/uploads\/2025\/06\/caralvichama.jpg","keywords":["caral","Cultura"],"articleSection":["noticias"],"inLanguage":"es-PE"},{"@type":"WebPage","@id":"https:\/\/zonacaral.gob.pe\/es\/noticias\/zona-arqueologica-caral-gana-concurso-de-prociencia-del-concytec\/","url":"https:\/\/zonacaral.gob.pe\/es\/noticias\/zona-arqueologica-caral-gana-concurso-de-prociencia-del-concytec\/","name":"Zona Arqueol\u00f3gica Caral gana concurso de Prociencia del Concytec","isPartOf":{"@id":"https:\/\/zonacaral.gob.pe\/es\/#website"},"primaryImageOfPage":{"@id":"https:\/\/zonacaral.gob.pe\/es\/noticias\/zona-arqueologica-caral-gana-concurso-de-prociencia-del-concytec\/#primaryimage"},"image":{"@id":"https:\/\/zonacaral.gob.pe\/es\/noticias\/zona-arqueologica-caral-gana-concurso-de-prociencia-del-concytec\/#primaryimage"},"thumbnailUrl":"https:\/\/zonacaral.gob.pe\/wp-content\/uploads\/2025\/06\/caralvichama.jpg","datePublished":"2025-06-30T21:50:56+00:00","author":{"@id":"https:\/\/zonacaral.gob.pe\/es\/#\/schema\/person\/beddb4d22f71a7230c5b90913270a0ee"},"description":"El proyecto \u201cDe Caral a Vichama: Estrategias Sociopol\u00edticas, Movimiento Poblacional y Adaptaci\u00f3n al Cambio Clim\u00e1tico en los primeros Centros Urbanos de los Andes Centrales\u201d, de la Zona Arqueol\u00f3gica Caral (ZAC), Unidad Ejecutora 003 del Ministerio de Cultura, ha sido seleccionado como beneficiario en el concurso \u201cProyectos de Investigaci\u00f3n en Ciencias Sociales\u201d del Programa Nacional de Investigaci\u00f3n Cient\u00edfica y Estudios Avanzados (Prociencia).Durante miles de a\u00f1os, los seres humanos hemos contemplado el cielo, admirando las estrellas y los astros, y los antiguos caralinos no fueron la excepci\u00f3n. Estudios recientes, realizados en los centros urbanos de la Civilizaci\u00f3n Caral, han demostrado que hace cinco mil a\u00f1os, existieron especialistas que se dedicaban a observar los astros, el Sol, la Luna y las estrellas, con el fin de establecer un calendario clave y puedan realizar sus actividades.","breadcrumb":{"@id":"https:\/\/zonacaral.gob.pe\/es\/noticias\/zona-arqueologica-caral-gana-concurso-de-prociencia-del-concytec\/#breadcrumb"},"inLanguage":"es-PE","potentialAction":[{"@type":"ReadAction","target":["https:\/\/zonacaral.gob.pe\/es\/noticias\/zona-arqueologica-caral-gana-concurso-de-prociencia-del-concytec\/"]}]},{"@type":"ImageObject","inLanguage":"es-PE","@id":"https:\/\/zonacaral.gob.pe\/es\/noticias\/zona-arqueologica-caral-gana-concurso-de-prociencia-del-concytec\/#primaryimage","url":"https:\/\/zonacaral.gob.pe\/wp-content\/uploads\/2025\/06\/caralvichama.jpg","contentUrl":"https:\/\/zonacaral.gob.pe\/wp-content\/uploads\/2025\/06\/caralvichama.jpg","width":1920,"height":1080},{"@type":"BreadcrumbList","@id":"https:\/\/zonacaral.gob.pe\/es\/noticias\/zona-arqueologica-caral-gana-concurso-de-prociencia-del-concytec\/#breadcrumb","itemListElement":[{"@type":"ListItem","position":1,"name":"Portada","item":"https:\/\/zonacaral.gob.pe\/"},{"@type":"ListItem","position":2,"name":"Zona Arqueol\u00f3gica Caral gana concurso de Prociencia del Concytec"}]},{"@type":"WebSite","@id":"https:\/\/zonacaral.gob.pe\/es\/#website","url":"https:\/\/zonacaral.gob.pe\/es\/","name":"Zona Caral","description":"Investigamos, conservamos y difundimos el patrimonio cultural de la Civilizaci\u00f3n Caral, la m\u00e1s antigua de Am\u00e9rica.","potentialAction":[{"@type":"SearchAction","target":{"@type":"EntryPoint","urlTemplate":"https:\/\/zonacaral.gob.pe\/es\/?s={search_term_string}"},"query-input":{"@type":"PropertyValueSpecification","valueRequired":true,"valueName":"search_term_string"}}],"inLanguage":"es-PE"},{"@type":"Person","@id":"https:\/\/zonacaral.gob.pe\/es\/#\/schema\/person\/beddb4d22f71a7230c5b90913270a0ee","name":"Zona Caral Administrador","image":{"@type":"ImageObject","inLanguage":"es-PE","@id":"https:\/\/secure.gravatar.com\/avatar\/e4be162918a696358376de6446614e0f0f4062bdc5d170d6d540ada3d8b58c12?s=96&d=mm&r=g","url":"https:\/\/secure.gravatar.com\/avatar\/e4be162918a696358376de6446614e0f0f4062bdc5d170d6d540ada3d8b58c12?s=96&d=mm&r=g","contentUrl":"https:\/\/secure.gravatar.com\/avatar\/e4be162918a696358376de6446614e0f0f4062bdc5d170d6d540ada3d8b58c12?s=96&d=mm&r=g","caption":"Zona Caral Administrador"},"sameAs":["https:\/\/zonacaral.gob.pe"],"url":"https:\/\/zonacaral.gob.pe\/es\/noticias\/author\/ad_zonacaral\/"}]}},"_links":{"self":[{"href":"https:\/\/zonacaral.gob.pe\/es\/wp-json\/wp\/v2\/posts\/18461","targetHints":{"allow":["GET"]}}],"collection":[{"href":"https:\/\/zonacaral.gob.pe\/es\/wp-json\/wp\/v2\/posts"}],"about":[{"href":"https:\/\/zonacaral.gob.pe\/es\/wp-json\/wp\/v2\/types\/post"}],"author":[{"embeddable":true,"href":"https:\/\/zonacaral.gob.pe\/es\/wp-json\/wp\/v2\/users\/1"}],"replies":[{"embeddable":true,"href":"https:\/\/zonacaral.gob.pe\/es\/wp-json\/wp\/v2\/comments?post=18461"}],"version-history":[{"count":0,"href":"https:\/\/zonacaral.gob.pe\/es\/wp-json\/wp\/v2\/posts\/18461\/revisions"}],"wp:featuredmedia":[{"embeddable":true,"href":"https:\/\/zonacaral.gob.pe\/es\/wp-json\/wp\/v2\/media\/18462"}],"wp:attachment":[{"href":"https:\/\/zonacaral.gob.pe\/es\/wp-json\/wp\/v2\/media?parent=18461"}],"wp:term":[{"taxonomy":"category","embeddable":true,"href":"https:\/\/zonacaral.gob.pe\/es\/wp-json\/wp\/v2\/categories?post=18461"},{"taxonomy":"post_tag","embeddable":true,"href":"https:\/\/zonacaral.gob.pe\/es\/wp-json\/wp\/v2\/tags?post=18461"}],"curies":[{"name":"wp","href":"https:\/\/api.w.org\/{rel}","templated":true}]}}