{"id":18469,"date":"2025-07-04T16:26:30","date_gmt":"2025-07-04T21:26:30","guid":{"rendered":"https:\/\/www.zonacaral.gob.pe\/?p=18469"},"modified":"2025-07-04T16:26:30","modified_gmt":"2025-07-04T21:26:30","slug":"penico-la-nueva-joya-arqueologica-de-los-valles-de-supe-y-huaura-abre-sus-puertas-al-peru-y-al-mundo","status":"publish","type":"post","link":"https:\/\/zonacaral.gob.pe\/es\/noticias\/penico-la-nueva-joya-arqueologica-de-los-valles-de-supe-y-huaura-abre-sus-puertas-al-peru-y-al-mundo\/","title":{"rendered":"Pe\u00f1ico: La nueva joya arqueol\u00f3gica de los valles de Supe y Huaura abre sus puertas al Per\u00fa y al mundo"},"content":{"rendered":"<figure class=\"pic-autor\" style=\"color: #4d4d4d; text-align: justify;\"><\/figure>\n<div class=\"gmail_default\" style=\"text-align: justify;\">\n<blockquote>\n<p><b><i>Con 3800 a\u00f1os de antig\u00fcedad, el sitio arqueol\u00f3gico de Pe\u00f1ico fue un centro urbano de integraci\u00f3n social entre la costa y la sierra, donde incluso llegaron bienes de la selva.<\/i><\/b><\/p>\n<\/blockquote>\n<p><span style=\"font-weight: 400;\">En una conferencia de prensa, realizada hoy en el Ministerio de Cultura, la doctora Ruth Shady, directora de la Zona Arqueol\u00f3gica Caral (ZAC), Unidad Ejecutora 003 del Mincul, present\u00f3 los resultados de ocho a\u00f1os de investigaciones en Pe\u00f1ico, <\/span><span style=\"font-weight: 400;\">denominada la \u201cCiudad de la Integraci\u00f3n Social\u201d de las poblaciones del valle de Supe (1800 &#8211; 1500 a. C.), ubicada en la provincia de Huaura, regi\u00f3n Lima.&nbsp;<\/span><\/p>\n<p><b><i>\u201c<\/i><\/b><span style=\"font-weight: 400;\">Este centro urbano se desarroll\u00f3 siguiendo la tradici\u00f3n cultural de Caral. Por su ubicaci\u00f3n estrat\u00e9gica, articul\u00f3 a poblados de la costa y la sierra de Supe y Huaura, as\u00ed como a los que viv\u00edan en el territorio andino andino-amaz\u00f3nico el espacio altoandino de la regi\u00f3n<\/span><b><i>\u201d,<\/i><\/b><span style=\"font-weight: 400;\"> se\u00f1al\u00f3 la arque\u00f3loga Shady Sol\u00eds.<\/span><\/p>\n<p><span style=\"font-weight: 400;\">Durante el evento, anunci\u00f3 la apertura oficial de este importante sitio al turismo nacional e internacional.<\/span><b><i> \u201c<\/i><\/b><span style=\"font-weight: 400;\">Pe\u00f1ico se suma a los sitios arqueol\u00f3gicos que pueden ser visitados bajo nuestra gesti\u00f3n: la Ciudad Sagrada de Caral, la ciudad pesquera de \u00c1spero y la ciudad agropesquera de Vichama. El p\u00fablico podr\u00e1 conocer, tambi\u00e9n, esta ciudad de la integraci\u00f3n<\/span><b><i>\u201d, <\/i><\/b><span style=\"font-weight: 400;\">agreg\u00f3.<\/span><\/p>\n<p><b>Un centro urbano estrat\u00e9gico<\/b><\/p>\n<p><span style=\"font-weight: 400;\">Fundado hacia el a\u00f1o 1800 a. C., el centro urbano de Pe\u00f1ico fue construido a 600 metros sobre el nivel del mar. Fue asentado sobre una terraza geol\u00f3gica paralela al r\u00edo Supe y un gran cono de deyecci\u00f3n. Rodeado por cerros que alcanzan los 1000 metros de altura. Sus constructores \u2014herederos de la tradici\u00f3n caralina\u2014 eligieron esta ubicaci\u00f3n estrat\u00e9gica con m\u00faltiples prop\u00f3sitos: realzar la monumentalidad de sus edificaciones, protegerse de inundaciones, deslizamientos, y promover la interacci\u00f3n y el intercambio.<\/span><\/p>\n<p><span style=\"font-weight: 400;\">Los investigadores de la ZAC han planteado la hip\u00f3tesis: que, despu\u00e9s de la p\u00e9rdida de prestigio de las primeras y m\u00e1s antiguas ciudades principales del valle de Supe, como la Ciudad Sagrada de Caral, los pobladores de Pe\u00f1ico continuaron participando activamente en las redes de interacci\u00f3n social y econ\u00f3mica consolidadas en \u00e9pocas anteriores. Es posible que el prestigio alcanzado por la sociedad de Pe\u00f1ico en el valle, sumado a su funci\u00f3n como nodo en la red de intercambio, estuviera vinculado a la extracci\u00f3n y circulaci\u00f3n de la hematita. Este mineral, utilizado para elaborar un pigmento rojo, ten\u00eda una alta importancia simb\u00f3lica dentro de la cosmolog\u00eda andina.<\/span><\/p>\n<p><b>El Sal\u00f3n ceremonial de los Pututus<\/b><\/p>\n<p><span style=\"font-weight: 400;\">Hasta el momento, se han identificado 18 construcciones en Pe\u00f1ico, incluyendo edificios p\u00fablicos mayores y menores, y complejos residenciales. Entre todas ellas, destaca por sus impresionantes relieves escult\u00f3ricos el componente arquitect\u00f3nico denominado \u00abB2\u00bb, integrado al Edificio P\u00fablico Mayor B1-B3 ubicado, en el sector B del centro urbano.<\/span><\/p>\n<p><span style=\"font-weight: 400;\">En este edificio se aprecian notables dise\u00f1os de pututus, instrumentos musicales representados en los muros de un sal\u00f3n cuadrangular. El pututu, una trompeta de caracol que emite un sonido audible a larga distancia, ten\u00eda en las sociedades andinas funciones cruciales: convocar reuniones, anunciar eventos importantes y ser considerado como s\u00edmbolo de importancia social. Tambi\u00e9n era considerado una importante ofrenda ritual a las deidades, en agradecimiento a los beneficios requeridos y recibidos.<\/span><\/p>\n<p><span style=\"font-weight: 400;\">Seg\u00fan las investigaciones, este edificio habr\u00eda sido el de mayor importancia en la historia urbana de Pe\u00f1ico. De su ubicaci\u00f3n, monumentalidad y caracter\u00edsticas arquitect\u00f3nicas se infiere que all\u00ed se realizaron las actividades administrativas e ideol\u00f3gicas de mayor relevancia en el centro urbano, dirigidas por sus autoridades principales y con la participaci\u00f3n de los grupos de diversa jerarqu\u00eda, congregados en las plazas p\u00fablicas.<\/span><\/p>\n<p><span style=\"font-weight: 400;\">En este Edificio P\u00fablico Mayor se identificaron hallazgos significativos, como esculturas, elaboradas en barro no cocido, que representan personajes antropomorfos, figuras zoomorfas y objetos ceremoniales. Tambi\u00e9n se encontraron collares confeccionados con cuentas de diversos materiales, entre ellos <\/span><i><span style=\"font-weight: 400;\">Spondylus, Argopecten purpuratus<\/span><\/i><span style=\"font-weight: 400;\">, <\/span><i><span style=\"font-weight: 400;\">Felicioliva peruviana<\/span><\/i><span style=\"font-weight: 400;\">, rodocrosita, crisocola, hueso animal y arcilla. Complementan los hallazgos m\u00e1s destacados abundantes artefactos l\u00edticos, como moledores, percutores, chancadores, yunques y batanes.<\/span><\/p>\n<p><b>Festival Pe\u00f1ico Raymi 2025<\/b><\/p>\n<p><span style=\"font-weight: 400;\">Despu\u00e9s de ocho a\u00f1os de intensos trabajos de investigaci\u00f3n y conservaci\u00f3n, a los que se integra la puesta en valor de este sitio, la Zona Arqueol\u00f3gica Caral organizar\u00e1 el primer <\/span><i><span style=\"font-weight: 400;\">Pe\u00f1ico Raymi<\/span><\/i><span style=\"font-weight: 400;\">. Esta fiesta tradicional andina se realizar\u00e1 el s\u00e1bado 12 de julio de 2025, iniciando a las 10:00 a. m., y se presentar\u00e1n diversas actividades culturales. El evento incluir\u00e1 una ceremonia de pago a la Pachamama, un reconocimiento a la poblaci\u00f3n local por su identificaci\u00f3n con el patrimonio cultural y un festival art\u00edstico.<\/span><span style=\"font-weight: 400;\"><br><\/span><span style=\"font-weight: 400;\"><br><\/span><b>Habilitaci\u00f3n tur\u00edstica e informaci\u00f3n para visitantes<\/b><\/p>\n<p><span style=\"font-weight: 400;\">Pe\u00f1ico, al igual que los otros sitios arqueol\u00f3gicos gestionados por la ZAC y que ya est\u00e1n abiertos al p\u00fablico, cuenta con servicios b\u00e1sicos para garantizar una buena experiencia al visitante. Estos incluyen: estacionamientos, un \u00e1rea de recepci\u00f3n y un moderno Centro de Informaci\u00f3n e Interpretaci\u00f3n. En este centro, los visitantes podr\u00e1n conocer la historia social y los valores culturales recuperados de Pe\u00f1ico a trav\u00e9s de recursos museogr\u00e1ficos did\u00e1cticos e interactivos, tales como infograf\u00edas, maquetas, dioramas y recreaciones digitales.<\/span><\/p>\n<p><b>\u00bfC\u00f3mo llegar?<\/b><\/p>\n<p><span style=\"font-weight: 400;\">El sitio arqueol\u00f3gico de Pe\u00f1ico se encuentra aproximadamente a cuatro horas y media de viaje desde la ciudad de Lima. La ruta para llegar es similar a la que se sigue para visitar la Ciudad Sagrada de Caral. Los visitantes deber\u00e1n ingresar por el desv\u00edo al valle de Supe (v\u00eda Caral \u2013 \u00c1mbar), ubicado a la altura del kil\u00f3metro 184 de la Panamericana Norte. Desde este ingreso, se recorren 34 kil\u00f3metros hasta llegar a Pe\u00f1ico.&nbsp;<\/span><\/p>\n<p><span style=\"font-weight: 400;\">El horario de atenci\u00f3n al p\u00fablico es de lunes a domingo, incluyendo d\u00edas feriados, desde las 9:00 a. m. hasta las 4:00 p. m.<\/span><\/p>\n<p><span style=\"font-weight: 400;\">Una opci\u00f3n especial para visitar el sitio es ir desde Lima mediante el servicio&nbsp; \u00abViajes Culturales\u00bb de la Zona Arqueol\u00f3gica Caral. Para obtener m\u00e1s informaci\u00f3n y reservas, los interesados pueden comunicarse al n\u00famero telef\u00f3nico 955 881 340.<\/span><\/p>\n<p><span style=\"font-weight: 400;\">Lima, 3 de julio de 2025<\/span><\/p>\n<p><strong style=\"font-size: inherit; text-align: justify;\">Fuente: Comunicaci\u00f3n e Imagen Institucional ZAC<\/strong><\/p>\n<\/div>\n<div style=\"color: #1f1f1f;\">\n<div style=\"color: #1f1f1f;\">\n<p style=\"text-align: justify;\">Fecha de publicaci\u00f3n: 04\/06\/2025<\/p>\n<\/div>\n<\/div>\n\n\n<p><\/p>\n","protected":false},"excerpt":{"rendered":"<p>Con 3800 a\u00f1os de antig\u00fcedad, el sitio arqueol\u00f3gico de Pe\u00f1ico fue un centro urbano de integraci\u00f3n social entre la costa [&hellip;]<\/p>\n","protected":false},"author":1,"featured_media":18470,"comment_status":"closed","ping_status":"open","sticky":false,"template":"","format":"standard","meta":{"_acf_changed":false,"site-sidebar-layout":"default","site-content-layout":"","ast-site-content-layout":"default","site-content-style":"default","site-sidebar-style":"default","ast-global-header-display":"","ast-banner-title-visibility":"","ast-main-header-display":"","ast-hfb-above-header-display":"","ast-hfb-below-header-display":"","ast-hfb-mobile-header-display":"","site-post-title":"","ast-breadcrumbs-content":"","ast-featured-img":"","footer-sml-layout":"","ast-disable-related-posts":"","theme-transparent-header-meta":"","adv-header-id-meta":"","stick-header-meta":"","header-above-stick-meta":"","header-main-stick-meta":"","header-below-stick-meta":"","astra-migrate-meta-layouts":"default","ast-page-background-enabled":"default","ast-page-background-meta":{"desktop":{"background-color":"var(--ast-global-color-5)","background-image":"","background-repeat":"repeat","background-position":"center center","background-size":"auto","background-attachment":"scroll","background-type":"","background-media":"","overlay-type":"","overlay-color":"","overlay-opacity":"","overlay-gradient":""},"tablet":{"background-color":"","background-image":"","background-repeat":"repeat","background-position":"center center","background-size":"auto","background-attachment":"scroll","background-type":"","background-media":"","overlay-type":"","overlay-color":"","overlay-opacity":"","overlay-gradient":""},"mobile":{"background-color":"","background-image":"","background-repeat":"repeat","background-position":"center center","background-size":"auto","background-attachment":"scroll","background-type":"","background-media":"","overlay-type":"","overlay-color":"","overlay-opacity":"","overlay-gradient":""}},"ast-content-background-meta":{"desktop":{"background-color":"var(--ast-global-color-4)","background-image":"","background-repeat":"repeat","background-position":"center center","background-size":"auto","background-attachment":"scroll","background-type":"","background-media":"","overlay-type":"","overlay-color":"","overlay-opacity":"","overlay-gradient":""},"tablet":{"background-color":"var(--ast-global-color-4)","background-image":"","background-repeat":"repeat","background-position":"center center","background-size":"auto","background-attachment":"scroll","background-type":"","background-media":"","overlay-type":"","overlay-color":"","overlay-opacity":"","overlay-gradient":""},"mobile":{"background-color":"var(--ast-global-color-4)","background-image":"","background-repeat":"repeat","background-position":"center center","background-size":"auto","background-attachment":"scroll","background-type":"","background-media":"","overlay-type":"","overlay-color":"","overlay-opacity":"","overlay-gradient":""}},"footnotes":""},"categories":[208],"tags":[55,72],"class_list":["post-18469","post","type-post","status-publish","format-standard","has-post-thumbnail","hentry","category-noticias","tag-caral","tag-cultura"],"acf":[],"yoast_head":"<!-- This site is optimized with the Yoast SEO plugin v27.3 - https:\/\/yoast.com\/product\/yoast-seo-wordpress\/ -->\n<title>Zona Arqueol\u00f3gica Caral gana concurso de Prociencia del Concytec<\/title>\n<meta name=\"description\" content=\"En una conferencia de prensa, realizada hoy en el Ministerio de Cultura, la doctora Ruth Shady, directora de la Zona Arqueol\u00f3gica Caral (ZAC), Unidad Ejecutora 003 del Mincul, present\u00f3 los resultados de ocho a\u00f1os de investigaciones en Pe\u00f1ico, denominada la \u201cCiudad de la Integraci\u00f3n Social\u201d de las poblaciones del valle de Supe (1800 - 1500 a. C.), ubicada en la provincia de Huaura, regi\u00f3n Lima.\u00a0\" \/>\n<meta name=\"robots\" content=\"index, follow, max-snippet:-1, max-image-preview:large, max-video-preview:-1\" \/>\n<link rel=\"canonical\" href=\"https:\/\/zonacaral.gob.pe\/es\/noticias\/penico-la-nueva-joya-arqueologica-de-los-valles-de-supe-y-huaura-abre-sus-puertas-al-peru-y-al-mundo\/\" \/>\n<meta property=\"og:locale\" content=\"es_ES\" \/>\n<meta property=\"og:type\" content=\"article\" \/>\n<meta property=\"og:title\" content=\"Zona Arqueol\u00f3gica Caral gana concurso de Prociencia del Concytec\" \/>\n<meta property=\"og:description\" content=\"En una conferencia de prensa, realizada hoy en el Ministerio de Cultura, la doctora Ruth Shady, directora de la Zona Arqueol\u00f3gica Caral (ZAC), Unidad Ejecutora 003 del Mincul, present\u00f3 los resultados de ocho a\u00f1os de investigaciones en Pe\u00f1ico, denominada la \u201cCiudad de la Integraci\u00f3n Social\u201d de las poblaciones del valle de Supe (1800 - 1500 a. C.), ubicada en la provincia de Huaura, regi\u00f3n Lima.\u00a0\" \/>\n<meta property=\"og:url\" content=\"https:\/\/zonacaral.gob.pe\/es\/noticias\/penico-la-nueva-joya-arqueologica-de-los-valles-de-supe-y-huaura-abre-sus-puertas-al-peru-y-al-mundo\/\" \/>\n<meta property=\"og:site_name\" content=\"Zona Caral\" \/>\n<meta property=\"article:published_time\" content=\"2025-07-04T21:26:30+00:00\" \/>\n<meta property=\"og:image\" content=\"https:\/\/zonacaral.gob.pe\/wp-content\/uploads\/2025\/07\/PENICO-1.jpg\" \/>\n\t<meta property=\"og:image:width\" content=\"1500\" \/>\n\t<meta property=\"og:image:height\" content=\"900\" \/>\n\t<meta property=\"og:image:type\" content=\"image\/jpeg\" \/>\n<meta name=\"author\" content=\"Zona Caral Administrador\" \/>\n<meta name=\"twitter:card\" content=\"summary_large_image\" \/>\n<meta name=\"twitter:label1\" content=\"Written by\" \/>\n\t<meta name=\"twitter:data1\" content=\"Zona Caral Administrador\" \/>\n\t<meta name=\"twitter:label2\" content=\"Est. reading time\" \/>\n\t<meta name=\"twitter:data2\" content=\"5 minutos\" \/>\n<script type=\"application\/ld+json\" class=\"yoast-schema-graph\">{\"@context\":\"https:\\\/\\\/schema.org\",\"@graph\":[{\"@type\":\"Article\",\"@id\":\"https:\\\/\\\/zonacaral.gob.pe\\\/es\\\/noticias\\\/penico-la-nueva-joya-arqueologica-de-los-valles-de-supe-y-huaura-abre-sus-puertas-al-peru-y-al-mundo\\\/#article\",\"isPartOf\":{\"@id\":\"https:\\\/\\\/zonacaral.gob.pe\\\/es\\\/noticias\\\/penico-la-nueva-joya-arqueologica-de-los-valles-de-supe-y-huaura-abre-sus-puertas-al-peru-y-al-mundo\\\/\"},\"author\":{\"name\":\"Zona Caral Administrador\",\"@id\":\"https:\\\/\\\/zonacaral.gob.pe\\\/es\\\/#\\\/schema\\\/person\\\/beddb4d22f71a7230c5b90913270a0ee\"},\"headline\":\"Pe\u00f1ico: La nueva joya arqueol\u00f3gica de los valles de Supe y Huaura abre sus puertas al Per\u00fa y al mundo\",\"datePublished\":\"2025-07-04T21:26:30+00:00\",\"mainEntityOfPage\":{\"@id\":\"https:\\\/\\\/zonacaral.gob.pe\\\/es\\\/noticias\\\/penico-la-nueva-joya-arqueologica-de-los-valles-de-supe-y-huaura-abre-sus-puertas-al-peru-y-al-mundo\\\/\"},\"wordCount\":1094,\"image\":{\"@id\":\"https:\\\/\\\/zonacaral.gob.pe\\\/es\\\/noticias\\\/penico-la-nueva-joya-arqueologica-de-los-valles-de-supe-y-huaura-abre-sus-puertas-al-peru-y-al-mundo\\\/#primaryimage\"},\"thumbnailUrl\":\"https:\\\/\\\/zonacaral.gob.pe\\\/wp-content\\\/uploads\\\/2025\\\/07\\\/PENICO-1.jpg\",\"keywords\":[\"caral\",\"Cultura\"],\"articleSection\":[\"noticias\"],\"inLanguage\":\"es-PE\"},{\"@type\":\"WebPage\",\"@id\":\"https:\\\/\\\/zonacaral.gob.pe\\\/es\\\/noticias\\\/penico-la-nueva-joya-arqueologica-de-los-valles-de-supe-y-huaura-abre-sus-puertas-al-peru-y-al-mundo\\\/\",\"url\":\"https:\\\/\\\/zonacaral.gob.pe\\\/es\\\/noticias\\\/penico-la-nueva-joya-arqueologica-de-los-valles-de-supe-y-huaura-abre-sus-puertas-al-peru-y-al-mundo\\\/\",\"name\":\"Zona Arqueol\u00f3gica Caral gana concurso de Prociencia del Concytec\",\"isPartOf\":{\"@id\":\"https:\\\/\\\/zonacaral.gob.pe\\\/es\\\/#website\"},\"primaryImageOfPage\":{\"@id\":\"https:\\\/\\\/zonacaral.gob.pe\\\/es\\\/noticias\\\/penico-la-nueva-joya-arqueologica-de-los-valles-de-supe-y-huaura-abre-sus-puertas-al-peru-y-al-mundo\\\/#primaryimage\"},\"image\":{\"@id\":\"https:\\\/\\\/zonacaral.gob.pe\\\/es\\\/noticias\\\/penico-la-nueva-joya-arqueologica-de-los-valles-de-supe-y-huaura-abre-sus-puertas-al-peru-y-al-mundo\\\/#primaryimage\"},\"thumbnailUrl\":\"https:\\\/\\\/zonacaral.gob.pe\\\/wp-content\\\/uploads\\\/2025\\\/07\\\/PENICO-1.jpg\",\"datePublished\":\"2025-07-04T21:26:30+00:00\",\"author\":{\"@id\":\"https:\\\/\\\/zonacaral.gob.pe\\\/es\\\/#\\\/schema\\\/person\\\/beddb4d22f71a7230c5b90913270a0ee\"},\"description\":\"En una conferencia de prensa, realizada hoy en el Ministerio de Cultura, la doctora Ruth Shady, directora de la Zona Arqueol\u00f3gica Caral (ZAC), Unidad Ejecutora 003 del Mincul, present\u00f3 los resultados de ocho a\u00f1os de investigaciones en Pe\u00f1ico, denominada la \u201cCiudad de la Integraci\u00f3n Social\u201d de las poblaciones del valle de Supe (1800 - 1500 a. C.), ubicada en la provincia de Huaura, regi\u00f3n Lima.\u00a0\",\"breadcrumb\":{\"@id\":\"https:\\\/\\\/zonacaral.gob.pe\\\/es\\\/noticias\\\/penico-la-nueva-joya-arqueologica-de-los-valles-de-supe-y-huaura-abre-sus-puertas-al-peru-y-al-mundo\\\/#breadcrumb\"},\"inLanguage\":\"es-PE\",\"potentialAction\":[{\"@type\":\"ReadAction\",\"target\":[\"https:\\\/\\\/zonacaral.gob.pe\\\/es\\\/noticias\\\/penico-la-nueva-joya-arqueologica-de-los-valles-de-supe-y-huaura-abre-sus-puertas-al-peru-y-al-mundo\\\/\"]}]},{\"@type\":\"ImageObject\",\"inLanguage\":\"es-PE\",\"@id\":\"https:\\\/\\\/zonacaral.gob.pe\\\/es\\\/noticias\\\/penico-la-nueva-joya-arqueologica-de-los-valles-de-supe-y-huaura-abre-sus-puertas-al-peru-y-al-mundo\\\/#primaryimage\",\"url\":\"https:\\\/\\\/zonacaral.gob.pe\\\/wp-content\\\/uploads\\\/2025\\\/07\\\/PENICO-1.jpg\",\"contentUrl\":\"https:\\\/\\\/zonacaral.gob.pe\\\/wp-content\\\/uploads\\\/2025\\\/07\\\/PENICO-1.jpg\",\"width\":1500,\"height\":900},{\"@type\":\"BreadcrumbList\",\"@id\":\"https:\\\/\\\/zonacaral.gob.pe\\\/es\\\/noticias\\\/penico-la-nueva-joya-arqueologica-de-los-valles-de-supe-y-huaura-abre-sus-puertas-al-peru-y-al-mundo\\\/#breadcrumb\",\"itemListElement\":[{\"@type\":\"ListItem\",\"position\":1,\"name\":\"Portada\",\"item\":\"https:\\\/\\\/zonacaral.gob.pe\\\/\"},{\"@type\":\"ListItem\",\"position\":2,\"name\":\"Pe\u00f1ico: La nueva joya arqueol\u00f3gica de los valles de Supe y Huaura abre sus puertas al Per\u00fa y al mundo\"}]},{\"@type\":\"WebSite\",\"@id\":\"https:\\\/\\\/zonacaral.gob.pe\\\/es\\\/#website\",\"url\":\"https:\\\/\\\/zonacaral.gob.pe\\\/es\\\/\",\"name\":\"Zona Caral\",\"description\":\"Investigamos, conservamos y difundimos el patrimonio cultural de la Civilizaci\u00f3n Caral, la m\u00e1s antigua de Am\u00e9rica.\",\"potentialAction\":[{\"@type\":\"SearchAction\",\"target\":{\"@type\":\"EntryPoint\",\"urlTemplate\":\"https:\\\/\\\/zonacaral.gob.pe\\\/es\\\/?s={search_term_string}\"},\"query-input\":{\"@type\":\"PropertyValueSpecification\",\"valueRequired\":true,\"valueName\":\"search_term_string\"}}],\"inLanguage\":\"es-PE\"},{\"@type\":\"Person\",\"@id\":\"https:\\\/\\\/zonacaral.gob.pe\\\/es\\\/#\\\/schema\\\/person\\\/beddb4d22f71a7230c5b90913270a0ee\",\"name\":\"Zona Caral Administrador\",\"image\":{\"@type\":\"ImageObject\",\"inLanguage\":\"es-PE\",\"@id\":\"https:\\\/\\\/secure.gravatar.com\\\/avatar\\\/e4be162918a696358376de6446614e0f0f4062bdc5d170d6d540ada3d8b58c12?s=96&d=mm&r=g\",\"url\":\"https:\\\/\\\/secure.gravatar.com\\\/avatar\\\/e4be162918a696358376de6446614e0f0f4062bdc5d170d6d540ada3d8b58c12?s=96&d=mm&r=g\",\"contentUrl\":\"https:\\\/\\\/secure.gravatar.com\\\/avatar\\\/e4be162918a696358376de6446614e0f0f4062bdc5d170d6d540ada3d8b58c12?s=96&d=mm&r=g\",\"caption\":\"Zona Caral Administrador\"},\"sameAs\":[\"https:\\\/\\\/zonacaral.gob.pe\"],\"url\":\"https:\\\/\\\/zonacaral.gob.pe\\\/es\\\/noticias\\\/author\\\/ad_zonacaral\\\/\"}]}<\/script>\n<!-- \/ Yoast SEO plugin. -->","yoast_head_json":{"title":"Zona Arqueol\u00f3gica Caral gana concurso de Prociencia del Concytec","description":"En una conferencia de prensa, realizada hoy en el Ministerio de Cultura, la doctora Ruth Shady, directora de la Zona Arqueol\u00f3gica Caral (ZAC), Unidad Ejecutora 003 del Mincul, present\u00f3 los resultados de ocho a\u00f1os de investigaciones en Pe\u00f1ico, denominada la \u201cCiudad de la Integraci\u00f3n Social\u201d de las poblaciones del valle de Supe (1800 - 1500 a. C.), ubicada en la provincia de Huaura, regi\u00f3n Lima.\u00a0","robots":{"index":"index","follow":"follow","max-snippet":"max-snippet:-1","max-image-preview":"max-image-preview:large","max-video-preview":"max-video-preview:-1"},"canonical":"https:\/\/zonacaral.gob.pe\/es\/noticias\/penico-la-nueva-joya-arqueologica-de-los-valles-de-supe-y-huaura-abre-sus-puertas-al-peru-y-al-mundo\/","og_locale":"es_ES","og_type":"article","og_title":"Zona Arqueol\u00f3gica Caral gana concurso de Prociencia del Concytec","og_description":"En una conferencia de prensa, realizada hoy en el Ministerio de Cultura, la doctora Ruth Shady, directora de la Zona Arqueol\u00f3gica Caral (ZAC), Unidad Ejecutora 003 del Mincul, present\u00f3 los resultados de ocho a\u00f1os de investigaciones en Pe\u00f1ico, denominada la \u201cCiudad de la Integraci\u00f3n Social\u201d de las poblaciones del valle de Supe (1800 - 1500 a. C.), ubicada en la provincia de Huaura, regi\u00f3n Lima.\u00a0","og_url":"https:\/\/zonacaral.gob.pe\/es\/noticias\/penico-la-nueva-joya-arqueologica-de-los-valles-de-supe-y-huaura-abre-sus-puertas-al-peru-y-al-mundo\/","og_site_name":"Zona Caral","article_published_time":"2025-07-04T21:26:30+00:00","og_image":[{"width":1500,"height":900,"url":"https:\/\/zonacaral.gob.pe\/wp-content\/uploads\/2025\/07\/PENICO-1.jpg","type":"image\/jpeg"}],"author":"Zona Caral Administrador","twitter_card":"summary_large_image","twitter_misc":{"Written by":"Zona Caral Administrador","Est. reading time":"5 minutos"},"schema":{"@context":"https:\/\/schema.org","@graph":[{"@type":"Article","@id":"https:\/\/zonacaral.gob.pe\/es\/noticias\/penico-la-nueva-joya-arqueologica-de-los-valles-de-supe-y-huaura-abre-sus-puertas-al-peru-y-al-mundo\/#article","isPartOf":{"@id":"https:\/\/zonacaral.gob.pe\/es\/noticias\/penico-la-nueva-joya-arqueologica-de-los-valles-de-supe-y-huaura-abre-sus-puertas-al-peru-y-al-mundo\/"},"author":{"name":"Zona Caral Administrador","@id":"https:\/\/zonacaral.gob.pe\/es\/#\/schema\/person\/beddb4d22f71a7230c5b90913270a0ee"},"headline":"Pe\u00f1ico: La nueva joya arqueol\u00f3gica de los valles de Supe y Huaura abre sus puertas al Per\u00fa y al mundo","datePublished":"2025-07-04T21:26:30+00:00","mainEntityOfPage":{"@id":"https:\/\/zonacaral.gob.pe\/es\/noticias\/penico-la-nueva-joya-arqueologica-de-los-valles-de-supe-y-huaura-abre-sus-puertas-al-peru-y-al-mundo\/"},"wordCount":1094,"image":{"@id":"https:\/\/zonacaral.gob.pe\/es\/noticias\/penico-la-nueva-joya-arqueologica-de-los-valles-de-supe-y-huaura-abre-sus-puertas-al-peru-y-al-mundo\/#primaryimage"},"thumbnailUrl":"https:\/\/zonacaral.gob.pe\/wp-content\/uploads\/2025\/07\/PENICO-1.jpg","keywords":["caral","Cultura"],"articleSection":["noticias"],"inLanguage":"es-PE"},{"@type":"WebPage","@id":"https:\/\/zonacaral.gob.pe\/es\/noticias\/penico-la-nueva-joya-arqueologica-de-los-valles-de-supe-y-huaura-abre-sus-puertas-al-peru-y-al-mundo\/","url":"https:\/\/zonacaral.gob.pe\/es\/noticias\/penico-la-nueva-joya-arqueologica-de-los-valles-de-supe-y-huaura-abre-sus-puertas-al-peru-y-al-mundo\/","name":"Zona Arqueol\u00f3gica Caral gana concurso de Prociencia del Concytec","isPartOf":{"@id":"https:\/\/zonacaral.gob.pe\/es\/#website"},"primaryImageOfPage":{"@id":"https:\/\/zonacaral.gob.pe\/es\/noticias\/penico-la-nueva-joya-arqueologica-de-los-valles-de-supe-y-huaura-abre-sus-puertas-al-peru-y-al-mundo\/#primaryimage"},"image":{"@id":"https:\/\/zonacaral.gob.pe\/es\/noticias\/penico-la-nueva-joya-arqueologica-de-los-valles-de-supe-y-huaura-abre-sus-puertas-al-peru-y-al-mundo\/#primaryimage"},"thumbnailUrl":"https:\/\/zonacaral.gob.pe\/wp-content\/uploads\/2025\/07\/PENICO-1.jpg","datePublished":"2025-07-04T21:26:30+00:00","author":{"@id":"https:\/\/zonacaral.gob.pe\/es\/#\/schema\/person\/beddb4d22f71a7230c5b90913270a0ee"},"description":"En una conferencia de prensa, realizada hoy en el Ministerio de Cultura, la doctora Ruth Shady, directora de la Zona Arqueol\u00f3gica Caral (ZAC), Unidad Ejecutora 003 del Mincul, present\u00f3 los resultados de ocho a\u00f1os de investigaciones en Pe\u00f1ico, denominada la \u201cCiudad de la Integraci\u00f3n Social\u201d de las poblaciones del valle de Supe (1800 - 1500 a. C.), ubicada en la provincia de Huaura, regi\u00f3n Lima.\u00a0","breadcrumb":{"@id":"https:\/\/zonacaral.gob.pe\/es\/noticias\/penico-la-nueva-joya-arqueologica-de-los-valles-de-supe-y-huaura-abre-sus-puertas-al-peru-y-al-mundo\/#breadcrumb"},"inLanguage":"es-PE","potentialAction":[{"@type":"ReadAction","target":["https:\/\/zonacaral.gob.pe\/es\/noticias\/penico-la-nueva-joya-arqueologica-de-los-valles-de-supe-y-huaura-abre-sus-puertas-al-peru-y-al-mundo\/"]}]},{"@type":"ImageObject","inLanguage":"es-PE","@id":"https:\/\/zonacaral.gob.pe\/es\/noticias\/penico-la-nueva-joya-arqueologica-de-los-valles-de-supe-y-huaura-abre-sus-puertas-al-peru-y-al-mundo\/#primaryimage","url":"https:\/\/zonacaral.gob.pe\/wp-content\/uploads\/2025\/07\/PENICO-1.jpg","contentUrl":"https:\/\/zonacaral.gob.pe\/wp-content\/uploads\/2025\/07\/PENICO-1.jpg","width":1500,"height":900},{"@type":"BreadcrumbList","@id":"https:\/\/zonacaral.gob.pe\/es\/noticias\/penico-la-nueva-joya-arqueologica-de-los-valles-de-supe-y-huaura-abre-sus-puertas-al-peru-y-al-mundo\/#breadcrumb","itemListElement":[{"@type":"ListItem","position":1,"name":"Portada","item":"https:\/\/zonacaral.gob.pe\/"},{"@type":"ListItem","position":2,"name":"Pe\u00f1ico: La nueva joya arqueol\u00f3gica de los valles de Supe y Huaura abre sus puertas al Per\u00fa y al mundo"}]},{"@type":"WebSite","@id":"https:\/\/zonacaral.gob.pe\/es\/#website","url":"https:\/\/zonacaral.gob.pe\/es\/","name":"Zona Caral","description":"Investigamos, conservamos y difundimos el patrimonio cultural de la Civilizaci\u00f3n Caral, la m\u00e1s antigua de Am\u00e9rica.","potentialAction":[{"@type":"SearchAction","target":{"@type":"EntryPoint","urlTemplate":"https:\/\/zonacaral.gob.pe\/es\/?s={search_term_string}"},"query-input":{"@type":"PropertyValueSpecification","valueRequired":true,"valueName":"search_term_string"}}],"inLanguage":"es-PE"},{"@type":"Person","@id":"https:\/\/zonacaral.gob.pe\/es\/#\/schema\/person\/beddb4d22f71a7230c5b90913270a0ee","name":"Zona Caral Administrador","image":{"@type":"ImageObject","inLanguage":"es-PE","@id":"https:\/\/secure.gravatar.com\/avatar\/e4be162918a696358376de6446614e0f0f4062bdc5d170d6d540ada3d8b58c12?s=96&d=mm&r=g","url":"https:\/\/secure.gravatar.com\/avatar\/e4be162918a696358376de6446614e0f0f4062bdc5d170d6d540ada3d8b58c12?s=96&d=mm&r=g","contentUrl":"https:\/\/secure.gravatar.com\/avatar\/e4be162918a696358376de6446614e0f0f4062bdc5d170d6d540ada3d8b58c12?s=96&d=mm&r=g","caption":"Zona Caral Administrador"},"sameAs":["https:\/\/zonacaral.gob.pe"],"url":"https:\/\/zonacaral.gob.pe\/es\/noticias\/author\/ad_zonacaral\/"}]}},"_links":{"self":[{"href":"https:\/\/zonacaral.gob.pe\/es\/wp-json\/wp\/v2\/posts\/18469","targetHints":{"allow":["GET"]}}],"collection":[{"href":"https:\/\/zonacaral.gob.pe\/es\/wp-json\/wp\/v2\/posts"}],"about":[{"href":"https:\/\/zonacaral.gob.pe\/es\/wp-json\/wp\/v2\/types\/post"}],"author":[{"embeddable":true,"href":"https:\/\/zonacaral.gob.pe\/es\/wp-json\/wp\/v2\/users\/1"}],"replies":[{"embeddable":true,"href":"https:\/\/zonacaral.gob.pe\/es\/wp-json\/wp\/v2\/comments?post=18469"}],"version-history":[{"count":0,"href":"https:\/\/zonacaral.gob.pe\/es\/wp-json\/wp\/v2\/posts\/18469\/revisions"}],"wp:featuredmedia":[{"embeddable":true,"href":"https:\/\/zonacaral.gob.pe\/es\/wp-json\/wp\/v2\/media\/18470"}],"wp:attachment":[{"href":"https:\/\/zonacaral.gob.pe\/es\/wp-json\/wp\/v2\/media?parent=18469"}],"wp:term":[{"taxonomy":"category","embeddable":true,"href":"https:\/\/zonacaral.gob.pe\/es\/wp-json\/wp\/v2\/categories?post=18469"},{"taxonomy":"post_tag","embeddable":true,"href":"https:\/\/zonacaral.gob.pe\/es\/wp-json\/wp\/v2\/tags?post=18469"}],"curies":[{"name":"wp","href":"https:\/\/api.w.org\/{rel}","templated":true}]}}