{"id":18479,"date":"2025-07-08T15:25:55","date_gmt":"2025-07-08T20:25:55","guid":{"rendered":"https:\/\/www.zonacaral.gob.pe\/?p=18479"},"modified":"2025-07-08T15:25:55","modified_gmt":"2025-07-08T20:25:55","slug":"agenda-caral-julio","status":"publish","type":"post","link":"https:\/\/zonacaral.gob.pe\/es\/noticias\/agenda-caral-julio\/","title":{"rendered":"AGENDA CARAL: JULIO"},"content":{"rendered":"<figure class=\"pic-autor\" style=\"color: #4d4d4d; text-align: justify;\"><\/figure>\n<div class=\"gmail_default\" style=\"text-align: justify;\">\n<blockquote>\n<p><em><span style=\"font-weight: 400;\">Conoce la Civilizaci\u00f3n Caral y siente el orgullo de ser peruano. <\/span><\/em><\/p>\n<\/blockquote>\n<p><span style=\"font-weight: 400;\">En julio, mes de celebraci\u00f3n nacional, la <\/span><a href=\"https:\/\/www.instagram.com\/caralperu\/?hl=es\"><span style=\"font-weight: 400;\">Zona Arqueol\u00f3gica Caral<\/span><\/a><span style=\"font-weight: 400;\"> (ZAC), Unidad Ejecutora 003 del Ministerio de Cultura, te invita a participar en sus actividades culturales. Estas experiencias te acercar\u00e1n a tu patrimonio arqueol\u00f3gico milenario y te har\u00e1n sentir orgulloso de haber nacido en este pa\u00eds donde hace cinco mil a\u00f1os se desarroll\u00f3 la civilizaci\u00f3n m\u00e1s antigua de Am\u00e9rica: Caral.<\/span><\/p>\n<p><span style=\"font-weight: 400;\">Este mes es especialmente significativo para la historia del Per\u00fa. Con la presentaci\u00f3n de los resultados de ocho a\u00f1os de investigaci\u00f3n en el sitio arqueol\u00f3gico Pe\u00f1ico, Ciudad de la Integraci\u00f3n, realizaremos talleres gratuitos y viajes culturales para conocer los principales asentamientos arqueol\u00f3gicos del primer foco civilizatorio de Am\u00e9rica.<\/span><\/p>\n<p><span style=\"font-weight: 400;\">Por ello, te invitamos a participar en:<\/span><\/p>\n<p><b>Primer \u201cPe\u00f1ico Raymi\u201d 2025.<\/b><span style=\"font-weight: 400;\">&nbsp;<\/span><\/p>\n<p><span style=\"font-weight: 400;\">La doctora Ruth Shady y el equipo multidisciplinario de la Zona Arqueol\u00f3gica Caral, te invitan a ser parte de esta celebraci\u00f3n andina que marcar\u00e1 la <\/span><a href=\"https:\/\/www.gob.pe\/institucion\/caral\/campa%C3%B1as\/110796-penico-raymi-2025\"><span style=\"font-weight: 400;\">apertura oficial de Pe\u00f1ico<\/span><\/a><span style=\"font-weight: 400;\">, antiguo centro urbano que, hace 3800 a\u00f1os, integr\u00f3 a las antiguas sociedad de costa, sierra y selva, manteniendo la tradici\u00f3n cultural de la Civilizaci\u00f3n Caral.<\/span><\/p>\n<p><span style=\"font-weight: 400;\">La actividad iniciar\u00e1 a las 10:00 a. m. con una ceremonia de Pago a la Pachamama. Luego los participantes podr\u00e1n visitar el sitio arqueol\u00f3gico y conocer todas las bondades del asentamiento, como sus centros de interpretaci\u00f3n e informaci\u00f3n, y la exposici\u00f3n y venta de productos agrarios y artesanales. Y, desde la 1:00 p. m. hasta las 3:00 p. m., se desarrollar\u00e1 el festival art\u00edstico \u201cRuna Raymi\u201d.<\/span><a href=\"https:\/\/www.gob.pe\/institucion\/caral\/campa%C3%B1as\/110796-penico-raymi-2025\"> <span style=\"font-weight: 400;\">Conoce m\u00e1s aqu\u00ed.<\/span><\/a><\/p>\n<p><b>VIAJES CULTURALES<\/b><\/p>\n<p><b>S\u00e1bado, 12 de julio: <\/b><span style=\"font-weight: 400;\">vive el <\/span><b>Pe\u00f1ico Raymi 2025. <\/b><span style=\"font-weight: 400;\">El programa de Viajes Culturales de la ZAC te invita a inscribirte y participar en este recorrido de un d\u00eda completo para ser parte de la primera fiesta andina en Pe\u00f1ico, Ciudad de la Integraci\u00f3n ubicada en el valle de Supe, distrito y provincia de Huaura.<\/span><\/p>\n<p><b>S\u00e1bado 27 y domingo 28: <\/b><span style=\"font-weight: 400;\">participa en el <\/span><b>Campamento Patri\u00f3tico y Milenario <\/b><span style=\"font-weight: 400;\">en la Ciudad Sagrada de Caral-Supe, Patrimonio Mundial. Durante dos d\u00edas y una noche, conocer\u00e1s de cerca los avances cient\u00edficos y tecnol\u00f3gicos de la Civilizaci\u00f3n Caral, en un viaje que te conectar\u00e1 con la cultura ancestral, la naturaleza y la tradici\u00f3n oral mediante historias y cuentos.<\/span><\/p>\n<p><span style=\"font-weight: 400;\">Este recorrido exclusivo te llevar\u00e1 por primera vez a todos los sitios arqueol\u00f3gicos musealizados, y que conforman la <\/span><a href=\"https:\/\/www.zonacaral.gob.pe\/ruta-caral\/\"><span style=\"font-weight: 400;\">Ruta Caral<\/span><\/a><span style=\"font-weight: 400;\">: Ciudad Sagrada de Caral-Supe, Patrimonio Mundial; Pe\u00f1ico, ciudad de la integraci\u00f3n social; \u00c1spero, ciudad pesquera; y Vichama, ciudad agropesquera.<\/span><\/p>\n<p><span style=\"font-weight: 400;\">Para m\u00e1s informaci\u00f3n e inscripciones, comun\u00edcate al WhatsApp: 955 881 340.<\/span><\/p>\n<p><b>TALLERES CARAL PARA TODOS<\/b><\/p>\n<p><b>Viernes, 18 de julio:<\/b><span style=\"font-weight: 400;\"> a trav\u00e9s de los <\/span><b>talleres Caral para Todos, <\/b><span style=\"font-weight: 400;\">el Museo Caral desarrollar\u00e1 el taller familiar <\/span><b>\u201cA tejer shicras\u201d<\/b><span style=\"font-weight: 400;\">, una actividad pensada para acercar a ni\u00f1os, j\u00f3venes y adultos al conocimiento sobre nuestro patrimonio cultural, al tiempo que promueve el desarrollo de habilidades art\u00edsticas, cognitivas y motrices, a trav\u00e9s de la elaboraci\u00f3n de una <\/span><i><span style=\"font-weight: 400;\">shicra<\/span><\/i><span style=\"font-weight: 400;\">, objeto milenario utilizado con fines sismorresistentes.&nbsp;<\/span><\/p>\n<p><span style=\"font-weight: 400;\">La actividad se realizar\u00e1 en la sala 888 del Ministerio de Cultura (Av. Javier Prado Este 2465, San Borja), en dos horarios: 10:30 a. m. y 3:30 p. m. M\u00e1s informaci\u00f3n al: 955 881 340.<\/span><\/p>\n<p><strong style=\"font-size: inherit; text-align: justify;\">Fuente: Comunicaci\u00f3n e Imagen Institucional ZAC<\/strong><\/p>\n<\/div>\n<div style=\"color: #1f1f1f;\">\n<div style=\"color: #1f1f1f;\">\n<p style=\"text-align: justify;\">Fecha de publicaci\u00f3n: 08\/06\/2025<\/p>\n<\/div>\n<\/div>\n\n\n<p><\/p>\n","protected":false},"excerpt":{"rendered":"<p>Conoce la Civilizaci\u00f3n Caral y siente el orgullo de ser peruano. En julio, mes de celebraci\u00f3n nacional, la Zona Arqueol\u00f3gica [&hellip;]<\/p>\n","protected":false},"author":1,"featured_media":18480,"comment_status":"closed","ping_status":"open","sticky":false,"template":"","format":"standard","meta":{"_acf_changed":false,"site-sidebar-layout":"default","site-content-layout":"","ast-site-content-layout":"default","site-content-style":"default","site-sidebar-style":"default","ast-global-header-display":"","ast-banner-title-visibility":"","ast-main-header-display":"","ast-hfb-above-header-display":"","ast-hfb-below-header-display":"","ast-hfb-mobile-header-display":"","site-post-title":"","ast-breadcrumbs-content":"","ast-featured-img":"","footer-sml-layout":"","ast-disable-related-posts":"","theme-transparent-header-meta":"","adv-header-id-meta":"","stick-header-meta":"","header-above-stick-meta":"","header-main-stick-meta":"","header-below-stick-meta":"","astra-migrate-meta-layouts":"default","ast-page-background-enabled":"default","ast-page-background-meta":{"desktop":{"background-color":"var(--ast-global-color-5)","background-image":"","background-repeat":"repeat","background-position":"center center","background-size":"auto","background-attachment":"scroll","background-type":"","background-media":"","overlay-type":"","overlay-color":"","overlay-opacity":"","overlay-gradient":""},"tablet":{"background-color":"","background-image":"","background-repeat":"repeat","background-position":"center center","background-size":"auto","background-attachment":"scroll","background-type":"","background-media":"","overlay-type":"","overlay-color":"","overlay-opacity":"","overlay-gradient":""},"mobile":{"background-color":"","background-image":"","background-repeat":"repeat","background-position":"center center","background-size":"auto","background-attachment":"scroll","background-type":"","background-media":"","overlay-type":"","overlay-color":"","overlay-opacity":"","overlay-gradient":""}},"ast-content-background-meta":{"desktop":{"background-color":"var(--ast-global-color-4)","background-image":"","background-repeat":"repeat","background-position":"center center","background-size":"auto","background-attachment":"scroll","background-type":"","background-media":"","overlay-type":"","overlay-color":"","overlay-opacity":"","overlay-gradient":""},"tablet":{"background-color":"var(--ast-global-color-4)","background-image":"","background-repeat":"repeat","background-position":"center center","background-size":"auto","background-attachment":"scroll","background-type":"","background-media":"","overlay-type":"","overlay-color":"","overlay-opacity":"","overlay-gradient":""},"mobile":{"background-color":"var(--ast-global-color-4)","background-image":"","background-repeat":"repeat","background-position":"center center","background-size":"auto","background-attachment":"scroll","background-type":"","background-media":"","overlay-type":"","overlay-color":"","overlay-opacity":"","overlay-gradient":""}},"footnotes":""},"categories":[208],"tags":[55,72],"class_list":["post-18479","post","type-post","status-publish","format-standard","has-post-thumbnail","hentry","category-noticias","tag-caral","tag-cultura"],"acf":[],"yoast_head":"<!-- This site is optimized with the Yoast SEO plugin v27.3 - https:\/\/yoast.com\/product\/yoast-seo-wordpress\/ -->\n<title>AGENDA CARAL: JULIO<\/title>\n<meta name=\"description\" content=\"En julio, mes de celebraci\u00f3n nacional, la Zona Arqueol\u00f3gica Caral (ZAC), Unidad Ejecutora 003 del Ministerio de Cultura, te invita a participar en sus actividades culturales. Estas experiencias te acercar\u00e1n a tu patrimonio arqueol\u00f3gico milenario y te har\u00e1n sentir orgulloso de haber nacido en este pa\u00eds donde hace cinco mil a\u00f1os se desarroll\u00f3 la civilizaci\u00f3n m\u00e1s antigua de Am\u00e9rica: Caral.\" \/>\n<meta name=\"robots\" content=\"index, follow, max-snippet:-1, max-image-preview:large, max-video-preview:-1\" \/>\n<link rel=\"canonical\" href=\"https:\/\/zonacaral.gob.pe\/es\/noticias\/agenda-caral-julio\/\" \/>\n<meta property=\"og:locale\" content=\"es_ES\" \/>\n<meta property=\"og:type\" content=\"article\" \/>\n<meta property=\"og:title\" content=\"AGENDA CARAL: JULIO\" \/>\n<meta property=\"og:description\" content=\"En julio, mes de celebraci\u00f3n nacional, la Zona Arqueol\u00f3gica Caral (ZAC), Unidad Ejecutora 003 del Ministerio de Cultura, te invita a participar en sus actividades culturales. Estas experiencias te acercar\u00e1n a tu patrimonio arqueol\u00f3gico milenario y te har\u00e1n sentir orgulloso de haber nacido en este pa\u00eds donde hace cinco mil a\u00f1os se desarroll\u00f3 la civilizaci\u00f3n m\u00e1s antigua de Am\u00e9rica: Caral.\" \/>\n<meta property=\"og:url\" content=\"https:\/\/zonacaral.gob.pe\/es\/noticias\/agenda-caral-julio\/\" \/>\n<meta property=\"og:site_name\" content=\"Zona Caral\" \/>\n<meta property=\"article:published_time\" content=\"2025-07-08T20:25:55+00:00\" \/>\n<meta property=\"og:image\" content=\"https:\/\/zonacaral.gob.pe\/wp-content\/uploads\/2025\/07\/1-30.jpg\" \/>\n\t<meta property=\"og:image:width\" content=\"1501\" \/>\n\t<meta property=\"og:image:height\" content=\"801\" \/>\n\t<meta property=\"og:image:type\" content=\"image\/jpeg\" \/>\n<meta name=\"author\" content=\"Zona Caral Administrador\" \/>\n<meta name=\"twitter:card\" content=\"summary_large_image\" \/>\n<meta name=\"twitter:label1\" content=\"Written by\" \/>\n\t<meta name=\"twitter:data1\" content=\"Zona Caral Administrador\" \/>\n\t<meta name=\"twitter:label2\" content=\"Est. reading time\" \/>\n\t<meta name=\"twitter:data2\" content=\"3 minutos\" \/>\n<script type=\"application\/ld+json\" class=\"yoast-schema-graph\">{\"@context\":\"https:\\\/\\\/schema.org\",\"@graph\":[{\"@type\":\"Article\",\"@id\":\"https:\\\/\\\/zonacaral.gob.pe\\\/es\\\/noticias\\\/agenda-caral-julio\\\/#article\",\"isPartOf\":{\"@id\":\"https:\\\/\\\/zonacaral.gob.pe\\\/es\\\/noticias\\\/agenda-caral-julio\\\/\"},\"author\":{\"name\":\"Zona Caral Administrador\",\"@id\":\"https:\\\/\\\/zonacaral.gob.pe\\\/es\\\/#\\\/schema\\\/person\\\/beddb4d22f71a7230c5b90913270a0ee\"},\"headline\":\"AGENDA CARAL: JULIO\",\"datePublished\":\"2025-07-08T20:25:55+00:00\",\"mainEntityOfPage\":{\"@id\":\"https:\\\/\\\/zonacaral.gob.pe\\\/es\\\/noticias\\\/agenda-caral-julio\\\/\"},\"wordCount\":576,\"image\":{\"@id\":\"https:\\\/\\\/zonacaral.gob.pe\\\/es\\\/noticias\\\/agenda-caral-julio\\\/#primaryimage\"},\"thumbnailUrl\":\"https:\\\/\\\/zonacaral.gob.pe\\\/wp-content\\\/uploads\\\/2025\\\/07\\\/1-30.jpg\",\"keywords\":[\"caral\",\"Cultura\"],\"articleSection\":[\"noticias\"],\"inLanguage\":\"es-PE\"},{\"@type\":\"WebPage\",\"@id\":\"https:\\\/\\\/zonacaral.gob.pe\\\/es\\\/noticias\\\/agenda-caral-julio\\\/\",\"url\":\"https:\\\/\\\/zonacaral.gob.pe\\\/es\\\/noticias\\\/agenda-caral-julio\\\/\",\"name\":\"AGENDA CARAL: JULIO\",\"isPartOf\":{\"@id\":\"https:\\\/\\\/zonacaral.gob.pe\\\/es\\\/#website\"},\"primaryImageOfPage\":{\"@id\":\"https:\\\/\\\/zonacaral.gob.pe\\\/es\\\/noticias\\\/agenda-caral-julio\\\/#primaryimage\"},\"image\":{\"@id\":\"https:\\\/\\\/zonacaral.gob.pe\\\/es\\\/noticias\\\/agenda-caral-julio\\\/#primaryimage\"},\"thumbnailUrl\":\"https:\\\/\\\/zonacaral.gob.pe\\\/wp-content\\\/uploads\\\/2025\\\/07\\\/1-30.jpg\",\"datePublished\":\"2025-07-08T20:25:55+00:00\",\"author\":{\"@id\":\"https:\\\/\\\/zonacaral.gob.pe\\\/es\\\/#\\\/schema\\\/person\\\/beddb4d22f71a7230c5b90913270a0ee\"},\"description\":\"En julio, mes de celebraci\u00f3n nacional, la Zona Arqueol\u00f3gica Caral (ZAC), Unidad Ejecutora 003 del Ministerio de Cultura, te invita a participar en sus actividades culturales. Estas experiencias te acercar\u00e1n a tu patrimonio arqueol\u00f3gico milenario y te har\u00e1n sentir orgulloso de haber nacido en este pa\u00eds donde hace cinco mil a\u00f1os se desarroll\u00f3 la civilizaci\u00f3n m\u00e1s antigua de Am\u00e9rica: Caral.\",\"breadcrumb\":{\"@id\":\"https:\\\/\\\/zonacaral.gob.pe\\\/es\\\/noticias\\\/agenda-caral-julio\\\/#breadcrumb\"},\"inLanguage\":\"es-PE\",\"potentialAction\":[{\"@type\":\"ReadAction\",\"target\":[\"https:\\\/\\\/zonacaral.gob.pe\\\/es\\\/noticias\\\/agenda-caral-julio\\\/\"]}]},{\"@type\":\"ImageObject\",\"inLanguage\":\"es-PE\",\"@id\":\"https:\\\/\\\/zonacaral.gob.pe\\\/es\\\/noticias\\\/agenda-caral-julio\\\/#primaryimage\",\"url\":\"https:\\\/\\\/zonacaral.gob.pe\\\/wp-content\\\/uploads\\\/2025\\\/07\\\/1-30.jpg\",\"contentUrl\":\"https:\\\/\\\/zonacaral.gob.pe\\\/wp-content\\\/uploads\\\/2025\\\/07\\\/1-30.jpg\",\"width\":1501,\"height\":801},{\"@type\":\"BreadcrumbList\",\"@id\":\"https:\\\/\\\/zonacaral.gob.pe\\\/es\\\/noticias\\\/agenda-caral-julio\\\/#breadcrumb\",\"itemListElement\":[{\"@type\":\"ListItem\",\"position\":1,\"name\":\"Portada\",\"item\":\"https:\\\/\\\/zonacaral.gob.pe\\\/\"},{\"@type\":\"ListItem\",\"position\":2,\"name\":\"AGENDA CARAL: JULIO\"}]},{\"@type\":\"WebSite\",\"@id\":\"https:\\\/\\\/zonacaral.gob.pe\\\/es\\\/#website\",\"url\":\"https:\\\/\\\/zonacaral.gob.pe\\\/es\\\/\",\"name\":\"Zona Caral\",\"description\":\"Investigamos, conservamos y difundimos el patrimonio cultural de la Civilizaci\u00f3n Caral, la m\u00e1s antigua de Am\u00e9rica.\",\"potentialAction\":[{\"@type\":\"SearchAction\",\"target\":{\"@type\":\"EntryPoint\",\"urlTemplate\":\"https:\\\/\\\/zonacaral.gob.pe\\\/es\\\/?s={search_term_string}\"},\"query-input\":{\"@type\":\"PropertyValueSpecification\",\"valueRequired\":true,\"valueName\":\"search_term_string\"}}],\"inLanguage\":\"es-PE\"},{\"@type\":\"Person\",\"@id\":\"https:\\\/\\\/zonacaral.gob.pe\\\/es\\\/#\\\/schema\\\/person\\\/beddb4d22f71a7230c5b90913270a0ee\",\"name\":\"Zona Caral Administrador\",\"image\":{\"@type\":\"ImageObject\",\"inLanguage\":\"es-PE\",\"@id\":\"https:\\\/\\\/secure.gravatar.com\\\/avatar\\\/e4be162918a696358376de6446614e0f0f4062bdc5d170d6d540ada3d8b58c12?s=96&d=mm&r=g\",\"url\":\"https:\\\/\\\/secure.gravatar.com\\\/avatar\\\/e4be162918a696358376de6446614e0f0f4062bdc5d170d6d540ada3d8b58c12?s=96&d=mm&r=g\",\"contentUrl\":\"https:\\\/\\\/secure.gravatar.com\\\/avatar\\\/e4be162918a696358376de6446614e0f0f4062bdc5d170d6d540ada3d8b58c12?s=96&d=mm&r=g\",\"caption\":\"Zona Caral Administrador\"},\"sameAs\":[\"https:\\\/\\\/zonacaral.gob.pe\"],\"url\":\"https:\\\/\\\/zonacaral.gob.pe\\\/es\\\/noticias\\\/author\\\/ad_zonacaral\\\/\"}]}<\/script>\n<!-- \/ Yoast SEO plugin. -->","yoast_head_json":{"title":"AGENDA CARAL: JULIO","description":"En julio, mes de celebraci\u00f3n nacional, la Zona Arqueol\u00f3gica Caral (ZAC), Unidad Ejecutora 003 del Ministerio de Cultura, te invita a participar en sus actividades culturales. Estas experiencias te acercar\u00e1n a tu patrimonio arqueol\u00f3gico milenario y te har\u00e1n sentir orgulloso de haber nacido en este pa\u00eds donde hace cinco mil a\u00f1os se desarroll\u00f3 la civilizaci\u00f3n m\u00e1s antigua de Am\u00e9rica: Caral.","robots":{"index":"index","follow":"follow","max-snippet":"max-snippet:-1","max-image-preview":"max-image-preview:large","max-video-preview":"max-video-preview:-1"},"canonical":"https:\/\/zonacaral.gob.pe\/es\/noticias\/agenda-caral-julio\/","og_locale":"es_ES","og_type":"article","og_title":"AGENDA CARAL: JULIO","og_description":"En julio, mes de celebraci\u00f3n nacional, la Zona Arqueol\u00f3gica Caral (ZAC), Unidad Ejecutora 003 del Ministerio de Cultura, te invita a participar en sus actividades culturales. Estas experiencias te acercar\u00e1n a tu patrimonio arqueol\u00f3gico milenario y te har\u00e1n sentir orgulloso de haber nacido en este pa\u00eds donde hace cinco mil a\u00f1os se desarroll\u00f3 la civilizaci\u00f3n m\u00e1s antigua de Am\u00e9rica: Caral.","og_url":"https:\/\/zonacaral.gob.pe\/es\/noticias\/agenda-caral-julio\/","og_site_name":"Zona Caral","article_published_time":"2025-07-08T20:25:55+00:00","og_image":[{"width":1501,"height":801,"url":"https:\/\/zonacaral.gob.pe\/wp-content\/uploads\/2025\/07\/1-30.jpg","type":"image\/jpeg"}],"author":"Zona Caral Administrador","twitter_card":"summary_large_image","twitter_misc":{"Written by":"Zona Caral Administrador","Est. reading time":"3 minutos"},"schema":{"@context":"https:\/\/schema.org","@graph":[{"@type":"Article","@id":"https:\/\/zonacaral.gob.pe\/es\/noticias\/agenda-caral-julio\/#article","isPartOf":{"@id":"https:\/\/zonacaral.gob.pe\/es\/noticias\/agenda-caral-julio\/"},"author":{"name":"Zona Caral Administrador","@id":"https:\/\/zonacaral.gob.pe\/es\/#\/schema\/person\/beddb4d22f71a7230c5b90913270a0ee"},"headline":"AGENDA CARAL: JULIO","datePublished":"2025-07-08T20:25:55+00:00","mainEntityOfPage":{"@id":"https:\/\/zonacaral.gob.pe\/es\/noticias\/agenda-caral-julio\/"},"wordCount":576,"image":{"@id":"https:\/\/zonacaral.gob.pe\/es\/noticias\/agenda-caral-julio\/#primaryimage"},"thumbnailUrl":"https:\/\/zonacaral.gob.pe\/wp-content\/uploads\/2025\/07\/1-30.jpg","keywords":["caral","Cultura"],"articleSection":["noticias"],"inLanguage":"es-PE"},{"@type":"WebPage","@id":"https:\/\/zonacaral.gob.pe\/es\/noticias\/agenda-caral-julio\/","url":"https:\/\/zonacaral.gob.pe\/es\/noticias\/agenda-caral-julio\/","name":"AGENDA CARAL: JULIO","isPartOf":{"@id":"https:\/\/zonacaral.gob.pe\/es\/#website"},"primaryImageOfPage":{"@id":"https:\/\/zonacaral.gob.pe\/es\/noticias\/agenda-caral-julio\/#primaryimage"},"image":{"@id":"https:\/\/zonacaral.gob.pe\/es\/noticias\/agenda-caral-julio\/#primaryimage"},"thumbnailUrl":"https:\/\/zonacaral.gob.pe\/wp-content\/uploads\/2025\/07\/1-30.jpg","datePublished":"2025-07-08T20:25:55+00:00","author":{"@id":"https:\/\/zonacaral.gob.pe\/es\/#\/schema\/person\/beddb4d22f71a7230c5b90913270a0ee"},"description":"En julio, mes de celebraci\u00f3n nacional, la Zona Arqueol\u00f3gica Caral (ZAC), Unidad Ejecutora 003 del Ministerio de Cultura, te invita a participar en sus actividades culturales. Estas experiencias te acercar\u00e1n a tu patrimonio arqueol\u00f3gico milenario y te har\u00e1n sentir orgulloso de haber nacido en este pa\u00eds donde hace cinco mil a\u00f1os se desarroll\u00f3 la civilizaci\u00f3n m\u00e1s antigua de Am\u00e9rica: Caral.","breadcrumb":{"@id":"https:\/\/zonacaral.gob.pe\/es\/noticias\/agenda-caral-julio\/#breadcrumb"},"inLanguage":"es-PE","potentialAction":[{"@type":"ReadAction","target":["https:\/\/zonacaral.gob.pe\/es\/noticias\/agenda-caral-julio\/"]}]},{"@type":"ImageObject","inLanguage":"es-PE","@id":"https:\/\/zonacaral.gob.pe\/es\/noticias\/agenda-caral-julio\/#primaryimage","url":"https:\/\/zonacaral.gob.pe\/wp-content\/uploads\/2025\/07\/1-30.jpg","contentUrl":"https:\/\/zonacaral.gob.pe\/wp-content\/uploads\/2025\/07\/1-30.jpg","width":1501,"height":801},{"@type":"BreadcrumbList","@id":"https:\/\/zonacaral.gob.pe\/es\/noticias\/agenda-caral-julio\/#breadcrumb","itemListElement":[{"@type":"ListItem","position":1,"name":"Portada","item":"https:\/\/zonacaral.gob.pe\/"},{"@type":"ListItem","position":2,"name":"AGENDA CARAL: JULIO"}]},{"@type":"WebSite","@id":"https:\/\/zonacaral.gob.pe\/es\/#website","url":"https:\/\/zonacaral.gob.pe\/es\/","name":"Zona Caral","description":"Investigamos, conservamos y difundimos el patrimonio cultural de la Civilizaci\u00f3n Caral, la m\u00e1s antigua de Am\u00e9rica.","potentialAction":[{"@type":"SearchAction","target":{"@type":"EntryPoint","urlTemplate":"https:\/\/zonacaral.gob.pe\/es\/?s={search_term_string}"},"query-input":{"@type":"PropertyValueSpecification","valueRequired":true,"valueName":"search_term_string"}}],"inLanguage":"es-PE"},{"@type":"Person","@id":"https:\/\/zonacaral.gob.pe\/es\/#\/schema\/person\/beddb4d22f71a7230c5b90913270a0ee","name":"Zona Caral Administrador","image":{"@type":"ImageObject","inLanguage":"es-PE","@id":"https:\/\/secure.gravatar.com\/avatar\/e4be162918a696358376de6446614e0f0f4062bdc5d170d6d540ada3d8b58c12?s=96&d=mm&r=g","url":"https:\/\/secure.gravatar.com\/avatar\/e4be162918a696358376de6446614e0f0f4062bdc5d170d6d540ada3d8b58c12?s=96&d=mm&r=g","contentUrl":"https:\/\/secure.gravatar.com\/avatar\/e4be162918a696358376de6446614e0f0f4062bdc5d170d6d540ada3d8b58c12?s=96&d=mm&r=g","caption":"Zona Caral Administrador"},"sameAs":["https:\/\/zonacaral.gob.pe"],"url":"https:\/\/zonacaral.gob.pe\/es\/noticias\/author\/ad_zonacaral\/"}]}},"_links":{"self":[{"href":"https:\/\/zonacaral.gob.pe\/es\/wp-json\/wp\/v2\/posts\/18479","targetHints":{"allow":["GET"]}}],"collection":[{"href":"https:\/\/zonacaral.gob.pe\/es\/wp-json\/wp\/v2\/posts"}],"about":[{"href":"https:\/\/zonacaral.gob.pe\/es\/wp-json\/wp\/v2\/types\/post"}],"author":[{"embeddable":true,"href":"https:\/\/zonacaral.gob.pe\/es\/wp-json\/wp\/v2\/users\/1"}],"replies":[{"embeddable":true,"href":"https:\/\/zonacaral.gob.pe\/es\/wp-json\/wp\/v2\/comments?post=18479"}],"version-history":[{"count":0,"href":"https:\/\/zonacaral.gob.pe\/es\/wp-json\/wp\/v2\/posts\/18479\/revisions"}],"wp:featuredmedia":[{"embeddable":true,"href":"https:\/\/zonacaral.gob.pe\/es\/wp-json\/wp\/v2\/media\/18480"}],"wp:attachment":[{"href":"https:\/\/zonacaral.gob.pe\/es\/wp-json\/wp\/v2\/media?parent=18479"}],"wp:term":[{"taxonomy":"category","embeddable":true,"href":"https:\/\/zonacaral.gob.pe\/es\/wp-json\/wp\/v2\/categories?post=18479"},{"taxonomy":"post_tag","embeddable":true,"href":"https:\/\/zonacaral.gob.pe\/es\/wp-json\/wp\/v2\/tags?post=18479"}],"curies":[{"name":"wp","href":"https:\/\/api.w.org\/{rel}","templated":true}]}}