{"id":18487,"date":"2025-07-16T10:08:53","date_gmt":"2025-07-16T15:08:53","guid":{"rendered":"https:\/\/www.zonacaral.gob.pe\/?p=18487"},"modified":"2025-07-16T10:08:53","modified_gmt":"2025-07-16T15:08:53","slug":"tesoros-de-caral-del-mes-de-julio","status":"publish","type":"post","link":"https:\/\/zonacaral.gob.pe\/es\/noticias\/tesoros-de-caral-del-mes-de-julio\/","title":{"rendered":"Tesoros de Caral del mes de julio"},"content":{"rendered":"<figure class=\"pic-autor\" style=\"color: #4d4d4d; text-align: justify;\"><\/figure>\n<div class=\"gmail_default\" style=\"text-align: justify;\">\n<blockquote>\n<p><i><span style=\"font-weight: 400;\">Pareja de autoridades de Miraya: el poder compartido en la Civilizaci\u00f3n Caral<\/span><\/i><\/p>\n<\/blockquote>\n<p><span style=\"font-weight: 400;\">La <\/span><a href=\"https:\/\/www.instagram.com\/caralperu\/?hl=es\"><span style=\"font-weight: 400;\">Zona Arqueol\u00f3gica Caral<\/span><\/a><span style=\"font-weight: 400;\">, Unidad Ejecutora 003 del Ministerio de Cultura del Per\u00fa, presenta a trav\u00e9s de la web del Museo Caral Virtual un nuevo <\/span><a href=\"https:\/\/www.zonacaral.gob.pe\/museo\/caral\/tesoros-de-caral.html\"><span style=\"font-weight: 400;\">Tesoro de Caral<\/span><\/a><span style=\"font-weight: 400;\">: <\/span><b>las esculturas de Miraya<\/b><span style=\"font-weight: 400;\">. Este valioso hallazgo arqueol\u00f3gico destaca no solo por su antig\u00fcedad y valor est\u00e9tico, sino tambi\u00e9n por lo que revela sobre la organizaci\u00f3n pol\u00edtica, la vida comunitaria y la complementariedad de g\u00e9nero en la civilizaci\u00f3n m\u00e1s antigua de Am\u00e9rica: Caral.<\/span><\/p>\n<p><span style=\"font-weight: 400;\">Miraya (1800-1500 a. C.), ubicado en el distrito de Supe, en la provincia de Barranca,\u00a0 departamento de Lima, es uno de los doce antiguos centros urbanos de la Civilizaci\u00f3n Caral investigados por la Zona Arqueol\u00f3gica Caral, bajo la direcci\u00f3n de la <\/span><a href=\"https:\/\/www.facebook.com\/share\/v\/16M811h5u3\/\"><span style=\"font-weight: 400;\">doctora Ruth Shady Sol\u00eds<\/span><\/a><span style=\"font-weight: 400;\">. Fue declarado Patrimonio Cultural de la Naci\u00f3n en 2002 y zona arqueol\u00f3gica monumental en 2011. Sus antiguos habitantes prosperaron en un entorno desafiante gracias a la organizaci\u00f3n colectiva y un sistema pol\u00edtico-social colaborativo, dirigido por autoridades civiles y religiosas que coordinaban el trabajo en beneficio com\u00fan.<\/span><\/p>\n<p><span style=\"font-weight: 400;\">Las esculturas halladas en Miraya fueron hechas en arcilla sin cocer y representan a una pareja de autoridades de alto rango. La figura femenina muestra su rol pol\u00edtico y ceremonial con vestimenta fina y collares, mientras que el masculino lleva tocado y orejeras, s\u00edmbolos de su funci\u00f3n en la gesti\u00f3n comunitaria. Estas figuras reflejan la dualidad y complementariedad de g\u00e9nero en la sociedad caralina. Los hallazgos confirman que las mujeres tambi\u00e9n ten\u00edan poder, participaban en rituales y tomaban decisiones importantes para el desarrollo social.<\/span><\/p>\n<p><b>El mensaje de Miraya: liderazgo con valores<\/b><\/p>\n<p><span style=\"font-weight: 400;\">La pareja de Miraya nos deja un mensaje claro y vigente: es posible construir sociedades equitativas y arm\u00f3nicas cuando el liderazgo se ejerce con responsabilidad colectiva y en favor del bienestar compartido. El ejemplo de los l\u00edderes de Caral nos invita a reflexionar sobre los valores que guiaron a la primera civilizaci\u00f3n andina: cooperaci\u00f3n, respeto mutuo, compromiso con la comunidad y una visi\u00f3n compartida del futuro. Son ense\u00f1anzas que, desde el pasado, pueden contribuir a enfrentar los problemas de la sociedad contempor\u00e1nea.<\/span><\/p>\n<p><b>Dato<\/b><\/p>\n<p><b>Tesoros de Caral<\/b><span style=\"font-weight: 400;\"> es una propuesta educativa del <\/span><a href=\"https:\/\/www.zonacaral.gob.pe\/museo\/caral\/index.html\"><span style=\"font-weight: 400;\">Museo Caral Virtual<\/span><\/a><span style=\"font-weight: 400;\"> que nos invita a reflexionar sobre nuestro pasado y a comprometernos activamente con la preservaci\u00f3n del patrimonio arqueol\u00f3gico de la Civilizaci\u00f3n Caral. A trav\u00e9s de objetos, hallados en sitios vinculados a esta antigua civilizaci\u00f3n, se busca difundir sus valores y conocimientos.<\/span><\/p>\n<p><span style=\"font-weight: 400;\">Descubre m\u00e1s sobre este y otros Tesoros de Caral en la p\u00e1gina web del Museo Caral Virtual: <\/span><a href=\"https:\/\/bit.ly\/TesorosDeCaral\"><span style=\"font-weight: 400;\">bit.ly\/TesorosDeCaral<\/span><\/a><\/p>\n<p><strong style=\"font-size: inherit; text-align: justify;\">Fuente: Comunicaci\u00f3n e Imagen Institucional ZAC<\/strong><\/p>\n<\/div>\n<div style=\"color: #1f1f1f;\">\n<div style=\"color: #1f1f1f;\">\n<p style=\"text-align: justify;\">Fecha de publicaci\u00f3n: 08\/06\/2025<\/p>\n<\/div>\n<\/div>\n\n\n<p><\/p>\n","protected":false},"excerpt":{"rendered":"<p>Pareja de autoridades de Miraya: el poder compartido en la Civilizaci\u00f3n Caral La Zona Arqueol\u00f3gica Caral, Unidad Ejecutora 003 del [&hellip;]<\/p>\n","protected":false},"author":1,"featured_media":18488,"comment_status":"closed","ping_status":"open","sticky":false,"template":"","format":"standard","meta":{"_acf_changed":false,"site-sidebar-layout":"default","site-content-layout":"","ast-site-content-layout":"default","site-content-style":"default","site-sidebar-style":"default","ast-global-header-display":"","ast-banner-title-visibility":"","ast-main-header-display":"","ast-hfb-above-header-display":"","ast-hfb-below-header-display":"","ast-hfb-mobile-header-display":"","site-post-title":"","ast-breadcrumbs-content":"","ast-featured-img":"","footer-sml-layout":"","ast-disable-related-posts":"","theme-transparent-header-meta":"","adv-header-id-meta":"","stick-header-meta":"","header-above-stick-meta":"","header-main-stick-meta":"","header-below-stick-meta":"","astra-migrate-meta-layouts":"default","ast-page-background-enabled":"default","ast-page-background-meta":{"desktop":{"background-color":"var(--ast-global-color-5)","background-image":"","background-repeat":"repeat","background-position":"center center","background-size":"auto","background-attachment":"scroll","background-type":"","background-media":"","overlay-type":"","overlay-color":"","overlay-opacity":"","overlay-gradient":""},"tablet":{"background-color":"","background-image":"","background-repeat":"repeat","background-position":"center center","background-size":"auto","background-attachment":"scroll","background-type":"","background-media":"","overlay-type":"","overlay-color":"","overlay-opacity":"","overlay-gradient":""},"mobile":{"background-color":"","background-image":"","background-repeat":"repeat","background-position":"center center","background-size":"auto","background-attachment":"scroll","background-type":"","background-media":"","overlay-type":"","overlay-color":"","overlay-opacity":"","overlay-gradient":""}},"ast-content-background-meta":{"desktop":{"background-color":"var(--ast-global-color-4)","background-image":"","background-repeat":"repeat","background-position":"center center","background-size":"auto","background-attachment":"scroll","background-type":"","background-media":"","overlay-type":"","overlay-color":"","overlay-opacity":"","overlay-gradient":""},"tablet":{"background-color":"var(--ast-global-color-4)","background-image":"","background-repeat":"repeat","background-position":"center center","background-size":"auto","background-attachment":"scroll","background-type":"","background-media":"","overlay-type":"","overlay-color":"","overlay-opacity":"","overlay-gradient":""},"mobile":{"background-color":"var(--ast-global-color-4)","background-image":"","background-repeat":"repeat","background-position":"center center","background-size":"auto","background-attachment":"scroll","background-type":"","background-media":"","overlay-type":"","overlay-color":"","overlay-opacity":"","overlay-gradient":""}},"footnotes":""},"categories":[208],"tags":[55,72],"class_list":["post-18487","post","type-post","status-publish","format-standard","has-post-thumbnail","hentry","category-noticias","tag-caral","tag-cultura"],"acf":[],"yoast_head":"<!-- This site is optimized with the Yoast SEO plugin v27.3 - https:\/\/yoast.com\/product\/yoast-seo-wordpress\/ -->\n<title>Tesoros de Caral del mes de julio<\/title>\n<meta name=\"description\" content=\"La Zona Arqueol\u00f3gica Caral, Unidad Ejecutora 003 del Ministerio de Cultura del Per\u00fa, presenta a trav\u00e9s de la web del Museo Caral Virtual un nuevo Tesoro de Caral: las esculturas de Miraya. Este valioso hallazgo arqueol\u00f3gico destaca no solo por su antig\u00fcedad y valor est\u00e9tico, sino tambi\u00e9n por lo que revela sobre la organizaci\u00f3n pol\u00edtica, la vida comunitaria y la complementariedad de g\u00e9nero en la civilizaci\u00f3n m\u00e1s antigua de Am\u00e9rica: Caral.En julio, mes de celebraci\u00f3n nacional, la Zona Arqueol\u00f3gica Caral (ZAC), Unidad Ejecutora 003 del Ministerio de Cultura, te invita a participar en sus actividades culturales. Estas experiencias te acercar\u00e1n a tu patrimonio arqueol\u00f3gico milenario y te har\u00e1n sentir orgulloso de haber nacido en este pa\u00eds donde hace cinco mil a\u00f1os se desarroll\u00f3 la civilizaci\u00f3n m\u00e1s antigua de Am\u00e9rica: Caral.\" \/>\n<meta name=\"robots\" content=\"index, follow, max-snippet:-1, max-image-preview:large, max-video-preview:-1\" \/>\n<link rel=\"canonical\" href=\"https:\/\/zonacaral.gob.pe\/es\/noticias\/tesoros-de-caral-del-mes-de-julio\/\" \/>\n<meta property=\"og:locale\" content=\"es_ES\" \/>\n<meta property=\"og:type\" content=\"article\" \/>\n<meta property=\"og:title\" content=\"Tesoros de Caral del mes de julio\" \/>\n<meta property=\"og:description\" content=\"La Zona Arqueol\u00f3gica Caral, Unidad Ejecutora 003 del Ministerio de Cultura del Per\u00fa, presenta a trav\u00e9s de la web del Museo Caral Virtual un nuevo Tesoro de Caral: las esculturas de Miraya. Este valioso hallazgo arqueol\u00f3gico destaca no solo por su antig\u00fcedad y valor est\u00e9tico, sino tambi\u00e9n por lo que revela sobre la organizaci\u00f3n pol\u00edtica, la vida comunitaria y la complementariedad de g\u00e9nero en la civilizaci\u00f3n m\u00e1s antigua de Am\u00e9rica: Caral.En julio, mes de celebraci\u00f3n nacional, la Zona Arqueol\u00f3gica Caral (ZAC), Unidad Ejecutora 003 del Ministerio de Cultura, te invita a participar en sus actividades culturales. Estas experiencias te acercar\u00e1n a tu patrimonio arqueol\u00f3gico milenario y te har\u00e1n sentir orgulloso de haber nacido en este pa\u00eds donde hace cinco mil a\u00f1os se desarroll\u00f3 la civilizaci\u00f3n m\u00e1s antigua de Am\u00e9rica: Caral.\" \/>\n<meta property=\"og:url\" content=\"https:\/\/zonacaral.gob.pe\/es\/noticias\/tesoros-de-caral-del-mes-de-julio\/\" \/>\n<meta property=\"og:site_name\" content=\"Zona Caral\" \/>\n<meta property=\"article:published_time\" content=\"2025-07-16T15:08:53+00:00\" \/>\n<meta property=\"og:image\" content=\"https:\/\/zonacaral.gob.pe\/wp-content\/uploads\/2025\/07\/Tesoro_julio.jpg\" \/>\n\t<meta property=\"og:image:width\" content=\"1760\" \/>\n\t<meta property=\"og:image:height\" content=\"886\" \/>\n\t<meta property=\"og:image:type\" content=\"image\/jpeg\" \/>\n<meta name=\"author\" content=\"Zona Caral Administrador\" \/>\n<meta name=\"twitter:card\" content=\"summary_large_image\" \/>\n<meta name=\"twitter:label1\" content=\"Written by\" \/>\n\t<meta name=\"twitter:data1\" content=\"Zona Caral Administrador\" \/>\n\t<meta name=\"twitter:label2\" content=\"Est. reading time\" \/>\n\t<meta name=\"twitter:data2\" content=\"2 minutos\" \/>\n<script type=\"application\/ld+json\" class=\"yoast-schema-graph\">{\"@context\":\"https:\\\/\\\/schema.org\",\"@graph\":[{\"@type\":\"Article\",\"@id\":\"https:\\\/\\\/zonacaral.gob.pe\\\/es\\\/noticias\\\/tesoros-de-caral-del-mes-de-julio\\\/#article\",\"isPartOf\":{\"@id\":\"https:\\\/\\\/zonacaral.gob.pe\\\/es\\\/noticias\\\/tesoros-de-caral-del-mes-de-julio\\\/\"},\"author\":{\"name\":\"Zona Caral Administrador\",\"@id\":\"https:\\\/\\\/zonacaral.gob.pe\\\/es\\\/#\\\/schema\\\/person\\\/beddb4d22f71a7230c5b90913270a0ee\"},\"headline\":\"Tesoros de Caral del mes de julio\",\"datePublished\":\"2025-07-16T15:08:53+00:00\",\"mainEntityOfPage\":{\"@id\":\"https:\\\/\\\/zonacaral.gob.pe\\\/es\\\/noticias\\\/tesoros-de-caral-del-mes-de-julio\\\/\"},\"wordCount\":478,\"image\":{\"@id\":\"https:\\\/\\\/zonacaral.gob.pe\\\/es\\\/noticias\\\/tesoros-de-caral-del-mes-de-julio\\\/#primaryimage\"},\"thumbnailUrl\":\"https:\\\/\\\/zonacaral.gob.pe\\\/wp-content\\\/uploads\\\/2025\\\/07\\\/Tesoro_julio.jpg\",\"keywords\":[\"caral\",\"Cultura\"],\"articleSection\":[\"noticias\"],\"inLanguage\":\"es-PE\"},{\"@type\":\"WebPage\",\"@id\":\"https:\\\/\\\/zonacaral.gob.pe\\\/es\\\/noticias\\\/tesoros-de-caral-del-mes-de-julio\\\/\",\"url\":\"https:\\\/\\\/zonacaral.gob.pe\\\/es\\\/noticias\\\/tesoros-de-caral-del-mes-de-julio\\\/\",\"name\":\"Tesoros de Caral del mes de julio\",\"isPartOf\":{\"@id\":\"https:\\\/\\\/zonacaral.gob.pe\\\/es\\\/#website\"},\"primaryImageOfPage\":{\"@id\":\"https:\\\/\\\/zonacaral.gob.pe\\\/es\\\/noticias\\\/tesoros-de-caral-del-mes-de-julio\\\/#primaryimage\"},\"image\":{\"@id\":\"https:\\\/\\\/zonacaral.gob.pe\\\/es\\\/noticias\\\/tesoros-de-caral-del-mes-de-julio\\\/#primaryimage\"},\"thumbnailUrl\":\"https:\\\/\\\/zonacaral.gob.pe\\\/wp-content\\\/uploads\\\/2025\\\/07\\\/Tesoro_julio.jpg\",\"datePublished\":\"2025-07-16T15:08:53+00:00\",\"author\":{\"@id\":\"https:\\\/\\\/zonacaral.gob.pe\\\/es\\\/#\\\/schema\\\/person\\\/beddb4d22f71a7230c5b90913270a0ee\"},\"description\":\"La Zona Arqueol\u00f3gica Caral, Unidad Ejecutora 003 del Ministerio de Cultura del Per\u00fa, presenta a trav\u00e9s de la web del Museo Caral Virtual un nuevo Tesoro de Caral: las esculturas de Miraya. Este valioso hallazgo arqueol\u00f3gico destaca no solo por su antig\u00fcedad y valor est\u00e9tico, sino tambi\u00e9n por lo que revela sobre la organizaci\u00f3n pol\u00edtica, la vida comunitaria y la complementariedad de g\u00e9nero en la civilizaci\u00f3n m\u00e1s antigua de Am\u00e9rica: Caral.En julio, mes de celebraci\u00f3n nacional, la Zona Arqueol\u00f3gica Caral (ZAC), Unidad Ejecutora 003 del Ministerio de Cultura, te invita a participar en sus actividades culturales. Estas experiencias te acercar\u00e1n a tu patrimonio arqueol\u00f3gico milenario y te har\u00e1n sentir orgulloso de haber nacido en este pa\u00eds donde hace cinco mil a\u00f1os se desarroll\u00f3 la civilizaci\u00f3n m\u00e1s antigua de Am\u00e9rica: Caral.\",\"breadcrumb\":{\"@id\":\"https:\\\/\\\/zonacaral.gob.pe\\\/es\\\/noticias\\\/tesoros-de-caral-del-mes-de-julio\\\/#breadcrumb\"},\"inLanguage\":\"es-PE\",\"potentialAction\":[{\"@type\":\"ReadAction\",\"target\":[\"https:\\\/\\\/zonacaral.gob.pe\\\/es\\\/noticias\\\/tesoros-de-caral-del-mes-de-julio\\\/\"]}]},{\"@type\":\"ImageObject\",\"inLanguage\":\"es-PE\",\"@id\":\"https:\\\/\\\/zonacaral.gob.pe\\\/es\\\/noticias\\\/tesoros-de-caral-del-mes-de-julio\\\/#primaryimage\",\"url\":\"https:\\\/\\\/zonacaral.gob.pe\\\/wp-content\\\/uploads\\\/2025\\\/07\\\/Tesoro_julio.jpg\",\"contentUrl\":\"https:\\\/\\\/zonacaral.gob.pe\\\/wp-content\\\/uploads\\\/2025\\\/07\\\/Tesoro_julio.jpg\",\"width\":1760,\"height\":886},{\"@type\":\"BreadcrumbList\",\"@id\":\"https:\\\/\\\/zonacaral.gob.pe\\\/es\\\/noticias\\\/tesoros-de-caral-del-mes-de-julio\\\/#breadcrumb\",\"itemListElement\":[{\"@type\":\"ListItem\",\"position\":1,\"name\":\"Portada\",\"item\":\"https:\\\/\\\/zonacaral.gob.pe\\\/\"},{\"@type\":\"ListItem\",\"position\":2,\"name\":\"Tesoros de Caral del mes de julio\"}]},{\"@type\":\"WebSite\",\"@id\":\"https:\\\/\\\/zonacaral.gob.pe\\\/es\\\/#website\",\"url\":\"https:\\\/\\\/zonacaral.gob.pe\\\/es\\\/\",\"name\":\"Zona Caral\",\"description\":\"Investigamos, conservamos y difundimos el patrimonio cultural de la Civilizaci\u00f3n Caral, la m\u00e1s antigua de Am\u00e9rica.\",\"potentialAction\":[{\"@type\":\"SearchAction\",\"target\":{\"@type\":\"EntryPoint\",\"urlTemplate\":\"https:\\\/\\\/zonacaral.gob.pe\\\/es\\\/?s={search_term_string}\"},\"query-input\":{\"@type\":\"PropertyValueSpecification\",\"valueRequired\":true,\"valueName\":\"search_term_string\"}}],\"inLanguage\":\"es-PE\"},{\"@type\":\"Person\",\"@id\":\"https:\\\/\\\/zonacaral.gob.pe\\\/es\\\/#\\\/schema\\\/person\\\/beddb4d22f71a7230c5b90913270a0ee\",\"name\":\"Zona Caral Administrador\",\"image\":{\"@type\":\"ImageObject\",\"inLanguage\":\"es-PE\",\"@id\":\"https:\\\/\\\/secure.gravatar.com\\\/avatar\\\/e4be162918a696358376de6446614e0f0f4062bdc5d170d6d540ada3d8b58c12?s=96&d=mm&r=g\",\"url\":\"https:\\\/\\\/secure.gravatar.com\\\/avatar\\\/e4be162918a696358376de6446614e0f0f4062bdc5d170d6d540ada3d8b58c12?s=96&d=mm&r=g\",\"contentUrl\":\"https:\\\/\\\/secure.gravatar.com\\\/avatar\\\/e4be162918a696358376de6446614e0f0f4062bdc5d170d6d540ada3d8b58c12?s=96&d=mm&r=g\",\"caption\":\"Zona Caral Administrador\"},\"sameAs\":[\"https:\\\/\\\/zonacaral.gob.pe\"],\"url\":\"https:\\\/\\\/zonacaral.gob.pe\\\/es\\\/noticias\\\/author\\\/ad_zonacaral\\\/\"}]}<\/script>\n<!-- \/ Yoast SEO plugin. -->","yoast_head_json":{"title":"Tesoros de Caral del mes de julio","description":"La Zona Arqueol\u00f3gica Caral, Unidad Ejecutora 003 del Ministerio de Cultura del Per\u00fa, presenta a trav\u00e9s de la web del Museo Caral Virtual un nuevo Tesoro de Caral: las esculturas de Miraya. Este valioso hallazgo arqueol\u00f3gico destaca no solo por su antig\u00fcedad y valor est\u00e9tico, sino tambi\u00e9n por lo que revela sobre la organizaci\u00f3n pol\u00edtica, la vida comunitaria y la complementariedad de g\u00e9nero en la civilizaci\u00f3n m\u00e1s antigua de Am\u00e9rica: Caral.En julio, mes de celebraci\u00f3n nacional, la Zona Arqueol\u00f3gica Caral (ZAC), Unidad Ejecutora 003 del Ministerio de Cultura, te invita a participar en sus actividades culturales. Estas experiencias te acercar\u00e1n a tu patrimonio arqueol\u00f3gico milenario y te har\u00e1n sentir orgulloso de haber nacido en este pa\u00eds donde hace cinco mil a\u00f1os se desarroll\u00f3 la civilizaci\u00f3n m\u00e1s antigua de Am\u00e9rica: Caral.","robots":{"index":"index","follow":"follow","max-snippet":"max-snippet:-1","max-image-preview":"max-image-preview:large","max-video-preview":"max-video-preview:-1"},"canonical":"https:\/\/zonacaral.gob.pe\/es\/noticias\/tesoros-de-caral-del-mes-de-julio\/","og_locale":"es_ES","og_type":"article","og_title":"Tesoros de Caral del mes de julio","og_description":"La Zona Arqueol\u00f3gica Caral, Unidad Ejecutora 003 del Ministerio de Cultura del Per\u00fa, presenta a trav\u00e9s de la web del Museo Caral Virtual un nuevo Tesoro de Caral: las esculturas de Miraya. Este valioso hallazgo arqueol\u00f3gico destaca no solo por su antig\u00fcedad y valor est\u00e9tico, sino tambi\u00e9n por lo que revela sobre la organizaci\u00f3n pol\u00edtica, la vida comunitaria y la complementariedad de g\u00e9nero en la civilizaci\u00f3n m\u00e1s antigua de Am\u00e9rica: Caral.En julio, mes de celebraci\u00f3n nacional, la Zona Arqueol\u00f3gica Caral (ZAC), Unidad Ejecutora 003 del Ministerio de Cultura, te invita a participar en sus actividades culturales. Estas experiencias te acercar\u00e1n a tu patrimonio arqueol\u00f3gico milenario y te har\u00e1n sentir orgulloso de haber nacido en este pa\u00eds donde hace cinco mil a\u00f1os se desarroll\u00f3 la civilizaci\u00f3n m\u00e1s antigua de Am\u00e9rica: Caral.","og_url":"https:\/\/zonacaral.gob.pe\/es\/noticias\/tesoros-de-caral-del-mes-de-julio\/","og_site_name":"Zona Caral","article_published_time":"2025-07-16T15:08:53+00:00","og_image":[{"width":1760,"height":886,"url":"https:\/\/zonacaral.gob.pe\/wp-content\/uploads\/2025\/07\/Tesoro_julio.jpg","type":"image\/jpeg"}],"author":"Zona Caral Administrador","twitter_card":"summary_large_image","twitter_misc":{"Written by":"Zona Caral Administrador","Est. reading time":"2 minutos"},"schema":{"@context":"https:\/\/schema.org","@graph":[{"@type":"Article","@id":"https:\/\/zonacaral.gob.pe\/es\/noticias\/tesoros-de-caral-del-mes-de-julio\/#article","isPartOf":{"@id":"https:\/\/zonacaral.gob.pe\/es\/noticias\/tesoros-de-caral-del-mes-de-julio\/"},"author":{"name":"Zona Caral Administrador","@id":"https:\/\/zonacaral.gob.pe\/es\/#\/schema\/person\/beddb4d22f71a7230c5b90913270a0ee"},"headline":"Tesoros de Caral del mes de julio","datePublished":"2025-07-16T15:08:53+00:00","mainEntityOfPage":{"@id":"https:\/\/zonacaral.gob.pe\/es\/noticias\/tesoros-de-caral-del-mes-de-julio\/"},"wordCount":478,"image":{"@id":"https:\/\/zonacaral.gob.pe\/es\/noticias\/tesoros-de-caral-del-mes-de-julio\/#primaryimage"},"thumbnailUrl":"https:\/\/zonacaral.gob.pe\/wp-content\/uploads\/2025\/07\/Tesoro_julio.jpg","keywords":["caral","Cultura"],"articleSection":["noticias"],"inLanguage":"es-PE"},{"@type":"WebPage","@id":"https:\/\/zonacaral.gob.pe\/es\/noticias\/tesoros-de-caral-del-mes-de-julio\/","url":"https:\/\/zonacaral.gob.pe\/es\/noticias\/tesoros-de-caral-del-mes-de-julio\/","name":"Tesoros de Caral del mes de julio","isPartOf":{"@id":"https:\/\/zonacaral.gob.pe\/es\/#website"},"primaryImageOfPage":{"@id":"https:\/\/zonacaral.gob.pe\/es\/noticias\/tesoros-de-caral-del-mes-de-julio\/#primaryimage"},"image":{"@id":"https:\/\/zonacaral.gob.pe\/es\/noticias\/tesoros-de-caral-del-mes-de-julio\/#primaryimage"},"thumbnailUrl":"https:\/\/zonacaral.gob.pe\/wp-content\/uploads\/2025\/07\/Tesoro_julio.jpg","datePublished":"2025-07-16T15:08:53+00:00","author":{"@id":"https:\/\/zonacaral.gob.pe\/es\/#\/schema\/person\/beddb4d22f71a7230c5b90913270a0ee"},"description":"La Zona Arqueol\u00f3gica Caral, Unidad Ejecutora 003 del Ministerio de Cultura del Per\u00fa, presenta a trav\u00e9s de la web del Museo Caral Virtual un nuevo Tesoro de Caral: las esculturas de Miraya. Este valioso hallazgo arqueol\u00f3gico destaca no solo por su antig\u00fcedad y valor est\u00e9tico, sino tambi\u00e9n por lo que revela sobre la organizaci\u00f3n pol\u00edtica, la vida comunitaria y la complementariedad de g\u00e9nero en la civilizaci\u00f3n m\u00e1s antigua de Am\u00e9rica: Caral.En julio, mes de celebraci\u00f3n nacional, la Zona Arqueol\u00f3gica Caral (ZAC), Unidad Ejecutora 003 del Ministerio de Cultura, te invita a participar en sus actividades culturales. Estas experiencias te acercar\u00e1n a tu patrimonio arqueol\u00f3gico milenario y te har\u00e1n sentir orgulloso de haber nacido en este pa\u00eds donde hace cinco mil a\u00f1os se desarroll\u00f3 la civilizaci\u00f3n m\u00e1s antigua de Am\u00e9rica: Caral.","breadcrumb":{"@id":"https:\/\/zonacaral.gob.pe\/es\/noticias\/tesoros-de-caral-del-mes-de-julio\/#breadcrumb"},"inLanguage":"es-PE","potentialAction":[{"@type":"ReadAction","target":["https:\/\/zonacaral.gob.pe\/es\/noticias\/tesoros-de-caral-del-mes-de-julio\/"]}]},{"@type":"ImageObject","inLanguage":"es-PE","@id":"https:\/\/zonacaral.gob.pe\/es\/noticias\/tesoros-de-caral-del-mes-de-julio\/#primaryimage","url":"https:\/\/zonacaral.gob.pe\/wp-content\/uploads\/2025\/07\/Tesoro_julio.jpg","contentUrl":"https:\/\/zonacaral.gob.pe\/wp-content\/uploads\/2025\/07\/Tesoro_julio.jpg","width":1760,"height":886},{"@type":"BreadcrumbList","@id":"https:\/\/zonacaral.gob.pe\/es\/noticias\/tesoros-de-caral-del-mes-de-julio\/#breadcrumb","itemListElement":[{"@type":"ListItem","position":1,"name":"Portada","item":"https:\/\/zonacaral.gob.pe\/"},{"@type":"ListItem","position":2,"name":"Tesoros de Caral del mes de julio"}]},{"@type":"WebSite","@id":"https:\/\/zonacaral.gob.pe\/es\/#website","url":"https:\/\/zonacaral.gob.pe\/es\/","name":"Zona Caral","description":"Investigamos, conservamos y difundimos el patrimonio cultural de la Civilizaci\u00f3n Caral, la m\u00e1s antigua de Am\u00e9rica.","potentialAction":[{"@type":"SearchAction","target":{"@type":"EntryPoint","urlTemplate":"https:\/\/zonacaral.gob.pe\/es\/?s={search_term_string}"},"query-input":{"@type":"PropertyValueSpecification","valueRequired":true,"valueName":"search_term_string"}}],"inLanguage":"es-PE"},{"@type":"Person","@id":"https:\/\/zonacaral.gob.pe\/es\/#\/schema\/person\/beddb4d22f71a7230c5b90913270a0ee","name":"Zona Caral Administrador","image":{"@type":"ImageObject","inLanguage":"es-PE","@id":"https:\/\/secure.gravatar.com\/avatar\/e4be162918a696358376de6446614e0f0f4062bdc5d170d6d540ada3d8b58c12?s=96&d=mm&r=g","url":"https:\/\/secure.gravatar.com\/avatar\/e4be162918a696358376de6446614e0f0f4062bdc5d170d6d540ada3d8b58c12?s=96&d=mm&r=g","contentUrl":"https:\/\/secure.gravatar.com\/avatar\/e4be162918a696358376de6446614e0f0f4062bdc5d170d6d540ada3d8b58c12?s=96&d=mm&r=g","caption":"Zona Caral Administrador"},"sameAs":["https:\/\/zonacaral.gob.pe"],"url":"https:\/\/zonacaral.gob.pe\/es\/noticias\/author\/ad_zonacaral\/"}]}},"_links":{"self":[{"href":"https:\/\/zonacaral.gob.pe\/es\/wp-json\/wp\/v2\/posts\/18487","targetHints":{"allow":["GET"]}}],"collection":[{"href":"https:\/\/zonacaral.gob.pe\/es\/wp-json\/wp\/v2\/posts"}],"about":[{"href":"https:\/\/zonacaral.gob.pe\/es\/wp-json\/wp\/v2\/types\/post"}],"author":[{"embeddable":true,"href":"https:\/\/zonacaral.gob.pe\/es\/wp-json\/wp\/v2\/users\/1"}],"replies":[{"embeddable":true,"href":"https:\/\/zonacaral.gob.pe\/es\/wp-json\/wp\/v2\/comments?post=18487"}],"version-history":[{"count":0,"href":"https:\/\/zonacaral.gob.pe\/es\/wp-json\/wp\/v2\/posts\/18487\/revisions"}],"wp:featuredmedia":[{"embeddable":true,"href":"https:\/\/zonacaral.gob.pe\/es\/wp-json\/wp\/v2\/media\/18488"}],"wp:attachment":[{"href":"https:\/\/zonacaral.gob.pe\/es\/wp-json\/wp\/v2\/media?parent=18487"}],"wp:term":[{"taxonomy":"category","embeddable":true,"href":"https:\/\/zonacaral.gob.pe\/es\/wp-json\/wp\/v2\/categories?post=18487"},{"taxonomy":"post_tag","embeddable":true,"href":"https:\/\/zonacaral.gob.pe\/es\/wp-json\/wp\/v2\/tags?post=18487"}],"curies":[{"name":"wp","href":"https:\/\/api.w.org\/{rel}","templated":true}]}}