{"id":18519,"date":"2025-08-11T14:37:36","date_gmt":"2025-08-11T19:37:36","guid":{"rendered":"https:\/\/www.zonacaral.gob.pe\/?p=18519"},"modified":"2025-08-11T14:37:36","modified_gmt":"2025-08-11T19:37:36","slug":"zona-arqueologica-caral-y-la-municipalidad-de-supe-se-unen-para-gestionar-la-anhelada-carretera-supe-ambar","status":"publish","type":"post","link":"https:\/\/zonacaral.gob.pe\/es\/noticias\/zona-arqueologica-caral-y-la-municipalidad-de-supe-se-unen-para-gestionar-la-anhelada-carretera-supe-ambar\/","title":{"rendered":"Zona Arqueol\u00f3gica Caral y la Municipalidad de Supe se unen para gestionar la anhelada carretera Supe &#8211; \u00c1mbar"},"content":{"rendered":"<figure class=\"pic-autor\" style=\"color: #4d4d4d; text-align: justify;\"><\/figure>\n<div class=\"gmail_default\" style=\"text-align: justify;\">\n<p><span style=\"font-weight: 400;\">En un acontecimiento sin precedentes para la regi\u00f3n, la <\/span><a href=\"https:\/\/www.facebook.com\/CARALPERU\/?locale=es_LA\"><span style=\"font-weight: 400;\">Zona Arqueol\u00f3gica Caral <\/span><\/a><span style=\"font-weight: 400;\">(ZAC), Unidad Ejecutora 003 del Ministerio de Cultura, y la Municipalidad Distrital de Supe, sellaron el pasado 1 de agosto una importante alianza con la finalidad de gestionar de manera conjunta la ejecuci\u00f3n de un sue\u00f1o esperado por d\u00e9cadas por la poblaci\u00f3n del valle de Supe: la construcci\u00f3n y asfaltado de la carretera Supe &#8211; \u00c1mbar.<\/span><\/p>\n<p><span style=\"font-weight: 400;\">El acuerdo fue consolidado en una reuni\u00f3n realizada en la municipalidad de Supe en la que particip\u00f3 un equipo de la Zona Arqueol\u00f3gica Caral, liderado por su directora, la <\/span><a href=\"https:\/\/www.facebook.com\/share\/v\/1HLzoaHH4H\/\"><span style=\"font-weight: 400;\">doctora Ruth Shady Sol\u00eds<\/span><\/a><span style=\"font-weight: 400;\">, junto al subdirector de Investigaci\u00f3n y Conservaci\u00f3n de Sitios Arqueol\u00f3gicos, arque\u00f3logo Marco Machacuay Romero; el subdirector de Relaciones Comunitarias, antrop\u00f3logo Carlos Leyva Arroyo; y el coordinador de campo de la subdirecci\u00f3n de Relaciones Comunicaciones, se\u00f1or Everardo Vitonera Herrera. La Municipalidad Distrital de Supe estuvo representada por su alcalde, se\u00f1or Carlos Bragayrac Sims y la gerente municipal, se\u00f1ora Sof\u00eda Pr\u00edncipe Ly.<\/span><\/p>\n<p><span style=\"font-weight: 400;\">Este proyecto de gran envergadura est\u00e1 destinado a transformar la vida de miles de pobladores de ambas m\u00e1rgenes del r\u00edo, proporcionando una v\u00eda de transporte segura y eficiente que dinamizar\u00e1 las econom\u00edas locales y mejorar\u00e1 el acceso a servicios b\u00e1sicos.<\/span><\/p>\n<p><span style=\"font-weight: 400;\">Asimismo, la carretera ser\u00e1 un pilar fundamental para potenciar el turismo, creando un corredor de acceso directo y seguro a la Ciudad Sagrada de Caral-Supe, Patrimonio Mundial, y a otros sitios arqueol\u00f3gicos pertenecientes a la Civilizaci\u00f3n Caral, lo que permitir\u00e1 consolidar al valle de Supe como un destino tur\u00edstico-cultural m\u00e1s importantes del pa\u00eds.<\/span><\/p>\n<p><span style=\"font-weight: 400;\">\u00abEste es un acto de justicia para nuestros pueblos y un paso decisivo para nuestro desarrollo. De la mano con la Zona Arqueol\u00f3gica Caral, haremos realidad esta gran obra que integrar\u00e1 a nuestras comunidades y mostrar\u00e1 nuestro patrimonio cultural al mundo\u00bb, declar\u00f3 el alcalde de Supe.<\/span><\/p>\n<p><span style=\"font-weight: 400;\">Por su parte, la directora de la Zona Arqueol\u00f3gica Caral afirm\u00f3: \u00abNuestra misi\u00f3n es que el patrimonio arqueol\u00f3gico de la Civilizaci\u00f3n Caral sea un motor de desarrollo social tal como se plantea en el <\/span><b>Plan Maestro de Caral <\/b><span style=\"font-weight: 400;\">de acuerdo a la <\/span><b>Ley 28690<\/b><span style=\"font-weight: 400;\">. Esta carretera es el ejemplo claro de c\u00f3mo el patrimonio arqueol\u00f3gico y la gesti\u00f3n p\u00fablica pueden unirse para generar un desarrollo sostenible y fomentar la autoestima social as\u00ed como la identidad sociocultural de la poblaci\u00f3n local y nacional\u00bb.<\/span><\/p>\n<p><span style=\"font-weight: 400;\">Ambas instituciones iniciar\u00e1n de inmediato las gestiones pertinentes para lograr que el financiamiento de este gran proyecto de integraci\u00f3n y desarrollo se concrete en el m\u00e1s breve plazo.<\/span><\/p>\n<p><strong style=\"font-size: inherit; text-align: justify;\">Fuente: Comunicaci\u00f3n e Imagen Institucional ZAC<\/strong><\/p>\n<\/div>\n<div style=\"color: #1f1f1f;\">\n<div style=\"color: #1f1f1f;\">\n<p style=\"text-align: justify;\">Fecha de publicaci\u00f3n: 24\/07\/2025<\/p>\n<\/div>\n<\/div>\n\n\n<p><\/p>\n","protected":false},"excerpt":{"rendered":"<p>En un acontecimiento sin precedentes para la regi\u00f3n, la Zona Arqueol\u00f3gica Caral (ZAC), Unidad Ejecutora 003 del Ministerio de Cultura, [&hellip;]<\/p>\n","protected":false},"author":1,"featured_media":18520,"comment_status":"closed","ping_status":"open","sticky":false,"template":"","format":"standard","meta":{"_acf_changed":false,"site-sidebar-layout":"default","site-content-layout":"","ast-site-content-layout":"default","site-content-style":"default","site-sidebar-style":"default","ast-global-header-display":"","ast-banner-title-visibility":"","ast-main-header-display":"","ast-hfb-above-header-display":"","ast-hfb-below-header-display":"","ast-hfb-mobile-header-display":"","site-post-title":"","ast-breadcrumbs-content":"","ast-featured-img":"","footer-sml-layout":"","ast-disable-related-posts":"","theme-transparent-header-meta":"","adv-header-id-meta":"","stick-header-meta":"","header-above-stick-meta":"","header-main-stick-meta":"","header-below-stick-meta":"","astra-migrate-meta-layouts":"default","ast-page-background-enabled":"default","ast-page-background-meta":{"desktop":{"background-color":"var(--ast-global-color-5)","background-image":"","background-repeat":"repeat","background-position":"center center","background-size":"auto","background-attachment":"scroll","background-type":"","background-media":"","overlay-type":"","overlay-color":"","overlay-opacity":"","overlay-gradient":""},"tablet":{"background-color":"","background-image":"","background-repeat":"repeat","background-position":"center center","background-size":"auto","background-attachment":"scroll","background-type":"","background-media":"","overlay-type":"","overlay-color":"","overlay-opacity":"","overlay-gradient":""},"mobile":{"background-color":"","background-image":"","background-repeat":"repeat","background-position":"center center","background-size":"auto","background-attachment":"scroll","background-type":"","background-media":"","overlay-type":"","overlay-color":"","overlay-opacity":"","overlay-gradient":""}},"ast-content-background-meta":{"desktop":{"background-color":"var(--ast-global-color-4)","background-image":"","background-repeat":"repeat","background-position":"center center","background-size":"auto","background-attachment":"scroll","background-type":"","background-media":"","overlay-type":"","overlay-color":"","overlay-opacity":"","overlay-gradient":""},"tablet":{"background-color":"var(--ast-global-color-4)","background-image":"","background-repeat":"repeat","background-position":"center center","background-size":"auto","background-attachment":"scroll","background-type":"","background-media":"","overlay-type":"","overlay-color":"","overlay-opacity":"","overlay-gradient":""},"mobile":{"background-color":"var(--ast-global-color-4)","background-image":"","background-repeat":"repeat","background-position":"center center","background-size":"auto","background-attachment":"scroll","background-type":"","background-media":"","overlay-type":"","overlay-color":"","overlay-opacity":"","overlay-gradient":""}},"footnotes":""},"categories":[208],"tags":[55,72],"class_list":["post-18519","post","type-post","status-publish","format-standard","has-post-thumbnail","hentry","category-noticias","tag-caral","tag-cultura"],"acf":[],"yoast_head":"<!-- This site is optimized with the Yoast SEO plugin v27.3 - https:\/\/yoast.com\/product\/yoast-seo-wordpress\/ -->\n<title>Pe\u00f1ico ya es una propuesta tur\u00edstica en el \u00e1rea norcentral<\/title>\n<meta name=\"description\" content=\"En un acontecimiento sin precedentes para la regi\u00f3n, la Zona Arqueol\u00f3gica Caral (ZAC), Unidad Ejecutora 003 del Ministerio de Cultura, y la Municipalidad Distrital de Supe, sellaron el pasado 1 de agosto una importante alianza con la finalidad de gestionar de manera conjunta la ejecuci\u00f3n de un sue\u00f1o esperado por d\u00e9cadas por la poblaci\u00f3n del valle de Supe: la construcci\u00f3n y asfaltado de la carretera Supe - \u00c1mbar.\" \/>\n<meta name=\"robots\" content=\"index, follow, max-snippet:-1, max-image-preview:large, max-video-preview:-1\" \/>\n<link rel=\"canonical\" href=\"https:\/\/zonacaral.gob.pe\/es\/noticias\/zona-arqueologica-caral-y-la-municipalidad-de-supe-se-unen-para-gestionar-la-anhelada-carretera-supe-ambar\/\" \/>\n<meta property=\"og:locale\" content=\"es_ES\" \/>\n<meta property=\"og:type\" content=\"article\" \/>\n<meta property=\"og:title\" content=\"Pe\u00f1ico ya es una propuesta tur\u00edstica en el \u00e1rea norcentral\" \/>\n<meta property=\"og:description\" content=\"En un acontecimiento sin precedentes para la regi\u00f3n, la Zona Arqueol\u00f3gica Caral (ZAC), Unidad Ejecutora 003 del Ministerio de Cultura, y la Municipalidad Distrital de Supe, sellaron el pasado 1 de agosto una importante alianza con la finalidad de gestionar de manera conjunta la ejecuci\u00f3n de un sue\u00f1o esperado por d\u00e9cadas por la poblaci\u00f3n del valle de Supe: la construcci\u00f3n y asfaltado de la carretera Supe - \u00c1mbar.\" \/>\n<meta property=\"og:url\" content=\"https:\/\/zonacaral.gob.pe\/es\/noticias\/zona-arqueologica-caral-y-la-municipalidad-de-supe-se-unen-para-gestionar-la-anhelada-carretera-supe-ambar\/\" \/>\n<meta property=\"og:site_name\" content=\"Zona Caral\" \/>\n<meta property=\"article:published_time\" content=\"2025-08-11T19:37:36+00:00\" \/>\n<meta property=\"og:image\" content=\"https:\/\/zonacaral.gob.pe\/wp-content\/uploads\/2025\/08\/1-30.jpg\" \/>\n\t<meta property=\"og:image:width\" content=\"1387\" \/>\n\t<meta property=\"og:image:height\" content=\"918\" \/>\n\t<meta property=\"og:image:type\" content=\"image\/jpeg\" \/>\n<meta name=\"author\" content=\"Zona Caral Administrador\" \/>\n<meta name=\"twitter:card\" content=\"summary_large_image\" \/>\n<meta name=\"twitter:label1\" content=\"Written by\" \/>\n\t<meta name=\"twitter:data1\" content=\"Zona Caral Administrador\" \/>\n\t<meta name=\"twitter:label2\" content=\"Est. reading time\" \/>\n\t<meta name=\"twitter:data2\" content=\"2 minutos\" \/>\n<script type=\"application\/ld+json\" class=\"yoast-schema-graph\">{\"@context\":\"https:\\\/\\\/schema.org\",\"@graph\":[{\"@type\":\"Article\",\"@id\":\"https:\\\/\\\/zonacaral.gob.pe\\\/es\\\/noticias\\\/zona-arqueologica-caral-y-la-municipalidad-de-supe-se-unen-para-gestionar-la-anhelada-carretera-supe-ambar\\\/#article\",\"isPartOf\":{\"@id\":\"https:\\\/\\\/zonacaral.gob.pe\\\/es\\\/noticias\\\/zona-arqueologica-caral-y-la-municipalidad-de-supe-se-unen-para-gestionar-la-anhelada-carretera-supe-ambar\\\/\"},\"author\":{\"name\":\"Zona Caral Administrador\",\"@id\":\"https:\\\/\\\/zonacaral.gob.pe\\\/es\\\/#\\\/schema\\\/person\\\/beddb4d22f71a7230c5b90913270a0ee\"},\"headline\":\"Zona Arqueol\u00f3gica Caral y la Municipalidad de Supe se unen para gestionar la anhelada carretera Supe &#8211; \u00c1mbar\",\"datePublished\":\"2025-08-11T19:37:36+00:00\",\"mainEntityOfPage\":{\"@id\":\"https:\\\/\\\/zonacaral.gob.pe\\\/es\\\/noticias\\\/zona-arqueologica-caral-y-la-municipalidad-de-supe-se-unen-para-gestionar-la-anhelada-carretera-supe-ambar\\\/\"},\"wordCount\":481,\"image\":{\"@id\":\"https:\\\/\\\/zonacaral.gob.pe\\\/es\\\/noticias\\\/zona-arqueologica-caral-y-la-municipalidad-de-supe-se-unen-para-gestionar-la-anhelada-carretera-supe-ambar\\\/#primaryimage\"},\"thumbnailUrl\":\"https:\\\/\\\/zonacaral.gob.pe\\\/wp-content\\\/uploads\\\/2025\\\/08\\\/1-30.jpg\",\"keywords\":[\"caral\",\"Cultura\"],\"articleSection\":[\"noticias\"],\"inLanguage\":\"es-PE\"},{\"@type\":\"WebPage\",\"@id\":\"https:\\\/\\\/zonacaral.gob.pe\\\/es\\\/noticias\\\/zona-arqueologica-caral-y-la-municipalidad-de-supe-se-unen-para-gestionar-la-anhelada-carretera-supe-ambar\\\/\",\"url\":\"https:\\\/\\\/zonacaral.gob.pe\\\/es\\\/noticias\\\/zona-arqueologica-caral-y-la-municipalidad-de-supe-se-unen-para-gestionar-la-anhelada-carretera-supe-ambar\\\/\",\"name\":\"Pe\u00f1ico ya es una propuesta tur\u00edstica en el \u00e1rea norcentral\",\"isPartOf\":{\"@id\":\"https:\\\/\\\/zonacaral.gob.pe\\\/es\\\/#website\"},\"primaryImageOfPage\":{\"@id\":\"https:\\\/\\\/zonacaral.gob.pe\\\/es\\\/noticias\\\/zona-arqueologica-caral-y-la-municipalidad-de-supe-se-unen-para-gestionar-la-anhelada-carretera-supe-ambar\\\/#primaryimage\"},\"image\":{\"@id\":\"https:\\\/\\\/zonacaral.gob.pe\\\/es\\\/noticias\\\/zona-arqueologica-caral-y-la-municipalidad-de-supe-se-unen-para-gestionar-la-anhelada-carretera-supe-ambar\\\/#primaryimage\"},\"thumbnailUrl\":\"https:\\\/\\\/zonacaral.gob.pe\\\/wp-content\\\/uploads\\\/2025\\\/08\\\/1-30.jpg\",\"datePublished\":\"2025-08-11T19:37:36+00:00\",\"author\":{\"@id\":\"https:\\\/\\\/zonacaral.gob.pe\\\/es\\\/#\\\/schema\\\/person\\\/beddb4d22f71a7230c5b90913270a0ee\"},\"description\":\"En un acontecimiento sin precedentes para la regi\u00f3n, la Zona Arqueol\u00f3gica Caral (ZAC), Unidad Ejecutora 003 del Ministerio de Cultura, y la Municipalidad Distrital de Supe, sellaron el pasado 1 de agosto una importante alianza con la finalidad de gestionar de manera conjunta la ejecuci\u00f3n de un sue\u00f1o esperado por d\u00e9cadas por la poblaci\u00f3n del valle de Supe: la construcci\u00f3n y asfaltado de la carretera Supe - \u00c1mbar.\",\"breadcrumb\":{\"@id\":\"https:\\\/\\\/zonacaral.gob.pe\\\/es\\\/noticias\\\/zona-arqueologica-caral-y-la-municipalidad-de-supe-se-unen-para-gestionar-la-anhelada-carretera-supe-ambar\\\/#breadcrumb\"},\"inLanguage\":\"es-PE\",\"potentialAction\":[{\"@type\":\"ReadAction\",\"target\":[\"https:\\\/\\\/zonacaral.gob.pe\\\/es\\\/noticias\\\/zona-arqueologica-caral-y-la-municipalidad-de-supe-se-unen-para-gestionar-la-anhelada-carretera-supe-ambar\\\/\"]}]},{\"@type\":\"ImageObject\",\"inLanguage\":\"es-PE\",\"@id\":\"https:\\\/\\\/zonacaral.gob.pe\\\/es\\\/noticias\\\/zona-arqueologica-caral-y-la-municipalidad-de-supe-se-unen-para-gestionar-la-anhelada-carretera-supe-ambar\\\/#primaryimage\",\"url\":\"https:\\\/\\\/zonacaral.gob.pe\\\/wp-content\\\/uploads\\\/2025\\\/08\\\/1-30.jpg\",\"contentUrl\":\"https:\\\/\\\/zonacaral.gob.pe\\\/wp-content\\\/uploads\\\/2025\\\/08\\\/1-30.jpg\",\"width\":1387,\"height\":918},{\"@type\":\"BreadcrumbList\",\"@id\":\"https:\\\/\\\/zonacaral.gob.pe\\\/es\\\/noticias\\\/zona-arqueologica-caral-y-la-municipalidad-de-supe-se-unen-para-gestionar-la-anhelada-carretera-supe-ambar\\\/#breadcrumb\",\"itemListElement\":[{\"@type\":\"ListItem\",\"position\":1,\"name\":\"Portada\",\"item\":\"https:\\\/\\\/zonacaral.gob.pe\\\/\"},{\"@type\":\"ListItem\",\"position\":2,\"name\":\"Zona Arqueol\u00f3gica Caral y la Municipalidad de Supe se unen para gestionar la anhelada carretera Supe &#8211; \u00c1mbar\"}]},{\"@type\":\"WebSite\",\"@id\":\"https:\\\/\\\/zonacaral.gob.pe\\\/es\\\/#website\",\"url\":\"https:\\\/\\\/zonacaral.gob.pe\\\/es\\\/\",\"name\":\"Zona Caral\",\"description\":\"Investigamos, conservamos y difundimos el patrimonio cultural de la Civilizaci\u00f3n Caral, la m\u00e1s antigua de Am\u00e9rica.\",\"potentialAction\":[{\"@type\":\"SearchAction\",\"target\":{\"@type\":\"EntryPoint\",\"urlTemplate\":\"https:\\\/\\\/zonacaral.gob.pe\\\/es\\\/?s={search_term_string}\"},\"query-input\":{\"@type\":\"PropertyValueSpecification\",\"valueRequired\":true,\"valueName\":\"search_term_string\"}}],\"inLanguage\":\"es-PE\"},{\"@type\":\"Person\",\"@id\":\"https:\\\/\\\/zonacaral.gob.pe\\\/es\\\/#\\\/schema\\\/person\\\/beddb4d22f71a7230c5b90913270a0ee\",\"name\":\"Zona Caral Administrador\",\"image\":{\"@type\":\"ImageObject\",\"inLanguage\":\"es-PE\",\"@id\":\"https:\\\/\\\/secure.gravatar.com\\\/avatar\\\/e4be162918a696358376de6446614e0f0f4062bdc5d170d6d540ada3d8b58c12?s=96&d=mm&r=g\",\"url\":\"https:\\\/\\\/secure.gravatar.com\\\/avatar\\\/e4be162918a696358376de6446614e0f0f4062bdc5d170d6d540ada3d8b58c12?s=96&d=mm&r=g\",\"contentUrl\":\"https:\\\/\\\/secure.gravatar.com\\\/avatar\\\/e4be162918a696358376de6446614e0f0f4062bdc5d170d6d540ada3d8b58c12?s=96&d=mm&r=g\",\"caption\":\"Zona Caral Administrador\"},\"sameAs\":[\"https:\\\/\\\/zonacaral.gob.pe\"],\"url\":\"https:\\\/\\\/zonacaral.gob.pe\\\/es\\\/noticias\\\/author\\\/ad_zonacaral\\\/\"}]}<\/script>\n<!-- \/ Yoast SEO plugin. -->","yoast_head_json":{"title":"Pe\u00f1ico ya es una propuesta tur\u00edstica en el \u00e1rea norcentral","description":"En un acontecimiento sin precedentes para la regi\u00f3n, la Zona Arqueol\u00f3gica Caral (ZAC), Unidad Ejecutora 003 del Ministerio de Cultura, y la Municipalidad Distrital de Supe, sellaron el pasado 1 de agosto una importante alianza con la finalidad de gestionar de manera conjunta la ejecuci\u00f3n de un sue\u00f1o esperado por d\u00e9cadas por la poblaci\u00f3n del valle de Supe: la construcci\u00f3n y asfaltado de la carretera Supe - \u00c1mbar.","robots":{"index":"index","follow":"follow","max-snippet":"max-snippet:-1","max-image-preview":"max-image-preview:large","max-video-preview":"max-video-preview:-1"},"canonical":"https:\/\/zonacaral.gob.pe\/es\/noticias\/zona-arqueologica-caral-y-la-municipalidad-de-supe-se-unen-para-gestionar-la-anhelada-carretera-supe-ambar\/","og_locale":"es_ES","og_type":"article","og_title":"Pe\u00f1ico ya es una propuesta tur\u00edstica en el \u00e1rea norcentral","og_description":"En un acontecimiento sin precedentes para la regi\u00f3n, la Zona Arqueol\u00f3gica Caral (ZAC), Unidad Ejecutora 003 del Ministerio de Cultura, y la Municipalidad Distrital de Supe, sellaron el pasado 1 de agosto una importante alianza con la finalidad de gestionar de manera conjunta la ejecuci\u00f3n de un sue\u00f1o esperado por d\u00e9cadas por la poblaci\u00f3n del valle de Supe: la construcci\u00f3n y asfaltado de la carretera Supe - \u00c1mbar.","og_url":"https:\/\/zonacaral.gob.pe\/es\/noticias\/zona-arqueologica-caral-y-la-municipalidad-de-supe-se-unen-para-gestionar-la-anhelada-carretera-supe-ambar\/","og_site_name":"Zona Caral","article_published_time":"2025-08-11T19:37:36+00:00","og_image":[{"width":1387,"height":918,"url":"https:\/\/zonacaral.gob.pe\/wp-content\/uploads\/2025\/08\/1-30.jpg","type":"image\/jpeg"}],"author":"Zona Caral Administrador","twitter_card":"summary_large_image","twitter_misc":{"Written by":"Zona Caral Administrador","Est. reading time":"2 minutos"},"schema":{"@context":"https:\/\/schema.org","@graph":[{"@type":"Article","@id":"https:\/\/zonacaral.gob.pe\/es\/noticias\/zona-arqueologica-caral-y-la-municipalidad-de-supe-se-unen-para-gestionar-la-anhelada-carretera-supe-ambar\/#article","isPartOf":{"@id":"https:\/\/zonacaral.gob.pe\/es\/noticias\/zona-arqueologica-caral-y-la-municipalidad-de-supe-se-unen-para-gestionar-la-anhelada-carretera-supe-ambar\/"},"author":{"name":"Zona Caral Administrador","@id":"https:\/\/zonacaral.gob.pe\/es\/#\/schema\/person\/beddb4d22f71a7230c5b90913270a0ee"},"headline":"Zona Arqueol\u00f3gica Caral y la Municipalidad de Supe se unen para gestionar la anhelada carretera Supe &#8211; \u00c1mbar","datePublished":"2025-08-11T19:37:36+00:00","mainEntityOfPage":{"@id":"https:\/\/zonacaral.gob.pe\/es\/noticias\/zona-arqueologica-caral-y-la-municipalidad-de-supe-se-unen-para-gestionar-la-anhelada-carretera-supe-ambar\/"},"wordCount":481,"image":{"@id":"https:\/\/zonacaral.gob.pe\/es\/noticias\/zona-arqueologica-caral-y-la-municipalidad-de-supe-se-unen-para-gestionar-la-anhelada-carretera-supe-ambar\/#primaryimage"},"thumbnailUrl":"https:\/\/zonacaral.gob.pe\/wp-content\/uploads\/2025\/08\/1-30.jpg","keywords":["caral","Cultura"],"articleSection":["noticias"],"inLanguage":"es-PE"},{"@type":"WebPage","@id":"https:\/\/zonacaral.gob.pe\/es\/noticias\/zona-arqueologica-caral-y-la-municipalidad-de-supe-se-unen-para-gestionar-la-anhelada-carretera-supe-ambar\/","url":"https:\/\/zonacaral.gob.pe\/es\/noticias\/zona-arqueologica-caral-y-la-municipalidad-de-supe-se-unen-para-gestionar-la-anhelada-carretera-supe-ambar\/","name":"Pe\u00f1ico ya es una propuesta tur\u00edstica en el \u00e1rea norcentral","isPartOf":{"@id":"https:\/\/zonacaral.gob.pe\/es\/#website"},"primaryImageOfPage":{"@id":"https:\/\/zonacaral.gob.pe\/es\/noticias\/zona-arqueologica-caral-y-la-municipalidad-de-supe-se-unen-para-gestionar-la-anhelada-carretera-supe-ambar\/#primaryimage"},"image":{"@id":"https:\/\/zonacaral.gob.pe\/es\/noticias\/zona-arqueologica-caral-y-la-municipalidad-de-supe-se-unen-para-gestionar-la-anhelada-carretera-supe-ambar\/#primaryimage"},"thumbnailUrl":"https:\/\/zonacaral.gob.pe\/wp-content\/uploads\/2025\/08\/1-30.jpg","datePublished":"2025-08-11T19:37:36+00:00","author":{"@id":"https:\/\/zonacaral.gob.pe\/es\/#\/schema\/person\/beddb4d22f71a7230c5b90913270a0ee"},"description":"En un acontecimiento sin precedentes para la regi\u00f3n, la Zona Arqueol\u00f3gica Caral (ZAC), Unidad Ejecutora 003 del Ministerio de Cultura, y la Municipalidad Distrital de Supe, sellaron el pasado 1 de agosto una importante alianza con la finalidad de gestionar de manera conjunta la ejecuci\u00f3n de un sue\u00f1o esperado por d\u00e9cadas por la poblaci\u00f3n del valle de Supe: la construcci\u00f3n y asfaltado de la carretera Supe - \u00c1mbar.","breadcrumb":{"@id":"https:\/\/zonacaral.gob.pe\/es\/noticias\/zona-arqueologica-caral-y-la-municipalidad-de-supe-se-unen-para-gestionar-la-anhelada-carretera-supe-ambar\/#breadcrumb"},"inLanguage":"es-PE","potentialAction":[{"@type":"ReadAction","target":["https:\/\/zonacaral.gob.pe\/es\/noticias\/zona-arqueologica-caral-y-la-municipalidad-de-supe-se-unen-para-gestionar-la-anhelada-carretera-supe-ambar\/"]}]},{"@type":"ImageObject","inLanguage":"es-PE","@id":"https:\/\/zonacaral.gob.pe\/es\/noticias\/zona-arqueologica-caral-y-la-municipalidad-de-supe-se-unen-para-gestionar-la-anhelada-carretera-supe-ambar\/#primaryimage","url":"https:\/\/zonacaral.gob.pe\/wp-content\/uploads\/2025\/08\/1-30.jpg","contentUrl":"https:\/\/zonacaral.gob.pe\/wp-content\/uploads\/2025\/08\/1-30.jpg","width":1387,"height":918},{"@type":"BreadcrumbList","@id":"https:\/\/zonacaral.gob.pe\/es\/noticias\/zona-arqueologica-caral-y-la-municipalidad-de-supe-se-unen-para-gestionar-la-anhelada-carretera-supe-ambar\/#breadcrumb","itemListElement":[{"@type":"ListItem","position":1,"name":"Portada","item":"https:\/\/zonacaral.gob.pe\/"},{"@type":"ListItem","position":2,"name":"Zona Arqueol\u00f3gica Caral y la Municipalidad de Supe se unen para gestionar la anhelada carretera Supe &#8211; \u00c1mbar"}]},{"@type":"WebSite","@id":"https:\/\/zonacaral.gob.pe\/es\/#website","url":"https:\/\/zonacaral.gob.pe\/es\/","name":"Zona Caral","description":"Investigamos, conservamos y difundimos el patrimonio cultural de la Civilizaci\u00f3n Caral, la m\u00e1s antigua de Am\u00e9rica.","potentialAction":[{"@type":"SearchAction","target":{"@type":"EntryPoint","urlTemplate":"https:\/\/zonacaral.gob.pe\/es\/?s={search_term_string}"},"query-input":{"@type":"PropertyValueSpecification","valueRequired":true,"valueName":"search_term_string"}}],"inLanguage":"es-PE"},{"@type":"Person","@id":"https:\/\/zonacaral.gob.pe\/es\/#\/schema\/person\/beddb4d22f71a7230c5b90913270a0ee","name":"Zona Caral Administrador","image":{"@type":"ImageObject","inLanguage":"es-PE","@id":"https:\/\/secure.gravatar.com\/avatar\/e4be162918a696358376de6446614e0f0f4062bdc5d170d6d540ada3d8b58c12?s=96&d=mm&r=g","url":"https:\/\/secure.gravatar.com\/avatar\/e4be162918a696358376de6446614e0f0f4062bdc5d170d6d540ada3d8b58c12?s=96&d=mm&r=g","contentUrl":"https:\/\/secure.gravatar.com\/avatar\/e4be162918a696358376de6446614e0f0f4062bdc5d170d6d540ada3d8b58c12?s=96&d=mm&r=g","caption":"Zona Caral Administrador"},"sameAs":["https:\/\/zonacaral.gob.pe"],"url":"https:\/\/zonacaral.gob.pe\/es\/noticias\/author\/ad_zonacaral\/"}]}},"_links":{"self":[{"href":"https:\/\/zonacaral.gob.pe\/es\/wp-json\/wp\/v2\/posts\/18519","targetHints":{"allow":["GET"]}}],"collection":[{"href":"https:\/\/zonacaral.gob.pe\/es\/wp-json\/wp\/v2\/posts"}],"about":[{"href":"https:\/\/zonacaral.gob.pe\/es\/wp-json\/wp\/v2\/types\/post"}],"author":[{"embeddable":true,"href":"https:\/\/zonacaral.gob.pe\/es\/wp-json\/wp\/v2\/users\/1"}],"replies":[{"embeddable":true,"href":"https:\/\/zonacaral.gob.pe\/es\/wp-json\/wp\/v2\/comments?post=18519"}],"version-history":[{"count":0,"href":"https:\/\/zonacaral.gob.pe\/es\/wp-json\/wp\/v2\/posts\/18519\/revisions"}],"wp:featuredmedia":[{"embeddable":true,"href":"https:\/\/zonacaral.gob.pe\/es\/wp-json\/wp\/v2\/media\/18520"}],"wp:attachment":[{"href":"https:\/\/zonacaral.gob.pe\/es\/wp-json\/wp\/v2\/media?parent=18519"}],"wp:term":[{"taxonomy":"category","embeddable":true,"href":"https:\/\/zonacaral.gob.pe\/es\/wp-json\/wp\/v2\/categories?post=18519"},{"taxonomy":"post_tag","embeddable":true,"href":"https:\/\/zonacaral.gob.pe\/es\/wp-json\/wp\/v2\/tags?post=18519"}],"curies":[{"name":"wp","href":"https:\/\/api.w.org\/{rel}","templated":true}]}}