{"id":18554,"date":"2025-09-02T17:18:51","date_gmt":"2025-09-02T22:18:51","guid":{"rendered":"https:\/\/www.zonacaral.gob.pe\/?p=18554"},"modified":"2025-09-02T17:18:51","modified_gmt":"2025-09-02T22:18:51","slug":"vichama-raymi-2025-vive-la-fiesta-ancestral-de-3800-anos-en-vegueta-huaura","status":"publish","type":"post","link":"https:\/\/zonacaral.gob.pe\/es\/noticias\/vichama-raymi-2025-vive-la-fiesta-ancestral-de-3800-anos-en-vegueta-huaura\/","title":{"rendered":"Vichama Raymi 2025: vive la fiesta ancestral de 3800 a\u00f1os en V\u00e9gueta \u2013 Huaura"},"content":{"rendered":"<figure class=\"pic-autor\" style=\"color: #4d4d4d; text-align: justify;\"><\/figure>\n<div class=\"gmail_default\" style=\"text-align: justify;\">\n<blockquote>\n<p><em><span style=\"font-weight: 400;\">Ingreso gratuito para todos los visitantes<\/span><\/em><\/p>\n<\/blockquote>\n<p><span style=\"font-weight: 400;\">El 5 y 6 de septiembre el sitio arqueol\u00f3gico de Vichama, ciudad agropesquera de V\u00e9gueta \u2013 Huaura (1800 &#8211; 1500 a. C.), se convertir\u00e1 en el escenario de una gran celebraci\u00f3n cultural: el <\/span><b>Vichama Raymi 2025<\/b><span style=\"font-weight: 400;\">, para conmemorar los 18 a\u00f1os de investigaci\u00f3n y conservaci\u00f3n de este centro urbano milenario, vinculado a la Civilizaci\u00f3n Caral.<\/span><\/p>\n<p><span style=\"font-weight: 400;\">La fiesta tradicional andina contar\u00e1 con pasacalles, presentaciones art\u00edsticas, rituales ancestrales, feria artesanal, gastron\u00f3mica y agraria, entre otras actividades gratuitas, organizadas por la <\/span><a href=\"https:\/\/www.instagram.com\/caralperu\/?hl=es\"><span style=\"font-weight: 400;\">Zona Arqueol\u00f3gica Caral<\/span><\/a><span style=\"font-weight: 400;\"> (ZAC), Unidad Ejecutora 003 del Ministerio de Cultura.<\/span><\/p>\n<p><b>Un encuentro con la memoria ancestral<\/b><\/p>\n<p><span style=\"font-weight: 400;\">La ceremonia ser\u00e1 encabezada por la doctora Ruth Shady Sol\u00eds, principal investigadora de Caral. Las actividades comenzar\u00e1n el viernes 5, a las 6:00 p. m., en la Plaza de Armas de V\u00e9gueta, con un pasacalle cultural rumbo al sitio arqueol\u00f3gico. All\u00ed, alrededor de la fogata, se escenificar\u00e1 el Mito de Vichama, a cargo de estudiantes del Colegio de Alto Rendimiento (COAR) Lima Provincias.<\/span><\/p>\n<p><span style=\"font-weight: 400;\">Posteriormente, se realizar\u00e1 el Pago a la Pachamama y Cochamama, conducido por Am\u00e9rica Bazalar. La jornada culminar\u00e1 con una danza de integraci\u00f3n, en la que participar\u00e1n todos los asistentes.<\/span><\/p>\n<p><b>Feria cultural, art\u00edstica y gastron\u00f3mica<\/b><\/p>\n<p><span style=\"font-weight: 400;\">El s\u00e1bado 6, desde las 9:00 a. m., los visitantes podr\u00e1n recorrer el sitio arqueol\u00f3gico y conocer los avances en investigaci\u00f3n y conservaci\u00f3n, as\u00ed como la importancia hist\u00f3rica de Vichama en el desarrollo de la Civilizaci\u00f3n Caral.<\/span><\/p>\n<p><span style=\"font-weight: 400;\">Adem\u00e1s, se desarrollar\u00e1 el Runa Raymi (festival art\u00edstico) y el Catu Vichama, espacio de exposici\u00f3n y venta de productos artesanales y agropecuarios de comunidades de V\u00e9gueta, Huaura, Huacho, Carqu\u00edn, Caleta Vidal, Supe-Caral y Supe Puerto, junto con las creaciones de los talleres de responsabilidad social de la ZAC. La jornada incluir\u00e1 tambi\u00e9n una muestra gastron\u00f3mica local con platos t\u00edpicos de la zona.<\/span><\/p>\n<p><span style=\"font-weight: 400;\">En paralelo, se presentar\u00e1n los centros culturales de V\u00e9gueta: Wiqi Kallpa V\u00e9gueta, Punto Cultura, V\u00e9guetaArt y L.C. Artes Esc\u00e9nicas V\u00e9gueta, adem\u00e1s de exhibiciones de caballos de paso y danzas tradicionales, como los Danzantes de Tijeras, entre otros.<\/span><\/p>\n<p><b>Vichama: memoria y resiliencia<\/b><\/p>\n<p><span style=\"font-weight: 400;\">Vichama, ubicado a solo dos horas y media de Lima, es un sitio clave para comprender el proceso civilizatorio iniciado hace 5000 a\u00f1os en Caral. En sus excavaciones se han hallado notables evidencias de los efectos del cambio clim\u00e1tico en aquella \u00e9poca, como relieves murales de seres antropomorfos e ictiomorfos, y la reciente escultura de una pareja de sapos modelados en arcilla no cocida, s\u00edmbolo andino vinculado a la lluvia, la regeneraci\u00f3n de la vida y la disponibilidad de agua.<\/span><\/p>\n<p><b>Participa del viaje cultural<\/b><\/p>\n<p><span style=\"font-weight: 400;\">Una opci\u00f3n para vivir la experiencia completa pueden inscribirse en el Programa de <\/span><b>Viajes Culturales <\/b><span style=\"font-weight: 400;\">de la ZAC, que incluye la visita al Vichama Raymi 2025 y el recorrido al nuevo atractivo: Pe\u00f1ico, ciudad de la integraci\u00f3n de la Civilizaci\u00f3n Caral.&nbsp; M\u00e1s informaci\u00f3n al 955 881 340.<\/span><\/p>\n<p><strong style=\"font-size: inherit; text-align: justify;\">Fuente: Comunicaci\u00f3n e Imagen Institucional ZAC<\/strong><\/p>\n<\/div>\n<div style=\"color: #1f1f1f;\">\n<div style=\"color: #1f1f1f;\">\n<p style=\"text-align: justify;\">Fecha de publicaci\u00f3n: 02\/09\/2025<\/p>\n<\/div>\n<\/div>\n\n\n<p><\/p>\n\n\n\n<p><\/p>\n","protected":false},"excerpt":{"rendered":"<p>Ingreso gratuito para todos los visitantes El 5 y 6 de septiembre el sitio arqueol\u00f3gico de Vichama, ciudad agropesquera de [&hellip;]<\/p>\n","protected":false},"author":1,"featured_media":18561,"comment_status":"closed","ping_status":"open","sticky":false,"template":"","format":"standard","meta":{"_acf_changed":false,"site-sidebar-layout":"default","site-content-layout":"","ast-site-content-layout":"default","site-content-style":"default","site-sidebar-style":"default","ast-global-header-display":"","ast-banner-title-visibility":"","ast-main-header-display":"","ast-hfb-above-header-display":"","ast-hfb-below-header-display":"","ast-hfb-mobile-header-display":"","site-post-title":"","ast-breadcrumbs-content":"","ast-featured-img":"","footer-sml-layout":"","ast-disable-related-posts":"","theme-transparent-header-meta":"","adv-header-id-meta":"","stick-header-meta":"","header-above-stick-meta":"","header-main-stick-meta":"","header-below-stick-meta":"","astra-migrate-meta-layouts":"default","ast-page-background-enabled":"default","ast-page-background-meta":{"desktop":{"background-color":"var(--ast-global-color-5)","background-image":"","background-repeat":"repeat","background-position":"center center","background-size":"auto","background-attachment":"scroll","background-type":"","background-media":"","overlay-type":"","overlay-color":"","overlay-opacity":"","overlay-gradient":""},"tablet":{"background-color":"","background-image":"","background-repeat":"repeat","background-position":"center center","background-size":"auto","background-attachment":"scroll","background-type":"","background-media":"","overlay-type":"","overlay-color":"","overlay-opacity":"","overlay-gradient":""},"mobile":{"background-color":"","background-image":"","background-repeat":"repeat","background-position":"center center","background-size":"auto","background-attachment":"scroll","background-type":"","background-media":"","overlay-type":"","overlay-color":"","overlay-opacity":"","overlay-gradient":""}},"ast-content-background-meta":{"desktop":{"background-color":"var(--ast-global-color-4)","background-image":"","background-repeat":"repeat","background-position":"center center","background-size":"auto","background-attachment":"scroll","background-type":"","background-media":"","overlay-type":"","overlay-color":"","overlay-opacity":"","overlay-gradient":""},"tablet":{"background-color":"var(--ast-global-color-4)","background-image":"","background-repeat":"repeat","background-position":"center center","background-size":"auto","background-attachment":"scroll","background-type":"","background-media":"","overlay-type":"","overlay-color":"","overlay-opacity":"","overlay-gradient":""},"mobile":{"background-color":"var(--ast-global-color-4)","background-image":"","background-repeat":"repeat","background-position":"center center","background-size":"auto","background-attachment":"scroll","background-type":"","background-media":"","overlay-type":"","overlay-color":"","overlay-opacity":"","overlay-gradient":""}},"footnotes":""},"categories":[208],"tags":[55,72],"class_list":["post-18554","post","type-post","status-publish","format-standard","has-post-thumbnail","hentry","category-noticias","tag-caral","tag-cultura"],"acf":[],"yoast_head":"<!-- This site is optimized with the Yoast SEO plugin v27.3 - https:\/\/yoast.com\/product\/yoast-seo-wordpress\/ -->\n<title>Vichama Raymi 2025: vive la fiesta ancestral de 3800 a\u00f1os en V\u00e9gueta \u2013 Huaura<\/title>\n<meta name=\"description\" content=\"El 5 y 6 de septiembre el sitio arqueol\u00f3gico de Vichama, ciudad agropesquera de V\u00e9gueta \u2013 Huaura (1800 - 1500 a. C.), se convertir\u00e1 en el escenario de una gran celebraci\u00f3n cultural: el Vichama Raymi 2025, para conmemorar los 18 a\u00f1os de investigaci\u00f3n y conservaci\u00f3n de este centro urbano milenario, vinculado a la Civilizaci\u00f3n Caral.\" \/>\n<meta name=\"robots\" content=\"index, follow, max-snippet:-1, max-image-preview:large, max-video-preview:-1\" \/>\n<link rel=\"canonical\" href=\"https:\/\/zonacaral.gob.pe\/es\/noticias\/vichama-raymi-2025-vive-la-fiesta-ancestral-de-3800-anos-en-vegueta-huaura\/\" \/>\n<meta property=\"og:locale\" content=\"es_ES\" \/>\n<meta property=\"og:type\" content=\"article\" \/>\n<meta property=\"og:title\" content=\"Vichama Raymi 2025: vive la fiesta ancestral de 3800 a\u00f1os en V\u00e9gueta \u2013 Huaura\" \/>\n<meta property=\"og:description\" content=\"El 5 y 6 de septiembre el sitio arqueol\u00f3gico de Vichama, ciudad agropesquera de V\u00e9gueta \u2013 Huaura (1800 - 1500 a. C.), se convertir\u00e1 en el escenario de una gran celebraci\u00f3n cultural: el Vichama Raymi 2025, para conmemorar los 18 a\u00f1os de investigaci\u00f3n y conservaci\u00f3n de este centro urbano milenario, vinculado a la Civilizaci\u00f3n Caral.\" \/>\n<meta property=\"og:url\" content=\"https:\/\/zonacaral.gob.pe\/es\/noticias\/vichama-raymi-2025-vive-la-fiesta-ancestral-de-3800-anos-en-vegueta-huaura\/\" \/>\n<meta property=\"og:site_name\" content=\"Zona Caral\" \/>\n<meta property=\"article:published_time\" content=\"2025-09-02T22:18:51+00:00\" \/>\n<meta property=\"og:image\" content=\"https:\/\/zonacaral.gob.pe\/wp-content\/uploads\/2025\/09\/vichama-raymi-1.jpg\" \/>\n\t<meta property=\"og:image:width\" content=\"1920\" \/>\n\t<meta property=\"og:image:height\" content=\"1080\" \/>\n\t<meta property=\"og:image:type\" content=\"image\/jpeg\" \/>\n<meta name=\"author\" content=\"Zona Caral Administrador\" \/>\n<meta name=\"twitter:card\" content=\"summary_large_image\" \/>\n<meta name=\"twitter:label1\" content=\"Written by\" \/>\n\t<meta name=\"twitter:data1\" content=\"Zona Caral Administrador\" \/>\n\t<meta name=\"twitter:label2\" content=\"Est. reading time\" \/>\n\t<meta name=\"twitter:data2\" content=\"3 minutos\" \/>\n<script type=\"application\/ld+json\" class=\"yoast-schema-graph\">{\"@context\":\"https:\\\/\\\/schema.org\",\"@graph\":[{\"@type\":\"Article\",\"@id\":\"https:\\\/\\\/zonacaral.gob.pe\\\/es\\\/noticias\\\/vichama-raymi-2025-vive-la-fiesta-ancestral-de-3800-anos-en-vegueta-huaura\\\/#article\",\"isPartOf\":{\"@id\":\"https:\\\/\\\/zonacaral.gob.pe\\\/es\\\/noticias\\\/vichama-raymi-2025-vive-la-fiesta-ancestral-de-3800-anos-en-vegueta-huaura\\\/\"},\"author\":{\"name\":\"Zona Caral Administrador\",\"@id\":\"https:\\\/\\\/zonacaral.gob.pe\\\/es\\\/#\\\/schema\\\/person\\\/beddb4d22f71a7230c5b90913270a0ee\"},\"headline\":\"Vichama Raymi 2025: vive la fiesta ancestral de 3800 a\u00f1os en V\u00e9gueta \u2013 Huaura\",\"datePublished\":\"2025-09-02T22:18:51+00:00\",\"mainEntityOfPage\":{\"@id\":\"https:\\\/\\\/zonacaral.gob.pe\\\/es\\\/noticias\\\/vichama-raymi-2025-vive-la-fiesta-ancestral-de-3800-anos-en-vegueta-huaura\\\/\"},\"wordCount\":529,\"image\":{\"@id\":\"https:\\\/\\\/zonacaral.gob.pe\\\/es\\\/noticias\\\/vichama-raymi-2025-vive-la-fiesta-ancestral-de-3800-anos-en-vegueta-huaura\\\/#primaryimage\"},\"thumbnailUrl\":\"https:\\\/\\\/zonacaral.gob.pe\\\/wp-content\\\/uploads\\\/2025\\\/09\\\/vichama-raymi-1.jpg\",\"keywords\":[\"caral\",\"Cultura\"],\"articleSection\":[\"noticias\"],\"inLanguage\":\"es-PE\"},{\"@type\":\"WebPage\",\"@id\":\"https:\\\/\\\/zonacaral.gob.pe\\\/es\\\/noticias\\\/vichama-raymi-2025-vive-la-fiesta-ancestral-de-3800-anos-en-vegueta-huaura\\\/\",\"url\":\"https:\\\/\\\/zonacaral.gob.pe\\\/es\\\/noticias\\\/vichama-raymi-2025-vive-la-fiesta-ancestral-de-3800-anos-en-vegueta-huaura\\\/\",\"name\":\"Vichama Raymi 2025: vive la fiesta ancestral de 3800 a\u00f1os en V\u00e9gueta \u2013 Huaura\",\"isPartOf\":{\"@id\":\"https:\\\/\\\/zonacaral.gob.pe\\\/es\\\/#website\"},\"primaryImageOfPage\":{\"@id\":\"https:\\\/\\\/zonacaral.gob.pe\\\/es\\\/noticias\\\/vichama-raymi-2025-vive-la-fiesta-ancestral-de-3800-anos-en-vegueta-huaura\\\/#primaryimage\"},\"image\":{\"@id\":\"https:\\\/\\\/zonacaral.gob.pe\\\/es\\\/noticias\\\/vichama-raymi-2025-vive-la-fiesta-ancestral-de-3800-anos-en-vegueta-huaura\\\/#primaryimage\"},\"thumbnailUrl\":\"https:\\\/\\\/zonacaral.gob.pe\\\/wp-content\\\/uploads\\\/2025\\\/09\\\/vichama-raymi-1.jpg\",\"datePublished\":\"2025-09-02T22:18:51+00:00\",\"author\":{\"@id\":\"https:\\\/\\\/zonacaral.gob.pe\\\/es\\\/#\\\/schema\\\/person\\\/beddb4d22f71a7230c5b90913270a0ee\"},\"description\":\"El 5 y 6 de septiembre el sitio arqueol\u00f3gico de Vichama, ciudad agropesquera de V\u00e9gueta \u2013 Huaura (1800 - 1500 a. C.), se convertir\u00e1 en el escenario de una gran celebraci\u00f3n cultural: el Vichama Raymi 2025, para conmemorar los 18 a\u00f1os de investigaci\u00f3n y conservaci\u00f3n de este centro urbano milenario, vinculado a la Civilizaci\u00f3n Caral.\",\"breadcrumb\":{\"@id\":\"https:\\\/\\\/zonacaral.gob.pe\\\/es\\\/noticias\\\/vichama-raymi-2025-vive-la-fiesta-ancestral-de-3800-anos-en-vegueta-huaura\\\/#breadcrumb\"},\"inLanguage\":\"es-PE\",\"potentialAction\":[{\"@type\":\"ReadAction\",\"target\":[\"https:\\\/\\\/zonacaral.gob.pe\\\/es\\\/noticias\\\/vichama-raymi-2025-vive-la-fiesta-ancestral-de-3800-anos-en-vegueta-huaura\\\/\"]}]},{\"@type\":\"ImageObject\",\"inLanguage\":\"es-PE\",\"@id\":\"https:\\\/\\\/zonacaral.gob.pe\\\/es\\\/noticias\\\/vichama-raymi-2025-vive-la-fiesta-ancestral-de-3800-anos-en-vegueta-huaura\\\/#primaryimage\",\"url\":\"https:\\\/\\\/zonacaral.gob.pe\\\/wp-content\\\/uploads\\\/2025\\\/09\\\/vichama-raymi-1.jpg\",\"contentUrl\":\"https:\\\/\\\/zonacaral.gob.pe\\\/wp-content\\\/uploads\\\/2025\\\/09\\\/vichama-raymi-1.jpg\",\"width\":1920,\"height\":1080},{\"@type\":\"BreadcrumbList\",\"@id\":\"https:\\\/\\\/zonacaral.gob.pe\\\/es\\\/noticias\\\/vichama-raymi-2025-vive-la-fiesta-ancestral-de-3800-anos-en-vegueta-huaura\\\/#breadcrumb\",\"itemListElement\":[{\"@type\":\"ListItem\",\"position\":1,\"name\":\"Portada\",\"item\":\"https:\\\/\\\/zonacaral.gob.pe\\\/\"},{\"@type\":\"ListItem\",\"position\":2,\"name\":\"Vichama Raymi 2025: vive la fiesta ancestral de 3800 a\u00f1os en V\u00e9gueta \u2013 Huaura\"}]},{\"@type\":\"WebSite\",\"@id\":\"https:\\\/\\\/zonacaral.gob.pe\\\/es\\\/#website\",\"url\":\"https:\\\/\\\/zonacaral.gob.pe\\\/es\\\/\",\"name\":\"Zona Caral\",\"description\":\"Investigamos, conservamos y difundimos el patrimonio cultural de la Civilizaci\u00f3n Caral, la m\u00e1s antigua de Am\u00e9rica.\",\"potentialAction\":[{\"@type\":\"SearchAction\",\"target\":{\"@type\":\"EntryPoint\",\"urlTemplate\":\"https:\\\/\\\/zonacaral.gob.pe\\\/es\\\/?s={search_term_string}\"},\"query-input\":{\"@type\":\"PropertyValueSpecification\",\"valueRequired\":true,\"valueName\":\"search_term_string\"}}],\"inLanguage\":\"es-PE\"},{\"@type\":\"Person\",\"@id\":\"https:\\\/\\\/zonacaral.gob.pe\\\/es\\\/#\\\/schema\\\/person\\\/beddb4d22f71a7230c5b90913270a0ee\",\"name\":\"Zona Caral Administrador\",\"image\":{\"@type\":\"ImageObject\",\"inLanguage\":\"es-PE\",\"@id\":\"https:\\\/\\\/secure.gravatar.com\\\/avatar\\\/e4be162918a696358376de6446614e0f0f4062bdc5d170d6d540ada3d8b58c12?s=96&d=mm&r=g\",\"url\":\"https:\\\/\\\/secure.gravatar.com\\\/avatar\\\/e4be162918a696358376de6446614e0f0f4062bdc5d170d6d540ada3d8b58c12?s=96&d=mm&r=g\",\"contentUrl\":\"https:\\\/\\\/secure.gravatar.com\\\/avatar\\\/e4be162918a696358376de6446614e0f0f4062bdc5d170d6d540ada3d8b58c12?s=96&d=mm&r=g\",\"caption\":\"Zona Caral Administrador\"},\"sameAs\":[\"https:\\\/\\\/zonacaral.gob.pe\"],\"url\":\"https:\\\/\\\/zonacaral.gob.pe\\\/es\\\/noticias\\\/author\\\/ad_zonacaral\\\/\"}]}<\/script>\n<!-- \/ Yoast SEO plugin. -->","yoast_head_json":{"title":"Vichama Raymi 2025: vive la fiesta ancestral de 3800 a\u00f1os en V\u00e9gueta \u2013 Huaura","description":"El 5 y 6 de septiembre el sitio arqueol\u00f3gico de Vichama, ciudad agropesquera de V\u00e9gueta \u2013 Huaura (1800 - 1500 a. C.), se convertir\u00e1 en el escenario de una gran celebraci\u00f3n cultural: el Vichama Raymi 2025, para conmemorar los 18 a\u00f1os de investigaci\u00f3n y conservaci\u00f3n de este centro urbano milenario, vinculado a la Civilizaci\u00f3n Caral.","robots":{"index":"index","follow":"follow","max-snippet":"max-snippet:-1","max-image-preview":"max-image-preview:large","max-video-preview":"max-video-preview:-1"},"canonical":"https:\/\/zonacaral.gob.pe\/es\/noticias\/vichama-raymi-2025-vive-la-fiesta-ancestral-de-3800-anos-en-vegueta-huaura\/","og_locale":"es_ES","og_type":"article","og_title":"Vichama Raymi 2025: vive la fiesta ancestral de 3800 a\u00f1os en V\u00e9gueta \u2013 Huaura","og_description":"El 5 y 6 de septiembre el sitio arqueol\u00f3gico de Vichama, ciudad agropesquera de V\u00e9gueta \u2013 Huaura (1800 - 1500 a. C.), se convertir\u00e1 en el escenario de una gran celebraci\u00f3n cultural: el Vichama Raymi 2025, para conmemorar los 18 a\u00f1os de investigaci\u00f3n y conservaci\u00f3n de este centro urbano milenario, vinculado a la Civilizaci\u00f3n Caral.","og_url":"https:\/\/zonacaral.gob.pe\/es\/noticias\/vichama-raymi-2025-vive-la-fiesta-ancestral-de-3800-anos-en-vegueta-huaura\/","og_site_name":"Zona Caral","article_published_time":"2025-09-02T22:18:51+00:00","og_image":[{"width":1920,"height":1080,"url":"https:\/\/zonacaral.gob.pe\/wp-content\/uploads\/2025\/09\/vichama-raymi-1.jpg","type":"image\/jpeg"}],"author":"Zona Caral Administrador","twitter_card":"summary_large_image","twitter_misc":{"Written by":"Zona Caral Administrador","Est. reading time":"3 minutos"},"schema":{"@context":"https:\/\/schema.org","@graph":[{"@type":"Article","@id":"https:\/\/zonacaral.gob.pe\/es\/noticias\/vichama-raymi-2025-vive-la-fiesta-ancestral-de-3800-anos-en-vegueta-huaura\/#article","isPartOf":{"@id":"https:\/\/zonacaral.gob.pe\/es\/noticias\/vichama-raymi-2025-vive-la-fiesta-ancestral-de-3800-anos-en-vegueta-huaura\/"},"author":{"name":"Zona Caral Administrador","@id":"https:\/\/zonacaral.gob.pe\/es\/#\/schema\/person\/beddb4d22f71a7230c5b90913270a0ee"},"headline":"Vichama Raymi 2025: vive la fiesta ancestral de 3800 a\u00f1os en V\u00e9gueta \u2013 Huaura","datePublished":"2025-09-02T22:18:51+00:00","mainEntityOfPage":{"@id":"https:\/\/zonacaral.gob.pe\/es\/noticias\/vichama-raymi-2025-vive-la-fiesta-ancestral-de-3800-anos-en-vegueta-huaura\/"},"wordCount":529,"image":{"@id":"https:\/\/zonacaral.gob.pe\/es\/noticias\/vichama-raymi-2025-vive-la-fiesta-ancestral-de-3800-anos-en-vegueta-huaura\/#primaryimage"},"thumbnailUrl":"https:\/\/zonacaral.gob.pe\/wp-content\/uploads\/2025\/09\/vichama-raymi-1.jpg","keywords":["caral","Cultura"],"articleSection":["noticias"],"inLanguage":"es-PE"},{"@type":"WebPage","@id":"https:\/\/zonacaral.gob.pe\/es\/noticias\/vichama-raymi-2025-vive-la-fiesta-ancestral-de-3800-anos-en-vegueta-huaura\/","url":"https:\/\/zonacaral.gob.pe\/es\/noticias\/vichama-raymi-2025-vive-la-fiesta-ancestral-de-3800-anos-en-vegueta-huaura\/","name":"Vichama Raymi 2025: vive la fiesta ancestral de 3800 a\u00f1os en V\u00e9gueta \u2013 Huaura","isPartOf":{"@id":"https:\/\/zonacaral.gob.pe\/es\/#website"},"primaryImageOfPage":{"@id":"https:\/\/zonacaral.gob.pe\/es\/noticias\/vichama-raymi-2025-vive-la-fiesta-ancestral-de-3800-anos-en-vegueta-huaura\/#primaryimage"},"image":{"@id":"https:\/\/zonacaral.gob.pe\/es\/noticias\/vichama-raymi-2025-vive-la-fiesta-ancestral-de-3800-anos-en-vegueta-huaura\/#primaryimage"},"thumbnailUrl":"https:\/\/zonacaral.gob.pe\/wp-content\/uploads\/2025\/09\/vichama-raymi-1.jpg","datePublished":"2025-09-02T22:18:51+00:00","author":{"@id":"https:\/\/zonacaral.gob.pe\/es\/#\/schema\/person\/beddb4d22f71a7230c5b90913270a0ee"},"description":"El 5 y 6 de septiembre el sitio arqueol\u00f3gico de Vichama, ciudad agropesquera de V\u00e9gueta \u2013 Huaura (1800 - 1500 a. C.), se convertir\u00e1 en el escenario de una gran celebraci\u00f3n cultural: el Vichama Raymi 2025, para conmemorar los 18 a\u00f1os de investigaci\u00f3n y conservaci\u00f3n de este centro urbano milenario, vinculado a la Civilizaci\u00f3n Caral.","breadcrumb":{"@id":"https:\/\/zonacaral.gob.pe\/es\/noticias\/vichama-raymi-2025-vive-la-fiesta-ancestral-de-3800-anos-en-vegueta-huaura\/#breadcrumb"},"inLanguage":"es-PE","potentialAction":[{"@type":"ReadAction","target":["https:\/\/zonacaral.gob.pe\/es\/noticias\/vichama-raymi-2025-vive-la-fiesta-ancestral-de-3800-anos-en-vegueta-huaura\/"]}]},{"@type":"ImageObject","inLanguage":"es-PE","@id":"https:\/\/zonacaral.gob.pe\/es\/noticias\/vichama-raymi-2025-vive-la-fiesta-ancestral-de-3800-anos-en-vegueta-huaura\/#primaryimage","url":"https:\/\/zonacaral.gob.pe\/wp-content\/uploads\/2025\/09\/vichama-raymi-1.jpg","contentUrl":"https:\/\/zonacaral.gob.pe\/wp-content\/uploads\/2025\/09\/vichama-raymi-1.jpg","width":1920,"height":1080},{"@type":"BreadcrumbList","@id":"https:\/\/zonacaral.gob.pe\/es\/noticias\/vichama-raymi-2025-vive-la-fiesta-ancestral-de-3800-anos-en-vegueta-huaura\/#breadcrumb","itemListElement":[{"@type":"ListItem","position":1,"name":"Portada","item":"https:\/\/zonacaral.gob.pe\/"},{"@type":"ListItem","position":2,"name":"Vichama Raymi 2025: vive la fiesta ancestral de 3800 a\u00f1os en V\u00e9gueta \u2013 Huaura"}]},{"@type":"WebSite","@id":"https:\/\/zonacaral.gob.pe\/es\/#website","url":"https:\/\/zonacaral.gob.pe\/es\/","name":"Zona Caral","description":"Investigamos, conservamos y difundimos el patrimonio cultural de la Civilizaci\u00f3n Caral, la m\u00e1s antigua de Am\u00e9rica.","potentialAction":[{"@type":"SearchAction","target":{"@type":"EntryPoint","urlTemplate":"https:\/\/zonacaral.gob.pe\/es\/?s={search_term_string}"},"query-input":{"@type":"PropertyValueSpecification","valueRequired":true,"valueName":"search_term_string"}}],"inLanguage":"es-PE"},{"@type":"Person","@id":"https:\/\/zonacaral.gob.pe\/es\/#\/schema\/person\/beddb4d22f71a7230c5b90913270a0ee","name":"Zona Caral Administrador","image":{"@type":"ImageObject","inLanguage":"es-PE","@id":"https:\/\/secure.gravatar.com\/avatar\/e4be162918a696358376de6446614e0f0f4062bdc5d170d6d540ada3d8b58c12?s=96&d=mm&r=g","url":"https:\/\/secure.gravatar.com\/avatar\/e4be162918a696358376de6446614e0f0f4062bdc5d170d6d540ada3d8b58c12?s=96&d=mm&r=g","contentUrl":"https:\/\/secure.gravatar.com\/avatar\/e4be162918a696358376de6446614e0f0f4062bdc5d170d6d540ada3d8b58c12?s=96&d=mm&r=g","caption":"Zona Caral Administrador"},"sameAs":["https:\/\/zonacaral.gob.pe"],"url":"https:\/\/zonacaral.gob.pe\/es\/noticias\/author\/ad_zonacaral\/"}]}},"_links":{"self":[{"href":"https:\/\/zonacaral.gob.pe\/es\/wp-json\/wp\/v2\/posts\/18554","targetHints":{"allow":["GET"]}}],"collection":[{"href":"https:\/\/zonacaral.gob.pe\/es\/wp-json\/wp\/v2\/posts"}],"about":[{"href":"https:\/\/zonacaral.gob.pe\/es\/wp-json\/wp\/v2\/types\/post"}],"author":[{"embeddable":true,"href":"https:\/\/zonacaral.gob.pe\/es\/wp-json\/wp\/v2\/users\/1"}],"replies":[{"embeddable":true,"href":"https:\/\/zonacaral.gob.pe\/es\/wp-json\/wp\/v2\/comments?post=18554"}],"version-history":[{"count":0,"href":"https:\/\/zonacaral.gob.pe\/es\/wp-json\/wp\/v2\/posts\/18554\/revisions"}],"wp:featuredmedia":[{"embeddable":true,"href":"https:\/\/zonacaral.gob.pe\/es\/wp-json\/wp\/v2\/media\/18561"}],"wp:attachment":[{"href":"https:\/\/zonacaral.gob.pe\/es\/wp-json\/wp\/v2\/media?parent=18554"}],"wp:term":[{"taxonomy":"category","embeddable":true,"href":"https:\/\/zonacaral.gob.pe\/es\/wp-json\/wp\/v2\/categories?post=18554"},{"taxonomy":"post_tag","embeddable":true,"href":"https:\/\/zonacaral.gob.pe\/es\/wp-json\/wp\/v2\/tags?post=18554"}],"curies":[{"name":"wp","href":"https:\/\/api.w.org\/{rel}","templated":true}]}}