{"id":18557,"date":"2025-09-03T16:00:08","date_gmt":"2025-09-03T21:00:08","guid":{"rendered":"https:\/\/www.zonacaral.gob.pe\/?p=18557"},"modified":"2025-09-03T16:00:08","modified_gmt":"2025-09-03T21:00:08","slug":"vichama-18-anos-conoce-las-evidencias-del-cambio-climatico-que-afecto-a-la-civilizacion-caral","status":"publish","type":"post","link":"https:\/\/zonacaral.gob.pe\/es\/noticias\/vichama-18-anos-conoce-las-evidencias-del-cambio-climatico-que-afecto-a-la-civilizacion-caral\/","title":{"rendered":"VICHAMA, 18 A\u00d1OS: conoce las evidencias del cambio clim\u00e1tico que afect\u00f3 a la Civilizaci\u00f3n Caral"},"content":{"rendered":"<figure class=\"pic-autor\" style=\"color: #4d4d4d; text-align: justify;\"><\/figure>\n<div class=\"gmail_default\" style=\"text-align: justify;\">\n<blockquote>\n<p><span style=\"font-weight: 400;\">Aprendizaje y reflexiones.<\/span><\/p>\n<\/blockquote>\n<p><span style=\"font-weight: 400;\">La <\/span><a href=\"https:\/\/www.facebook.com\/CARALPERU\/?locale=es_LA\"><span style=\"font-weight: 400;\">Zona Arqueol\u00f3gica Caral<\/span><\/a><span style=\"font-weight: 400;\">, Unidad Ejecutora 003 del Ministerio de Cultura, presenta la nueva exposici\u00f3n titulada <\/span><b>\u201cVichama y el registro del cambio clim\u00e1tico en la memoria colectiva social de hace 3800 a\u00f1os\u201d<\/b><span style=\"font-weight: 400;\">, al conmemorarse 18 a\u00f1os del inicio de los trabajos de investigaci\u00f3n, conservaci\u00f3n y difusi\u00f3n de Vichama, la antigua ciudad agropesquera de V\u00e9gueta \u2013 Huaura.<\/span><\/p>\n<p><span style=\"font-weight: 400;\">La muestra gratuita se encuentra en el Hall Paracas del Ministerio de Cultura y puede ser visitada de martes a domingo de 9:00 a. m. a 5:00 p. m. Exposici\u00f3n disponible hasta el 30 de septiembre de 2025.<\/span><\/p>\n<p><span style=\"font-weight: 400;\">De acuerdo a las investigaciones, desde el a\u00f1o 2200 a. C. y durante varios siglos despu\u00e9s, en varias regiones del planeta sucedi\u00f3 un episodio prolongado de aridificaci\u00f3n, cambios en los patrones de lluvia y de enfriamiento. Este fen\u00f3meno conocido como evento 4.2ka afect\u00f3 gravemente a las sociedades de la \u00e9poca, como a las ciudades de la Civilizaci\u00f3n Caral, conduciendola a su fin.<\/span><\/p>\n<p><span style=\"font-weight: 400;\">Los habitantes de los centros urbanos de esta civilizaci\u00f3n abandonaron las tierras que ocuparon por m\u00e1s de mil a\u00f1os. La escasez de agua alter\u00f3 sus paisajes productivos, gener\u00f3 hambrunas y provoc\u00f3 desplazamientos poblacionales hacia \u00e1reas m\u00e1s cercanas al mar y a tierras cultivadas, en la franja valle-mar.<\/span><\/p>\n<p><span style=\"font-weight: 400;\">En este contexto, de cambio y adaptaci\u00f3n, aparece <\/span><a href=\"https:\/\/www.zonacaral.gob.pe\/ruta-caral\/vichama.html\"><span style=\"font-weight: 400;\">Vichama<\/span><\/a><span style=\"font-weight: 400;\"> (1800 a. C.). Su poblaci\u00f3n mantuvo v\u00ednculos en las redes econ\u00f3micas y sociales heredadas de Caral. Lleg\u00f3 a extenderse 25 hect\u00e1reas, con cinco edificios piramidales, otras estructuras arquitect\u00f3nicas p\u00fablicas y zonas residenciales similares a la Ciudad Sagrada de Caral, principal ciudad de la primera civilizaci\u00f3n de Am\u00e9rica.<\/span><\/p>\n<p><span style=\"font-weight: 400;\">En este sitio arqueol\u00f3gico qued\u00f3 registrado la experiencia colectiva frente a esta prolongada crisis clim\u00e1tica que enfrentaron los caralinos. Usando un lenguaje visual de gran fuerza simb\u00f3lica: en salones ceremoniales y recintos p\u00fablicos, plasmaron relieves murales donde representaron los efectos sociales del cambio clim\u00e1tico que les afect\u00f3, con fines de reflexi\u00f3n.<\/span><\/p>\n<p><span style=\"font-weight: 400;\">Estos mensajes constituyen una memoria social que hoy nos interpela y alerta sobre los retos ambientales de nuestro tiempo, los cuales debemos conocer y nunca olvidar.<\/span><\/p>\n<p><strong>DATO<\/strong><\/p>\n<p><span style=\"font-weight: 400;\">El 5 y 6 de septiembre se conmemorar\u00e1 el 18 aniversario del inicio de investigaci\u00f3n, conservaci\u00f3n y puesta de valor de Vichama, ciudad agropesquera de V\u00e9gueta \u2013 Huaura, con diversas actividades culturales gratuitas. Un modo de participar en este evento, \u00fanico en el a\u00f1o, es participando del programa Viajes Culturales de la Zona Arqueol\u00f3gica Caral. Para m\u00e1s informes, comun\u00edcate al: 955 881 340 (mensajes WhatsApp y llamadas).<\/span><\/p>\n<p><strong style=\"font-size: inherit; text-align: justify;\">Fuente: Comunicaci\u00f3n e Imagen Institucional ZAC<\/strong><\/p>\n<\/div>\n<div style=\"color: #1f1f1f;\">\n<div style=\"color: #1f1f1f;\">\n<p style=\"text-align: justify;\">Fecha de publicaci\u00f3n: 02\/09\/2025<\/p>\n<\/div>\n<\/div>\n\n\n<p><\/p>\n\n\n\n<p><\/p>\n","protected":false},"excerpt":{"rendered":"<p>Aprendizaje y reflexiones. La Zona Arqueol\u00f3gica Caral, Unidad Ejecutora 003 del Ministerio de Cultura, presenta la nueva exposici\u00f3n titulada \u201cVichama [&hellip;]<\/p>\n","protected":false},"author":1,"featured_media":18566,"comment_status":"closed","ping_status":"open","sticky":false,"template":"","format":"standard","meta":{"_acf_changed":false,"site-sidebar-layout":"default","site-content-layout":"","ast-site-content-layout":"default","site-content-style":"default","site-sidebar-style":"default","ast-global-header-display":"","ast-banner-title-visibility":"","ast-main-header-display":"","ast-hfb-above-header-display":"","ast-hfb-below-header-display":"","ast-hfb-mobile-header-display":"","site-post-title":"","ast-breadcrumbs-content":"","ast-featured-img":"","footer-sml-layout":"","ast-disable-related-posts":"","theme-transparent-header-meta":"","adv-header-id-meta":"","stick-header-meta":"","header-above-stick-meta":"","header-main-stick-meta":"","header-below-stick-meta":"","astra-migrate-meta-layouts":"default","ast-page-background-enabled":"default","ast-page-background-meta":{"desktop":{"background-color":"var(--ast-global-color-5)","background-image":"","background-repeat":"repeat","background-position":"center center","background-size":"auto","background-attachment":"scroll","background-type":"","background-media":"","overlay-type":"","overlay-color":"","overlay-opacity":"","overlay-gradient":""},"tablet":{"background-color":"","background-image":"","background-repeat":"repeat","background-position":"center center","background-size":"auto","background-attachment":"scroll","background-type":"","background-media":"","overlay-type":"","overlay-color":"","overlay-opacity":"","overlay-gradient":""},"mobile":{"background-color":"","background-image":"","background-repeat":"repeat","background-position":"center center","background-size":"auto","background-attachment":"scroll","background-type":"","background-media":"","overlay-type":"","overlay-color":"","overlay-opacity":"","overlay-gradient":""}},"ast-content-background-meta":{"desktop":{"background-color":"var(--ast-global-color-4)","background-image":"","background-repeat":"repeat","background-position":"center center","background-size":"auto","background-attachment":"scroll","background-type":"","background-media":"","overlay-type":"","overlay-color":"","overlay-opacity":"","overlay-gradient":""},"tablet":{"background-color":"var(--ast-global-color-4)","background-image":"","background-repeat":"repeat","background-position":"center center","background-size":"auto","background-attachment":"scroll","background-type":"","background-media":"","overlay-type":"","overlay-color":"","overlay-opacity":"","overlay-gradient":""},"mobile":{"background-color":"var(--ast-global-color-4)","background-image":"","background-repeat":"repeat","background-position":"center center","background-size":"auto","background-attachment":"scroll","background-type":"","background-media":"","overlay-type":"","overlay-color":"","overlay-opacity":"","overlay-gradient":""}},"footnotes":""},"categories":[208],"tags":[55,72],"class_list":["post-18557","post","type-post","status-publish","format-standard","has-post-thumbnail","hentry","category-noticias","tag-caral","tag-cultura"],"acf":[],"yoast_head":"<!-- This site is optimized with the Yoast SEO plugin v27.3 - https:\/\/yoast.com\/product\/yoast-seo-wordpress\/ -->\n<title>VICHAMA, 18 A\u00d1OS: conoce las evidencias del cambio clim\u00e1tico que afect\u00f3 a la Civilizaci\u00f3n Caral<\/title>\n<meta name=\"description\" content=\"La Zona Arqueol\u00f3gica Caral, Unidad Ejecutora 003 del Ministerio de Cultura, presenta la nueva exposici\u00f3n titulada \u201cVichama y el registro del cambio clim\u00e1tico en la memoria colectiva social de hace 3800 a\u00f1os\u201d, al conmemorarse 18 a\u00f1os del inicio de los trabajos de investigaci\u00f3n, conservaci\u00f3n y difusi\u00f3n de Vichama, la antigua ciudad agropesquera de V\u00e9gueta \u2013 Huaura.\" \/>\n<meta name=\"robots\" content=\"index, follow, max-snippet:-1, max-image-preview:large, max-video-preview:-1\" \/>\n<link rel=\"canonical\" href=\"https:\/\/zonacaral.gob.pe\/es\/noticias\/vichama-18-anos-conoce-las-evidencias-del-cambio-climatico-que-afecto-a-la-civilizacion-caral\/\" \/>\n<meta property=\"og:locale\" content=\"es_ES\" \/>\n<meta property=\"og:type\" content=\"article\" \/>\n<meta property=\"og:title\" content=\"VICHAMA, 18 A\u00d1OS: conoce las evidencias del cambio clim\u00e1tico que afect\u00f3 a la Civilizaci\u00f3n Caral\" \/>\n<meta property=\"og:description\" content=\"La Zona Arqueol\u00f3gica Caral, Unidad Ejecutora 003 del Ministerio de Cultura, presenta la nueva exposici\u00f3n titulada \u201cVichama y el registro del cambio clim\u00e1tico en la memoria colectiva social de hace 3800 a\u00f1os\u201d, al conmemorarse 18 a\u00f1os del inicio de los trabajos de investigaci\u00f3n, conservaci\u00f3n y difusi\u00f3n de Vichama, la antigua ciudad agropesquera de V\u00e9gueta \u2013 Huaura.\" \/>\n<meta property=\"og:url\" content=\"https:\/\/zonacaral.gob.pe\/es\/noticias\/vichama-18-anos-conoce-las-evidencias-del-cambio-climatico-que-afecto-a-la-civilizacion-caral\/\" \/>\n<meta property=\"og:site_name\" content=\"Zona Caral\" \/>\n<meta property=\"article:published_time\" content=\"2025-09-03T21:00:08+00:00\" \/>\n<meta property=\"og:image\" content=\"https:\/\/zonacaral.gob.pe\/wp-content\/uploads\/2025\/09\/vichaexpo1.jpg\" \/>\n\t<meta property=\"og:image:width\" content=\"1920\" \/>\n\t<meta property=\"og:image:height\" content=\"1080\" \/>\n\t<meta property=\"og:image:type\" content=\"image\/jpeg\" \/>\n<meta name=\"author\" content=\"Zona Caral Administrador\" \/>\n<meta name=\"twitter:card\" content=\"summary_large_image\" \/>\n<meta name=\"twitter:label1\" content=\"Written by\" \/>\n\t<meta name=\"twitter:data1\" content=\"Zona Caral Administrador\" \/>\n\t<meta name=\"twitter:label2\" content=\"Est. reading time\" \/>\n\t<meta name=\"twitter:data2\" content=\"2 minutos\" \/>\n<script type=\"application\/ld+json\" class=\"yoast-schema-graph\">{\"@context\":\"https:\\\/\\\/schema.org\",\"@graph\":[{\"@type\":\"Article\",\"@id\":\"https:\\\/\\\/zonacaral.gob.pe\\\/es\\\/noticias\\\/vichama-18-anos-conoce-las-evidencias-del-cambio-climatico-que-afecto-a-la-civilizacion-caral\\\/#article\",\"isPartOf\":{\"@id\":\"https:\\\/\\\/zonacaral.gob.pe\\\/es\\\/noticias\\\/vichama-18-anos-conoce-las-evidencias-del-cambio-climatico-que-afecto-a-la-civilizacion-caral\\\/\"},\"author\":{\"name\":\"Zona Caral Administrador\",\"@id\":\"https:\\\/\\\/zonacaral.gob.pe\\\/es\\\/#\\\/schema\\\/person\\\/beddb4d22f71a7230c5b90913270a0ee\"},\"headline\":\"VICHAMA, 18 A\u00d1OS: conoce las evidencias del cambio clim\u00e1tico que afect\u00f3 a la Civilizaci\u00f3n Caral\",\"datePublished\":\"2025-09-03T21:00:08+00:00\",\"mainEntityOfPage\":{\"@id\":\"https:\\\/\\\/zonacaral.gob.pe\\\/es\\\/noticias\\\/vichama-18-anos-conoce-las-evidencias-del-cambio-climatico-que-afecto-a-la-civilizacion-caral\\\/\"},\"wordCount\":458,\"image\":{\"@id\":\"https:\\\/\\\/zonacaral.gob.pe\\\/es\\\/noticias\\\/vichama-18-anos-conoce-las-evidencias-del-cambio-climatico-que-afecto-a-la-civilizacion-caral\\\/#primaryimage\"},\"thumbnailUrl\":\"https:\\\/\\\/zonacaral.gob.pe\\\/wp-content\\\/uploads\\\/2025\\\/09\\\/vichaexpo1.jpg\",\"keywords\":[\"caral\",\"Cultura\"],\"articleSection\":[\"noticias\"],\"inLanguage\":\"es-PE\"},{\"@type\":\"WebPage\",\"@id\":\"https:\\\/\\\/zonacaral.gob.pe\\\/es\\\/noticias\\\/vichama-18-anos-conoce-las-evidencias-del-cambio-climatico-que-afecto-a-la-civilizacion-caral\\\/\",\"url\":\"https:\\\/\\\/zonacaral.gob.pe\\\/es\\\/noticias\\\/vichama-18-anos-conoce-las-evidencias-del-cambio-climatico-que-afecto-a-la-civilizacion-caral\\\/\",\"name\":\"VICHAMA, 18 A\u00d1OS: conoce las evidencias del cambio clim\u00e1tico que afect\u00f3 a la Civilizaci\u00f3n Caral\",\"isPartOf\":{\"@id\":\"https:\\\/\\\/zonacaral.gob.pe\\\/es\\\/#website\"},\"primaryImageOfPage\":{\"@id\":\"https:\\\/\\\/zonacaral.gob.pe\\\/es\\\/noticias\\\/vichama-18-anos-conoce-las-evidencias-del-cambio-climatico-que-afecto-a-la-civilizacion-caral\\\/#primaryimage\"},\"image\":{\"@id\":\"https:\\\/\\\/zonacaral.gob.pe\\\/es\\\/noticias\\\/vichama-18-anos-conoce-las-evidencias-del-cambio-climatico-que-afecto-a-la-civilizacion-caral\\\/#primaryimage\"},\"thumbnailUrl\":\"https:\\\/\\\/zonacaral.gob.pe\\\/wp-content\\\/uploads\\\/2025\\\/09\\\/vichaexpo1.jpg\",\"datePublished\":\"2025-09-03T21:00:08+00:00\",\"author\":{\"@id\":\"https:\\\/\\\/zonacaral.gob.pe\\\/es\\\/#\\\/schema\\\/person\\\/beddb4d22f71a7230c5b90913270a0ee\"},\"description\":\"La Zona Arqueol\u00f3gica Caral, Unidad Ejecutora 003 del Ministerio de Cultura, presenta la nueva exposici\u00f3n titulada \u201cVichama y el registro del cambio clim\u00e1tico en la memoria colectiva social de hace 3800 a\u00f1os\u201d, al conmemorarse 18 a\u00f1os del inicio de los trabajos de investigaci\u00f3n, conservaci\u00f3n y difusi\u00f3n de Vichama, la antigua ciudad agropesquera de V\u00e9gueta \u2013 Huaura.\",\"breadcrumb\":{\"@id\":\"https:\\\/\\\/zonacaral.gob.pe\\\/es\\\/noticias\\\/vichama-18-anos-conoce-las-evidencias-del-cambio-climatico-que-afecto-a-la-civilizacion-caral\\\/#breadcrumb\"},\"inLanguage\":\"es-PE\",\"potentialAction\":[{\"@type\":\"ReadAction\",\"target\":[\"https:\\\/\\\/zonacaral.gob.pe\\\/es\\\/noticias\\\/vichama-18-anos-conoce-las-evidencias-del-cambio-climatico-que-afecto-a-la-civilizacion-caral\\\/\"]}]},{\"@type\":\"ImageObject\",\"inLanguage\":\"es-PE\",\"@id\":\"https:\\\/\\\/zonacaral.gob.pe\\\/es\\\/noticias\\\/vichama-18-anos-conoce-las-evidencias-del-cambio-climatico-que-afecto-a-la-civilizacion-caral\\\/#primaryimage\",\"url\":\"https:\\\/\\\/zonacaral.gob.pe\\\/wp-content\\\/uploads\\\/2025\\\/09\\\/vichaexpo1.jpg\",\"contentUrl\":\"https:\\\/\\\/zonacaral.gob.pe\\\/wp-content\\\/uploads\\\/2025\\\/09\\\/vichaexpo1.jpg\",\"width\":1920,\"height\":1080},{\"@type\":\"BreadcrumbList\",\"@id\":\"https:\\\/\\\/zonacaral.gob.pe\\\/es\\\/noticias\\\/vichama-18-anos-conoce-las-evidencias-del-cambio-climatico-que-afecto-a-la-civilizacion-caral\\\/#breadcrumb\",\"itemListElement\":[{\"@type\":\"ListItem\",\"position\":1,\"name\":\"Portada\",\"item\":\"https:\\\/\\\/zonacaral.gob.pe\\\/\"},{\"@type\":\"ListItem\",\"position\":2,\"name\":\"VICHAMA, 18 A\u00d1OS: conoce las evidencias del cambio clim\u00e1tico que afect\u00f3 a la Civilizaci\u00f3n Caral\"}]},{\"@type\":\"WebSite\",\"@id\":\"https:\\\/\\\/zonacaral.gob.pe\\\/es\\\/#website\",\"url\":\"https:\\\/\\\/zonacaral.gob.pe\\\/es\\\/\",\"name\":\"Zona Caral\",\"description\":\"Investigamos, conservamos y difundimos el patrimonio cultural de la Civilizaci\u00f3n Caral, la m\u00e1s antigua de Am\u00e9rica.\",\"potentialAction\":[{\"@type\":\"SearchAction\",\"target\":{\"@type\":\"EntryPoint\",\"urlTemplate\":\"https:\\\/\\\/zonacaral.gob.pe\\\/es\\\/?s={search_term_string}\"},\"query-input\":{\"@type\":\"PropertyValueSpecification\",\"valueRequired\":true,\"valueName\":\"search_term_string\"}}],\"inLanguage\":\"es-PE\"},{\"@type\":\"Person\",\"@id\":\"https:\\\/\\\/zonacaral.gob.pe\\\/es\\\/#\\\/schema\\\/person\\\/beddb4d22f71a7230c5b90913270a0ee\",\"name\":\"Zona Caral Administrador\",\"image\":{\"@type\":\"ImageObject\",\"inLanguage\":\"es-PE\",\"@id\":\"https:\\\/\\\/secure.gravatar.com\\\/avatar\\\/e4be162918a696358376de6446614e0f0f4062bdc5d170d6d540ada3d8b58c12?s=96&d=mm&r=g\",\"url\":\"https:\\\/\\\/secure.gravatar.com\\\/avatar\\\/e4be162918a696358376de6446614e0f0f4062bdc5d170d6d540ada3d8b58c12?s=96&d=mm&r=g\",\"contentUrl\":\"https:\\\/\\\/secure.gravatar.com\\\/avatar\\\/e4be162918a696358376de6446614e0f0f4062bdc5d170d6d540ada3d8b58c12?s=96&d=mm&r=g\",\"caption\":\"Zona Caral Administrador\"},\"sameAs\":[\"https:\\\/\\\/zonacaral.gob.pe\"],\"url\":\"https:\\\/\\\/zonacaral.gob.pe\\\/es\\\/noticias\\\/author\\\/ad_zonacaral\\\/\"}]}<\/script>\n<!-- \/ Yoast SEO plugin. -->","yoast_head_json":{"title":"VICHAMA, 18 A\u00d1OS: conoce las evidencias del cambio clim\u00e1tico que afect\u00f3 a la Civilizaci\u00f3n Caral","description":"La Zona Arqueol\u00f3gica Caral, Unidad Ejecutora 003 del Ministerio de Cultura, presenta la nueva exposici\u00f3n titulada \u201cVichama y el registro del cambio clim\u00e1tico en la memoria colectiva social de hace 3800 a\u00f1os\u201d, al conmemorarse 18 a\u00f1os del inicio de los trabajos de investigaci\u00f3n, conservaci\u00f3n y difusi\u00f3n de Vichama, la antigua ciudad agropesquera de V\u00e9gueta \u2013 Huaura.","robots":{"index":"index","follow":"follow","max-snippet":"max-snippet:-1","max-image-preview":"max-image-preview:large","max-video-preview":"max-video-preview:-1"},"canonical":"https:\/\/zonacaral.gob.pe\/es\/noticias\/vichama-18-anos-conoce-las-evidencias-del-cambio-climatico-que-afecto-a-la-civilizacion-caral\/","og_locale":"es_ES","og_type":"article","og_title":"VICHAMA, 18 A\u00d1OS: conoce las evidencias del cambio clim\u00e1tico que afect\u00f3 a la Civilizaci\u00f3n Caral","og_description":"La Zona Arqueol\u00f3gica Caral, Unidad Ejecutora 003 del Ministerio de Cultura, presenta la nueva exposici\u00f3n titulada \u201cVichama y el registro del cambio clim\u00e1tico en la memoria colectiva social de hace 3800 a\u00f1os\u201d, al conmemorarse 18 a\u00f1os del inicio de los trabajos de investigaci\u00f3n, conservaci\u00f3n y difusi\u00f3n de Vichama, la antigua ciudad agropesquera de V\u00e9gueta \u2013 Huaura.","og_url":"https:\/\/zonacaral.gob.pe\/es\/noticias\/vichama-18-anos-conoce-las-evidencias-del-cambio-climatico-que-afecto-a-la-civilizacion-caral\/","og_site_name":"Zona Caral","article_published_time":"2025-09-03T21:00:08+00:00","og_image":[{"width":1920,"height":1080,"url":"https:\/\/zonacaral.gob.pe\/wp-content\/uploads\/2025\/09\/vichaexpo1.jpg","type":"image\/jpeg"}],"author":"Zona Caral Administrador","twitter_card":"summary_large_image","twitter_misc":{"Written by":"Zona Caral Administrador","Est. reading time":"2 minutos"},"schema":{"@context":"https:\/\/schema.org","@graph":[{"@type":"Article","@id":"https:\/\/zonacaral.gob.pe\/es\/noticias\/vichama-18-anos-conoce-las-evidencias-del-cambio-climatico-que-afecto-a-la-civilizacion-caral\/#article","isPartOf":{"@id":"https:\/\/zonacaral.gob.pe\/es\/noticias\/vichama-18-anos-conoce-las-evidencias-del-cambio-climatico-que-afecto-a-la-civilizacion-caral\/"},"author":{"name":"Zona Caral Administrador","@id":"https:\/\/zonacaral.gob.pe\/es\/#\/schema\/person\/beddb4d22f71a7230c5b90913270a0ee"},"headline":"VICHAMA, 18 A\u00d1OS: conoce las evidencias del cambio clim\u00e1tico que afect\u00f3 a la Civilizaci\u00f3n Caral","datePublished":"2025-09-03T21:00:08+00:00","mainEntityOfPage":{"@id":"https:\/\/zonacaral.gob.pe\/es\/noticias\/vichama-18-anos-conoce-las-evidencias-del-cambio-climatico-que-afecto-a-la-civilizacion-caral\/"},"wordCount":458,"image":{"@id":"https:\/\/zonacaral.gob.pe\/es\/noticias\/vichama-18-anos-conoce-las-evidencias-del-cambio-climatico-que-afecto-a-la-civilizacion-caral\/#primaryimage"},"thumbnailUrl":"https:\/\/zonacaral.gob.pe\/wp-content\/uploads\/2025\/09\/vichaexpo1.jpg","keywords":["caral","Cultura"],"articleSection":["noticias"],"inLanguage":"es-PE"},{"@type":"WebPage","@id":"https:\/\/zonacaral.gob.pe\/es\/noticias\/vichama-18-anos-conoce-las-evidencias-del-cambio-climatico-que-afecto-a-la-civilizacion-caral\/","url":"https:\/\/zonacaral.gob.pe\/es\/noticias\/vichama-18-anos-conoce-las-evidencias-del-cambio-climatico-que-afecto-a-la-civilizacion-caral\/","name":"VICHAMA, 18 A\u00d1OS: conoce las evidencias del cambio clim\u00e1tico que afect\u00f3 a la Civilizaci\u00f3n Caral","isPartOf":{"@id":"https:\/\/zonacaral.gob.pe\/es\/#website"},"primaryImageOfPage":{"@id":"https:\/\/zonacaral.gob.pe\/es\/noticias\/vichama-18-anos-conoce-las-evidencias-del-cambio-climatico-que-afecto-a-la-civilizacion-caral\/#primaryimage"},"image":{"@id":"https:\/\/zonacaral.gob.pe\/es\/noticias\/vichama-18-anos-conoce-las-evidencias-del-cambio-climatico-que-afecto-a-la-civilizacion-caral\/#primaryimage"},"thumbnailUrl":"https:\/\/zonacaral.gob.pe\/wp-content\/uploads\/2025\/09\/vichaexpo1.jpg","datePublished":"2025-09-03T21:00:08+00:00","author":{"@id":"https:\/\/zonacaral.gob.pe\/es\/#\/schema\/person\/beddb4d22f71a7230c5b90913270a0ee"},"description":"La Zona Arqueol\u00f3gica Caral, Unidad Ejecutora 003 del Ministerio de Cultura, presenta la nueva exposici\u00f3n titulada \u201cVichama y el registro del cambio clim\u00e1tico en la memoria colectiva social de hace 3800 a\u00f1os\u201d, al conmemorarse 18 a\u00f1os del inicio de los trabajos de investigaci\u00f3n, conservaci\u00f3n y difusi\u00f3n de Vichama, la antigua ciudad agropesquera de V\u00e9gueta \u2013 Huaura.","breadcrumb":{"@id":"https:\/\/zonacaral.gob.pe\/es\/noticias\/vichama-18-anos-conoce-las-evidencias-del-cambio-climatico-que-afecto-a-la-civilizacion-caral\/#breadcrumb"},"inLanguage":"es-PE","potentialAction":[{"@type":"ReadAction","target":["https:\/\/zonacaral.gob.pe\/es\/noticias\/vichama-18-anos-conoce-las-evidencias-del-cambio-climatico-que-afecto-a-la-civilizacion-caral\/"]}]},{"@type":"ImageObject","inLanguage":"es-PE","@id":"https:\/\/zonacaral.gob.pe\/es\/noticias\/vichama-18-anos-conoce-las-evidencias-del-cambio-climatico-que-afecto-a-la-civilizacion-caral\/#primaryimage","url":"https:\/\/zonacaral.gob.pe\/wp-content\/uploads\/2025\/09\/vichaexpo1.jpg","contentUrl":"https:\/\/zonacaral.gob.pe\/wp-content\/uploads\/2025\/09\/vichaexpo1.jpg","width":1920,"height":1080},{"@type":"BreadcrumbList","@id":"https:\/\/zonacaral.gob.pe\/es\/noticias\/vichama-18-anos-conoce-las-evidencias-del-cambio-climatico-que-afecto-a-la-civilizacion-caral\/#breadcrumb","itemListElement":[{"@type":"ListItem","position":1,"name":"Portada","item":"https:\/\/zonacaral.gob.pe\/"},{"@type":"ListItem","position":2,"name":"VICHAMA, 18 A\u00d1OS: conoce las evidencias del cambio clim\u00e1tico que afect\u00f3 a la Civilizaci\u00f3n Caral"}]},{"@type":"WebSite","@id":"https:\/\/zonacaral.gob.pe\/es\/#website","url":"https:\/\/zonacaral.gob.pe\/es\/","name":"Zona Caral","description":"Investigamos, conservamos y difundimos el patrimonio cultural de la Civilizaci\u00f3n Caral, la m\u00e1s antigua de Am\u00e9rica.","potentialAction":[{"@type":"SearchAction","target":{"@type":"EntryPoint","urlTemplate":"https:\/\/zonacaral.gob.pe\/es\/?s={search_term_string}"},"query-input":{"@type":"PropertyValueSpecification","valueRequired":true,"valueName":"search_term_string"}}],"inLanguage":"es-PE"},{"@type":"Person","@id":"https:\/\/zonacaral.gob.pe\/es\/#\/schema\/person\/beddb4d22f71a7230c5b90913270a0ee","name":"Zona Caral Administrador","image":{"@type":"ImageObject","inLanguage":"es-PE","@id":"https:\/\/secure.gravatar.com\/avatar\/e4be162918a696358376de6446614e0f0f4062bdc5d170d6d540ada3d8b58c12?s=96&d=mm&r=g","url":"https:\/\/secure.gravatar.com\/avatar\/e4be162918a696358376de6446614e0f0f4062bdc5d170d6d540ada3d8b58c12?s=96&d=mm&r=g","contentUrl":"https:\/\/secure.gravatar.com\/avatar\/e4be162918a696358376de6446614e0f0f4062bdc5d170d6d540ada3d8b58c12?s=96&d=mm&r=g","caption":"Zona Caral Administrador"},"sameAs":["https:\/\/zonacaral.gob.pe"],"url":"https:\/\/zonacaral.gob.pe\/es\/noticias\/author\/ad_zonacaral\/"}]}},"_links":{"self":[{"href":"https:\/\/zonacaral.gob.pe\/es\/wp-json\/wp\/v2\/posts\/18557","targetHints":{"allow":["GET"]}}],"collection":[{"href":"https:\/\/zonacaral.gob.pe\/es\/wp-json\/wp\/v2\/posts"}],"about":[{"href":"https:\/\/zonacaral.gob.pe\/es\/wp-json\/wp\/v2\/types\/post"}],"author":[{"embeddable":true,"href":"https:\/\/zonacaral.gob.pe\/es\/wp-json\/wp\/v2\/users\/1"}],"replies":[{"embeddable":true,"href":"https:\/\/zonacaral.gob.pe\/es\/wp-json\/wp\/v2\/comments?post=18557"}],"version-history":[{"count":0,"href":"https:\/\/zonacaral.gob.pe\/es\/wp-json\/wp\/v2\/posts\/18557\/revisions"}],"wp:featuredmedia":[{"embeddable":true,"href":"https:\/\/zonacaral.gob.pe\/es\/wp-json\/wp\/v2\/media\/18566"}],"wp:attachment":[{"href":"https:\/\/zonacaral.gob.pe\/es\/wp-json\/wp\/v2\/media?parent=18557"}],"wp:term":[{"taxonomy":"category","embeddable":true,"href":"https:\/\/zonacaral.gob.pe\/es\/wp-json\/wp\/v2\/categories?post=18557"},{"taxonomy":"post_tag","embeddable":true,"href":"https:\/\/zonacaral.gob.pe\/es\/wp-json\/wp\/v2\/tags?post=18557"}],"curies":[{"name":"wp","href":"https:\/\/api.w.org\/{rel}","templated":true}]}}