{"id":18573,"date":"2025-09-10T17:21:57","date_gmt":"2025-09-10T22:21:57","guid":{"rendered":"https:\/\/www.zonacaral.gob.pe\/?p=18573"},"modified":"2025-09-10T17:21:57","modified_gmt":"2025-09-10T22:21:57","slug":"vichama-raymi-2025-vegueta-celebro-la-memoria-ancestral-de-hace-3800-anos","status":"publish","type":"post","link":"https:\/\/zonacaral.gob.pe\/es\/noticias\/vichama-raymi-2025-vegueta-celebro-la-memoria-ancestral-de-hace-3800-anos\/","title":{"rendered":"VICHAMA RAYMI 2025: V\u00e9gueta celebr\u00f3 la memoria ancestral de hace 3800 a\u00f1os"},"content":{"rendered":"<figure class=\"pic-autor\" style=\"color: #4d4d4d; text-align: justify;\"><\/figure>\n<div class=\"gmail_default\" style=\"text-align: justify;\">\n<blockquote>\n<p><em><span style=\"font-weight: 400;\">Conmemoramos el 18.\u00b0 aniversario del inicio de la puesta en valor de Vichama.<\/span><\/em><\/p>\n<\/blockquote>\n<p><span style=\"font-weight: 400;\">El distrito de V\u00e9gueta vivi\u00f3 un fin de semana de fiesta y tradici\u00f3n con la celebraci\u00f3n del <\/span><a href=\"https:\/\/www.gob.pe\/institucion\/caral\/campa%C3%B1as\/117987-vichama-raymi-18-aniversario\"><span style=\"font-weight: 400;\">Vichama Raymi 2025<\/span><\/a><span style=\"font-weight: 400;\">, evento que conmemor\u00f3 el 18.\u00b0 aniversario del inicio de los trabajos de investigaci\u00f3n, conservaci\u00f3n y difusi\u00f3n del sitio arqueol\u00f3gico Vichama, emprendidos en 2007 por la doctora Ruth Shady Sol\u00eds y el equipo multidisciplinario de la <\/span><a href=\"https:\/\/www.instagram.com\/caralperu\/?hl=es\"><span style=\"font-weight: 400;\">Zona Arqueol\u00f3gica Caral<\/span><\/a><span style=\"font-weight: 400;\">, Unidad Ejecutora 003 del Ministerio de Cultura.<\/span><\/p>\n<p><span style=\"font-weight: 400;\">La festividad inici\u00f3 con un colorido pasacalle que recorri\u00f3 la Plaza de Armas de V\u00e9gueta hasta el sitio arqueol\u00f3gico, donde se escenific\u00f3 el Mito de Vichama a cargo de estudiantes del Colegio de Alto Rendimiento (COAR) de Lima Provincias. La jornada concluy\u00f3 con una emotiva ceremonia ancestral de pago a la Pachamama y a la Cochamama, reafirmando la vigencia de los saberes y ritos andinos.<\/span><\/p>\n<p><span style=\"font-weight: 400;\">El s\u00e1bado 6 de septiembre, las celebraciones continuaron con un recorrido guiado por las principales edificaciones del milenario sitio arqueol\u00f3gico, a cargo de la doctora Ruth Shady y la arque\u00f3loga Tatiana Abad, jefa de la sede Vichama. Periodistas e invitados pudieron conocer de primera mano los avances en investigaci\u00f3n y los aportes de este sitio para comprender la historia social y la estrategia adaptativa de las antiguas sociedades andinas frente al cambio clim\u00e1tico.<\/span><\/p>\n<p><span style=\"font-weight: 400;\">Las actividades art\u00edsticas y culturales llenaron de alegr\u00eda el asentamiento arqueol\u00f3gico. Marionetas, danzas costumbristas, m\u00fasica, la tradicional marinera norte\u00f1a con caballos de paso, y la danza de las tijeras, fueron presentadas gracias al trabajo conjunto de instituciones culturales como Wiqi Kallpa V\u00e9gueta, V\u00e9guetaArt, L.C. Artes Esc\u00e9nicas y del curso-taller \u201cRevitalizaci\u00f3n de la Tradici\u00f3n Musical de los Or\u00edgenes de la Civilizaci\u00f3n\u201d de la Zona Arqueol\u00f3gica Caral.<\/span><\/p>\n<p><span style=\"font-weight: 400;\">En esta actividad, la doctora Ruth Shady Sol\u00eds, directora de la Zona Arqueol\u00f3gica Caral, agradeci\u00f3 a las autoridades y poblaci\u00f3n en general por darse cita en Vichama, para celebrar el 18.\u00b0 aniversario de este sitio arqueol\u00f3gico y pidi\u00f3 reflexionar sobre las causas del cambio clim\u00e1tico que ya afect\u00f3 hace miles de a\u00f1os el desarrollo civilizatorio en Am\u00e9rica y otras ciudades de la \u00e9poca en el mundo.<\/span><\/p>\n<p><span style=\"font-weight: 400;\">\u201cAgradezco a todos los que han venido a celebrar con nosotros el Vichama Raymi. Gracias a las autoridades que nos acompa\u00f1an, como el ex alcalde de V\u00e9gueta, Jos\u00e9 Li Nonato, quien nos pidi\u00f3 investigar en esta parte de la cuenca de Huaura. Tambi\u00e9n decirles que tengan presente, como sucedi\u00f3 en esta ciudad, las causas del cambio clim\u00e1tico que ya empez\u00f3. Debemos estar preparados, la crisis que provoc\u00f3 este fen\u00f3meno ya est\u00e1 aqu\u00ed, su sociedad busc\u00f3 reorganizarse de manera coordinada y con beneficio compartido\u201d, dijo.<\/span><\/p>\n<p><span style=\"font-weight: 400;\">Por su lado, la viceministra de Patrimonio Cultural e Industrias Culturales del Ministerio de Cultura, se\u00f1ora Moira Rosa Novoa Silva, quien particip\u00f3 del denominado festival cultural \u201cRuna Raymi\u201d de Vichama, salud\u00f3 el trabajo que ha venido realizando la doctora Ruth Shady y el equipo de la Zona Arqueol\u00f3gica Caral, e indic\u00f3 que ese esfuerzo ayuda al desarrollo social y cultural local y del pa\u00eds. Asimismo, dijo que conocer Vichama es conocer parte del desarrollo de la Civilizaci\u00f3n Caral.<\/span><\/p>\n<p><span style=\"font-weight: 400;\">Cabe indicar que el desarrollo del Vichama Raymi 2025 fue posible gracias al apoyo de empresas e instituciones locales, cuyo detalle puede consultarse <\/span><a href=\"https:\/\/drive.google.com\/file\/d\/14MPoQbvxKK-G-EawAYBlzm0FK2d_v0Mq\/view?usp=sharing\"><span style=\"font-weight: 400;\">aqu\u00ed<\/span><\/a><span style=\"font-weight: 400;\">, <\/span><span style=\"font-weight: 400;\">as\u00ed como la activa participaci\u00f3n de la comunidad veguetana.<\/span><\/p>\n<p><span style=\"font-weight: 400;\">Asimismo, por primera vez, se present\u00f3 en realidad virtual, con gafas especiales, los&nbsp; relieves murales de Vichama. Con estos dispositivos los visitantes tendr\u00e1n una experiencia diferente y muy enriquecedora, al conocer la impresionante obra de esta sociedad milenaria, de manera realista y muy \u00edntima. Una experiencia dif\u00edcil de dejar pasar.<\/span><\/p>\n<p><b>Vichama: memoria y resiliencia<\/b><\/p>\n<p><span style=\"font-weight: 400;\">Ubicado a solo dos horas y media de Lima, el sitio arqueol\u00f3gico de Vichama constituye un legado fundamental para comprender el proceso civilizatorio iniciado hace 5000 a\u00f1os en Caral. Sus relieves murales y esculturas en arcilla, como la reciente representaci\u00f3n de una pareja de sapos vinculados a la lluvia y la regeneraci\u00f3n de la vida, reflejan el profundo conocimiento ancestral sobre el agua, la fertilidad y la resiliencia clim\u00e1tica.<\/span><\/p>\n<p><span style=\"font-weight: 400;\">Con el Vichama Raymi 2025, la poblaci\u00f3n de V\u00e9gueta y los visitantes reafirmaron su compromiso con la preservaci\u00f3n de la memoria colectiva y la valoraci\u00f3n del patrimonio cultural que fortalece la identidad y la continuidad hist\u00f3rica de nuestro pa\u00eds.<\/span><\/p>\n<p><b>DATO<\/b><\/p>\n<p><span style=\"font-weight: 400;\">Visita Vichama de lunes a domingo, incluyendo los d\u00edas feriados de 9:00 a. m. a 4:00 p. m. M\u00e1s informaci\u00f3n de c\u00f3mo llegar o sobre el programa de Viajes Culturales de la Zona Arqueol\u00f3gica Caral comunicarse al 955 881 340.<\/span><\/p>\n<p><strong style=\"font-size: inherit; text-align: justify;\">Fuente: Comunicaci\u00f3n e Imagen Institucional ZAC<\/strong><\/p>\n<\/div>\n<div style=\"color: #1f1f1f;\">\n<div style=\"color: #1f1f1f;\">\n<p style=\"text-align: justify;\">Fecha de publicaci\u00f3n: 10\/09\/2025<\/p>\n<\/div>\n<\/div>\n\n\n<p><\/p>\n\n\n\n<p><\/p>\n","protected":false},"excerpt":{"rendered":"<p>Conmemoramos el 18.\u00b0 aniversario del inicio de la puesta en valor de Vichama. El distrito de V\u00e9gueta vivi\u00f3 un fin [&hellip;]<\/p>\n","protected":false},"author":1,"featured_media":18575,"comment_status":"closed","ping_status":"open","sticky":false,"template":"","format":"standard","meta":{"_acf_changed":false,"site-sidebar-layout":"default","site-content-layout":"","ast-site-content-layout":"default","site-content-style":"default","site-sidebar-style":"default","ast-global-header-display":"","ast-banner-title-visibility":"","ast-main-header-display":"","ast-hfb-above-header-display":"","ast-hfb-below-header-display":"","ast-hfb-mobile-header-display":"","site-post-title":"","ast-breadcrumbs-content":"","ast-featured-img":"","footer-sml-layout":"","ast-disable-related-posts":"","theme-transparent-header-meta":"","adv-header-id-meta":"","stick-header-meta":"","header-above-stick-meta":"","header-main-stick-meta":"","header-below-stick-meta":"","astra-migrate-meta-layouts":"default","ast-page-background-enabled":"default","ast-page-background-meta":{"desktop":{"background-color":"var(--ast-global-color-5)","background-image":"","background-repeat":"repeat","background-position":"center center","background-size":"auto","background-attachment":"scroll","background-type":"","background-media":"","overlay-type":"","overlay-color":"","overlay-opacity":"","overlay-gradient":""},"tablet":{"background-color":"","background-image":"","background-repeat":"repeat","background-position":"center center","background-size":"auto","background-attachment":"scroll","background-type":"","background-media":"","overlay-type":"","overlay-color":"","overlay-opacity":"","overlay-gradient":""},"mobile":{"background-color":"","background-image":"","background-repeat":"repeat","background-position":"center center","background-size":"auto","background-attachment":"scroll","background-type":"","background-media":"","overlay-type":"","overlay-color":"","overlay-opacity":"","overlay-gradient":""}},"ast-content-background-meta":{"desktop":{"background-color":"var(--ast-global-color-4)","background-image":"","background-repeat":"repeat","background-position":"center center","background-size":"auto","background-attachment":"scroll","background-type":"","background-media":"","overlay-type":"","overlay-color":"","overlay-opacity":"","overlay-gradient":""},"tablet":{"background-color":"var(--ast-global-color-4)","background-image":"","background-repeat":"repeat","background-position":"center center","background-size":"auto","background-attachment":"scroll","background-type":"","background-media":"","overlay-type":"","overlay-color":"","overlay-opacity":"","overlay-gradient":""},"mobile":{"background-color":"var(--ast-global-color-4)","background-image":"","background-repeat":"repeat","background-position":"center center","background-size":"auto","background-attachment":"scroll","background-type":"","background-media":"","overlay-type":"","overlay-color":"","overlay-opacity":"","overlay-gradient":""}},"footnotes":""},"categories":[208],"tags":[55,72],"class_list":["post-18573","post","type-post","status-publish","format-standard","has-post-thumbnail","hentry","category-noticias","tag-caral","tag-cultura"],"acf":[],"yoast_head":"<!-- This site is optimized with the Yoast SEO plugin v27.3 - https:\/\/yoast.com\/product\/yoast-seo-wordpress\/ -->\n<title>VICHAMA RAYMI 2025: V\u00e9gueta celebr\u00f3 la memoria ancestral de hace 3800 a\u00f1os<\/title>\n<meta name=\"description\" content=\"El distrito de V\u00e9gueta vivi\u00f3 un fin de semana de fiesta y tradici\u00f3n con la celebraci\u00f3n del Vichama Raymi 2025, evento que conmemor\u00f3 el 18.\u00b0 aniversario del inicio de los trabajos de investigaci\u00f3n, conservaci\u00f3n y difusi\u00f3n del sitio arqueol\u00f3gico Vichama, emprendidos en 2007 por la doctora Ruth Shady Sol\u00eds y el equipo multidisciplinario de la Zona Arqueol\u00f3gica Caral, Unidad Ejecutora 003 del Ministerio de Cultura.\" \/>\n<meta name=\"robots\" content=\"index, follow, max-snippet:-1, max-image-preview:large, max-video-preview:-1\" \/>\n<link rel=\"canonical\" href=\"https:\/\/zonacaral.gob.pe\/es\/noticias\/vichama-raymi-2025-vegueta-celebro-la-memoria-ancestral-de-hace-3800-anos\/\" \/>\n<meta property=\"og:locale\" content=\"es_ES\" \/>\n<meta property=\"og:type\" content=\"article\" \/>\n<meta property=\"og:title\" content=\"VICHAMA RAYMI 2025: V\u00e9gueta celebr\u00f3 la memoria ancestral de hace 3800 a\u00f1os\" \/>\n<meta property=\"og:description\" content=\"El distrito de V\u00e9gueta vivi\u00f3 un fin de semana de fiesta y tradici\u00f3n con la celebraci\u00f3n del Vichama Raymi 2025, evento que conmemor\u00f3 el 18.\u00b0 aniversario del inicio de los trabajos de investigaci\u00f3n, conservaci\u00f3n y difusi\u00f3n del sitio arqueol\u00f3gico Vichama, emprendidos en 2007 por la doctora Ruth Shady Sol\u00eds y el equipo multidisciplinario de la Zona Arqueol\u00f3gica Caral, Unidad Ejecutora 003 del Ministerio de Cultura.\" \/>\n<meta property=\"og:url\" content=\"https:\/\/zonacaral.gob.pe\/es\/noticias\/vichama-raymi-2025-vegueta-celebro-la-memoria-ancestral-de-hace-3800-anos\/\" \/>\n<meta property=\"og:site_name\" content=\"Zona Caral\" \/>\n<meta property=\"article:published_time\" content=\"2025-09-10T22:21:57+00:00\" \/>\n<meta property=\"og:image\" content=\"https:\/\/zonacaral.gob.pe\/wp-content\/uploads\/2025\/09\/Vichama-18-1.jpg\" \/>\n\t<meta property=\"og:image:width\" content=\"1500\" \/>\n\t<meta property=\"og:image:height\" content=\"846\" \/>\n\t<meta property=\"og:image:type\" content=\"image\/jpeg\" \/>\n<meta name=\"author\" content=\"Zona Caral Administrador\" \/>\n<meta name=\"twitter:card\" content=\"summary_large_image\" \/>\n<meta name=\"twitter:label1\" content=\"Written by\" \/>\n\t<meta name=\"twitter:data1\" content=\"Zona Caral Administrador\" \/>\n\t<meta name=\"twitter:label2\" content=\"Est. reading time\" \/>\n\t<meta name=\"twitter:data2\" content=\"4 minutos\" \/>\n<script type=\"application\/ld+json\" class=\"yoast-schema-graph\">{\"@context\":\"https:\\\/\\\/schema.org\",\"@graph\":[{\"@type\":\"Article\",\"@id\":\"https:\\\/\\\/zonacaral.gob.pe\\\/es\\\/noticias\\\/vichama-raymi-2025-vegueta-celebro-la-memoria-ancestral-de-hace-3800-anos\\\/#article\",\"isPartOf\":{\"@id\":\"https:\\\/\\\/zonacaral.gob.pe\\\/es\\\/noticias\\\/vichama-raymi-2025-vegueta-celebro-la-memoria-ancestral-de-hace-3800-anos\\\/\"},\"author\":{\"name\":\"Zona Caral Administrador\",\"@id\":\"https:\\\/\\\/zonacaral.gob.pe\\\/es\\\/#\\\/schema\\\/person\\\/beddb4d22f71a7230c5b90913270a0ee\"},\"headline\":\"VICHAMA RAYMI 2025: V\u00e9gueta celebr\u00f3 la memoria ancestral de hace 3800 a\u00f1os\",\"datePublished\":\"2025-09-10T22:21:57+00:00\",\"mainEntityOfPage\":{\"@id\":\"https:\\\/\\\/zonacaral.gob.pe\\\/es\\\/noticias\\\/vichama-raymi-2025-vegueta-celebro-la-memoria-ancestral-de-hace-3800-anos\\\/\"},\"wordCount\":819,\"image\":{\"@id\":\"https:\\\/\\\/zonacaral.gob.pe\\\/es\\\/noticias\\\/vichama-raymi-2025-vegueta-celebro-la-memoria-ancestral-de-hace-3800-anos\\\/#primaryimage\"},\"thumbnailUrl\":\"https:\\\/\\\/zonacaral.gob.pe\\\/wp-content\\\/uploads\\\/2025\\\/09\\\/Vichama-18-1.jpg\",\"keywords\":[\"caral\",\"Cultura\"],\"articleSection\":[\"noticias\"],\"inLanguage\":\"es-PE\"},{\"@type\":\"WebPage\",\"@id\":\"https:\\\/\\\/zonacaral.gob.pe\\\/es\\\/noticias\\\/vichama-raymi-2025-vegueta-celebro-la-memoria-ancestral-de-hace-3800-anos\\\/\",\"url\":\"https:\\\/\\\/zonacaral.gob.pe\\\/es\\\/noticias\\\/vichama-raymi-2025-vegueta-celebro-la-memoria-ancestral-de-hace-3800-anos\\\/\",\"name\":\"VICHAMA RAYMI 2025: V\u00e9gueta celebr\u00f3 la memoria ancestral de hace 3800 a\u00f1os\",\"isPartOf\":{\"@id\":\"https:\\\/\\\/zonacaral.gob.pe\\\/es\\\/#website\"},\"primaryImageOfPage\":{\"@id\":\"https:\\\/\\\/zonacaral.gob.pe\\\/es\\\/noticias\\\/vichama-raymi-2025-vegueta-celebro-la-memoria-ancestral-de-hace-3800-anos\\\/#primaryimage\"},\"image\":{\"@id\":\"https:\\\/\\\/zonacaral.gob.pe\\\/es\\\/noticias\\\/vichama-raymi-2025-vegueta-celebro-la-memoria-ancestral-de-hace-3800-anos\\\/#primaryimage\"},\"thumbnailUrl\":\"https:\\\/\\\/zonacaral.gob.pe\\\/wp-content\\\/uploads\\\/2025\\\/09\\\/Vichama-18-1.jpg\",\"datePublished\":\"2025-09-10T22:21:57+00:00\",\"author\":{\"@id\":\"https:\\\/\\\/zonacaral.gob.pe\\\/es\\\/#\\\/schema\\\/person\\\/beddb4d22f71a7230c5b90913270a0ee\"},\"description\":\"El distrito de V\u00e9gueta vivi\u00f3 un fin de semana de fiesta y tradici\u00f3n con la celebraci\u00f3n del Vichama Raymi 2025, evento que conmemor\u00f3 el 18.\u00b0 aniversario del inicio de los trabajos de investigaci\u00f3n, conservaci\u00f3n y difusi\u00f3n del sitio arqueol\u00f3gico Vichama, emprendidos en 2007 por la doctora Ruth Shady Sol\u00eds y el equipo multidisciplinario de la Zona Arqueol\u00f3gica Caral, Unidad Ejecutora 003 del Ministerio de Cultura.\",\"breadcrumb\":{\"@id\":\"https:\\\/\\\/zonacaral.gob.pe\\\/es\\\/noticias\\\/vichama-raymi-2025-vegueta-celebro-la-memoria-ancestral-de-hace-3800-anos\\\/#breadcrumb\"},\"inLanguage\":\"es-PE\",\"potentialAction\":[{\"@type\":\"ReadAction\",\"target\":[\"https:\\\/\\\/zonacaral.gob.pe\\\/es\\\/noticias\\\/vichama-raymi-2025-vegueta-celebro-la-memoria-ancestral-de-hace-3800-anos\\\/\"]}]},{\"@type\":\"ImageObject\",\"inLanguage\":\"es-PE\",\"@id\":\"https:\\\/\\\/zonacaral.gob.pe\\\/es\\\/noticias\\\/vichama-raymi-2025-vegueta-celebro-la-memoria-ancestral-de-hace-3800-anos\\\/#primaryimage\",\"url\":\"https:\\\/\\\/zonacaral.gob.pe\\\/wp-content\\\/uploads\\\/2025\\\/09\\\/Vichama-18-1.jpg\",\"contentUrl\":\"https:\\\/\\\/zonacaral.gob.pe\\\/wp-content\\\/uploads\\\/2025\\\/09\\\/Vichama-18-1.jpg\",\"width\":1500,\"height\":846},{\"@type\":\"BreadcrumbList\",\"@id\":\"https:\\\/\\\/zonacaral.gob.pe\\\/es\\\/noticias\\\/vichama-raymi-2025-vegueta-celebro-la-memoria-ancestral-de-hace-3800-anos\\\/#breadcrumb\",\"itemListElement\":[{\"@type\":\"ListItem\",\"position\":1,\"name\":\"Portada\",\"item\":\"https:\\\/\\\/zonacaral.gob.pe\\\/\"},{\"@type\":\"ListItem\",\"position\":2,\"name\":\"VICHAMA RAYMI 2025: V\u00e9gueta celebr\u00f3 la memoria ancestral de hace 3800 a\u00f1os\"}]},{\"@type\":\"WebSite\",\"@id\":\"https:\\\/\\\/zonacaral.gob.pe\\\/es\\\/#website\",\"url\":\"https:\\\/\\\/zonacaral.gob.pe\\\/es\\\/\",\"name\":\"Zona Caral\",\"description\":\"Investigamos, conservamos y difundimos el patrimonio cultural de la Civilizaci\u00f3n Caral, la m\u00e1s antigua de Am\u00e9rica.\",\"potentialAction\":[{\"@type\":\"SearchAction\",\"target\":{\"@type\":\"EntryPoint\",\"urlTemplate\":\"https:\\\/\\\/zonacaral.gob.pe\\\/es\\\/?s={search_term_string}\"},\"query-input\":{\"@type\":\"PropertyValueSpecification\",\"valueRequired\":true,\"valueName\":\"search_term_string\"}}],\"inLanguage\":\"es-PE\"},{\"@type\":\"Person\",\"@id\":\"https:\\\/\\\/zonacaral.gob.pe\\\/es\\\/#\\\/schema\\\/person\\\/beddb4d22f71a7230c5b90913270a0ee\",\"name\":\"Zona Caral Administrador\",\"image\":{\"@type\":\"ImageObject\",\"inLanguage\":\"es-PE\",\"@id\":\"https:\\\/\\\/secure.gravatar.com\\\/avatar\\\/e4be162918a696358376de6446614e0f0f4062bdc5d170d6d540ada3d8b58c12?s=96&d=mm&r=g\",\"url\":\"https:\\\/\\\/secure.gravatar.com\\\/avatar\\\/e4be162918a696358376de6446614e0f0f4062bdc5d170d6d540ada3d8b58c12?s=96&d=mm&r=g\",\"contentUrl\":\"https:\\\/\\\/secure.gravatar.com\\\/avatar\\\/e4be162918a696358376de6446614e0f0f4062bdc5d170d6d540ada3d8b58c12?s=96&d=mm&r=g\",\"caption\":\"Zona Caral Administrador\"},\"sameAs\":[\"https:\\\/\\\/zonacaral.gob.pe\"],\"url\":\"https:\\\/\\\/zonacaral.gob.pe\\\/es\\\/noticias\\\/author\\\/ad_zonacaral\\\/\"}]}<\/script>\n<!-- \/ Yoast SEO plugin. -->","yoast_head_json":{"title":"VICHAMA RAYMI 2025: V\u00e9gueta celebr\u00f3 la memoria ancestral de hace 3800 a\u00f1os","description":"El distrito de V\u00e9gueta vivi\u00f3 un fin de semana de fiesta y tradici\u00f3n con la celebraci\u00f3n del Vichama Raymi 2025, evento que conmemor\u00f3 el 18.\u00b0 aniversario del inicio de los trabajos de investigaci\u00f3n, conservaci\u00f3n y difusi\u00f3n del sitio arqueol\u00f3gico Vichama, emprendidos en 2007 por la doctora Ruth Shady Sol\u00eds y el equipo multidisciplinario de la Zona Arqueol\u00f3gica Caral, Unidad Ejecutora 003 del Ministerio de Cultura.","robots":{"index":"index","follow":"follow","max-snippet":"max-snippet:-1","max-image-preview":"max-image-preview:large","max-video-preview":"max-video-preview:-1"},"canonical":"https:\/\/zonacaral.gob.pe\/es\/noticias\/vichama-raymi-2025-vegueta-celebro-la-memoria-ancestral-de-hace-3800-anos\/","og_locale":"es_ES","og_type":"article","og_title":"VICHAMA RAYMI 2025: V\u00e9gueta celebr\u00f3 la memoria ancestral de hace 3800 a\u00f1os","og_description":"El distrito de V\u00e9gueta vivi\u00f3 un fin de semana de fiesta y tradici\u00f3n con la celebraci\u00f3n del Vichama Raymi 2025, evento que conmemor\u00f3 el 18.\u00b0 aniversario del inicio de los trabajos de investigaci\u00f3n, conservaci\u00f3n y difusi\u00f3n del sitio arqueol\u00f3gico Vichama, emprendidos en 2007 por la doctora Ruth Shady Sol\u00eds y el equipo multidisciplinario de la Zona Arqueol\u00f3gica Caral, Unidad Ejecutora 003 del Ministerio de Cultura.","og_url":"https:\/\/zonacaral.gob.pe\/es\/noticias\/vichama-raymi-2025-vegueta-celebro-la-memoria-ancestral-de-hace-3800-anos\/","og_site_name":"Zona Caral","article_published_time":"2025-09-10T22:21:57+00:00","og_image":[{"width":1500,"height":846,"url":"https:\/\/zonacaral.gob.pe\/wp-content\/uploads\/2025\/09\/Vichama-18-1.jpg","type":"image\/jpeg"}],"author":"Zona Caral Administrador","twitter_card":"summary_large_image","twitter_misc":{"Written by":"Zona Caral Administrador","Est. reading time":"4 minutos"},"schema":{"@context":"https:\/\/schema.org","@graph":[{"@type":"Article","@id":"https:\/\/zonacaral.gob.pe\/es\/noticias\/vichama-raymi-2025-vegueta-celebro-la-memoria-ancestral-de-hace-3800-anos\/#article","isPartOf":{"@id":"https:\/\/zonacaral.gob.pe\/es\/noticias\/vichama-raymi-2025-vegueta-celebro-la-memoria-ancestral-de-hace-3800-anos\/"},"author":{"name":"Zona Caral Administrador","@id":"https:\/\/zonacaral.gob.pe\/es\/#\/schema\/person\/beddb4d22f71a7230c5b90913270a0ee"},"headline":"VICHAMA RAYMI 2025: V\u00e9gueta celebr\u00f3 la memoria ancestral de hace 3800 a\u00f1os","datePublished":"2025-09-10T22:21:57+00:00","mainEntityOfPage":{"@id":"https:\/\/zonacaral.gob.pe\/es\/noticias\/vichama-raymi-2025-vegueta-celebro-la-memoria-ancestral-de-hace-3800-anos\/"},"wordCount":819,"image":{"@id":"https:\/\/zonacaral.gob.pe\/es\/noticias\/vichama-raymi-2025-vegueta-celebro-la-memoria-ancestral-de-hace-3800-anos\/#primaryimage"},"thumbnailUrl":"https:\/\/zonacaral.gob.pe\/wp-content\/uploads\/2025\/09\/Vichama-18-1.jpg","keywords":["caral","Cultura"],"articleSection":["noticias"],"inLanguage":"es-PE"},{"@type":"WebPage","@id":"https:\/\/zonacaral.gob.pe\/es\/noticias\/vichama-raymi-2025-vegueta-celebro-la-memoria-ancestral-de-hace-3800-anos\/","url":"https:\/\/zonacaral.gob.pe\/es\/noticias\/vichama-raymi-2025-vegueta-celebro-la-memoria-ancestral-de-hace-3800-anos\/","name":"VICHAMA RAYMI 2025: V\u00e9gueta celebr\u00f3 la memoria ancestral de hace 3800 a\u00f1os","isPartOf":{"@id":"https:\/\/zonacaral.gob.pe\/es\/#website"},"primaryImageOfPage":{"@id":"https:\/\/zonacaral.gob.pe\/es\/noticias\/vichama-raymi-2025-vegueta-celebro-la-memoria-ancestral-de-hace-3800-anos\/#primaryimage"},"image":{"@id":"https:\/\/zonacaral.gob.pe\/es\/noticias\/vichama-raymi-2025-vegueta-celebro-la-memoria-ancestral-de-hace-3800-anos\/#primaryimage"},"thumbnailUrl":"https:\/\/zonacaral.gob.pe\/wp-content\/uploads\/2025\/09\/Vichama-18-1.jpg","datePublished":"2025-09-10T22:21:57+00:00","author":{"@id":"https:\/\/zonacaral.gob.pe\/es\/#\/schema\/person\/beddb4d22f71a7230c5b90913270a0ee"},"description":"El distrito de V\u00e9gueta vivi\u00f3 un fin de semana de fiesta y tradici\u00f3n con la celebraci\u00f3n del Vichama Raymi 2025, evento que conmemor\u00f3 el 18.\u00b0 aniversario del inicio de los trabajos de investigaci\u00f3n, conservaci\u00f3n y difusi\u00f3n del sitio arqueol\u00f3gico Vichama, emprendidos en 2007 por la doctora Ruth Shady Sol\u00eds y el equipo multidisciplinario de la Zona Arqueol\u00f3gica Caral, Unidad Ejecutora 003 del Ministerio de Cultura.","breadcrumb":{"@id":"https:\/\/zonacaral.gob.pe\/es\/noticias\/vichama-raymi-2025-vegueta-celebro-la-memoria-ancestral-de-hace-3800-anos\/#breadcrumb"},"inLanguage":"es-PE","potentialAction":[{"@type":"ReadAction","target":["https:\/\/zonacaral.gob.pe\/es\/noticias\/vichama-raymi-2025-vegueta-celebro-la-memoria-ancestral-de-hace-3800-anos\/"]}]},{"@type":"ImageObject","inLanguage":"es-PE","@id":"https:\/\/zonacaral.gob.pe\/es\/noticias\/vichama-raymi-2025-vegueta-celebro-la-memoria-ancestral-de-hace-3800-anos\/#primaryimage","url":"https:\/\/zonacaral.gob.pe\/wp-content\/uploads\/2025\/09\/Vichama-18-1.jpg","contentUrl":"https:\/\/zonacaral.gob.pe\/wp-content\/uploads\/2025\/09\/Vichama-18-1.jpg","width":1500,"height":846},{"@type":"BreadcrumbList","@id":"https:\/\/zonacaral.gob.pe\/es\/noticias\/vichama-raymi-2025-vegueta-celebro-la-memoria-ancestral-de-hace-3800-anos\/#breadcrumb","itemListElement":[{"@type":"ListItem","position":1,"name":"Portada","item":"https:\/\/zonacaral.gob.pe\/"},{"@type":"ListItem","position":2,"name":"VICHAMA RAYMI 2025: V\u00e9gueta celebr\u00f3 la memoria ancestral de hace 3800 a\u00f1os"}]},{"@type":"WebSite","@id":"https:\/\/zonacaral.gob.pe\/es\/#website","url":"https:\/\/zonacaral.gob.pe\/es\/","name":"Zona Caral","description":"Investigamos, conservamos y difundimos el patrimonio cultural de la Civilizaci\u00f3n Caral, la m\u00e1s antigua de Am\u00e9rica.","potentialAction":[{"@type":"SearchAction","target":{"@type":"EntryPoint","urlTemplate":"https:\/\/zonacaral.gob.pe\/es\/?s={search_term_string}"},"query-input":{"@type":"PropertyValueSpecification","valueRequired":true,"valueName":"search_term_string"}}],"inLanguage":"es-PE"},{"@type":"Person","@id":"https:\/\/zonacaral.gob.pe\/es\/#\/schema\/person\/beddb4d22f71a7230c5b90913270a0ee","name":"Zona Caral Administrador","image":{"@type":"ImageObject","inLanguage":"es-PE","@id":"https:\/\/secure.gravatar.com\/avatar\/e4be162918a696358376de6446614e0f0f4062bdc5d170d6d540ada3d8b58c12?s=96&d=mm&r=g","url":"https:\/\/secure.gravatar.com\/avatar\/e4be162918a696358376de6446614e0f0f4062bdc5d170d6d540ada3d8b58c12?s=96&d=mm&r=g","contentUrl":"https:\/\/secure.gravatar.com\/avatar\/e4be162918a696358376de6446614e0f0f4062bdc5d170d6d540ada3d8b58c12?s=96&d=mm&r=g","caption":"Zona Caral Administrador"},"sameAs":["https:\/\/zonacaral.gob.pe"],"url":"https:\/\/zonacaral.gob.pe\/es\/noticias\/author\/ad_zonacaral\/"}]}},"_links":{"self":[{"href":"https:\/\/zonacaral.gob.pe\/es\/wp-json\/wp\/v2\/posts\/18573","targetHints":{"allow":["GET"]}}],"collection":[{"href":"https:\/\/zonacaral.gob.pe\/es\/wp-json\/wp\/v2\/posts"}],"about":[{"href":"https:\/\/zonacaral.gob.pe\/es\/wp-json\/wp\/v2\/types\/post"}],"author":[{"embeddable":true,"href":"https:\/\/zonacaral.gob.pe\/es\/wp-json\/wp\/v2\/users\/1"}],"replies":[{"embeddable":true,"href":"https:\/\/zonacaral.gob.pe\/es\/wp-json\/wp\/v2\/comments?post=18573"}],"version-history":[{"count":0,"href":"https:\/\/zonacaral.gob.pe\/es\/wp-json\/wp\/v2\/posts\/18573\/revisions"}],"wp:featuredmedia":[{"embeddable":true,"href":"https:\/\/zonacaral.gob.pe\/es\/wp-json\/wp\/v2\/media\/18575"}],"wp:attachment":[{"href":"https:\/\/zonacaral.gob.pe\/es\/wp-json\/wp\/v2\/media?parent=18573"}],"wp:term":[{"taxonomy":"category","embeddable":true,"href":"https:\/\/zonacaral.gob.pe\/es\/wp-json\/wp\/v2\/categories?post=18573"},{"taxonomy":"post_tag","embeddable":true,"href":"https:\/\/zonacaral.gob.pe\/es\/wp-json\/wp\/v2\/tags?post=18573"}],"curies":[{"name":"wp","href":"https:\/\/api.w.org\/{rel}","templated":true}]}}