{"id":18583,"date":"2025-09-19T16:59:01","date_gmt":"2025-09-19T21:59:01","guid":{"rendered":"https:\/\/www.zonacaral.gob.pe\/?p=18583"},"modified":"2025-09-19T16:59:01","modified_gmt":"2025-09-19T21:59:01","slug":"universidad-nacional-del-callao-rinde-homenaje-a-doctora-ruth-shady","status":"publish","type":"post","link":"https:\/\/zonacaral.gob.pe\/es\/noticias\/universidad-nacional-del-callao-rinde-homenaje-a-doctora-ruth-shady\/","title":{"rendered":"Universidad Nacional del Callao rinde homenaje a doctora Ruth Shady"},"content":{"rendered":"<figure class=\"pic-autor\" style=\"color: #4d4d4d; text-align: justify;\"><\/figure>\n<div class=\"gmail_default\" style=\"text-align: justify;\">\n<blockquote>\n<p><em><span style=\"font-weight: 400;\">Reconocimiento por su trayectoria profesional y su aporte a la cultura peruana.<\/span><\/em><\/p>\n<\/blockquote>\n<p><span style=\"font-weight: 400;\">En una emotiva ceremonia realizada en la Universidad Nacional del Callao, la rectora de esta casa de estudios, doctora Arcelia Olga Rojas Salazar, junto a sus docentes y estudiantes, rindi\u00f3 un homenaje a la <\/span><a href=\"https:\/\/youtu.be\/FzT9L3x61BY?feature=shared\"><span style=\"font-weight: 400;\">doctora Ruth Shady Sol\u00eds<\/span><\/a><span style=\"font-weight: 400;\">, directora de la <\/span><a href=\"https:\/\/www.instagram.com\/caralperu\/?hl=es\"><span style=\"font-weight: 400;\">Zona Arqueol\u00f3gica Caral<\/span><\/a><span style=\"font-weight: 400;\">, por su destacada labor en la investigaci\u00f3n de los or\u00edgenes de la civilizaci\u00f3n andina.<\/span><\/p>\n<p><span style=\"font-weight: 400;\">\u201cPor su extraordinaria contribuci\u00f3n y valoraci\u00f3n de la cultura Caral como la primera civilizaci\u00f3n de Am\u00e9rica y una de las m\u00e1s antiguas del mundo. En nombre de nuestra comunidad universitaria me honra expresarle nuestra admiraci\u00f3n, gratitud y reconocimiento institucional\u201d, se indica en el documento entregado a la arque\u00f3loga Shady Sol\u00eds.<\/span><\/p>\n<p><span style=\"font-weight: 400;\">La doctora Ruth Shady brind\u00f3 una ponencia titulada \u00abLos valores de la Civilizaci\u00f3n Caral para generar reflexiones en la sociedad actual\u00bb, en la que detall\u00f3 el trabajo de investigaci\u00f3n que ha realizado junto a su equipo multidisciplinario, desde 1994.<\/span><\/p>\n<p><span style=\"font-weight: 400;\">La arque\u00f3loga sanmarquina relat\u00f3 los inicios de sus trabajos en la <\/span><a href=\"https:\/\/whc.unesco.org\/es\/list\/1269\"><span style=\"font-weight: 400;\">Ciudad Sagrada de Caral-Supe<\/span><\/a><span style=\"font-weight: 400;\">, Patrimonio Mundial, desde c\u00f3mo lleg\u00f3 al valle de Supe, los pormenores que afront\u00f3 para conseguir recursos para sus investigaciones, hasta los logros que consigui\u00f3, como dar a conocer al mundo que Caral es cuna de la civilizaci\u00f3n en Am\u00e9rica.<\/span><\/p>\n<p><span style=\"font-weight: 400;\">Por su parte, la rectora Rojas Salazar sostuvo que la doctora Ruth Shady, \u201ces un referente, un modelo que trabaja valores. Y la educaci\u00f3n en valores es lo \u00fanico que podr\u00e1 salvar a nuestro pa\u00eds\u201d. \u201cPara nosotros es un honor reconocer a una chalaca, que nos llena de orgullo, que busca revalorizar al ser humano, tanto hombres como mujeres\u201d, agreg\u00f3.<\/span><\/p>\n<p><span style=\"font-weight: 400;\">Asimismo, pidi\u00f3 a los docentes de la Universidad Nacional del Callao, a no solo ense\u00f1ar en las aulas, sino a ense\u00f1ar a la poblaci\u00f3n en general y a investigar \u201ccon responsabilidad social, como la doctora Shady\u201d.<\/span><\/p>\n<p><span style=\"font-weight: 400;\">Luego de la ceremonia, en la que participaron el doctor Jorge Luis Camayo Vivanco, vicerrector acad\u00e9mico; el doctor Lucio Ferrer Pe\u00f1aranda, decano (e) de la Facultad de Ciencias de la Educaci\u00f3n; y el licenciado C\u00e9sar Vidal Saciga Palomino, director de la Direcci\u00f3n de Extensi\u00f3n y Responsabilidad Social; la doctora Ruth Shady visit\u00f3 la Biblioteca Central Universitaria, donde se inaugur\u00f3 una exposici\u00f3n en homenaje a la Civilizaci\u00f3n Caral y sobre la evoluci\u00f3n de la vida marina en el mar peruano.<\/span><\/p>\n<p><b>Datos<\/b><\/p>\n<p><span style=\"font-weight: 400;\">Si quieres conocer m\u00e1s del trabajo de la doctora Ruth Shady, puedes visitar los sitios arqueol\u00f3gicos administrados por la Zona Arqueol\u00f3gica Caral: <\/span><a href=\"https:\/\/www.zonacaral.gob.pe\/ruta-caral\/ciudad-sagrada-de-caral.html\"><span style=\"font-weight: 400;\">Ciudad Sagrada de Caral<\/span><\/a><span style=\"font-weight: 400;\">, Patrimonio Mundial; <\/span><a href=\"https:\/\/www.zonacaral.gob.pe\/ruta-caral\/aspero.html\"><span style=\"font-weight: 400;\">\u00c1spero<\/span><\/a><span style=\"font-weight: 400;\">; <\/span><a href=\"https:\/\/www.zonacaral.gob.pe\/ruta-caral\/vichama.html\"><span style=\"font-weight: 400;\">Vichama<\/span><\/a><span style=\"font-weight: 400;\"> y <\/span><a href=\"https:\/\/www.zonacaral.gob.pe\/ruta-caral\/penico.html\"><span style=\"font-weight: 400;\">Pe\u00f1ico<\/span><\/a><span style=\"font-weight: 400;\">. Para mayor informaci\u00f3n sobre c\u00f3mo visitar estas antiguas ciudades, comun\u00edcate al 955 881 340.<\/span><\/p>\n<p><span style=\"font-weight: 400;\">Asimismo, te puede interesar consultar el libro <\/span><b><i>Los valores de la Civilizaci\u00f3n Caral: reflexiones para el \u00abBuen Vivir\u00bb<\/i><\/b><span style=\"font-weight: 400;\">. Para acceder a la publicaci\u00f3n en formato PDF, ingresa <\/span><a href=\"https:\/\/www.zonacaral.gob.pe\/publicaciones\/publicaciones_zac\/Los_Valores_de_la_Civilizacion_Caral_Reflexiones_para_el_Buen_Vivir.pdf\"><span style=\"font-weight: 400;\">aqu\u00ed<\/span><\/a><span style=\"font-weight: 400;\">.<\/span><\/p>\n<p><strong style=\"font-size: inherit; text-align: justify;\">Fuente: Comunicaci\u00f3n e Imagen Institucional ZAC<\/strong><\/p>\n<\/div>\n<div style=\"color: #1f1f1f;\">\n<div style=\"color: #1f1f1f;\">\n<p style=\"text-align: justify;\">Fecha de publicaci\u00f3n: 19\/09\/2025<\/p>\n<\/div>\n<\/div>\n\n\n<p><\/p>\n\n\n\n<p><\/p>\n","protected":false},"excerpt":{"rendered":"<p>Reconocimiento por su trayectoria profesional y su aporte a la cultura peruana. En una emotiva ceremonia realizada en la Universidad [&hellip;]<\/p>\n","protected":false},"author":1,"featured_media":18585,"comment_status":"closed","ping_status":"open","sticky":false,"template":"","format":"standard","meta":{"_acf_changed":false,"site-sidebar-layout":"default","site-content-layout":"","ast-site-content-layout":"default","site-content-style":"default","site-sidebar-style":"default","ast-global-header-display":"","ast-banner-title-visibility":"","ast-main-header-display":"","ast-hfb-above-header-display":"","ast-hfb-below-header-display":"","ast-hfb-mobile-header-display":"","site-post-title":"","ast-breadcrumbs-content":"","ast-featured-img":"","footer-sml-layout":"","ast-disable-related-posts":"","theme-transparent-header-meta":"","adv-header-id-meta":"","stick-header-meta":"","header-above-stick-meta":"","header-main-stick-meta":"","header-below-stick-meta":"","astra-migrate-meta-layouts":"default","ast-page-background-enabled":"default","ast-page-background-meta":{"desktop":{"background-color":"var(--ast-global-color-5)","background-image":"","background-repeat":"repeat","background-position":"center center","background-size":"auto","background-attachment":"scroll","background-type":"","background-media":"","overlay-type":"","overlay-color":"","overlay-opacity":"","overlay-gradient":""},"tablet":{"background-color":"","background-image":"","background-repeat":"repeat","background-position":"center center","background-size":"auto","background-attachment":"scroll","background-type":"","background-media":"","overlay-type":"","overlay-color":"","overlay-opacity":"","overlay-gradient":""},"mobile":{"background-color":"","background-image":"","background-repeat":"repeat","background-position":"center center","background-size":"auto","background-attachment":"scroll","background-type":"","background-media":"","overlay-type":"","overlay-color":"","overlay-opacity":"","overlay-gradient":""}},"ast-content-background-meta":{"desktop":{"background-color":"var(--ast-global-color-4)","background-image":"","background-repeat":"repeat","background-position":"center center","background-size":"auto","background-attachment":"scroll","background-type":"","background-media":"","overlay-type":"","overlay-color":"","overlay-opacity":"","overlay-gradient":""},"tablet":{"background-color":"var(--ast-global-color-4)","background-image":"","background-repeat":"repeat","background-position":"center center","background-size":"auto","background-attachment":"scroll","background-type":"","background-media":"","overlay-type":"","overlay-color":"","overlay-opacity":"","overlay-gradient":""},"mobile":{"background-color":"var(--ast-global-color-4)","background-image":"","background-repeat":"repeat","background-position":"center center","background-size":"auto","background-attachment":"scroll","background-type":"","background-media":"","overlay-type":"","overlay-color":"","overlay-opacity":"","overlay-gradient":""}},"footnotes":""},"categories":[208],"tags":[55,72],"class_list":["post-18583","post","type-post","status-publish","format-standard","has-post-thumbnail","hentry","category-noticias","tag-caral","tag-cultura"],"acf":[],"yoast_head":"<!-- This site is optimized with the Yoast SEO plugin v27.3 - https:\/\/yoast.com\/product\/yoast-seo-wordpress\/ -->\n<title>Universidad Nacional del Callao rinde homenaje a doctora Ruth Shady<\/title>\n<meta name=\"description\" content=\"En una emotiva ceremonia realizada en la Universidad Nacional del Callao, la rectora de esta casa de estudios, doctora Arcelia Olga Rojas Salazar, junto a sus docentes y estudiantes, rindi\u00f3 un homenaje a la doctora Ruth Shady Sol\u00eds, directora de la Zona Arqueol\u00f3gica Caral, por su destacada labor en la investigaci\u00f3n de los or\u00edgenes de la civilizaci\u00f3n andina.\" \/>\n<meta name=\"robots\" content=\"index, follow, max-snippet:-1, max-image-preview:large, max-video-preview:-1\" \/>\n<link rel=\"canonical\" href=\"https:\/\/zonacaral.gob.pe\/es\/noticias\/universidad-nacional-del-callao-rinde-homenaje-a-doctora-ruth-shady\/\" \/>\n<meta property=\"og:locale\" content=\"es_ES\" \/>\n<meta property=\"og:type\" content=\"article\" \/>\n<meta property=\"og:title\" content=\"Universidad Nacional del Callao rinde homenaje a doctora Ruth Shady\" \/>\n<meta property=\"og:description\" content=\"En una emotiva ceremonia realizada en la Universidad Nacional del Callao, la rectora de esta casa de estudios, doctora Arcelia Olga Rojas Salazar, junto a sus docentes y estudiantes, rindi\u00f3 un homenaje a la doctora Ruth Shady Sol\u00eds, directora de la Zona Arqueol\u00f3gica Caral, por su destacada labor en la investigaci\u00f3n de los or\u00edgenes de la civilizaci\u00f3n andina.\" \/>\n<meta property=\"og:url\" content=\"https:\/\/zonacaral.gob.pe\/es\/noticias\/universidad-nacional-del-callao-rinde-homenaje-a-doctora-ruth-shady\/\" \/>\n<meta property=\"og:site_name\" content=\"Zona Caral\" \/>\n<meta property=\"article:published_time\" content=\"2025-09-19T21:59:01+00:00\" \/>\n<meta property=\"og:image\" content=\"https:\/\/zonacaral.gob.pe\/wp-content\/uploads\/2025\/09\/ucallao1.jpg\" \/>\n\t<meta property=\"og:image:width\" content=\"1920\" \/>\n\t<meta property=\"og:image:height\" content=\"1080\" \/>\n\t<meta property=\"og:image:type\" content=\"image\/jpeg\" \/>\n<meta name=\"author\" content=\"Zona Caral Administrador\" \/>\n<meta name=\"twitter:card\" content=\"summary_large_image\" \/>\n<meta name=\"twitter:label1\" content=\"Written by\" \/>\n\t<meta name=\"twitter:data1\" content=\"Zona Caral Administrador\" \/>\n\t<meta name=\"twitter:label2\" content=\"Est. reading time\" \/>\n\t<meta name=\"twitter:data2\" content=\"3 minutos\" \/>\n<script type=\"application\/ld+json\" class=\"yoast-schema-graph\">{\"@context\":\"https:\\\/\\\/schema.org\",\"@graph\":[{\"@type\":\"Article\",\"@id\":\"https:\\\/\\\/zonacaral.gob.pe\\\/es\\\/noticias\\\/universidad-nacional-del-callao-rinde-homenaje-a-doctora-ruth-shady\\\/#article\",\"isPartOf\":{\"@id\":\"https:\\\/\\\/zonacaral.gob.pe\\\/es\\\/noticias\\\/universidad-nacional-del-callao-rinde-homenaje-a-doctora-ruth-shady\\\/\"},\"author\":{\"name\":\"Zona Caral Administrador\",\"@id\":\"https:\\\/\\\/zonacaral.gob.pe\\\/es\\\/#\\\/schema\\\/person\\\/beddb4d22f71a7230c5b90913270a0ee\"},\"headline\":\"Universidad Nacional del Callao rinde homenaje a doctora Ruth Shady\",\"datePublished\":\"2025-09-19T21:59:01+00:00\",\"mainEntityOfPage\":{\"@id\":\"https:\\\/\\\/zonacaral.gob.pe\\\/es\\\/noticias\\\/universidad-nacional-del-callao-rinde-homenaje-a-doctora-ruth-shady\\\/\"},\"wordCount\":522,\"image\":{\"@id\":\"https:\\\/\\\/zonacaral.gob.pe\\\/es\\\/noticias\\\/universidad-nacional-del-callao-rinde-homenaje-a-doctora-ruth-shady\\\/#primaryimage\"},\"thumbnailUrl\":\"https:\\\/\\\/zonacaral.gob.pe\\\/wp-content\\\/uploads\\\/2025\\\/09\\\/ucallao1.jpg\",\"keywords\":[\"caral\",\"Cultura\"],\"articleSection\":[\"noticias\"],\"inLanguage\":\"es-PE\"},{\"@type\":\"WebPage\",\"@id\":\"https:\\\/\\\/zonacaral.gob.pe\\\/es\\\/noticias\\\/universidad-nacional-del-callao-rinde-homenaje-a-doctora-ruth-shady\\\/\",\"url\":\"https:\\\/\\\/zonacaral.gob.pe\\\/es\\\/noticias\\\/universidad-nacional-del-callao-rinde-homenaje-a-doctora-ruth-shady\\\/\",\"name\":\"Universidad Nacional del Callao rinde homenaje a doctora Ruth Shady\",\"isPartOf\":{\"@id\":\"https:\\\/\\\/zonacaral.gob.pe\\\/es\\\/#website\"},\"primaryImageOfPage\":{\"@id\":\"https:\\\/\\\/zonacaral.gob.pe\\\/es\\\/noticias\\\/universidad-nacional-del-callao-rinde-homenaje-a-doctora-ruth-shady\\\/#primaryimage\"},\"image\":{\"@id\":\"https:\\\/\\\/zonacaral.gob.pe\\\/es\\\/noticias\\\/universidad-nacional-del-callao-rinde-homenaje-a-doctora-ruth-shady\\\/#primaryimage\"},\"thumbnailUrl\":\"https:\\\/\\\/zonacaral.gob.pe\\\/wp-content\\\/uploads\\\/2025\\\/09\\\/ucallao1.jpg\",\"datePublished\":\"2025-09-19T21:59:01+00:00\",\"author\":{\"@id\":\"https:\\\/\\\/zonacaral.gob.pe\\\/es\\\/#\\\/schema\\\/person\\\/beddb4d22f71a7230c5b90913270a0ee\"},\"description\":\"En una emotiva ceremonia realizada en la Universidad Nacional del Callao, la rectora de esta casa de estudios, doctora Arcelia Olga Rojas Salazar, junto a sus docentes y estudiantes, rindi\u00f3 un homenaje a la doctora Ruth Shady Sol\u00eds, directora de la Zona Arqueol\u00f3gica Caral, por su destacada labor en la investigaci\u00f3n de los or\u00edgenes de la civilizaci\u00f3n andina.\",\"breadcrumb\":{\"@id\":\"https:\\\/\\\/zonacaral.gob.pe\\\/es\\\/noticias\\\/universidad-nacional-del-callao-rinde-homenaje-a-doctora-ruth-shady\\\/#breadcrumb\"},\"inLanguage\":\"es-PE\",\"potentialAction\":[{\"@type\":\"ReadAction\",\"target\":[\"https:\\\/\\\/zonacaral.gob.pe\\\/es\\\/noticias\\\/universidad-nacional-del-callao-rinde-homenaje-a-doctora-ruth-shady\\\/\"]}]},{\"@type\":\"ImageObject\",\"inLanguage\":\"es-PE\",\"@id\":\"https:\\\/\\\/zonacaral.gob.pe\\\/es\\\/noticias\\\/universidad-nacional-del-callao-rinde-homenaje-a-doctora-ruth-shady\\\/#primaryimage\",\"url\":\"https:\\\/\\\/zonacaral.gob.pe\\\/wp-content\\\/uploads\\\/2025\\\/09\\\/ucallao1.jpg\",\"contentUrl\":\"https:\\\/\\\/zonacaral.gob.pe\\\/wp-content\\\/uploads\\\/2025\\\/09\\\/ucallao1.jpg\",\"width\":1920,\"height\":1080},{\"@type\":\"BreadcrumbList\",\"@id\":\"https:\\\/\\\/zonacaral.gob.pe\\\/es\\\/noticias\\\/universidad-nacional-del-callao-rinde-homenaje-a-doctora-ruth-shady\\\/#breadcrumb\",\"itemListElement\":[{\"@type\":\"ListItem\",\"position\":1,\"name\":\"Portada\",\"item\":\"https:\\\/\\\/zonacaral.gob.pe\\\/\"},{\"@type\":\"ListItem\",\"position\":2,\"name\":\"Universidad Nacional del Callao rinde homenaje a doctora Ruth Shady\"}]},{\"@type\":\"WebSite\",\"@id\":\"https:\\\/\\\/zonacaral.gob.pe\\\/es\\\/#website\",\"url\":\"https:\\\/\\\/zonacaral.gob.pe\\\/es\\\/\",\"name\":\"Zona Caral\",\"description\":\"Investigamos, conservamos y difundimos el patrimonio cultural de la Civilizaci\u00f3n Caral, la m\u00e1s antigua de Am\u00e9rica.\",\"potentialAction\":[{\"@type\":\"SearchAction\",\"target\":{\"@type\":\"EntryPoint\",\"urlTemplate\":\"https:\\\/\\\/zonacaral.gob.pe\\\/es\\\/?s={search_term_string}\"},\"query-input\":{\"@type\":\"PropertyValueSpecification\",\"valueRequired\":true,\"valueName\":\"search_term_string\"}}],\"inLanguage\":\"es-PE\"},{\"@type\":\"Person\",\"@id\":\"https:\\\/\\\/zonacaral.gob.pe\\\/es\\\/#\\\/schema\\\/person\\\/beddb4d22f71a7230c5b90913270a0ee\",\"name\":\"Zona Caral Administrador\",\"image\":{\"@type\":\"ImageObject\",\"inLanguage\":\"es-PE\",\"@id\":\"https:\\\/\\\/secure.gravatar.com\\\/avatar\\\/e4be162918a696358376de6446614e0f0f4062bdc5d170d6d540ada3d8b58c12?s=96&d=mm&r=g\",\"url\":\"https:\\\/\\\/secure.gravatar.com\\\/avatar\\\/e4be162918a696358376de6446614e0f0f4062bdc5d170d6d540ada3d8b58c12?s=96&d=mm&r=g\",\"contentUrl\":\"https:\\\/\\\/secure.gravatar.com\\\/avatar\\\/e4be162918a696358376de6446614e0f0f4062bdc5d170d6d540ada3d8b58c12?s=96&d=mm&r=g\",\"caption\":\"Zona Caral Administrador\"},\"sameAs\":[\"https:\\\/\\\/zonacaral.gob.pe\"],\"url\":\"https:\\\/\\\/zonacaral.gob.pe\\\/es\\\/noticias\\\/author\\\/ad_zonacaral\\\/\"}]}<\/script>\n<!-- \/ Yoast SEO plugin. -->","yoast_head_json":{"title":"Universidad Nacional del Callao rinde homenaje a doctora Ruth Shady","description":"En una emotiva ceremonia realizada en la Universidad Nacional del Callao, la rectora de esta casa de estudios, doctora Arcelia Olga Rojas Salazar, junto a sus docentes y estudiantes, rindi\u00f3 un homenaje a la doctora Ruth Shady Sol\u00eds, directora de la Zona Arqueol\u00f3gica Caral, por su destacada labor en la investigaci\u00f3n de los or\u00edgenes de la civilizaci\u00f3n andina.","robots":{"index":"index","follow":"follow","max-snippet":"max-snippet:-1","max-image-preview":"max-image-preview:large","max-video-preview":"max-video-preview:-1"},"canonical":"https:\/\/zonacaral.gob.pe\/es\/noticias\/universidad-nacional-del-callao-rinde-homenaje-a-doctora-ruth-shady\/","og_locale":"es_ES","og_type":"article","og_title":"Universidad Nacional del Callao rinde homenaje a doctora Ruth Shady","og_description":"En una emotiva ceremonia realizada en la Universidad Nacional del Callao, la rectora de esta casa de estudios, doctora Arcelia Olga Rojas Salazar, junto a sus docentes y estudiantes, rindi\u00f3 un homenaje a la doctora Ruth Shady Sol\u00eds, directora de la Zona Arqueol\u00f3gica Caral, por su destacada labor en la investigaci\u00f3n de los or\u00edgenes de la civilizaci\u00f3n andina.","og_url":"https:\/\/zonacaral.gob.pe\/es\/noticias\/universidad-nacional-del-callao-rinde-homenaje-a-doctora-ruth-shady\/","og_site_name":"Zona Caral","article_published_time":"2025-09-19T21:59:01+00:00","og_image":[{"width":1920,"height":1080,"url":"https:\/\/zonacaral.gob.pe\/wp-content\/uploads\/2025\/09\/ucallao1.jpg","type":"image\/jpeg"}],"author":"Zona Caral Administrador","twitter_card":"summary_large_image","twitter_misc":{"Written by":"Zona Caral Administrador","Est. reading time":"3 minutos"},"schema":{"@context":"https:\/\/schema.org","@graph":[{"@type":"Article","@id":"https:\/\/zonacaral.gob.pe\/es\/noticias\/universidad-nacional-del-callao-rinde-homenaje-a-doctora-ruth-shady\/#article","isPartOf":{"@id":"https:\/\/zonacaral.gob.pe\/es\/noticias\/universidad-nacional-del-callao-rinde-homenaje-a-doctora-ruth-shady\/"},"author":{"name":"Zona Caral Administrador","@id":"https:\/\/zonacaral.gob.pe\/es\/#\/schema\/person\/beddb4d22f71a7230c5b90913270a0ee"},"headline":"Universidad Nacional del Callao rinde homenaje a doctora Ruth Shady","datePublished":"2025-09-19T21:59:01+00:00","mainEntityOfPage":{"@id":"https:\/\/zonacaral.gob.pe\/es\/noticias\/universidad-nacional-del-callao-rinde-homenaje-a-doctora-ruth-shady\/"},"wordCount":522,"image":{"@id":"https:\/\/zonacaral.gob.pe\/es\/noticias\/universidad-nacional-del-callao-rinde-homenaje-a-doctora-ruth-shady\/#primaryimage"},"thumbnailUrl":"https:\/\/zonacaral.gob.pe\/wp-content\/uploads\/2025\/09\/ucallao1.jpg","keywords":["caral","Cultura"],"articleSection":["noticias"],"inLanguage":"es-PE"},{"@type":"WebPage","@id":"https:\/\/zonacaral.gob.pe\/es\/noticias\/universidad-nacional-del-callao-rinde-homenaje-a-doctora-ruth-shady\/","url":"https:\/\/zonacaral.gob.pe\/es\/noticias\/universidad-nacional-del-callao-rinde-homenaje-a-doctora-ruth-shady\/","name":"Universidad Nacional del Callao rinde homenaje a doctora Ruth Shady","isPartOf":{"@id":"https:\/\/zonacaral.gob.pe\/es\/#website"},"primaryImageOfPage":{"@id":"https:\/\/zonacaral.gob.pe\/es\/noticias\/universidad-nacional-del-callao-rinde-homenaje-a-doctora-ruth-shady\/#primaryimage"},"image":{"@id":"https:\/\/zonacaral.gob.pe\/es\/noticias\/universidad-nacional-del-callao-rinde-homenaje-a-doctora-ruth-shady\/#primaryimage"},"thumbnailUrl":"https:\/\/zonacaral.gob.pe\/wp-content\/uploads\/2025\/09\/ucallao1.jpg","datePublished":"2025-09-19T21:59:01+00:00","author":{"@id":"https:\/\/zonacaral.gob.pe\/es\/#\/schema\/person\/beddb4d22f71a7230c5b90913270a0ee"},"description":"En una emotiva ceremonia realizada en la Universidad Nacional del Callao, la rectora de esta casa de estudios, doctora Arcelia Olga Rojas Salazar, junto a sus docentes y estudiantes, rindi\u00f3 un homenaje a la doctora Ruth Shady Sol\u00eds, directora de la Zona Arqueol\u00f3gica Caral, por su destacada labor en la investigaci\u00f3n de los or\u00edgenes de la civilizaci\u00f3n andina.","breadcrumb":{"@id":"https:\/\/zonacaral.gob.pe\/es\/noticias\/universidad-nacional-del-callao-rinde-homenaje-a-doctora-ruth-shady\/#breadcrumb"},"inLanguage":"es-PE","potentialAction":[{"@type":"ReadAction","target":["https:\/\/zonacaral.gob.pe\/es\/noticias\/universidad-nacional-del-callao-rinde-homenaje-a-doctora-ruth-shady\/"]}]},{"@type":"ImageObject","inLanguage":"es-PE","@id":"https:\/\/zonacaral.gob.pe\/es\/noticias\/universidad-nacional-del-callao-rinde-homenaje-a-doctora-ruth-shady\/#primaryimage","url":"https:\/\/zonacaral.gob.pe\/wp-content\/uploads\/2025\/09\/ucallao1.jpg","contentUrl":"https:\/\/zonacaral.gob.pe\/wp-content\/uploads\/2025\/09\/ucallao1.jpg","width":1920,"height":1080},{"@type":"BreadcrumbList","@id":"https:\/\/zonacaral.gob.pe\/es\/noticias\/universidad-nacional-del-callao-rinde-homenaje-a-doctora-ruth-shady\/#breadcrumb","itemListElement":[{"@type":"ListItem","position":1,"name":"Portada","item":"https:\/\/zonacaral.gob.pe\/"},{"@type":"ListItem","position":2,"name":"Universidad Nacional del Callao rinde homenaje a doctora Ruth Shady"}]},{"@type":"WebSite","@id":"https:\/\/zonacaral.gob.pe\/es\/#website","url":"https:\/\/zonacaral.gob.pe\/es\/","name":"Zona Caral","description":"Investigamos, conservamos y difundimos el patrimonio cultural de la Civilizaci\u00f3n Caral, la m\u00e1s antigua de Am\u00e9rica.","potentialAction":[{"@type":"SearchAction","target":{"@type":"EntryPoint","urlTemplate":"https:\/\/zonacaral.gob.pe\/es\/?s={search_term_string}"},"query-input":{"@type":"PropertyValueSpecification","valueRequired":true,"valueName":"search_term_string"}}],"inLanguage":"es-PE"},{"@type":"Person","@id":"https:\/\/zonacaral.gob.pe\/es\/#\/schema\/person\/beddb4d22f71a7230c5b90913270a0ee","name":"Zona Caral Administrador","image":{"@type":"ImageObject","inLanguage":"es-PE","@id":"https:\/\/secure.gravatar.com\/avatar\/e4be162918a696358376de6446614e0f0f4062bdc5d170d6d540ada3d8b58c12?s=96&d=mm&r=g","url":"https:\/\/secure.gravatar.com\/avatar\/e4be162918a696358376de6446614e0f0f4062bdc5d170d6d540ada3d8b58c12?s=96&d=mm&r=g","contentUrl":"https:\/\/secure.gravatar.com\/avatar\/e4be162918a696358376de6446614e0f0f4062bdc5d170d6d540ada3d8b58c12?s=96&d=mm&r=g","caption":"Zona Caral Administrador"},"sameAs":["https:\/\/zonacaral.gob.pe"],"url":"https:\/\/zonacaral.gob.pe\/es\/noticias\/author\/ad_zonacaral\/"}]}},"_links":{"self":[{"href":"https:\/\/zonacaral.gob.pe\/es\/wp-json\/wp\/v2\/posts\/18583","targetHints":{"allow":["GET"]}}],"collection":[{"href":"https:\/\/zonacaral.gob.pe\/es\/wp-json\/wp\/v2\/posts"}],"about":[{"href":"https:\/\/zonacaral.gob.pe\/es\/wp-json\/wp\/v2\/types\/post"}],"author":[{"embeddable":true,"href":"https:\/\/zonacaral.gob.pe\/es\/wp-json\/wp\/v2\/users\/1"}],"replies":[{"embeddable":true,"href":"https:\/\/zonacaral.gob.pe\/es\/wp-json\/wp\/v2\/comments?post=18583"}],"version-history":[{"count":0,"href":"https:\/\/zonacaral.gob.pe\/es\/wp-json\/wp\/v2\/posts\/18583\/revisions"}],"wp:featuredmedia":[{"embeddable":true,"href":"https:\/\/zonacaral.gob.pe\/es\/wp-json\/wp\/v2\/media\/18585"}],"wp:attachment":[{"href":"https:\/\/zonacaral.gob.pe\/es\/wp-json\/wp\/v2\/media?parent=18583"}],"wp:term":[{"taxonomy":"category","embeddable":true,"href":"https:\/\/zonacaral.gob.pe\/es\/wp-json\/wp\/v2\/categories?post=18583"},{"taxonomy":"post_tag","embeddable":true,"href":"https:\/\/zonacaral.gob.pe\/es\/wp-json\/wp\/v2\/tags?post=18583"}],"curies":[{"name":"wp","href":"https:\/\/api.w.org\/{rel}","templated":true}]}}