{"id":18593,"date":"2025-10-01T14:43:43","date_gmt":"2025-10-01T19:43:43","guid":{"rendered":"https:\/\/www.zonacaral.gob.pe\/?p=18593"},"modified":"2025-10-01T14:43:43","modified_gmt":"2025-10-01T19:43:43","slug":"caral-bajo-la-mirada-de-el-peruano-una-exposicion-multimedia","status":"publish","type":"post","link":"https:\/\/zonacaral.gob.pe\/es\/noticias\/caral-bajo-la-mirada-de-el-peruano-una-exposicion-multimedia\/","title":{"rendered":"\u00abCaral bajo la mirada de El Peruano\u00bb: una exposici\u00f3n multimedia"},"content":{"rendered":"<figure class=\"pic-autor\" style=\"color: #4d4d4d; text-align: justify;\"><\/figure>\n<div class=\"gmail_default\" style=\"text-align: justify;\">\n<blockquote>\n<p><i><span style=\"font-weight: 400;\">Dos testigos del tiempo, una misma voz en la construcci\u00f3n de la identidad cultural peruana.<\/span><\/i><\/p>\n<\/blockquote>\n<p><span style=\"font-weight: 400;\">En un acto protocolar que convoc\u00f3 a representantes del sector cultural, acad\u00e9mico y period\u00edstico, realizado el pasado viernes 26 de septiembre, se inaugur\u00f3 la exposici\u00f3n multimedia: <\/span><b>\u00abCaral bajo la mirada de El Peruano\u00bb<\/b><span style=\"font-weight: 400;\">, organizada por la Zona Arqueol\u00f3gica Caral, Unidad Ejecutora 003 del Ministerio de Cultura, y la Empresa Peruana de Servicios Editoriales \u2013 Editora Per\u00fa, en el marco del 31.\u00b0 aniversario del inicio de la investigaci\u00f3n arqueol\u00f3gica sobre la Civilizaci\u00f3n Caral y del Bicentenario del Diario Oficial El Peruano.<\/span><\/p>\n<p><span style=\"font-weight: 400;\">La ceremonia se desarroll\u00f3 en el Ministerio de Cultura y cont\u00f3 con la presencia de la doctora Ruth Shady Sol\u00eds, directora de la Zona Arqueol\u00f3gica Caral, y del mag\u00edster F\u00e9lix Paz Quiroz, director de Medios Period\u00edsticos de Editora Per\u00fa. Ambos ofrecieron emotivas palabras destacando la trascendencia de esta iniciativa conjunta que articula el patrimonio arqueol\u00f3gico de la civilizaci\u00f3n m\u00e1s antigua de Am\u00e9rica con el medio period\u00edstico en circulaci\u00f3n continua m\u00e1s antiguo del continente.<\/span><\/p>\n<p><span style=\"font-weight: 400;\">La exposici\u00f3n \u00abCaral bajo la mirada de El Peruano\u00bb ofrece una experiencia inmersiva que destaca el papel del periodismo en la difusi\u00f3n y protecci\u00f3n del patrimonio cultural de la Civilizaci\u00f3n Caral. A trav\u00e9s de publicaciones emblem\u00e1ticas que documentaron los principales hallazgos arqueol\u00f3gicos desde los a\u00f1os noventa hasta la actualidad, junto con fotograf\u00edas hist\u00f3ricas, recursos digitales e instalaciones audiovisuales. La muestra pone en valor los 31 a\u00f1os de investigaci\u00f3n sobre la Civilizaci\u00f3n Caral, cuna de la civilizaci\u00f3n andina, y el compromiso sostenido del Diario Oficial El Peruano en su visibilizaci\u00f3n ante la opini\u00f3n p\u00fablica.\u00a0<\/span><\/p>\n<p><span style=\"font-weight: 400;\">Durante la inauguraci\u00f3n, la doctora Ruth Shady destac\u00f3 el rol fundamental del periodismo en la transmisi\u00f3n del conocimiento sobre Caral para que llegue a la sociedad y se conozca nuestra historia ancestral, adem\u00e1s resalt\u00f3: \u201cPara orgullo de los americanos Caral refleja que no hemos sido menos en condiciones humanas, porque hemos creado una de las civilizaciones m\u00e1s antiguas como las dem\u00e1s del mundo\u201d.\u00a0<\/span><\/p>\n<p><span style=\"font-weight: 400;\">Por su parte, el mag\u00edster F\u00e9lix Paz Quiroz destac\u00f3 el compromiso del Diario Oficial El Peruano con la difusi\u00f3n del conocimiento de la Civilizaci\u00f3n Caral y agreg\u00f3: \u201cAgradezco a la doctora Ruth Shady por los valores que ha recuperado la investigaci\u00f3n arqueol\u00f3gica en Caral\u201d.\u00a0<\/span><\/p>\n<p><span style=\"font-weight: 400;\">Ambos coincidieron en que la alianza entre la ciencia arqueol\u00f3gica y la comunicaci\u00f3n social es fundamental para fomentar una ciudadan\u00eda m\u00e1s informada, consciente de su historia y comprometida con la preservaci\u00f3n del patrimonio cultural del pa\u00eds.<\/span><\/p>\n<p><b>Un encuentro entre la arqueolog\u00eda y el periodismo<\/b><\/p>\n<p><span style=\"font-weight: 400;\">Durante el recorrido inaugural, los asistentes pudieron apreciar las siete secuencias curatoriales que componen la muestra:\u00a0<\/span><\/p>\n<ul>\n<li style=\"font-weight: 400;\" aria-level=\"1\"><i><span style=\"font-weight: 400;\">El Peruano: 200 a\u00f1os informando al pa\u00eds<\/span><\/i><span style=\"font-weight: 400;\">, una revisi\u00f3n de su historia como medio oficial y cr\u00f3nica nacional;\u00a0<\/span><\/li>\n<li style=\"font-weight: 400;\" aria-level=\"1\"><i><span style=\"font-weight: 400;\">Civilizaci\u00f3n Caral: un patrimonio cultural para el mundo<\/span><\/i><span style=\"font-weight: 400;\">, que contextualiza la relevancia cient\u00edfica y cultural de Caral, primera civilizaci\u00f3n de Am\u00e9rica;\u00a0<\/span><\/li>\n<li style=\"font-weight: 400;\" aria-level=\"1\"><i><span style=\"font-weight: 400;\">Las primeras publicaciones: el despertar del inter\u00e9s nacional<\/span><\/i><span style=\"font-weight: 400;\">, una exhibici\u00f3n de las notas de El Peruano que impulsaron la atenci\u00f3n p\u00fablica sobre Caral desde la d\u00e9cada de 1990;\u00a0<\/span><\/li>\n<li style=\"font-weight: 400;\" aria-level=\"1\"><i><span style=\"font-weight: 400;\">Voces del patrimonio: reportajes, im\u00e1genes y cr\u00f3nicas<\/span><\/i><span style=\"font-weight: 400;\">, selecci\u00f3n de contenido period\u00edstico que ha acompa\u00f1ado la difusi\u00f3n del patrimonio cultural de Caral;<\/span><\/li>\n<li style=\"font-weight: 400;\" aria-level=\"1\"><i><span style=\"font-weight: 400;\">Mujeres en la historia: Ruth Shady y la construcci\u00f3n de una narrativa sobre la identidad cultural peruana<\/span><\/i><span style=\"font-weight: 400;\">, reconocimiento a la trayectoria de la doctora Ruth Shady como figura fundamental en la investigaci\u00f3n y defensa del patrimonio arqueol\u00f3gico de Caral;\u00a0<\/span><\/li>\n<li style=\"font-weight: 400;\" aria-level=\"1\"><i><span style=\"font-weight: 400;\">Comunidad y patrimonio: el rol social de la difusi\u00f3n<\/span><\/i><span style=\"font-weight: 400;\">, registro del impacto social y educativo de la difusi\u00f3n del patrimonio cultural en las comunidades vinculadas a Caral;\u00a0<\/span><\/li>\n<li style=\"font-weight: 400;\" aria-level=\"1\"><i><span style=\"font-weight: 400;\">Memoria viva, futuro compartido<\/span><\/i><span style=\"font-weight: 400;\">, una reflexi\u00f3n final sobre el rol del periodismo en la protecci\u00f3n del patrimonio arqueol\u00f3gico y la construcci\u00f3n de identidad nacional.<\/span><\/li>\n<\/ul>\n<p><span style=\"font-weight: 400;\">La exposici\u00f3n \u00abCaral bajo la mirada de El Peruano\u00bb estar\u00e1 abierta al p\u00fablico general del 26 de septiembre al 19 de octubre de 2025, de martes a domingo, de 9:00 a. m. a 5:00 p. m., en la Sala Nasca del Ministerio de Cultura (Av. Javier Prado Este 2465, San Borja). El ingreso es libre y gratuito.<\/span><\/p>\n<p><strong style=\"font-size: inherit; text-align: justify;\">Fuente: Comunicaci\u00f3n e Imagen Institucional ZAC<\/strong><\/p>\n<\/div>\n<div style=\"color: #1f1f1f;\">\n<div style=\"color: #1f1f1f;\">\n<p style=\"text-align: justify;\">Fecha de publicaci\u00f3n: 01\/10\/2025<\/p>\n<\/div>\n<\/div>\n\n\n<p><\/p>\n\n\n\n<p><\/p>\n","protected":false},"excerpt":{"rendered":"<p>Dos testigos del tiempo, una misma voz en la construcci\u00f3n de la identidad cultural peruana. En un acto protocolar que [&hellip;]<\/p>\n","protected":false},"author":1,"featured_media":18594,"comment_status":"closed","ping_status":"open","sticky":false,"template":"","format":"standard","meta":{"_acf_changed":false,"site-sidebar-layout":"default","site-content-layout":"","ast-site-content-layout":"default","site-content-style":"default","site-sidebar-style":"default","ast-global-header-display":"","ast-banner-title-visibility":"","ast-main-header-display":"","ast-hfb-above-header-display":"","ast-hfb-below-header-display":"","ast-hfb-mobile-header-display":"","site-post-title":"","ast-breadcrumbs-content":"","ast-featured-img":"","footer-sml-layout":"","ast-disable-related-posts":"","theme-transparent-header-meta":"","adv-header-id-meta":"","stick-header-meta":"","header-above-stick-meta":"","header-main-stick-meta":"","header-below-stick-meta":"","astra-migrate-meta-layouts":"default","ast-page-background-enabled":"default","ast-page-background-meta":{"desktop":{"background-color":"var(--ast-global-color-5)","background-image":"","background-repeat":"repeat","background-position":"center center","background-size":"auto","background-attachment":"scroll","background-type":"","background-media":"","overlay-type":"","overlay-color":"","overlay-opacity":"","overlay-gradient":""},"tablet":{"background-color":"","background-image":"","background-repeat":"repeat","background-position":"center center","background-size":"auto","background-attachment":"scroll","background-type":"","background-media":"","overlay-type":"","overlay-color":"","overlay-opacity":"","overlay-gradient":""},"mobile":{"background-color":"","background-image":"","background-repeat":"repeat","background-position":"center center","background-size":"auto","background-attachment":"scroll","background-type":"","background-media":"","overlay-type":"","overlay-color":"","overlay-opacity":"","overlay-gradient":""}},"ast-content-background-meta":{"desktop":{"background-color":"var(--ast-global-color-4)","background-image":"","background-repeat":"repeat","background-position":"center center","background-size":"auto","background-attachment":"scroll","background-type":"","background-media":"","overlay-type":"","overlay-color":"","overlay-opacity":"","overlay-gradient":""},"tablet":{"background-color":"var(--ast-global-color-4)","background-image":"","background-repeat":"repeat","background-position":"center center","background-size":"auto","background-attachment":"scroll","background-type":"","background-media":"","overlay-type":"","overlay-color":"","overlay-opacity":"","overlay-gradient":""},"mobile":{"background-color":"var(--ast-global-color-4)","background-image":"","background-repeat":"repeat","background-position":"center center","background-size":"auto","background-attachment":"scroll","background-type":"","background-media":"","overlay-type":"","overlay-color":"","overlay-opacity":"","overlay-gradient":""}},"footnotes":""},"categories":[208],"tags":[55,72],"class_list":["post-18593","post","type-post","status-publish","format-standard","has-post-thumbnail","hentry","category-noticias","tag-caral","tag-cultura"],"acf":[],"yoast_head":"<!-- This site is optimized with the Yoast SEO plugin v27.3 - https:\/\/yoast.com\/product\/yoast-seo-wordpress\/ -->\n<title>\u00abCaral bajo la mirada de El Peruano\u00bb: una exposici\u00f3n multimedia<\/title>\n<meta name=\"description\" content=\"En un acto protocolar que convoc\u00f3 a representantes del sector cultural, acad\u00e9mico y period\u00edstico, realizado el pasado viernes 26 de septiembre, se inaugur\u00f3 la exposici\u00f3n multimedia: \u00abCaral bajo la mirada de El Peruano\u00bb, organizada por la Zona Arqueol\u00f3gica Caral, Unidad Ejecutora 003 del Ministerio de Cultura, y la Empresa Peruana de Servicios Editoriales \u2013 Editora Per\u00fa, en el marco del 31.\u00b0 aniversario del inicio de la investigaci\u00f3n arqueol\u00f3gica sobre la Civilizaci\u00f3n Caral y del Bicentenario del Diario Oficial El Peruano.\" \/>\n<meta name=\"robots\" content=\"index, follow, max-snippet:-1, max-image-preview:large, max-video-preview:-1\" \/>\n<link rel=\"canonical\" href=\"https:\/\/zonacaral.gob.pe\/es\/noticias\/caral-bajo-la-mirada-de-el-peruano-una-exposicion-multimedia\/\" \/>\n<meta property=\"og:locale\" content=\"es_ES\" \/>\n<meta property=\"og:type\" content=\"article\" \/>\n<meta property=\"og:title\" content=\"\u00abCaral bajo la mirada de El Peruano\u00bb: una exposici\u00f3n multimedia\" \/>\n<meta property=\"og:description\" content=\"En un acto protocolar que convoc\u00f3 a representantes del sector cultural, acad\u00e9mico y period\u00edstico, realizado el pasado viernes 26 de septiembre, se inaugur\u00f3 la exposici\u00f3n multimedia: \u00abCaral bajo la mirada de El Peruano\u00bb, organizada por la Zona Arqueol\u00f3gica Caral, Unidad Ejecutora 003 del Ministerio de Cultura, y la Empresa Peruana de Servicios Editoriales \u2013 Editora Per\u00fa, en el marco del 31.\u00b0 aniversario del inicio de la investigaci\u00f3n arqueol\u00f3gica sobre la Civilizaci\u00f3n Caral y del Bicentenario del Diario Oficial El Peruano.\" \/>\n<meta property=\"og:url\" content=\"https:\/\/zonacaral.gob.pe\/es\/noticias\/caral-bajo-la-mirada-de-el-peruano-una-exposicion-multimedia\/\" \/>\n<meta property=\"og:site_name\" content=\"Zona Caral\" \/>\n<meta property=\"article:published_time\" content=\"2025-10-01T19:43:43+00:00\" \/>\n<meta property=\"og:image\" content=\"https:\/\/zonacaral.gob.pe\/wp-content\/uploads\/2025\/10\/PERUANO_1.jpg\" \/>\n\t<meta property=\"og:image:width\" content=\"1500\" \/>\n\t<meta property=\"og:image:height\" content=\"849\" \/>\n\t<meta property=\"og:image:type\" content=\"image\/jpeg\" \/>\n<meta name=\"author\" content=\"Zona Caral Administrador\" \/>\n<meta name=\"twitter:card\" content=\"summary_large_image\" \/>\n<meta name=\"twitter:label1\" content=\"Written by\" \/>\n\t<meta name=\"twitter:data1\" content=\"Zona Caral Administrador\" \/>\n\t<meta name=\"twitter:label2\" content=\"Est. reading time\" \/>\n\t<meta name=\"twitter:data2\" content=\"4 minutos\" \/>\n<script type=\"application\/ld+json\" class=\"yoast-schema-graph\">{\"@context\":\"https:\\\/\\\/schema.org\",\"@graph\":[{\"@type\":\"Article\",\"@id\":\"https:\\\/\\\/zonacaral.gob.pe\\\/es\\\/noticias\\\/caral-bajo-la-mirada-de-el-peruano-una-exposicion-multimedia\\\/#article\",\"isPartOf\":{\"@id\":\"https:\\\/\\\/zonacaral.gob.pe\\\/es\\\/noticias\\\/caral-bajo-la-mirada-de-el-peruano-una-exposicion-multimedia\\\/\"},\"author\":{\"name\":\"Zona Caral Administrador\",\"@id\":\"https:\\\/\\\/zonacaral.gob.pe\\\/es\\\/#\\\/schema\\\/person\\\/beddb4d22f71a7230c5b90913270a0ee\"},\"headline\":\"\u00abCaral bajo la mirada de El Peruano\u00bb: una exposici\u00f3n multimedia\",\"datePublished\":\"2025-10-01T19:43:43+00:00\",\"mainEntityOfPage\":{\"@id\":\"https:\\\/\\\/zonacaral.gob.pe\\\/es\\\/noticias\\\/caral-bajo-la-mirada-de-el-peruano-una-exposicion-multimedia\\\/\"},\"wordCount\":757,\"image\":{\"@id\":\"https:\\\/\\\/zonacaral.gob.pe\\\/es\\\/noticias\\\/caral-bajo-la-mirada-de-el-peruano-una-exposicion-multimedia\\\/#primaryimage\"},\"thumbnailUrl\":\"https:\\\/\\\/zonacaral.gob.pe\\\/wp-content\\\/uploads\\\/2025\\\/10\\\/PERUANO_1.jpg\",\"keywords\":[\"caral\",\"Cultura\"],\"articleSection\":[\"noticias\"],\"inLanguage\":\"es-PE\"},{\"@type\":\"WebPage\",\"@id\":\"https:\\\/\\\/zonacaral.gob.pe\\\/es\\\/noticias\\\/caral-bajo-la-mirada-de-el-peruano-una-exposicion-multimedia\\\/\",\"url\":\"https:\\\/\\\/zonacaral.gob.pe\\\/es\\\/noticias\\\/caral-bajo-la-mirada-de-el-peruano-una-exposicion-multimedia\\\/\",\"name\":\"\u00abCaral bajo la mirada de El Peruano\u00bb: una exposici\u00f3n multimedia\",\"isPartOf\":{\"@id\":\"https:\\\/\\\/zonacaral.gob.pe\\\/es\\\/#website\"},\"primaryImageOfPage\":{\"@id\":\"https:\\\/\\\/zonacaral.gob.pe\\\/es\\\/noticias\\\/caral-bajo-la-mirada-de-el-peruano-una-exposicion-multimedia\\\/#primaryimage\"},\"image\":{\"@id\":\"https:\\\/\\\/zonacaral.gob.pe\\\/es\\\/noticias\\\/caral-bajo-la-mirada-de-el-peruano-una-exposicion-multimedia\\\/#primaryimage\"},\"thumbnailUrl\":\"https:\\\/\\\/zonacaral.gob.pe\\\/wp-content\\\/uploads\\\/2025\\\/10\\\/PERUANO_1.jpg\",\"datePublished\":\"2025-10-01T19:43:43+00:00\",\"author\":{\"@id\":\"https:\\\/\\\/zonacaral.gob.pe\\\/es\\\/#\\\/schema\\\/person\\\/beddb4d22f71a7230c5b90913270a0ee\"},\"description\":\"En un acto protocolar que convoc\u00f3 a representantes del sector cultural, acad\u00e9mico y period\u00edstico, realizado el pasado viernes 26 de septiembre, se inaugur\u00f3 la exposici\u00f3n multimedia: \u00abCaral bajo la mirada de El Peruano\u00bb, organizada por la Zona Arqueol\u00f3gica Caral, Unidad Ejecutora 003 del Ministerio de Cultura, y la Empresa Peruana de Servicios Editoriales \u2013 Editora Per\u00fa, en el marco del 31.\u00b0 aniversario del inicio de la investigaci\u00f3n arqueol\u00f3gica sobre la Civilizaci\u00f3n Caral y del Bicentenario del Diario Oficial El Peruano.\",\"breadcrumb\":{\"@id\":\"https:\\\/\\\/zonacaral.gob.pe\\\/es\\\/noticias\\\/caral-bajo-la-mirada-de-el-peruano-una-exposicion-multimedia\\\/#breadcrumb\"},\"inLanguage\":\"es-PE\",\"potentialAction\":[{\"@type\":\"ReadAction\",\"target\":[\"https:\\\/\\\/zonacaral.gob.pe\\\/es\\\/noticias\\\/caral-bajo-la-mirada-de-el-peruano-una-exposicion-multimedia\\\/\"]}]},{\"@type\":\"ImageObject\",\"inLanguage\":\"es-PE\",\"@id\":\"https:\\\/\\\/zonacaral.gob.pe\\\/es\\\/noticias\\\/caral-bajo-la-mirada-de-el-peruano-una-exposicion-multimedia\\\/#primaryimage\",\"url\":\"https:\\\/\\\/zonacaral.gob.pe\\\/wp-content\\\/uploads\\\/2025\\\/10\\\/PERUANO_1.jpg\",\"contentUrl\":\"https:\\\/\\\/zonacaral.gob.pe\\\/wp-content\\\/uploads\\\/2025\\\/10\\\/PERUANO_1.jpg\",\"width\":1500,\"height\":849},{\"@type\":\"BreadcrumbList\",\"@id\":\"https:\\\/\\\/zonacaral.gob.pe\\\/es\\\/noticias\\\/caral-bajo-la-mirada-de-el-peruano-una-exposicion-multimedia\\\/#breadcrumb\",\"itemListElement\":[{\"@type\":\"ListItem\",\"position\":1,\"name\":\"Portada\",\"item\":\"https:\\\/\\\/zonacaral.gob.pe\\\/\"},{\"@type\":\"ListItem\",\"position\":2,\"name\":\"\u00abCaral bajo la mirada de El Peruano\u00bb: una exposici\u00f3n multimedia\"}]},{\"@type\":\"WebSite\",\"@id\":\"https:\\\/\\\/zonacaral.gob.pe\\\/es\\\/#website\",\"url\":\"https:\\\/\\\/zonacaral.gob.pe\\\/es\\\/\",\"name\":\"Zona Caral\",\"description\":\"Investigamos, conservamos y difundimos el patrimonio cultural de la Civilizaci\u00f3n Caral, la m\u00e1s antigua de Am\u00e9rica.\",\"potentialAction\":[{\"@type\":\"SearchAction\",\"target\":{\"@type\":\"EntryPoint\",\"urlTemplate\":\"https:\\\/\\\/zonacaral.gob.pe\\\/es\\\/?s={search_term_string}\"},\"query-input\":{\"@type\":\"PropertyValueSpecification\",\"valueRequired\":true,\"valueName\":\"search_term_string\"}}],\"inLanguage\":\"es-PE\"},{\"@type\":\"Person\",\"@id\":\"https:\\\/\\\/zonacaral.gob.pe\\\/es\\\/#\\\/schema\\\/person\\\/beddb4d22f71a7230c5b90913270a0ee\",\"name\":\"Zona Caral Administrador\",\"image\":{\"@type\":\"ImageObject\",\"inLanguage\":\"es-PE\",\"@id\":\"https:\\\/\\\/secure.gravatar.com\\\/avatar\\\/e4be162918a696358376de6446614e0f0f4062bdc5d170d6d540ada3d8b58c12?s=96&d=mm&r=g\",\"url\":\"https:\\\/\\\/secure.gravatar.com\\\/avatar\\\/e4be162918a696358376de6446614e0f0f4062bdc5d170d6d540ada3d8b58c12?s=96&d=mm&r=g\",\"contentUrl\":\"https:\\\/\\\/secure.gravatar.com\\\/avatar\\\/e4be162918a696358376de6446614e0f0f4062bdc5d170d6d540ada3d8b58c12?s=96&d=mm&r=g\",\"caption\":\"Zona Caral Administrador\"},\"sameAs\":[\"https:\\\/\\\/zonacaral.gob.pe\"],\"url\":\"https:\\\/\\\/zonacaral.gob.pe\\\/es\\\/noticias\\\/author\\\/ad_zonacaral\\\/\"}]}<\/script>\n<!-- \/ Yoast SEO plugin. -->","yoast_head_json":{"title":"\u00abCaral bajo la mirada de El Peruano\u00bb: una exposici\u00f3n multimedia","description":"En un acto protocolar que convoc\u00f3 a representantes del sector cultural, acad\u00e9mico y period\u00edstico, realizado el pasado viernes 26 de septiembre, se inaugur\u00f3 la exposici\u00f3n multimedia: \u00abCaral bajo la mirada de El Peruano\u00bb, organizada por la Zona Arqueol\u00f3gica Caral, Unidad Ejecutora 003 del Ministerio de Cultura, y la Empresa Peruana de Servicios Editoriales \u2013 Editora Per\u00fa, en el marco del 31.\u00b0 aniversario del inicio de la investigaci\u00f3n arqueol\u00f3gica sobre la Civilizaci\u00f3n Caral y del Bicentenario del Diario Oficial El Peruano.","robots":{"index":"index","follow":"follow","max-snippet":"max-snippet:-1","max-image-preview":"max-image-preview:large","max-video-preview":"max-video-preview:-1"},"canonical":"https:\/\/zonacaral.gob.pe\/es\/noticias\/caral-bajo-la-mirada-de-el-peruano-una-exposicion-multimedia\/","og_locale":"es_ES","og_type":"article","og_title":"\u00abCaral bajo la mirada de El Peruano\u00bb: una exposici\u00f3n multimedia","og_description":"En un acto protocolar que convoc\u00f3 a representantes del sector cultural, acad\u00e9mico y period\u00edstico, realizado el pasado viernes 26 de septiembre, se inaugur\u00f3 la exposici\u00f3n multimedia: \u00abCaral bajo la mirada de El Peruano\u00bb, organizada por la Zona Arqueol\u00f3gica Caral, Unidad Ejecutora 003 del Ministerio de Cultura, y la Empresa Peruana de Servicios Editoriales \u2013 Editora Per\u00fa, en el marco del 31.\u00b0 aniversario del inicio de la investigaci\u00f3n arqueol\u00f3gica sobre la Civilizaci\u00f3n Caral y del Bicentenario del Diario Oficial El Peruano.","og_url":"https:\/\/zonacaral.gob.pe\/es\/noticias\/caral-bajo-la-mirada-de-el-peruano-una-exposicion-multimedia\/","og_site_name":"Zona Caral","article_published_time":"2025-10-01T19:43:43+00:00","og_image":[{"width":1500,"height":849,"url":"https:\/\/zonacaral.gob.pe\/wp-content\/uploads\/2025\/10\/PERUANO_1.jpg","type":"image\/jpeg"}],"author":"Zona Caral Administrador","twitter_card":"summary_large_image","twitter_misc":{"Written by":"Zona Caral Administrador","Est. reading time":"4 minutos"},"schema":{"@context":"https:\/\/schema.org","@graph":[{"@type":"Article","@id":"https:\/\/zonacaral.gob.pe\/es\/noticias\/caral-bajo-la-mirada-de-el-peruano-una-exposicion-multimedia\/#article","isPartOf":{"@id":"https:\/\/zonacaral.gob.pe\/es\/noticias\/caral-bajo-la-mirada-de-el-peruano-una-exposicion-multimedia\/"},"author":{"name":"Zona Caral Administrador","@id":"https:\/\/zonacaral.gob.pe\/es\/#\/schema\/person\/beddb4d22f71a7230c5b90913270a0ee"},"headline":"\u00abCaral bajo la mirada de El Peruano\u00bb: una exposici\u00f3n multimedia","datePublished":"2025-10-01T19:43:43+00:00","mainEntityOfPage":{"@id":"https:\/\/zonacaral.gob.pe\/es\/noticias\/caral-bajo-la-mirada-de-el-peruano-una-exposicion-multimedia\/"},"wordCount":757,"image":{"@id":"https:\/\/zonacaral.gob.pe\/es\/noticias\/caral-bajo-la-mirada-de-el-peruano-una-exposicion-multimedia\/#primaryimage"},"thumbnailUrl":"https:\/\/zonacaral.gob.pe\/wp-content\/uploads\/2025\/10\/PERUANO_1.jpg","keywords":["caral","Cultura"],"articleSection":["noticias"],"inLanguage":"es-PE"},{"@type":"WebPage","@id":"https:\/\/zonacaral.gob.pe\/es\/noticias\/caral-bajo-la-mirada-de-el-peruano-una-exposicion-multimedia\/","url":"https:\/\/zonacaral.gob.pe\/es\/noticias\/caral-bajo-la-mirada-de-el-peruano-una-exposicion-multimedia\/","name":"\u00abCaral bajo la mirada de El Peruano\u00bb: una exposici\u00f3n multimedia","isPartOf":{"@id":"https:\/\/zonacaral.gob.pe\/es\/#website"},"primaryImageOfPage":{"@id":"https:\/\/zonacaral.gob.pe\/es\/noticias\/caral-bajo-la-mirada-de-el-peruano-una-exposicion-multimedia\/#primaryimage"},"image":{"@id":"https:\/\/zonacaral.gob.pe\/es\/noticias\/caral-bajo-la-mirada-de-el-peruano-una-exposicion-multimedia\/#primaryimage"},"thumbnailUrl":"https:\/\/zonacaral.gob.pe\/wp-content\/uploads\/2025\/10\/PERUANO_1.jpg","datePublished":"2025-10-01T19:43:43+00:00","author":{"@id":"https:\/\/zonacaral.gob.pe\/es\/#\/schema\/person\/beddb4d22f71a7230c5b90913270a0ee"},"description":"En un acto protocolar que convoc\u00f3 a representantes del sector cultural, acad\u00e9mico y period\u00edstico, realizado el pasado viernes 26 de septiembre, se inaugur\u00f3 la exposici\u00f3n multimedia: \u00abCaral bajo la mirada de El Peruano\u00bb, organizada por la Zona Arqueol\u00f3gica Caral, Unidad Ejecutora 003 del Ministerio de Cultura, y la Empresa Peruana de Servicios Editoriales \u2013 Editora Per\u00fa, en el marco del 31.\u00b0 aniversario del inicio de la investigaci\u00f3n arqueol\u00f3gica sobre la Civilizaci\u00f3n Caral y del Bicentenario del Diario Oficial El Peruano.","breadcrumb":{"@id":"https:\/\/zonacaral.gob.pe\/es\/noticias\/caral-bajo-la-mirada-de-el-peruano-una-exposicion-multimedia\/#breadcrumb"},"inLanguage":"es-PE","potentialAction":[{"@type":"ReadAction","target":["https:\/\/zonacaral.gob.pe\/es\/noticias\/caral-bajo-la-mirada-de-el-peruano-una-exposicion-multimedia\/"]}]},{"@type":"ImageObject","inLanguage":"es-PE","@id":"https:\/\/zonacaral.gob.pe\/es\/noticias\/caral-bajo-la-mirada-de-el-peruano-una-exposicion-multimedia\/#primaryimage","url":"https:\/\/zonacaral.gob.pe\/wp-content\/uploads\/2025\/10\/PERUANO_1.jpg","contentUrl":"https:\/\/zonacaral.gob.pe\/wp-content\/uploads\/2025\/10\/PERUANO_1.jpg","width":1500,"height":849},{"@type":"BreadcrumbList","@id":"https:\/\/zonacaral.gob.pe\/es\/noticias\/caral-bajo-la-mirada-de-el-peruano-una-exposicion-multimedia\/#breadcrumb","itemListElement":[{"@type":"ListItem","position":1,"name":"Portada","item":"https:\/\/zonacaral.gob.pe\/"},{"@type":"ListItem","position":2,"name":"\u00abCaral bajo la mirada de El Peruano\u00bb: una exposici\u00f3n multimedia"}]},{"@type":"WebSite","@id":"https:\/\/zonacaral.gob.pe\/es\/#website","url":"https:\/\/zonacaral.gob.pe\/es\/","name":"Zona Caral","description":"Investigamos, conservamos y difundimos el patrimonio cultural de la Civilizaci\u00f3n Caral, la m\u00e1s antigua de Am\u00e9rica.","potentialAction":[{"@type":"SearchAction","target":{"@type":"EntryPoint","urlTemplate":"https:\/\/zonacaral.gob.pe\/es\/?s={search_term_string}"},"query-input":{"@type":"PropertyValueSpecification","valueRequired":true,"valueName":"search_term_string"}}],"inLanguage":"es-PE"},{"@type":"Person","@id":"https:\/\/zonacaral.gob.pe\/es\/#\/schema\/person\/beddb4d22f71a7230c5b90913270a0ee","name":"Zona Caral Administrador","image":{"@type":"ImageObject","inLanguage":"es-PE","@id":"https:\/\/secure.gravatar.com\/avatar\/e4be162918a696358376de6446614e0f0f4062bdc5d170d6d540ada3d8b58c12?s=96&d=mm&r=g","url":"https:\/\/secure.gravatar.com\/avatar\/e4be162918a696358376de6446614e0f0f4062bdc5d170d6d540ada3d8b58c12?s=96&d=mm&r=g","contentUrl":"https:\/\/secure.gravatar.com\/avatar\/e4be162918a696358376de6446614e0f0f4062bdc5d170d6d540ada3d8b58c12?s=96&d=mm&r=g","caption":"Zona Caral Administrador"},"sameAs":["https:\/\/zonacaral.gob.pe"],"url":"https:\/\/zonacaral.gob.pe\/es\/noticias\/author\/ad_zonacaral\/"}]}},"_links":{"self":[{"href":"https:\/\/zonacaral.gob.pe\/es\/wp-json\/wp\/v2\/posts\/18593","targetHints":{"allow":["GET"]}}],"collection":[{"href":"https:\/\/zonacaral.gob.pe\/es\/wp-json\/wp\/v2\/posts"}],"about":[{"href":"https:\/\/zonacaral.gob.pe\/es\/wp-json\/wp\/v2\/types\/post"}],"author":[{"embeddable":true,"href":"https:\/\/zonacaral.gob.pe\/es\/wp-json\/wp\/v2\/users\/1"}],"replies":[{"embeddable":true,"href":"https:\/\/zonacaral.gob.pe\/es\/wp-json\/wp\/v2\/comments?post=18593"}],"version-history":[{"count":0,"href":"https:\/\/zonacaral.gob.pe\/es\/wp-json\/wp\/v2\/posts\/18593\/revisions"}],"wp:featuredmedia":[{"embeddable":true,"href":"https:\/\/zonacaral.gob.pe\/es\/wp-json\/wp\/v2\/media\/18594"}],"wp:attachment":[{"href":"https:\/\/zonacaral.gob.pe\/es\/wp-json\/wp\/v2\/media?parent=18593"}],"wp:term":[{"taxonomy":"category","embeddable":true,"href":"https:\/\/zonacaral.gob.pe\/es\/wp-json\/wp\/v2\/categories?post=18593"},{"taxonomy":"post_tag","embeddable":true,"href":"https:\/\/zonacaral.gob.pe\/es\/wp-json\/wp\/v2\/tags?post=18593"}],"curies":[{"name":"wp","href":"https:\/\/api.w.org\/{rel}","templated":true}]}}