{"id":18613,"date":"2025-10-03T16:06:24","date_gmt":"2025-10-03T21:06:24","guid":{"rendered":"https:\/\/www.zonacaral.gob.pe\/?p=18613"},"modified":"2025-10-03T16:06:24","modified_gmt":"2025-10-03T21:06:24","slug":"este-domingo-ingresa-gratis-a-la-ciudad-sagrada-de-caral-aspero-vichama-y-penico","status":"publish","type":"post","link":"https:\/\/zonacaral.gob.pe\/es\/noticias\/este-domingo-ingresa-gratis-a-la-ciudad-sagrada-de-caral-aspero-vichama-y-penico\/","title":{"rendered":"Este domingo ingresa gratis a la Ciudad Sagrada de Caral, \u00c1spero, Vichama y Pe\u00f1ico"},"content":{"rendered":"<figure class=\"pic-autor\" style=\"color: #4d4d4d; text-align: justify;\"><\/figure>\n<div class=\"gmail_default\" style=\"text-align: justify;\">\n<blockquote>\n<p><i><span style=\"font-weight: 400;\">No te pierdas esta oportunidad \u00fanica de conocer la historia viva de la primera civilizaci\u00f3n de Am\u00e9rica. \u00a1Viaja a Caral!<\/span><\/i><\/p>\n<\/blockquote>\n<p><span style=\"font-weight: 400;\">Este domingo 5 de octubre (primer domingo del mes), la <\/span><a href=\"https:\/\/www.instagram.com\/caralperu\/?hl=es\"><span style=\"font-weight: 400;\">Zona Arqueol\u00f3gica Caral<\/span><\/a><span style=\"font-weight: 400;\">, Unidad Ejecutora 003 del Ministerio de Cultura, te invita a recorrer sin costo los milenarios centros urbanos de la primera civilizaci\u00f3n de Am\u00e9rica: la <\/span><a href=\"https:\/\/www.zonacaral.gob.pe\/ruta-caral\/ciudad-sagrada-de-caral.html\"><span style=\"font-weight: 400;\">Ciudad Sagrada de Caral-Supe<\/span><\/a><span style=\"font-weight: 400;\">, declarada Patrimonio Mundial, junto a <\/span><a href=\"https:\/\/www.zonacaral.gob.pe\/ruta-caral\/aspero.html\"><span style=\"font-weight: 400;\">\u00c1spero<\/span><\/a><span style=\"font-weight: 400;\">, <\/span><a href=\"https:\/\/www.zonacaral.gob.pe\/ruta-caral\/vichama.html\"><span style=\"font-weight: 400;\">Vichama<\/span><\/a><span style=\"font-weight: 400;\"> y <\/span><a href=\"https:\/\/www.zonacaral.gob.pe\/ruta-caral\/penico.html\"><span style=\"font-weight: 400;\">Pe\u00f1ico<\/span><\/a><span style=\"font-weight: 400;\">, que forman parte de la <\/span><b>Ruta Caral<\/b><span style=\"font-weight: 400;\">.<\/span><\/p>\n<p><span style=\"font-weight: 400;\">El horario de atenci\u00f3n, en estos sitios arqueol\u00f3gicos, es de 9:00 a. m. a 5:00 p. m. Sin embargo, se recomienda ingresar una hora antes del cierre, para una adecuada visita. Recuerda que el \u00fanico pago a realizar es de dos soles por persona, por el servicio de interpretaci\u00f3n cultural brindado por las personas capacitadas como mediadores culturales.<\/span><\/p>\n<p><b>Complementa tu visita<\/b><\/p>\n<p><span style=\"font-weight: 400;\">Adem\u00e1s, tras recorrer las antiguas ciudades de Caral, tambi\u00e9n puedes visitar los museos que forman la Red de Museos Comunitarios, ubicados en los distritos de <\/span><a href=\"https:\/\/www.zonacaral.gob.pe\/ruta-caral\/MC-supe.html\"><span style=\"font-weight: 400;\">Supe<\/span><\/a><span style=\"font-weight: 400;\"> y de <\/span><a href=\"https:\/\/www.zonacaral.gob.pe\/ruta-caral\/MC-vegueta.html\"><span style=\"font-weight: 400;\">V\u00e9gueta<\/span><\/a><span style=\"font-weight: 400;\">, administrados por los municipios del mismo nombre. En ellos se encuentran los hallazgos m\u00e1s destacados y representativos de los doce centros urbanos de la Civilizaci\u00f3n Caral, investigados por la <\/span><a href=\"https:\/\/www.youtube.com\/watch?reload=9&amp;v=FzT9L3x61BY\"><span style=\"font-weight: 400;\">doctora Ruth Shady<\/span><\/a><span style=\"font-weight: 400;\">.<\/span><\/p>\n<p><span style=\"font-weight: 400;\">En las provincias de Barranca y Huaura se encuentran tambi\u00e9n otros atractivos tur\u00edsticos como sus playas, espacios culturales y naturales en los que se puede disfrutar con la familia y amigos.<\/span><\/p>\n<p><span style=\"font-weight: 400;\">Cabe se\u00f1alar que estas provincias tambi\u00e9n cuentan con lugares de recreaci\u00f3n y servicios b\u00e1sicos (hoteles y restaurantes). Su gastronom\u00eda es bien valorada por poseer platos t\u00edpicos como: ceviche y mariscos (con salsa de arnaucho), ceviche de pato al arnaucho, sopa huachana, charquic\u00e1n de anchoveta, chancho al cilindro y al palo, tacu tacu, entre otros.<\/span><\/p>\n<p><b>Viaje cultural a Caral<\/b><\/p>\n<p><span style=\"font-weight: 400;\">Por otro lado, el programa de <\/span><a href=\"https:\/\/www.zonacaral.gob.pe\/ruta-caral\/viajes-culturales.html\"><span style=\"font-weight: 400;\">Viajes Culturales<\/span><\/a><span style=\"font-weight: 400;\"> de la Zona Arqueol\u00f3gica Caral, realizar\u00e1 su primer paseo de octubre, el mi\u00e9rcoles 8. Este d\u00eda estaremos visitando la Ciudad Sagrada de Caral-Supe y \u00c1spero, ciudad pesquera. La ruta te llevar\u00e1 a conocer los inicios civilizatorios y el asentamiento arqueol\u00f3gico que aprovech\u00f3 las bondades del Mar de Grau.<\/span><\/p>\n<p><span style=\"font-weight: 400;\">La partida es desde el Ministerio de Cultura, en San Borja, y el costo del viaje incluye el traslado (ida y vuelta), los boletos de ingreso y el pago al mediador cultural. Tambi\u00e9n, la entrega de material de difusi\u00f3n y el acompa\u00f1amiento durante todo el recorrido de un representante de la instituci\u00f3n. Para m\u00e1s informaci\u00f3n escribe al WhatsApp 955 881 340.<\/span><\/p>\n<p><strong style=\"font-size: inherit; text-align: justify;\">Fuente: Comunicaci\u00f3n e Imagen Institucional ZAC<\/strong><\/p>\n<\/div>\n<div style=\"color: #1f1f1f;\">\n<div style=\"color: #1f1f1f;\">\n<p style=\"text-align: justify;\">Fecha de publicaci\u00f3n: 03\/10\/2025<\/p>\n<\/div>\n<\/div>\n\n\n<p><\/p>\n\n\n\n<p><\/p>\n","protected":false},"excerpt":{"rendered":"<p>No te pierdas esta oportunidad \u00fanica de conocer la historia viva de la primera civilizaci\u00f3n de Am\u00e9rica. \u00a1Viaja a Caral! [&hellip;]<\/p>\n","protected":false},"author":1,"featured_media":18615,"comment_status":"closed","ping_status":"open","sticky":false,"template":"","format":"standard","meta":{"_acf_changed":false,"site-sidebar-layout":"default","site-content-layout":"","ast-site-content-layout":"default","site-content-style":"default","site-sidebar-style":"default","ast-global-header-display":"","ast-banner-title-visibility":"","ast-main-header-display":"","ast-hfb-above-header-display":"","ast-hfb-below-header-display":"","ast-hfb-mobile-header-display":"","site-post-title":"","ast-breadcrumbs-content":"","ast-featured-img":"","footer-sml-layout":"","ast-disable-related-posts":"","theme-transparent-header-meta":"","adv-header-id-meta":"","stick-header-meta":"","header-above-stick-meta":"","header-main-stick-meta":"","header-below-stick-meta":"","astra-migrate-meta-layouts":"default","ast-page-background-enabled":"default","ast-page-background-meta":{"desktop":{"background-color":"var(--ast-global-color-5)","background-image":"","background-repeat":"repeat","background-position":"center center","background-size":"auto","background-attachment":"scroll","background-type":"","background-media":"","overlay-type":"","overlay-color":"","overlay-opacity":"","overlay-gradient":""},"tablet":{"background-color":"","background-image":"","background-repeat":"repeat","background-position":"center center","background-size":"auto","background-attachment":"scroll","background-type":"","background-media":"","overlay-type":"","overlay-color":"","overlay-opacity":"","overlay-gradient":""},"mobile":{"background-color":"","background-image":"","background-repeat":"repeat","background-position":"center center","background-size":"auto","background-attachment":"scroll","background-type":"","background-media":"","overlay-type":"","overlay-color":"","overlay-opacity":"","overlay-gradient":""}},"ast-content-background-meta":{"desktop":{"background-color":"var(--ast-global-color-4)","background-image":"","background-repeat":"repeat","background-position":"center center","background-size":"auto","background-attachment":"scroll","background-type":"","background-media":"","overlay-type":"","overlay-color":"","overlay-opacity":"","overlay-gradient":""},"tablet":{"background-color":"var(--ast-global-color-4)","background-image":"","background-repeat":"repeat","background-position":"center center","background-size":"auto","background-attachment":"scroll","background-type":"","background-media":"","overlay-type":"","overlay-color":"","overlay-opacity":"","overlay-gradient":""},"mobile":{"background-color":"var(--ast-global-color-4)","background-image":"","background-repeat":"repeat","background-position":"center center","background-size":"auto","background-attachment":"scroll","background-type":"","background-media":"","overlay-type":"","overlay-color":"","overlay-opacity":"","overlay-gradient":""}},"footnotes":""},"categories":[208],"tags":[55,72],"class_list":["post-18613","post","type-post","status-publish","format-standard","has-post-thumbnail","hentry","category-noticias","tag-caral","tag-cultura"],"acf":[],"yoast_head":"<!-- This site is optimized with the Yoast SEO plugin v27.3 - https:\/\/yoast.com\/product\/yoast-seo-wordpress\/ -->\n<title>Este domingo ingresa gratis a la Ciudad Sagrada de Caral, \u00c1spero, Vichama y Pe\u00f1ico<\/title>\n<meta name=\"description\" content=\"Este domingo 5 de octubre (primer domingo del mes), la Zona Arqueol\u00f3gica Caral, Unidad Ejecutora 003 del Ministerio de Cultura, te invita a recorrer sin costo los milenarios centros urbanos de la primera civilizaci\u00f3n de Am\u00e9rica: la Ciudad Sagrada de Caral-Supe, declarada Patrimonio Mundial, junto a \u00c1spero, Vichama y Pe\u00f1ico, que forman parte de la Ruta Caral.\" \/>\n<meta name=\"robots\" content=\"index, follow, max-snippet:-1, max-image-preview:large, max-video-preview:-1\" \/>\n<link rel=\"canonical\" href=\"https:\/\/zonacaral.gob.pe\/es\/noticias\/este-domingo-ingresa-gratis-a-la-ciudad-sagrada-de-caral-aspero-vichama-y-penico\/\" \/>\n<meta property=\"og:locale\" content=\"es_ES\" \/>\n<meta property=\"og:type\" content=\"article\" \/>\n<meta property=\"og:title\" content=\"Este domingo ingresa gratis a la Ciudad Sagrada de Caral, \u00c1spero, Vichama y Pe\u00f1ico\" \/>\n<meta property=\"og:description\" content=\"Este domingo 5 de octubre (primer domingo del mes), la Zona Arqueol\u00f3gica Caral, Unidad Ejecutora 003 del Ministerio de Cultura, te invita a recorrer sin costo los milenarios centros urbanos de la primera civilizaci\u00f3n de Am\u00e9rica: la Ciudad Sagrada de Caral-Supe, declarada Patrimonio Mundial, junto a \u00c1spero, Vichama y Pe\u00f1ico, que forman parte de la Ruta Caral.\" \/>\n<meta property=\"og:url\" content=\"https:\/\/zonacaral.gob.pe\/es\/noticias\/este-domingo-ingresa-gratis-a-la-ciudad-sagrada-de-caral-aspero-vichama-y-penico\/\" \/>\n<meta property=\"og:site_name\" content=\"Zona Caral\" \/>\n<meta property=\"article:published_time\" content=\"2025-10-03T21:06:24+00:00\" \/>\n<meta property=\"og:image\" content=\"https:\/\/zonacaral.gob.pe\/wp-content\/uploads\/2025\/10\/ingreso-libre.jpg\" \/>\n\t<meta property=\"og:image:width\" content=\"1920\" \/>\n\t<meta property=\"og:image:height\" content=\"1080\" \/>\n\t<meta property=\"og:image:type\" content=\"image\/jpeg\" \/>\n<meta name=\"author\" content=\"Zona Caral Administrador\" \/>\n<meta name=\"twitter:card\" content=\"summary_large_image\" \/>\n<meta name=\"twitter:label1\" content=\"Written by\" \/>\n\t<meta name=\"twitter:data1\" content=\"Zona Caral Administrador\" \/>\n\t<meta name=\"twitter:label2\" content=\"Est. reading time\" \/>\n\t<meta name=\"twitter:data2\" content=\"2 minutos\" \/>\n<script type=\"application\/ld+json\" class=\"yoast-schema-graph\">{\"@context\":\"https:\\\/\\\/schema.org\",\"@graph\":[{\"@type\":\"Article\",\"@id\":\"https:\\\/\\\/zonacaral.gob.pe\\\/es\\\/noticias\\\/este-domingo-ingresa-gratis-a-la-ciudad-sagrada-de-caral-aspero-vichama-y-penico\\\/#article\",\"isPartOf\":{\"@id\":\"https:\\\/\\\/zonacaral.gob.pe\\\/es\\\/noticias\\\/este-domingo-ingresa-gratis-a-la-ciudad-sagrada-de-caral-aspero-vichama-y-penico\\\/\"},\"author\":{\"name\":\"Zona Caral Administrador\",\"@id\":\"https:\\\/\\\/zonacaral.gob.pe\\\/es\\\/#\\\/schema\\\/person\\\/beddb4d22f71a7230c5b90913270a0ee\"},\"headline\":\"Este domingo ingresa gratis a la Ciudad Sagrada de Caral, \u00c1spero, Vichama y Pe\u00f1ico\",\"datePublished\":\"2025-10-03T21:06:24+00:00\",\"mainEntityOfPage\":{\"@id\":\"https:\\\/\\\/zonacaral.gob.pe\\\/es\\\/noticias\\\/este-domingo-ingresa-gratis-a-la-ciudad-sagrada-de-caral-aspero-vichama-y-penico\\\/\"},\"wordCount\":456,\"image\":{\"@id\":\"https:\\\/\\\/zonacaral.gob.pe\\\/es\\\/noticias\\\/este-domingo-ingresa-gratis-a-la-ciudad-sagrada-de-caral-aspero-vichama-y-penico\\\/#primaryimage\"},\"thumbnailUrl\":\"https:\\\/\\\/zonacaral.gob.pe\\\/wp-content\\\/uploads\\\/2025\\\/10\\\/ingreso-libre.jpg\",\"keywords\":[\"caral\",\"Cultura\"],\"articleSection\":[\"noticias\"],\"inLanguage\":\"es-PE\"},{\"@type\":\"WebPage\",\"@id\":\"https:\\\/\\\/zonacaral.gob.pe\\\/es\\\/noticias\\\/este-domingo-ingresa-gratis-a-la-ciudad-sagrada-de-caral-aspero-vichama-y-penico\\\/\",\"url\":\"https:\\\/\\\/zonacaral.gob.pe\\\/es\\\/noticias\\\/este-domingo-ingresa-gratis-a-la-ciudad-sagrada-de-caral-aspero-vichama-y-penico\\\/\",\"name\":\"Este domingo ingresa gratis a la Ciudad Sagrada de Caral, \u00c1spero, Vichama y Pe\u00f1ico\",\"isPartOf\":{\"@id\":\"https:\\\/\\\/zonacaral.gob.pe\\\/es\\\/#website\"},\"primaryImageOfPage\":{\"@id\":\"https:\\\/\\\/zonacaral.gob.pe\\\/es\\\/noticias\\\/este-domingo-ingresa-gratis-a-la-ciudad-sagrada-de-caral-aspero-vichama-y-penico\\\/#primaryimage\"},\"image\":{\"@id\":\"https:\\\/\\\/zonacaral.gob.pe\\\/es\\\/noticias\\\/este-domingo-ingresa-gratis-a-la-ciudad-sagrada-de-caral-aspero-vichama-y-penico\\\/#primaryimage\"},\"thumbnailUrl\":\"https:\\\/\\\/zonacaral.gob.pe\\\/wp-content\\\/uploads\\\/2025\\\/10\\\/ingreso-libre.jpg\",\"datePublished\":\"2025-10-03T21:06:24+00:00\",\"author\":{\"@id\":\"https:\\\/\\\/zonacaral.gob.pe\\\/es\\\/#\\\/schema\\\/person\\\/beddb4d22f71a7230c5b90913270a0ee\"},\"description\":\"Este domingo 5 de octubre (primer domingo del mes), la Zona Arqueol\u00f3gica Caral, Unidad Ejecutora 003 del Ministerio de Cultura, te invita a recorrer sin costo los milenarios centros urbanos de la primera civilizaci\u00f3n de Am\u00e9rica: la Ciudad Sagrada de Caral-Supe, declarada Patrimonio Mundial, junto a \u00c1spero, Vichama y Pe\u00f1ico, que forman parte de la Ruta Caral.\",\"breadcrumb\":{\"@id\":\"https:\\\/\\\/zonacaral.gob.pe\\\/es\\\/noticias\\\/este-domingo-ingresa-gratis-a-la-ciudad-sagrada-de-caral-aspero-vichama-y-penico\\\/#breadcrumb\"},\"inLanguage\":\"es-PE\",\"potentialAction\":[{\"@type\":\"ReadAction\",\"target\":[\"https:\\\/\\\/zonacaral.gob.pe\\\/es\\\/noticias\\\/este-domingo-ingresa-gratis-a-la-ciudad-sagrada-de-caral-aspero-vichama-y-penico\\\/\"]}]},{\"@type\":\"ImageObject\",\"inLanguage\":\"es-PE\",\"@id\":\"https:\\\/\\\/zonacaral.gob.pe\\\/es\\\/noticias\\\/este-domingo-ingresa-gratis-a-la-ciudad-sagrada-de-caral-aspero-vichama-y-penico\\\/#primaryimage\",\"url\":\"https:\\\/\\\/zonacaral.gob.pe\\\/wp-content\\\/uploads\\\/2025\\\/10\\\/ingreso-libre.jpg\",\"contentUrl\":\"https:\\\/\\\/zonacaral.gob.pe\\\/wp-content\\\/uploads\\\/2025\\\/10\\\/ingreso-libre.jpg\",\"width\":1920,\"height\":1080},{\"@type\":\"BreadcrumbList\",\"@id\":\"https:\\\/\\\/zonacaral.gob.pe\\\/es\\\/noticias\\\/este-domingo-ingresa-gratis-a-la-ciudad-sagrada-de-caral-aspero-vichama-y-penico\\\/#breadcrumb\",\"itemListElement\":[{\"@type\":\"ListItem\",\"position\":1,\"name\":\"Portada\",\"item\":\"https:\\\/\\\/zonacaral.gob.pe\\\/\"},{\"@type\":\"ListItem\",\"position\":2,\"name\":\"Este domingo ingresa gratis a la Ciudad Sagrada de Caral, \u00c1spero, Vichama y Pe\u00f1ico\"}]},{\"@type\":\"WebSite\",\"@id\":\"https:\\\/\\\/zonacaral.gob.pe\\\/es\\\/#website\",\"url\":\"https:\\\/\\\/zonacaral.gob.pe\\\/es\\\/\",\"name\":\"Zona Caral\",\"description\":\"Investigamos, conservamos y difundimos el patrimonio cultural de la Civilizaci\u00f3n Caral, la m\u00e1s antigua de Am\u00e9rica.\",\"potentialAction\":[{\"@type\":\"SearchAction\",\"target\":{\"@type\":\"EntryPoint\",\"urlTemplate\":\"https:\\\/\\\/zonacaral.gob.pe\\\/es\\\/?s={search_term_string}\"},\"query-input\":{\"@type\":\"PropertyValueSpecification\",\"valueRequired\":true,\"valueName\":\"search_term_string\"}}],\"inLanguage\":\"es-PE\"},{\"@type\":\"Person\",\"@id\":\"https:\\\/\\\/zonacaral.gob.pe\\\/es\\\/#\\\/schema\\\/person\\\/beddb4d22f71a7230c5b90913270a0ee\",\"name\":\"Zona Caral Administrador\",\"image\":{\"@type\":\"ImageObject\",\"inLanguage\":\"es-PE\",\"@id\":\"https:\\\/\\\/secure.gravatar.com\\\/avatar\\\/e4be162918a696358376de6446614e0f0f4062bdc5d170d6d540ada3d8b58c12?s=96&d=mm&r=g\",\"url\":\"https:\\\/\\\/secure.gravatar.com\\\/avatar\\\/e4be162918a696358376de6446614e0f0f4062bdc5d170d6d540ada3d8b58c12?s=96&d=mm&r=g\",\"contentUrl\":\"https:\\\/\\\/secure.gravatar.com\\\/avatar\\\/e4be162918a696358376de6446614e0f0f4062bdc5d170d6d540ada3d8b58c12?s=96&d=mm&r=g\",\"caption\":\"Zona Caral Administrador\"},\"sameAs\":[\"https:\\\/\\\/zonacaral.gob.pe\"],\"url\":\"https:\\\/\\\/zonacaral.gob.pe\\\/es\\\/noticias\\\/author\\\/ad_zonacaral\\\/\"}]}<\/script>\n<!-- \/ Yoast SEO plugin. -->","yoast_head_json":{"title":"Este domingo ingresa gratis a la Ciudad Sagrada de Caral, \u00c1spero, Vichama y Pe\u00f1ico","description":"Este domingo 5 de octubre (primer domingo del mes), la Zona Arqueol\u00f3gica Caral, Unidad Ejecutora 003 del Ministerio de Cultura, te invita a recorrer sin costo los milenarios centros urbanos de la primera civilizaci\u00f3n de Am\u00e9rica: la Ciudad Sagrada de Caral-Supe, declarada Patrimonio Mundial, junto a \u00c1spero, Vichama y Pe\u00f1ico, que forman parte de la Ruta Caral.","robots":{"index":"index","follow":"follow","max-snippet":"max-snippet:-1","max-image-preview":"max-image-preview:large","max-video-preview":"max-video-preview:-1"},"canonical":"https:\/\/zonacaral.gob.pe\/es\/noticias\/este-domingo-ingresa-gratis-a-la-ciudad-sagrada-de-caral-aspero-vichama-y-penico\/","og_locale":"es_ES","og_type":"article","og_title":"Este domingo ingresa gratis a la Ciudad Sagrada de Caral, \u00c1spero, Vichama y Pe\u00f1ico","og_description":"Este domingo 5 de octubre (primer domingo del mes), la Zona Arqueol\u00f3gica Caral, Unidad Ejecutora 003 del Ministerio de Cultura, te invita a recorrer sin costo los milenarios centros urbanos de la primera civilizaci\u00f3n de Am\u00e9rica: la Ciudad Sagrada de Caral-Supe, declarada Patrimonio Mundial, junto a \u00c1spero, Vichama y Pe\u00f1ico, que forman parte de la Ruta Caral.","og_url":"https:\/\/zonacaral.gob.pe\/es\/noticias\/este-domingo-ingresa-gratis-a-la-ciudad-sagrada-de-caral-aspero-vichama-y-penico\/","og_site_name":"Zona Caral","article_published_time":"2025-10-03T21:06:24+00:00","og_image":[{"width":1920,"height":1080,"url":"https:\/\/zonacaral.gob.pe\/wp-content\/uploads\/2025\/10\/ingreso-libre.jpg","type":"image\/jpeg"}],"author":"Zona Caral Administrador","twitter_card":"summary_large_image","twitter_misc":{"Written by":"Zona Caral Administrador","Est. reading time":"2 minutos"},"schema":{"@context":"https:\/\/schema.org","@graph":[{"@type":"Article","@id":"https:\/\/zonacaral.gob.pe\/es\/noticias\/este-domingo-ingresa-gratis-a-la-ciudad-sagrada-de-caral-aspero-vichama-y-penico\/#article","isPartOf":{"@id":"https:\/\/zonacaral.gob.pe\/es\/noticias\/este-domingo-ingresa-gratis-a-la-ciudad-sagrada-de-caral-aspero-vichama-y-penico\/"},"author":{"name":"Zona Caral Administrador","@id":"https:\/\/zonacaral.gob.pe\/es\/#\/schema\/person\/beddb4d22f71a7230c5b90913270a0ee"},"headline":"Este domingo ingresa gratis a la Ciudad Sagrada de Caral, \u00c1spero, Vichama y Pe\u00f1ico","datePublished":"2025-10-03T21:06:24+00:00","mainEntityOfPage":{"@id":"https:\/\/zonacaral.gob.pe\/es\/noticias\/este-domingo-ingresa-gratis-a-la-ciudad-sagrada-de-caral-aspero-vichama-y-penico\/"},"wordCount":456,"image":{"@id":"https:\/\/zonacaral.gob.pe\/es\/noticias\/este-domingo-ingresa-gratis-a-la-ciudad-sagrada-de-caral-aspero-vichama-y-penico\/#primaryimage"},"thumbnailUrl":"https:\/\/zonacaral.gob.pe\/wp-content\/uploads\/2025\/10\/ingreso-libre.jpg","keywords":["caral","Cultura"],"articleSection":["noticias"],"inLanguage":"es-PE"},{"@type":"WebPage","@id":"https:\/\/zonacaral.gob.pe\/es\/noticias\/este-domingo-ingresa-gratis-a-la-ciudad-sagrada-de-caral-aspero-vichama-y-penico\/","url":"https:\/\/zonacaral.gob.pe\/es\/noticias\/este-domingo-ingresa-gratis-a-la-ciudad-sagrada-de-caral-aspero-vichama-y-penico\/","name":"Este domingo ingresa gratis a la Ciudad Sagrada de Caral, \u00c1spero, Vichama y Pe\u00f1ico","isPartOf":{"@id":"https:\/\/zonacaral.gob.pe\/es\/#website"},"primaryImageOfPage":{"@id":"https:\/\/zonacaral.gob.pe\/es\/noticias\/este-domingo-ingresa-gratis-a-la-ciudad-sagrada-de-caral-aspero-vichama-y-penico\/#primaryimage"},"image":{"@id":"https:\/\/zonacaral.gob.pe\/es\/noticias\/este-domingo-ingresa-gratis-a-la-ciudad-sagrada-de-caral-aspero-vichama-y-penico\/#primaryimage"},"thumbnailUrl":"https:\/\/zonacaral.gob.pe\/wp-content\/uploads\/2025\/10\/ingreso-libre.jpg","datePublished":"2025-10-03T21:06:24+00:00","author":{"@id":"https:\/\/zonacaral.gob.pe\/es\/#\/schema\/person\/beddb4d22f71a7230c5b90913270a0ee"},"description":"Este domingo 5 de octubre (primer domingo del mes), la Zona Arqueol\u00f3gica Caral, Unidad Ejecutora 003 del Ministerio de Cultura, te invita a recorrer sin costo los milenarios centros urbanos de la primera civilizaci\u00f3n de Am\u00e9rica: la Ciudad Sagrada de Caral-Supe, declarada Patrimonio Mundial, junto a \u00c1spero, Vichama y Pe\u00f1ico, que forman parte de la Ruta Caral.","breadcrumb":{"@id":"https:\/\/zonacaral.gob.pe\/es\/noticias\/este-domingo-ingresa-gratis-a-la-ciudad-sagrada-de-caral-aspero-vichama-y-penico\/#breadcrumb"},"inLanguage":"es-PE","potentialAction":[{"@type":"ReadAction","target":["https:\/\/zonacaral.gob.pe\/es\/noticias\/este-domingo-ingresa-gratis-a-la-ciudad-sagrada-de-caral-aspero-vichama-y-penico\/"]}]},{"@type":"ImageObject","inLanguage":"es-PE","@id":"https:\/\/zonacaral.gob.pe\/es\/noticias\/este-domingo-ingresa-gratis-a-la-ciudad-sagrada-de-caral-aspero-vichama-y-penico\/#primaryimage","url":"https:\/\/zonacaral.gob.pe\/wp-content\/uploads\/2025\/10\/ingreso-libre.jpg","contentUrl":"https:\/\/zonacaral.gob.pe\/wp-content\/uploads\/2025\/10\/ingreso-libre.jpg","width":1920,"height":1080},{"@type":"BreadcrumbList","@id":"https:\/\/zonacaral.gob.pe\/es\/noticias\/este-domingo-ingresa-gratis-a-la-ciudad-sagrada-de-caral-aspero-vichama-y-penico\/#breadcrumb","itemListElement":[{"@type":"ListItem","position":1,"name":"Portada","item":"https:\/\/zonacaral.gob.pe\/"},{"@type":"ListItem","position":2,"name":"Este domingo ingresa gratis a la Ciudad Sagrada de Caral, \u00c1spero, Vichama y Pe\u00f1ico"}]},{"@type":"WebSite","@id":"https:\/\/zonacaral.gob.pe\/es\/#website","url":"https:\/\/zonacaral.gob.pe\/es\/","name":"Zona Caral","description":"Investigamos, conservamos y difundimos el patrimonio cultural de la Civilizaci\u00f3n Caral, la m\u00e1s antigua de Am\u00e9rica.","potentialAction":[{"@type":"SearchAction","target":{"@type":"EntryPoint","urlTemplate":"https:\/\/zonacaral.gob.pe\/es\/?s={search_term_string}"},"query-input":{"@type":"PropertyValueSpecification","valueRequired":true,"valueName":"search_term_string"}}],"inLanguage":"es-PE"},{"@type":"Person","@id":"https:\/\/zonacaral.gob.pe\/es\/#\/schema\/person\/beddb4d22f71a7230c5b90913270a0ee","name":"Zona Caral Administrador","image":{"@type":"ImageObject","inLanguage":"es-PE","@id":"https:\/\/secure.gravatar.com\/avatar\/e4be162918a696358376de6446614e0f0f4062bdc5d170d6d540ada3d8b58c12?s=96&d=mm&r=g","url":"https:\/\/secure.gravatar.com\/avatar\/e4be162918a696358376de6446614e0f0f4062bdc5d170d6d540ada3d8b58c12?s=96&d=mm&r=g","contentUrl":"https:\/\/secure.gravatar.com\/avatar\/e4be162918a696358376de6446614e0f0f4062bdc5d170d6d540ada3d8b58c12?s=96&d=mm&r=g","caption":"Zona Caral Administrador"},"sameAs":["https:\/\/zonacaral.gob.pe"],"url":"https:\/\/zonacaral.gob.pe\/es\/noticias\/author\/ad_zonacaral\/"}]}},"_links":{"self":[{"href":"https:\/\/zonacaral.gob.pe\/es\/wp-json\/wp\/v2\/posts\/18613","targetHints":{"allow":["GET"]}}],"collection":[{"href":"https:\/\/zonacaral.gob.pe\/es\/wp-json\/wp\/v2\/posts"}],"about":[{"href":"https:\/\/zonacaral.gob.pe\/es\/wp-json\/wp\/v2\/types\/post"}],"author":[{"embeddable":true,"href":"https:\/\/zonacaral.gob.pe\/es\/wp-json\/wp\/v2\/users\/1"}],"replies":[{"embeddable":true,"href":"https:\/\/zonacaral.gob.pe\/es\/wp-json\/wp\/v2\/comments?post=18613"}],"version-history":[{"count":0,"href":"https:\/\/zonacaral.gob.pe\/es\/wp-json\/wp\/v2\/posts\/18613\/revisions"}],"wp:featuredmedia":[{"embeddable":true,"href":"https:\/\/zonacaral.gob.pe\/es\/wp-json\/wp\/v2\/media\/18615"}],"wp:attachment":[{"href":"https:\/\/zonacaral.gob.pe\/es\/wp-json\/wp\/v2\/media?parent=18613"}],"wp:term":[{"taxonomy":"category","embeddable":true,"href":"https:\/\/zonacaral.gob.pe\/es\/wp-json\/wp\/v2\/categories?post=18613"},{"taxonomy":"post_tag","embeddable":true,"href":"https:\/\/zonacaral.gob.pe\/es\/wp-json\/wp\/v2\/tags?post=18613"}],"curies":[{"name":"wp","href":"https:\/\/api.w.org\/{rel}","templated":true}]}}