{"id":18620,"date":"2025-10-07T14:18:40","date_gmt":"2025-10-07T19:18:40","guid":{"rendered":"https:\/\/www.zonacaral.gob.pe\/?p=18620"},"modified":"2025-10-07T14:18:40","modified_gmt":"2025-10-07T19:18:40","slug":"vive-la-magia-del-caral-raymi-2025-con-viajes-culturales","status":"publish","type":"post","link":"https:\/\/zonacaral.gob.pe\/es\/noticias\/vive-la-magia-del-caral-raymi-2025-con-viajes-culturales\/","title":{"rendered":"Vive la magia del CARAL RAYMI 2025 con Viajes Culturales"},"content":{"rendered":"<figure class=\"pic-autor\" style=\"color: #4d4d4d; text-align: justify;\"><\/figure>\n<div class=\"gmail_default\" style=\"text-align: justify;\">\n<blockquote>\n<p><em><span style=\"font-weight: 400;\">Celebra el patrimonio cultural que nos une.<\/span><\/em><\/p>\n<\/blockquote>\n<p><span style=\"font-weight: 400;\">El programa Viajes Culturales de la <\/span><a href=\"https:\/\/www.instagram.com\/caralperu\/?hl=es\"><span style=\"font-weight: 400;\">Zona Arqueol\u00f3gica Caral<\/span><\/a><span style=\"font-weight: 400;\"> (ZAC), Unidad Ejecutora 003 del Ministerio de Cultura, te lleva al valle de Supe a vivir la magia del Caral Raymi 2025, los d\u00edas 24 y 25 de octubre, fiesta tradicional andina que se realiza para conmemorar el 31.\u00b0 aniversario del inicio de la puesta en valor de la Ciudad Sagrada de Caral-Supe, principal centro urbano de la civilizaci\u00f3n m\u00e1s antigua de Am\u00e9rica y Patrimonio Mundial.<\/span><\/p>\n<p><span style=\"font-weight: 400;\">Los participantes de este viaje tendr\u00e1n la oportunidad exclusiva de acompa\u00f1ar a la doctora Ruth Shady Sol\u00eds, directora de la ZAC y principal investigadora de la Civilizaci\u00f3n Caral, en su recorrido por la milenaria ciudad de Caral que se iluminar\u00e1 el viernes 24, por \u00fanica vez en el a\u00f1o.<\/span><\/p>\n<p><span style=\"font-weight: 400;\">Tambi\u00e9n presenciar\u00e1n la ancestral ceremonia de Pago a la Pachamama, que se realizar\u00e1 en agradecimiento por todos los bienes recibidos, provenientes de la tierra. Como s\u00edmbolo de reciprocidad se depositan, en torno al \u201caltar del fuego\u201d, ofrendas de productos procedentes del mar, de las tierras del valle, de la sierra, del altiplano y de la Amazon\u00eda.<\/span><\/p>\n<p><span style=\"font-weight: 400;\">Al siguiente d\u00eda, podr\u00e1s recorrer el asentamiento arqueol\u00f3gico para conocer su valor hist\u00f3rico y cultural. Adem\u00e1s, de participar en el festival art\u00edstico, en la feria&nbsp; artesanal y agropecuaria, y disfrutar de todas las bondades que este Patrimonio Mundial ofrece a los visitantes, como su <\/span><b>\u201cT\u00fanel de la Ciencia\u201d y Centro de Interpretaci\u00f3n.<\/b><\/p>\n<p><b>Descubre Pe\u00f1ico&nbsp;&nbsp;&nbsp;&nbsp;&nbsp;&nbsp;&nbsp;&nbsp;&nbsp;&nbsp;<\/b><\/p>\n<p><span style=\"font-weight: 400;\">En este recorrido, el programa Viajes Culturales te llevar\u00e1 a conocer el sitio arqueol\u00f3gico de Pe\u00f1ico, la ciudad de la integraci\u00f3n social, recientemente abierto a visitantes. All\u00ed podr\u00e1s apreciar la extraordinaria capacidad humana para adaptarse al entorno y continuar la construcci\u00f3n de importantes edificios monumentales siguiendo la tradici\u00f3n arquitect\u00f3nica de la Civilizaci\u00f3n Caral.&nbsp;<\/span><\/p>\n<p><b>Otros viajes culturales<\/b><\/p>\n<p><b>8 de octubre: \u00abCiudad Sagrada de Caral-Supe y \u00c1spero: un encuentro con la civilizaci\u00f3n milenaria\u00bb<\/b><\/p>\n<p><span style=\"font-weight: 400;\">Conoce el estrecho v\u00ednculo de estas dos ciudades, construidas hace cinco mil a\u00f1os, y c\u00f3mo se beneficiaron del Mar de Grau.\/<\/span><\/p>\n<p><b>12 de octubre:<\/b><span style=\"font-weight: 400;\"> \u201c<\/span><b>Pe\u00f1ico y el legado cultural de Caral\u00bb<\/b><\/p>\n<p><span style=\"font-weight: 400;\">Acomp\u00e1\u00f1anos a visitar Pe\u00f1ico, un sitio arqueol\u00f3gico recientemente abierto al p\u00fablico, y la Ciudad Sagrada de Caral-Supe, el principal centro urbano de la civilizaci\u00f3n m\u00e1s antigua de Am\u00e9rica.<\/span><\/p>\n<p><span style=\"font-weight: 400;\">Para m\u00e1s informaci\u00f3n comun\u00edcate al 955 881 340 o inscr\u00edbete en el siguiente formulario:&nbsp; <\/span><a href=\"https:\/\/forms.gle\/hUxtHrc9ZBMrifRh7\"><span style=\"font-weight: 400;\">ViajesCulturalesPorLaRutaCARAL<\/span><\/a><\/p>\n<p><strong style=\"font-size: inherit; text-align: justify;\">Fuente: Comunicaci\u00f3n e Imagen Institucional ZAC<\/strong><\/p>\n<\/div>\n<div style=\"color: #1f1f1f;\">\n<div style=\"color: #1f1f1f;\">\n<p style=\"text-align: justify;\">Fecha de publicaci\u00f3n: 07\/10\/2025<\/p>\n<\/div>\n<\/div>\n\n\n<p><\/p>\n\n\n\n<p><\/p>\n","protected":false},"excerpt":{"rendered":"<p>Celebra el patrimonio cultural que nos une. El programa Viajes Culturales de la Zona Arqueol\u00f3gica Caral (ZAC), Unidad Ejecutora 003 [&hellip;]<\/p>\n","protected":false},"author":1,"featured_media":18622,"comment_status":"closed","ping_status":"open","sticky":false,"template":"","format":"standard","meta":{"_acf_changed":false,"site-sidebar-layout":"default","site-content-layout":"","ast-site-content-layout":"default","site-content-style":"default","site-sidebar-style":"default","ast-global-header-display":"","ast-banner-title-visibility":"","ast-main-header-display":"","ast-hfb-above-header-display":"","ast-hfb-below-header-display":"","ast-hfb-mobile-header-display":"","site-post-title":"","ast-breadcrumbs-content":"","ast-featured-img":"","footer-sml-layout":"","ast-disable-related-posts":"","theme-transparent-header-meta":"","adv-header-id-meta":"","stick-header-meta":"","header-above-stick-meta":"","header-main-stick-meta":"","header-below-stick-meta":"","astra-migrate-meta-layouts":"default","ast-page-background-enabled":"default","ast-page-background-meta":{"desktop":{"background-color":"var(--ast-global-color-5)","background-image":"","background-repeat":"repeat","background-position":"center center","background-size":"auto","background-attachment":"scroll","background-type":"","background-media":"","overlay-type":"","overlay-color":"","overlay-opacity":"","overlay-gradient":""},"tablet":{"background-color":"","background-image":"","background-repeat":"repeat","background-position":"center center","background-size":"auto","background-attachment":"scroll","background-type":"","background-media":"","overlay-type":"","overlay-color":"","overlay-opacity":"","overlay-gradient":""},"mobile":{"background-color":"","background-image":"","background-repeat":"repeat","background-position":"center center","background-size":"auto","background-attachment":"scroll","background-type":"","background-media":"","overlay-type":"","overlay-color":"","overlay-opacity":"","overlay-gradient":""}},"ast-content-background-meta":{"desktop":{"background-color":"var(--ast-global-color-4)","background-image":"","background-repeat":"repeat","background-position":"center center","background-size":"auto","background-attachment":"scroll","background-type":"","background-media":"","overlay-type":"","overlay-color":"","overlay-opacity":"","overlay-gradient":""},"tablet":{"background-color":"var(--ast-global-color-4)","background-image":"","background-repeat":"repeat","background-position":"center center","background-size":"auto","background-attachment":"scroll","background-type":"","background-media":"","overlay-type":"","overlay-color":"","overlay-opacity":"","overlay-gradient":""},"mobile":{"background-color":"var(--ast-global-color-4)","background-image":"","background-repeat":"repeat","background-position":"center center","background-size":"auto","background-attachment":"scroll","background-type":"","background-media":"","overlay-type":"","overlay-color":"","overlay-opacity":"","overlay-gradient":""}},"footnotes":""},"categories":[208],"tags":[55,72],"class_list":["post-18620","post","type-post","status-publish","format-standard","has-post-thumbnail","hentry","category-noticias","tag-caral","tag-cultura"],"acf":[],"yoast_head":"<!-- This site is optimized with the Yoast SEO plugin v27.3 - https:\/\/yoast.com\/product\/yoast-seo-wordpress\/ -->\n<title>Vive la magia del CARAL RAYMI 2025 con Viajes Culturales<\/title>\n<meta name=\"description\" content=\"El programa Viajes Culturales de la Zona Arqueol\u00f3gica Caral (ZAC), Unidad Ejecutora 003 del Ministerio de Cultura, te lleva al valle de Supe a vivir la magia del Caral Raymi 2025, los d\u00edas 24 y 25 de octubre, fiesta tradicional andina que se realiza para conmemorar el 31.\u00b0 aniversario del inicio de la puesta en valor integral de la Ciudad Sagrada de Caral-Supe, el principal centro urbano de la civilizaci\u00f3n m\u00e1s antigua de Am\u00e9rica y, desde 2009, Patrimonio Mundial.\" \/>\n<meta name=\"robots\" content=\"index, follow, max-snippet:-1, max-image-preview:large, max-video-preview:-1\" \/>\n<link rel=\"canonical\" href=\"https:\/\/zonacaral.gob.pe\/es\/noticias\/vive-la-magia-del-caral-raymi-2025-con-viajes-culturales\/\" \/>\n<meta property=\"og:locale\" content=\"es_ES\" \/>\n<meta property=\"og:type\" content=\"article\" \/>\n<meta property=\"og:title\" content=\"Vive la magia del CARAL RAYMI 2025 con Viajes Culturales\" \/>\n<meta property=\"og:description\" content=\"El programa Viajes Culturales de la Zona Arqueol\u00f3gica Caral (ZAC), Unidad Ejecutora 003 del Ministerio de Cultura, te lleva al valle de Supe a vivir la magia del Caral Raymi 2025, los d\u00edas 24 y 25 de octubre, fiesta tradicional andina que se realiza para conmemorar el 31.\u00b0 aniversario del inicio de la puesta en valor integral de la Ciudad Sagrada de Caral-Supe, el principal centro urbano de la civilizaci\u00f3n m\u00e1s antigua de Am\u00e9rica y, desde 2009, Patrimonio Mundial.\" \/>\n<meta property=\"og:url\" content=\"https:\/\/zonacaral.gob.pe\/es\/noticias\/vive-la-magia-del-caral-raymi-2025-con-viajes-culturales\/\" \/>\n<meta property=\"og:site_name\" content=\"Zona Caral\" \/>\n<meta property=\"article:published_time\" content=\"2025-10-07T19:18:40+00:00\" \/>\n<meta property=\"og:image\" content=\"https:\/\/zonacaral.gob.pe\/wp-content\/uploads\/2025\/10\/viajes1.jpg\" \/>\n\t<meta property=\"og:image:width\" content=\"1920\" \/>\n\t<meta property=\"og:image:height\" content=\"1080\" \/>\n\t<meta property=\"og:image:type\" content=\"image\/jpeg\" \/>\n<meta name=\"author\" content=\"Zona Caral Administrador\" \/>\n<meta name=\"twitter:card\" content=\"summary_large_image\" \/>\n<meta name=\"twitter:label1\" content=\"Written by\" \/>\n\t<meta name=\"twitter:data1\" content=\"Zona Caral Administrador\" \/>\n\t<meta name=\"twitter:label2\" content=\"Est. reading time\" \/>\n\t<meta name=\"twitter:data2\" content=\"2 minutos\" \/>\n<script type=\"application\/ld+json\" class=\"yoast-schema-graph\">{\"@context\":\"https:\\\/\\\/schema.org\",\"@graph\":[{\"@type\":\"Article\",\"@id\":\"https:\\\/\\\/zonacaral.gob.pe\\\/es\\\/noticias\\\/vive-la-magia-del-caral-raymi-2025-con-viajes-culturales\\\/#article\",\"isPartOf\":{\"@id\":\"https:\\\/\\\/zonacaral.gob.pe\\\/es\\\/noticias\\\/vive-la-magia-del-caral-raymi-2025-con-viajes-culturales\\\/\"},\"author\":{\"name\":\"Zona Caral Administrador\",\"@id\":\"https:\\\/\\\/zonacaral.gob.pe\\\/es\\\/#\\\/schema\\\/person\\\/beddb4d22f71a7230c5b90913270a0ee\"},\"headline\":\"Vive la magia del CARAL RAYMI 2025 con Viajes Culturales\",\"datePublished\":\"2025-10-07T19:18:40+00:00\",\"mainEntityOfPage\":{\"@id\":\"https:\\\/\\\/zonacaral.gob.pe\\\/es\\\/noticias\\\/vive-la-magia-del-caral-raymi-2025-con-viajes-culturales\\\/\"},\"wordCount\":455,\"image\":{\"@id\":\"https:\\\/\\\/zonacaral.gob.pe\\\/es\\\/noticias\\\/vive-la-magia-del-caral-raymi-2025-con-viajes-culturales\\\/#primaryimage\"},\"thumbnailUrl\":\"https:\\\/\\\/zonacaral.gob.pe\\\/wp-content\\\/uploads\\\/2025\\\/10\\\/viajes1.jpg\",\"keywords\":[\"caral\",\"Cultura\"],\"articleSection\":[\"noticias\"],\"inLanguage\":\"es-PE\"},{\"@type\":\"WebPage\",\"@id\":\"https:\\\/\\\/zonacaral.gob.pe\\\/es\\\/noticias\\\/vive-la-magia-del-caral-raymi-2025-con-viajes-culturales\\\/\",\"url\":\"https:\\\/\\\/zonacaral.gob.pe\\\/es\\\/noticias\\\/vive-la-magia-del-caral-raymi-2025-con-viajes-culturales\\\/\",\"name\":\"Vive la magia del CARAL RAYMI 2025 con Viajes Culturales\",\"isPartOf\":{\"@id\":\"https:\\\/\\\/zonacaral.gob.pe\\\/es\\\/#website\"},\"primaryImageOfPage\":{\"@id\":\"https:\\\/\\\/zonacaral.gob.pe\\\/es\\\/noticias\\\/vive-la-magia-del-caral-raymi-2025-con-viajes-culturales\\\/#primaryimage\"},\"image\":{\"@id\":\"https:\\\/\\\/zonacaral.gob.pe\\\/es\\\/noticias\\\/vive-la-magia-del-caral-raymi-2025-con-viajes-culturales\\\/#primaryimage\"},\"thumbnailUrl\":\"https:\\\/\\\/zonacaral.gob.pe\\\/wp-content\\\/uploads\\\/2025\\\/10\\\/viajes1.jpg\",\"datePublished\":\"2025-10-07T19:18:40+00:00\",\"author\":{\"@id\":\"https:\\\/\\\/zonacaral.gob.pe\\\/es\\\/#\\\/schema\\\/person\\\/beddb4d22f71a7230c5b90913270a0ee\"},\"description\":\"El programa Viajes Culturales de la Zona Arqueol\u00f3gica Caral (ZAC), Unidad Ejecutora 003 del Ministerio de Cultura, te lleva al valle de Supe a vivir la magia del Caral Raymi 2025, los d\u00edas 24 y 25 de octubre, fiesta tradicional andina que se realiza para conmemorar el 31.\u00b0 aniversario del inicio de la puesta en valor integral de la Ciudad Sagrada de Caral-Supe, el principal centro urbano de la civilizaci\u00f3n m\u00e1s antigua de Am\u00e9rica y, desde 2009, Patrimonio Mundial.\",\"breadcrumb\":{\"@id\":\"https:\\\/\\\/zonacaral.gob.pe\\\/es\\\/noticias\\\/vive-la-magia-del-caral-raymi-2025-con-viajes-culturales\\\/#breadcrumb\"},\"inLanguage\":\"es-PE\",\"potentialAction\":[{\"@type\":\"ReadAction\",\"target\":[\"https:\\\/\\\/zonacaral.gob.pe\\\/es\\\/noticias\\\/vive-la-magia-del-caral-raymi-2025-con-viajes-culturales\\\/\"]}]},{\"@type\":\"ImageObject\",\"inLanguage\":\"es-PE\",\"@id\":\"https:\\\/\\\/zonacaral.gob.pe\\\/es\\\/noticias\\\/vive-la-magia-del-caral-raymi-2025-con-viajes-culturales\\\/#primaryimage\",\"url\":\"https:\\\/\\\/zonacaral.gob.pe\\\/wp-content\\\/uploads\\\/2025\\\/10\\\/viajes1.jpg\",\"contentUrl\":\"https:\\\/\\\/zonacaral.gob.pe\\\/wp-content\\\/uploads\\\/2025\\\/10\\\/viajes1.jpg\",\"width\":1920,\"height\":1080},{\"@type\":\"BreadcrumbList\",\"@id\":\"https:\\\/\\\/zonacaral.gob.pe\\\/es\\\/noticias\\\/vive-la-magia-del-caral-raymi-2025-con-viajes-culturales\\\/#breadcrumb\",\"itemListElement\":[{\"@type\":\"ListItem\",\"position\":1,\"name\":\"Portada\",\"item\":\"https:\\\/\\\/zonacaral.gob.pe\\\/\"},{\"@type\":\"ListItem\",\"position\":2,\"name\":\"Vive la magia del CARAL RAYMI 2025 con Viajes Culturales\"}]},{\"@type\":\"WebSite\",\"@id\":\"https:\\\/\\\/zonacaral.gob.pe\\\/es\\\/#website\",\"url\":\"https:\\\/\\\/zonacaral.gob.pe\\\/es\\\/\",\"name\":\"Zona Caral\",\"description\":\"Investigamos, conservamos y difundimos el patrimonio cultural de la Civilizaci\u00f3n Caral, la m\u00e1s antigua de Am\u00e9rica.\",\"potentialAction\":[{\"@type\":\"SearchAction\",\"target\":{\"@type\":\"EntryPoint\",\"urlTemplate\":\"https:\\\/\\\/zonacaral.gob.pe\\\/es\\\/?s={search_term_string}\"},\"query-input\":{\"@type\":\"PropertyValueSpecification\",\"valueRequired\":true,\"valueName\":\"search_term_string\"}}],\"inLanguage\":\"es-PE\"},{\"@type\":\"Person\",\"@id\":\"https:\\\/\\\/zonacaral.gob.pe\\\/es\\\/#\\\/schema\\\/person\\\/beddb4d22f71a7230c5b90913270a0ee\",\"name\":\"Zona Caral Administrador\",\"image\":{\"@type\":\"ImageObject\",\"inLanguage\":\"es-PE\",\"@id\":\"https:\\\/\\\/secure.gravatar.com\\\/avatar\\\/e4be162918a696358376de6446614e0f0f4062bdc5d170d6d540ada3d8b58c12?s=96&d=mm&r=g\",\"url\":\"https:\\\/\\\/secure.gravatar.com\\\/avatar\\\/e4be162918a696358376de6446614e0f0f4062bdc5d170d6d540ada3d8b58c12?s=96&d=mm&r=g\",\"contentUrl\":\"https:\\\/\\\/secure.gravatar.com\\\/avatar\\\/e4be162918a696358376de6446614e0f0f4062bdc5d170d6d540ada3d8b58c12?s=96&d=mm&r=g\",\"caption\":\"Zona Caral Administrador\"},\"sameAs\":[\"https:\\\/\\\/zonacaral.gob.pe\"],\"url\":\"https:\\\/\\\/zonacaral.gob.pe\\\/es\\\/noticias\\\/author\\\/ad_zonacaral\\\/\"}]}<\/script>\n<!-- \/ Yoast SEO plugin. -->","yoast_head_json":{"title":"Vive la magia del CARAL RAYMI 2025 con Viajes Culturales","description":"El programa Viajes Culturales de la Zona Arqueol\u00f3gica Caral (ZAC), Unidad Ejecutora 003 del Ministerio de Cultura, te lleva al valle de Supe a vivir la magia del Caral Raymi 2025, los d\u00edas 24 y 25 de octubre, fiesta tradicional andina que se realiza para conmemorar el 31.\u00b0 aniversario del inicio de la puesta en valor integral de la Ciudad Sagrada de Caral-Supe, el principal centro urbano de la civilizaci\u00f3n m\u00e1s antigua de Am\u00e9rica y, desde 2009, Patrimonio Mundial.","robots":{"index":"index","follow":"follow","max-snippet":"max-snippet:-1","max-image-preview":"max-image-preview:large","max-video-preview":"max-video-preview:-1"},"canonical":"https:\/\/zonacaral.gob.pe\/es\/noticias\/vive-la-magia-del-caral-raymi-2025-con-viajes-culturales\/","og_locale":"es_ES","og_type":"article","og_title":"Vive la magia del CARAL RAYMI 2025 con Viajes Culturales","og_description":"El programa Viajes Culturales de la Zona Arqueol\u00f3gica Caral (ZAC), Unidad Ejecutora 003 del Ministerio de Cultura, te lleva al valle de Supe a vivir la magia del Caral Raymi 2025, los d\u00edas 24 y 25 de octubre, fiesta tradicional andina que se realiza para conmemorar el 31.\u00b0 aniversario del inicio de la puesta en valor integral de la Ciudad Sagrada de Caral-Supe, el principal centro urbano de la civilizaci\u00f3n m\u00e1s antigua de Am\u00e9rica y, desde 2009, Patrimonio Mundial.","og_url":"https:\/\/zonacaral.gob.pe\/es\/noticias\/vive-la-magia-del-caral-raymi-2025-con-viajes-culturales\/","og_site_name":"Zona Caral","article_published_time":"2025-10-07T19:18:40+00:00","og_image":[{"width":1920,"height":1080,"url":"https:\/\/zonacaral.gob.pe\/wp-content\/uploads\/2025\/10\/viajes1.jpg","type":"image\/jpeg"}],"author":"Zona Caral Administrador","twitter_card":"summary_large_image","twitter_misc":{"Written by":"Zona Caral Administrador","Est. reading time":"2 minutos"},"schema":{"@context":"https:\/\/schema.org","@graph":[{"@type":"Article","@id":"https:\/\/zonacaral.gob.pe\/es\/noticias\/vive-la-magia-del-caral-raymi-2025-con-viajes-culturales\/#article","isPartOf":{"@id":"https:\/\/zonacaral.gob.pe\/es\/noticias\/vive-la-magia-del-caral-raymi-2025-con-viajes-culturales\/"},"author":{"name":"Zona Caral Administrador","@id":"https:\/\/zonacaral.gob.pe\/es\/#\/schema\/person\/beddb4d22f71a7230c5b90913270a0ee"},"headline":"Vive la magia del CARAL RAYMI 2025 con Viajes Culturales","datePublished":"2025-10-07T19:18:40+00:00","mainEntityOfPage":{"@id":"https:\/\/zonacaral.gob.pe\/es\/noticias\/vive-la-magia-del-caral-raymi-2025-con-viajes-culturales\/"},"wordCount":455,"image":{"@id":"https:\/\/zonacaral.gob.pe\/es\/noticias\/vive-la-magia-del-caral-raymi-2025-con-viajes-culturales\/#primaryimage"},"thumbnailUrl":"https:\/\/zonacaral.gob.pe\/wp-content\/uploads\/2025\/10\/viajes1.jpg","keywords":["caral","Cultura"],"articleSection":["noticias"],"inLanguage":"es-PE"},{"@type":"WebPage","@id":"https:\/\/zonacaral.gob.pe\/es\/noticias\/vive-la-magia-del-caral-raymi-2025-con-viajes-culturales\/","url":"https:\/\/zonacaral.gob.pe\/es\/noticias\/vive-la-magia-del-caral-raymi-2025-con-viajes-culturales\/","name":"Vive la magia del CARAL RAYMI 2025 con Viajes Culturales","isPartOf":{"@id":"https:\/\/zonacaral.gob.pe\/es\/#website"},"primaryImageOfPage":{"@id":"https:\/\/zonacaral.gob.pe\/es\/noticias\/vive-la-magia-del-caral-raymi-2025-con-viajes-culturales\/#primaryimage"},"image":{"@id":"https:\/\/zonacaral.gob.pe\/es\/noticias\/vive-la-magia-del-caral-raymi-2025-con-viajes-culturales\/#primaryimage"},"thumbnailUrl":"https:\/\/zonacaral.gob.pe\/wp-content\/uploads\/2025\/10\/viajes1.jpg","datePublished":"2025-10-07T19:18:40+00:00","author":{"@id":"https:\/\/zonacaral.gob.pe\/es\/#\/schema\/person\/beddb4d22f71a7230c5b90913270a0ee"},"description":"El programa Viajes Culturales de la Zona Arqueol\u00f3gica Caral (ZAC), Unidad Ejecutora 003 del Ministerio de Cultura, te lleva al valle de Supe a vivir la magia del Caral Raymi 2025, los d\u00edas 24 y 25 de octubre, fiesta tradicional andina que se realiza para conmemorar el 31.\u00b0 aniversario del inicio de la puesta en valor integral de la Ciudad Sagrada de Caral-Supe, el principal centro urbano de la civilizaci\u00f3n m\u00e1s antigua de Am\u00e9rica y, desde 2009, Patrimonio Mundial.","breadcrumb":{"@id":"https:\/\/zonacaral.gob.pe\/es\/noticias\/vive-la-magia-del-caral-raymi-2025-con-viajes-culturales\/#breadcrumb"},"inLanguage":"es-PE","potentialAction":[{"@type":"ReadAction","target":["https:\/\/zonacaral.gob.pe\/es\/noticias\/vive-la-magia-del-caral-raymi-2025-con-viajes-culturales\/"]}]},{"@type":"ImageObject","inLanguage":"es-PE","@id":"https:\/\/zonacaral.gob.pe\/es\/noticias\/vive-la-magia-del-caral-raymi-2025-con-viajes-culturales\/#primaryimage","url":"https:\/\/zonacaral.gob.pe\/wp-content\/uploads\/2025\/10\/viajes1.jpg","contentUrl":"https:\/\/zonacaral.gob.pe\/wp-content\/uploads\/2025\/10\/viajes1.jpg","width":1920,"height":1080},{"@type":"BreadcrumbList","@id":"https:\/\/zonacaral.gob.pe\/es\/noticias\/vive-la-magia-del-caral-raymi-2025-con-viajes-culturales\/#breadcrumb","itemListElement":[{"@type":"ListItem","position":1,"name":"Portada","item":"https:\/\/zonacaral.gob.pe\/"},{"@type":"ListItem","position":2,"name":"Vive la magia del CARAL RAYMI 2025 con Viajes Culturales"}]},{"@type":"WebSite","@id":"https:\/\/zonacaral.gob.pe\/es\/#website","url":"https:\/\/zonacaral.gob.pe\/es\/","name":"Zona Caral","description":"Investigamos, conservamos y difundimos el patrimonio cultural de la Civilizaci\u00f3n Caral, la m\u00e1s antigua de Am\u00e9rica.","potentialAction":[{"@type":"SearchAction","target":{"@type":"EntryPoint","urlTemplate":"https:\/\/zonacaral.gob.pe\/es\/?s={search_term_string}"},"query-input":{"@type":"PropertyValueSpecification","valueRequired":true,"valueName":"search_term_string"}}],"inLanguage":"es-PE"},{"@type":"Person","@id":"https:\/\/zonacaral.gob.pe\/es\/#\/schema\/person\/beddb4d22f71a7230c5b90913270a0ee","name":"Zona Caral Administrador","image":{"@type":"ImageObject","inLanguage":"es-PE","@id":"https:\/\/secure.gravatar.com\/avatar\/e4be162918a696358376de6446614e0f0f4062bdc5d170d6d540ada3d8b58c12?s=96&d=mm&r=g","url":"https:\/\/secure.gravatar.com\/avatar\/e4be162918a696358376de6446614e0f0f4062bdc5d170d6d540ada3d8b58c12?s=96&d=mm&r=g","contentUrl":"https:\/\/secure.gravatar.com\/avatar\/e4be162918a696358376de6446614e0f0f4062bdc5d170d6d540ada3d8b58c12?s=96&d=mm&r=g","caption":"Zona Caral Administrador"},"sameAs":["https:\/\/zonacaral.gob.pe"],"url":"https:\/\/zonacaral.gob.pe\/es\/noticias\/author\/ad_zonacaral\/"}]}},"_links":{"self":[{"href":"https:\/\/zonacaral.gob.pe\/es\/wp-json\/wp\/v2\/posts\/18620","targetHints":{"allow":["GET"]}}],"collection":[{"href":"https:\/\/zonacaral.gob.pe\/es\/wp-json\/wp\/v2\/posts"}],"about":[{"href":"https:\/\/zonacaral.gob.pe\/es\/wp-json\/wp\/v2\/types\/post"}],"author":[{"embeddable":true,"href":"https:\/\/zonacaral.gob.pe\/es\/wp-json\/wp\/v2\/users\/1"}],"replies":[{"embeddable":true,"href":"https:\/\/zonacaral.gob.pe\/es\/wp-json\/wp\/v2\/comments?post=18620"}],"version-history":[{"count":0,"href":"https:\/\/zonacaral.gob.pe\/es\/wp-json\/wp\/v2\/posts\/18620\/revisions"}],"wp:featuredmedia":[{"embeddable":true,"href":"https:\/\/zonacaral.gob.pe\/es\/wp-json\/wp\/v2\/media\/18622"}],"wp:attachment":[{"href":"https:\/\/zonacaral.gob.pe\/es\/wp-json\/wp\/v2\/media?parent=18620"}],"wp:term":[{"taxonomy":"category","embeddable":true,"href":"https:\/\/zonacaral.gob.pe\/es\/wp-json\/wp\/v2\/categories?post=18620"},{"taxonomy":"post_tag","embeddable":true,"href":"https:\/\/zonacaral.gob.pe\/es\/wp-json\/wp\/v2\/tags?post=18620"}],"curies":[{"name":"wp","href":"https:\/\/api.w.org\/{rel}","templated":true}]}}