{"id":18632,"date":"2025-10-17T17:07:24","date_gmt":"2025-10-17T22:07:24","guid":{"rendered":"https:\/\/www.zonacaral.gob.pe\/?p=18632"},"modified":"2025-10-17T17:07:24","modified_gmt":"2025-10-17T22:07:24","slug":"caral-raymi-2025-se-celebrara-el-24-y-25-de-octubre","status":"publish","type":"post","link":"https:\/\/zonacaral.gob.pe\/es\/noticias\/caral-raymi-2025-se-celebrara-el-24-y-25-de-octubre\/","title":{"rendered":"CARAL RAYMI 2025 se celebrar\u00e1 el 24 y 25 de octubre"},"content":{"rendered":"<figure class=\"pic-autor\" style=\"color: #4d4d4d; text-align: justify;\"><\/figure>\n<div class=\"gmail_default\" style=\"text-align: justify;\">\n<blockquote>\n<p><em><span style=\"font-weight: 400;\">La fiesta principal de la cuna de las culturas andinas.<\/span><\/em><\/p>\n<\/blockquote>\n<p><span style=\"font-weight: 400;\">La Ciudad Sagrada de Caral-Supe, Patrimonio Mundial, ubicada en Supe, Barranca, Lima, se prepara para celebrar el Caral Raymi 2025 los d\u00edas viernes 24 y s\u00e1bado 25 de octubre. Este evento, organizado por la Zona Arqueol\u00f3gica Caral, Unidad Ejecutora 003 del Ministerio de Cultura, conmemora el 31 aniversario del inicio de los trabajos de investigaci\u00f3n, conservaci\u00f3n y difusi\u00f3n en este asentamiento y comprende diversas actividades<\/span> <span style=\"font-weight: 400;\">culturales gratuitas.<\/span><\/p>\n<p><span style=\"font-weight: 400;\">Con el objetivo de fortalecer la identidad cultural y la cohesi\u00f3n social, el ingreso al sitio arqueol\u00f3gico ser\u00e1 gratuito para todos los visitantes, nacionales y extranjeros, durante los dos d\u00edas de actividades.<\/span><\/p>\n<p><b>Viernes 24: Caral nocturno<\/b><\/p>\n<p><span style=\"font-weight: 400;\">Los visitantes vivir\u00e1n una experiencia \u00fanica desde las 6:00 p. m., con el inicio del Caral Raymi 2025:<\/span><\/p>\n<ul>\n<li style=\"font-weight: 400;\" aria-level=\"1\"><b>Caral iluminado: <\/b><span style=\"font-weight: 400;\">por \u00fanica vez en el a\u00f1o, se iluminar\u00e1n los principales edificios piramidales del centro urbano.<\/span><\/li>\n<li style=\"font-weight: 400;\" aria-level=\"1\"><b>Ceremonia de reconocimiento a la Pachamama:<\/b><span style=\"font-weight: 400;\"> conducida por la maestra tradicional Alejandrina Ayala, acompa\u00f1ada por las representantes de los pueblos originarios, Bertha Collagua y Gladys Escudero<\/span><span style=\"font-weight: 400;\">, en el Cerro Gozne, con ofrendas simb\u00f3licas en el \u201caltar del fuego\u201d.<\/span><\/li>\n<li style=\"font-weight: 400;\" aria-level=\"1\"><b>Escenificaci\u00f3n: \u201cLa herencia de la Civilizaci\u00f3n Caral: un viaje al origen\u201d, <\/b><span style=\"font-weight: 400;\">a cargo de la poblaci\u00f3n del valle de Supe,<\/span> <span style=\"font-weight: 400;\">bajo la imponente presencia del \u201cSe\u00f1or de Caral\u201d y las autoridades principales de los centros urbanos vecinos.<\/span><\/li>\n<li style=\"font-weight: 400;\" aria-level=\"1\"><b>M\u00fasica y danza:<\/b><span style=\"font-weight: 400;\"> Presentaci\u00f3n de sikuris y danza de integraci\u00f3n alrededor del \u201caltar del fuego\u201d, para finalizar el evento.<\/span><\/li>\n<\/ul>\n<p><b>S\u00e1bado 25: Experiencia Caral<\/b><\/p>\n<p><span style=\"font-weight: 400;\">Continuando con el Caral Raymi, desde las 10:00 a. m. hasta las 3:00 p. m., el p\u00fablico podr\u00e1 recorrer el sitio arqueol\u00f3gico y participar en:<\/span><\/p>\n<ul>\n<li style=\"font-weight: 400;\" aria-level=\"1\"><b>\u201cT\u00fanel de la Ciencia\u201d y Centro de Interpretaci\u00f3n:<\/b><span style=\"font-weight: 400;\"> para conocer los descubrimientos de la civilizaci\u00f3n Caral.<\/span><\/li>\n<li style=\"font-weight: 400;\" aria-level=\"1\"><b>Caral Virtual:<\/b><span style=\"font-weight: 400;\"> recorrido inmersivo en realidad virtual.<\/span><\/li>\n<li style=\"font-weight: 400;\" aria-level=\"1\"><b>Rostros de la identidad: <\/b><span style=\"font-weight: 400;\">actividad para ni\u00f1as y ni\u00f1os con colores y formas inspiradas en la civilizaci\u00f3n Caral.<\/span><\/li>\n<li style=\"font-weight: 400;\" aria-level=\"1\"><b>Catu Caral:<\/b><span style=\"font-weight: 400;\"> feria de productos artesanales y agropecuarios del valle de Supe.<\/span><\/li>\n<li style=\"font-weight: 400;\" aria-level=\"1\"><b>Runa Raymi:<\/b><span style=\"font-weight: 400;\"> festival art\u00edstico desde el mediod\u00eda, en el Centro de Recepci\u00f3n de Visitantes.<\/span><\/li>\n<\/ul>\n<p><span style=\"font-weight: 400;\">Ser\u00e1n dos d\u00edas llenos de actividades que te trasladar\u00e1n en el tiempo, permiti\u00e9ndote vivir una experiencia m\u00edstica, contemplar a Caral de noche, apreciar la monumentalidad de sus edificios piramidales y, en especial, conocer la importante producci\u00f3n de conocimientos en ciencia y tecnolog\u00eda, y los valores de la primera civilizaci\u00f3n de Am\u00e9rica.<\/span><\/p>\n<p><b>INFORMACI\u00d3N IMPORTANTE PARA LA VISITA<\/b><\/p>\n<p><b>C\u00f3mo llegar:<\/b><span style=\"font-weight: 400;\"> El sitio arqueol\u00f3gico se ubica en el km. 184 de la Panamericana Norte, desv\u00edo a Caral (valle de Supe, Barranca). Desde Lima, deben tomarse los buses con destino a Barranca.<\/span><\/p>\n<p><b>Recomendaciones:<\/b><span style=\"font-weight: 400;\"> Sugerimos vestir ropa c\u00f3moda y zapatos para caminar. Para el d\u00eda, traer gorra, bloqueador solar y agua. Para la noche del viernes, debe contarse con un abrigo, ya que la temperatura baja considerablemente.<\/span><\/p>\n<p><b>VIAJES CULTURALES<\/b><\/p>\n<p><span style=\"font-weight: 400;\">Para una experiencia completa en el Caral Raymi, inscr\u00edbete en el programa <\/span><b>Viajes Culturales de la Zona Arqueol\u00f3gica Caral<\/b><span style=\"font-weight: 400;\">, que incluye, adem\u00e1s, la visita a la antigua ciudad de Pe\u00f1ico, recientemente abierta al p\u00fablico.<\/span><\/p>\n<p><b>Informes e inscripciones:<\/b><\/p>\n<p><span style=\"font-weight: 400;\">WhatsApp: <\/span><b>955 881 340<\/b><\/p>\n<p><span style=\"font-weight: 400;\">Formulario en l\u00ednea:<\/span><a href=\"https:\/\/forms.gle\/hUxtHrc9ZBMrifRh7\"> <span style=\"font-weight: 400;\">https:\/\/forms.gle\/hUxtHrc9ZBMrifRh7<\/span><\/a><\/p>\n<p><strong style=\"font-size: inherit; text-align: justify;\">Fuente: Comunicaci\u00f3n e Imagen Institucional ZAC<\/strong><\/p>\n<\/div>\n<div style=\"color: #1f1f1f;\">\n<div style=\"color: #1f1f1f;\">\n<p style=\"text-align: justify;\">Fecha de publicaci\u00f3n: 17\/10\/2025<\/p>\n<\/div>\n<\/div>\n\n\n<p><\/p>\n\n\n\n<p><\/p>\n","protected":false},"excerpt":{"rendered":"<p>La fiesta principal de la cuna de las culturas andinas. La Ciudad Sagrada de Caral-Supe, Patrimonio Mundial, ubicada en Supe, [&hellip;]<\/p>\n","protected":false},"author":1,"featured_media":18634,"comment_status":"closed","ping_status":"open","sticky":false,"template":"","format":"standard","meta":{"_acf_changed":false,"site-sidebar-layout":"default","site-content-layout":"","ast-site-content-layout":"default","site-content-style":"default","site-sidebar-style":"default","ast-global-header-display":"","ast-banner-title-visibility":"","ast-main-header-display":"","ast-hfb-above-header-display":"","ast-hfb-below-header-display":"","ast-hfb-mobile-header-display":"","site-post-title":"","ast-breadcrumbs-content":"","ast-featured-img":"","footer-sml-layout":"","ast-disable-related-posts":"","theme-transparent-header-meta":"","adv-header-id-meta":"","stick-header-meta":"","header-above-stick-meta":"","header-main-stick-meta":"","header-below-stick-meta":"","astra-migrate-meta-layouts":"default","ast-page-background-enabled":"default","ast-page-background-meta":{"desktop":{"background-color":"var(--ast-global-color-5)","background-image":"","background-repeat":"repeat","background-position":"center center","background-size":"auto","background-attachment":"scroll","background-type":"","background-media":"","overlay-type":"","overlay-color":"","overlay-opacity":"","overlay-gradient":""},"tablet":{"background-color":"","background-image":"","background-repeat":"repeat","background-position":"center center","background-size":"auto","background-attachment":"scroll","background-type":"","background-media":"","overlay-type":"","overlay-color":"","overlay-opacity":"","overlay-gradient":""},"mobile":{"background-color":"","background-image":"","background-repeat":"repeat","background-position":"center center","background-size":"auto","background-attachment":"scroll","background-type":"","background-media":"","overlay-type":"","overlay-color":"","overlay-opacity":"","overlay-gradient":""}},"ast-content-background-meta":{"desktop":{"background-color":"var(--ast-global-color-4)","background-image":"","background-repeat":"repeat","background-position":"center center","background-size":"auto","background-attachment":"scroll","background-type":"","background-media":"","overlay-type":"","overlay-color":"","overlay-opacity":"","overlay-gradient":""},"tablet":{"background-color":"var(--ast-global-color-4)","background-image":"","background-repeat":"repeat","background-position":"center center","background-size":"auto","background-attachment":"scroll","background-type":"","background-media":"","overlay-type":"","overlay-color":"","overlay-opacity":"","overlay-gradient":""},"mobile":{"background-color":"var(--ast-global-color-4)","background-image":"","background-repeat":"repeat","background-position":"center center","background-size":"auto","background-attachment":"scroll","background-type":"","background-media":"","overlay-type":"","overlay-color":"","overlay-opacity":"","overlay-gradient":""}},"footnotes":""},"categories":[208],"tags":[55,72],"class_list":["post-18632","post","type-post","status-publish","format-standard","has-post-thumbnail","hentry","category-noticias","tag-caral","tag-cultura"],"acf":[],"yoast_head":"<!-- This site is optimized with the Yoast SEO plugin v27.3 - https:\/\/yoast.com\/product\/yoast-seo-wordpress\/ -->\n<title>CARAL RAYMI 2025 se celebrar\u00e1 el 24 y 25 de octubre<\/title>\n<meta name=\"description\" content=\"La Ciudad Sagrada de Caral-Supe, Patrimonio Mundial, ubicada en Supe, Barranca, Lima, se prepara para celebrar el Caral Raymi 2025 los d\u00edas viernes 24 y s\u00e1bado 25 de octubre. Este evento, organizado por la Zona Arqueol\u00f3gica Caral, Unidad Ejecutora 003 del Ministerio de Cultura, conmemora el 31 aniversario del inicio de los trabajos de investigaci\u00f3n, conservaci\u00f3n y difusi\u00f3n en este asentamiento y comprende diversas actividades culturales gratuitas.La Zona Arqueol\u00f3gica Caral (ZAC), Unidad Ejecutora 003 del Ministerio de Cultura, bajo la direcci\u00f3n de la doctora Ruth Shady Sol\u00eds, contin\u00faa con las investigaciones que destacan c\u00f3mo la Civilizaci\u00f3n Caral desarroll\u00f3 hace cinco mil a\u00f1os una visi\u00f3n de vida en armon\u00eda con la naturaleza y con las diversas culturas del territorio andino-amaz\u00f3nico, un principio visible en sus centros urbanos, como en la Ciudad Sagrada de Caral-Supe.\" \/>\n<meta name=\"robots\" content=\"index, follow, max-snippet:-1, max-image-preview:large, max-video-preview:-1\" \/>\n<link rel=\"canonical\" href=\"https:\/\/zonacaral.gob.pe\/es\/noticias\/caral-raymi-2025-se-celebrara-el-24-y-25-de-octubre\/\" \/>\n<meta property=\"og:locale\" content=\"es_ES\" \/>\n<meta property=\"og:type\" content=\"article\" \/>\n<meta property=\"og:title\" content=\"CARAL RAYMI 2025 se celebrar\u00e1 el 24 y 25 de octubre\" \/>\n<meta property=\"og:description\" content=\"La Ciudad Sagrada de Caral-Supe, Patrimonio Mundial, ubicada en Supe, Barranca, Lima, se prepara para celebrar el Caral Raymi 2025 los d\u00edas viernes 24 y s\u00e1bado 25 de octubre. Este evento, organizado por la Zona Arqueol\u00f3gica Caral, Unidad Ejecutora 003 del Ministerio de Cultura, conmemora el 31 aniversario del inicio de los trabajos de investigaci\u00f3n, conservaci\u00f3n y difusi\u00f3n en este asentamiento y comprende diversas actividades culturales gratuitas.La Zona Arqueol\u00f3gica Caral (ZAC), Unidad Ejecutora 003 del Ministerio de Cultura, bajo la direcci\u00f3n de la doctora Ruth Shady Sol\u00eds, contin\u00faa con las investigaciones que destacan c\u00f3mo la Civilizaci\u00f3n Caral desarroll\u00f3 hace cinco mil a\u00f1os una visi\u00f3n de vida en armon\u00eda con la naturaleza y con las diversas culturas del territorio andino-amaz\u00f3nico, un principio visible en sus centros urbanos, como en la Ciudad Sagrada de Caral-Supe.\" \/>\n<meta property=\"og:url\" content=\"https:\/\/zonacaral.gob.pe\/es\/noticias\/caral-raymi-2025-se-celebrara-el-24-y-25-de-octubre\/\" \/>\n<meta property=\"og:site_name\" content=\"Zona Caral\" \/>\n<meta property=\"article:published_time\" content=\"2025-10-17T22:07:24+00:00\" \/>\n<meta property=\"og:image\" content=\"https:\/\/zonacaral.gob.pe\/wp-content\/uploads\/2025\/10\/cr1.jpg\" \/>\n\t<meta property=\"og:image:width\" content=\"1920\" \/>\n\t<meta property=\"og:image:height\" content=\"1080\" \/>\n\t<meta property=\"og:image:type\" content=\"image\/jpeg\" \/>\n<meta name=\"author\" content=\"Zona Caral Administrador\" \/>\n<meta name=\"twitter:card\" content=\"summary_large_image\" \/>\n<meta name=\"twitter:label1\" content=\"Written by\" \/>\n\t<meta name=\"twitter:data1\" content=\"Zona Caral Administrador\" \/>\n\t<meta name=\"twitter:label2\" content=\"Est. reading time\" \/>\n\t<meta name=\"twitter:data2\" content=\"3 minutos\" \/>\n<script type=\"application\/ld+json\" class=\"yoast-schema-graph\">{\"@context\":\"https:\\\/\\\/schema.org\",\"@graph\":[{\"@type\":\"Article\",\"@id\":\"https:\\\/\\\/zonacaral.gob.pe\\\/es\\\/noticias\\\/caral-raymi-2025-se-celebrara-el-24-y-25-de-octubre\\\/#article\",\"isPartOf\":{\"@id\":\"https:\\\/\\\/zonacaral.gob.pe\\\/es\\\/noticias\\\/caral-raymi-2025-se-celebrara-el-24-y-25-de-octubre\\\/\"},\"author\":{\"name\":\"Zona Caral Administrador\",\"@id\":\"https:\\\/\\\/zonacaral.gob.pe\\\/es\\\/#\\\/schema\\\/person\\\/beddb4d22f71a7230c5b90913270a0ee\"},\"headline\":\"CARAL RAYMI 2025 se celebrar\u00e1 el 24 y 25 de octubre\",\"datePublished\":\"2025-10-17T22:07:24+00:00\",\"mainEntityOfPage\":{\"@id\":\"https:\\\/\\\/zonacaral.gob.pe\\\/es\\\/noticias\\\/caral-raymi-2025-se-celebrara-el-24-y-25-de-octubre\\\/\"},\"wordCount\":569,\"image\":{\"@id\":\"https:\\\/\\\/zonacaral.gob.pe\\\/es\\\/noticias\\\/caral-raymi-2025-se-celebrara-el-24-y-25-de-octubre\\\/#primaryimage\"},\"thumbnailUrl\":\"https:\\\/\\\/zonacaral.gob.pe\\\/wp-content\\\/uploads\\\/2025\\\/10\\\/cr1.jpg\",\"keywords\":[\"caral\",\"Cultura\"],\"articleSection\":[\"noticias\"],\"inLanguage\":\"es-PE\"},{\"@type\":\"WebPage\",\"@id\":\"https:\\\/\\\/zonacaral.gob.pe\\\/es\\\/noticias\\\/caral-raymi-2025-se-celebrara-el-24-y-25-de-octubre\\\/\",\"url\":\"https:\\\/\\\/zonacaral.gob.pe\\\/es\\\/noticias\\\/caral-raymi-2025-se-celebrara-el-24-y-25-de-octubre\\\/\",\"name\":\"CARAL RAYMI 2025 se celebrar\u00e1 el 24 y 25 de octubre\",\"isPartOf\":{\"@id\":\"https:\\\/\\\/zonacaral.gob.pe\\\/es\\\/#website\"},\"primaryImageOfPage\":{\"@id\":\"https:\\\/\\\/zonacaral.gob.pe\\\/es\\\/noticias\\\/caral-raymi-2025-se-celebrara-el-24-y-25-de-octubre\\\/#primaryimage\"},\"image\":{\"@id\":\"https:\\\/\\\/zonacaral.gob.pe\\\/es\\\/noticias\\\/caral-raymi-2025-se-celebrara-el-24-y-25-de-octubre\\\/#primaryimage\"},\"thumbnailUrl\":\"https:\\\/\\\/zonacaral.gob.pe\\\/wp-content\\\/uploads\\\/2025\\\/10\\\/cr1.jpg\",\"datePublished\":\"2025-10-17T22:07:24+00:00\",\"author\":{\"@id\":\"https:\\\/\\\/zonacaral.gob.pe\\\/es\\\/#\\\/schema\\\/person\\\/beddb4d22f71a7230c5b90913270a0ee\"},\"description\":\"La Ciudad Sagrada de Caral-Supe, Patrimonio Mundial, ubicada en Supe, Barranca, Lima, se prepara para celebrar el Caral Raymi 2025 los d\u00edas viernes 24 y s\u00e1bado 25 de octubre. Este evento, organizado por la Zona Arqueol\u00f3gica Caral, Unidad Ejecutora 003 del Ministerio de Cultura, conmemora el 31 aniversario del inicio de los trabajos de investigaci\u00f3n, conservaci\u00f3n y difusi\u00f3n en este asentamiento y comprende diversas actividades culturales gratuitas.La Zona Arqueol\u00f3gica Caral (ZAC), Unidad Ejecutora 003 del Ministerio de Cultura, bajo la direcci\u00f3n de la doctora Ruth Shady Sol\u00eds, contin\u00faa con las investigaciones que destacan c\u00f3mo la Civilizaci\u00f3n Caral desarroll\u00f3 hace cinco mil a\u00f1os una visi\u00f3n de vida en armon\u00eda con la naturaleza y con las diversas culturas del territorio andino-amaz\u00f3nico, un principio visible en sus centros urbanos, como en la Ciudad Sagrada de Caral-Supe.\",\"breadcrumb\":{\"@id\":\"https:\\\/\\\/zonacaral.gob.pe\\\/es\\\/noticias\\\/caral-raymi-2025-se-celebrara-el-24-y-25-de-octubre\\\/#breadcrumb\"},\"inLanguage\":\"es-PE\",\"potentialAction\":[{\"@type\":\"ReadAction\",\"target\":[\"https:\\\/\\\/zonacaral.gob.pe\\\/es\\\/noticias\\\/caral-raymi-2025-se-celebrara-el-24-y-25-de-octubre\\\/\"]}]},{\"@type\":\"ImageObject\",\"inLanguage\":\"es-PE\",\"@id\":\"https:\\\/\\\/zonacaral.gob.pe\\\/es\\\/noticias\\\/caral-raymi-2025-se-celebrara-el-24-y-25-de-octubre\\\/#primaryimage\",\"url\":\"https:\\\/\\\/zonacaral.gob.pe\\\/wp-content\\\/uploads\\\/2025\\\/10\\\/cr1.jpg\",\"contentUrl\":\"https:\\\/\\\/zonacaral.gob.pe\\\/wp-content\\\/uploads\\\/2025\\\/10\\\/cr1.jpg\",\"width\":1920,\"height\":1080},{\"@type\":\"BreadcrumbList\",\"@id\":\"https:\\\/\\\/zonacaral.gob.pe\\\/es\\\/noticias\\\/caral-raymi-2025-se-celebrara-el-24-y-25-de-octubre\\\/#breadcrumb\",\"itemListElement\":[{\"@type\":\"ListItem\",\"position\":1,\"name\":\"Portada\",\"item\":\"https:\\\/\\\/zonacaral.gob.pe\\\/\"},{\"@type\":\"ListItem\",\"position\":2,\"name\":\"CARAL RAYMI 2025 se celebrar\u00e1 el 24 y 25 de octubre\"}]},{\"@type\":\"WebSite\",\"@id\":\"https:\\\/\\\/zonacaral.gob.pe\\\/es\\\/#website\",\"url\":\"https:\\\/\\\/zonacaral.gob.pe\\\/es\\\/\",\"name\":\"Zona Caral\",\"description\":\"Investigamos, conservamos y difundimos el patrimonio cultural de la Civilizaci\u00f3n Caral, la m\u00e1s antigua de Am\u00e9rica.\",\"potentialAction\":[{\"@type\":\"SearchAction\",\"target\":{\"@type\":\"EntryPoint\",\"urlTemplate\":\"https:\\\/\\\/zonacaral.gob.pe\\\/es\\\/?s={search_term_string}\"},\"query-input\":{\"@type\":\"PropertyValueSpecification\",\"valueRequired\":true,\"valueName\":\"search_term_string\"}}],\"inLanguage\":\"es-PE\"},{\"@type\":\"Person\",\"@id\":\"https:\\\/\\\/zonacaral.gob.pe\\\/es\\\/#\\\/schema\\\/person\\\/beddb4d22f71a7230c5b90913270a0ee\",\"name\":\"Zona Caral Administrador\",\"image\":{\"@type\":\"ImageObject\",\"inLanguage\":\"es-PE\",\"@id\":\"https:\\\/\\\/secure.gravatar.com\\\/avatar\\\/e4be162918a696358376de6446614e0f0f4062bdc5d170d6d540ada3d8b58c12?s=96&d=mm&r=g\",\"url\":\"https:\\\/\\\/secure.gravatar.com\\\/avatar\\\/e4be162918a696358376de6446614e0f0f4062bdc5d170d6d540ada3d8b58c12?s=96&d=mm&r=g\",\"contentUrl\":\"https:\\\/\\\/secure.gravatar.com\\\/avatar\\\/e4be162918a696358376de6446614e0f0f4062bdc5d170d6d540ada3d8b58c12?s=96&d=mm&r=g\",\"caption\":\"Zona Caral Administrador\"},\"sameAs\":[\"https:\\\/\\\/zonacaral.gob.pe\"],\"url\":\"https:\\\/\\\/zonacaral.gob.pe\\\/es\\\/noticias\\\/author\\\/ad_zonacaral\\\/\"}]}<\/script>\n<!-- \/ Yoast SEO plugin. -->","yoast_head_json":{"title":"CARAL RAYMI 2025 se celebrar\u00e1 el 24 y 25 de octubre","description":"La Ciudad Sagrada de Caral-Supe, Patrimonio Mundial, ubicada en Supe, Barranca, Lima, se prepara para celebrar el Caral Raymi 2025 los d\u00edas viernes 24 y s\u00e1bado 25 de octubre. Este evento, organizado por la Zona Arqueol\u00f3gica Caral, Unidad Ejecutora 003 del Ministerio de Cultura, conmemora el 31 aniversario del inicio de los trabajos de investigaci\u00f3n, conservaci\u00f3n y difusi\u00f3n en este asentamiento y comprende diversas actividades culturales gratuitas.La Zona Arqueol\u00f3gica Caral (ZAC), Unidad Ejecutora 003 del Ministerio de Cultura, bajo la direcci\u00f3n de la doctora Ruth Shady Sol\u00eds, contin\u00faa con las investigaciones que destacan c\u00f3mo la Civilizaci\u00f3n Caral desarroll\u00f3 hace cinco mil a\u00f1os una visi\u00f3n de vida en armon\u00eda con la naturaleza y con las diversas culturas del territorio andino-amaz\u00f3nico, un principio visible en sus centros urbanos, como en la Ciudad Sagrada de Caral-Supe.","robots":{"index":"index","follow":"follow","max-snippet":"max-snippet:-1","max-image-preview":"max-image-preview:large","max-video-preview":"max-video-preview:-1"},"canonical":"https:\/\/zonacaral.gob.pe\/es\/noticias\/caral-raymi-2025-se-celebrara-el-24-y-25-de-octubre\/","og_locale":"es_ES","og_type":"article","og_title":"CARAL RAYMI 2025 se celebrar\u00e1 el 24 y 25 de octubre","og_description":"La Ciudad Sagrada de Caral-Supe, Patrimonio Mundial, ubicada en Supe, Barranca, Lima, se prepara para celebrar el Caral Raymi 2025 los d\u00edas viernes 24 y s\u00e1bado 25 de octubre. Este evento, organizado por la Zona Arqueol\u00f3gica Caral, Unidad Ejecutora 003 del Ministerio de Cultura, conmemora el 31 aniversario del inicio de los trabajos de investigaci\u00f3n, conservaci\u00f3n y difusi\u00f3n en este asentamiento y comprende diversas actividades culturales gratuitas.La Zona Arqueol\u00f3gica Caral (ZAC), Unidad Ejecutora 003 del Ministerio de Cultura, bajo la direcci\u00f3n de la doctora Ruth Shady Sol\u00eds, contin\u00faa con las investigaciones que destacan c\u00f3mo la Civilizaci\u00f3n Caral desarroll\u00f3 hace cinco mil a\u00f1os una visi\u00f3n de vida en armon\u00eda con la naturaleza y con las diversas culturas del territorio andino-amaz\u00f3nico, un principio visible en sus centros urbanos, como en la Ciudad Sagrada de Caral-Supe.","og_url":"https:\/\/zonacaral.gob.pe\/es\/noticias\/caral-raymi-2025-se-celebrara-el-24-y-25-de-octubre\/","og_site_name":"Zona Caral","article_published_time":"2025-10-17T22:07:24+00:00","og_image":[{"width":1920,"height":1080,"url":"https:\/\/zonacaral.gob.pe\/wp-content\/uploads\/2025\/10\/cr1.jpg","type":"image\/jpeg"}],"author":"Zona Caral Administrador","twitter_card":"summary_large_image","twitter_misc":{"Written by":"Zona Caral Administrador","Est. reading time":"3 minutos"},"schema":{"@context":"https:\/\/schema.org","@graph":[{"@type":"Article","@id":"https:\/\/zonacaral.gob.pe\/es\/noticias\/caral-raymi-2025-se-celebrara-el-24-y-25-de-octubre\/#article","isPartOf":{"@id":"https:\/\/zonacaral.gob.pe\/es\/noticias\/caral-raymi-2025-se-celebrara-el-24-y-25-de-octubre\/"},"author":{"name":"Zona Caral Administrador","@id":"https:\/\/zonacaral.gob.pe\/es\/#\/schema\/person\/beddb4d22f71a7230c5b90913270a0ee"},"headline":"CARAL RAYMI 2025 se celebrar\u00e1 el 24 y 25 de octubre","datePublished":"2025-10-17T22:07:24+00:00","mainEntityOfPage":{"@id":"https:\/\/zonacaral.gob.pe\/es\/noticias\/caral-raymi-2025-se-celebrara-el-24-y-25-de-octubre\/"},"wordCount":569,"image":{"@id":"https:\/\/zonacaral.gob.pe\/es\/noticias\/caral-raymi-2025-se-celebrara-el-24-y-25-de-octubre\/#primaryimage"},"thumbnailUrl":"https:\/\/zonacaral.gob.pe\/wp-content\/uploads\/2025\/10\/cr1.jpg","keywords":["caral","Cultura"],"articleSection":["noticias"],"inLanguage":"es-PE"},{"@type":"WebPage","@id":"https:\/\/zonacaral.gob.pe\/es\/noticias\/caral-raymi-2025-se-celebrara-el-24-y-25-de-octubre\/","url":"https:\/\/zonacaral.gob.pe\/es\/noticias\/caral-raymi-2025-se-celebrara-el-24-y-25-de-octubre\/","name":"CARAL RAYMI 2025 se celebrar\u00e1 el 24 y 25 de octubre","isPartOf":{"@id":"https:\/\/zonacaral.gob.pe\/es\/#website"},"primaryImageOfPage":{"@id":"https:\/\/zonacaral.gob.pe\/es\/noticias\/caral-raymi-2025-se-celebrara-el-24-y-25-de-octubre\/#primaryimage"},"image":{"@id":"https:\/\/zonacaral.gob.pe\/es\/noticias\/caral-raymi-2025-se-celebrara-el-24-y-25-de-octubre\/#primaryimage"},"thumbnailUrl":"https:\/\/zonacaral.gob.pe\/wp-content\/uploads\/2025\/10\/cr1.jpg","datePublished":"2025-10-17T22:07:24+00:00","author":{"@id":"https:\/\/zonacaral.gob.pe\/es\/#\/schema\/person\/beddb4d22f71a7230c5b90913270a0ee"},"description":"La Ciudad Sagrada de Caral-Supe, Patrimonio Mundial, ubicada en Supe, Barranca, Lima, se prepara para celebrar el Caral Raymi 2025 los d\u00edas viernes 24 y s\u00e1bado 25 de octubre. Este evento, organizado por la Zona Arqueol\u00f3gica Caral, Unidad Ejecutora 003 del Ministerio de Cultura, conmemora el 31 aniversario del inicio de los trabajos de investigaci\u00f3n, conservaci\u00f3n y difusi\u00f3n en este asentamiento y comprende diversas actividades culturales gratuitas.La Zona Arqueol\u00f3gica Caral (ZAC), Unidad Ejecutora 003 del Ministerio de Cultura, bajo la direcci\u00f3n de la doctora Ruth Shady Sol\u00eds, contin\u00faa con las investigaciones que destacan c\u00f3mo la Civilizaci\u00f3n Caral desarroll\u00f3 hace cinco mil a\u00f1os una visi\u00f3n de vida en armon\u00eda con la naturaleza y con las diversas culturas del territorio andino-amaz\u00f3nico, un principio visible en sus centros urbanos, como en la Ciudad Sagrada de Caral-Supe.","breadcrumb":{"@id":"https:\/\/zonacaral.gob.pe\/es\/noticias\/caral-raymi-2025-se-celebrara-el-24-y-25-de-octubre\/#breadcrumb"},"inLanguage":"es-PE","potentialAction":[{"@type":"ReadAction","target":["https:\/\/zonacaral.gob.pe\/es\/noticias\/caral-raymi-2025-se-celebrara-el-24-y-25-de-octubre\/"]}]},{"@type":"ImageObject","inLanguage":"es-PE","@id":"https:\/\/zonacaral.gob.pe\/es\/noticias\/caral-raymi-2025-se-celebrara-el-24-y-25-de-octubre\/#primaryimage","url":"https:\/\/zonacaral.gob.pe\/wp-content\/uploads\/2025\/10\/cr1.jpg","contentUrl":"https:\/\/zonacaral.gob.pe\/wp-content\/uploads\/2025\/10\/cr1.jpg","width":1920,"height":1080},{"@type":"BreadcrumbList","@id":"https:\/\/zonacaral.gob.pe\/es\/noticias\/caral-raymi-2025-se-celebrara-el-24-y-25-de-octubre\/#breadcrumb","itemListElement":[{"@type":"ListItem","position":1,"name":"Portada","item":"https:\/\/zonacaral.gob.pe\/"},{"@type":"ListItem","position":2,"name":"CARAL RAYMI 2025 se celebrar\u00e1 el 24 y 25 de octubre"}]},{"@type":"WebSite","@id":"https:\/\/zonacaral.gob.pe\/es\/#website","url":"https:\/\/zonacaral.gob.pe\/es\/","name":"Zona Caral","description":"Investigamos, conservamos y difundimos el patrimonio cultural de la Civilizaci\u00f3n Caral, la m\u00e1s antigua de Am\u00e9rica.","potentialAction":[{"@type":"SearchAction","target":{"@type":"EntryPoint","urlTemplate":"https:\/\/zonacaral.gob.pe\/es\/?s={search_term_string}"},"query-input":{"@type":"PropertyValueSpecification","valueRequired":true,"valueName":"search_term_string"}}],"inLanguage":"es-PE"},{"@type":"Person","@id":"https:\/\/zonacaral.gob.pe\/es\/#\/schema\/person\/beddb4d22f71a7230c5b90913270a0ee","name":"Zona Caral Administrador","image":{"@type":"ImageObject","inLanguage":"es-PE","@id":"https:\/\/secure.gravatar.com\/avatar\/e4be162918a696358376de6446614e0f0f4062bdc5d170d6d540ada3d8b58c12?s=96&d=mm&r=g","url":"https:\/\/secure.gravatar.com\/avatar\/e4be162918a696358376de6446614e0f0f4062bdc5d170d6d540ada3d8b58c12?s=96&d=mm&r=g","contentUrl":"https:\/\/secure.gravatar.com\/avatar\/e4be162918a696358376de6446614e0f0f4062bdc5d170d6d540ada3d8b58c12?s=96&d=mm&r=g","caption":"Zona Caral Administrador"},"sameAs":["https:\/\/zonacaral.gob.pe"],"url":"https:\/\/zonacaral.gob.pe\/es\/noticias\/author\/ad_zonacaral\/"}]}},"_links":{"self":[{"href":"https:\/\/zonacaral.gob.pe\/es\/wp-json\/wp\/v2\/posts\/18632","targetHints":{"allow":["GET"]}}],"collection":[{"href":"https:\/\/zonacaral.gob.pe\/es\/wp-json\/wp\/v2\/posts"}],"about":[{"href":"https:\/\/zonacaral.gob.pe\/es\/wp-json\/wp\/v2\/types\/post"}],"author":[{"embeddable":true,"href":"https:\/\/zonacaral.gob.pe\/es\/wp-json\/wp\/v2\/users\/1"}],"replies":[{"embeddable":true,"href":"https:\/\/zonacaral.gob.pe\/es\/wp-json\/wp\/v2\/comments?post=18632"}],"version-history":[{"count":0,"href":"https:\/\/zonacaral.gob.pe\/es\/wp-json\/wp\/v2\/posts\/18632\/revisions"}],"wp:featuredmedia":[{"embeddable":true,"href":"https:\/\/zonacaral.gob.pe\/es\/wp-json\/wp\/v2\/media\/18634"}],"wp:attachment":[{"href":"https:\/\/zonacaral.gob.pe\/es\/wp-json\/wp\/v2\/media?parent=18632"}],"wp:term":[{"taxonomy":"category","embeddable":true,"href":"https:\/\/zonacaral.gob.pe\/es\/wp-json\/wp\/v2\/categories?post=18632"},{"taxonomy":"post_tag","embeddable":true,"href":"https:\/\/zonacaral.gob.pe\/es\/wp-json\/wp\/v2\/tags?post=18632"}],"curies":[{"name":"wp","href":"https:\/\/api.w.org\/{rel}","templated":true}]}}