{"id":18645,"date":"2025-10-28T10:00:27","date_gmt":"2025-10-28T15:00:27","guid":{"rendered":"https:\/\/www.zonacaral.gob.pe\/?p=18645"},"modified":"2025-10-28T10:00:27","modified_gmt":"2025-10-28T15:00:27","slug":"caral-raymi-2025-encuentro-intimo-con-los-inicios-de-la-civilizacion-en-america","status":"publish","type":"post","link":"https:\/\/zonacaral.gob.pe\/es\/noticias\/caral-raymi-2025-encuentro-intimo-con-los-inicios-de-la-civilizacion-en-america\/","title":{"rendered":"CARAL RAYMI 2025: Encuentro \u00edntimo con los inicios de la civilizaci\u00f3n en Am\u00e9rica"},"content":{"rendered":"<figure class=\"pic-autor\" style=\"color: #4d4d4d; text-align: justify;\"><\/figure>\n<div class=\"gmail_default\" style=\"text-align: justify;\">\n<blockquote>\n<p><em><span style=\"font-weight: 400;\">As\u00ed se vivi\u00f3 la gran fiesta de la cuna de las culturas andinas.<\/span><\/em><\/p>\n<\/blockquote>\n<p><span style=\"font-weight: 400;\">La <\/span><a href=\"https:\/\/www.instagram.com\/caralperu\/?hl=es\"><span style=\"font-weight: 400;\">Zona Arqueol\u00f3gica Caral<\/span><\/a><span style=\"font-weight: 400;\"> (ZAC), Unidad Ejecutora 003 del Ministerio de Cultura, bajo la direcci\u00f3n de la doctora Ruth Shady Sol\u00eds, contin\u00faa con las investigaciones que destacan c\u00f3mo la Civilizaci\u00f3n Caral desarroll\u00f3 hace cinco mil a\u00f1os una visi\u00f3n de vida en armon\u00eda con la naturaleza y con las diversas culturas del territorio andino-amaz\u00f3nico, un principio visible en sus centros urbanos, como en la Ciudad Sagrada de Caral-Supe.<\/span><\/p>\n<p><span style=\"font-weight: 400;\">Entre los a\u00f1os 3000 y 1800 a. C., en el valle de Supe, surgi\u00f3 una red de ciudades que sent\u00f3 las bases de Caral, la primera civilizaci\u00f3n americana. Este sistema se caracteriz\u00f3 por promover una convivencia equilibrada con el entorno, evitando su depredaci\u00f3n, y por establecer una integraci\u00f3n basada en el respeto a la diversidad cultural, interconectando a los pueblos de la costa, sierra y selva del actual Per\u00fa.<\/span><\/p>\n<p><b>Una convivencia equilibrada con el entorno<\/b><\/p>\n<p><span style=\"font-weight: 400;\">La planificaci\u00f3n de la Ciudad Sagrada de Caral es un testimonio del profundo respeto de la civilizaci\u00f3n Caral por la naturaleza. Sus edificaciones, orientadas con conocimiento astron\u00f3mico, y su manejo del territorio demostraron una comprensi\u00f3n avanzada de su ecosistema.<\/span><\/p>\n<p><span style=\"font-weight: 400;\">\u201cLa Ciudad Sagrada de Caral fue dise\u00f1ada con una filosof\u00eda de vida en armon\u00eda con su entorno. Implementaron un uso racional del territorio, se adaptaron al paisaje y manejaron de manera sostenible los recursos h\u00eddricos, con una visi\u00f3n preventiva frente a los desastres naturales. Esta sabidur\u00eda ancestral es un referente para el mundo moderno\u201d, destac\u00f3 la doctora Ruth Shady.<\/span><\/p>\n<p><b>Caminos de integraci\u00f3n: un modelo de interculturalidad<\/b><\/p>\n<p><span style=\"font-weight: 400;\">M\u00e1s que rutas comerciales, los \u201ccaminos de integraci\u00f3n\u201d fueron el veh\u00edculo de un di\u00e1logo intercultural activo. A trav\u00e9s de ellos, no solo se intercambiaron productos entre la costa, sierra y selva, sino tambi\u00e9n conocimientos, tecnolog\u00edas y expresiones culturales, enriqueciendo mutuamente a las diversas sociedades del periodo.<\/span><\/p>\n<p><span style=\"font-weight: 400;\">Este sistema articul\u00f3 un territorio vasto y diverso bajo principios de cooperaci\u00f3n y complementariedad, demostrando que es posible construir una identidad cohesionada a partir del respeto a la diversidad, un principio fundamental para el Per\u00fa de hoy.<\/span><\/p>\n<p><b>Un ejemplo de evoluci\u00f3n social: las investigaciones en el Subsector C3<\/b><\/p>\n<p><span style=\"font-weight: 400;\">El trabajo permanente de los investigadores en la Ciudad Sagrada de Caral se centra en examinar c\u00f3mo se materializaban esos principios en la vida diaria. Un claro ejemplo son las investigaciones en el Edificio Menor (Subsector C3).<\/span><\/p>\n<p><span style=\"font-weight: 400;\">Este edificio, ubicado en una posici\u00f3n predominante a la entrada de la calle principal hacia la Plaza Central, fue un espacio p\u00fablico y ceremonial de gran importancia. Las sucesivas remodelaciones expuestas por los arque\u00f3logos no solo son cambios arquitect\u00f3nicos; son la huella de una sociedad din\u00e1mica. Revela c\u00f3mo los caralinos participaban activamente en rituales y actividades comunitarias que fortalec\u00edan los lazos sociales.<\/span><\/p>\n<p><span style=\"font-weight: 400;\">Cada modificaci\u00f3n fue una respuesta creativa a nuevas necesidades colectivas, manteniendo siempre una relaci\u00f3n de armon\u00eda entre el espacio construido, la naturaleza y el grupo humano. Es una prueba tangible de c\u00f3mo la sociedad de Caral se reinventaba, sin perder de vista sus valores fundamentales.<\/span><\/p>\n<p><b>Caral, 31 a\u00f1os revelando un legado de armon\u00eda<\/b><\/p>\n<p><span style=\"font-weight: 400;\">Hace 31 a\u00f1os se iniciaron los trabajos de investigaci\u00f3n, conservaci\u00f3n y difusi\u00f3n de la Ciudad Sagrada de Caral-Supe, cuna de la civilizaci\u00f3n m\u00e1s antigua de Am\u00e9rica y Patrimonio Mundial de la Unesco desde 2009. El equipo liderado por la doctora Ruth Shady ha logrado descifrar c\u00f3mo esta sociedad milenaria alcanz\u00f3 un modelo de desarrollo en armon\u00eda con su entorno y con sus vecinos, consolidando a Caral como un referente de sostenibilidad e integraci\u00f3n cultural. Este aniversario celebra m\u00e1s de tres d\u00e9cadas dedicadas a preservar una herencia cultural que inspira identidad y orgullo nacional.<\/span><\/p>\n<p><b>CARAL RAYMI 2025<\/b><\/p>\n<p><span style=\"font-weight: 400;\">Para conmemorar y conectar con estos valores ancestrales, la Zona Arqueol\u00f3gica Caral (ZAC) invita al p\u00fablico al Caral Raymi 2025, los d\u00edas viernes 24 y s\u00e1bado 25 de octubre. Esta celebraci\u00f3n cultural busca fortalecer nuestra identidad reconociendo los valores de armon\u00eda con la naturaleza e integraci\u00f3n cultural que promovi\u00f3 la primera civilizaci\u00f3n de Am\u00e9rica. Para m\u00e1s informaci\u00f3n sobre el evento, ingresa al enlace: <\/span><a href=\"https:\/\/www.gob.pe\/institucion\/caral\/campa%C3%B1as\/119639-caral-raymi-2025\"><span style=\"font-weight: 400;\">CARALRAYMI2025<\/span><\/a><span style=\"font-weight: 400;\">.<\/span><span style=\"font-weight: 400;\">Tambi\u00e9n se puede participar a trav\u00e9s del programa Viajes Culturales de la ZAC, comunic\u00e1ndose al <\/span><a href=\"https:\/\/api.whatsapp.com\/send?phone=51955881340&amp;text=Enlace%3A%0Ahttps%3A%2F%2Ffb.me%2F75ikPtVfb%0A%0A%C2%A1Hola%21+Me+gustar%C3%ADa+conseguir+m%C3%A1s+informaci%C3%B3n+sobre+esto.&amp;source_url=https%3A%2F%2Ffb.me%2F75ikPtVfb&amp;icebreaker=%C2%A1Hola%21+Me+gustar%C3%ADa+conseguir+m%C3%A1s+informaci%C3%B3n+sobre+esto.&amp;app=facebook&amp;entry_point=post_cta&amp;jid=51955881340%40s.whatsapp.net&amp;lid=270441289621561%40lid&amp;show_ad_attribution=1&amp;source=FB_Post&amp;token=eyJhbGciOiJFUzI1NiIsInR5cCI6IkpXVCIsImtpZCI6IjEyNSJ9.eyJleHAiOjE3NjA1NjM2NDksInBob25lIjoiNTE5NTU4ODEzNDAiLCJ0ZXh0IjoiRW5sYWNlOlxuaHR0cHM6XC9cL2ZiLm1lXC83NWlrUHRWZmJcblxuXHUwMGExSG9sYSEgTWUgZ3VzdGFyXHUwMGVkYSBjb25zZWd1aXIgbVx1MDBlMXMgaW5mb3JtYWNpXHUwMGYzbiBzb2JyZSBlc3RvLiIsInNvdXJjZV91cmwiOiJodHRwczpcL1wvZmIubWVcLzc1aWtQdFZmYiIsImljZWJyZWFrZXIiOiJcdTAwYTFIb2xhISBNZSBndXN0YXJcdTAwZWRhIGNvbnNlZ3VpciBtXHUwMGUxcyBpbmZvcm1hY2lcdTAwZjNuIHNvYnJlIGVzdG8uIiwiYXBwIjoiZmFjZWJvb2siLCJlbnRyeV9wb2ludCI6InBvc3RfY3RhIiwiamlkIjoiNTE5NTU4ODEzNDBcdTAwNDBzLndoYXRzYXBwLm5ldCIsImxpZCI6IjI3MDQ0MTI4OTYyMTU2MVx1MDA0MGxpZCIsInNob3dfYWRfYXR0cmlidXRpb24iOjEsInNvdXJjZSI6IkZCX1Bvc3QiLCJzb3VyY2VfaWQiOiIxMjA2ODQ3Njc0ODEwMTA3IiwiY29udGV4dCI6IkFmZU0tdnJxUWhSWjVFSGNwR3VvdElLOFF1QlFDRS11dk5SaHZZNGI1cVQ3dl84Z0JBZDZLenhjVWlvWFZhc1J5bGh3Mnp4ZnRyS3BGR051am1vVUowclFDOWpycFFCeUFCRDNJc0oyQmZaMG1XaWd5V1QzbE0yNzV1ZUt5dVVhMTdGSUdHMnFCMzhqdm1CYWZmLXVnbDh3TjQybFA1Ukotb2pLd0oxSUxiWlRqT24zemdRTlIzUXZXLVFjY3pRQ0VsSE05ZjlOMXFIcWlSUDV1S0h2ejZmOHZwN2hFRWRKLTFtZC1KaUJXS2doMDA3ZjRLZS1vaVVJdXdiVlB2OHBfXzZvM1YtQlRDM243MW9VLUlQV1d4aTFORG1vcU5XNXo0cGgxN24tSjVZZllqX2U1emItVXkxLVZRWGprbXJiRFpSZ2NVZjBwVTYySmptWi15WFc1bW9GRHROTVRZclZKUExCS1hGREpFYXRsZFUifQ.H0DqKt7sVSnqZsW6hB6tTV5wtA1Z9Gz8mifejzF05KOyIdYO2Xd0VNHZZ6znk0AKzriXFakZ4HxBUSWQGvNU3w&amp;fbclid=IwY2xjawNbn7FleHRuA2FlbQIxMQABHmsxCDjm1RecywRu0UIJfCUWLothW_SCog6luwzSyuAd3sQuUN8x_gk1rdiV_aem_OfypJm5sE9EuL4Q7g41zAw\"><span style=\"font-weight: 400;\">955 881 340<\/span><\/a><span style=\"font-weight: 400;\"> o siguiendo las redes oficiales de la Zona Arqueol\u00f3gica Caral.<\/span><\/p>\n<p><strong style=\"font-size: inherit; text-align: justify;\">Fuente: Comunicaci\u00f3n e Imagen Institucional ZAC<\/strong><\/p>\n<\/div>\n<div style=\"color: #1f1f1f;\">\n<div style=\"color: #1f1f1f;\">\n<p style=\"text-align: justify;\">Fecha de publicaci\u00f3n: 28\/10\/2025<\/p>\n<\/div>\n<\/div>\n\n\n<p><\/p>\n\n\n\n<p><\/p>\n","protected":false},"excerpt":{"rendered":"<p>As\u00ed se vivi\u00f3 la gran fiesta de la cuna de las culturas andinas. La Zona Arqueol\u00f3gica Caral (ZAC), Unidad Ejecutora [&hellip;]<\/p>\n","protected":false},"author":1,"featured_media":18646,"comment_status":"closed","ping_status":"open","sticky":false,"template":"","format":"standard","meta":{"_acf_changed":false,"site-sidebar-layout":"default","site-content-layout":"","ast-site-content-layout":"default","site-content-style":"default","site-sidebar-style":"default","ast-global-header-display":"","ast-banner-title-visibility":"","ast-main-header-display":"","ast-hfb-above-header-display":"","ast-hfb-below-header-display":"","ast-hfb-mobile-header-display":"","site-post-title":"","ast-breadcrumbs-content":"","ast-featured-img":"","footer-sml-layout":"","ast-disable-related-posts":"","theme-transparent-header-meta":"","adv-header-id-meta":"","stick-header-meta":"","header-above-stick-meta":"","header-main-stick-meta":"","header-below-stick-meta":"","astra-migrate-meta-layouts":"default","ast-page-background-enabled":"default","ast-page-background-meta":{"desktop":{"background-color":"var(--ast-global-color-5)","background-image":"","background-repeat":"repeat","background-position":"center center","background-size":"auto","background-attachment":"scroll","background-type":"","background-media":"","overlay-type":"","overlay-color":"","overlay-opacity":"","overlay-gradient":""},"tablet":{"background-color":"","background-image":"","background-repeat":"repeat","background-position":"center center","background-size":"auto","background-attachment":"scroll","background-type":"","background-media":"","overlay-type":"","overlay-color":"","overlay-opacity":"","overlay-gradient":""},"mobile":{"background-color":"","background-image":"","background-repeat":"repeat","background-position":"center center","background-size":"auto","background-attachment":"scroll","background-type":"","background-media":"","overlay-type":"","overlay-color":"","overlay-opacity":"","overlay-gradient":""}},"ast-content-background-meta":{"desktop":{"background-color":"var(--ast-global-color-4)","background-image":"","background-repeat":"repeat","background-position":"center center","background-size":"auto","background-attachment":"scroll","background-type":"","background-media":"","overlay-type":"","overlay-color":"","overlay-opacity":"","overlay-gradient":""},"tablet":{"background-color":"var(--ast-global-color-4)","background-image":"","background-repeat":"repeat","background-position":"center center","background-size":"auto","background-attachment":"scroll","background-type":"","background-media":"","overlay-type":"","overlay-color":"","overlay-opacity":"","overlay-gradient":""},"mobile":{"background-color":"var(--ast-global-color-4)","background-image":"","background-repeat":"repeat","background-position":"center center","background-size":"auto","background-attachment":"scroll","background-type":"","background-media":"","overlay-type":"","overlay-color":"","overlay-opacity":"","overlay-gradient":""}},"footnotes":""},"categories":[208],"tags":[55,72],"class_list":["post-18645","post","type-post","status-publish","format-standard","has-post-thumbnail","hentry","category-noticias","tag-caral","tag-cultura"],"acf":[],"yoast_head":"<!-- This site is optimized with the Yoast SEO plugin v27.3 - https:\/\/yoast.com\/product\/yoast-seo-wordpress\/ -->\n<title>CARAL RAYMI 2025: Encuentro \u00edntimo con los inicios de la civilizaci\u00f3n en Am\u00e9rica<\/title>\n<meta name=\"description\" content=\"La Zona Arqueol\u00f3gica Caral (ZAC), Unidad Ejecutora 003 del Ministerio de Cultura, bajo la direcci\u00f3n de la doctora Ruth Shady Sol\u00eds, contin\u00faa con las investigaciones que destacan c\u00f3mo la Civilizaci\u00f3n Caral desarroll\u00f3 hace cinco mil a\u00f1os una visi\u00f3n de vida en armon\u00eda con la naturaleza y con las diversas culturas del territorio andino-amaz\u00f3nico, un principio visible en sus centros urbanos, como en la Ciudad Sagrada de Caral-Supe.\" \/>\n<meta name=\"robots\" content=\"index, follow, max-snippet:-1, max-image-preview:large, max-video-preview:-1\" \/>\n<link rel=\"canonical\" href=\"https:\/\/zonacaral.gob.pe\/es\/noticias\/caral-raymi-2025-encuentro-intimo-con-los-inicios-de-la-civilizacion-en-america\/\" \/>\n<meta property=\"og:locale\" content=\"es_ES\" \/>\n<meta property=\"og:type\" content=\"article\" \/>\n<meta property=\"og:title\" content=\"CARAL RAYMI 2025: Encuentro \u00edntimo con los inicios de la civilizaci\u00f3n en Am\u00e9rica\" \/>\n<meta property=\"og:description\" content=\"La Zona Arqueol\u00f3gica Caral (ZAC), Unidad Ejecutora 003 del Ministerio de Cultura, bajo la direcci\u00f3n de la doctora Ruth Shady Sol\u00eds, contin\u00faa con las investigaciones que destacan c\u00f3mo la Civilizaci\u00f3n Caral desarroll\u00f3 hace cinco mil a\u00f1os una visi\u00f3n de vida en armon\u00eda con la naturaleza y con las diversas culturas del territorio andino-amaz\u00f3nico, un principio visible en sus centros urbanos, como en la Ciudad Sagrada de Caral-Supe.\" \/>\n<meta property=\"og:url\" content=\"https:\/\/zonacaral.gob.pe\/es\/noticias\/caral-raymi-2025-encuentro-intimo-con-los-inicios-de-la-civilizacion-en-america\/\" \/>\n<meta property=\"og:site_name\" content=\"Zona Caral\" \/>\n<meta property=\"article:published_time\" content=\"2025-10-28T15:00:27+00:00\" \/>\n<meta property=\"og:image\" content=\"https:\/\/zonacaral.gob.pe\/wp-content\/uploads\/2025\/10\/CR-1.jpg\" \/>\n\t<meta property=\"og:image:width\" content=\"1920\" \/>\n\t<meta property=\"og:image:height\" content=\"1080\" \/>\n\t<meta property=\"og:image:type\" content=\"image\/jpeg\" \/>\n<meta name=\"author\" content=\"Zona Caral Administrador\" \/>\n<meta name=\"twitter:card\" content=\"summary_large_image\" \/>\n<meta name=\"twitter:label1\" content=\"Written by\" \/>\n\t<meta name=\"twitter:data1\" content=\"Zona Caral Administrador\" \/>\n\t<meta name=\"twitter:label2\" content=\"Est. reading time\" \/>\n\t<meta name=\"twitter:data2\" content=\"4 minutos\" \/>\n<script type=\"application\/ld+json\" class=\"yoast-schema-graph\">{\"@context\":\"https:\\\/\\\/schema.org\",\"@graph\":[{\"@type\":\"Article\",\"@id\":\"https:\\\/\\\/zonacaral.gob.pe\\\/es\\\/noticias\\\/caral-raymi-2025-encuentro-intimo-con-los-inicios-de-la-civilizacion-en-america\\\/#article\",\"isPartOf\":{\"@id\":\"https:\\\/\\\/zonacaral.gob.pe\\\/es\\\/noticias\\\/caral-raymi-2025-encuentro-intimo-con-los-inicios-de-la-civilizacion-en-america\\\/\"},\"author\":{\"name\":\"Zona Caral Administrador\",\"@id\":\"https:\\\/\\\/zonacaral.gob.pe\\\/es\\\/#\\\/schema\\\/person\\\/beddb4d22f71a7230c5b90913270a0ee\"},\"headline\":\"CARAL RAYMI 2025: Encuentro \u00edntimo con los inicios de la civilizaci\u00f3n en Am\u00e9rica\",\"datePublished\":\"2025-10-28T15:00:27+00:00\",\"mainEntityOfPage\":{\"@id\":\"https:\\\/\\\/zonacaral.gob.pe\\\/es\\\/noticias\\\/caral-raymi-2025-encuentro-intimo-con-los-inicios-de-la-civilizacion-en-america\\\/\"},\"wordCount\":781,\"image\":{\"@id\":\"https:\\\/\\\/zonacaral.gob.pe\\\/es\\\/noticias\\\/caral-raymi-2025-encuentro-intimo-con-los-inicios-de-la-civilizacion-en-america\\\/#primaryimage\"},\"thumbnailUrl\":\"https:\\\/\\\/zonacaral.gob.pe\\\/wp-content\\\/uploads\\\/2025\\\/10\\\/CR-1.jpg\",\"keywords\":[\"caral\",\"Cultura\"],\"articleSection\":[\"noticias\"],\"inLanguage\":\"es-PE\"},{\"@type\":\"WebPage\",\"@id\":\"https:\\\/\\\/zonacaral.gob.pe\\\/es\\\/noticias\\\/caral-raymi-2025-encuentro-intimo-con-los-inicios-de-la-civilizacion-en-america\\\/\",\"url\":\"https:\\\/\\\/zonacaral.gob.pe\\\/es\\\/noticias\\\/caral-raymi-2025-encuentro-intimo-con-los-inicios-de-la-civilizacion-en-america\\\/\",\"name\":\"CARAL RAYMI 2025: Encuentro \u00edntimo con los inicios de la civilizaci\u00f3n en Am\u00e9rica\",\"isPartOf\":{\"@id\":\"https:\\\/\\\/zonacaral.gob.pe\\\/es\\\/#website\"},\"primaryImageOfPage\":{\"@id\":\"https:\\\/\\\/zonacaral.gob.pe\\\/es\\\/noticias\\\/caral-raymi-2025-encuentro-intimo-con-los-inicios-de-la-civilizacion-en-america\\\/#primaryimage\"},\"image\":{\"@id\":\"https:\\\/\\\/zonacaral.gob.pe\\\/es\\\/noticias\\\/caral-raymi-2025-encuentro-intimo-con-los-inicios-de-la-civilizacion-en-america\\\/#primaryimage\"},\"thumbnailUrl\":\"https:\\\/\\\/zonacaral.gob.pe\\\/wp-content\\\/uploads\\\/2025\\\/10\\\/CR-1.jpg\",\"datePublished\":\"2025-10-28T15:00:27+00:00\",\"author\":{\"@id\":\"https:\\\/\\\/zonacaral.gob.pe\\\/es\\\/#\\\/schema\\\/person\\\/beddb4d22f71a7230c5b90913270a0ee\"},\"description\":\"La Zona Arqueol\u00f3gica Caral (ZAC), Unidad Ejecutora 003 del Ministerio de Cultura, bajo la direcci\u00f3n de la doctora Ruth Shady Sol\u00eds, contin\u00faa con las investigaciones que destacan c\u00f3mo la Civilizaci\u00f3n Caral desarroll\u00f3 hace cinco mil a\u00f1os una visi\u00f3n de vida en armon\u00eda con la naturaleza y con las diversas culturas del territorio andino-amaz\u00f3nico, un principio visible en sus centros urbanos, como en la Ciudad Sagrada de Caral-Supe.\",\"breadcrumb\":{\"@id\":\"https:\\\/\\\/zonacaral.gob.pe\\\/es\\\/noticias\\\/caral-raymi-2025-encuentro-intimo-con-los-inicios-de-la-civilizacion-en-america\\\/#breadcrumb\"},\"inLanguage\":\"es-PE\",\"potentialAction\":[{\"@type\":\"ReadAction\",\"target\":[\"https:\\\/\\\/zonacaral.gob.pe\\\/es\\\/noticias\\\/caral-raymi-2025-encuentro-intimo-con-los-inicios-de-la-civilizacion-en-america\\\/\"]}]},{\"@type\":\"ImageObject\",\"inLanguage\":\"es-PE\",\"@id\":\"https:\\\/\\\/zonacaral.gob.pe\\\/es\\\/noticias\\\/caral-raymi-2025-encuentro-intimo-con-los-inicios-de-la-civilizacion-en-america\\\/#primaryimage\",\"url\":\"https:\\\/\\\/zonacaral.gob.pe\\\/wp-content\\\/uploads\\\/2025\\\/10\\\/CR-1.jpg\",\"contentUrl\":\"https:\\\/\\\/zonacaral.gob.pe\\\/wp-content\\\/uploads\\\/2025\\\/10\\\/CR-1.jpg\",\"width\":1920,\"height\":1080},{\"@type\":\"BreadcrumbList\",\"@id\":\"https:\\\/\\\/zonacaral.gob.pe\\\/es\\\/noticias\\\/caral-raymi-2025-encuentro-intimo-con-los-inicios-de-la-civilizacion-en-america\\\/#breadcrumb\",\"itemListElement\":[{\"@type\":\"ListItem\",\"position\":1,\"name\":\"Portada\",\"item\":\"https:\\\/\\\/zonacaral.gob.pe\\\/\"},{\"@type\":\"ListItem\",\"position\":2,\"name\":\"CARAL RAYMI 2025: Encuentro \u00edntimo con los inicios de la civilizaci\u00f3n en Am\u00e9rica\"}]},{\"@type\":\"WebSite\",\"@id\":\"https:\\\/\\\/zonacaral.gob.pe\\\/es\\\/#website\",\"url\":\"https:\\\/\\\/zonacaral.gob.pe\\\/es\\\/\",\"name\":\"Zona Caral\",\"description\":\"Investigamos, conservamos y difundimos el patrimonio cultural de la Civilizaci\u00f3n Caral, la m\u00e1s antigua de Am\u00e9rica.\",\"potentialAction\":[{\"@type\":\"SearchAction\",\"target\":{\"@type\":\"EntryPoint\",\"urlTemplate\":\"https:\\\/\\\/zonacaral.gob.pe\\\/es\\\/?s={search_term_string}\"},\"query-input\":{\"@type\":\"PropertyValueSpecification\",\"valueRequired\":true,\"valueName\":\"search_term_string\"}}],\"inLanguage\":\"es-PE\"},{\"@type\":\"Person\",\"@id\":\"https:\\\/\\\/zonacaral.gob.pe\\\/es\\\/#\\\/schema\\\/person\\\/beddb4d22f71a7230c5b90913270a0ee\",\"name\":\"Zona Caral Administrador\",\"image\":{\"@type\":\"ImageObject\",\"inLanguage\":\"es-PE\",\"@id\":\"https:\\\/\\\/secure.gravatar.com\\\/avatar\\\/e4be162918a696358376de6446614e0f0f4062bdc5d170d6d540ada3d8b58c12?s=96&d=mm&r=g\",\"url\":\"https:\\\/\\\/secure.gravatar.com\\\/avatar\\\/e4be162918a696358376de6446614e0f0f4062bdc5d170d6d540ada3d8b58c12?s=96&d=mm&r=g\",\"contentUrl\":\"https:\\\/\\\/secure.gravatar.com\\\/avatar\\\/e4be162918a696358376de6446614e0f0f4062bdc5d170d6d540ada3d8b58c12?s=96&d=mm&r=g\",\"caption\":\"Zona Caral Administrador\"},\"sameAs\":[\"https:\\\/\\\/zonacaral.gob.pe\"],\"url\":\"https:\\\/\\\/zonacaral.gob.pe\\\/es\\\/noticias\\\/author\\\/ad_zonacaral\\\/\"}]}<\/script>\n<!-- \/ Yoast SEO plugin. -->","yoast_head_json":{"title":"CARAL RAYMI 2025: Encuentro \u00edntimo con los inicios de la civilizaci\u00f3n en Am\u00e9rica","description":"La Zona Arqueol\u00f3gica Caral (ZAC), Unidad Ejecutora 003 del Ministerio de Cultura, bajo la direcci\u00f3n de la doctora Ruth Shady Sol\u00eds, contin\u00faa con las investigaciones que destacan c\u00f3mo la Civilizaci\u00f3n Caral desarroll\u00f3 hace cinco mil a\u00f1os una visi\u00f3n de vida en armon\u00eda con la naturaleza y con las diversas culturas del territorio andino-amaz\u00f3nico, un principio visible en sus centros urbanos, como en la Ciudad Sagrada de Caral-Supe.","robots":{"index":"index","follow":"follow","max-snippet":"max-snippet:-1","max-image-preview":"max-image-preview:large","max-video-preview":"max-video-preview:-1"},"canonical":"https:\/\/zonacaral.gob.pe\/es\/noticias\/caral-raymi-2025-encuentro-intimo-con-los-inicios-de-la-civilizacion-en-america\/","og_locale":"es_ES","og_type":"article","og_title":"CARAL RAYMI 2025: Encuentro \u00edntimo con los inicios de la civilizaci\u00f3n en Am\u00e9rica","og_description":"La Zona Arqueol\u00f3gica Caral (ZAC), Unidad Ejecutora 003 del Ministerio de Cultura, bajo la direcci\u00f3n de la doctora Ruth Shady Sol\u00eds, contin\u00faa con las investigaciones que destacan c\u00f3mo la Civilizaci\u00f3n Caral desarroll\u00f3 hace cinco mil a\u00f1os una visi\u00f3n de vida en armon\u00eda con la naturaleza y con las diversas culturas del territorio andino-amaz\u00f3nico, un principio visible en sus centros urbanos, como en la Ciudad Sagrada de Caral-Supe.","og_url":"https:\/\/zonacaral.gob.pe\/es\/noticias\/caral-raymi-2025-encuentro-intimo-con-los-inicios-de-la-civilizacion-en-america\/","og_site_name":"Zona Caral","article_published_time":"2025-10-28T15:00:27+00:00","og_image":[{"width":1920,"height":1080,"url":"https:\/\/zonacaral.gob.pe\/wp-content\/uploads\/2025\/10\/CR-1.jpg","type":"image\/jpeg"}],"author":"Zona Caral Administrador","twitter_card":"summary_large_image","twitter_misc":{"Written by":"Zona Caral Administrador","Est. reading time":"4 minutos"},"schema":{"@context":"https:\/\/schema.org","@graph":[{"@type":"Article","@id":"https:\/\/zonacaral.gob.pe\/es\/noticias\/caral-raymi-2025-encuentro-intimo-con-los-inicios-de-la-civilizacion-en-america\/#article","isPartOf":{"@id":"https:\/\/zonacaral.gob.pe\/es\/noticias\/caral-raymi-2025-encuentro-intimo-con-los-inicios-de-la-civilizacion-en-america\/"},"author":{"name":"Zona Caral Administrador","@id":"https:\/\/zonacaral.gob.pe\/es\/#\/schema\/person\/beddb4d22f71a7230c5b90913270a0ee"},"headline":"CARAL RAYMI 2025: Encuentro \u00edntimo con los inicios de la civilizaci\u00f3n en Am\u00e9rica","datePublished":"2025-10-28T15:00:27+00:00","mainEntityOfPage":{"@id":"https:\/\/zonacaral.gob.pe\/es\/noticias\/caral-raymi-2025-encuentro-intimo-con-los-inicios-de-la-civilizacion-en-america\/"},"wordCount":781,"image":{"@id":"https:\/\/zonacaral.gob.pe\/es\/noticias\/caral-raymi-2025-encuentro-intimo-con-los-inicios-de-la-civilizacion-en-america\/#primaryimage"},"thumbnailUrl":"https:\/\/zonacaral.gob.pe\/wp-content\/uploads\/2025\/10\/CR-1.jpg","keywords":["caral","Cultura"],"articleSection":["noticias"],"inLanguage":"es-PE"},{"@type":"WebPage","@id":"https:\/\/zonacaral.gob.pe\/es\/noticias\/caral-raymi-2025-encuentro-intimo-con-los-inicios-de-la-civilizacion-en-america\/","url":"https:\/\/zonacaral.gob.pe\/es\/noticias\/caral-raymi-2025-encuentro-intimo-con-los-inicios-de-la-civilizacion-en-america\/","name":"CARAL RAYMI 2025: Encuentro \u00edntimo con los inicios de la civilizaci\u00f3n en Am\u00e9rica","isPartOf":{"@id":"https:\/\/zonacaral.gob.pe\/es\/#website"},"primaryImageOfPage":{"@id":"https:\/\/zonacaral.gob.pe\/es\/noticias\/caral-raymi-2025-encuentro-intimo-con-los-inicios-de-la-civilizacion-en-america\/#primaryimage"},"image":{"@id":"https:\/\/zonacaral.gob.pe\/es\/noticias\/caral-raymi-2025-encuentro-intimo-con-los-inicios-de-la-civilizacion-en-america\/#primaryimage"},"thumbnailUrl":"https:\/\/zonacaral.gob.pe\/wp-content\/uploads\/2025\/10\/CR-1.jpg","datePublished":"2025-10-28T15:00:27+00:00","author":{"@id":"https:\/\/zonacaral.gob.pe\/es\/#\/schema\/person\/beddb4d22f71a7230c5b90913270a0ee"},"description":"La Zona Arqueol\u00f3gica Caral (ZAC), Unidad Ejecutora 003 del Ministerio de Cultura, bajo la direcci\u00f3n de la doctora Ruth Shady Sol\u00eds, contin\u00faa con las investigaciones que destacan c\u00f3mo la Civilizaci\u00f3n Caral desarroll\u00f3 hace cinco mil a\u00f1os una visi\u00f3n de vida en armon\u00eda con la naturaleza y con las diversas culturas del territorio andino-amaz\u00f3nico, un principio visible en sus centros urbanos, como en la Ciudad Sagrada de Caral-Supe.","breadcrumb":{"@id":"https:\/\/zonacaral.gob.pe\/es\/noticias\/caral-raymi-2025-encuentro-intimo-con-los-inicios-de-la-civilizacion-en-america\/#breadcrumb"},"inLanguage":"es-PE","potentialAction":[{"@type":"ReadAction","target":["https:\/\/zonacaral.gob.pe\/es\/noticias\/caral-raymi-2025-encuentro-intimo-con-los-inicios-de-la-civilizacion-en-america\/"]}]},{"@type":"ImageObject","inLanguage":"es-PE","@id":"https:\/\/zonacaral.gob.pe\/es\/noticias\/caral-raymi-2025-encuentro-intimo-con-los-inicios-de-la-civilizacion-en-america\/#primaryimage","url":"https:\/\/zonacaral.gob.pe\/wp-content\/uploads\/2025\/10\/CR-1.jpg","contentUrl":"https:\/\/zonacaral.gob.pe\/wp-content\/uploads\/2025\/10\/CR-1.jpg","width":1920,"height":1080},{"@type":"BreadcrumbList","@id":"https:\/\/zonacaral.gob.pe\/es\/noticias\/caral-raymi-2025-encuentro-intimo-con-los-inicios-de-la-civilizacion-en-america\/#breadcrumb","itemListElement":[{"@type":"ListItem","position":1,"name":"Portada","item":"https:\/\/zonacaral.gob.pe\/"},{"@type":"ListItem","position":2,"name":"CARAL RAYMI 2025: Encuentro \u00edntimo con los inicios de la civilizaci\u00f3n en Am\u00e9rica"}]},{"@type":"WebSite","@id":"https:\/\/zonacaral.gob.pe\/es\/#website","url":"https:\/\/zonacaral.gob.pe\/es\/","name":"Zona Caral","description":"Investigamos, conservamos y difundimos el patrimonio cultural de la Civilizaci\u00f3n Caral, la m\u00e1s antigua de Am\u00e9rica.","potentialAction":[{"@type":"SearchAction","target":{"@type":"EntryPoint","urlTemplate":"https:\/\/zonacaral.gob.pe\/es\/?s={search_term_string}"},"query-input":{"@type":"PropertyValueSpecification","valueRequired":true,"valueName":"search_term_string"}}],"inLanguage":"es-PE"},{"@type":"Person","@id":"https:\/\/zonacaral.gob.pe\/es\/#\/schema\/person\/beddb4d22f71a7230c5b90913270a0ee","name":"Zona Caral Administrador","image":{"@type":"ImageObject","inLanguage":"es-PE","@id":"https:\/\/secure.gravatar.com\/avatar\/e4be162918a696358376de6446614e0f0f4062bdc5d170d6d540ada3d8b58c12?s=96&d=mm&r=g","url":"https:\/\/secure.gravatar.com\/avatar\/e4be162918a696358376de6446614e0f0f4062bdc5d170d6d540ada3d8b58c12?s=96&d=mm&r=g","contentUrl":"https:\/\/secure.gravatar.com\/avatar\/e4be162918a696358376de6446614e0f0f4062bdc5d170d6d540ada3d8b58c12?s=96&d=mm&r=g","caption":"Zona Caral Administrador"},"sameAs":["https:\/\/zonacaral.gob.pe"],"url":"https:\/\/zonacaral.gob.pe\/es\/noticias\/author\/ad_zonacaral\/"}]}},"_links":{"self":[{"href":"https:\/\/zonacaral.gob.pe\/es\/wp-json\/wp\/v2\/posts\/18645","targetHints":{"allow":["GET"]}}],"collection":[{"href":"https:\/\/zonacaral.gob.pe\/es\/wp-json\/wp\/v2\/posts"}],"about":[{"href":"https:\/\/zonacaral.gob.pe\/es\/wp-json\/wp\/v2\/types\/post"}],"author":[{"embeddable":true,"href":"https:\/\/zonacaral.gob.pe\/es\/wp-json\/wp\/v2\/users\/1"}],"replies":[{"embeddable":true,"href":"https:\/\/zonacaral.gob.pe\/es\/wp-json\/wp\/v2\/comments?post=18645"}],"version-history":[{"count":0,"href":"https:\/\/zonacaral.gob.pe\/es\/wp-json\/wp\/v2\/posts\/18645\/revisions"}],"wp:featuredmedia":[{"embeddable":true,"href":"https:\/\/zonacaral.gob.pe\/es\/wp-json\/wp\/v2\/media\/18646"}],"wp:attachment":[{"href":"https:\/\/zonacaral.gob.pe\/es\/wp-json\/wp\/v2\/media?parent=18645"}],"wp:term":[{"taxonomy":"category","embeddable":true,"href":"https:\/\/zonacaral.gob.pe\/es\/wp-json\/wp\/v2\/categories?post=18645"},{"taxonomy":"post_tag","embeddable":true,"href":"https:\/\/zonacaral.gob.pe\/es\/wp-json\/wp\/v2\/tags?post=18645"}],"curies":[{"name":"wp","href":"https:\/\/api.w.org\/{rel}","templated":true}]}}