{"id":18660,"date":"2025-11-04T09:38:59","date_gmt":"2025-11-04T14:38:59","guid":{"rendered":"https:\/\/www.zonacaral.gob.pe\/?p=18660"},"modified":"2025-11-04T09:38:59","modified_gmt":"2025-11-04T14:38:59","slug":"icomos-peru-nombra-miembro-honorario-a-doctora-ruth-shady","status":"publish","type":"post","link":"https:\/\/zonacaral.gob.pe\/es\/noticias\/icomos-peru-nombra-miembro-honorario-a-doctora-ruth-shady\/","title":{"rendered":"ICOMOS Per\u00fa nombra miembro honorario a doctora Ruth Shady"},"content":{"rendered":"<figure class=\"pic-autor\" style=\"color: #4d4d4d; text-align: justify;\"><\/figure>\n<div class=\"gmail_default\" style=\"text-align: justify;\">\n<blockquote>\n<p><i><span style=\"font-weight: 400;\">Nuevo reconocimiento a su trayectoria profesional.<\/span><\/i><\/p>\n<\/blockquote>\n<p><span style=\"font-weight: 400;\">La doctora Ruth Shady Sol\u00eds, directora de la <\/span><a href=\"https:\/\/www.instagram.com\/caralperu\/?hl=es\"><span style=\"font-weight: 400;\">Zona Arqueol\u00f3gica Caral<\/span><\/a><span style=\"font-weight: 400;\">, Unidad Ejecutora 003 del Ministerio de Cultura, fue nombrada miembro honorario del Comit\u00e9 Peruano del Consejo Internacional de Monumentos y Sitios &#8211; ICOMOS Per\u00fa, el cual forma parte de la m\u00e1s importante organizaci\u00f3n civil de alcance global, dedicada a la conservaci\u00f3n y gesti\u00f3n integral del patrimonio cultural.<\/span><\/p>\n<p><span style=\"font-weight: 400;\">El reconocimiento fue entregado por el presidente de ICOMOS Per\u00fa, arquitecto Manuel Ollanta Aparicio Flores, en un acto protocolar desarrollado en el Refectorio de la Casa Cultural San Bernardo de la Municipalidad Provincial del Cusco.<\/span><\/p>\n<p><span style=\"font-weight: 400;\">La arque\u00f3loga Shady Sol\u00eds lleg\u00f3 al Cusco para brindar una ponencia especial como parte del Seminario Internacional: \u201cDos sitios Patrimonio Cultural de la Humanidad: CARAL Y MACHUPICCHU. Historia y desaf\u00edos\u00bb, en el que participaron otros profesionales.<\/span><\/p>\n<p><span style=\"font-weight: 400;\">Cabe destacar que la principal investigadora de la Civilizaci\u00f3n Caral, Ruth Shady, fue elegida Presidenta de ICOMOS-Per\u00fa en el periodo 2003-2012, labor que desempe\u00f1\u00f3 a cabalidad.<\/span><\/p>\n<p><span style=\"font-weight: 400;\">Con este reconocimiento honor\u00edfico, de alto nivel, se resalta los aportes al patrimonio cultural del Per\u00fa y del mundo, de la arque\u00f3loga sanmarquina quien ha ocupado importantes cargos en otras instituciones ligadas a su profesi\u00f3n, como, por ejemplo: Jefa de Investigaciones en el Museo Nacional de Arqueolog\u00eda y Antropolog\u00eda del Per\u00fa, instituci\u00f3n de la cual fue Directora; y Decana del Colegio de Arque\u00f3logos del Per\u00fa (2006-2007).<\/span><\/p>\n<p><span style=\"font-weight: 400;\">Actualmente se desempe\u00f1a como Directora de la Zona Arqueol\u00f3gica Caral, Unidad Ejecutora 003, Ministerio de Cultura. Entre sus investigaciones resaltan: la formaci\u00f3n de la civilizaci\u00f3n; el Estado Huari y el rol de la interacci\u00f3n e intercambio en la integraci\u00f3n nacional; el estado regional de Lima y su importancia en las relaciones con otras sociedades andinas; Bagua y la relaci\u00f3n intercultural peruano-ecuatoriana.<\/span><\/p>\n<p><strong style=\"font-size: inherit; text-align: justify;\">Fuente: Comunicaci\u00f3n e Imagen Institucional ZAC<\/strong><\/p>\n<\/div>\n<div style=\"color: #1f1f1f;\">\n<div style=\"color: #1f1f1f;\">\n<p style=\"text-align: justify;\">Fecha de publicaci\u00f3n: 04\/11\/2025<\/p>\n<\/div>\n<\/div>\n\n\n<p><\/p>\n\n\n\n<p><\/p>\n","protected":false},"excerpt":{"rendered":"<p>Nuevo reconocimiento a su trayectoria profesional. La doctora Ruth Shady Sol\u00eds, directora de la Zona Arqueol\u00f3gica Caral, Unidad Ejecutora 003 [&hellip;]<\/p>\n","protected":false},"author":1,"featured_media":18661,"comment_status":"closed","ping_status":"open","sticky":false,"template":"","format":"standard","meta":{"_acf_changed":false,"site-sidebar-layout":"default","site-content-layout":"","ast-site-content-layout":"default","site-content-style":"default","site-sidebar-style":"default","ast-global-header-display":"","ast-banner-title-visibility":"","ast-main-header-display":"","ast-hfb-above-header-display":"","ast-hfb-below-header-display":"","ast-hfb-mobile-header-display":"","site-post-title":"","ast-breadcrumbs-content":"","ast-featured-img":"","footer-sml-layout":"","ast-disable-related-posts":"","theme-transparent-header-meta":"","adv-header-id-meta":"","stick-header-meta":"","header-above-stick-meta":"","header-main-stick-meta":"","header-below-stick-meta":"","astra-migrate-meta-layouts":"default","ast-page-background-enabled":"default","ast-page-background-meta":{"desktop":{"background-color":"var(--ast-global-color-5)","background-image":"","background-repeat":"repeat","background-position":"center center","background-size":"auto","background-attachment":"scroll","background-type":"","background-media":"","overlay-type":"","overlay-color":"","overlay-opacity":"","overlay-gradient":""},"tablet":{"background-color":"","background-image":"","background-repeat":"repeat","background-position":"center center","background-size":"auto","background-attachment":"scroll","background-type":"","background-media":"","overlay-type":"","overlay-color":"","overlay-opacity":"","overlay-gradient":""},"mobile":{"background-color":"","background-image":"","background-repeat":"repeat","background-position":"center center","background-size":"auto","background-attachment":"scroll","background-type":"","background-media":"","overlay-type":"","overlay-color":"","overlay-opacity":"","overlay-gradient":""}},"ast-content-background-meta":{"desktop":{"background-color":"var(--ast-global-color-4)","background-image":"","background-repeat":"repeat","background-position":"center center","background-size":"auto","background-attachment":"scroll","background-type":"","background-media":"","overlay-type":"","overlay-color":"","overlay-opacity":"","overlay-gradient":""},"tablet":{"background-color":"var(--ast-global-color-4)","background-image":"","background-repeat":"repeat","background-position":"center center","background-size":"auto","background-attachment":"scroll","background-type":"","background-media":"","overlay-type":"","overlay-color":"","overlay-opacity":"","overlay-gradient":""},"mobile":{"background-color":"var(--ast-global-color-4)","background-image":"","background-repeat":"repeat","background-position":"center center","background-size":"auto","background-attachment":"scroll","background-type":"","background-media":"","overlay-type":"","overlay-color":"","overlay-opacity":"","overlay-gradient":""}},"footnotes":""},"categories":[208],"tags":[55,72],"class_list":["post-18660","post","type-post","status-publish","format-standard","has-post-thumbnail","hentry","category-noticias","tag-caral","tag-cultura"],"acf":[],"yoast_head":"<!-- This site is optimized with the Yoast SEO plugin v27.3 - https:\/\/yoast.com\/product\/yoast-seo-wordpress\/ -->\n<title>ICOMOS Per\u00fa nombra miembro honorario a doctora Ruth Shady<\/title>\n<meta name=\"description\" content=\"La doctora Ruth Shady Sol\u00eds, directora de la Zona Arqueol\u00f3gica Caral, Unidad Ejecutora 003 del Ministerio de Cultura, fue nombrada miembro honorario del Comit\u00e9 Peruano del Consejo Internacional de Monumentos y Sitios - ICOMOS Per\u00fa, el cual forma parte de la m\u00e1s importante organizaci\u00f3n civil de alcance global, dedicada a la conservaci\u00f3n y gesti\u00f3n integral del patrimonio cultural.\" \/>\n<meta name=\"robots\" content=\"index, follow, max-snippet:-1, max-image-preview:large, max-video-preview:-1\" \/>\n<link rel=\"canonical\" href=\"https:\/\/zonacaral.gob.pe\/es\/noticias\/icomos-peru-nombra-miembro-honorario-a-doctora-ruth-shady\/\" \/>\n<meta property=\"og:locale\" content=\"es_ES\" \/>\n<meta property=\"og:type\" content=\"article\" \/>\n<meta property=\"og:title\" content=\"ICOMOS Per\u00fa nombra miembro honorario a doctora Ruth Shady\" \/>\n<meta property=\"og:description\" content=\"La doctora Ruth Shady Sol\u00eds, directora de la Zona Arqueol\u00f3gica Caral, Unidad Ejecutora 003 del Ministerio de Cultura, fue nombrada miembro honorario del Comit\u00e9 Peruano del Consejo Internacional de Monumentos y Sitios - ICOMOS Per\u00fa, el cual forma parte de la m\u00e1s importante organizaci\u00f3n civil de alcance global, dedicada a la conservaci\u00f3n y gesti\u00f3n integral del patrimonio cultural.\" \/>\n<meta property=\"og:url\" content=\"https:\/\/zonacaral.gob.pe\/es\/noticias\/icomos-peru-nombra-miembro-honorario-a-doctora-ruth-shady\/\" \/>\n<meta property=\"og:site_name\" content=\"Zona Caral\" \/>\n<meta property=\"article:published_time\" content=\"2025-11-04T14:38:59+00:00\" \/>\n<meta property=\"og:image\" content=\"https:\/\/zonacaral.gob.pe\/wp-content\/uploads\/2025\/11\/Dra.jpg\" \/>\n\t<meta property=\"og:image:width\" content=\"1366\" \/>\n\t<meta property=\"og:image:height\" content=\"768\" \/>\n\t<meta property=\"og:image:type\" content=\"image\/jpeg\" \/>\n<meta name=\"author\" content=\"Zona Caral Administrador\" \/>\n<meta name=\"twitter:card\" content=\"summary_large_image\" \/>\n<meta name=\"twitter:label1\" content=\"Written by\" \/>\n\t<meta name=\"twitter:data1\" content=\"Zona Caral Administrador\" \/>\n\t<meta name=\"twitter:label2\" content=\"Est. reading time\" \/>\n\t<meta name=\"twitter:data2\" content=\"2 minutos\" \/>\n<script type=\"application\/ld+json\" class=\"yoast-schema-graph\">{\"@context\":\"https:\\\/\\\/schema.org\",\"@graph\":[{\"@type\":\"Article\",\"@id\":\"https:\\\/\\\/zonacaral.gob.pe\\\/es\\\/noticias\\\/icomos-peru-nombra-miembro-honorario-a-doctora-ruth-shady\\\/#article\",\"isPartOf\":{\"@id\":\"https:\\\/\\\/zonacaral.gob.pe\\\/es\\\/noticias\\\/icomos-peru-nombra-miembro-honorario-a-doctora-ruth-shady\\\/\"},\"author\":{\"name\":\"Zona Caral Administrador\",\"@id\":\"https:\\\/\\\/zonacaral.gob.pe\\\/es\\\/#\\\/schema\\\/person\\\/beddb4d22f71a7230c5b90913270a0ee\"},\"headline\":\"ICOMOS Per\u00fa nombra miembro honorario a doctora Ruth Shady\",\"datePublished\":\"2025-11-04T14:38:59+00:00\",\"mainEntityOfPage\":{\"@id\":\"https:\\\/\\\/zonacaral.gob.pe\\\/es\\\/noticias\\\/icomos-peru-nombra-miembro-honorario-a-doctora-ruth-shady\\\/\"},\"wordCount\":330,\"image\":{\"@id\":\"https:\\\/\\\/zonacaral.gob.pe\\\/es\\\/noticias\\\/icomos-peru-nombra-miembro-honorario-a-doctora-ruth-shady\\\/#primaryimage\"},\"thumbnailUrl\":\"https:\\\/\\\/zonacaral.gob.pe\\\/wp-content\\\/uploads\\\/2025\\\/11\\\/Dra.jpg\",\"keywords\":[\"caral\",\"Cultura\"],\"articleSection\":[\"noticias\"],\"inLanguage\":\"es-PE\"},{\"@type\":\"WebPage\",\"@id\":\"https:\\\/\\\/zonacaral.gob.pe\\\/es\\\/noticias\\\/icomos-peru-nombra-miembro-honorario-a-doctora-ruth-shady\\\/\",\"url\":\"https:\\\/\\\/zonacaral.gob.pe\\\/es\\\/noticias\\\/icomos-peru-nombra-miembro-honorario-a-doctora-ruth-shady\\\/\",\"name\":\"ICOMOS Per\u00fa nombra miembro honorario a doctora Ruth Shady\",\"isPartOf\":{\"@id\":\"https:\\\/\\\/zonacaral.gob.pe\\\/es\\\/#website\"},\"primaryImageOfPage\":{\"@id\":\"https:\\\/\\\/zonacaral.gob.pe\\\/es\\\/noticias\\\/icomos-peru-nombra-miembro-honorario-a-doctora-ruth-shady\\\/#primaryimage\"},\"image\":{\"@id\":\"https:\\\/\\\/zonacaral.gob.pe\\\/es\\\/noticias\\\/icomos-peru-nombra-miembro-honorario-a-doctora-ruth-shady\\\/#primaryimage\"},\"thumbnailUrl\":\"https:\\\/\\\/zonacaral.gob.pe\\\/wp-content\\\/uploads\\\/2025\\\/11\\\/Dra.jpg\",\"datePublished\":\"2025-11-04T14:38:59+00:00\",\"author\":{\"@id\":\"https:\\\/\\\/zonacaral.gob.pe\\\/es\\\/#\\\/schema\\\/person\\\/beddb4d22f71a7230c5b90913270a0ee\"},\"description\":\"La doctora Ruth Shady Sol\u00eds, directora de la Zona Arqueol\u00f3gica Caral, Unidad Ejecutora 003 del Ministerio de Cultura, fue nombrada miembro honorario del Comit\u00e9 Peruano del Consejo Internacional de Monumentos y Sitios - ICOMOS Per\u00fa, el cual forma parte de la m\u00e1s importante organizaci\u00f3n civil de alcance global, dedicada a la conservaci\u00f3n y gesti\u00f3n integral del patrimonio cultural.\",\"breadcrumb\":{\"@id\":\"https:\\\/\\\/zonacaral.gob.pe\\\/es\\\/noticias\\\/icomos-peru-nombra-miembro-honorario-a-doctora-ruth-shady\\\/#breadcrumb\"},\"inLanguage\":\"es-PE\",\"potentialAction\":[{\"@type\":\"ReadAction\",\"target\":[\"https:\\\/\\\/zonacaral.gob.pe\\\/es\\\/noticias\\\/icomos-peru-nombra-miembro-honorario-a-doctora-ruth-shady\\\/\"]}]},{\"@type\":\"ImageObject\",\"inLanguage\":\"es-PE\",\"@id\":\"https:\\\/\\\/zonacaral.gob.pe\\\/es\\\/noticias\\\/icomos-peru-nombra-miembro-honorario-a-doctora-ruth-shady\\\/#primaryimage\",\"url\":\"https:\\\/\\\/zonacaral.gob.pe\\\/wp-content\\\/uploads\\\/2025\\\/11\\\/Dra.jpg\",\"contentUrl\":\"https:\\\/\\\/zonacaral.gob.pe\\\/wp-content\\\/uploads\\\/2025\\\/11\\\/Dra.jpg\",\"width\":1366,\"height\":768},{\"@type\":\"BreadcrumbList\",\"@id\":\"https:\\\/\\\/zonacaral.gob.pe\\\/es\\\/noticias\\\/icomos-peru-nombra-miembro-honorario-a-doctora-ruth-shady\\\/#breadcrumb\",\"itemListElement\":[{\"@type\":\"ListItem\",\"position\":1,\"name\":\"Portada\",\"item\":\"https:\\\/\\\/zonacaral.gob.pe\\\/\"},{\"@type\":\"ListItem\",\"position\":2,\"name\":\"ICOMOS Per\u00fa nombra miembro honorario a doctora Ruth Shady\"}]},{\"@type\":\"WebSite\",\"@id\":\"https:\\\/\\\/zonacaral.gob.pe\\\/es\\\/#website\",\"url\":\"https:\\\/\\\/zonacaral.gob.pe\\\/es\\\/\",\"name\":\"Zona Caral\",\"description\":\"Investigamos, conservamos y difundimos el patrimonio cultural de la Civilizaci\u00f3n Caral, la m\u00e1s antigua de Am\u00e9rica.\",\"potentialAction\":[{\"@type\":\"SearchAction\",\"target\":{\"@type\":\"EntryPoint\",\"urlTemplate\":\"https:\\\/\\\/zonacaral.gob.pe\\\/es\\\/?s={search_term_string}\"},\"query-input\":{\"@type\":\"PropertyValueSpecification\",\"valueRequired\":true,\"valueName\":\"search_term_string\"}}],\"inLanguage\":\"es-PE\"},{\"@type\":\"Person\",\"@id\":\"https:\\\/\\\/zonacaral.gob.pe\\\/es\\\/#\\\/schema\\\/person\\\/beddb4d22f71a7230c5b90913270a0ee\",\"name\":\"Zona Caral Administrador\",\"image\":{\"@type\":\"ImageObject\",\"inLanguage\":\"es-PE\",\"@id\":\"https:\\\/\\\/secure.gravatar.com\\\/avatar\\\/e4be162918a696358376de6446614e0f0f4062bdc5d170d6d540ada3d8b58c12?s=96&d=mm&r=g\",\"url\":\"https:\\\/\\\/secure.gravatar.com\\\/avatar\\\/e4be162918a696358376de6446614e0f0f4062bdc5d170d6d540ada3d8b58c12?s=96&d=mm&r=g\",\"contentUrl\":\"https:\\\/\\\/secure.gravatar.com\\\/avatar\\\/e4be162918a696358376de6446614e0f0f4062bdc5d170d6d540ada3d8b58c12?s=96&d=mm&r=g\",\"caption\":\"Zona Caral Administrador\"},\"sameAs\":[\"https:\\\/\\\/zonacaral.gob.pe\"],\"url\":\"https:\\\/\\\/zonacaral.gob.pe\\\/es\\\/noticias\\\/author\\\/ad_zonacaral\\\/\"}]}<\/script>\n<!-- \/ Yoast SEO plugin. -->","yoast_head_json":{"title":"ICOMOS Per\u00fa nombra miembro honorario a doctora Ruth Shady","description":"La doctora Ruth Shady Sol\u00eds, directora de la Zona Arqueol\u00f3gica Caral, Unidad Ejecutora 003 del Ministerio de Cultura, fue nombrada miembro honorario del Comit\u00e9 Peruano del Consejo Internacional de Monumentos y Sitios - ICOMOS Per\u00fa, el cual forma parte de la m\u00e1s importante organizaci\u00f3n civil de alcance global, dedicada a la conservaci\u00f3n y gesti\u00f3n integral del patrimonio cultural.","robots":{"index":"index","follow":"follow","max-snippet":"max-snippet:-1","max-image-preview":"max-image-preview:large","max-video-preview":"max-video-preview:-1"},"canonical":"https:\/\/zonacaral.gob.pe\/es\/noticias\/icomos-peru-nombra-miembro-honorario-a-doctora-ruth-shady\/","og_locale":"es_ES","og_type":"article","og_title":"ICOMOS Per\u00fa nombra miembro honorario a doctora Ruth Shady","og_description":"La doctora Ruth Shady Sol\u00eds, directora de la Zona Arqueol\u00f3gica Caral, Unidad Ejecutora 003 del Ministerio de Cultura, fue nombrada miembro honorario del Comit\u00e9 Peruano del Consejo Internacional de Monumentos y Sitios - ICOMOS Per\u00fa, el cual forma parte de la m\u00e1s importante organizaci\u00f3n civil de alcance global, dedicada a la conservaci\u00f3n y gesti\u00f3n integral del patrimonio cultural.","og_url":"https:\/\/zonacaral.gob.pe\/es\/noticias\/icomos-peru-nombra-miembro-honorario-a-doctora-ruth-shady\/","og_site_name":"Zona Caral","article_published_time":"2025-11-04T14:38:59+00:00","og_image":[{"width":1366,"height":768,"url":"https:\/\/zonacaral.gob.pe\/wp-content\/uploads\/2025\/11\/Dra.jpg","type":"image\/jpeg"}],"author":"Zona Caral Administrador","twitter_card":"summary_large_image","twitter_misc":{"Written by":"Zona Caral Administrador","Est. reading time":"2 minutos"},"schema":{"@context":"https:\/\/schema.org","@graph":[{"@type":"Article","@id":"https:\/\/zonacaral.gob.pe\/es\/noticias\/icomos-peru-nombra-miembro-honorario-a-doctora-ruth-shady\/#article","isPartOf":{"@id":"https:\/\/zonacaral.gob.pe\/es\/noticias\/icomos-peru-nombra-miembro-honorario-a-doctora-ruth-shady\/"},"author":{"name":"Zona Caral Administrador","@id":"https:\/\/zonacaral.gob.pe\/es\/#\/schema\/person\/beddb4d22f71a7230c5b90913270a0ee"},"headline":"ICOMOS Per\u00fa nombra miembro honorario a doctora Ruth Shady","datePublished":"2025-11-04T14:38:59+00:00","mainEntityOfPage":{"@id":"https:\/\/zonacaral.gob.pe\/es\/noticias\/icomos-peru-nombra-miembro-honorario-a-doctora-ruth-shady\/"},"wordCount":330,"image":{"@id":"https:\/\/zonacaral.gob.pe\/es\/noticias\/icomos-peru-nombra-miembro-honorario-a-doctora-ruth-shady\/#primaryimage"},"thumbnailUrl":"https:\/\/zonacaral.gob.pe\/wp-content\/uploads\/2025\/11\/Dra.jpg","keywords":["caral","Cultura"],"articleSection":["noticias"],"inLanguage":"es-PE"},{"@type":"WebPage","@id":"https:\/\/zonacaral.gob.pe\/es\/noticias\/icomos-peru-nombra-miembro-honorario-a-doctora-ruth-shady\/","url":"https:\/\/zonacaral.gob.pe\/es\/noticias\/icomos-peru-nombra-miembro-honorario-a-doctora-ruth-shady\/","name":"ICOMOS Per\u00fa nombra miembro honorario a doctora Ruth Shady","isPartOf":{"@id":"https:\/\/zonacaral.gob.pe\/es\/#website"},"primaryImageOfPage":{"@id":"https:\/\/zonacaral.gob.pe\/es\/noticias\/icomos-peru-nombra-miembro-honorario-a-doctora-ruth-shady\/#primaryimage"},"image":{"@id":"https:\/\/zonacaral.gob.pe\/es\/noticias\/icomos-peru-nombra-miembro-honorario-a-doctora-ruth-shady\/#primaryimage"},"thumbnailUrl":"https:\/\/zonacaral.gob.pe\/wp-content\/uploads\/2025\/11\/Dra.jpg","datePublished":"2025-11-04T14:38:59+00:00","author":{"@id":"https:\/\/zonacaral.gob.pe\/es\/#\/schema\/person\/beddb4d22f71a7230c5b90913270a0ee"},"description":"La doctora Ruth Shady Sol\u00eds, directora de la Zona Arqueol\u00f3gica Caral, Unidad Ejecutora 003 del Ministerio de Cultura, fue nombrada miembro honorario del Comit\u00e9 Peruano del Consejo Internacional de Monumentos y Sitios - ICOMOS Per\u00fa, el cual forma parte de la m\u00e1s importante organizaci\u00f3n civil de alcance global, dedicada a la conservaci\u00f3n y gesti\u00f3n integral del patrimonio cultural.","breadcrumb":{"@id":"https:\/\/zonacaral.gob.pe\/es\/noticias\/icomos-peru-nombra-miembro-honorario-a-doctora-ruth-shady\/#breadcrumb"},"inLanguage":"es-PE","potentialAction":[{"@type":"ReadAction","target":["https:\/\/zonacaral.gob.pe\/es\/noticias\/icomos-peru-nombra-miembro-honorario-a-doctora-ruth-shady\/"]}]},{"@type":"ImageObject","inLanguage":"es-PE","@id":"https:\/\/zonacaral.gob.pe\/es\/noticias\/icomos-peru-nombra-miembro-honorario-a-doctora-ruth-shady\/#primaryimage","url":"https:\/\/zonacaral.gob.pe\/wp-content\/uploads\/2025\/11\/Dra.jpg","contentUrl":"https:\/\/zonacaral.gob.pe\/wp-content\/uploads\/2025\/11\/Dra.jpg","width":1366,"height":768},{"@type":"BreadcrumbList","@id":"https:\/\/zonacaral.gob.pe\/es\/noticias\/icomos-peru-nombra-miembro-honorario-a-doctora-ruth-shady\/#breadcrumb","itemListElement":[{"@type":"ListItem","position":1,"name":"Portada","item":"https:\/\/zonacaral.gob.pe\/"},{"@type":"ListItem","position":2,"name":"ICOMOS Per\u00fa nombra miembro honorario a doctora Ruth Shady"}]},{"@type":"WebSite","@id":"https:\/\/zonacaral.gob.pe\/es\/#website","url":"https:\/\/zonacaral.gob.pe\/es\/","name":"Zona Caral","description":"Investigamos, conservamos y difundimos el patrimonio cultural de la Civilizaci\u00f3n Caral, la m\u00e1s antigua de Am\u00e9rica.","potentialAction":[{"@type":"SearchAction","target":{"@type":"EntryPoint","urlTemplate":"https:\/\/zonacaral.gob.pe\/es\/?s={search_term_string}"},"query-input":{"@type":"PropertyValueSpecification","valueRequired":true,"valueName":"search_term_string"}}],"inLanguage":"es-PE"},{"@type":"Person","@id":"https:\/\/zonacaral.gob.pe\/es\/#\/schema\/person\/beddb4d22f71a7230c5b90913270a0ee","name":"Zona Caral Administrador","image":{"@type":"ImageObject","inLanguage":"es-PE","@id":"https:\/\/secure.gravatar.com\/avatar\/e4be162918a696358376de6446614e0f0f4062bdc5d170d6d540ada3d8b58c12?s=96&d=mm&r=g","url":"https:\/\/secure.gravatar.com\/avatar\/e4be162918a696358376de6446614e0f0f4062bdc5d170d6d540ada3d8b58c12?s=96&d=mm&r=g","contentUrl":"https:\/\/secure.gravatar.com\/avatar\/e4be162918a696358376de6446614e0f0f4062bdc5d170d6d540ada3d8b58c12?s=96&d=mm&r=g","caption":"Zona Caral Administrador"},"sameAs":["https:\/\/zonacaral.gob.pe"],"url":"https:\/\/zonacaral.gob.pe\/es\/noticias\/author\/ad_zonacaral\/"}]}},"_links":{"self":[{"href":"https:\/\/zonacaral.gob.pe\/es\/wp-json\/wp\/v2\/posts\/18660","targetHints":{"allow":["GET"]}}],"collection":[{"href":"https:\/\/zonacaral.gob.pe\/es\/wp-json\/wp\/v2\/posts"}],"about":[{"href":"https:\/\/zonacaral.gob.pe\/es\/wp-json\/wp\/v2\/types\/post"}],"author":[{"embeddable":true,"href":"https:\/\/zonacaral.gob.pe\/es\/wp-json\/wp\/v2\/users\/1"}],"replies":[{"embeddable":true,"href":"https:\/\/zonacaral.gob.pe\/es\/wp-json\/wp\/v2\/comments?post=18660"}],"version-history":[{"count":0,"href":"https:\/\/zonacaral.gob.pe\/es\/wp-json\/wp\/v2\/posts\/18660\/revisions"}],"wp:featuredmedia":[{"embeddable":true,"href":"https:\/\/zonacaral.gob.pe\/es\/wp-json\/wp\/v2\/media\/18661"}],"wp:attachment":[{"href":"https:\/\/zonacaral.gob.pe\/es\/wp-json\/wp\/v2\/media?parent=18660"}],"wp:term":[{"taxonomy":"category","embeddable":true,"href":"https:\/\/zonacaral.gob.pe\/es\/wp-json\/wp\/v2\/categories?post=18660"},{"taxonomy":"post_tag","embeddable":true,"href":"https:\/\/zonacaral.gob.pe\/es\/wp-json\/wp\/v2\/tags?post=18660"}],"curies":[{"name":"wp","href":"https:\/\/api.w.org\/{rel}","templated":true}]}}