{"id":18668,"date":"2025-11-14T10:22:44","date_gmt":"2025-11-14T15:22:44","guid":{"rendered":"https:\/\/www.zonacaral.gob.pe\/?p=18668"},"modified":"2025-11-14T10:22:44","modified_gmt":"2025-11-14T15:22:44","slug":"zona-arqueologica-caral-coloca-letreros-informativos-para-proteger-la-hacienda-san-nicolas","status":"publish","type":"post","link":"https:\/\/zonacaral.gob.pe\/es\/noticias\/zona-arqueologica-caral-coloca-letreros-informativos-para-proteger-la-hacienda-san-nicolas\/","title":{"rendered":"Zona Arqueol\u00f3gica Caral coloca letreros informativos para proteger la Hacienda San Nicol\u00e1s"},"content":{"rendered":"<figure class=\"pic-autor\" style=\"color: #4d4d4d; text-align: justify;\"><\/figure>\n<div class=\"gmail_default\" style=\"text-align: justify;\">\n<blockquote>\n<p><em><span style=\"font-weight: 400;\">El patrimonio se protege.<\/span><\/em><\/p>\n<\/blockquote>\n<p><span style=\"font-weight: 400;\">Con el objetivo de proteger la hist\u00f3rica Hacienda San Nicol\u00e1s, ubicada en el distrito de Supe, provincia de Barranca \u2013 regi\u00f3n Lima, la <\/span><a href=\"https:\/\/www.instagram.com\/caralperu\/?hl=es\"><span style=\"font-weight: 400;\">Zona Arqueol\u00f3gica Caral<\/span><\/a><span style=\"font-weight: 400;\"> (ZAC), Unidad Ejecutora 003 del Ministerio de Cultura, ha instalado carteles informativos que destacan su valor como Patrimonio Cultural de la Naci\u00f3n, condici\u00f3n que ostenta desde 1974.<\/span><\/p>\n<p><span style=\"font-weight: 400;\">En los letreros se precisa que el terreno de la hacienda se encuentra dentro del \u00e1rea poligonal del sitio arqueol\u00f3gico Chim\u00fa C\u00e1pac. Este sitio, formado por dos cumbres con edificaciones de piedra de diferentes periodos arqueol\u00f3gicos, est\u00e1 inscrito como Patrimonio Cultural de la Naci\u00f3n desde 2005.<\/span><\/p>\n<p><span style=\"font-weight: 400;\">Adem\u00e1s, la se\u00f1al\u00e9tica recoge el Art\u00edculo 21 de la Constituci\u00f3n Pol\u00edtica del Per\u00fa, que establece que \u201clos yacimientos y restos arqueol\u00f3gicos, construcciones, monumentos, documentos, objetos art\u00edsticos y testimonios de valor hist\u00f3rico son patrimonio cultural de la Naci\u00f3n, est\u00e9n en propiedad p\u00fablica o privada, y est\u00e1n protegidos por el Estado\u201d.<\/span><\/p>\n<p><span style=\"font-weight: 400;\">Cabe se\u00f1alar que, de acuerdo con el Art\u00edculo 226\u00b0 del C\u00f3digo Penal: \u201cEl que depreda o el que, sin autorizaci\u00f3n, explora, excava o remueve yacimientos arqueol\u00f3gicos prehispanicos, ser\u00e1 reprimido con pena privativa de libertad no menor de cuatro ni mayor de ocho a\u00f1os\u201d.<\/span><\/p>\n<p><b>Destrucci\u00f3n del patrimonio<\/b><\/p>\n<p><span style=\"font-weight: 400;\">Esta acci\u00f3n se enmarca en la denuncia presentada por la ZAC el pasado 26 de octubre, debido a la destrucci\u00f3n de parte de las antiguas construcciones de la Zona Monumental de la Hacienda San Nicol\u00e1s. En ese momento, se solicit\u00f3 la intervenci\u00f3n de la Polic\u00eda Nacional, la Fiscal\u00eda y el Ministerio P\u00fablico, y se desplaz\u00f3 al lugar a los abogados y arque\u00f3logos de la ZAC para detener el atentado.<\/span><\/p>\n<p><span style=\"font-weight: 400;\">Del mismo modo, la ZAC interpuso las denuncias correspondientes y espera que las autoridades competentes act\u00faen con celeridad para que recaiga todo el peso de la ley sobre los responsables de este hecho atentatorio contra el patrimonio cultural.<\/span><\/p>\n<p><b>Valor de la Hacienda San Nicol\u00e1s<\/b><\/p>\n<p><span style=\"font-weight: 400;\">La Hacienda San Nicol\u00e1s, construida en el siglo XVI, desempe\u00f1\u00f3 un papel crucial en el desarrollo agrario del Per\u00fa. Representa un patrimonio complejo, pues es testigo de la colonizaci\u00f3n, la agroexportaci\u00f3n coste\u00f1a, las migraciones laborales, la reforma agraria y la cultura local del valle de Supe.<\/span><\/p>\n<p><span style=\"font-weight: 400;\">Su valor hist\u00f3rico, material y simb\u00f3lico la hace merecedora de una conservaci\u00f3n urgente, as\u00ed como de estudio y difusi\u00f3n. Su estado actual subraya la imperiosa necesidad de implementar pol\u00edticas activas para la protecci\u00f3n del patrimonio.<\/span><\/p>\n<p><strong style=\"font-size: inherit; text-align: justify;\">Fuente: Comunicaci\u00f3n e Imagen Institucional ZAC<\/strong><\/p>\n<\/div>\n<div style=\"color: #1f1f1f;\">\n<div style=\"color: #1f1f1f;\">\n<p style=\"text-align: justify;\">Fecha de publicaci\u00f3n: 14\/11\/2025<\/p>\n<\/div>\n<\/div>\n\n\n<p><\/p>\n\n\n\n<p><\/p>\n","protected":false},"excerpt":{"rendered":"<p>El patrimonio se protege. Con el objetivo de proteger la hist\u00f3rica Hacienda San Nicol\u00e1s, ubicada en el distrito de Supe, [&hellip;]<\/p>\n","protected":false},"author":1,"featured_media":18670,"comment_status":"closed","ping_status":"open","sticky":false,"template":"","format":"standard","meta":{"_acf_changed":false,"site-sidebar-layout":"default","site-content-layout":"","ast-site-content-layout":"default","site-content-style":"default","site-sidebar-style":"default","ast-global-header-display":"","ast-banner-title-visibility":"","ast-main-header-display":"","ast-hfb-above-header-display":"","ast-hfb-below-header-display":"","ast-hfb-mobile-header-display":"","site-post-title":"","ast-breadcrumbs-content":"","ast-featured-img":"","footer-sml-layout":"","ast-disable-related-posts":"","theme-transparent-header-meta":"","adv-header-id-meta":"","stick-header-meta":"","header-above-stick-meta":"","header-main-stick-meta":"","header-below-stick-meta":"","astra-migrate-meta-layouts":"default","ast-page-background-enabled":"default","ast-page-background-meta":{"desktop":{"background-color":"var(--ast-global-color-5)","background-image":"","background-repeat":"repeat","background-position":"center center","background-size":"auto","background-attachment":"scroll","background-type":"","background-media":"","overlay-type":"","overlay-color":"","overlay-opacity":"","overlay-gradient":""},"tablet":{"background-color":"","background-image":"","background-repeat":"repeat","background-position":"center center","background-size":"auto","background-attachment":"scroll","background-type":"","background-media":"","overlay-type":"","overlay-color":"","overlay-opacity":"","overlay-gradient":""},"mobile":{"background-color":"","background-image":"","background-repeat":"repeat","background-position":"center center","background-size":"auto","background-attachment":"scroll","background-type":"","background-media":"","overlay-type":"","overlay-color":"","overlay-opacity":"","overlay-gradient":""}},"ast-content-background-meta":{"desktop":{"background-color":"var(--ast-global-color-4)","background-image":"","background-repeat":"repeat","background-position":"center center","background-size":"auto","background-attachment":"scroll","background-type":"","background-media":"","overlay-type":"","overlay-color":"","overlay-opacity":"","overlay-gradient":""},"tablet":{"background-color":"var(--ast-global-color-4)","background-image":"","background-repeat":"repeat","background-position":"center center","background-size":"auto","background-attachment":"scroll","background-type":"","background-media":"","overlay-type":"","overlay-color":"","overlay-opacity":"","overlay-gradient":""},"mobile":{"background-color":"var(--ast-global-color-4)","background-image":"","background-repeat":"repeat","background-position":"center center","background-size":"auto","background-attachment":"scroll","background-type":"","background-media":"","overlay-type":"","overlay-color":"","overlay-opacity":"","overlay-gradient":""}},"footnotes":""},"categories":[208],"tags":[55,72],"class_list":["post-18668","post","type-post","status-publish","format-standard","has-post-thumbnail","hentry","category-noticias","tag-caral","tag-cultura"],"acf":[],"yoast_head":"<!-- This site is optimized with the Yoast SEO plugin v27.3 - https:\/\/yoast.com\/product\/yoast-seo-wordpress\/ -->\n<title>Zona Arqueol\u00f3gica Caral coloca letreros informativos para proteger la Hacienda San Nicol\u00e1s<\/title>\n<meta name=\"description\" content=\"Con el objetivo de proteger la hist\u00f3rica Hacienda San Nicol\u00e1s, ubicada en el distrito de Supe, provincia de Barranca \u2013 regi\u00f3n Lima, la Zona Arqueol\u00f3gica Caral (ZAC), Unidad Ejecutora 003 del Ministerio de Cultura, ha instalado carteles informativos que destacan su valor como Patrimonio Cultural de la Naci\u00f3n, condici\u00f3n que ostenta desde 1974.\" \/>\n<meta name=\"robots\" content=\"index, follow, max-snippet:-1, max-image-preview:large, max-video-preview:-1\" \/>\n<link rel=\"canonical\" href=\"https:\/\/zonacaral.gob.pe\/es\/noticias\/zona-arqueologica-caral-coloca-letreros-informativos-para-proteger-la-hacienda-san-nicolas\/\" \/>\n<meta property=\"og:locale\" content=\"es_ES\" \/>\n<meta property=\"og:type\" content=\"article\" \/>\n<meta property=\"og:title\" content=\"Zona Arqueol\u00f3gica Caral coloca letreros informativos para proteger la Hacienda San Nicol\u00e1s\" \/>\n<meta property=\"og:description\" content=\"Con el objetivo de proteger la hist\u00f3rica Hacienda San Nicol\u00e1s, ubicada en el distrito de Supe, provincia de Barranca \u2013 regi\u00f3n Lima, la Zona Arqueol\u00f3gica Caral (ZAC), Unidad Ejecutora 003 del Ministerio de Cultura, ha instalado carteles informativos que destacan su valor como Patrimonio Cultural de la Naci\u00f3n, condici\u00f3n que ostenta desde 1974.\" \/>\n<meta property=\"og:url\" content=\"https:\/\/zonacaral.gob.pe\/es\/noticias\/zona-arqueologica-caral-coloca-letreros-informativos-para-proteger-la-hacienda-san-nicolas\/\" \/>\n<meta property=\"og:site_name\" content=\"Zona Caral\" \/>\n<meta property=\"article:published_time\" content=\"2025-11-14T15:22:44+00:00\" \/>\n<meta property=\"og:image\" content=\"https:\/\/zonacaral.gob.pe\/wp-content\/uploads\/2025\/11\/hacienda1.jpg\" \/>\n\t<meta property=\"og:image:width\" content=\"1920\" \/>\n\t<meta property=\"og:image:height\" content=\"1080\" \/>\n\t<meta property=\"og:image:type\" content=\"image\/jpeg\" \/>\n<meta name=\"author\" content=\"Zona Caral Administrador\" \/>\n<meta name=\"twitter:card\" content=\"summary_large_image\" \/>\n<meta name=\"twitter:label1\" content=\"Written by\" \/>\n\t<meta name=\"twitter:data1\" content=\"Zona Caral Administrador\" \/>\n\t<meta name=\"twitter:label2\" content=\"Est. reading time\" \/>\n\t<meta name=\"twitter:data2\" content=\"2 minutos\" \/>\n<script type=\"application\/ld+json\" class=\"yoast-schema-graph\">{\"@context\":\"https:\\\/\\\/schema.org\",\"@graph\":[{\"@type\":\"Article\",\"@id\":\"https:\\\/\\\/zonacaral.gob.pe\\\/es\\\/noticias\\\/zona-arqueologica-caral-coloca-letreros-informativos-para-proteger-la-hacienda-san-nicolas\\\/#article\",\"isPartOf\":{\"@id\":\"https:\\\/\\\/zonacaral.gob.pe\\\/es\\\/noticias\\\/zona-arqueologica-caral-coloca-letreros-informativos-para-proteger-la-hacienda-san-nicolas\\\/\"},\"author\":{\"name\":\"Zona Caral Administrador\",\"@id\":\"https:\\\/\\\/zonacaral.gob.pe\\\/es\\\/#\\\/schema\\\/person\\\/beddb4d22f71a7230c5b90913270a0ee\"},\"headline\":\"Zona Arqueol\u00f3gica Caral coloca letreros informativos para proteger la Hacienda San Nicol\u00e1s\",\"datePublished\":\"2025-11-14T15:22:44+00:00\",\"mainEntityOfPage\":{\"@id\":\"https:\\\/\\\/zonacaral.gob.pe\\\/es\\\/noticias\\\/zona-arqueologica-caral-coloca-letreros-informativos-para-proteger-la-hacienda-san-nicolas\\\/\"},\"wordCount\":460,\"image\":{\"@id\":\"https:\\\/\\\/zonacaral.gob.pe\\\/es\\\/noticias\\\/zona-arqueologica-caral-coloca-letreros-informativos-para-proteger-la-hacienda-san-nicolas\\\/#primaryimage\"},\"thumbnailUrl\":\"https:\\\/\\\/zonacaral.gob.pe\\\/wp-content\\\/uploads\\\/2025\\\/11\\\/hacienda1.jpg\",\"keywords\":[\"caral\",\"Cultura\"],\"articleSection\":[\"noticias\"],\"inLanguage\":\"es-PE\"},{\"@type\":\"WebPage\",\"@id\":\"https:\\\/\\\/zonacaral.gob.pe\\\/es\\\/noticias\\\/zona-arqueologica-caral-coloca-letreros-informativos-para-proteger-la-hacienda-san-nicolas\\\/\",\"url\":\"https:\\\/\\\/zonacaral.gob.pe\\\/es\\\/noticias\\\/zona-arqueologica-caral-coloca-letreros-informativos-para-proteger-la-hacienda-san-nicolas\\\/\",\"name\":\"Zona Arqueol\u00f3gica Caral coloca letreros informativos para proteger la Hacienda San Nicol\u00e1s\",\"isPartOf\":{\"@id\":\"https:\\\/\\\/zonacaral.gob.pe\\\/es\\\/#website\"},\"primaryImageOfPage\":{\"@id\":\"https:\\\/\\\/zonacaral.gob.pe\\\/es\\\/noticias\\\/zona-arqueologica-caral-coloca-letreros-informativos-para-proteger-la-hacienda-san-nicolas\\\/#primaryimage\"},\"image\":{\"@id\":\"https:\\\/\\\/zonacaral.gob.pe\\\/es\\\/noticias\\\/zona-arqueologica-caral-coloca-letreros-informativos-para-proteger-la-hacienda-san-nicolas\\\/#primaryimage\"},\"thumbnailUrl\":\"https:\\\/\\\/zonacaral.gob.pe\\\/wp-content\\\/uploads\\\/2025\\\/11\\\/hacienda1.jpg\",\"datePublished\":\"2025-11-14T15:22:44+00:00\",\"author\":{\"@id\":\"https:\\\/\\\/zonacaral.gob.pe\\\/es\\\/#\\\/schema\\\/person\\\/beddb4d22f71a7230c5b90913270a0ee\"},\"description\":\"Con el objetivo de proteger la hist\u00f3rica Hacienda San Nicol\u00e1s, ubicada en el distrito de Supe, provincia de Barranca \u2013 regi\u00f3n Lima, la Zona Arqueol\u00f3gica Caral (ZAC), Unidad Ejecutora 003 del Ministerio de Cultura, ha instalado carteles informativos que destacan su valor como Patrimonio Cultural de la Naci\u00f3n, condici\u00f3n que ostenta desde 1974.\",\"breadcrumb\":{\"@id\":\"https:\\\/\\\/zonacaral.gob.pe\\\/es\\\/noticias\\\/zona-arqueologica-caral-coloca-letreros-informativos-para-proteger-la-hacienda-san-nicolas\\\/#breadcrumb\"},\"inLanguage\":\"es-PE\",\"potentialAction\":[{\"@type\":\"ReadAction\",\"target\":[\"https:\\\/\\\/zonacaral.gob.pe\\\/es\\\/noticias\\\/zona-arqueologica-caral-coloca-letreros-informativos-para-proteger-la-hacienda-san-nicolas\\\/\"]}]},{\"@type\":\"ImageObject\",\"inLanguage\":\"es-PE\",\"@id\":\"https:\\\/\\\/zonacaral.gob.pe\\\/es\\\/noticias\\\/zona-arqueologica-caral-coloca-letreros-informativos-para-proteger-la-hacienda-san-nicolas\\\/#primaryimage\",\"url\":\"https:\\\/\\\/zonacaral.gob.pe\\\/wp-content\\\/uploads\\\/2025\\\/11\\\/hacienda1.jpg\",\"contentUrl\":\"https:\\\/\\\/zonacaral.gob.pe\\\/wp-content\\\/uploads\\\/2025\\\/11\\\/hacienda1.jpg\",\"width\":1920,\"height\":1080},{\"@type\":\"BreadcrumbList\",\"@id\":\"https:\\\/\\\/zonacaral.gob.pe\\\/es\\\/noticias\\\/zona-arqueologica-caral-coloca-letreros-informativos-para-proteger-la-hacienda-san-nicolas\\\/#breadcrumb\",\"itemListElement\":[{\"@type\":\"ListItem\",\"position\":1,\"name\":\"Portada\",\"item\":\"https:\\\/\\\/zonacaral.gob.pe\\\/\"},{\"@type\":\"ListItem\",\"position\":2,\"name\":\"Zona Arqueol\u00f3gica Caral coloca letreros informativos para proteger la Hacienda San Nicol\u00e1s\"}]},{\"@type\":\"WebSite\",\"@id\":\"https:\\\/\\\/zonacaral.gob.pe\\\/es\\\/#website\",\"url\":\"https:\\\/\\\/zonacaral.gob.pe\\\/es\\\/\",\"name\":\"Zona Caral\",\"description\":\"Investigamos, conservamos y difundimos el patrimonio cultural de la Civilizaci\u00f3n Caral, la m\u00e1s antigua de Am\u00e9rica.\",\"potentialAction\":[{\"@type\":\"SearchAction\",\"target\":{\"@type\":\"EntryPoint\",\"urlTemplate\":\"https:\\\/\\\/zonacaral.gob.pe\\\/es\\\/?s={search_term_string}\"},\"query-input\":{\"@type\":\"PropertyValueSpecification\",\"valueRequired\":true,\"valueName\":\"search_term_string\"}}],\"inLanguage\":\"es-PE\"},{\"@type\":\"Person\",\"@id\":\"https:\\\/\\\/zonacaral.gob.pe\\\/es\\\/#\\\/schema\\\/person\\\/beddb4d22f71a7230c5b90913270a0ee\",\"name\":\"Zona Caral Administrador\",\"image\":{\"@type\":\"ImageObject\",\"inLanguage\":\"es-PE\",\"@id\":\"https:\\\/\\\/secure.gravatar.com\\\/avatar\\\/e4be162918a696358376de6446614e0f0f4062bdc5d170d6d540ada3d8b58c12?s=96&d=mm&r=g\",\"url\":\"https:\\\/\\\/secure.gravatar.com\\\/avatar\\\/e4be162918a696358376de6446614e0f0f4062bdc5d170d6d540ada3d8b58c12?s=96&d=mm&r=g\",\"contentUrl\":\"https:\\\/\\\/secure.gravatar.com\\\/avatar\\\/e4be162918a696358376de6446614e0f0f4062bdc5d170d6d540ada3d8b58c12?s=96&d=mm&r=g\",\"caption\":\"Zona Caral Administrador\"},\"sameAs\":[\"https:\\\/\\\/zonacaral.gob.pe\"],\"url\":\"https:\\\/\\\/zonacaral.gob.pe\\\/es\\\/noticias\\\/author\\\/ad_zonacaral\\\/\"}]}<\/script>\n<!-- \/ Yoast SEO plugin. -->","yoast_head_json":{"title":"Zona Arqueol\u00f3gica Caral coloca letreros informativos para proteger la Hacienda San Nicol\u00e1s","description":"Con el objetivo de proteger la hist\u00f3rica Hacienda San Nicol\u00e1s, ubicada en el distrito de Supe, provincia de Barranca \u2013 regi\u00f3n Lima, la Zona Arqueol\u00f3gica Caral (ZAC), Unidad Ejecutora 003 del Ministerio de Cultura, ha instalado carteles informativos que destacan su valor como Patrimonio Cultural de la Naci\u00f3n, condici\u00f3n que ostenta desde 1974.","robots":{"index":"index","follow":"follow","max-snippet":"max-snippet:-1","max-image-preview":"max-image-preview:large","max-video-preview":"max-video-preview:-1"},"canonical":"https:\/\/zonacaral.gob.pe\/es\/noticias\/zona-arqueologica-caral-coloca-letreros-informativos-para-proteger-la-hacienda-san-nicolas\/","og_locale":"es_ES","og_type":"article","og_title":"Zona Arqueol\u00f3gica Caral coloca letreros informativos para proteger la Hacienda San Nicol\u00e1s","og_description":"Con el objetivo de proteger la hist\u00f3rica Hacienda San Nicol\u00e1s, ubicada en el distrito de Supe, provincia de Barranca \u2013 regi\u00f3n Lima, la Zona Arqueol\u00f3gica Caral (ZAC), Unidad Ejecutora 003 del Ministerio de Cultura, ha instalado carteles informativos que destacan su valor como Patrimonio Cultural de la Naci\u00f3n, condici\u00f3n que ostenta desde 1974.","og_url":"https:\/\/zonacaral.gob.pe\/es\/noticias\/zona-arqueologica-caral-coloca-letreros-informativos-para-proteger-la-hacienda-san-nicolas\/","og_site_name":"Zona Caral","article_published_time":"2025-11-14T15:22:44+00:00","og_image":[{"width":1920,"height":1080,"url":"https:\/\/zonacaral.gob.pe\/wp-content\/uploads\/2025\/11\/hacienda1.jpg","type":"image\/jpeg"}],"author":"Zona Caral Administrador","twitter_card":"summary_large_image","twitter_misc":{"Written by":"Zona Caral Administrador","Est. reading time":"2 minutos"},"schema":{"@context":"https:\/\/schema.org","@graph":[{"@type":"Article","@id":"https:\/\/zonacaral.gob.pe\/es\/noticias\/zona-arqueologica-caral-coloca-letreros-informativos-para-proteger-la-hacienda-san-nicolas\/#article","isPartOf":{"@id":"https:\/\/zonacaral.gob.pe\/es\/noticias\/zona-arqueologica-caral-coloca-letreros-informativos-para-proteger-la-hacienda-san-nicolas\/"},"author":{"name":"Zona Caral Administrador","@id":"https:\/\/zonacaral.gob.pe\/es\/#\/schema\/person\/beddb4d22f71a7230c5b90913270a0ee"},"headline":"Zona Arqueol\u00f3gica Caral coloca letreros informativos para proteger la Hacienda San Nicol\u00e1s","datePublished":"2025-11-14T15:22:44+00:00","mainEntityOfPage":{"@id":"https:\/\/zonacaral.gob.pe\/es\/noticias\/zona-arqueologica-caral-coloca-letreros-informativos-para-proteger-la-hacienda-san-nicolas\/"},"wordCount":460,"image":{"@id":"https:\/\/zonacaral.gob.pe\/es\/noticias\/zona-arqueologica-caral-coloca-letreros-informativos-para-proteger-la-hacienda-san-nicolas\/#primaryimage"},"thumbnailUrl":"https:\/\/zonacaral.gob.pe\/wp-content\/uploads\/2025\/11\/hacienda1.jpg","keywords":["caral","Cultura"],"articleSection":["noticias"],"inLanguage":"es-PE"},{"@type":"WebPage","@id":"https:\/\/zonacaral.gob.pe\/es\/noticias\/zona-arqueologica-caral-coloca-letreros-informativos-para-proteger-la-hacienda-san-nicolas\/","url":"https:\/\/zonacaral.gob.pe\/es\/noticias\/zona-arqueologica-caral-coloca-letreros-informativos-para-proteger-la-hacienda-san-nicolas\/","name":"Zona Arqueol\u00f3gica Caral coloca letreros informativos para proteger la Hacienda San Nicol\u00e1s","isPartOf":{"@id":"https:\/\/zonacaral.gob.pe\/es\/#website"},"primaryImageOfPage":{"@id":"https:\/\/zonacaral.gob.pe\/es\/noticias\/zona-arqueologica-caral-coloca-letreros-informativos-para-proteger-la-hacienda-san-nicolas\/#primaryimage"},"image":{"@id":"https:\/\/zonacaral.gob.pe\/es\/noticias\/zona-arqueologica-caral-coloca-letreros-informativos-para-proteger-la-hacienda-san-nicolas\/#primaryimage"},"thumbnailUrl":"https:\/\/zonacaral.gob.pe\/wp-content\/uploads\/2025\/11\/hacienda1.jpg","datePublished":"2025-11-14T15:22:44+00:00","author":{"@id":"https:\/\/zonacaral.gob.pe\/es\/#\/schema\/person\/beddb4d22f71a7230c5b90913270a0ee"},"description":"Con el objetivo de proteger la hist\u00f3rica Hacienda San Nicol\u00e1s, ubicada en el distrito de Supe, provincia de Barranca \u2013 regi\u00f3n Lima, la Zona Arqueol\u00f3gica Caral (ZAC), Unidad Ejecutora 003 del Ministerio de Cultura, ha instalado carteles informativos que destacan su valor como Patrimonio Cultural de la Naci\u00f3n, condici\u00f3n que ostenta desde 1974.","breadcrumb":{"@id":"https:\/\/zonacaral.gob.pe\/es\/noticias\/zona-arqueologica-caral-coloca-letreros-informativos-para-proteger-la-hacienda-san-nicolas\/#breadcrumb"},"inLanguage":"es-PE","potentialAction":[{"@type":"ReadAction","target":["https:\/\/zonacaral.gob.pe\/es\/noticias\/zona-arqueologica-caral-coloca-letreros-informativos-para-proteger-la-hacienda-san-nicolas\/"]}]},{"@type":"ImageObject","inLanguage":"es-PE","@id":"https:\/\/zonacaral.gob.pe\/es\/noticias\/zona-arqueologica-caral-coloca-letreros-informativos-para-proteger-la-hacienda-san-nicolas\/#primaryimage","url":"https:\/\/zonacaral.gob.pe\/wp-content\/uploads\/2025\/11\/hacienda1.jpg","contentUrl":"https:\/\/zonacaral.gob.pe\/wp-content\/uploads\/2025\/11\/hacienda1.jpg","width":1920,"height":1080},{"@type":"BreadcrumbList","@id":"https:\/\/zonacaral.gob.pe\/es\/noticias\/zona-arqueologica-caral-coloca-letreros-informativos-para-proteger-la-hacienda-san-nicolas\/#breadcrumb","itemListElement":[{"@type":"ListItem","position":1,"name":"Portada","item":"https:\/\/zonacaral.gob.pe\/"},{"@type":"ListItem","position":2,"name":"Zona Arqueol\u00f3gica Caral coloca letreros informativos para proteger la Hacienda San Nicol\u00e1s"}]},{"@type":"WebSite","@id":"https:\/\/zonacaral.gob.pe\/es\/#website","url":"https:\/\/zonacaral.gob.pe\/es\/","name":"Zona Caral","description":"Investigamos, conservamos y difundimos el patrimonio cultural de la Civilizaci\u00f3n Caral, la m\u00e1s antigua de Am\u00e9rica.","potentialAction":[{"@type":"SearchAction","target":{"@type":"EntryPoint","urlTemplate":"https:\/\/zonacaral.gob.pe\/es\/?s={search_term_string}"},"query-input":{"@type":"PropertyValueSpecification","valueRequired":true,"valueName":"search_term_string"}}],"inLanguage":"es-PE"},{"@type":"Person","@id":"https:\/\/zonacaral.gob.pe\/es\/#\/schema\/person\/beddb4d22f71a7230c5b90913270a0ee","name":"Zona Caral Administrador","image":{"@type":"ImageObject","inLanguage":"es-PE","@id":"https:\/\/secure.gravatar.com\/avatar\/e4be162918a696358376de6446614e0f0f4062bdc5d170d6d540ada3d8b58c12?s=96&d=mm&r=g","url":"https:\/\/secure.gravatar.com\/avatar\/e4be162918a696358376de6446614e0f0f4062bdc5d170d6d540ada3d8b58c12?s=96&d=mm&r=g","contentUrl":"https:\/\/secure.gravatar.com\/avatar\/e4be162918a696358376de6446614e0f0f4062bdc5d170d6d540ada3d8b58c12?s=96&d=mm&r=g","caption":"Zona Caral Administrador"},"sameAs":["https:\/\/zonacaral.gob.pe"],"url":"https:\/\/zonacaral.gob.pe\/es\/noticias\/author\/ad_zonacaral\/"}]}},"_links":{"self":[{"href":"https:\/\/zonacaral.gob.pe\/es\/wp-json\/wp\/v2\/posts\/18668","targetHints":{"allow":["GET"]}}],"collection":[{"href":"https:\/\/zonacaral.gob.pe\/es\/wp-json\/wp\/v2\/posts"}],"about":[{"href":"https:\/\/zonacaral.gob.pe\/es\/wp-json\/wp\/v2\/types\/post"}],"author":[{"embeddable":true,"href":"https:\/\/zonacaral.gob.pe\/es\/wp-json\/wp\/v2\/users\/1"}],"replies":[{"embeddable":true,"href":"https:\/\/zonacaral.gob.pe\/es\/wp-json\/wp\/v2\/comments?post=18668"}],"version-history":[{"count":0,"href":"https:\/\/zonacaral.gob.pe\/es\/wp-json\/wp\/v2\/posts\/18668\/revisions"}],"wp:featuredmedia":[{"embeddable":true,"href":"https:\/\/zonacaral.gob.pe\/es\/wp-json\/wp\/v2\/media\/18670"}],"wp:attachment":[{"href":"https:\/\/zonacaral.gob.pe\/es\/wp-json\/wp\/v2\/media?parent=18668"}],"wp:term":[{"taxonomy":"category","embeddable":true,"href":"https:\/\/zonacaral.gob.pe\/es\/wp-json\/wp\/v2\/categories?post=18668"},{"taxonomy":"post_tag","embeddable":true,"href":"https:\/\/zonacaral.gob.pe\/es\/wp-json\/wp\/v2\/tags?post=18668"}],"curies":[{"name":"wp","href":"https:\/\/api.w.org\/{rel}","templated":true}]}}