{"id":18674,"date":"2025-11-17T18:18:28","date_gmt":"2025-11-17T23:18:28","guid":{"rendered":"https:\/\/www.zonacaral.gob.pe\/?p=18674"},"modified":"2025-11-17T18:18:28","modified_gmt":"2025-11-17T23:18:28","slug":"visita-la-exposicion-de-caral-en-el-ministerio-de-cultura","status":"publish","type":"post","link":"https:\/\/zonacaral.gob.pe\/es\/noticias\/visita-la-exposicion-de-caral-en-el-ministerio-de-cultura\/","title":{"rendered":"Visita la exposici\u00f3n de Caral en el Ministerio de Cultura"},"content":{"rendered":"<figure class=\"pic-autor\" style=\"color: #4d4d4d; text-align: justify;\"><\/figure>\n<div class=\"gmail_default\" style=\"text-align: justify;\">\n<blockquote>\n<p><span style=\"font-weight: 400;\">\u00daltimos d\u00edas para \u201ccaralizarte\u201d.<\/span><\/p>\n<\/blockquote>\n<p><span style=\"font-weight: 400;\">La <\/span><a href=\"https:\/\/www.instagram.com\/caralperu\/?hl=es\"><span style=\"font-weight: 400;\">Zona Arqueol\u00f3gica Caral<\/span><\/a><span style=\"font-weight: 400;\"> (ZAC), Unidad Ejecutora 003 del Ministerio de Cultura, presenta la exposici\u00f3n \u201cCaral: cinco mil a\u00f1os de producci\u00f3n de conocimientos en ciencia y tecnolog\u00eda y de relaci\u00f3n intercultural para generar integraci\u00f3n en la diversidad\u201d, en conmemoraci\u00f3n de los 31 a\u00f1os del inicio de las investigaciones en la Ciudad Sagrada de Caral-Supe, declarada Patrimonio Mundial por la UNESCO.<\/span><\/p>\n<p><span style=\"font-weight: 400;\">La muestra museogr\u00e1fica se exhibe en el Hall Paracas del Ministerio de Cultura, en San Borja, y estar\u00e1 abierta hasta el 30 de noviembre, de martes a domingo, de 9:00 a. m. a 5:00 p. m. El ingreso es libre.<\/span><\/p>\n<p><span style=\"font-weight: 400;\">A trav\u00e9s de infograf\u00edas, r\u00e9plicas y recursos interactivos, los visitantes pueden conocer el desarrollo de la Civilizaci\u00f3n Caral, surgida hace cinco mil a\u00f1os en el \u00e1rea norcentral del Per\u00fa, en el valle de Supe. Se muestra tambi\u00e9n la ubicaci\u00f3n de los principales centros urbanos que conformaron esta red de integraci\u00f3n social y econ\u00f3mica.<\/span><\/p>\n<p><span style=\"font-weight: 400;\">Entre los atractivos de la exposici\u00f3n destaca una r\u00e9plica a tama\u00f1o real del altar del fuego de Caral, s\u00edmbolo del conocimiento cient\u00edfico y tecnol\u00f3gico alcanzado por esta civilizaci\u00f3n, adem\u00e1s de su profundo sentido espiritual.<\/span><\/p>\n<p><span style=\"font-weight: 400;\">Asimismo, el p\u00fablico podr\u00e1 explorar, mediante pantallas t\u00e1ctiles, una colecci\u00f3n digital de esculturas halladas en los distintos centros urbanos, representaciones que retratan a las principales autoridades de la \u00e9poca.<\/span><\/p>\n<p><span style=\"font-weight: 400;\">Las infograf\u00edas ilustradas complementan la muestra con informaci\u00f3n sobre la producci\u00f3n de alimentos del mar y del valle, una pr\u00e1ctica basada en la complementariedad que asegur\u00f3 una nutrici\u00f3n equilibrada a los antiguos caralinos hace cinco milenios.<\/span><\/p>\n<p><span style=\"font-weight: 400;\">DATO<\/span><\/p>\n<p><span style=\"font-weight: 400;\">Visita los centros urbanos de la Civilizaci\u00f3n Caral: Ciudad Sagrada de Caral, \u00c1spero, Vichama y Pe\u00f1ico, abiertos al p\u00fablico de lunes a domingo, incluidos los feriados, de 9:00 a. m. a 5:00 p. m. Otra forma de conocerlos es a trav\u00e9s del programa Viajes Culturales. Comun\u00edcate al: 955 881 340.<\/span><\/p>\n<p><strong style=\"font-size: inherit; text-align: justify;\">Fuente: Comunicaci\u00f3n e Imagen Institucional ZAC<\/strong><\/p>\n<\/div>\n<div style=\"color: #1f1f1f;\">\n<div style=\"color: #1f1f1f;\">\n<p style=\"text-align: justify;\">Fecha de publicaci\u00f3n: 17\/11\/2025<\/p>\n<\/div>\n<\/div>\n\n\n<p><\/p>\n\n\n\n<p><\/p>\n","protected":false},"excerpt":{"rendered":"<p>\u00daltimos d\u00edas para \u201ccaralizarte\u201d. La Zona Arqueol\u00f3gica Caral (ZAC), Unidad Ejecutora 003 del Ministerio de Cultura, presenta la exposici\u00f3n \u201cCaral: [&hellip;]<\/p>\n","protected":false},"author":1,"featured_media":18676,"comment_status":"closed","ping_status":"open","sticky":false,"template":"","format":"standard","meta":{"_acf_changed":false,"site-sidebar-layout":"default","site-content-layout":"","ast-site-content-layout":"default","site-content-style":"default","site-sidebar-style":"default","ast-global-header-display":"","ast-banner-title-visibility":"","ast-main-header-display":"","ast-hfb-above-header-display":"","ast-hfb-below-header-display":"","ast-hfb-mobile-header-display":"","site-post-title":"","ast-breadcrumbs-content":"","ast-featured-img":"","footer-sml-layout":"","ast-disable-related-posts":"","theme-transparent-header-meta":"","adv-header-id-meta":"","stick-header-meta":"","header-above-stick-meta":"","header-main-stick-meta":"","header-below-stick-meta":"","astra-migrate-meta-layouts":"default","ast-page-background-enabled":"default","ast-page-background-meta":{"desktop":{"background-color":"var(--ast-global-color-5)","background-image":"","background-repeat":"repeat","background-position":"center center","background-size":"auto","background-attachment":"scroll","background-type":"","background-media":"","overlay-type":"","overlay-color":"","overlay-opacity":"","overlay-gradient":""},"tablet":{"background-color":"","background-image":"","background-repeat":"repeat","background-position":"center center","background-size":"auto","background-attachment":"scroll","background-type":"","background-media":"","overlay-type":"","overlay-color":"","overlay-opacity":"","overlay-gradient":""},"mobile":{"background-color":"","background-image":"","background-repeat":"repeat","background-position":"center center","background-size":"auto","background-attachment":"scroll","background-type":"","background-media":"","overlay-type":"","overlay-color":"","overlay-opacity":"","overlay-gradient":""}},"ast-content-background-meta":{"desktop":{"background-color":"var(--ast-global-color-4)","background-image":"","background-repeat":"repeat","background-position":"center center","background-size":"auto","background-attachment":"scroll","background-type":"","background-media":"","overlay-type":"","overlay-color":"","overlay-opacity":"","overlay-gradient":""},"tablet":{"background-color":"var(--ast-global-color-4)","background-image":"","background-repeat":"repeat","background-position":"center center","background-size":"auto","background-attachment":"scroll","background-type":"","background-media":"","overlay-type":"","overlay-color":"","overlay-opacity":"","overlay-gradient":""},"mobile":{"background-color":"var(--ast-global-color-4)","background-image":"","background-repeat":"repeat","background-position":"center center","background-size":"auto","background-attachment":"scroll","background-type":"","background-media":"","overlay-type":"","overlay-color":"","overlay-opacity":"","overlay-gradient":""}},"footnotes":""},"categories":[208],"tags":[55,72],"class_list":["post-18674","post","type-post","status-publish","format-standard","has-post-thumbnail","hentry","category-noticias","tag-caral","tag-cultura"],"acf":[],"yoast_head":"<!-- This site is optimized with the Yoast SEO plugin v27.3 - https:\/\/yoast.com\/product\/yoast-seo-wordpress\/ -->\n<title>Visita la exposici\u00f3n de Caral en el Ministerio de Cultura<\/title>\n<meta name=\"description\" content=\"La Zona Arqueol\u00f3gica Caral (ZAC), Unidad Ejecutora 003 del Ministerio de Cultura, presenta la exposici\u00f3n \u201cCaral: cinco mil a\u00f1os de producci\u00f3n de conocimientos en ciencia y tecnolog\u00eda y de relaci\u00f3n intercultural para generar integraci\u00f3n en la diversidad\u201d, en conmemoraci\u00f3n de los 31 a\u00f1os del inicio de las investigaciones en la Ciudad Sagrada de Caral-Supe, declarada Patrimonio Mundial por la UNESCO.\" \/>\n<meta name=\"robots\" content=\"index, follow, max-snippet:-1, max-image-preview:large, max-video-preview:-1\" \/>\n<link rel=\"canonical\" href=\"https:\/\/zonacaral.gob.pe\/es\/noticias\/visita-la-exposicion-de-caral-en-el-ministerio-de-cultura\/\" \/>\n<meta property=\"og:locale\" content=\"es_ES\" \/>\n<meta property=\"og:type\" content=\"article\" \/>\n<meta property=\"og:title\" content=\"Visita la exposici\u00f3n de Caral en el Ministerio de Cultura\" \/>\n<meta property=\"og:description\" content=\"La Zona Arqueol\u00f3gica Caral (ZAC), Unidad Ejecutora 003 del Ministerio de Cultura, presenta la exposici\u00f3n \u201cCaral: cinco mil a\u00f1os de producci\u00f3n de conocimientos en ciencia y tecnolog\u00eda y de relaci\u00f3n intercultural para generar integraci\u00f3n en la diversidad\u201d, en conmemoraci\u00f3n de los 31 a\u00f1os del inicio de las investigaciones en la Ciudad Sagrada de Caral-Supe, declarada Patrimonio Mundial por la UNESCO.\" \/>\n<meta property=\"og:url\" content=\"https:\/\/zonacaral.gob.pe\/es\/noticias\/visita-la-exposicion-de-caral-en-el-ministerio-de-cultura\/\" \/>\n<meta property=\"og:site_name\" content=\"Zona Caral\" \/>\n<meta property=\"article:published_time\" content=\"2025-11-17T23:18:28+00:00\" \/>\n<meta property=\"og:image\" content=\"https:\/\/zonacaral.gob.pe\/wp-content\/uploads\/2025\/11\/expocaralm1.jpg\" \/>\n\t<meta property=\"og:image:width\" content=\"1920\" \/>\n\t<meta property=\"og:image:height\" content=\"1080\" \/>\n\t<meta property=\"og:image:type\" content=\"image\/jpeg\" \/>\n<meta name=\"author\" content=\"Zona Caral Administrador\" \/>\n<meta name=\"twitter:card\" content=\"summary_large_image\" \/>\n<meta name=\"twitter:label1\" content=\"Written by\" \/>\n\t<meta name=\"twitter:data1\" content=\"Zona Caral Administrador\" \/>\n\t<meta name=\"twitter:label2\" content=\"Est. reading time\" \/>\n\t<meta name=\"twitter:data2\" content=\"2 minutos\" \/>\n<script type=\"application\/ld+json\" class=\"yoast-schema-graph\">{\"@context\":\"https:\\\/\\\/schema.org\",\"@graph\":[{\"@type\":\"Article\",\"@id\":\"https:\\\/\\\/zonacaral.gob.pe\\\/es\\\/noticias\\\/visita-la-exposicion-de-caral-en-el-ministerio-de-cultura\\\/#article\",\"isPartOf\":{\"@id\":\"https:\\\/\\\/zonacaral.gob.pe\\\/es\\\/noticias\\\/visita-la-exposicion-de-caral-en-el-ministerio-de-cultura\\\/\"},\"author\":{\"name\":\"Zona Caral Administrador\",\"@id\":\"https:\\\/\\\/zonacaral.gob.pe\\\/es\\\/#\\\/schema\\\/person\\\/beddb4d22f71a7230c5b90913270a0ee\"},\"headline\":\"Visita la exposici\u00f3n de Caral en el Ministerio de Cultura\",\"datePublished\":\"2025-11-17T23:18:28+00:00\",\"mainEntityOfPage\":{\"@id\":\"https:\\\/\\\/zonacaral.gob.pe\\\/es\\\/noticias\\\/visita-la-exposicion-de-caral-en-el-ministerio-de-cultura\\\/\"},\"wordCount\":360,\"image\":{\"@id\":\"https:\\\/\\\/zonacaral.gob.pe\\\/es\\\/noticias\\\/visita-la-exposicion-de-caral-en-el-ministerio-de-cultura\\\/#primaryimage\"},\"thumbnailUrl\":\"https:\\\/\\\/zonacaral.gob.pe\\\/wp-content\\\/uploads\\\/2025\\\/11\\\/expocaralm1.jpg\",\"keywords\":[\"caral\",\"Cultura\"],\"articleSection\":[\"noticias\"],\"inLanguage\":\"es-PE\"},{\"@type\":\"WebPage\",\"@id\":\"https:\\\/\\\/zonacaral.gob.pe\\\/es\\\/noticias\\\/visita-la-exposicion-de-caral-en-el-ministerio-de-cultura\\\/\",\"url\":\"https:\\\/\\\/zonacaral.gob.pe\\\/es\\\/noticias\\\/visita-la-exposicion-de-caral-en-el-ministerio-de-cultura\\\/\",\"name\":\"Visita la exposici\u00f3n de Caral en el Ministerio de Cultura\",\"isPartOf\":{\"@id\":\"https:\\\/\\\/zonacaral.gob.pe\\\/es\\\/#website\"},\"primaryImageOfPage\":{\"@id\":\"https:\\\/\\\/zonacaral.gob.pe\\\/es\\\/noticias\\\/visita-la-exposicion-de-caral-en-el-ministerio-de-cultura\\\/#primaryimage\"},\"image\":{\"@id\":\"https:\\\/\\\/zonacaral.gob.pe\\\/es\\\/noticias\\\/visita-la-exposicion-de-caral-en-el-ministerio-de-cultura\\\/#primaryimage\"},\"thumbnailUrl\":\"https:\\\/\\\/zonacaral.gob.pe\\\/wp-content\\\/uploads\\\/2025\\\/11\\\/expocaralm1.jpg\",\"datePublished\":\"2025-11-17T23:18:28+00:00\",\"author\":{\"@id\":\"https:\\\/\\\/zonacaral.gob.pe\\\/es\\\/#\\\/schema\\\/person\\\/beddb4d22f71a7230c5b90913270a0ee\"},\"description\":\"La Zona Arqueol\u00f3gica Caral (ZAC), Unidad Ejecutora 003 del Ministerio de Cultura, presenta la exposici\u00f3n \u201cCaral: cinco mil a\u00f1os de producci\u00f3n de conocimientos en ciencia y tecnolog\u00eda y de relaci\u00f3n intercultural para generar integraci\u00f3n en la diversidad\u201d, en conmemoraci\u00f3n de los 31 a\u00f1os del inicio de las investigaciones en la Ciudad Sagrada de Caral-Supe, declarada Patrimonio Mundial por la UNESCO.\",\"breadcrumb\":{\"@id\":\"https:\\\/\\\/zonacaral.gob.pe\\\/es\\\/noticias\\\/visita-la-exposicion-de-caral-en-el-ministerio-de-cultura\\\/#breadcrumb\"},\"inLanguage\":\"es-PE\",\"potentialAction\":[{\"@type\":\"ReadAction\",\"target\":[\"https:\\\/\\\/zonacaral.gob.pe\\\/es\\\/noticias\\\/visita-la-exposicion-de-caral-en-el-ministerio-de-cultura\\\/\"]}]},{\"@type\":\"ImageObject\",\"inLanguage\":\"es-PE\",\"@id\":\"https:\\\/\\\/zonacaral.gob.pe\\\/es\\\/noticias\\\/visita-la-exposicion-de-caral-en-el-ministerio-de-cultura\\\/#primaryimage\",\"url\":\"https:\\\/\\\/zonacaral.gob.pe\\\/wp-content\\\/uploads\\\/2025\\\/11\\\/expocaralm1.jpg\",\"contentUrl\":\"https:\\\/\\\/zonacaral.gob.pe\\\/wp-content\\\/uploads\\\/2025\\\/11\\\/expocaralm1.jpg\",\"width\":1920,\"height\":1080},{\"@type\":\"BreadcrumbList\",\"@id\":\"https:\\\/\\\/zonacaral.gob.pe\\\/es\\\/noticias\\\/visita-la-exposicion-de-caral-en-el-ministerio-de-cultura\\\/#breadcrumb\",\"itemListElement\":[{\"@type\":\"ListItem\",\"position\":1,\"name\":\"Portada\",\"item\":\"https:\\\/\\\/zonacaral.gob.pe\\\/\"},{\"@type\":\"ListItem\",\"position\":2,\"name\":\"Visita la exposici\u00f3n de Caral en el Ministerio de Cultura\"}]},{\"@type\":\"WebSite\",\"@id\":\"https:\\\/\\\/zonacaral.gob.pe\\\/es\\\/#website\",\"url\":\"https:\\\/\\\/zonacaral.gob.pe\\\/es\\\/\",\"name\":\"Zona Caral\",\"description\":\"Investigamos, conservamos y difundimos el patrimonio cultural de la Civilizaci\u00f3n Caral, la m\u00e1s antigua de Am\u00e9rica.\",\"potentialAction\":[{\"@type\":\"SearchAction\",\"target\":{\"@type\":\"EntryPoint\",\"urlTemplate\":\"https:\\\/\\\/zonacaral.gob.pe\\\/es\\\/?s={search_term_string}\"},\"query-input\":{\"@type\":\"PropertyValueSpecification\",\"valueRequired\":true,\"valueName\":\"search_term_string\"}}],\"inLanguage\":\"es-PE\"},{\"@type\":\"Person\",\"@id\":\"https:\\\/\\\/zonacaral.gob.pe\\\/es\\\/#\\\/schema\\\/person\\\/beddb4d22f71a7230c5b90913270a0ee\",\"name\":\"Zona Caral Administrador\",\"image\":{\"@type\":\"ImageObject\",\"inLanguage\":\"es-PE\",\"@id\":\"https:\\\/\\\/secure.gravatar.com\\\/avatar\\\/e4be162918a696358376de6446614e0f0f4062bdc5d170d6d540ada3d8b58c12?s=96&d=mm&r=g\",\"url\":\"https:\\\/\\\/secure.gravatar.com\\\/avatar\\\/e4be162918a696358376de6446614e0f0f4062bdc5d170d6d540ada3d8b58c12?s=96&d=mm&r=g\",\"contentUrl\":\"https:\\\/\\\/secure.gravatar.com\\\/avatar\\\/e4be162918a696358376de6446614e0f0f4062bdc5d170d6d540ada3d8b58c12?s=96&d=mm&r=g\",\"caption\":\"Zona Caral Administrador\"},\"sameAs\":[\"https:\\\/\\\/zonacaral.gob.pe\"],\"url\":\"https:\\\/\\\/zonacaral.gob.pe\\\/es\\\/noticias\\\/author\\\/ad_zonacaral\\\/\"}]}<\/script>\n<!-- \/ Yoast SEO plugin. -->","yoast_head_json":{"title":"Visita la exposici\u00f3n de Caral en el Ministerio de Cultura","description":"La Zona Arqueol\u00f3gica Caral (ZAC), Unidad Ejecutora 003 del Ministerio de Cultura, presenta la exposici\u00f3n \u201cCaral: cinco mil a\u00f1os de producci\u00f3n de conocimientos en ciencia y tecnolog\u00eda y de relaci\u00f3n intercultural para generar integraci\u00f3n en la diversidad\u201d, en conmemoraci\u00f3n de los 31 a\u00f1os del inicio de las investigaciones en la Ciudad Sagrada de Caral-Supe, declarada Patrimonio Mundial por la UNESCO.","robots":{"index":"index","follow":"follow","max-snippet":"max-snippet:-1","max-image-preview":"max-image-preview:large","max-video-preview":"max-video-preview:-1"},"canonical":"https:\/\/zonacaral.gob.pe\/es\/noticias\/visita-la-exposicion-de-caral-en-el-ministerio-de-cultura\/","og_locale":"es_ES","og_type":"article","og_title":"Visita la exposici\u00f3n de Caral en el Ministerio de Cultura","og_description":"La Zona Arqueol\u00f3gica Caral (ZAC), Unidad Ejecutora 003 del Ministerio de Cultura, presenta la exposici\u00f3n \u201cCaral: cinco mil a\u00f1os de producci\u00f3n de conocimientos en ciencia y tecnolog\u00eda y de relaci\u00f3n intercultural para generar integraci\u00f3n en la diversidad\u201d, en conmemoraci\u00f3n de los 31 a\u00f1os del inicio de las investigaciones en la Ciudad Sagrada de Caral-Supe, declarada Patrimonio Mundial por la UNESCO.","og_url":"https:\/\/zonacaral.gob.pe\/es\/noticias\/visita-la-exposicion-de-caral-en-el-ministerio-de-cultura\/","og_site_name":"Zona Caral","article_published_time":"2025-11-17T23:18:28+00:00","og_image":[{"width":1920,"height":1080,"url":"https:\/\/zonacaral.gob.pe\/wp-content\/uploads\/2025\/11\/expocaralm1.jpg","type":"image\/jpeg"}],"author":"Zona Caral Administrador","twitter_card":"summary_large_image","twitter_misc":{"Written by":"Zona Caral Administrador","Est. reading time":"2 minutos"},"schema":{"@context":"https:\/\/schema.org","@graph":[{"@type":"Article","@id":"https:\/\/zonacaral.gob.pe\/es\/noticias\/visita-la-exposicion-de-caral-en-el-ministerio-de-cultura\/#article","isPartOf":{"@id":"https:\/\/zonacaral.gob.pe\/es\/noticias\/visita-la-exposicion-de-caral-en-el-ministerio-de-cultura\/"},"author":{"name":"Zona Caral Administrador","@id":"https:\/\/zonacaral.gob.pe\/es\/#\/schema\/person\/beddb4d22f71a7230c5b90913270a0ee"},"headline":"Visita la exposici\u00f3n de Caral en el Ministerio de Cultura","datePublished":"2025-11-17T23:18:28+00:00","mainEntityOfPage":{"@id":"https:\/\/zonacaral.gob.pe\/es\/noticias\/visita-la-exposicion-de-caral-en-el-ministerio-de-cultura\/"},"wordCount":360,"image":{"@id":"https:\/\/zonacaral.gob.pe\/es\/noticias\/visita-la-exposicion-de-caral-en-el-ministerio-de-cultura\/#primaryimage"},"thumbnailUrl":"https:\/\/zonacaral.gob.pe\/wp-content\/uploads\/2025\/11\/expocaralm1.jpg","keywords":["caral","Cultura"],"articleSection":["noticias"],"inLanguage":"es-PE"},{"@type":"WebPage","@id":"https:\/\/zonacaral.gob.pe\/es\/noticias\/visita-la-exposicion-de-caral-en-el-ministerio-de-cultura\/","url":"https:\/\/zonacaral.gob.pe\/es\/noticias\/visita-la-exposicion-de-caral-en-el-ministerio-de-cultura\/","name":"Visita la exposici\u00f3n de Caral en el Ministerio de Cultura","isPartOf":{"@id":"https:\/\/zonacaral.gob.pe\/es\/#website"},"primaryImageOfPage":{"@id":"https:\/\/zonacaral.gob.pe\/es\/noticias\/visita-la-exposicion-de-caral-en-el-ministerio-de-cultura\/#primaryimage"},"image":{"@id":"https:\/\/zonacaral.gob.pe\/es\/noticias\/visita-la-exposicion-de-caral-en-el-ministerio-de-cultura\/#primaryimage"},"thumbnailUrl":"https:\/\/zonacaral.gob.pe\/wp-content\/uploads\/2025\/11\/expocaralm1.jpg","datePublished":"2025-11-17T23:18:28+00:00","author":{"@id":"https:\/\/zonacaral.gob.pe\/es\/#\/schema\/person\/beddb4d22f71a7230c5b90913270a0ee"},"description":"La Zona Arqueol\u00f3gica Caral (ZAC), Unidad Ejecutora 003 del Ministerio de Cultura, presenta la exposici\u00f3n \u201cCaral: cinco mil a\u00f1os de producci\u00f3n de conocimientos en ciencia y tecnolog\u00eda y de relaci\u00f3n intercultural para generar integraci\u00f3n en la diversidad\u201d, en conmemoraci\u00f3n de los 31 a\u00f1os del inicio de las investigaciones en la Ciudad Sagrada de Caral-Supe, declarada Patrimonio Mundial por la UNESCO.","breadcrumb":{"@id":"https:\/\/zonacaral.gob.pe\/es\/noticias\/visita-la-exposicion-de-caral-en-el-ministerio-de-cultura\/#breadcrumb"},"inLanguage":"es-PE","potentialAction":[{"@type":"ReadAction","target":["https:\/\/zonacaral.gob.pe\/es\/noticias\/visita-la-exposicion-de-caral-en-el-ministerio-de-cultura\/"]}]},{"@type":"ImageObject","inLanguage":"es-PE","@id":"https:\/\/zonacaral.gob.pe\/es\/noticias\/visita-la-exposicion-de-caral-en-el-ministerio-de-cultura\/#primaryimage","url":"https:\/\/zonacaral.gob.pe\/wp-content\/uploads\/2025\/11\/expocaralm1.jpg","contentUrl":"https:\/\/zonacaral.gob.pe\/wp-content\/uploads\/2025\/11\/expocaralm1.jpg","width":1920,"height":1080},{"@type":"BreadcrumbList","@id":"https:\/\/zonacaral.gob.pe\/es\/noticias\/visita-la-exposicion-de-caral-en-el-ministerio-de-cultura\/#breadcrumb","itemListElement":[{"@type":"ListItem","position":1,"name":"Portada","item":"https:\/\/zonacaral.gob.pe\/"},{"@type":"ListItem","position":2,"name":"Visita la exposici\u00f3n de Caral en el Ministerio de Cultura"}]},{"@type":"WebSite","@id":"https:\/\/zonacaral.gob.pe\/es\/#website","url":"https:\/\/zonacaral.gob.pe\/es\/","name":"Zona Caral","description":"Investigamos, conservamos y difundimos el patrimonio cultural de la Civilizaci\u00f3n Caral, la m\u00e1s antigua de Am\u00e9rica.","potentialAction":[{"@type":"SearchAction","target":{"@type":"EntryPoint","urlTemplate":"https:\/\/zonacaral.gob.pe\/es\/?s={search_term_string}"},"query-input":{"@type":"PropertyValueSpecification","valueRequired":true,"valueName":"search_term_string"}}],"inLanguage":"es-PE"},{"@type":"Person","@id":"https:\/\/zonacaral.gob.pe\/es\/#\/schema\/person\/beddb4d22f71a7230c5b90913270a0ee","name":"Zona Caral Administrador","image":{"@type":"ImageObject","inLanguage":"es-PE","@id":"https:\/\/secure.gravatar.com\/avatar\/e4be162918a696358376de6446614e0f0f4062bdc5d170d6d540ada3d8b58c12?s=96&d=mm&r=g","url":"https:\/\/secure.gravatar.com\/avatar\/e4be162918a696358376de6446614e0f0f4062bdc5d170d6d540ada3d8b58c12?s=96&d=mm&r=g","contentUrl":"https:\/\/secure.gravatar.com\/avatar\/e4be162918a696358376de6446614e0f0f4062bdc5d170d6d540ada3d8b58c12?s=96&d=mm&r=g","caption":"Zona Caral Administrador"},"sameAs":["https:\/\/zonacaral.gob.pe"],"url":"https:\/\/zonacaral.gob.pe\/es\/noticias\/author\/ad_zonacaral\/"}]}},"_links":{"self":[{"href":"https:\/\/zonacaral.gob.pe\/es\/wp-json\/wp\/v2\/posts\/18674","targetHints":{"allow":["GET"]}}],"collection":[{"href":"https:\/\/zonacaral.gob.pe\/es\/wp-json\/wp\/v2\/posts"}],"about":[{"href":"https:\/\/zonacaral.gob.pe\/es\/wp-json\/wp\/v2\/types\/post"}],"author":[{"embeddable":true,"href":"https:\/\/zonacaral.gob.pe\/es\/wp-json\/wp\/v2\/users\/1"}],"replies":[{"embeddable":true,"href":"https:\/\/zonacaral.gob.pe\/es\/wp-json\/wp\/v2\/comments?post=18674"}],"version-history":[{"count":0,"href":"https:\/\/zonacaral.gob.pe\/es\/wp-json\/wp\/v2\/posts\/18674\/revisions"}],"wp:featuredmedia":[{"embeddable":true,"href":"https:\/\/zonacaral.gob.pe\/es\/wp-json\/wp\/v2\/media\/18676"}],"wp:attachment":[{"href":"https:\/\/zonacaral.gob.pe\/es\/wp-json\/wp\/v2\/media?parent=18674"}],"wp:term":[{"taxonomy":"category","embeddable":true,"href":"https:\/\/zonacaral.gob.pe\/es\/wp-json\/wp\/v2\/categories?post=18674"},{"taxonomy":"post_tag","embeddable":true,"href":"https:\/\/zonacaral.gob.pe\/es\/wp-json\/wp\/v2\/tags?post=18674"}],"curies":[{"name":"wp","href":"https:\/\/api.w.org\/{rel}","templated":true}]}}