{"id":18680,"date":"2025-11-20T10:05:14","date_gmt":"2025-11-20T15:05:14","guid":{"rendered":"https:\/\/www.zonacaral.gob.pe\/?p=18680"},"modified":"2025-11-20T10:05:14","modified_gmt":"2025-11-20T15:05:14","slug":"doctora-ruth-shady-expuso-los-valores-de-la-civilizacion-caral-en-el-congreso-nacional-de-arqueologia","status":"publish","type":"post","link":"https:\/\/zonacaral.gob.pe\/es\/noticias\/doctora-ruth-shady-expuso-los-valores-de-la-civilizacion-caral-en-el-congreso-nacional-de-arqueologia\/","title":{"rendered":"Doctora Ruth Shady expuso los valores de la Civilizaci\u00f3n Caral en el Congreso Nacional de Arqueolog\u00eda"},"content":{"rendered":"<figure class=\"pic-autor\" style=\"color: #4d4d4d; text-align: justify;\"><\/figure>\n<div class=\"gmail_default\" style=\"text-align: justify;\">\n<blockquote>\n<p><em><span style=\"font-weight: 400;\">En encuentro de arque\u00f3logos del Per\u00fa.<\/span><\/em><\/p>\n<\/blockquote>\n<p><span style=\"font-weight: 400;\">El pasado viernes 14, la doctora Ruth Shady Sol\u00eds, directora de la Zona Arqueol\u00f3gica Caral (ZAC), Unidad Ejecutora 003 del Ministerio de Cultura, ofreci\u00f3 la ponencia titulada \u201cLos valores de la Civilizaci\u00f3n Caral para generar reflexiones en la sociedad actual\u201d, en el marco del XII Congreso Nacional de Arqueolog\u00eda, realizado en la ciudad de Arequipa.<\/span><\/p>\n<p><span style=\"font-weight: 400;\">Durante su intervenci\u00f3n, la investigadora principal de la primera civilizaci\u00f3n de Am\u00e9rica present\u00f3 los avances del trabajo multidisciplinario que dirige desde 1994 en el valle de Supe, donde hace m\u00e1s de cinco mil a\u00f1os se construyeron imponentes centros urbanos, entre ellos la Ciudad Sagrada de Caral-Supe, declarada Patrimonio Mundial por la Unesco.<\/span><\/p>\n<p><span style=\"font-weight: 400;\">En el hist\u00f3rico Teatro Municipal de Arequipa, la arque\u00f3loga explic\u00f3 los valores identificados en las investigaciones sobre el desarrollo civilizatorio de Caral, entre los que destacan: vivir en armon\u00eda con la naturaleza y entre los seres humanos; el manejo del territorio andino con visi\u00f3n de cuenca; la organizaci\u00f3n social para la ejecuci\u00f3n de obras de beneficio com\u00fan; la producci\u00f3n de conocimientos para solucionar problemas; la equidad de g\u00e9nero; el desarrollo integral del ser humano; el respeto a la diversidad cultural; y la preservaci\u00f3n de la memoria social del cambio clim\u00e1tico para mitigar sus efectos.<\/span><\/p>\n<p><span style=\"font-weight: 400;\">Asimismo, sostuvo que la protecci\u00f3n y conservaci\u00f3n de los centros urbanos de esta civilizaci\u00f3n es fundamental, debido a que resguardan una historia que permite comprender las formas de vida del pasado, compararlas con nuestra sociedad actual y proyectar los cambios necesarios para el futuro. \u201cDebemos comprender c\u00f3mo se vivi\u00f3 en el pasado, y comparar c\u00f3mo vivimos en el presente y qu\u00e9 cambios debemos asumir\u201d, dijo.<\/span><\/p>\n<p><span style=\"font-weight: 400;\">La docente de la Universidad Nacional Mayor de San Marcos resalt\u00f3 tambi\u00e9n la trascendencia de los conocimientos en el desarrollo cultural del Per\u00fa, desde la Civilizaci\u00f3n Caral hasta el Imperio Inca, como parte de un proceso continuo de integraci\u00f3n y creaci\u00f3n de saberes.<\/span><\/p>\n<p><span style=\"font-weight: 400;\">Finalmente, la doctora Shady invit\u00f3 al p\u00fablico a visitar los sitios arqueol\u00f3gicos que conforman la Ruta Caral, donde se puede conocer el origen de la civilizaci\u00f3n en el continente americano. \u201cYa son cuatro asentamientos que se puede visitar\u201d: Caral, \u00c1spero, Vichama y Pe\u00f1ico.<\/span><\/p>\n<p><strong style=\"font-size: inherit; text-align: justify;\">Fuente: Comunicaci\u00f3n e Imagen Institucional ZAC<\/strong><\/p>\n<\/div>\n<div style=\"color: #1f1f1f;\">\n<div style=\"color: #1f1f1f;\">\n<p style=\"text-align: justify;\">Fecha de publicaci\u00f3n: 20\/11\/2025<\/p>\n<\/div>\n<\/div>\n\n\n<p><\/p>\n\n\n\n<p><\/p>\n","protected":false},"excerpt":{"rendered":"<p>En encuentro de arque\u00f3logos del Per\u00fa. El pasado viernes 14, la doctora Ruth Shady Sol\u00eds, directora de la Zona Arqueol\u00f3gica [&hellip;]<\/p>\n","protected":false},"author":1,"featured_media":18681,"comment_status":"closed","ping_status":"open","sticky":false,"template":"","format":"standard","meta":{"_acf_changed":false,"site-sidebar-layout":"default","site-content-layout":"","ast-site-content-layout":"default","site-content-style":"default","site-sidebar-style":"default","ast-global-header-display":"","ast-banner-title-visibility":"","ast-main-header-display":"","ast-hfb-above-header-display":"","ast-hfb-below-header-display":"","ast-hfb-mobile-header-display":"","site-post-title":"","ast-breadcrumbs-content":"","ast-featured-img":"","footer-sml-layout":"","ast-disable-related-posts":"","theme-transparent-header-meta":"","adv-header-id-meta":"","stick-header-meta":"","header-above-stick-meta":"","header-main-stick-meta":"","header-below-stick-meta":"","astra-migrate-meta-layouts":"default","ast-page-background-enabled":"default","ast-page-background-meta":{"desktop":{"background-color":"var(--ast-global-color-5)","background-image":"","background-repeat":"repeat","background-position":"center center","background-size":"auto","background-attachment":"scroll","background-type":"","background-media":"","overlay-type":"","overlay-color":"","overlay-opacity":"","overlay-gradient":""},"tablet":{"background-color":"","background-image":"","background-repeat":"repeat","background-position":"center center","background-size":"auto","background-attachment":"scroll","background-type":"","background-media":"","overlay-type":"","overlay-color":"","overlay-opacity":"","overlay-gradient":""},"mobile":{"background-color":"","background-image":"","background-repeat":"repeat","background-position":"center center","background-size":"auto","background-attachment":"scroll","background-type":"","background-media":"","overlay-type":"","overlay-color":"","overlay-opacity":"","overlay-gradient":""}},"ast-content-background-meta":{"desktop":{"background-color":"var(--ast-global-color-4)","background-image":"","background-repeat":"repeat","background-position":"center center","background-size":"auto","background-attachment":"scroll","background-type":"","background-media":"","overlay-type":"","overlay-color":"","overlay-opacity":"","overlay-gradient":""},"tablet":{"background-color":"var(--ast-global-color-4)","background-image":"","background-repeat":"repeat","background-position":"center center","background-size":"auto","background-attachment":"scroll","background-type":"","background-media":"","overlay-type":"","overlay-color":"","overlay-opacity":"","overlay-gradient":""},"mobile":{"background-color":"var(--ast-global-color-4)","background-image":"","background-repeat":"repeat","background-position":"center center","background-size":"auto","background-attachment":"scroll","background-type":"","background-media":"","overlay-type":"","overlay-color":"","overlay-opacity":"","overlay-gradient":""}},"footnotes":""},"categories":[208],"tags":[55,72],"class_list":["post-18680","post","type-post","status-publish","format-standard","has-post-thumbnail","hentry","category-noticias","tag-caral","tag-cultura"],"acf":[],"yoast_head":"<!-- This site is optimized with the Yoast SEO plugin v27.3 - https:\/\/yoast.com\/product\/yoast-seo-wordpress\/ -->\n<title>Doctora Ruth Shady expuso los valores de la Civilizaci\u00f3n Caral en el Congreso Nacional de Arqueolog\u00eda<\/title>\n<meta name=\"description\" content=\"El pasado viernes 14, la doctora Ruth Shady Sol\u00eds, directora de la Zona Arqueol\u00f3gica Caral (ZAC), Unidad Ejecutora 003 del Ministerio de Cultura, ofreci\u00f3 la ponencia titulada \u201cLos valores de la Civilizaci\u00f3n Caral para generar reflexiones en la sociedad actual\u201d, en el marco del XII Congreso Nacional de Arqueolog\u00eda, realizado en la ciudad de Arequipa.\" \/>\n<meta name=\"robots\" content=\"index, follow, max-snippet:-1, max-image-preview:large, max-video-preview:-1\" \/>\n<link rel=\"canonical\" href=\"https:\/\/zonacaral.gob.pe\/es\/noticias\/doctora-ruth-shady-expuso-los-valores-de-la-civilizacion-caral-en-el-congreso-nacional-de-arqueologia\/\" \/>\n<meta property=\"og:locale\" content=\"es_ES\" \/>\n<meta property=\"og:type\" content=\"article\" \/>\n<meta property=\"og:title\" content=\"Doctora Ruth Shady expuso los valores de la Civilizaci\u00f3n Caral en el Congreso Nacional de Arqueolog\u00eda\" \/>\n<meta property=\"og:description\" content=\"El pasado viernes 14, la doctora Ruth Shady Sol\u00eds, directora de la Zona Arqueol\u00f3gica Caral (ZAC), Unidad Ejecutora 003 del Ministerio de Cultura, ofreci\u00f3 la ponencia titulada \u201cLos valores de la Civilizaci\u00f3n Caral para generar reflexiones en la sociedad actual\u201d, en el marco del XII Congreso Nacional de Arqueolog\u00eda, realizado en la ciudad de Arequipa.\" \/>\n<meta property=\"og:url\" content=\"https:\/\/zonacaral.gob.pe\/es\/noticias\/doctora-ruth-shady-expuso-los-valores-de-la-civilizacion-caral-en-el-congreso-nacional-de-arqueologia\/\" \/>\n<meta property=\"og:site_name\" content=\"Zona Caral\" \/>\n<meta property=\"article:published_time\" content=\"2025-11-20T15:05:14+00:00\" \/>\n<meta property=\"og:image\" content=\"https:\/\/zonacaral.gob.pe\/wp-content\/uploads\/2025\/11\/doccongreso1.jpg\" \/>\n\t<meta property=\"og:image:width\" content=\"1920\" \/>\n\t<meta property=\"og:image:height\" content=\"1080\" \/>\n\t<meta property=\"og:image:type\" content=\"image\/jpeg\" \/>\n<meta name=\"author\" content=\"Zona Caral Administrador\" \/>\n<meta name=\"twitter:card\" content=\"summary_large_image\" \/>\n<meta name=\"twitter:label1\" content=\"Written by\" \/>\n\t<meta name=\"twitter:data1\" content=\"Zona Caral Administrador\" \/>\n\t<meta name=\"twitter:label2\" content=\"Est. reading time\" \/>\n\t<meta name=\"twitter:data2\" content=\"2 minutos\" \/>\n<script type=\"application\/ld+json\" class=\"yoast-schema-graph\">{\"@context\":\"https:\\\/\\\/schema.org\",\"@graph\":[{\"@type\":\"Article\",\"@id\":\"https:\\\/\\\/zonacaral.gob.pe\\\/es\\\/noticias\\\/doctora-ruth-shady-expuso-los-valores-de-la-civilizacion-caral-en-el-congreso-nacional-de-arqueologia\\\/#article\",\"isPartOf\":{\"@id\":\"https:\\\/\\\/zonacaral.gob.pe\\\/es\\\/noticias\\\/doctora-ruth-shady-expuso-los-valores-de-la-civilizacion-caral-en-el-congreso-nacional-de-arqueologia\\\/\"},\"author\":{\"name\":\"Zona Caral Administrador\",\"@id\":\"https:\\\/\\\/zonacaral.gob.pe\\\/es\\\/#\\\/schema\\\/person\\\/beddb4d22f71a7230c5b90913270a0ee\"},\"headline\":\"Doctora Ruth Shady expuso los valores de la Civilizaci\u00f3n Caral en el Congreso Nacional de Arqueolog\u00eda\",\"datePublished\":\"2025-11-20T15:05:14+00:00\",\"mainEntityOfPage\":{\"@id\":\"https:\\\/\\\/zonacaral.gob.pe\\\/es\\\/noticias\\\/doctora-ruth-shady-expuso-los-valores-de-la-civilizacion-caral-en-el-congreso-nacional-de-arqueologia\\\/\"},\"wordCount\":418,\"image\":{\"@id\":\"https:\\\/\\\/zonacaral.gob.pe\\\/es\\\/noticias\\\/doctora-ruth-shady-expuso-los-valores-de-la-civilizacion-caral-en-el-congreso-nacional-de-arqueologia\\\/#primaryimage\"},\"thumbnailUrl\":\"https:\\\/\\\/zonacaral.gob.pe\\\/wp-content\\\/uploads\\\/2025\\\/11\\\/doccongreso1.jpg\",\"keywords\":[\"caral\",\"Cultura\"],\"articleSection\":[\"noticias\"],\"inLanguage\":\"es-PE\"},{\"@type\":\"WebPage\",\"@id\":\"https:\\\/\\\/zonacaral.gob.pe\\\/es\\\/noticias\\\/doctora-ruth-shady-expuso-los-valores-de-la-civilizacion-caral-en-el-congreso-nacional-de-arqueologia\\\/\",\"url\":\"https:\\\/\\\/zonacaral.gob.pe\\\/es\\\/noticias\\\/doctora-ruth-shady-expuso-los-valores-de-la-civilizacion-caral-en-el-congreso-nacional-de-arqueologia\\\/\",\"name\":\"Doctora Ruth Shady expuso los valores de la Civilizaci\u00f3n Caral en el Congreso Nacional de Arqueolog\u00eda\",\"isPartOf\":{\"@id\":\"https:\\\/\\\/zonacaral.gob.pe\\\/es\\\/#website\"},\"primaryImageOfPage\":{\"@id\":\"https:\\\/\\\/zonacaral.gob.pe\\\/es\\\/noticias\\\/doctora-ruth-shady-expuso-los-valores-de-la-civilizacion-caral-en-el-congreso-nacional-de-arqueologia\\\/#primaryimage\"},\"image\":{\"@id\":\"https:\\\/\\\/zonacaral.gob.pe\\\/es\\\/noticias\\\/doctora-ruth-shady-expuso-los-valores-de-la-civilizacion-caral-en-el-congreso-nacional-de-arqueologia\\\/#primaryimage\"},\"thumbnailUrl\":\"https:\\\/\\\/zonacaral.gob.pe\\\/wp-content\\\/uploads\\\/2025\\\/11\\\/doccongreso1.jpg\",\"datePublished\":\"2025-11-20T15:05:14+00:00\",\"author\":{\"@id\":\"https:\\\/\\\/zonacaral.gob.pe\\\/es\\\/#\\\/schema\\\/person\\\/beddb4d22f71a7230c5b90913270a0ee\"},\"description\":\"El pasado viernes 14, la doctora Ruth Shady Sol\u00eds, directora de la Zona Arqueol\u00f3gica Caral (ZAC), Unidad Ejecutora 003 del Ministerio de Cultura, ofreci\u00f3 la ponencia titulada \u201cLos valores de la Civilizaci\u00f3n Caral para generar reflexiones en la sociedad actual\u201d, en el marco del XII Congreso Nacional de Arqueolog\u00eda, realizado en la ciudad de Arequipa.\",\"breadcrumb\":{\"@id\":\"https:\\\/\\\/zonacaral.gob.pe\\\/es\\\/noticias\\\/doctora-ruth-shady-expuso-los-valores-de-la-civilizacion-caral-en-el-congreso-nacional-de-arqueologia\\\/#breadcrumb\"},\"inLanguage\":\"es-PE\",\"potentialAction\":[{\"@type\":\"ReadAction\",\"target\":[\"https:\\\/\\\/zonacaral.gob.pe\\\/es\\\/noticias\\\/doctora-ruth-shady-expuso-los-valores-de-la-civilizacion-caral-en-el-congreso-nacional-de-arqueologia\\\/\"]}]},{\"@type\":\"ImageObject\",\"inLanguage\":\"es-PE\",\"@id\":\"https:\\\/\\\/zonacaral.gob.pe\\\/es\\\/noticias\\\/doctora-ruth-shady-expuso-los-valores-de-la-civilizacion-caral-en-el-congreso-nacional-de-arqueologia\\\/#primaryimage\",\"url\":\"https:\\\/\\\/zonacaral.gob.pe\\\/wp-content\\\/uploads\\\/2025\\\/11\\\/doccongreso1.jpg\",\"contentUrl\":\"https:\\\/\\\/zonacaral.gob.pe\\\/wp-content\\\/uploads\\\/2025\\\/11\\\/doccongreso1.jpg\",\"width\":1920,\"height\":1080},{\"@type\":\"BreadcrumbList\",\"@id\":\"https:\\\/\\\/zonacaral.gob.pe\\\/es\\\/noticias\\\/doctora-ruth-shady-expuso-los-valores-de-la-civilizacion-caral-en-el-congreso-nacional-de-arqueologia\\\/#breadcrumb\",\"itemListElement\":[{\"@type\":\"ListItem\",\"position\":1,\"name\":\"Portada\",\"item\":\"https:\\\/\\\/zonacaral.gob.pe\\\/\"},{\"@type\":\"ListItem\",\"position\":2,\"name\":\"Doctora Ruth Shady expuso los valores de la Civilizaci\u00f3n Caral en el Congreso Nacional de Arqueolog\u00eda\"}]},{\"@type\":\"WebSite\",\"@id\":\"https:\\\/\\\/zonacaral.gob.pe\\\/es\\\/#website\",\"url\":\"https:\\\/\\\/zonacaral.gob.pe\\\/es\\\/\",\"name\":\"Zona Caral\",\"description\":\"Investigamos, conservamos y difundimos el patrimonio cultural de la Civilizaci\u00f3n Caral, la m\u00e1s antigua de Am\u00e9rica.\",\"potentialAction\":[{\"@type\":\"SearchAction\",\"target\":{\"@type\":\"EntryPoint\",\"urlTemplate\":\"https:\\\/\\\/zonacaral.gob.pe\\\/es\\\/?s={search_term_string}\"},\"query-input\":{\"@type\":\"PropertyValueSpecification\",\"valueRequired\":true,\"valueName\":\"search_term_string\"}}],\"inLanguage\":\"es-PE\"},{\"@type\":\"Person\",\"@id\":\"https:\\\/\\\/zonacaral.gob.pe\\\/es\\\/#\\\/schema\\\/person\\\/beddb4d22f71a7230c5b90913270a0ee\",\"name\":\"Zona Caral Administrador\",\"image\":{\"@type\":\"ImageObject\",\"inLanguage\":\"es-PE\",\"@id\":\"https:\\\/\\\/secure.gravatar.com\\\/avatar\\\/e4be162918a696358376de6446614e0f0f4062bdc5d170d6d540ada3d8b58c12?s=96&d=mm&r=g\",\"url\":\"https:\\\/\\\/secure.gravatar.com\\\/avatar\\\/e4be162918a696358376de6446614e0f0f4062bdc5d170d6d540ada3d8b58c12?s=96&d=mm&r=g\",\"contentUrl\":\"https:\\\/\\\/secure.gravatar.com\\\/avatar\\\/e4be162918a696358376de6446614e0f0f4062bdc5d170d6d540ada3d8b58c12?s=96&d=mm&r=g\",\"caption\":\"Zona Caral Administrador\"},\"sameAs\":[\"https:\\\/\\\/zonacaral.gob.pe\"],\"url\":\"https:\\\/\\\/zonacaral.gob.pe\\\/es\\\/noticias\\\/author\\\/ad_zonacaral\\\/\"}]}<\/script>\n<!-- \/ Yoast SEO plugin. -->","yoast_head_json":{"title":"Doctora Ruth Shady expuso los valores de la Civilizaci\u00f3n Caral en el Congreso Nacional de Arqueolog\u00eda","description":"El pasado viernes 14, la doctora Ruth Shady Sol\u00eds, directora de la Zona Arqueol\u00f3gica Caral (ZAC), Unidad Ejecutora 003 del Ministerio de Cultura, ofreci\u00f3 la ponencia titulada \u201cLos valores de la Civilizaci\u00f3n Caral para generar reflexiones en la sociedad actual\u201d, en el marco del XII Congreso Nacional de Arqueolog\u00eda, realizado en la ciudad de Arequipa.","robots":{"index":"index","follow":"follow","max-snippet":"max-snippet:-1","max-image-preview":"max-image-preview:large","max-video-preview":"max-video-preview:-1"},"canonical":"https:\/\/zonacaral.gob.pe\/es\/noticias\/doctora-ruth-shady-expuso-los-valores-de-la-civilizacion-caral-en-el-congreso-nacional-de-arqueologia\/","og_locale":"es_ES","og_type":"article","og_title":"Doctora Ruth Shady expuso los valores de la Civilizaci\u00f3n Caral en el Congreso Nacional de Arqueolog\u00eda","og_description":"El pasado viernes 14, la doctora Ruth Shady Sol\u00eds, directora de la Zona Arqueol\u00f3gica Caral (ZAC), Unidad Ejecutora 003 del Ministerio de Cultura, ofreci\u00f3 la ponencia titulada \u201cLos valores de la Civilizaci\u00f3n Caral para generar reflexiones en la sociedad actual\u201d, en el marco del XII Congreso Nacional de Arqueolog\u00eda, realizado en la ciudad de Arequipa.","og_url":"https:\/\/zonacaral.gob.pe\/es\/noticias\/doctora-ruth-shady-expuso-los-valores-de-la-civilizacion-caral-en-el-congreso-nacional-de-arqueologia\/","og_site_name":"Zona Caral","article_published_time":"2025-11-20T15:05:14+00:00","og_image":[{"width":1920,"height":1080,"url":"https:\/\/zonacaral.gob.pe\/wp-content\/uploads\/2025\/11\/doccongreso1.jpg","type":"image\/jpeg"}],"author":"Zona Caral Administrador","twitter_card":"summary_large_image","twitter_misc":{"Written by":"Zona Caral Administrador","Est. reading time":"2 minutos"},"schema":{"@context":"https:\/\/schema.org","@graph":[{"@type":"Article","@id":"https:\/\/zonacaral.gob.pe\/es\/noticias\/doctora-ruth-shady-expuso-los-valores-de-la-civilizacion-caral-en-el-congreso-nacional-de-arqueologia\/#article","isPartOf":{"@id":"https:\/\/zonacaral.gob.pe\/es\/noticias\/doctora-ruth-shady-expuso-los-valores-de-la-civilizacion-caral-en-el-congreso-nacional-de-arqueologia\/"},"author":{"name":"Zona Caral Administrador","@id":"https:\/\/zonacaral.gob.pe\/es\/#\/schema\/person\/beddb4d22f71a7230c5b90913270a0ee"},"headline":"Doctora Ruth Shady expuso los valores de la Civilizaci\u00f3n Caral en el Congreso Nacional de Arqueolog\u00eda","datePublished":"2025-11-20T15:05:14+00:00","mainEntityOfPage":{"@id":"https:\/\/zonacaral.gob.pe\/es\/noticias\/doctora-ruth-shady-expuso-los-valores-de-la-civilizacion-caral-en-el-congreso-nacional-de-arqueologia\/"},"wordCount":418,"image":{"@id":"https:\/\/zonacaral.gob.pe\/es\/noticias\/doctora-ruth-shady-expuso-los-valores-de-la-civilizacion-caral-en-el-congreso-nacional-de-arqueologia\/#primaryimage"},"thumbnailUrl":"https:\/\/zonacaral.gob.pe\/wp-content\/uploads\/2025\/11\/doccongreso1.jpg","keywords":["caral","Cultura"],"articleSection":["noticias"],"inLanguage":"es-PE"},{"@type":"WebPage","@id":"https:\/\/zonacaral.gob.pe\/es\/noticias\/doctora-ruth-shady-expuso-los-valores-de-la-civilizacion-caral-en-el-congreso-nacional-de-arqueologia\/","url":"https:\/\/zonacaral.gob.pe\/es\/noticias\/doctora-ruth-shady-expuso-los-valores-de-la-civilizacion-caral-en-el-congreso-nacional-de-arqueologia\/","name":"Doctora Ruth Shady expuso los valores de la Civilizaci\u00f3n Caral en el Congreso Nacional de Arqueolog\u00eda","isPartOf":{"@id":"https:\/\/zonacaral.gob.pe\/es\/#website"},"primaryImageOfPage":{"@id":"https:\/\/zonacaral.gob.pe\/es\/noticias\/doctora-ruth-shady-expuso-los-valores-de-la-civilizacion-caral-en-el-congreso-nacional-de-arqueologia\/#primaryimage"},"image":{"@id":"https:\/\/zonacaral.gob.pe\/es\/noticias\/doctora-ruth-shady-expuso-los-valores-de-la-civilizacion-caral-en-el-congreso-nacional-de-arqueologia\/#primaryimage"},"thumbnailUrl":"https:\/\/zonacaral.gob.pe\/wp-content\/uploads\/2025\/11\/doccongreso1.jpg","datePublished":"2025-11-20T15:05:14+00:00","author":{"@id":"https:\/\/zonacaral.gob.pe\/es\/#\/schema\/person\/beddb4d22f71a7230c5b90913270a0ee"},"description":"El pasado viernes 14, la doctora Ruth Shady Sol\u00eds, directora de la Zona Arqueol\u00f3gica Caral (ZAC), Unidad Ejecutora 003 del Ministerio de Cultura, ofreci\u00f3 la ponencia titulada \u201cLos valores de la Civilizaci\u00f3n Caral para generar reflexiones en la sociedad actual\u201d, en el marco del XII Congreso Nacional de Arqueolog\u00eda, realizado en la ciudad de Arequipa.","breadcrumb":{"@id":"https:\/\/zonacaral.gob.pe\/es\/noticias\/doctora-ruth-shady-expuso-los-valores-de-la-civilizacion-caral-en-el-congreso-nacional-de-arqueologia\/#breadcrumb"},"inLanguage":"es-PE","potentialAction":[{"@type":"ReadAction","target":["https:\/\/zonacaral.gob.pe\/es\/noticias\/doctora-ruth-shady-expuso-los-valores-de-la-civilizacion-caral-en-el-congreso-nacional-de-arqueologia\/"]}]},{"@type":"ImageObject","inLanguage":"es-PE","@id":"https:\/\/zonacaral.gob.pe\/es\/noticias\/doctora-ruth-shady-expuso-los-valores-de-la-civilizacion-caral-en-el-congreso-nacional-de-arqueologia\/#primaryimage","url":"https:\/\/zonacaral.gob.pe\/wp-content\/uploads\/2025\/11\/doccongreso1.jpg","contentUrl":"https:\/\/zonacaral.gob.pe\/wp-content\/uploads\/2025\/11\/doccongreso1.jpg","width":1920,"height":1080},{"@type":"BreadcrumbList","@id":"https:\/\/zonacaral.gob.pe\/es\/noticias\/doctora-ruth-shady-expuso-los-valores-de-la-civilizacion-caral-en-el-congreso-nacional-de-arqueologia\/#breadcrumb","itemListElement":[{"@type":"ListItem","position":1,"name":"Portada","item":"https:\/\/zonacaral.gob.pe\/"},{"@type":"ListItem","position":2,"name":"Doctora Ruth Shady expuso los valores de la Civilizaci\u00f3n Caral en el Congreso Nacional de Arqueolog\u00eda"}]},{"@type":"WebSite","@id":"https:\/\/zonacaral.gob.pe\/es\/#website","url":"https:\/\/zonacaral.gob.pe\/es\/","name":"Zona Caral","description":"Investigamos, conservamos y difundimos el patrimonio cultural de la Civilizaci\u00f3n Caral, la m\u00e1s antigua de Am\u00e9rica.","potentialAction":[{"@type":"SearchAction","target":{"@type":"EntryPoint","urlTemplate":"https:\/\/zonacaral.gob.pe\/es\/?s={search_term_string}"},"query-input":{"@type":"PropertyValueSpecification","valueRequired":true,"valueName":"search_term_string"}}],"inLanguage":"es-PE"},{"@type":"Person","@id":"https:\/\/zonacaral.gob.pe\/es\/#\/schema\/person\/beddb4d22f71a7230c5b90913270a0ee","name":"Zona Caral Administrador","image":{"@type":"ImageObject","inLanguage":"es-PE","@id":"https:\/\/secure.gravatar.com\/avatar\/e4be162918a696358376de6446614e0f0f4062bdc5d170d6d540ada3d8b58c12?s=96&d=mm&r=g","url":"https:\/\/secure.gravatar.com\/avatar\/e4be162918a696358376de6446614e0f0f4062bdc5d170d6d540ada3d8b58c12?s=96&d=mm&r=g","contentUrl":"https:\/\/secure.gravatar.com\/avatar\/e4be162918a696358376de6446614e0f0f4062bdc5d170d6d540ada3d8b58c12?s=96&d=mm&r=g","caption":"Zona Caral Administrador"},"sameAs":["https:\/\/zonacaral.gob.pe"],"url":"https:\/\/zonacaral.gob.pe\/es\/noticias\/author\/ad_zonacaral\/"}]}},"_links":{"self":[{"href":"https:\/\/zonacaral.gob.pe\/es\/wp-json\/wp\/v2\/posts\/18680","targetHints":{"allow":["GET"]}}],"collection":[{"href":"https:\/\/zonacaral.gob.pe\/es\/wp-json\/wp\/v2\/posts"}],"about":[{"href":"https:\/\/zonacaral.gob.pe\/es\/wp-json\/wp\/v2\/types\/post"}],"author":[{"embeddable":true,"href":"https:\/\/zonacaral.gob.pe\/es\/wp-json\/wp\/v2\/users\/1"}],"replies":[{"embeddable":true,"href":"https:\/\/zonacaral.gob.pe\/es\/wp-json\/wp\/v2\/comments?post=18680"}],"version-history":[{"count":0,"href":"https:\/\/zonacaral.gob.pe\/es\/wp-json\/wp\/v2\/posts\/18680\/revisions"}],"wp:featuredmedia":[{"embeddable":true,"href":"https:\/\/zonacaral.gob.pe\/es\/wp-json\/wp\/v2\/media\/18681"}],"wp:attachment":[{"href":"https:\/\/zonacaral.gob.pe\/es\/wp-json\/wp\/v2\/media?parent=18680"}],"wp:term":[{"taxonomy":"category","embeddable":true,"href":"https:\/\/zonacaral.gob.pe\/es\/wp-json\/wp\/v2\/categories?post=18680"},{"taxonomy":"post_tag","embeddable":true,"href":"https:\/\/zonacaral.gob.pe\/es\/wp-json\/wp\/v2\/tags?post=18680"}],"curies":[{"name":"wp","href":"https:\/\/api.w.org\/{rel}","templated":true}]}}