{"id":18683,"date":"2025-11-21T10:21:59","date_gmt":"2025-11-21T15:21:59","guid":{"rendered":"https:\/\/www.zonacaral.gob.pe\/?p=18683"},"modified":"2025-11-21T10:21:59","modified_gmt":"2025-11-21T15:21:59","slug":"caral-regresa-al-callao-con-una-exposicion-que-revela-su-legado-pesquero-y-alimentario","status":"publish","type":"post","link":"https:\/\/zonacaral.gob.pe\/es\/noticias\/caral-regresa-al-callao-con-una-exposicion-que-revela-su-legado-pesquero-y-alimentario\/","title":{"rendered":"Caral regresa al Callao con una exposici\u00f3n que revela su legado pesquero y alimentario"},"content":{"rendered":"<figure class=\"pic-autor\" style=\"color: #4d4d4d; text-align: justify;\"><\/figure>\n<div class=\"gmail_default\" style=\"text-align: justify;\">\n<blockquote>\n<p><em><span style=\"font-weight: 400;\">Llevamos cultura milenaria al primer puerto del pa\u00eds.<\/span><\/em><\/p>\n<\/blockquote>\n<p><span style=\"font-weight: 400;\">La <\/span><a href=\"https:\/\/www.instagram.com\/caralperu\/?hl=es\"><span style=\"font-weight: 400;\">Zona Arqueol\u00f3gica Caral<\/span><\/a><span style=\"font-weight: 400;\">, Unidad Ejecutora 003 del Ministerio de Cultura, y el <\/span><a href=\"https:\/\/www.instagram.com\/museosnavalesdelperu\/?hl=es\"><span style=\"font-weight: 400;\">Museo Naval<\/span><\/a><span style=\"font-weight: 400;\"> de la Marina de Guerra del Per\u00fa ponen a disposici\u00f3n del p\u00fablico en general la novedosa exposici\u00f3n <\/span><b>\u201cTecnolog\u00eda Pesquera y Seguridad Alimentaria. Herencia de la Civilizaci\u00f3n Caral\u201d<\/b><span style=\"font-weight: 400;\">, que podr\u00e1 ser visitada de manera gratuita desde hoy, 20 de noviembre, hasta el domingo, 8 de marzo de 2026.<\/span><\/p>\n<p><span style=\"font-weight: 400;\">La muestra, que se encuentra en el Museo Naval, ubicado en Avenida Jorge Ch\u00e1vez n.\u00b0 123, Plaza Grau, Centro Hist\u00f3rico del Callao, estar\u00e1 abierta de martes a domingo, de 9:00 a. m. a 4:00 p. m. (hora de cierre).<\/span><\/p>\n<h3><b>\u00bfQu\u00e9 podr\u00e1s conocer?<\/b><\/h3>\n<p><span style=\"font-weight: 400;\">La exposici\u00f3n presenta una importante colecci\u00f3n de piezas arqueol\u00f3gica y elementos de la tecnolog\u00eda pesquera desarrollada hace 5000 a\u00f1os, como redes, anzuelos y otros instrumentos, hallados en su mayor\u00eda en \u00c1spero, antigua ciudad pesquera de Caral, los mismo que eran utilizados para captar los diversos recursos marinos.<\/span><\/p>\n<h3><b>Una experiencia inmersiva<\/b><\/h3>\n<p><span style=\"font-weight: 400;\">Mediante pantallas t\u00e1ctiles y dispositivos de realidad virtual y aumentada, el p\u00fablico podr\u00e1 interactuar y profundizar en el conocimiento de la primera civilizaci\u00f3n de Am\u00e9rica.<\/span><\/p>\n<h3><b>Alimentaci\u00f3n milenaria<\/b><\/h3>\n<p><span style=\"font-weight: 400;\">En la muestra se destacan los alimentos que conformaban la dieta de la sociedad caralina, basada en el equilibrio entre productos del mar y del valle: un modelo de alimentaci\u00f3n saludable que invita a reflexionar sobre nuestros propios h\u00e1bitos alimentarios.<\/span><\/p>\n<p><span style=\"font-weight: 400;\">Esta exposici\u00f3n cierra el calendario anual de actividades museogr\u00e1ficas e itinerantes de la Zona Arqueol\u00f3gica Caral y constituye una oportunidad \u00fanica para conocer la tecnolog\u00eda pesquera desarrollada hace cinco milenios, por la primera civilizaci\u00f3n del continente americano.<\/span><\/p>\n<p><b>DATOS&nbsp;<\/b><\/p>\n<p><span style=\"font-weight: 400;\">Durante el periodo de exhibici\u00f3n se realizar\u00e1n, de manera peri\u00f3dica, activaciones y talleres educativos, que ser\u00e1n anunciados en las redes sociales oficiales de la Zona Arqueol\u00f3gica Caral.<\/span><\/p>\n<p><span style=\"font-weight: 400;\">Tambi\u00e9n se brindar\u00e1 informaci\u00f3n sobre c\u00f3mo visitar los sitios arqueol\u00f3gicos de Caral con el programa Viajes Culturales. M\u00e1s informaci\u00f3n al 955 881 340.<\/span><\/p>\n<p><strong style=\"font-size: inherit; text-align: justify;\">Fuente: Comunicaci\u00f3n e Imagen Institucional ZAC<\/strong><\/p>\n<\/div>\n<div style=\"color: #1f1f1f;\">\n<div style=\"color: #1f1f1f;\">\n<p style=\"text-align: justify;\">Fecha de publicaci\u00f3n: 21\/11\/2025<\/p>\n<\/div>\n<\/div>\n\n\n<p><\/p>\n\n\n\n<p><\/p>\n","protected":false},"excerpt":{"rendered":"<p>Llevamos cultura milenaria al primer puerto del pa\u00eds. La Zona Arqueol\u00f3gica Caral, Unidad Ejecutora 003 del Ministerio de Cultura, y [&hellip;]<\/p>\n","protected":false},"author":1,"featured_media":18686,"comment_status":"closed","ping_status":"open","sticky":false,"template":"","format":"standard","meta":{"_acf_changed":false,"site-sidebar-layout":"default","site-content-layout":"","ast-site-content-layout":"default","site-content-style":"default","site-sidebar-style":"default","ast-global-header-display":"","ast-banner-title-visibility":"","ast-main-header-display":"","ast-hfb-above-header-display":"","ast-hfb-below-header-display":"","ast-hfb-mobile-header-display":"","site-post-title":"","ast-breadcrumbs-content":"","ast-featured-img":"","footer-sml-layout":"","ast-disable-related-posts":"","theme-transparent-header-meta":"","adv-header-id-meta":"","stick-header-meta":"","header-above-stick-meta":"","header-main-stick-meta":"","header-below-stick-meta":"","astra-migrate-meta-layouts":"default","ast-page-background-enabled":"default","ast-page-background-meta":{"desktop":{"background-color":"var(--ast-global-color-5)","background-image":"","background-repeat":"repeat","background-position":"center center","background-size":"auto","background-attachment":"scroll","background-type":"","background-media":"","overlay-type":"","overlay-color":"","overlay-opacity":"","overlay-gradient":""},"tablet":{"background-color":"","background-image":"","background-repeat":"repeat","background-position":"center center","background-size":"auto","background-attachment":"scroll","background-type":"","background-media":"","overlay-type":"","overlay-color":"","overlay-opacity":"","overlay-gradient":""},"mobile":{"background-color":"","background-image":"","background-repeat":"repeat","background-position":"center center","background-size":"auto","background-attachment":"scroll","background-type":"","background-media":"","overlay-type":"","overlay-color":"","overlay-opacity":"","overlay-gradient":""}},"ast-content-background-meta":{"desktop":{"background-color":"var(--ast-global-color-4)","background-image":"","background-repeat":"repeat","background-position":"center center","background-size":"auto","background-attachment":"scroll","background-type":"","background-media":"","overlay-type":"","overlay-color":"","overlay-opacity":"","overlay-gradient":""},"tablet":{"background-color":"var(--ast-global-color-4)","background-image":"","background-repeat":"repeat","background-position":"center center","background-size":"auto","background-attachment":"scroll","background-type":"","background-media":"","overlay-type":"","overlay-color":"","overlay-opacity":"","overlay-gradient":""},"mobile":{"background-color":"var(--ast-global-color-4)","background-image":"","background-repeat":"repeat","background-position":"center center","background-size":"auto","background-attachment":"scroll","background-type":"","background-media":"","overlay-type":"","overlay-color":"","overlay-opacity":"","overlay-gradient":""}},"footnotes":""},"categories":[208],"tags":[55,72],"class_list":["post-18683","post","type-post","status-publish","format-standard","has-post-thumbnail","hentry","category-noticias","tag-caral","tag-cultura"],"acf":[],"yoast_head":"<!-- This site is optimized with the Yoast SEO plugin v27.3 - https:\/\/yoast.com\/product\/yoast-seo-wordpress\/ -->\n<title>Caral regresa al Callao con una exposici\u00f3n que revela su legado pesquero y alimentario<\/title>\n<meta name=\"description\" content=\"La Zona Arqueol\u00f3gica Caral, Unidad Ejecutora 003 del Ministerio de Cultura, y el Museo Naval de la Marina de Guerra del Per\u00fa ponen a disposici\u00f3n del p\u00fablico en general la novedosa exposici\u00f3n \u201cTecnolog\u00eda Pesquera y Seguridad Alimentaria. Herencia de la Civilizaci\u00f3n Caral\u201d, que podr\u00e1 ser visitada de manera gratuita desde hoy, 20 de noviembre, hasta el domingo, 8 de marzo de 2026.\" \/>\n<meta name=\"robots\" content=\"index, follow, max-snippet:-1, max-image-preview:large, max-video-preview:-1\" \/>\n<link rel=\"canonical\" href=\"https:\/\/zonacaral.gob.pe\/es\/noticias\/caral-regresa-al-callao-con-una-exposicion-que-revela-su-legado-pesquero-y-alimentario\/\" \/>\n<meta property=\"og:locale\" content=\"es_ES\" \/>\n<meta property=\"og:type\" content=\"article\" \/>\n<meta property=\"og:title\" content=\"Caral regresa al Callao con una exposici\u00f3n que revela su legado pesquero y alimentario\" \/>\n<meta property=\"og:description\" content=\"La Zona Arqueol\u00f3gica Caral, Unidad Ejecutora 003 del Ministerio de Cultura, y el Museo Naval de la Marina de Guerra del Per\u00fa ponen a disposici\u00f3n del p\u00fablico en general la novedosa exposici\u00f3n \u201cTecnolog\u00eda Pesquera y Seguridad Alimentaria. Herencia de la Civilizaci\u00f3n Caral\u201d, que podr\u00e1 ser visitada de manera gratuita desde hoy, 20 de noviembre, hasta el domingo, 8 de marzo de 2026.\" \/>\n<meta property=\"og:url\" content=\"https:\/\/zonacaral.gob.pe\/es\/noticias\/caral-regresa-al-callao-con-una-exposicion-que-revela-su-legado-pesquero-y-alimentario\/\" \/>\n<meta property=\"og:site_name\" content=\"Zona Caral\" \/>\n<meta property=\"article:published_time\" content=\"2025-11-21T15:21:59+00:00\" \/>\n<meta property=\"og:image\" content=\"https:\/\/zonacaral.gob.pe\/wp-content\/uploads\/2025\/11\/cc1.jpg\" \/>\n\t<meta property=\"og:image:width\" content=\"1920\" \/>\n\t<meta property=\"og:image:height\" content=\"1080\" \/>\n\t<meta property=\"og:image:type\" content=\"image\/jpeg\" \/>\n<meta name=\"author\" content=\"Zona Caral Administrador\" \/>\n<meta name=\"twitter:card\" content=\"summary_large_image\" \/>\n<meta name=\"twitter:label1\" content=\"Written by\" \/>\n\t<meta name=\"twitter:data1\" content=\"Zona Caral Administrador\" \/>\n\t<meta name=\"twitter:label2\" content=\"Est. reading time\" \/>\n\t<meta name=\"twitter:data2\" content=\"2 minutos\" \/>\n<script type=\"application\/ld+json\" class=\"yoast-schema-graph\">{\"@context\":\"https:\\\/\\\/schema.org\",\"@graph\":[{\"@type\":\"Article\",\"@id\":\"https:\\\/\\\/zonacaral.gob.pe\\\/es\\\/noticias\\\/caral-regresa-al-callao-con-una-exposicion-que-revela-su-legado-pesquero-y-alimentario\\\/#article\",\"isPartOf\":{\"@id\":\"https:\\\/\\\/zonacaral.gob.pe\\\/es\\\/noticias\\\/caral-regresa-al-callao-con-una-exposicion-que-revela-su-legado-pesquero-y-alimentario\\\/\"},\"author\":{\"name\":\"Zona Caral Administrador\",\"@id\":\"https:\\\/\\\/zonacaral.gob.pe\\\/es\\\/#\\\/schema\\\/person\\\/beddb4d22f71a7230c5b90913270a0ee\"},\"headline\":\"Caral regresa al Callao con una exposici\u00f3n que revela su legado pesquero y alimentario\",\"datePublished\":\"2025-11-21T15:21:59+00:00\",\"mainEntityOfPage\":{\"@id\":\"https:\\\/\\\/zonacaral.gob.pe\\\/es\\\/noticias\\\/caral-regresa-al-callao-con-una-exposicion-que-revela-su-legado-pesquero-y-alimentario\\\/\"},\"wordCount\":372,\"image\":{\"@id\":\"https:\\\/\\\/zonacaral.gob.pe\\\/es\\\/noticias\\\/caral-regresa-al-callao-con-una-exposicion-que-revela-su-legado-pesquero-y-alimentario\\\/#primaryimage\"},\"thumbnailUrl\":\"https:\\\/\\\/zonacaral.gob.pe\\\/wp-content\\\/uploads\\\/2025\\\/11\\\/cc1.jpg\",\"keywords\":[\"caral\",\"Cultura\"],\"articleSection\":[\"noticias\"],\"inLanguage\":\"es-PE\"},{\"@type\":\"WebPage\",\"@id\":\"https:\\\/\\\/zonacaral.gob.pe\\\/es\\\/noticias\\\/caral-regresa-al-callao-con-una-exposicion-que-revela-su-legado-pesquero-y-alimentario\\\/\",\"url\":\"https:\\\/\\\/zonacaral.gob.pe\\\/es\\\/noticias\\\/caral-regresa-al-callao-con-una-exposicion-que-revela-su-legado-pesquero-y-alimentario\\\/\",\"name\":\"Caral regresa al Callao con una exposici\u00f3n que revela su legado pesquero y alimentario\",\"isPartOf\":{\"@id\":\"https:\\\/\\\/zonacaral.gob.pe\\\/es\\\/#website\"},\"primaryImageOfPage\":{\"@id\":\"https:\\\/\\\/zonacaral.gob.pe\\\/es\\\/noticias\\\/caral-regresa-al-callao-con-una-exposicion-que-revela-su-legado-pesquero-y-alimentario\\\/#primaryimage\"},\"image\":{\"@id\":\"https:\\\/\\\/zonacaral.gob.pe\\\/es\\\/noticias\\\/caral-regresa-al-callao-con-una-exposicion-que-revela-su-legado-pesquero-y-alimentario\\\/#primaryimage\"},\"thumbnailUrl\":\"https:\\\/\\\/zonacaral.gob.pe\\\/wp-content\\\/uploads\\\/2025\\\/11\\\/cc1.jpg\",\"datePublished\":\"2025-11-21T15:21:59+00:00\",\"author\":{\"@id\":\"https:\\\/\\\/zonacaral.gob.pe\\\/es\\\/#\\\/schema\\\/person\\\/beddb4d22f71a7230c5b90913270a0ee\"},\"description\":\"La Zona Arqueol\u00f3gica Caral, Unidad Ejecutora 003 del Ministerio de Cultura, y el Museo Naval de la Marina de Guerra del Per\u00fa ponen a disposici\u00f3n del p\u00fablico en general la novedosa exposici\u00f3n \u201cTecnolog\u00eda Pesquera y Seguridad Alimentaria. Herencia de la Civilizaci\u00f3n Caral\u201d, que podr\u00e1 ser visitada de manera gratuita desde hoy, 20 de noviembre, hasta el domingo, 8 de marzo de 2026.\",\"breadcrumb\":{\"@id\":\"https:\\\/\\\/zonacaral.gob.pe\\\/es\\\/noticias\\\/caral-regresa-al-callao-con-una-exposicion-que-revela-su-legado-pesquero-y-alimentario\\\/#breadcrumb\"},\"inLanguage\":\"es-PE\",\"potentialAction\":[{\"@type\":\"ReadAction\",\"target\":[\"https:\\\/\\\/zonacaral.gob.pe\\\/es\\\/noticias\\\/caral-regresa-al-callao-con-una-exposicion-que-revela-su-legado-pesquero-y-alimentario\\\/\"]}]},{\"@type\":\"ImageObject\",\"inLanguage\":\"es-PE\",\"@id\":\"https:\\\/\\\/zonacaral.gob.pe\\\/es\\\/noticias\\\/caral-regresa-al-callao-con-una-exposicion-que-revela-su-legado-pesquero-y-alimentario\\\/#primaryimage\",\"url\":\"https:\\\/\\\/zonacaral.gob.pe\\\/wp-content\\\/uploads\\\/2025\\\/11\\\/cc1.jpg\",\"contentUrl\":\"https:\\\/\\\/zonacaral.gob.pe\\\/wp-content\\\/uploads\\\/2025\\\/11\\\/cc1.jpg\",\"width\":1920,\"height\":1080},{\"@type\":\"BreadcrumbList\",\"@id\":\"https:\\\/\\\/zonacaral.gob.pe\\\/es\\\/noticias\\\/caral-regresa-al-callao-con-una-exposicion-que-revela-su-legado-pesquero-y-alimentario\\\/#breadcrumb\",\"itemListElement\":[{\"@type\":\"ListItem\",\"position\":1,\"name\":\"Portada\",\"item\":\"https:\\\/\\\/zonacaral.gob.pe\\\/\"},{\"@type\":\"ListItem\",\"position\":2,\"name\":\"Caral regresa al Callao con una exposici\u00f3n que revela su legado pesquero y alimentario\"}]},{\"@type\":\"WebSite\",\"@id\":\"https:\\\/\\\/zonacaral.gob.pe\\\/es\\\/#website\",\"url\":\"https:\\\/\\\/zonacaral.gob.pe\\\/es\\\/\",\"name\":\"Zona Caral\",\"description\":\"Investigamos, conservamos y difundimos el patrimonio cultural de la Civilizaci\u00f3n Caral, la m\u00e1s antigua de Am\u00e9rica.\",\"potentialAction\":[{\"@type\":\"SearchAction\",\"target\":{\"@type\":\"EntryPoint\",\"urlTemplate\":\"https:\\\/\\\/zonacaral.gob.pe\\\/es\\\/?s={search_term_string}\"},\"query-input\":{\"@type\":\"PropertyValueSpecification\",\"valueRequired\":true,\"valueName\":\"search_term_string\"}}],\"inLanguage\":\"es-PE\"},{\"@type\":\"Person\",\"@id\":\"https:\\\/\\\/zonacaral.gob.pe\\\/es\\\/#\\\/schema\\\/person\\\/beddb4d22f71a7230c5b90913270a0ee\",\"name\":\"Zona Caral Administrador\",\"image\":{\"@type\":\"ImageObject\",\"inLanguage\":\"es-PE\",\"@id\":\"https:\\\/\\\/secure.gravatar.com\\\/avatar\\\/e4be162918a696358376de6446614e0f0f4062bdc5d170d6d540ada3d8b58c12?s=96&d=mm&r=g\",\"url\":\"https:\\\/\\\/secure.gravatar.com\\\/avatar\\\/e4be162918a696358376de6446614e0f0f4062bdc5d170d6d540ada3d8b58c12?s=96&d=mm&r=g\",\"contentUrl\":\"https:\\\/\\\/secure.gravatar.com\\\/avatar\\\/e4be162918a696358376de6446614e0f0f4062bdc5d170d6d540ada3d8b58c12?s=96&d=mm&r=g\",\"caption\":\"Zona Caral Administrador\"},\"sameAs\":[\"https:\\\/\\\/zonacaral.gob.pe\"],\"url\":\"https:\\\/\\\/zonacaral.gob.pe\\\/es\\\/noticias\\\/author\\\/ad_zonacaral\\\/\"}]}<\/script>\n<!-- \/ Yoast SEO plugin. -->","yoast_head_json":{"title":"Caral regresa al Callao con una exposici\u00f3n que revela su legado pesquero y alimentario","description":"La Zona Arqueol\u00f3gica Caral, Unidad Ejecutora 003 del Ministerio de Cultura, y el Museo Naval de la Marina de Guerra del Per\u00fa ponen a disposici\u00f3n del p\u00fablico en general la novedosa exposici\u00f3n \u201cTecnolog\u00eda Pesquera y Seguridad Alimentaria. Herencia de la Civilizaci\u00f3n Caral\u201d, que podr\u00e1 ser visitada de manera gratuita desde hoy, 20 de noviembre, hasta el domingo, 8 de marzo de 2026.","robots":{"index":"index","follow":"follow","max-snippet":"max-snippet:-1","max-image-preview":"max-image-preview:large","max-video-preview":"max-video-preview:-1"},"canonical":"https:\/\/zonacaral.gob.pe\/es\/noticias\/caral-regresa-al-callao-con-una-exposicion-que-revela-su-legado-pesquero-y-alimentario\/","og_locale":"es_ES","og_type":"article","og_title":"Caral regresa al Callao con una exposici\u00f3n que revela su legado pesquero y alimentario","og_description":"La Zona Arqueol\u00f3gica Caral, Unidad Ejecutora 003 del Ministerio de Cultura, y el Museo Naval de la Marina de Guerra del Per\u00fa ponen a disposici\u00f3n del p\u00fablico en general la novedosa exposici\u00f3n \u201cTecnolog\u00eda Pesquera y Seguridad Alimentaria. Herencia de la Civilizaci\u00f3n Caral\u201d, que podr\u00e1 ser visitada de manera gratuita desde hoy, 20 de noviembre, hasta el domingo, 8 de marzo de 2026.","og_url":"https:\/\/zonacaral.gob.pe\/es\/noticias\/caral-regresa-al-callao-con-una-exposicion-que-revela-su-legado-pesquero-y-alimentario\/","og_site_name":"Zona Caral","article_published_time":"2025-11-21T15:21:59+00:00","og_image":[{"width":1920,"height":1080,"url":"https:\/\/zonacaral.gob.pe\/wp-content\/uploads\/2025\/11\/cc1.jpg","type":"image\/jpeg"}],"author":"Zona Caral Administrador","twitter_card":"summary_large_image","twitter_misc":{"Written by":"Zona Caral Administrador","Est. reading time":"2 minutos"},"schema":{"@context":"https:\/\/schema.org","@graph":[{"@type":"Article","@id":"https:\/\/zonacaral.gob.pe\/es\/noticias\/caral-regresa-al-callao-con-una-exposicion-que-revela-su-legado-pesquero-y-alimentario\/#article","isPartOf":{"@id":"https:\/\/zonacaral.gob.pe\/es\/noticias\/caral-regresa-al-callao-con-una-exposicion-que-revela-su-legado-pesquero-y-alimentario\/"},"author":{"name":"Zona Caral Administrador","@id":"https:\/\/zonacaral.gob.pe\/es\/#\/schema\/person\/beddb4d22f71a7230c5b90913270a0ee"},"headline":"Caral regresa al Callao con una exposici\u00f3n que revela su legado pesquero y alimentario","datePublished":"2025-11-21T15:21:59+00:00","mainEntityOfPage":{"@id":"https:\/\/zonacaral.gob.pe\/es\/noticias\/caral-regresa-al-callao-con-una-exposicion-que-revela-su-legado-pesquero-y-alimentario\/"},"wordCount":372,"image":{"@id":"https:\/\/zonacaral.gob.pe\/es\/noticias\/caral-regresa-al-callao-con-una-exposicion-que-revela-su-legado-pesquero-y-alimentario\/#primaryimage"},"thumbnailUrl":"https:\/\/zonacaral.gob.pe\/wp-content\/uploads\/2025\/11\/cc1.jpg","keywords":["caral","Cultura"],"articleSection":["noticias"],"inLanguage":"es-PE"},{"@type":"WebPage","@id":"https:\/\/zonacaral.gob.pe\/es\/noticias\/caral-regresa-al-callao-con-una-exposicion-que-revela-su-legado-pesquero-y-alimentario\/","url":"https:\/\/zonacaral.gob.pe\/es\/noticias\/caral-regresa-al-callao-con-una-exposicion-que-revela-su-legado-pesquero-y-alimentario\/","name":"Caral regresa al Callao con una exposici\u00f3n que revela su legado pesquero y alimentario","isPartOf":{"@id":"https:\/\/zonacaral.gob.pe\/es\/#website"},"primaryImageOfPage":{"@id":"https:\/\/zonacaral.gob.pe\/es\/noticias\/caral-regresa-al-callao-con-una-exposicion-que-revela-su-legado-pesquero-y-alimentario\/#primaryimage"},"image":{"@id":"https:\/\/zonacaral.gob.pe\/es\/noticias\/caral-regresa-al-callao-con-una-exposicion-que-revela-su-legado-pesquero-y-alimentario\/#primaryimage"},"thumbnailUrl":"https:\/\/zonacaral.gob.pe\/wp-content\/uploads\/2025\/11\/cc1.jpg","datePublished":"2025-11-21T15:21:59+00:00","author":{"@id":"https:\/\/zonacaral.gob.pe\/es\/#\/schema\/person\/beddb4d22f71a7230c5b90913270a0ee"},"description":"La Zona Arqueol\u00f3gica Caral, Unidad Ejecutora 003 del Ministerio de Cultura, y el Museo Naval de la Marina de Guerra del Per\u00fa ponen a disposici\u00f3n del p\u00fablico en general la novedosa exposici\u00f3n \u201cTecnolog\u00eda Pesquera y Seguridad Alimentaria. Herencia de la Civilizaci\u00f3n Caral\u201d, que podr\u00e1 ser visitada de manera gratuita desde hoy, 20 de noviembre, hasta el domingo, 8 de marzo de 2026.","breadcrumb":{"@id":"https:\/\/zonacaral.gob.pe\/es\/noticias\/caral-regresa-al-callao-con-una-exposicion-que-revela-su-legado-pesquero-y-alimentario\/#breadcrumb"},"inLanguage":"es-PE","potentialAction":[{"@type":"ReadAction","target":["https:\/\/zonacaral.gob.pe\/es\/noticias\/caral-regresa-al-callao-con-una-exposicion-que-revela-su-legado-pesquero-y-alimentario\/"]}]},{"@type":"ImageObject","inLanguage":"es-PE","@id":"https:\/\/zonacaral.gob.pe\/es\/noticias\/caral-regresa-al-callao-con-una-exposicion-que-revela-su-legado-pesquero-y-alimentario\/#primaryimage","url":"https:\/\/zonacaral.gob.pe\/wp-content\/uploads\/2025\/11\/cc1.jpg","contentUrl":"https:\/\/zonacaral.gob.pe\/wp-content\/uploads\/2025\/11\/cc1.jpg","width":1920,"height":1080},{"@type":"BreadcrumbList","@id":"https:\/\/zonacaral.gob.pe\/es\/noticias\/caral-regresa-al-callao-con-una-exposicion-que-revela-su-legado-pesquero-y-alimentario\/#breadcrumb","itemListElement":[{"@type":"ListItem","position":1,"name":"Portada","item":"https:\/\/zonacaral.gob.pe\/"},{"@type":"ListItem","position":2,"name":"Caral regresa al Callao con una exposici\u00f3n que revela su legado pesquero y alimentario"}]},{"@type":"WebSite","@id":"https:\/\/zonacaral.gob.pe\/es\/#website","url":"https:\/\/zonacaral.gob.pe\/es\/","name":"Zona Caral","description":"Investigamos, conservamos y difundimos el patrimonio cultural de la Civilizaci\u00f3n Caral, la m\u00e1s antigua de Am\u00e9rica.","potentialAction":[{"@type":"SearchAction","target":{"@type":"EntryPoint","urlTemplate":"https:\/\/zonacaral.gob.pe\/es\/?s={search_term_string}"},"query-input":{"@type":"PropertyValueSpecification","valueRequired":true,"valueName":"search_term_string"}}],"inLanguage":"es-PE"},{"@type":"Person","@id":"https:\/\/zonacaral.gob.pe\/es\/#\/schema\/person\/beddb4d22f71a7230c5b90913270a0ee","name":"Zona Caral Administrador","image":{"@type":"ImageObject","inLanguage":"es-PE","@id":"https:\/\/secure.gravatar.com\/avatar\/e4be162918a696358376de6446614e0f0f4062bdc5d170d6d540ada3d8b58c12?s=96&d=mm&r=g","url":"https:\/\/secure.gravatar.com\/avatar\/e4be162918a696358376de6446614e0f0f4062bdc5d170d6d540ada3d8b58c12?s=96&d=mm&r=g","contentUrl":"https:\/\/secure.gravatar.com\/avatar\/e4be162918a696358376de6446614e0f0f4062bdc5d170d6d540ada3d8b58c12?s=96&d=mm&r=g","caption":"Zona Caral Administrador"},"sameAs":["https:\/\/zonacaral.gob.pe"],"url":"https:\/\/zonacaral.gob.pe\/es\/noticias\/author\/ad_zonacaral\/"}]}},"_links":{"self":[{"href":"https:\/\/zonacaral.gob.pe\/es\/wp-json\/wp\/v2\/posts\/18683","targetHints":{"allow":["GET"]}}],"collection":[{"href":"https:\/\/zonacaral.gob.pe\/es\/wp-json\/wp\/v2\/posts"}],"about":[{"href":"https:\/\/zonacaral.gob.pe\/es\/wp-json\/wp\/v2\/types\/post"}],"author":[{"embeddable":true,"href":"https:\/\/zonacaral.gob.pe\/es\/wp-json\/wp\/v2\/users\/1"}],"replies":[{"embeddable":true,"href":"https:\/\/zonacaral.gob.pe\/es\/wp-json\/wp\/v2\/comments?post=18683"}],"version-history":[{"count":0,"href":"https:\/\/zonacaral.gob.pe\/es\/wp-json\/wp\/v2\/posts\/18683\/revisions"}],"wp:featuredmedia":[{"embeddable":true,"href":"https:\/\/zonacaral.gob.pe\/es\/wp-json\/wp\/v2\/media\/18686"}],"wp:attachment":[{"href":"https:\/\/zonacaral.gob.pe\/es\/wp-json\/wp\/v2\/media?parent=18683"}],"wp:term":[{"taxonomy":"category","embeddable":true,"href":"https:\/\/zonacaral.gob.pe\/es\/wp-json\/wp\/v2\/categories?post=18683"},{"taxonomy":"post_tag","embeddable":true,"href":"https:\/\/zonacaral.gob.pe\/es\/wp-json\/wp\/v2\/tags?post=18683"}],"curies":[{"name":"wp","href":"https:\/\/api.w.org\/{rel}","templated":true}]}}