{"id":18708,"date":"2025-12-19T17:11:28","date_gmt":"2025-12-19T22:11:28","guid":{"rendered":"https:\/\/www.zonacaral.gob.pe\/?p=18708"},"modified":"2025-12-19T17:11:28","modified_gmt":"2025-12-19T22:11:28","slug":"caral-en-el-callao-estudiantes-de-nutricion-conocieron-sobre-los-alimentos-milenarios","status":"publish","type":"post","link":"https:\/\/zonacaral.gob.pe\/es\/noticias\/caral-en-el-callao-estudiantes-de-nutricion-conocieron-sobre-los-alimentos-milenarios\/","title":{"rendered":"Caral en el Callao: estudiantes de Nutrici\u00f3n conocieron sobre los alimentos milenarios"},"content":{"rendered":"<figure class=\"pic-autor\" style=\"color: #4d4d4d; text-align: justify;\"><\/figure>\n<div class=\"gmail_default\" style=\"text-align: justify;\">\n<blockquote>\n<p><em><span style=\"font-weight: 400;\">\u201cCaralizamos\u201d a m\u00e1s peruanos.<\/span><\/em><\/p>\n<\/blockquote>\n<p><span style=\"font-weight: 400;\">La <\/span><a href=\"https:\/\/www.facebook.com\/CARALPERU\/\"><b>Zona Arqueol\u00f3gica Caral<\/b><\/a><span style=\"font-weight: 400;\"> (ZAC), Unidad Ejecutora 003 del Ministerio de Cultura, recibi\u00f3 la visita de un grupo de estudiantes de la carrera de Nutrici\u00f3n que realizan voluntariado para el portal <\/span><i><span style=\"font-weight: 400;\">Salud en Casa<\/span><\/i><span style=\"font-weight: 400;\">. Las estudiantes recorrieron la exposici\u00f3n museogr\u00e1fica <\/span><b>\u201cTecnolog\u00eda Pesquera y Seguridad Alimentaria. Herencia de la Civilizaci\u00f3n Caral\u201d<\/b><span style=\"font-weight: 400;\">, que se presenta en el <\/span><a href=\"https:\/\/maps.app.goo.gl\/4AkX6HYrMESTKXwy5\"><b>Museo Naval del Per\u00fa<\/b><\/a><b>.<\/b><\/p>\n<p><span style=\"font-weight: 400;\">Durante la visita, participaron en un guiado especializado, con \u00e9nfasis en los productos milenarios que formaron parte de la dieta de la Civilizaci\u00f3n Caral hace cinco mil a\u00f1os. El arquitecto Yoshio Cano Inugay, de la ZAC, responsable de la mediaci\u00f3n, explic\u00f3 c\u00f3mo los antiguos pobladores de Caral lograron una alimentaci\u00f3n balanceada y desarrollaron una econom\u00eda complementaria basada en los recursos del valle y del mar.<\/span><\/p>\n<p><span style=\"font-weight: 400;\">La exposici\u00f3n presenta una importante colecci\u00f3n de piezas arqueol\u00f3gicas y elementos de la tecnolog\u00eda pesquera desarrollada hace cinco milenios, como redes, anzuelos y otros instrumentos. La mayor\u00eda de estos materiales procede de \u00c1spero, antigua ciudad pesquera de Caral, y evidencia las t\u00e9cnicas empleadas para la captura de diversos recursos marinos, informaci\u00f3n que despert\u00f3 gran inter\u00e9s entre las estudiantes de la carrera de Nutrici\u00f3n.<\/span><\/p>\n<p><span style=\"font-weight: 400;\">Asimismo, las visitantes participaron en el taller de elaboraci\u00f3n de <\/span><b>\u201cOjos de Dios\u201d<\/b><span style=\"font-weight: 400;\">, como parte del programa <\/span><i><span style=\"font-weight: 400;\">Caral para Todos<\/span><\/i><span style=\"font-weight: 400;\">. Guiadas por la responsable de la actividad, Mariela Crespo Crisanto, elaboraron estos objetos que, en la Civilizaci\u00f3n Caral, tuvieron un importante valor simb\u00f3lico y social.<\/span><\/p>\n<p><span style=\"font-weight: 400;\">Las actividades culminaron con la puesta en escena de un cuento sobre los valores de la Civilizaci\u00f3n Caral, que narra el inter\u00e9s de una ni\u00f1a por convertirse en buceadora, tal como lo fueron, hace cinco mil a\u00f1os, las mujeres que habitaron el centro urbano de \u00c1spero, conocido como la ciudad pesquera de la Civilizaci\u00f3n Caral. Este taller fue desarrollado por la cuentista Mayte Cort\u00e9s Santana.<\/span><\/p>\n<p><span style=\"font-weight: 400;\">Al finalizar la jornada, las estudiantes de Nutrici\u00f3n Thiara Chuquirima y Thais Adrianz\u00e9n compartieron sus apreciaciones sobre la adecuada alimentaci\u00f3n en la Civilizaci\u00f3n Caral, destacando productos como el camote, los frijoles, la guayaba, la palta y el pescado, especialmente la anchoveta. Asimismo, resaltaron la importancia de incorporar estos alimentos en la dieta actual para prevenir enfermedades como la anemia, que afecta principalmente a la poblaci\u00f3n infantil y cuya erradicaci\u00f3n es un objetivo prioritario para el pa\u00eds.<\/span><\/p>\n<p><b>Dato<\/b><\/p>\n<p><span style=\"font-weight: 400;\">La exposici\u00f3n <\/span><b>\u201cTecnolog\u00eda Pesquera y Seguridad Alimentaria. Herencia de la Civilizaci\u00f3n Caral\u201d<\/b><span style=\"font-weight: 400;\"> se presenta en el Museo Naval del Per\u00fa, ubicado en la avenida <\/span><a href=\"https:\/\/maps.app.goo.gl\/4AkX6HYrMESTKXwy5\"><span style=\"font-weight: 400;\">Jorge Ch\u00e1vez n.\u00b0 123<\/span><\/a><span style=\"font-weight: 400;\">, Plaza Grau, Centro Hist\u00f3rico del Callao. Puede ser visitada de martes a domingo, de 9:00 a. m. a 4:00 p. m. (hora de cierre). El ingreso es gratuito.<\/span><\/p>\n<p><i><span style=\"font-weight: 400;\">Puedes seguirnos en <\/span><\/i><a href=\"https:\/\/www.instagram.com\/caralperu\/?hl=es\"><i><span style=\"font-weight: 400;\">Instagram<\/span><\/i><\/a><i><span style=\"font-weight: 400;\">, <\/span><\/i><a href=\"https:\/\/www.tiktok.com\/@caral_peru?lang=es\"><i><span style=\"font-weight: 400;\">Tik Tok<\/span><\/i><\/a><i><span style=\"font-weight: 400;\">, <\/span><\/i><a href=\"https:\/\/www.facebook.com\/CARALPERU\/\"><i><span style=\"font-weight: 400;\">Facebook<\/span><\/i><\/a><i><span style=\"font-weight: 400;\">, <\/span><\/i><a href=\"https:\/\/x.com\/Peru_Caral\"><i><span style=\"font-weight: 400;\">X<\/span><\/i><\/a><i><span style=\"font-weight: 400;\">, <\/span><\/i><a href=\"https:\/\/www.youtube.com\/PeruCaral\"><i><span style=\"font-weight: 400;\">YouTube<\/span><\/i><\/a><i><span style=\"font-weight: 400;\"> y en nuestro canal de <\/span><\/i><a href=\"https:\/\/t.me\/Caral_Peru\"><i><span style=\"font-weight: 400;\">Telegram<\/span><\/i><\/a><i><span style=\"font-weight: 400;\">.<\/span><\/i><\/p>\n<p><strong style=\"font-size: inherit; text-align: justify;\">Fuente: Comunicaci\u00f3n e Imagen Institucional ZAC<\/strong><\/p>\n<\/div>\n<div style=\"color: #1f1f1f;\">\n<div style=\"color: #1f1f1f;\">\n<p style=\"text-align: justify;\">Fecha de publicaci\u00f3n: 19\/12\/2025<\/p>\n<\/div>\n<\/div>\n\n\n<p><\/p>\n\n\n\n<p><\/p>\n","protected":false},"excerpt":{"rendered":"<p>\u201cCaralizamos\u201d a m\u00e1s peruanos. La Zona Arqueol\u00f3gica Caral (ZAC), Unidad Ejecutora 003 del Ministerio de Cultura, recibi\u00f3 la visita de [&hellip;]<\/p>\n","protected":false},"author":1,"featured_media":18711,"comment_status":"closed","ping_status":"open","sticky":false,"template":"","format":"standard","meta":{"_acf_changed":false,"site-sidebar-layout":"default","site-content-layout":"","ast-site-content-layout":"default","site-content-style":"default","site-sidebar-style":"default","ast-global-header-display":"","ast-banner-title-visibility":"","ast-main-header-display":"","ast-hfb-above-header-display":"","ast-hfb-below-header-display":"","ast-hfb-mobile-header-display":"","site-post-title":"","ast-breadcrumbs-content":"","ast-featured-img":"","footer-sml-layout":"","ast-disable-related-posts":"","theme-transparent-header-meta":"","adv-header-id-meta":"","stick-header-meta":"","header-above-stick-meta":"","header-main-stick-meta":"","header-below-stick-meta":"","astra-migrate-meta-layouts":"default","ast-page-background-enabled":"default","ast-page-background-meta":{"desktop":{"background-color":"var(--ast-global-color-5)","background-image":"","background-repeat":"repeat","background-position":"center center","background-size":"auto","background-attachment":"scroll","background-type":"","background-media":"","overlay-type":"","overlay-color":"","overlay-opacity":"","overlay-gradient":""},"tablet":{"background-color":"","background-image":"","background-repeat":"repeat","background-position":"center center","background-size":"auto","background-attachment":"scroll","background-type":"","background-media":"","overlay-type":"","overlay-color":"","overlay-opacity":"","overlay-gradient":""},"mobile":{"background-color":"","background-image":"","background-repeat":"repeat","background-position":"center center","background-size":"auto","background-attachment":"scroll","background-type":"","background-media":"","overlay-type":"","overlay-color":"","overlay-opacity":"","overlay-gradient":""}},"ast-content-background-meta":{"desktop":{"background-color":"var(--ast-global-color-4)","background-image":"","background-repeat":"repeat","background-position":"center center","background-size":"auto","background-attachment":"scroll","background-type":"","background-media":"","overlay-type":"","overlay-color":"","overlay-opacity":"","overlay-gradient":""},"tablet":{"background-color":"var(--ast-global-color-4)","background-image":"","background-repeat":"repeat","background-position":"center center","background-size":"auto","background-attachment":"scroll","background-type":"","background-media":"","overlay-type":"","overlay-color":"","overlay-opacity":"","overlay-gradient":""},"mobile":{"background-color":"var(--ast-global-color-4)","background-image":"","background-repeat":"repeat","background-position":"center center","background-size":"auto","background-attachment":"scroll","background-type":"","background-media":"","overlay-type":"","overlay-color":"","overlay-opacity":"","overlay-gradient":""}},"footnotes":""},"categories":[208],"tags":[55,72],"class_list":["post-18708","post","type-post","status-publish","format-standard","has-post-thumbnail","hentry","category-noticias","tag-caral","tag-cultura"],"acf":[],"yoast_head":"<!-- This site is optimized with the Yoast SEO plugin v27.3 - https:\/\/yoast.com\/product\/yoast-seo-wordpress\/ -->\n<title>Caral en el Callao: estudiantes de Nutrici\u00f3n conocieron sobre los alimentos milenarios<\/title>\n<meta name=\"description\" content=\"La Zona Arqueol\u00f3gica Caral (ZAC), Unidad Ejecutora 003 del Ministerio de Cultura, recibi\u00f3 la visita de un grupo de estudiantes de la carrera de Nutrici\u00f3n que realizan voluntariado para el portal Salud en Casa. Las estudiantes recorrieron la exposici\u00f3n museogr\u00e1fica \u201cTecnolog\u00eda Pesquera y Seguridad Alimentaria. Herencia de la Civilizaci\u00f3n Caral\u201d, que se presenta en el Museo Naval del Per\u00fa.\" \/>\n<meta name=\"robots\" content=\"index, follow, max-snippet:-1, max-image-preview:large, max-video-preview:-1\" \/>\n<link rel=\"canonical\" href=\"https:\/\/zonacaral.gob.pe\/es\/noticias\/caral-en-el-callao-estudiantes-de-nutricion-conocieron-sobre-los-alimentos-milenarios\/\" \/>\n<meta property=\"og:locale\" content=\"es_ES\" \/>\n<meta property=\"og:type\" content=\"article\" \/>\n<meta property=\"og:title\" content=\"Caral en el Callao: estudiantes de Nutrici\u00f3n conocieron sobre los alimentos milenarios\" \/>\n<meta property=\"og:description\" content=\"La Zona Arqueol\u00f3gica Caral (ZAC), Unidad Ejecutora 003 del Ministerio de Cultura, recibi\u00f3 la visita de un grupo de estudiantes de la carrera de Nutrici\u00f3n que realizan voluntariado para el portal Salud en Casa. Las estudiantes recorrieron la exposici\u00f3n museogr\u00e1fica \u201cTecnolog\u00eda Pesquera y Seguridad Alimentaria. Herencia de la Civilizaci\u00f3n Caral\u201d, que se presenta en el Museo Naval del Per\u00fa.\" \/>\n<meta property=\"og:url\" content=\"https:\/\/zonacaral.gob.pe\/es\/noticias\/caral-en-el-callao-estudiantes-de-nutricion-conocieron-sobre-los-alimentos-milenarios\/\" \/>\n<meta property=\"og:site_name\" content=\"Zona Caral\" \/>\n<meta property=\"article:published_time\" content=\"2025-12-19T22:11:28+00:00\" \/>\n<meta property=\"og:image\" content=\"https:\/\/zonacaral.gob.pe\/wp-content\/uploads\/2025\/12\/mediacion-nutri-1.jpg\" \/>\n\t<meta property=\"og:image:width\" content=\"1920\" \/>\n\t<meta property=\"og:image:height\" content=\"1080\" \/>\n\t<meta property=\"og:image:type\" content=\"image\/jpeg\" \/>\n<meta name=\"author\" content=\"Zona Caral Administrador\" \/>\n<meta name=\"twitter:card\" content=\"summary_large_image\" \/>\n<meta name=\"twitter:label1\" content=\"Written by\" \/>\n\t<meta name=\"twitter:data1\" content=\"Zona Caral Administrador\" \/>\n\t<meta name=\"twitter:label2\" content=\"Est. reading time\" \/>\n\t<meta name=\"twitter:data2\" content=\"2 minutos\" \/>\n<script type=\"application\/ld+json\" class=\"yoast-schema-graph\">{\"@context\":\"https:\\\/\\\/schema.org\",\"@graph\":[{\"@type\":\"Article\",\"@id\":\"https:\\\/\\\/zonacaral.gob.pe\\\/es\\\/noticias\\\/caral-en-el-callao-estudiantes-de-nutricion-conocieron-sobre-los-alimentos-milenarios\\\/#article\",\"isPartOf\":{\"@id\":\"https:\\\/\\\/zonacaral.gob.pe\\\/es\\\/noticias\\\/caral-en-el-callao-estudiantes-de-nutricion-conocieron-sobre-los-alimentos-milenarios\\\/\"},\"author\":{\"name\":\"Zona Caral Administrador\",\"@id\":\"https:\\\/\\\/zonacaral.gob.pe\\\/es\\\/#\\\/schema\\\/person\\\/beddb4d22f71a7230c5b90913270a0ee\"},\"headline\":\"Caral en el Callao: estudiantes de Nutrici\u00f3n conocieron sobre los alimentos milenarios\",\"datePublished\":\"2025-12-19T22:11:28+00:00\",\"mainEntityOfPage\":{\"@id\":\"https:\\\/\\\/zonacaral.gob.pe\\\/es\\\/noticias\\\/caral-en-el-callao-estudiantes-de-nutricion-conocieron-sobre-los-alimentos-milenarios\\\/\"},\"wordCount\":512,\"image\":{\"@id\":\"https:\\\/\\\/zonacaral.gob.pe\\\/es\\\/noticias\\\/caral-en-el-callao-estudiantes-de-nutricion-conocieron-sobre-los-alimentos-milenarios\\\/#primaryimage\"},\"thumbnailUrl\":\"https:\\\/\\\/zonacaral.gob.pe\\\/wp-content\\\/uploads\\\/2025\\\/12\\\/mediacion-nutri-1.jpg\",\"keywords\":[\"caral\",\"Cultura\"],\"articleSection\":[\"noticias\"],\"inLanguage\":\"es-PE\"},{\"@type\":\"WebPage\",\"@id\":\"https:\\\/\\\/zonacaral.gob.pe\\\/es\\\/noticias\\\/caral-en-el-callao-estudiantes-de-nutricion-conocieron-sobre-los-alimentos-milenarios\\\/\",\"url\":\"https:\\\/\\\/zonacaral.gob.pe\\\/es\\\/noticias\\\/caral-en-el-callao-estudiantes-de-nutricion-conocieron-sobre-los-alimentos-milenarios\\\/\",\"name\":\"Caral en el Callao: estudiantes de Nutrici\u00f3n conocieron sobre los alimentos milenarios\",\"isPartOf\":{\"@id\":\"https:\\\/\\\/zonacaral.gob.pe\\\/es\\\/#website\"},\"primaryImageOfPage\":{\"@id\":\"https:\\\/\\\/zonacaral.gob.pe\\\/es\\\/noticias\\\/caral-en-el-callao-estudiantes-de-nutricion-conocieron-sobre-los-alimentos-milenarios\\\/#primaryimage\"},\"image\":{\"@id\":\"https:\\\/\\\/zonacaral.gob.pe\\\/es\\\/noticias\\\/caral-en-el-callao-estudiantes-de-nutricion-conocieron-sobre-los-alimentos-milenarios\\\/#primaryimage\"},\"thumbnailUrl\":\"https:\\\/\\\/zonacaral.gob.pe\\\/wp-content\\\/uploads\\\/2025\\\/12\\\/mediacion-nutri-1.jpg\",\"datePublished\":\"2025-12-19T22:11:28+00:00\",\"author\":{\"@id\":\"https:\\\/\\\/zonacaral.gob.pe\\\/es\\\/#\\\/schema\\\/person\\\/beddb4d22f71a7230c5b90913270a0ee\"},\"description\":\"La Zona Arqueol\u00f3gica Caral (ZAC), Unidad Ejecutora 003 del Ministerio de Cultura, recibi\u00f3 la visita de un grupo de estudiantes de la carrera de Nutrici\u00f3n que realizan voluntariado para el portal Salud en Casa. Las estudiantes recorrieron la exposici\u00f3n museogr\u00e1fica \u201cTecnolog\u00eda Pesquera y Seguridad Alimentaria. Herencia de la Civilizaci\u00f3n Caral\u201d, que se presenta en el Museo Naval del Per\u00fa.\",\"breadcrumb\":{\"@id\":\"https:\\\/\\\/zonacaral.gob.pe\\\/es\\\/noticias\\\/caral-en-el-callao-estudiantes-de-nutricion-conocieron-sobre-los-alimentos-milenarios\\\/#breadcrumb\"},\"inLanguage\":\"es-PE\",\"potentialAction\":[{\"@type\":\"ReadAction\",\"target\":[\"https:\\\/\\\/zonacaral.gob.pe\\\/es\\\/noticias\\\/caral-en-el-callao-estudiantes-de-nutricion-conocieron-sobre-los-alimentos-milenarios\\\/\"]}]},{\"@type\":\"ImageObject\",\"inLanguage\":\"es-PE\",\"@id\":\"https:\\\/\\\/zonacaral.gob.pe\\\/es\\\/noticias\\\/caral-en-el-callao-estudiantes-de-nutricion-conocieron-sobre-los-alimentos-milenarios\\\/#primaryimage\",\"url\":\"https:\\\/\\\/zonacaral.gob.pe\\\/wp-content\\\/uploads\\\/2025\\\/12\\\/mediacion-nutri-1.jpg\",\"contentUrl\":\"https:\\\/\\\/zonacaral.gob.pe\\\/wp-content\\\/uploads\\\/2025\\\/12\\\/mediacion-nutri-1.jpg\",\"width\":1920,\"height\":1080},{\"@type\":\"BreadcrumbList\",\"@id\":\"https:\\\/\\\/zonacaral.gob.pe\\\/es\\\/noticias\\\/caral-en-el-callao-estudiantes-de-nutricion-conocieron-sobre-los-alimentos-milenarios\\\/#breadcrumb\",\"itemListElement\":[{\"@type\":\"ListItem\",\"position\":1,\"name\":\"Portada\",\"item\":\"https:\\\/\\\/zonacaral.gob.pe\\\/\"},{\"@type\":\"ListItem\",\"position\":2,\"name\":\"Caral en el Callao: estudiantes de Nutrici\u00f3n conocieron sobre los alimentos milenarios\"}]},{\"@type\":\"WebSite\",\"@id\":\"https:\\\/\\\/zonacaral.gob.pe\\\/es\\\/#website\",\"url\":\"https:\\\/\\\/zonacaral.gob.pe\\\/es\\\/\",\"name\":\"Zona Caral\",\"description\":\"Investigamos, conservamos y difundimos el patrimonio cultural de la Civilizaci\u00f3n Caral, la m\u00e1s antigua de Am\u00e9rica.\",\"potentialAction\":[{\"@type\":\"SearchAction\",\"target\":{\"@type\":\"EntryPoint\",\"urlTemplate\":\"https:\\\/\\\/zonacaral.gob.pe\\\/es\\\/?s={search_term_string}\"},\"query-input\":{\"@type\":\"PropertyValueSpecification\",\"valueRequired\":true,\"valueName\":\"search_term_string\"}}],\"inLanguage\":\"es-PE\"},{\"@type\":\"Person\",\"@id\":\"https:\\\/\\\/zonacaral.gob.pe\\\/es\\\/#\\\/schema\\\/person\\\/beddb4d22f71a7230c5b90913270a0ee\",\"name\":\"Zona Caral Administrador\",\"image\":{\"@type\":\"ImageObject\",\"inLanguage\":\"es-PE\",\"@id\":\"https:\\\/\\\/secure.gravatar.com\\\/avatar\\\/e4be162918a696358376de6446614e0f0f4062bdc5d170d6d540ada3d8b58c12?s=96&d=mm&r=g\",\"url\":\"https:\\\/\\\/secure.gravatar.com\\\/avatar\\\/e4be162918a696358376de6446614e0f0f4062bdc5d170d6d540ada3d8b58c12?s=96&d=mm&r=g\",\"contentUrl\":\"https:\\\/\\\/secure.gravatar.com\\\/avatar\\\/e4be162918a696358376de6446614e0f0f4062bdc5d170d6d540ada3d8b58c12?s=96&d=mm&r=g\",\"caption\":\"Zona Caral Administrador\"},\"sameAs\":[\"https:\\\/\\\/zonacaral.gob.pe\"],\"url\":\"https:\\\/\\\/zonacaral.gob.pe\\\/es\\\/noticias\\\/author\\\/ad_zonacaral\\\/\"}]}<\/script>\n<!-- \/ Yoast SEO plugin. -->","yoast_head_json":{"title":"Caral en el Callao: estudiantes de Nutrici\u00f3n conocieron sobre los alimentos milenarios","description":"La Zona Arqueol\u00f3gica Caral (ZAC), Unidad Ejecutora 003 del Ministerio de Cultura, recibi\u00f3 la visita de un grupo de estudiantes de la carrera de Nutrici\u00f3n que realizan voluntariado para el portal Salud en Casa. Las estudiantes recorrieron la exposici\u00f3n museogr\u00e1fica \u201cTecnolog\u00eda Pesquera y Seguridad Alimentaria. Herencia de la Civilizaci\u00f3n Caral\u201d, que se presenta en el Museo Naval del Per\u00fa.","robots":{"index":"index","follow":"follow","max-snippet":"max-snippet:-1","max-image-preview":"max-image-preview:large","max-video-preview":"max-video-preview:-1"},"canonical":"https:\/\/zonacaral.gob.pe\/es\/noticias\/caral-en-el-callao-estudiantes-de-nutricion-conocieron-sobre-los-alimentos-milenarios\/","og_locale":"es_ES","og_type":"article","og_title":"Caral en el Callao: estudiantes de Nutrici\u00f3n conocieron sobre los alimentos milenarios","og_description":"La Zona Arqueol\u00f3gica Caral (ZAC), Unidad Ejecutora 003 del Ministerio de Cultura, recibi\u00f3 la visita de un grupo de estudiantes de la carrera de Nutrici\u00f3n que realizan voluntariado para el portal Salud en Casa. Las estudiantes recorrieron la exposici\u00f3n museogr\u00e1fica \u201cTecnolog\u00eda Pesquera y Seguridad Alimentaria. Herencia de la Civilizaci\u00f3n Caral\u201d, que se presenta en el Museo Naval del Per\u00fa.","og_url":"https:\/\/zonacaral.gob.pe\/es\/noticias\/caral-en-el-callao-estudiantes-de-nutricion-conocieron-sobre-los-alimentos-milenarios\/","og_site_name":"Zona Caral","article_published_time":"2025-12-19T22:11:28+00:00","og_image":[{"width":1920,"height":1080,"url":"https:\/\/zonacaral.gob.pe\/wp-content\/uploads\/2025\/12\/mediacion-nutri-1.jpg","type":"image\/jpeg"}],"author":"Zona Caral Administrador","twitter_card":"summary_large_image","twitter_misc":{"Written by":"Zona Caral Administrador","Est. reading time":"2 minutos"},"schema":{"@context":"https:\/\/schema.org","@graph":[{"@type":"Article","@id":"https:\/\/zonacaral.gob.pe\/es\/noticias\/caral-en-el-callao-estudiantes-de-nutricion-conocieron-sobre-los-alimentos-milenarios\/#article","isPartOf":{"@id":"https:\/\/zonacaral.gob.pe\/es\/noticias\/caral-en-el-callao-estudiantes-de-nutricion-conocieron-sobre-los-alimentos-milenarios\/"},"author":{"name":"Zona Caral Administrador","@id":"https:\/\/zonacaral.gob.pe\/es\/#\/schema\/person\/beddb4d22f71a7230c5b90913270a0ee"},"headline":"Caral en el Callao: estudiantes de Nutrici\u00f3n conocieron sobre los alimentos milenarios","datePublished":"2025-12-19T22:11:28+00:00","mainEntityOfPage":{"@id":"https:\/\/zonacaral.gob.pe\/es\/noticias\/caral-en-el-callao-estudiantes-de-nutricion-conocieron-sobre-los-alimentos-milenarios\/"},"wordCount":512,"image":{"@id":"https:\/\/zonacaral.gob.pe\/es\/noticias\/caral-en-el-callao-estudiantes-de-nutricion-conocieron-sobre-los-alimentos-milenarios\/#primaryimage"},"thumbnailUrl":"https:\/\/zonacaral.gob.pe\/wp-content\/uploads\/2025\/12\/mediacion-nutri-1.jpg","keywords":["caral","Cultura"],"articleSection":["noticias"],"inLanguage":"es-PE"},{"@type":"WebPage","@id":"https:\/\/zonacaral.gob.pe\/es\/noticias\/caral-en-el-callao-estudiantes-de-nutricion-conocieron-sobre-los-alimentos-milenarios\/","url":"https:\/\/zonacaral.gob.pe\/es\/noticias\/caral-en-el-callao-estudiantes-de-nutricion-conocieron-sobre-los-alimentos-milenarios\/","name":"Caral en el Callao: estudiantes de Nutrici\u00f3n conocieron sobre los alimentos milenarios","isPartOf":{"@id":"https:\/\/zonacaral.gob.pe\/es\/#website"},"primaryImageOfPage":{"@id":"https:\/\/zonacaral.gob.pe\/es\/noticias\/caral-en-el-callao-estudiantes-de-nutricion-conocieron-sobre-los-alimentos-milenarios\/#primaryimage"},"image":{"@id":"https:\/\/zonacaral.gob.pe\/es\/noticias\/caral-en-el-callao-estudiantes-de-nutricion-conocieron-sobre-los-alimentos-milenarios\/#primaryimage"},"thumbnailUrl":"https:\/\/zonacaral.gob.pe\/wp-content\/uploads\/2025\/12\/mediacion-nutri-1.jpg","datePublished":"2025-12-19T22:11:28+00:00","author":{"@id":"https:\/\/zonacaral.gob.pe\/es\/#\/schema\/person\/beddb4d22f71a7230c5b90913270a0ee"},"description":"La Zona Arqueol\u00f3gica Caral (ZAC), Unidad Ejecutora 003 del Ministerio de Cultura, recibi\u00f3 la visita de un grupo de estudiantes de la carrera de Nutrici\u00f3n que realizan voluntariado para el portal Salud en Casa. Las estudiantes recorrieron la exposici\u00f3n museogr\u00e1fica \u201cTecnolog\u00eda Pesquera y Seguridad Alimentaria. Herencia de la Civilizaci\u00f3n Caral\u201d, que se presenta en el Museo Naval del Per\u00fa.","breadcrumb":{"@id":"https:\/\/zonacaral.gob.pe\/es\/noticias\/caral-en-el-callao-estudiantes-de-nutricion-conocieron-sobre-los-alimentos-milenarios\/#breadcrumb"},"inLanguage":"es-PE","potentialAction":[{"@type":"ReadAction","target":["https:\/\/zonacaral.gob.pe\/es\/noticias\/caral-en-el-callao-estudiantes-de-nutricion-conocieron-sobre-los-alimentos-milenarios\/"]}]},{"@type":"ImageObject","inLanguage":"es-PE","@id":"https:\/\/zonacaral.gob.pe\/es\/noticias\/caral-en-el-callao-estudiantes-de-nutricion-conocieron-sobre-los-alimentos-milenarios\/#primaryimage","url":"https:\/\/zonacaral.gob.pe\/wp-content\/uploads\/2025\/12\/mediacion-nutri-1.jpg","contentUrl":"https:\/\/zonacaral.gob.pe\/wp-content\/uploads\/2025\/12\/mediacion-nutri-1.jpg","width":1920,"height":1080},{"@type":"BreadcrumbList","@id":"https:\/\/zonacaral.gob.pe\/es\/noticias\/caral-en-el-callao-estudiantes-de-nutricion-conocieron-sobre-los-alimentos-milenarios\/#breadcrumb","itemListElement":[{"@type":"ListItem","position":1,"name":"Portada","item":"https:\/\/zonacaral.gob.pe\/"},{"@type":"ListItem","position":2,"name":"Caral en el Callao: estudiantes de Nutrici\u00f3n conocieron sobre los alimentos milenarios"}]},{"@type":"WebSite","@id":"https:\/\/zonacaral.gob.pe\/es\/#website","url":"https:\/\/zonacaral.gob.pe\/es\/","name":"Zona Caral","description":"Investigamos, conservamos y difundimos el patrimonio cultural de la Civilizaci\u00f3n Caral, la m\u00e1s antigua de Am\u00e9rica.","potentialAction":[{"@type":"SearchAction","target":{"@type":"EntryPoint","urlTemplate":"https:\/\/zonacaral.gob.pe\/es\/?s={search_term_string}"},"query-input":{"@type":"PropertyValueSpecification","valueRequired":true,"valueName":"search_term_string"}}],"inLanguage":"es-PE"},{"@type":"Person","@id":"https:\/\/zonacaral.gob.pe\/es\/#\/schema\/person\/beddb4d22f71a7230c5b90913270a0ee","name":"Zona Caral Administrador","image":{"@type":"ImageObject","inLanguage":"es-PE","@id":"https:\/\/secure.gravatar.com\/avatar\/e4be162918a696358376de6446614e0f0f4062bdc5d170d6d540ada3d8b58c12?s=96&d=mm&r=g","url":"https:\/\/secure.gravatar.com\/avatar\/e4be162918a696358376de6446614e0f0f4062bdc5d170d6d540ada3d8b58c12?s=96&d=mm&r=g","contentUrl":"https:\/\/secure.gravatar.com\/avatar\/e4be162918a696358376de6446614e0f0f4062bdc5d170d6d540ada3d8b58c12?s=96&d=mm&r=g","caption":"Zona Caral Administrador"},"sameAs":["https:\/\/zonacaral.gob.pe"],"url":"https:\/\/zonacaral.gob.pe\/es\/noticias\/author\/ad_zonacaral\/"}]}},"_links":{"self":[{"href":"https:\/\/zonacaral.gob.pe\/es\/wp-json\/wp\/v2\/posts\/18708","targetHints":{"allow":["GET"]}}],"collection":[{"href":"https:\/\/zonacaral.gob.pe\/es\/wp-json\/wp\/v2\/posts"}],"about":[{"href":"https:\/\/zonacaral.gob.pe\/es\/wp-json\/wp\/v2\/types\/post"}],"author":[{"embeddable":true,"href":"https:\/\/zonacaral.gob.pe\/es\/wp-json\/wp\/v2\/users\/1"}],"replies":[{"embeddable":true,"href":"https:\/\/zonacaral.gob.pe\/es\/wp-json\/wp\/v2\/comments?post=18708"}],"version-history":[{"count":0,"href":"https:\/\/zonacaral.gob.pe\/es\/wp-json\/wp\/v2\/posts\/18708\/revisions"}],"wp:featuredmedia":[{"embeddable":true,"href":"https:\/\/zonacaral.gob.pe\/es\/wp-json\/wp\/v2\/media\/18711"}],"wp:attachment":[{"href":"https:\/\/zonacaral.gob.pe\/es\/wp-json\/wp\/v2\/media?parent=18708"}],"wp:term":[{"taxonomy":"category","embeddable":true,"href":"https:\/\/zonacaral.gob.pe\/es\/wp-json\/wp\/v2\/categories?post=18708"},{"taxonomy":"post_tag","embeddable":true,"href":"https:\/\/zonacaral.gob.pe\/es\/wp-json\/wp\/v2\/tags?post=18708"}],"curies":[{"name":"wp","href":"https:\/\/api.w.org\/{rel}","templated":true}]}}