{"id":18718,"date":"2025-12-23T16:44:55","date_gmt":"2025-12-23T21:44:55","guid":{"rendered":"https:\/\/www.zonacaral.gob.pe\/?p=18718"},"modified":"2025-12-23T16:44:55","modified_gmt":"2025-12-23T21:44:55","slug":"caral-en-el-callao-mas-de-1500-personas-visitaron-nuestra-exposicion-en-su-primer-mes","status":"publish","type":"post","link":"https:\/\/zonacaral.gob.pe\/es\/noticias\/caral-en-el-callao-mas-de-1500-personas-visitaron-nuestra-exposicion-en-su-primer-mes\/","title":{"rendered":"Caral en el Callao: m\u00e1s de 1500 personas visitaron nuestra exposici\u00f3n en su primer mes"},"content":{"rendered":"<figure class=\"pic-autor\" style=\"color: #4d4d4d; text-align: justify;\"><\/figure>\n<div class=\"gmail_default\" style=\"text-align: justify;\">\n<blockquote>\n<p><span style=\"font-weight: 400;\">\u201cCaralizando\u201d a los chalacos.<\/span><\/p>\n<\/blockquote>\n<p><span style=\"font-weight: 400;\">La novedosa exposici\u00f3n <\/span><b>\u201cTecnolog\u00eda Pesquera y Seguridad Alimentaria. Herencia de la Civilizaci\u00f3n Caral\u201d<\/b><span style=\"font-weight: 400;\">, inaugurada en el Museo Naval de la Marina de Guerra del Per\u00fa, <\/span><a href=\"https:\/\/maps.app.goo.gl\/FXyDcSwQoEaXPg4b8\"><span style=\"font-weight: 400;\">ubicado en el Callao<\/span><\/a><span style=\"font-weight: 400;\">, ha sido visitada por m\u00e1s de <\/span><b>1 500 personas<\/b><span style=\"font-weight: 400;\">, provenientes de diversos distritos de Lima y del primer puerto del pa\u00eds.<\/span><\/p>\n<p><span style=\"font-weight: 400;\">La muestra, que permanecer\u00e1 abierta hasta el <\/span><b>8 de marzo de 2026<\/b><span style=\"font-weight: 400;\">, ha recibido principalmente la visita de estudiantes de distintas instituciones educativas, destacando la participaci\u00f3n de alumnos de la Instituci\u00f3n Educativa Particular <\/span><b>\u201cJes\u00fas Educador\u201d<\/b><span style=\"font-weight: 400;\">, de la provincia de Chanchamayo, regi\u00f3n Jun\u00edn.<\/span><\/p>\n<p><span style=\"font-weight: 400;\">Asimismo, de acuerdo con el registro de visitantes, se resalta la asistencia de adultos mayores integrantes de los Centros Integrales de Atenci\u00f3n al Adulto Mayor (CIAM) del Callao y Pueblo Libre, y de pescadores artesanales de Paita, Piura,\u00a0 quienes conocieron el importante desarrollo cultural alcanzado por la Civilizaci\u00f3n Caral hace cinco mil a\u00f1os.<\/span><\/p>\n<p><b>Una exposici\u00f3n que integra cultura y tecnolog\u00eda<\/b><\/p>\n<p><span style=\"font-weight: 400;\">La exposici\u00f3n presenta una valiosa colecci\u00f3n de piezas arqueol\u00f3gicas y elementos de la tecnolog\u00eda pesquera desarrollada hace cinco mil a\u00f1os, como redes, anzuelos y otros instrumentos, hallados principalmente en \u00c1spero, antigua ciudad pesquera de Caral, utilizados para la captura de diversos recursos marinos.<\/span><\/p>\n<p><span style=\"font-weight: 400;\">Adem\u00e1s, mediante pantallas t\u00e1ctiles y dispositivos de realidad virtual y aumentada, el p\u00fablico puede interactuar y profundizar sus conocimientos sobre la primera civilizaci\u00f3n de Am\u00e9rica.<\/span><\/p>\n<p><b>Datos<\/b><\/p>\n<p><span style=\"font-weight: 400;\">Durante el periodo de exhibici\u00f3n, la atenci\u00f3n al p\u00fablico se realizar\u00e1 de martes a domingo, de 9:00 a. m. a 4:00 p. m., de manera gratuita. Asimismo, se llevar\u00e1n a cabo peri\u00f3dicamente activaciones y talleres educativos, los cuales ser\u00e1n anunciados a trav\u00e9s de las redes sociales oficiales de la Zona Arqueol\u00f3gica Caral.<\/span><\/p>\n<p><span style=\"font-weight: 400;\">Asimismo, se brindar\u00e1 informaci\u00f3n sobre la visita a los sitios arqueol\u00f3gicos de Caral mediante el programa <\/span><a href=\"https:\/\/www.zonacaral.gob.pe\/ruta-caral\/viajes-culturales.html\"><b>Viajes Culturales<\/b><\/a><span style=\"font-weight: 400;\">. Para mayor informaci\u00f3n, comunicarse al <\/span><b>955 881 340<\/b><span style=\"font-weight: 400;\">.<\/span><\/p>\n<p>\u00a0<\/p>\n<p><i><span style=\"font-weight: 400;\">Para m\u00e1s noticias de la <\/span><\/i><b><i>Zona Arqueol\u00f3gica Caral<\/i><\/b><i><span style=\"font-weight: 400;\">, s\u00edguenos en <\/span><\/i><a href=\"https:\/\/www.instagram.com\/caralperu\/?hl=es\"><i><span style=\"font-weight: 400;\">Instagram<\/span><\/i><\/a><i><span style=\"font-weight: 400;\">, <\/span><\/i><a href=\"https:\/\/www.tiktok.com\/@caral_peru?lang=es\"><i><span style=\"font-weight: 400;\">Tik Tok<\/span><\/i><\/a><i><span style=\"font-weight: 400;\">, <\/span><\/i><a href=\"https:\/\/www.facebook.com\/CARALPERU\/\"><i><span style=\"font-weight: 400;\">Facebook<\/span><\/i><\/a><i><span style=\"font-weight: 400;\">, <\/span><\/i><a href=\"https:\/\/x.com\/Peru_Caral\"><i><span style=\"font-weight: 400;\">X<\/span><\/i><\/a><i><span style=\"font-weight: 400;\">, <\/span><\/i><a href=\"https:\/\/www.youtube.com\/PeruCaral\"><i><span style=\"font-weight: 400;\">YouTube<\/span><\/i><\/a><i><span style=\"font-weight: 400;\"> y en nuestro canal de <\/span><\/i><a href=\"https:\/\/t.me\/Caral_Peru\"><i><span style=\"font-weight: 400;\">Telegram<\/span><\/i><\/a><i><span style=\"font-weight: 400;\">.<\/span><\/i><\/p>\n<p><strong style=\"font-size: inherit; text-align: justify;\">Fuente: Comunicaci\u00f3n e Imagen Institucional ZAC<\/strong><\/p>\n<\/div>\n<div style=\"color: #1f1f1f;\">\n<div style=\"color: #1f1f1f;\">\n<p style=\"text-align: justify;\">Fecha de publicaci\u00f3n: 23\/12\/2025<\/p>\n<\/div>\n<\/div>\n\n\n<p><\/p>\n\n\n\n<p><\/p>\n","protected":false},"excerpt":{"rendered":"<p>\u201cCaralizando\u201d a los chalacos. La novedosa exposici\u00f3n \u201cTecnolog\u00eda Pesquera y Seguridad Alimentaria. Herencia de la Civilizaci\u00f3n Caral\u201d, inaugurada en el [&hellip;]<\/p>\n","protected":false},"author":1,"featured_media":18719,"comment_status":"closed","ping_status":"open","sticky":false,"template":"","format":"standard","meta":{"_acf_changed":false,"site-sidebar-layout":"default","site-content-layout":"","ast-site-content-layout":"default","site-content-style":"default","site-sidebar-style":"default","ast-global-header-display":"","ast-banner-title-visibility":"","ast-main-header-display":"","ast-hfb-above-header-display":"","ast-hfb-below-header-display":"","ast-hfb-mobile-header-display":"","site-post-title":"","ast-breadcrumbs-content":"","ast-featured-img":"","footer-sml-layout":"","ast-disable-related-posts":"","theme-transparent-header-meta":"","adv-header-id-meta":"","stick-header-meta":"","header-above-stick-meta":"","header-main-stick-meta":"","header-below-stick-meta":"","astra-migrate-meta-layouts":"default","ast-page-background-enabled":"default","ast-page-background-meta":{"desktop":{"background-color":"var(--ast-global-color-5)","background-image":"","background-repeat":"repeat","background-position":"center center","background-size":"auto","background-attachment":"scroll","background-type":"","background-media":"","overlay-type":"","overlay-color":"","overlay-opacity":"","overlay-gradient":""},"tablet":{"background-color":"","background-image":"","background-repeat":"repeat","background-position":"center center","background-size":"auto","background-attachment":"scroll","background-type":"","background-media":"","overlay-type":"","overlay-color":"","overlay-opacity":"","overlay-gradient":""},"mobile":{"background-color":"","background-image":"","background-repeat":"repeat","background-position":"center center","background-size":"auto","background-attachment":"scroll","background-type":"","background-media":"","overlay-type":"","overlay-color":"","overlay-opacity":"","overlay-gradient":""}},"ast-content-background-meta":{"desktop":{"background-color":"var(--ast-global-color-4)","background-image":"","background-repeat":"repeat","background-position":"center center","background-size":"auto","background-attachment":"scroll","background-type":"","background-media":"","overlay-type":"","overlay-color":"","overlay-opacity":"","overlay-gradient":""},"tablet":{"background-color":"var(--ast-global-color-4)","background-image":"","background-repeat":"repeat","background-position":"center center","background-size":"auto","background-attachment":"scroll","background-type":"","background-media":"","overlay-type":"","overlay-color":"","overlay-opacity":"","overlay-gradient":""},"mobile":{"background-color":"var(--ast-global-color-4)","background-image":"","background-repeat":"repeat","background-position":"center center","background-size":"auto","background-attachment":"scroll","background-type":"","background-media":"","overlay-type":"","overlay-color":"","overlay-opacity":"","overlay-gradient":""}},"footnotes":""},"categories":[208],"tags":[55,72],"class_list":["post-18718","post","type-post","status-publish","format-standard","has-post-thumbnail","hentry","category-noticias","tag-caral","tag-cultura"],"acf":[],"yoast_head":"<!-- This site is optimized with the Yoast SEO plugin v27.3 - https:\/\/yoast.com\/product\/yoast-seo-wordpress\/ -->\n<title>Caral en el Callao: m\u00e1s de 1500 personas visitaron nuestra exposici\u00f3n en su primer mes<\/title>\n<meta name=\"description\" content=\"La novedosa exposici\u00f3n \u201cTecnolog\u00eda Pesquera y Seguridad Alimentaria. Herencia de la Civilizaci\u00f3n Caral\u201d, inaugurada en el Museo Naval de la Marina de Guerra del Per\u00fa, ubicado en el Callao, ha sido visitada por m\u00e1s de 1 500 personas, provenientes de diversos distritos de Lima y del primer puerto del pa\u00eds.\" \/>\n<meta name=\"robots\" content=\"index, follow, max-snippet:-1, max-image-preview:large, max-video-preview:-1\" \/>\n<link rel=\"canonical\" href=\"https:\/\/zonacaral.gob.pe\/es\/noticias\/caral-en-el-callao-mas-de-1500-personas-visitaron-nuestra-exposicion-en-su-primer-mes\/\" \/>\n<meta property=\"og:locale\" content=\"es_ES\" \/>\n<meta property=\"og:type\" content=\"article\" \/>\n<meta property=\"og:title\" content=\"Caral en el Callao: m\u00e1s de 1500 personas visitaron nuestra exposici\u00f3n en su primer mes\" \/>\n<meta property=\"og:description\" content=\"La novedosa exposici\u00f3n \u201cTecnolog\u00eda Pesquera y Seguridad Alimentaria. Herencia de la Civilizaci\u00f3n Caral\u201d, inaugurada en el Museo Naval de la Marina de Guerra del Per\u00fa, ubicado en el Callao, ha sido visitada por m\u00e1s de 1 500 personas, provenientes de diversos distritos de Lima y del primer puerto del pa\u00eds.\" \/>\n<meta property=\"og:url\" content=\"https:\/\/zonacaral.gob.pe\/es\/noticias\/caral-en-el-callao-mas-de-1500-personas-visitaron-nuestra-exposicion-en-su-primer-mes\/\" \/>\n<meta property=\"og:site_name\" content=\"Zona Caral\" \/>\n<meta property=\"article:published_time\" content=\"2025-12-23T21:44:55+00:00\" \/>\n<meta property=\"og:image\" content=\"https:\/\/zonacaral.gob.pe\/wp-content\/uploads\/2025\/12\/1-33.jpg\" \/>\n\t<meta property=\"og:image:width\" content=\"1199\" \/>\n\t<meta property=\"og:image:height\" content=\"959\" \/>\n\t<meta property=\"og:image:type\" content=\"image\/jpeg\" \/>\n<meta name=\"author\" content=\"Zona Caral Administrador\" \/>\n<meta name=\"twitter:card\" content=\"summary_large_image\" \/>\n<meta name=\"twitter:label1\" content=\"Written by\" \/>\n\t<meta name=\"twitter:data1\" content=\"Zona Caral Administrador\" \/>\n\t<meta name=\"twitter:label2\" content=\"Est. reading time\" \/>\n\t<meta name=\"twitter:data2\" content=\"2 minutos\" \/>\n<script type=\"application\/ld+json\" class=\"yoast-schema-graph\">{\"@context\":\"https:\\\/\\\/schema.org\",\"@graph\":[{\"@type\":\"Article\",\"@id\":\"https:\\\/\\\/zonacaral.gob.pe\\\/es\\\/noticias\\\/caral-en-el-callao-mas-de-1500-personas-visitaron-nuestra-exposicion-en-su-primer-mes\\\/#article\",\"isPartOf\":{\"@id\":\"https:\\\/\\\/zonacaral.gob.pe\\\/es\\\/noticias\\\/caral-en-el-callao-mas-de-1500-personas-visitaron-nuestra-exposicion-en-su-primer-mes\\\/\"},\"author\":{\"name\":\"Zona Caral Administrador\",\"@id\":\"https:\\\/\\\/zonacaral.gob.pe\\\/es\\\/#\\\/schema\\\/person\\\/beddb4d22f71a7230c5b90913270a0ee\"},\"headline\":\"Caral en el Callao: m\u00e1s de 1500 personas visitaron nuestra exposici\u00f3n en su primer mes\",\"datePublished\":\"2025-12-23T21:44:55+00:00\",\"mainEntityOfPage\":{\"@id\":\"https:\\\/\\\/zonacaral.gob.pe\\\/es\\\/noticias\\\/caral-en-el-callao-mas-de-1500-personas-visitaron-nuestra-exposicion-en-su-primer-mes\\\/\"},\"wordCount\":382,\"image\":{\"@id\":\"https:\\\/\\\/zonacaral.gob.pe\\\/es\\\/noticias\\\/caral-en-el-callao-mas-de-1500-personas-visitaron-nuestra-exposicion-en-su-primer-mes\\\/#primaryimage\"},\"thumbnailUrl\":\"https:\\\/\\\/zonacaral.gob.pe\\\/wp-content\\\/uploads\\\/2025\\\/12\\\/1-33.jpg\",\"keywords\":[\"caral\",\"Cultura\"],\"articleSection\":[\"noticias\"],\"inLanguage\":\"es-PE\"},{\"@type\":\"WebPage\",\"@id\":\"https:\\\/\\\/zonacaral.gob.pe\\\/es\\\/noticias\\\/caral-en-el-callao-mas-de-1500-personas-visitaron-nuestra-exposicion-en-su-primer-mes\\\/\",\"url\":\"https:\\\/\\\/zonacaral.gob.pe\\\/es\\\/noticias\\\/caral-en-el-callao-mas-de-1500-personas-visitaron-nuestra-exposicion-en-su-primer-mes\\\/\",\"name\":\"Caral en el Callao: m\u00e1s de 1500 personas visitaron nuestra exposici\u00f3n en su primer mes\",\"isPartOf\":{\"@id\":\"https:\\\/\\\/zonacaral.gob.pe\\\/es\\\/#website\"},\"primaryImageOfPage\":{\"@id\":\"https:\\\/\\\/zonacaral.gob.pe\\\/es\\\/noticias\\\/caral-en-el-callao-mas-de-1500-personas-visitaron-nuestra-exposicion-en-su-primer-mes\\\/#primaryimage\"},\"image\":{\"@id\":\"https:\\\/\\\/zonacaral.gob.pe\\\/es\\\/noticias\\\/caral-en-el-callao-mas-de-1500-personas-visitaron-nuestra-exposicion-en-su-primer-mes\\\/#primaryimage\"},\"thumbnailUrl\":\"https:\\\/\\\/zonacaral.gob.pe\\\/wp-content\\\/uploads\\\/2025\\\/12\\\/1-33.jpg\",\"datePublished\":\"2025-12-23T21:44:55+00:00\",\"author\":{\"@id\":\"https:\\\/\\\/zonacaral.gob.pe\\\/es\\\/#\\\/schema\\\/person\\\/beddb4d22f71a7230c5b90913270a0ee\"},\"description\":\"La novedosa exposici\u00f3n \u201cTecnolog\u00eda Pesquera y Seguridad Alimentaria. Herencia de la Civilizaci\u00f3n Caral\u201d, inaugurada en el Museo Naval de la Marina de Guerra del Per\u00fa, ubicado en el Callao, ha sido visitada por m\u00e1s de 1 500 personas, provenientes de diversos distritos de Lima y del primer puerto del pa\u00eds.\",\"breadcrumb\":{\"@id\":\"https:\\\/\\\/zonacaral.gob.pe\\\/es\\\/noticias\\\/caral-en-el-callao-mas-de-1500-personas-visitaron-nuestra-exposicion-en-su-primer-mes\\\/#breadcrumb\"},\"inLanguage\":\"es-PE\",\"potentialAction\":[{\"@type\":\"ReadAction\",\"target\":[\"https:\\\/\\\/zonacaral.gob.pe\\\/es\\\/noticias\\\/caral-en-el-callao-mas-de-1500-personas-visitaron-nuestra-exposicion-en-su-primer-mes\\\/\"]}]},{\"@type\":\"ImageObject\",\"inLanguage\":\"es-PE\",\"@id\":\"https:\\\/\\\/zonacaral.gob.pe\\\/es\\\/noticias\\\/caral-en-el-callao-mas-de-1500-personas-visitaron-nuestra-exposicion-en-su-primer-mes\\\/#primaryimage\",\"url\":\"https:\\\/\\\/zonacaral.gob.pe\\\/wp-content\\\/uploads\\\/2025\\\/12\\\/1-33.jpg\",\"contentUrl\":\"https:\\\/\\\/zonacaral.gob.pe\\\/wp-content\\\/uploads\\\/2025\\\/12\\\/1-33.jpg\",\"width\":1199,\"height\":959},{\"@type\":\"BreadcrumbList\",\"@id\":\"https:\\\/\\\/zonacaral.gob.pe\\\/es\\\/noticias\\\/caral-en-el-callao-mas-de-1500-personas-visitaron-nuestra-exposicion-en-su-primer-mes\\\/#breadcrumb\",\"itemListElement\":[{\"@type\":\"ListItem\",\"position\":1,\"name\":\"Portada\",\"item\":\"https:\\\/\\\/zonacaral.gob.pe\\\/\"},{\"@type\":\"ListItem\",\"position\":2,\"name\":\"Caral en el Callao: m\u00e1s de 1500 personas visitaron nuestra exposici\u00f3n en su primer mes\"}]},{\"@type\":\"WebSite\",\"@id\":\"https:\\\/\\\/zonacaral.gob.pe\\\/es\\\/#website\",\"url\":\"https:\\\/\\\/zonacaral.gob.pe\\\/es\\\/\",\"name\":\"Zona Caral\",\"description\":\"Investigamos, conservamos y difundimos el patrimonio cultural de la Civilizaci\u00f3n Caral, la m\u00e1s antigua de Am\u00e9rica.\",\"potentialAction\":[{\"@type\":\"SearchAction\",\"target\":{\"@type\":\"EntryPoint\",\"urlTemplate\":\"https:\\\/\\\/zonacaral.gob.pe\\\/es\\\/?s={search_term_string}\"},\"query-input\":{\"@type\":\"PropertyValueSpecification\",\"valueRequired\":true,\"valueName\":\"search_term_string\"}}],\"inLanguage\":\"es-PE\"},{\"@type\":\"Person\",\"@id\":\"https:\\\/\\\/zonacaral.gob.pe\\\/es\\\/#\\\/schema\\\/person\\\/beddb4d22f71a7230c5b90913270a0ee\",\"name\":\"Zona Caral Administrador\",\"image\":{\"@type\":\"ImageObject\",\"inLanguage\":\"es-PE\",\"@id\":\"https:\\\/\\\/secure.gravatar.com\\\/avatar\\\/e4be162918a696358376de6446614e0f0f4062bdc5d170d6d540ada3d8b58c12?s=96&d=mm&r=g\",\"url\":\"https:\\\/\\\/secure.gravatar.com\\\/avatar\\\/e4be162918a696358376de6446614e0f0f4062bdc5d170d6d540ada3d8b58c12?s=96&d=mm&r=g\",\"contentUrl\":\"https:\\\/\\\/secure.gravatar.com\\\/avatar\\\/e4be162918a696358376de6446614e0f0f4062bdc5d170d6d540ada3d8b58c12?s=96&d=mm&r=g\",\"caption\":\"Zona Caral Administrador\"},\"sameAs\":[\"https:\\\/\\\/zonacaral.gob.pe\"],\"url\":\"https:\\\/\\\/zonacaral.gob.pe\\\/es\\\/noticias\\\/author\\\/ad_zonacaral\\\/\"}]}<\/script>\n<!-- \/ Yoast SEO plugin. -->","yoast_head_json":{"title":"Caral en el Callao: m\u00e1s de 1500 personas visitaron nuestra exposici\u00f3n en su primer mes","description":"La novedosa exposici\u00f3n \u201cTecnolog\u00eda Pesquera y Seguridad Alimentaria. Herencia de la Civilizaci\u00f3n Caral\u201d, inaugurada en el Museo Naval de la Marina de Guerra del Per\u00fa, ubicado en el Callao, ha sido visitada por m\u00e1s de 1 500 personas, provenientes de diversos distritos de Lima y del primer puerto del pa\u00eds.","robots":{"index":"index","follow":"follow","max-snippet":"max-snippet:-1","max-image-preview":"max-image-preview:large","max-video-preview":"max-video-preview:-1"},"canonical":"https:\/\/zonacaral.gob.pe\/es\/noticias\/caral-en-el-callao-mas-de-1500-personas-visitaron-nuestra-exposicion-en-su-primer-mes\/","og_locale":"es_ES","og_type":"article","og_title":"Caral en el Callao: m\u00e1s de 1500 personas visitaron nuestra exposici\u00f3n en su primer mes","og_description":"La novedosa exposici\u00f3n \u201cTecnolog\u00eda Pesquera y Seguridad Alimentaria. Herencia de la Civilizaci\u00f3n Caral\u201d, inaugurada en el Museo Naval de la Marina de Guerra del Per\u00fa, ubicado en el Callao, ha sido visitada por m\u00e1s de 1 500 personas, provenientes de diversos distritos de Lima y del primer puerto del pa\u00eds.","og_url":"https:\/\/zonacaral.gob.pe\/es\/noticias\/caral-en-el-callao-mas-de-1500-personas-visitaron-nuestra-exposicion-en-su-primer-mes\/","og_site_name":"Zona Caral","article_published_time":"2025-12-23T21:44:55+00:00","og_image":[{"width":1199,"height":959,"url":"https:\/\/zonacaral.gob.pe\/wp-content\/uploads\/2025\/12\/1-33.jpg","type":"image\/jpeg"}],"author":"Zona Caral Administrador","twitter_card":"summary_large_image","twitter_misc":{"Written by":"Zona Caral Administrador","Est. reading time":"2 minutos"},"schema":{"@context":"https:\/\/schema.org","@graph":[{"@type":"Article","@id":"https:\/\/zonacaral.gob.pe\/es\/noticias\/caral-en-el-callao-mas-de-1500-personas-visitaron-nuestra-exposicion-en-su-primer-mes\/#article","isPartOf":{"@id":"https:\/\/zonacaral.gob.pe\/es\/noticias\/caral-en-el-callao-mas-de-1500-personas-visitaron-nuestra-exposicion-en-su-primer-mes\/"},"author":{"name":"Zona Caral Administrador","@id":"https:\/\/zonacaral.gob.pe\/es\/#\/schema\/person\/beddb4d22f71a7230c5b90913270a0ee"},"headline":"Caral en el Callao: m\u00e1s de 1500 personas visitaron nuestra exposici\u00f3n en su primer mes","datePublished":"2025-12-23T21:44:55+00:00","mainEntityOfPage":{"@id":"https:\/\/zonacaral.gob.pe\/es\/noticias\/caral-en-el-callao-mas-de-1500-personas-visitaron-nuestra-exposicion-en-su-primer-mes\/"},"wordCount":382,"image":{"@id":"https:\/\/zonacaral.gob.pe\/es\/noticias\/caral-en-el-callao-mas-de-1500-personas-visitaron-nuestra-exposicion-en-su-primer-mes\/#primaryimage"},"thumbnailUrl":"https:\/\/zonacaral.gob.pe\/wp-content\/uploads\/2025\/12\/1-33.jpg","keywords":["caral","Cultura"],"articleSection":["noticias"],"inLanguage":"es-PE"},{"@type":"WebPage","@id":"https:\/\/zonacaral.gob.pe\/es\/noticias\/caral-en-el-callao-mas-de-1500-personas-visitaron-nuestra-exposicion-en-su-primer-mes\/","url":"https:\/\/zonacaral.gob.pe\/es\/noticias\/caral-en-el-callao-mas-de-1500-personas-visitaron-nuestra-exposicion-en-su-primer-mes\/","name":"Caral en el Callao: m\u00e1s de 1500 personas visitaron nuestra exposici\u00f3n en su primer mes","isPartOf":{"@id":"https:\/\/zonacaral.gob.pe\/es\/#website"},"primaryImageOfPage":{"@id":"https:\/\/zonacaral.gob.pe\/es\/noticias\/caral-en-el-callao-mas-de-1500-personas-visitaron-nuestra-exposicion-en-su-primer-mes\/#primaryimage"},"image":{"@id":"https:\/\/zonacaral.gob.pe\/es\/noticias\/caral-en-el-callao-mas-de-1500-personas-visitaron-nuestra-exposicion-en-su-primer-mes\/#primaryimage"},"thumbnailUrl":"https:\/\/zonacaral.gob.pe\/wp-content\/uploads\/2025\/12\/1-33.jpg","datePublished":"2025-12-23T21:44:55+00:00","author":{"@id":"https:\/\/zonacaral.gob.pe\/es\/#\/schema\/person\/beddb4d22f71a7230c5b90913270a0ee"},"description":"La novedosa exposici\u00f3n \u201cTecnolog\u00eda Pesquera y Seguridad Alimentaria. Herencia de la Civilizaci\u00f3n Caral\u201d, inaugurada en el Museo Naval de la Marina de Guerra del Per\u00fa, ubicado en el Callao, ha sido visitada por m\u00e1s de 1 500 personas, provenientes de diversos distritos de Lima y del primer puerto del pa\u00eds.","breadcrumb":{"@id":"https:\/\/zonacaral.gob.pe\/es\/noticias\/caral-en-el-callao-mas-de-1500-personas-visitaron-nuestra-exposicion-en-su-primer-mes\/#breadcrumb"},"inLanguage":"es-PE","potentialAction":[{"@type":"ReadAction","target":["https:\/\/zonacaral.gob.pe\/es\/noticias\/caral-en-el-callao-mas-de-1500-personas-visitaron-nuestra-exposicion-en-su-primer-mes\/"]}]},{"@type":"ImageObject","inLanguage":"es-PE","@id":"https:\/\/zonacaral.gob.pe\/es\/noticias\/caral-en-el-callao-mas-de-1500-personas-visitaron-nuestra-exposicion-en-su-primer-mes\/#primaryimage","url":"https:\/\/zonacaral.gob.pe\/wp-content\/uploads\/2025\/12\/1-33.jpg","contentUrl":"https:\/\/zonacaral.gob.pe\/wp-content\/uploads\/2025\/12\/1-33.jpg","width":1199,"height":959},{"@type":"BreadcrumbList","@id":"https:\/\/zonacaral.gob.pe\/es\/noticias\/caral-en-el-callao-mas-de-1500-personas-visitaron-nuestra-exposicion-en-su-primer-mes\/#breadcrumb","itemListElement":[{"@type":"ListItem","position":1,"name":"Portada","item":"https:\/\/zonacaral.gob.pe\/"},{"@type":"ListItem","position":2,"name":"Caral en el Callao: m\u00e1s de 1500 personas visitaron nuestra exposici\u00f3n en su primer mes"}]},{"@type":"WebSite","@id":"https:\/\/zonacaral.gob.pe\/es\/#website","url":"https:\/\/zonacaral.gob.pe\/es\/","name":"Zona Caral","description":"Investigamos, conservamos y difundimos el patrimonio cultural de la Civilizaci\u00f3n Caral, la m\u00e1s antigua de Am\u00e9rica.","potentialAction":[{"@type":"SearchAction","target":{"@type":"EntryPoint","urlTemplate":"https:\/\/zonacaral.gob.pe\/es\/?s={search_term_string}"},"query-input":{"@type":"PropertyValueSpecification","valueRequired":true,"valueName":"search_term_string"}}],"inLanguage":"es-PE"},{"@type":"Person","@id":"https:\/\/zonacaral.gob.pe\/es\/#\/schema\/person\/beddb4d22f71a7230c5b90913270a0ee","name":"Zona Caral Administrador","image":{"@type":"ImageObject","inLanguage":"es-PE","@id":"https:\/\/secure.gravatar.com\/avatar\/e4be162918a696358376de6446614e0f0f4062bdc5d170d6d540ada3d8b58c12?s=96&d=mm&r=g","url":"https:\/\/secure.gravatar.com\/avatar\/e4be162918a696358376de6446614e0f0f4062bdc5d170d6d540ada3d8b58c12?s=96&d=mm&r=g","contentUrl":"https:\/\/secure.gravatar.com\/avatar\/e4be162918a696358376de6446614e0f0f4062bdc5d170d6d540ada3d8b58c12?s=96&d=mm&r=g","caption":"Zona Caral Administrador"},"sameAs":["https:\/\/zonacaral.gob.pe"],"url":"https:\/\/zonacaral.gob.pe\/es\/noticias\/author\/ad_zonacaral\/"}]}},"_links":{"self":[{"href":"https:\/\/zonacaral.gob.pe\/es\/wp-json\/wp\/v2\/posts\/18718","targetHints":{"allow":["GET"]}}],"collection":[{"href":"https:\/\/zonacaral.gob.pe\/es\/wp-json\/wp\/v2\/posts"}],"about":[{"href":"https:\/\/zonacaral.gob.pe\/es\/wp-json\/wp\/v2\/types\/post"}],"author":[{"embeddable":true,"href":"https:\/\/zonacaral.gob.pe\/es\/wp-json\/wp\/v2\/users\/1"}],"replies":[{"embeddable":true,"href":"https:\/\/zonacaral.gob.pe\/es\/wp-json\/wp\/v2\/comments?post=18718"}],"version-history":[{"count":0,"href":"https:\/\/zonacaral.gob.pe\/es\/wp-json\/wp\/v2\/posts\/18718\/revisions"}],"wp:featuredmedia":[{"embeddable":true,"href":"https:\/\/zonacaral.gob.pe\/es\/wp-json\/wp\/v2\/media\/18719"}],"wp:attachment":[{"href":"https:\/\/zonacaral.gob.pe\/es\/wp-json\/wp\/v2\/media?parent=18718"}],"wp:term":[{"taxonomy":"category","embeddable":true,"href":"https:\/\/zonacaral.gob.pe\/es\/wp-json\/wp\/v2\/categories?post=18718"},{"taxonomy":"post_tag","embeddable":true,"href":"https:\/\/zonacaral.gob.pe\/es\/wp-json\/wp\/v2\/tags?post=18718"}],"curies":[{"name":"wp","href":"https:\/\/api.w.org\/{rel}","templated":true}]}}