{"id":18729,"date":"2025-12-30T19:12:57","date_gmt":"2025-12-31T00:12:57","guid":{"rendered":"https:\/\/www.zonacaral.gob.pe\/?p=18729"},"modified":"2025-12-30T19:12:57","modified_gmt":"2025-12-31T00:12:57","slug":"caral-represento-al-peru-en-el-vi-foro-de-arqueologia-de-shanghai-chin","status":"publish","type":"post","link":"https:\/\/zonacaral.gob.pe\/es\/noticias\/caral-represento-al-peru-en-el-vi-foro-de-arqueologia-de-shanghai-chin\/","title":{"rendered":"Caral represent\u00f3 al Per\u00fa en el VI Foro de Arqueolog\u00eda de Shangh\u00e1i \u2013 Chin"},"content":{"rendered":"<figure class=\"pic-autor\" style=\"color: #4d4d4d; text-align: justify;\"><\/figure>\n<div class=\"gmail_default\" style=\"text-align: justify;\">\n<blockquote>\n<p><i><span style=\"font-weight: 400;\">Evento arqueol\u00f3gico m\u00e1s importante del continente asi\u00e1tico<\/span><\/i><\/p>\n<\/blockquote>\n<p><span style=\"font-weight: 400;\">La <\/span><a href=\"https:\/\/www.youtube.com\/watch?v=eCHc2v9-jzM\"><span style=\"font-weight: 400;\">doctora Ruth Shady Sol\u00eds<\/span><\/a><span style=\"font-weight: 400;\">, jefa directora de la <\/span><a href=\"https:\/\/www.instagram.com\/caralperu\/?hl=es\"><span style=\"font-weight: 400;\">Zona Arqueol\u00f3gica Caral<\/span><\/a><span style=\"font-weight: 400;\"> (ZAC), Unidad Ejecutora 003 del Ministerio de Cultura, y el arque\u00f3logo Marco Machacuay Romero, director de Investigaci\u00f3n y Conservaci\u00f3n de Monumentos Arqueol\u00f3gicos de esta misma instituci\u00f3n, participaron en el <\/span><b>VI Foro de Arqueolog\u00eda de Shangh\u00e1i <\/b><span style=\"font-weight: 400;\">(SAF 2025), titulado \u201cTecnolog\u00eda, Sociedad y Arqueolog\u00eda\u00bb, realizado entre el 15 y el 18 de diciembre en Shangh\u00e1i, Rep\u00fablica Popular China.&nbsp;<\/span><\/p>\n<p><span style=\"font-weight: 400;\">La doctora Shady present\u00f3 la ponencia <\/span><b><i>\u201cLa importancia de la ideolog\u00eda, las relaciones interculturales y la producci\u00f3n de conocimiento en la formaci\u00f3n y desarrollo de la Civilizaci\u00f3n Caral\u201d<\/i><\/b><span style=\"font-weight: 400;\">, mientras que el doctorando Machacuay present\u00f3 <\/span><b><i>\u201cArquitectura p\u00fablica y complejidad social en la costa central del Per\u00fa durante el Per\u00edodo Formativo Inicial (3000\u20131500 a. C.)\u201d.<\/i><\/b><\/p>\n<p><span style=\"font-weight: 400;\">Asimismo, por invitaci\u00f3n del <\/span><b>Instituto de Arqueolog\u00eda de la Academia China de Ciencias Sociales (IA-CASS)<\/b><span style=\"font-weight: 400;\">, el 22 de diciembre, en Pek\u00edn, ambos especialistas presentaron conferencias acad\u00e9micas sobre la gesti\u00f3n de los centros urbanos de la Civilizaci\u00f3n Caral (3000\u20131800 a. C.). La Dra Shady present\u00f3 la ponencia titulada: <\/span><b><i>\u201cLa Civilizaci\u00f3n Caral: el manejo del territorio, la interacci\u00f3n intercultural, la complementariedad social y pol\u00edtica; y los efectos del cambio clim\u00e1tico\u201d<\/i><\/b><span style=\"font-weight: 400;\">, mientras que el Director Marco Machacuay, expuso: <\/span><b><i>\u201cGesti\u00f3n del Recurso Cultural de la Civilizaci\u00f3n Caral para promover el desarrollo social de la Civilizaci\u00f3n Caral\u201d.<\/i><\/b><\/p>\n<p><span style=\"font-weight: 400;\">La visita permiti\u00f3, adem\u00e1s, el intercambio de experiencias con especialistas de distintos pa\u00edses y el conocimiento de las estrategias de gesti\u00f3n, investigaci\u00f3n y protecci\u00f3n del patrimonio arqueol\u00f3gico, con miras a su aplicaci\u00f3n en los doce asentamientos arqueol\u00f3gicos que administra la ZAC.<\/span><\/p>\n<p><span style=\"font-weight: 400;\">En ese contexto, los representantes de Caral fueron invitados a conocer importantes sitios y espacios culturales, como los yacimientos arqueol\u00f3gicos de Jingtoushan en Zhejiang;&nbsp; <\/span><b>Liangzhu <\/b><span style=\"font-weight: 400;\">en <\/span><span style=\"font-weight: 400;\">Hangzhou<\/span><span style=\"font-weight: 400;\"> y <\/span><b>Sanxingdui en <\/b><span style=\"font-weight: 400;\">Guanghan y el <\/span><b>Museo Arqueol\u00f3gico de China<\/b><span style=\"font-weight: 400;\"> en Pek\u00edn.<\/span><\/p>\n<p><span style=\"font-weight: 400;\">Los altos funcionarios de la Zona Arqueol\u00f3gica Caral, representaron al Per\u00fa en las conversaciones con los acad\u00e9micos chinos en torno a la colaboraci\u00f3n mutua entre pueblos hermanos, herederos de antiguas civilizaciones, que han enfrentado en su pasado grandes retos y tienen mucho que compartir en el futuro.<\/span><\/p>\n<p><b>Foro de Arqueolog\u00eda de Shangh\u00e1i<\/b><\/p>\n<p><span style=\"font-weight: 400;\">El Foro de Arqueolog\u00eda de Shangh\u00e1i, fundado en 2013 y realizado de manera bienal, es un encuentro acad\u00e9mico internacional organizado por la Universidad de Shangh\u00e1i y re\u00fane cada dos a\u00f1os a los principales arque\u00f3logos de todo el mundo. Su objetivo es promover la investigaci\u00f3n, la protecci\u00f3n y la puesta en valor del patrimonio arqueol\u00f3gico a nivel global, as\u00ed como difundir los principales hallazgos arqueol\u00f3gicos y resaltar la importancia contempor\u00e1nea de su conservaci\u00f3n.<\/span><\/p>\n<p><span style=\"font-weight: 400;\">El Instituto de Arqueolog\u00eda de la Academia China de Ciencias Sociales (IA-CASS) es la principal instituci\u00f3n de investigaci\u00f3n arqueol\u00f3gica a nivel nacional de China y funciona como el centro acad\u00e9mico y coordinador m\u00e1s importante en este campo en el pa\u00eds.<\/span><\/p>\n<p><i><span style=\"font-weight: 400;\">Para m\u00e1s noticias de la Zona Arqueol\u00f3gica Caral, s\u00edguenos en <\/span><\/i><a href=\"https:\/\/www.instagram.com\/caralperu\/?hl=es\"><i><span style=\"font-weight: 400;\">Instagram<\/span><\/i><\/a><i><span style=\"font-weight: 400;\">, <\/span><\/i><a href=\"https:\/\/www.tiktok.com\/@caral_peru?lang=es\"><i><span style=\"font-weight: 400;\">Tik Tok<\/span><\/i><\/a><i><span style=\"font-weight: 400;\">, <\/span><\/i><a href=\"https:\/\/www.facebook.com\/CARALPERU\/\"><i><span style=\"font-weight: 400;\">Facebook<\/span><\/i><\/a><i><span style=\"font-weight: 400;\">, <\/span><\/i><a href=\"https:\/\/x.com\/Peru_Caral\"><i><span style=\"font-weight: 400;\">X<\/span><\/i><\/a><i><span style=\"font-weight: 400;\">, <\/span><\/i><a href=\"https:\/\/www.youtube.com\/PeruCaral\"><i><span style=\"font-weight: 400;\">YouTube<\/span><\/i><\/a><i><span style=\"font-weight: 400;\"> y en nuestro canal de <\/span><\/i><a href=\"https:\/\/t.me\/Caral_Peru\"><i><span style=\"font-weight: 400;\">Telegram<\/span><\/i><\/a><i><span style=\"font-weight: 400;\">.<\/span><\/i><\/p>\n<p><strong style=\"font-size: inherit; text-align: justify;\">Fuente: Comunicaci\u00f3n e Imagen Institucional ZAC<\/strong><\/p>\n<\/div>\n<div style=\"color: #1f1f1f;\">\n<div style=\"color: #1f1f1f;\">\n<p style=\"text-align: justify;\">Fecha de publicaci\u00f3n: 30\/12\/2025<\/p>\n<\/div>\n<\/div>\n\n\n<p><\/p>\n\n\n\n<p><\/p>\n","protected":false},"excerpt":{"rendered":"<p>Evento arqueol\u00f3gico m\u00e1s importante del continente asi\u00e1tico La doctora Ruth Shady Sol\u00eds, jefa directora de la Zona Arqueol\u00f3gica Caral (ZAC), [&hellip;]<\/p>\n","protected":false},"author":1,"featured_media":18731,"comment_status":"closed","ping_status":"open","sticky":false,"template":"","format":"standard","meta":{"_acf_changed":false,"site-sidebar-layout":"default","site-content-layout":"","ast-site-content-layout":"default","site-content-style":"default","site-sidebar-style":"default","ast-global-header-display":"","ast-banner-title-visibility":"","ast-main-header-display":"","ast-hfb-above-header-display":"","ast-hfb-below-header-display":"","ast-hfb-mobile-header-display":"","site-post-title":"","ast-breadcrumbs-content":"","ast-featured-img":"","footer-sml-layout":"","ast-disable-related-posts":"","theme-transparent-header-meta":"","adv-header-id-meta":"","stick-header-meta":"","header-above-stick-meta":"","header-main-stick-meta":"","header-below-stick-meta":"","astra-migrate-meta-layouts":"default","ast-page-background-enabled":"default","ast-page-background-meta":{"desktop":{"background-color":"var(--ast-global-color-5)","background-image":"","background-repeat":"repeat","background-position":"center center","background-size":"auto","background-attachment":"scroll","background-type":"","background-media":"","overlay-type":"","overlay-color":"","overlay-opacity":"","overlay-gradient":""},"tablet":{"background-color":"","background-image":"","background-repeat":"repeat","background-position":"center center","background-size":"auto","background-attachment":"scroll","background-type":"","background-media":"","overlay-type":"","overlay-color":"","overlay-opacity":"","overlay-gradient":""},"mobile":{"background-color":"","background-image":"","background-repeat":"repeat","background-position":"center center","background-size":"auto","background-attachment":"scroll","background-type":"","background-media":"","overlay-type":"","overlay-color":"","overlay-opacity":"","overlay-gradient":""}},"ast-content-background-meta":{"desktop":{"background-color":"var(--ast-global-color-4)","background-image":"","background-repeat":"repeat","background-position":"center center","background-size":"auto","background-attachment":"scroll","background-type":"","background-media":"","overlay-type":"","overlay-color":"","overlay-opacity":"","overlay-gradient":""},"tablet":{"background-color":"var(--ast-global-color-4)","background-image":"","background-repeat":"repeat","background-position":"center center","background-size":"auto","background-attachment":"scroll","background-type":"","background-media":"","overlay-type":"","overlay-color":"","overlay-opacity":"","overlay-gradient":""},"mobile":{"background-color":"var(--ast-global-color-4)","background-image":"","background-repeat":"repeat","background-position":"center center","background-size":"auto","background-attachment":"scroll","background-type":"","background-media":"","overlay-type":"","overlay-color":"","overlay-opacity":"","overlay-gradient":""}},"footnotes":""},"categories":[208],"tags":[55,72],"class_list":["post-18729","post","type-post","status-publish","format-standard","has-post-thumbnail","hentry","category-noticias","tag-caral","tag-cultura"],"acf":[],"yoast_head":"<!-- This site is optimized with the Yoast SEO plugin v27.3 - https:\/\/yoast.com\/product\/yoast-seo-wordpress\/ -->\n<title>Caral represent\u00f3 al Per\u00fa en el VI Foro de Arqueolog\u00eda de Shangh\u00e1i \u2013 Chin<\/title>\n<meta name=\"description\" content=\"La doctora Ruth Shady Sol\u00eds, jefa directora de la Zona Arqueol\u00f3gica Caral (ZAC), Unidad Ejecutora 003 del Ministerio de Cultura, y el arque\u00f3logo Marco Machacuay Romero, director de Investigaci\u00f3n y Conservaci\u00f3n de Monumentos Arqueol\u00f3gicos de esta misma instituci\u00f3n, participaron en el VI Foro de Arqueolog\u00eda de Shangh\u00e1i (SAF 2025), titulado \u201cTecnolog\u00eda, Sociedad y Arqueolog\u00eda&quot;, realizado entre el 15 y el 18 de diciembre en Shangh\u00e1i, Rep\u00fablica Popular China.\u00a0\" \/>\n<meta name=\"robots\" content=\"index, follow, max-snippet:-1, max-image-preview:large, max-video-preview:-1\" \/>\n<link rel=\"canonical\" href=\"https:\/\/zonacaral.gob.pe\/es\/noticias\/caral-represento-al-peru-en-el-vi-foro-de-arqueologia-de-shanghai-chin\/\" \/>\n<meta property=\"og:locale\" content=\"es_ES\" \/>\n<meta property=\"og:type\" content=\"article\" \/>\n<meta property=\"og:title\" content=\"Caral represent\u00f3 al Per\u00fa en el VI Foro de Arqueolog\u00eda de Shangh\u00e1i \u2013 Chin\" \/>\n<meta property=\"og:description\" content=\"La doctora Ruth Shady Sol\u00eds, jefa directora de la Zona Arqueol\u00f3gica Caral (ZAC), Unidad Ejecutora 003 del Ministerio de Cultura, y el arque\u00f3logo Marco Machacuay Romero, director de Investigaci\u00f3n y Conservaci\u00f3n de Monumentos Arqueol\u00f3gicos de esta misma instituci\u00f3n, participaron en el VI Foro de Arqueolog\u00eda de Shangh\u00e1i (SAF 2025), titulado \u201cTecnolog\u00eda, Sociedad y Arqueolog\u00eda&quot;, realizado entre el 15 y el 18 de diciembre en Shangh\u00e1i, Rep\u00fablica Popular China.\u00a0\" \/>\n<meta property=\"og:url\" content=\"https:\/\/zonacaral.gob.pe\/es\/noticias\/caral-represento-al-peru-en-el-vi-foro-de-arqueologia-de-shanghai-chin\/\" \/>\n<meta property=\"og:site_name\" content=\"Zona Caral\" \/>\n<meta property=\"article:published_time\" content=\"2025-12-31T00:12:57+00:00\" \/>\n<meta property=\"og:image\" content=\"https:\/\/zonacaral.gob.pe\/wp-content\/uploads\/2025\/12\/1.jpg\" \/>\n\t<meta property=\"og:image:width\" content=\"733\" \/>\n\t<meta property=\"og:image:height\" content=\"508\" \/>\n\t<meta property=\"og:image:type\" content=\"image\/jpeg\" \/>\n<meta name=\"author\" content=\"Zona Caral Administrador\" \/>\n<meta name=\"twitter:card\" content=\"summary_large_image\" \/>\n<meta name=\"twitter:label1\" content=\"Written by\" \/>\n\t<meta name=\"twitter:data1\" content=\"Zona Caral Administrador\" \/>\n\t<meta name=\"twitter:label2\" content=\"Est. reading time\" \/>\n\t<meta name=\"twitter:data2\" content=\"3 minutos\" \/>\n<script type=\"application\/ld+json\" class=\"yoast-schema-graph\">{\"@context\":\"https:\\\/\\\/schema.org\",\"@graph\":[{\"@type\":\"Article\",\"@id\":\"https:\\\/\\\/zonacaral.gob.pe\\\/noticias\\\/caral-represento-al-peru-en-el-vi-foro-de-arqueologia-de-shanghai-chin\\\/#article\",\"isPartOf\":{\"@id\":\"https:\\\/\\\/zonacaral.gob.pe\\\/noticias\\\/caral-represento-al-peru-en-el-vi-foro-de-arqueologia-de-shanghai-chin\\\/\"},\"author\":{\"name\":\"Zona Caral Administrador\",\"@id\":\"https:\\\/\\\/zonacaral.gob.pe\\\/es\\\/#\\\/schema\\\/person\\\/beddb4d22f71a7230c5b90913270a0ee\"},\"headline\":\"Caral represent\u00f3 al Per\u00fa en el VI Foro de Arqueolog\u00eda de Shangh\u00e1i \u2013 Chin\",\"datePublished\":\"2025-12-31T00:12:57+00:00\",\"mainEntityOfPage\":{\"@id\":\"https:\\\/\\\/zonacaral.gob.pe\\\/noticias\\\/caral-represento-al-peru-en-el-vi-foro-de-arqueologia-de-shanghai-chin\\\/\"},\"wordCount\":580,\"image\":{\"@id\":\"https:\\\/\\\/zonacaral.gob.pe\\\/noticias\\\/caral-represento-al-peru-en-el-vi-foro-de-arqueologia-de-shanghai-chin\\\/#primaryimage\"},\"thumbnailUrl\":\"https:\\\/\\\/zonacaral.gob.pe\\\/wp-content\\\/uploads\\\/2025\\\/12\\\/1.jpg\",\"keywords\":[\"caral\",\"Cultura\"],\"articleSection\":[\"noticias\"],\"inLanguage\":\"es-PE\"},{\"@type\":\"WebPage\",\"@id\":\"https:\\\/\\\/zonacaral.gob.pe\\\/noticias\\\/caral-represento-al-peru-en-el-vi-foro-de-arqueologia-de-shanghai-chin\\\/\",\"url\":\"https:\\\/\\\/zonacaral.gob.pe\\\/noticias\\\/caral-represento-al-peru-en-el-vi-foro-de-arqueologia-de-shanghai-chin\\\/\",\"name\":\"Caral represent\u00f3 al Per\u00fa en el VI Foro de Arqueolog\u00eda de Shangh\u00e1i \u2013 Chin\",\"isPartOf\":{\"@id\":\"https:\\\/\\\/zonacaral.gob.pe\\\/es\\\/#website\"},\"primaryImageOfPage\":{\"@id\":\"https:\\\/\\\/zonacaral.gob.pe\\\/noticias\\\/caral-represento-al-peru-en-el-vi-foro-de-arqueologia-de-shanghai-chin\\\/#primaryimage\"},\"image\":{\"@id\":\"https:\\\/\\\/zonacaral.gob.pe\\\/noticias\\\/caral-represento-al-peru-en-el-vi-foro-de-arqueologia-de-shanghai-chin\\\/#primaryimage\"},\"thumbnailUrl\":\"https:\\\/\\\/zonacaral.gob.pe\\\/wp-content\\\/uploads\\\/2025\\\/12\\\/1.jpg\",\"datePublished\":\"2025-12-31T00:12:57+00:00\",\"author\":{\"@id\":\"https:\\\/\\\/zonacaral.gob.pe\\\/es\\\/#\\\/schema\\\/person\\\/beddb4d22f71a7230c5b90913270a0ee\"},\"description\":\"La doctora Ruth Shady Sol\u00eds, jefa directora de la Zona Arqueol\u00f3gica Caral (ZAC), Unidad Ejecutora 003 del Ministerio de Cultura, y el arque\u00f3logo Marco Machacuay Romero, director de Investigaci\u00f3n y Conservaci\u00f3n de Monumentos Arqueol\u00f3gicos de esta misma instituci\u00f3n, participaron en el VI Foro de Arqueolog\u00eda de Shangh\u00e1i (SAF 2025), titulado \u201cTecnolog\u00eda, Sociedad y Arqueolog\u00eda\\\", realizado entre el 15 y el 18 de diciembre en Shangh\u00e1i, Rep\u00fablica Popular China.\u00a0\",\"breadcrumb\":{\"@id\":\"https:\\\/\\\/zonacaral.gob.pe\\\/noticias\\\/caral-represento-al-peru-en-el-vi-foro-de-arqueologia-de-shanghai-chin\\\/#breadcrumb\"},\"inLanguage\":\"es-PE\",\"potentialAction\":[{\"@type\":\"ReadAction\",\"target\":[\"https:\\\/\\\/zonacaral.gob.pe\\\/noticias\\\/caral-represento-al-peru-en-el-vi-foro-de-arqueologia-de-shanghai-chin\\\/\"]}]},{\"@type\":\"ImageObject\",\"inLanguage\":\"es-PE\",\"@id\":\"https:\\\/\\\/zonacaral.gob.pe\\\/noticias\\\/caral-represento-al-peru-en-el-vi-foro-de-arqueologia-de-shanghai-chin\\\/#primaryimage\",\"url\":\"https:\\\/\\\/zonacaral.gob.pe\\\/wp-content\\\/uploads\\\/2025\\\/12\\\/1.jpg\",\"contentUrl\":\"https:\\\/\\\/zonacaral.gob.pe\\\/wp-content\\\/uploads\\\/2025\\\/12\\\/1.jpg\",\"width\":733,\"height\":508},{\"@type\":\"BreadcrumbList\",\"@id\":\"https:\\\/\\\/zonacaral.gob.pe\\\/noticias\\\/caral-represento-al-peru-en-el-vi-foro-de-arqueologia-de-shanghai-chin\\\/#breadcrumb\",\"itemListElement\":[{\"@type\":\"ListItem\",\"position\":1,\"name\":\"Portada\",\"item\":\"https:\\\/\\\/zonacaral.gob.pe\\\/\"},{\"@type\":\"ListItem\",\"position\":2,\"name\":\"Caral represent\u00f3 al Per\u00fa en el VI Foro de Arqueolog\u00eda de Shangh\u00e1i \u2013 Chin\"}]},{\"@type\":\"WebSite\",\"@id\":\"https:\\\/\\\/zonacaral.gob.pe\\\/es\\\/#website\",\"url\":\"https:\\\/\\\/zonacaral.gob.pe\\\/es\\\/\",\"name\":\"Zona Caral\",\"description\":\"Investigamos, conservamos y difundimos el patrimonio cultural de la Civilizaci\u00f3n Caral, la m\u00e1s antigua de Am\u00e9rica.\",\"potentialAction\":[{\"@type\":\"SearchAction\",\"target\":{\"@type\":\"EntryPoint\",\"urlTemplate\":\"https:\\\/\\\/zonacaral.gob.pe\\\/es\\\/?s={search_term_string}\"},\"query-input\":{\"@type\":\"PropertyValueSpecification\",\"valueRequired\":true,\"valueName\":\"search_term_string\"}}],\"inLanguage\":\"es-PE\"},{\"@type\":\"Person\",\"@id\":\"https:\\\/\\\/zonacaral.gob.pe\\\/es\\\/#\\\/schema\\\/person\\\/beddb4d22f71a7230c5b90913270a0ee\",\"name\":\"Zona Caral Administrador\",\"image\":{\"@type\":\"ImageObject\",\"inLanguage\":\"es-PE\",\"@id\":\"https:\\\/\\\/secure.gravatar.com\\\/avatar\\\/e4be162918a696358376de6446614e0f0f4062bdc5d170d6d540ada3d8b58c12?s=96&d=mm&r=g\",\"url\":\"https:\\\/\\\/secure.gravatar.com\\\/avatar\\\/e4be162918a696358376de6446614e0f0f4062bdc5d170d6d540ada3d8b58c12?s=96&d=mm&r=g\",\"contentUrl\":\"https:\\\/\\\/secure.gravatar.com\\\/avatar\\\/e4be162918a696358376de6446614e0f0f4062bdc5d170d6d540ada3d8b58c12?s=96&d=mm&r=g\",\"caption\":\"Zona Caral Administrador\"},\"sameAs\":[\"https:\\\/\\\/zonacaral.gob.pe\"],\"url\":\"https:\\\/\\\/zonacaral.gob.pe\\\/es\\\/noticias\\\/author\\\/ad_zonacaral\\\/\"}]}<\/script>\n<!-- \/ Yoast SEO plugin. -->","yoast_head_json":{"title":"Caral represent\u00f3 al Per\u00fa en el VI Foro de Arqueolog\u00eda de Shangh\u00e1i \u2013 Chin","description":"La doctora Ruth Shady Sol\u00eds, jefa directora de la Zona Arqueol\u00f3gica Caral (ZAC), Unidad Ejecutora 003 del Ministerio de Cultura, y el arque\u00f3logo Marco Machacuay Romero, director de Investigaci\u00f3n y Conservaci\u00f3n de Monumentos Arqueol\u00f3gicos de esta misma instituci\u00f3n, participaron en el VI Foro de Arqueolog\u00eda de Shangh\u00e1i (SAF 2025), titulado \u201cTecnolog\u00eda, Sociedad y Arqueolog\u00eda\", realizado entre el 15 y el 18 de diciembre en Shangh\u00e1i, Rep\u00fablica Popular China.\u00a0","robots":{"index":"index","follow":"follow","max-snippet":"max-snippet:-1","max-image-preview":"max-image-preview:large","max-video-preview":"max-video-preview:-1"},"canonical":"https:\/\/zonacaral.gob.pe\/es\/noticias\/caral-represento-al-peru-en-el-vi-foro-de-arqueologia-de-shanghai-chin\/","og_locale":"es_ES","og_type":"article","og_title":"Caral represent\u00f3 al Per\u00fa en el VI Foro de Arqueolog\u00eda de Shangh\u00e1i \u2013 Chin","og_description":"La doctora Ruth Shady Sol\u00eds, jefa directora de la Zona Arqueol\u00f3gica Caral (ZAC), Unidad Ejecutora 003 del Ministerio de Cultura, y el arque\u00f3logo Marco Machacuay Romero, director de Investigaci\u00f3n y Conservaci\u00f3n de Monumentos Arqueol\u00f3gicos de esta misma instituci\u00f3n, participaron en el VI Foro de Arqueolog\u00eda de Shangh\u00e1i (SAF 2025), titulado \u201cTecnolog\u00eda, Sociedad y Arqueolog\u00eda\", realizado entre el 15 y el 18 de diciembre en Shangh\u00e1i, Rep\u00fablica Popular China.\u00a0","og_url":"https:\/\/zonacaral.gob.pe\/es\/noticias\/caral-represento-al-peru-en-el-vi-foro-de-arqueologia-de-shanghai-chin\/","og_site_name":"Zona Caral","article_published_time":"2025-12-31T00:12:57+00:00","og_image":[{"width":733,"height":508,"url":"https:\/\/zonacaral.gob.pe\/wp-content\/uploads\/2025\/12\/1.jpg","type":"image\/jpeg"}],"author":"Zona Caral Administrador","twitter_card":"summary_large_image","twitter_misc":{"Written by":"Zona Caral Administrador","Est. reading time":"3 minutos"},"schema":{"@context":"https:\/\/schema.org","@graph":[{"@type":"Article","@id":"https:\/\/zonacaral.gob.pe\/noticias\/caral-represento-al-peru-en-el-vi-foro-de-arqueologia-de-shanghai-chin\/#article","isPartOf":{"@id":"https:\/\/zonacaral.gob.pe\/noticias\/caral-represento-al-peru-en-el-vi-foro-de-arqueologia-de-shanghai-chin\/"},"author":{"name":"Zona Caral Administrador","@id":"https:\/\/zonacaral.gob.pe\/es\/#\/schema\/person\/beddb4d22f71a7230c5b90913270a0ee"},"headline":"Caral represent\u00f3 al Per\u00fa en el VI Foro de Arqueolog\u00eda de Shangh\u00e1i \u2013 Chin","datePublished":"2025-12-31T00:12:57+00:00","mainEntityOfPage":{"@id":"https:\/\/zonacaral.gob.pe\/noticias\/caral-represento-al-peru-en-el-vi-foro-de-arqueologia-de-shanghai-chin\/"},"wordCount":580,"image":{"@id":"https:\/\/zonacaral.gob.pe\/noticias\/caral-represento-al-peru-en-el-vi-foro-de-arqueologia-de-shanghai-chin\/#primaryimage"},"thumbnailUrl":"https:\/\/zonacaral.gob.pe\/wp-content\/uploads\/2025\/12\/1.jpg","keywords":["caral","Cultura"],"articleSection":["noticias"],"inLanguage":"es-PE"},{"@type":"WebPage","@id":"https:\/\/zonacaral.gob.pe\/noticias\/caral-represento-al-peru-en-el-vi-foro-de-arqueologia-de-shanghai-chin\/","url":"https:\/\/zonacaral.gob.pe\/noticias\/caral-represento-al-peru-en-el-vi-foro-de-arqueologia-de-shanghai-chin\/","name":"Caral represent\u00f3 al Per\u00fa en el VI Foro de Arqueolog\u00eda de Shangh\u00e1i \u2013 Chin","isPartOf":{"@id":"https:\/\/zonacaral.gob.pe\/es\/#website"},"primaryImageOfPage":{"@id":"https:\/\/zonacaral.gob.pe\/noticias\/caral-represento-al-peru-en-el-vi-foro-de-arqueologia-de-shanghai-chin\/#primaryimage"},"image":{"@id":"https:\/\/zonacaral.gob.pe\/noticias\/caral-represento-al-peru-en-el-vi-foro-de-arqueologia-de-shanghai-chin\/#primaryimage"},"thumbnailUrl":"https:\/\/zonacaral.gob.pe\/wp-content\/uploads\/2025\/12\/1.jpg","datePublished":"2025-12-31T00:12:57+00:00","author":{"@id":"https:\/\/zonacaral.gob.pe\/es\/#\/schema\/person\/beddb4d22f71a7230c5b90913270a0ee"},"description":"La doctora Ruth Shady Sol\u00eds, jefa directora de la Zona Arqueol\u00f3gica Caral (ZAC), Unidad Ejecutora 003 del Ministerio de Cultura, y el arque\u00f3logo Marco Machacuay Romero, director de Investigaci\u00f3n y Conservaci\u00f3n de Monumentos Arqueol\u00f3gicos de esta misma instituci\u00f3n, participaron en el VI Foro de Arqueolog\u00eda de Shangh\u00e1i (SAF 2025), titulado \u201cTecnolog\u00eda, Sociedad y Arqueolog\u00eda\", realizado entre el 15 y el 18 de diciembre en Shangh\u00e1i, Rep\u00fablica Popular China.\u00a0","breadcrumb":{"@id":"https:\/\/zonacaral.gob.pe\/noticias\/caral-represento-al-peru-en-el-vi-foro-de-arqueologia-de-shanghai-chin\/#breadcrumb"},"inLanguage":"es-PE","potentialAction":[{"@type":"ReadAction","target":["https:\/\/zonacaral.gob.pe\/noticias\/caral-represento-al-peru-en-el-vi-foro-de-arqueologia-de-shanghai-chin\/"]}]},{"@type":"ImageObject","inLanguage":"es-PE","@id":"https:\/\/zonacaral.gob.pe\/noticias\/caral-represento-al-peru-en-el-vi-foro-de-arqueologia-de-shanghai-chin\/#primaryimage","url":"https:\/\/zonacaral.gob.pe\/wp-content\/uploads\/2025\/12\/1.jpg","contentUrl":"https:\/\/zonacaral.gob.pe\/wp-content\/uploads\/2025\/12\/1.jpg","width":733,"height":508},{"@type":"BreadcrumbList","@id":"https:\/\/zonacaral.gob.pe\/noticias\/caral-represento-al-peru-en-el-vi-foro-de-arqueologia-de-shanghai-chin\/#breadcrumb","itemListElement":[{"@type":"ListItem","position":1,"name":"Portada","item":"https:\/\/zonacaral.gob.pe\/"},{"@type":"ListItem","position":2,"name":"Caral represent\u00f3 al Per\u00fa en el VI Foro de Arqueolog\u00eda de Shangh\u00e1i \u2013 Chin"}]},{"@type":"WebSite","@id":"https:\/\/zonacaral.gob.pe\/es\/#website","url":"https:\/\/zonacaral.gob.pe\/es\/","name":"Zona Caral","description":"Investigamos, conservamos y difundimos el patrimonio cultural de la Civilizaci\u00f3n Caral, la m\u00e1s antigua de Am\u00e9rica.","potentialAction":[{"@type":"SearchAction","target":{"@type":"EntryPoint","urlTemplate":"https:\/\/zonacaral.gob.pe\/es\/?s={search_term_string}"},"query-input":{"@type":"PropertyValueSpecification","valueRequired":true,"valueName":"search_term_string"}}],"inLanguage":"es-PE"},{"@type":"Person","@id":"https:\/\/zonacaral.gob.pe\/es\/#\/schema\/person\/beddb4d22f71a7230c5b90913270a0ee","name":"Zona Caral Administrador","image":{"@type":"ImageObject","inLanguage":"es-PE","@id":"https:\/\/secure.gravatar.com\/avatar\/e4be162918a696358376de6446614e0f0f4062bdc5d170d6d540ada3d8b58c12?s=96&d=mm&r=g","url":"https:\/\/secure.gravatar.com\/avatar\/e4be162918a696358376de6446614e0f0f4062bdc5d170d6d540ada3d8b58c12?s=96&d=mm&r=g","contentUrl":"https:\/\/secure.gravatar.com\/avatar\/e4be162918a696358376de6446614e0f0f4062bdc5d170d6d540ada3d8b58c12?s=96&d=mm&r=g","caption":"Zona Caral Administrador"},"sameAs":["https:\/\/zonacaral.gob.pe"],"url":"https:\/\/zonacaral.gob.pe\/es\/noticias\/author\/ad_zonacaral\/"}]}},"_links":{"self":[{"href":"https:\/\/zonacaral.gob.pe\/es\/wp-json\/wp\/v2\/posts\/18729","targetHints":{"allow":["GET"]}}],"collection":[{"href":"https:\/\/zonacaral.gob.pe\/es\/wp-json\/wp\/v2\/posts"}],"about":[{"href":"https:\/\/zonacaral.gob.pe\/es\/wp-json\/wp\/v2\/types\/post"}],"author":[{"embeddable":true,"href":"https:\/\/zonacaral.gob.pe\/es\/wp-json\/wp\/v2\/users\/1"}],"replies":[{"embeddable":true,"href":"https:\/\/zonacaral.gob.pe\/es\/wp-json\/wp\/v2\/comments?post=18729"}],"version-history":[{"count":0,"href":"https:\/\/zonacaral.gob.pe\/es\/wp-json\/wp\/v2\/posts\/18729\/revisions"}],"wp:featuredmedia":[{"embeddable":true,"href":"https:\/\/zonacaral.gob.pe\/es\/wp-json\/wp\/v2\/media\/18731"}],"wp:attachment":[{"href":"https:\/\/zonacaral.gob.pe\/es\/wp-json\/wp\/v2\/media?parent=18729"}],"wp:term":[{"taxonomy":"category","embeddable":true,"href":"https:\/\/zonacaral.gob.pe\/es\/wp-json\/wp\/v2\/categories?post=18729"},{"taxonomy":"post_tag","embeddable":true,"href":"https:\/\/zonacaral.gob.pe\/es\/wp-json\/wp\/v2\/tags?post=18729"}],"curies":[{"name":"wp","href":"https:\/\/api.w.org\/{rel}","templated":true}]}}