{"id":18737,"date":"2025-12-30T19:20:22","date_gmt":"2025-12-31T00:20:22","guid":{"rendered":"https:\/\/www.zonacaral.gob.pe\/?p=18737"},"modified":"2025-12-30T19:20:22","modified_gmt":"2025-12-31T00:20:22","slug":"ano-nuevo-domingo-4-de-enero-ingresa-gratis-a-caral-aspero-vichama-y-penico","status":"publish","type":"post","link":"https:\/\/zonacaral.gob.pe\/es\/noticias\/ano-nuevo-domingo-4-de-enero-ingresa-gratis-a-caral-aspero-vichama-y-penico\/","title":{"rendered":"A\u00f1o Nuevo: domingo 4 de enero ingresa gratis a Caral, \u00c1spero, Vichama y Pe\u00f1ico"},"content":{"rendered":"<figure class=\"pic-autor\" style=\"color: #4d4d4d; text-align: justify;\"><\/figure>\n<div class=\"gmail_default\" style=\"text-align: justify;\">\n<blockquote>\n<p><span style=\"font-weight: 400;\">\u201cCaral\u00edzate\u201d este 2026.<\/span><\/p>\n<\/blockquote>\n<p><span style=\"font-weight: 400;\">La <\/span><a href=\"https:\/\/www.instagram.com\/caralperu\/reels\/?hl=es\"><b>Zona Arqueol\u00f3gica Caral<\/b><\/a><span style=\"font-weight: 400;\"> (ZAC), Unidad Ejecutora 003 del Ministerio de Cultura, te invita a visitar este domingo, 4 de enero, los milenarios centros urbanos de la primera civilizaci\u00f3n de Am\u00e9rica: la <\/span><a href=\"https:\/\/www.zonacaral.gob.pe\/ruta-caral\/ciudad-sagrada-de-caral.html\"><b>Ciudad Sagrada de Caral-Supe<\/b><\/a> <span style=\"font-weight: 400;\">\u2014declarada <\/span><a href=\"https:\/\/whc.unesco.org\/es\/list\/1269\"><b>Patrimonio Mundial<\/b><\/a><span style=\"font-weight: 400;\"> en 2009\u2014, as\u00ed como <\/span><a href=\"https:\/\/www.zonacaral.gob.pe\/ruta-caral\/aspero.html\"><b>\u00c1spero<\/b><\/a><span style=\"font-weight: 400;\">, <\/span><a href=\"https:\/\/www.zonacaral.gob.pe\/ruta-caral\/vichama.html\"><b>Vichama<\/b><\/a> <span style=\"font-weight: 400;\">y <\/span><a href=\"https:\/\/www.zonacaral.gob.pe\/ruta-caral\/penico.html\"><b>Pe\u00f1ico<\/b><\/a><span style=\"font-weight: 400;\">, que integran la Ruta Caral, con ingreso totalmente gratuito.<\/span><\/p>\n<p><span style=\"font-weight: 400;\">El \u00fanico pago requerido es de dos soles (S\/ 2.00) por persona, correspondiente al servicio de interpretaci\u00f3n del patrimonio, brindado por mediadores culturales capacitados por la ZAC.<\/span><\/p>\n<p><span style=\"font-weight: 400;\">Es importante que consideres llegar una hora antes del cierre del sitio arqueol\u00f3gico. El horario de atenci\u00f3n regular es de 9:00 a. m. a 5:00 p. m.<\/span><\/p>\n<p><b>Complementa tu visita<\/b><\/p>\n<p><span style=\"font-weight: 400;\">Las provincias de Barranca y Huaura ofrecen, adem\u00e1s, diversos atractivos tur\u00edsticos, como playas, espacios culturales y paisajes naturales ideales para disfrutar en familia o con amigos. Te sugerimos revisar la lista de playas aptas para aprovechar el sol y la naturaleza.<\/span><\/p>\n<p><span style=\"font-weight: 400;\">Tambi\u00e9n puedes visitar los <\/span><b>Museos Comunitarios<\/b><span style=\"font-weight: 400;\">, ubicados en los distritos de <\/span><a href=\"https:\/\/www.zonacaral.gob.pe\/ruta-caral\/MC-supe.html\"><b>Supe<\/b><\/a><span style=\"font-weight: 400;\"> y <\/span><a href=\"https:\/\/www.zonacaral.gob.pe\/ruta-caral\/MC-vegueta.html\"><b>V\u00e9gueta<\/b><\/a><span style=\"font-weight: 400;\">, administrados por sus respectivos municipios. Estos espacios exhiben los hallazgos m\u00e1s destacados de los doce centros urbanos de la <\/span><a href=\"https:\/\/youtu.be\/uAJpjcgLits\"><b>Civilizaci\u00f3n Caral<\/b><\/a><span style=\"font-weight: 400;\">, investigados por la <\/span><a href=\"https:\/\/www.youtube.com\/watch?v=eCHc2v9-jzM\"><b>doctora Ruth Shady Sol\u00eds<\/b><\/a><span style=\"font-weight: 400;\">.<\/span><\/p>\n<p><span style=\"font-weight: 400;\">En ambas provincias, las ciudades cuentan con servicios b\u00e1sicos para el visitante \u2014hoteles y restaurantes\u2014 y una gastronom\u00eda reconocida, con platos como: ceviche y mariscos con salsa de aj\u00ed arnaucho, sopa huachana, charquic\u00e1n de anchoveta, ceviche de pato al arnaucho, chancho al cilindro o al palo, tacu tacu, entre otros.<\/span><\/p>\n<p><b>Primer Viaje Cultural a Caral<\/b><\/p>\n<p><span style=\"font-weight: 400;\">Como parte del programa de <\/span><a href=\"https:\/\/www.zonacaral.gob.pe\/ruta-caral\/viajes-culturales.html\"><b>Viajes Culturales<\/b><\/a><span style=\"font-weight: 400;\">, la Zona Arqueol\u00f3gica Caral realizar\u00e1, el 25 de enero, un recorrido a la Ciudad Sagrada de Caral-Supe y \u00c1spero, ciudad pesquera; una ruta que permitir\u00e1 conocer los inicios civilizatorios y el aprovechamiento de los recursos marinos del Mar de Grau.<\/span><\/p>\n<p><span style=\"font-weight: 400;\">La partida ser\u00e1 desde el Ministerio de Cultura, en San Borja. El costo incluye:<\/span><\/p>\n<ul>\n<li style=\"font-weight: 400;\" aria-level=\"1\"><span style=\"font-weight: 400;\">Traslado (ida y vuelta).<\/span><\/li>\n<li style=\"font-weight: 400;\" aria-level=\"1\"><span style=\"font-weight: 400;\">Boletos de ingreso.<\/span><\/li>\n<li style=\"font-weight: 400;\" aria-level=\"1\"><span style=\"font-weight: 400;\">Servicio de interpretaci\u00f3n del patrimonio cultural.<\/span><\/li>\n<li style=\"font-weight: 400;\" aria-level=\"1\"><span style=\"font-weight: 400;\">Material informativo.<\/span><\/li>\n<li style=\"font-weight: 400;\" aria-level=\"1\"><span style=\"font-weight: 400;\">Acompa\u00f1amiento de un representante institucional durante todo el recorrido.<\/span><\/li>\n<\/ul>\n<p><span style=\"font-weight: 400;\">Para mayor informaci\u00f3n o inscripciones, escribir al WhatsApp 955 881 340.<\/span><\/p>\n<p><br \/><i><span style=\"font-weight: 400;\">Mantente informado sobre las actividades de la Zona Arqueol\u00f3gica Caral, s\u00edguenos en <\/span><\/i><a href=\"https:\/\/www.instagram.com\/caralperu\/?hl=es\"><b><i>Instagram<\/i><\/b><\/a><i><span style=\"font-weight: 400;\">, <\/span><\/i><a href=\"https:\/\/www.tiktok.com\/@caral_peru?lang=es\"><b><i>Tik Tok<\/i><\/b><\/a><i><span style=\"font-weight: 400;\">, <\/span><\/i><a href=\"https:\/\/www.facebook.com\/CARALPERU\/\"><b><i>Facebook<\/i><\/b><\/a><i><span style=\"font-weight: 400;\">, <\/span><\/i><a href=\"https:\/\/x.com\/Peru_Caral\"><b><i>X<\/i><\/b><\/a><i><span style=\"font-weight: 400;\">, <\/span><\/i><a href=\"https:\/\/www.youtube.com\/PeruCaral\"><b><i>YouTube<\/i><\/b><\/a> <i><span style=\"font-weight: 400;\">y en nuestro canal oficial\u00a0 de <\/span><\/i><a href=\"https:\/\/t.me\/Caral_Peru\"><b><i>Telegram<\/i><\/b><\/a>.<\/p>\n<p><strong style=\"font-size: inherit; text-align: justify;\">Fuente: Comunicaci\u00f3n e Imagen Institucional ZAC<\/strong><\/p>\n<\/div>\n<div style=\"color: #1f1f1f;\">\n<div style=\"color: #1f1f1f;\">\n<p style=\"text-align: justify;\">Fecha de publicaci\u00f3n: 30\/12\/2025<\/p>\n<\/div>\n<\/div>\n\n\n<p><\/p>\n\n\n\n<p><\/p>\n","protected":false},"excerpt":{"rendered":"<p>\u201cCaral\u00edzate\u201d este 2026. La Zona Arqueol\u00f3gica Caral (ZAC), Unidad Ejecutora 003 del Ministerio de Cultura, te invita a visitar este [&hellip;]<\/p>\n","protected":false},"author":1,"featured_media":18738,"comment_status":"closed","ping_status":"open","sticky":false,"template":"","format":"standard","meta":{"_acf_changed":false,"site-sidebar-layout":"default","site-content-layout":"","ast-site-content-layout":"default","site-content-style":"default","site-sidebar-style":"default","ast-global-header-display":"","ast-banner-title-visibility":"","ast-main-header-display":"","ast-hfb-above-header-display":"","ast-hfb-below-header-display":"","ast-hfb-mobile-header-display":"","site-post-title":"","ast-breadcrumbs-content":"","ast-featured-img":"","footer-sml-layout":"","ast-disable-related-posts":"","theme-transparent-header-meta":"","adv-header-id-meta":"","stick-header-meta":"","header-above-stick-meta":"","header-main-stick-meta":"","header-below-stick-meta":"","astra-migrate-meta-layouts":"default","ast-page-background-enabled":"default","ast-page-background-meta":{"desktop":{"background-color":"var(--ast-global-color-5)","background-image":"","background-repeat":"repeat","background-position":"center center","background-size":"auto","background-attachment":"scroll","background-type":"","background-media":"","overlay-type":"","overlay-color":"","overlay-opacity":"","overlay-gradient":""},"tablet":{"background-color":"","background-image":"","background-repeat":"repeat","background-position":"center center","background-size":"auto","background-attachment":"scroll","background-type":"","background-media":"","overlay-type":"","overlay-color":"","overlay-opacity":"","overlay-gradient":""},"mobile":{"background-color":"","background-image":"","background-repeat":"repeat","background-position":"center center","background-size":"auto","background-attachment":"scroll","background-type":"","background-media":"","overlay-type":"","overlay-color":"","overlay-opacity":"","overlay-gradient":""}},"ast-content-background-meta":{"desktop":{"background-color":"var(--ast-global-color-4)","background-image":"","background-repeat":"repeat","background-position":"center center","background-size":"auto","background-attachment":"scroll","background-type":"","background-media":"","overlay-type":"","overlay-color":"","overlay-opacity":"","overlay-gradient":""},"tablet":{"background-color":"var(--ast-global-color-4)","background-image":"","background-repeat":"repeat","background-position":"center center","background-size":"auto","background-attachment":"scroll","background-type":"","background-media":"","overlay-type":"","overlay-color":"","overlay-opacity":"","overlay-gradient":""},"mobile":{"background-color":"var(--ast-global-color-4)","background-image":"","background-repeat":"repeat","background-position":"center center","background-size":"auto","background-attachment":"scroll","background-type":"","background-media":"","overlay-type":"","overlay-color":"","overlay-opacity":"","overlay-gradient":""}},"footnotes":""},"categories":[208],"tags":[55,72],"class_list":["post-18737","post","type-post","status-publish","format-standard","has-post-thumbnail","hentry","category-noticias","tag-caral","tag-cultura"],"acf":[],"yoast_head":"<!-- This site is optimized with the Yoast SEO plugin v27.3 - https:\/\/yoast.com\/product\/yoast-seo-wordpress\/ -->\n<title>A\u00f1o Nuevo: domingo 4 de enero ingresa gratis a Caral, \u00c1spero, Vichama y Pe\u00f1ico<\/title>\n<meta name=\"description\" content=\"La Zona Arqueol\u00f3gica Caral (ZAC), Unidad Ejecutora 003 del Ministerio de Cultura, te invita a visitar este domingo, 4 de enero, los milenarios centros urbanos de la primera civilizaci\u00f3n de Am\u00e9rica: la Ciudad Sagrada de Caral-Supe \u2014declarada Patrimonio Mundial en 2009\u2014, as\u00ed como \u00c1spero, Vichama y Pe\u00f1ico, que integran la Ruta Caral, con ingreso totalmente gratuito.\" \/>\n<meta name=\"robots\" content=\"index, follow, max-snippet:-1, max-image-preview:large, max-video-preview:-1\" \/>\n<link rel=\"canonical\" href=\"https:\/\/zonacaral.gob.pe\/es\/noticias\/ano-nuevo-domingo-4-de-enero-ingresa-gratis-a-caral-aspero-vichama-y-penico\/\" \/>\n<meta property=\"og:locale\" content=\"es_ES\" \/>\n<meta property=\"og:type\" content=\"article\" \/>\n<meta property=\"og:title\" content=\"A\u00f1o Nuevo: domingo 4 de enero ingresa gratis a Caral, \u00c1spero, Vichama y Pe\u00f1ico\" \/>\n<meta property=\"og:description\" content=\"La Zona Arqueol\u00f3gica Caral (ZAC), Unidad Ejecutora 003 del Ministerio de Cultura, te invita a visitar este domingo, 4 de enero, los milenarios centros urbanos de la primera civilizaci\u00f3n de Am\u00e9rica: la Ciudad Sagrada de Caral-Supe \u2014declarada Patrimonio Mundial en 2009\u2014, as\u00ed como \u00c1spero, Vichama y Pe\u00f1ico, que integran la Ruta Caral, con ingreso totalmente gratuito.\" \/>\n<meta property=\"og:url\" content=\"https:\/\/zonacaral.gob.pe\/es\/noticias\/ano-nuevo-domingo-4-de-enero-ingresa-gratis-a-caral-aspero-vichama-y-penico\/\" \/>\n<meta property=\"og:site_name\" content=\"Zona Caral\" \/>\n<meta property=\"article:published_time\" content=\"2025-12-31T00:20:22+00:00\" \/>\n<meta property=\"og:image\" content=\"https:\/\/zonacaral.gob.pe\/wp-content\/uploads\/2025\/12\/caral-piramide.jpg\" \/>\n\t<meta property=\"og:image:width\" content=\"1920\" \/>\n\t<meta property=\"og:image:height\" content=\"1080\" \/>\n\t<meta property=\"og:image:type\" content=\"image\/jpeg\" \/>\n<meta name=\"author\" content=\"Zona Caral Administrador\" \/>\n<meta name=\"twitter:card\" content=\"summary_large_image\" \/>\n<meta name=\"twitter:label1\" content=\"Written by\" \/>\n\t<meta name=\"twitter:data1\" content=\"Zona Caral Administrador\" \/>\n\t<meta name=\"twitter:label2\" content=\"Est. reading time\" \/>\n\t<meta name=\"twitter:data2\" content=\"2 minutos\" \/>\n<script type=\"application\/ld+json\" class=\"yoast-schema-graph\">{\"@context\":\"https:\\\/\\\/schema.org\",\"@graph\":[{\"@type\":\"Article\",\"@id\":\"https:\\\/\\\/zonacaral.gob.pe\\\/noticias\\\/ano-nuevo-domingo-4-de-enero-ingresa-gratis-a-caral-aspero-vichama-y-penico\\\/#article\",\"isPartOf\":{\"@id\":\"https:\\\/\\\/zonacaral.gob.pe\\\/noticias\\\/ano-nuevo-domingo-4-de-enero-ingresa-gratis-a-caral-aspero-vichama-y-penico\\\/\"},\"author\":{\"name\":\"Zona Caral Administrador\",\"@id\":\"https:\\\/\\\/zonacaral.gob.pe\\\/es\\\/#\\\/schema\\\/person\\\/beddb4d22f71a7230c5b90913270a0ee\"},\"headline\":\"A\u00f1o Nuevo: domingo 4 de enero ingresa gratis a Caral, \u00c1spero, Vichama y Pe\u00f1ico\",\"datePublished\":\"2025-12-31T00:20:22+00:00\",\"mainEntityOfPage\":{\"@id\":\"https:\\\/\\\/zonacaral.gob.pe\\\/noticias\\\/ano-nuevo-domingo-4-de-enero-ingresa-gratis-a-caral-aspero-vichama-y-penico\\\/\"},\"wordCount\":414,\"image\":{\"@id\":\"https:\\\/\\\/zonacaral.gob.pe\\\/noticias\\\/ano-nuevo-domingo-4-de-enero-ingresa-gratis-a-caral-aspero-vichama-y-penico\\\/#primaryimage\"},\"thumbnailUrl\":\"https:\\\/\\\/zonacaral.gob.pe\\\/wp-content\\\/uploads\\\/2025\\\/12\\\/caral-piramide.jpg\",\"keywords\":[\"caral\",\"Cultura\"],\"articleSection\":[\"noticias\"],\"inLanguage\":\"es-PE\"},{\"@type\":\"WebPage\",\"@id\":\"https:\\\/\\\/zonacaral.gob.pe\\\/noticias\\\/ano-nuevo-domingo-4-de-enero-ingresa-gratis-a-caral-aspero-vichama-y-penico\\\/\",\"url\":\"https:\\\/\\\/zonacaral.gob.pe\\\/noticias\\\/ano-nuevo-domingo-4-de-enero-ingresa-gratis-a-caral-aspero-vichama-y-penico\\\/\",\"name\":\"A\u00f1o Nuevo: domingo 4 de enero ingresa gratis a Caral, \u00c1spero, Vichama y Pe\u00f1ico\",\"isPartOf\":{\"@id\":\"https:\\\/\\\/zonacaral.gob.pe\\\/es\\\/#website\"},\"primaryImageOfPage\":{\"@id\":\"https:\\\/\\\/zonacaral.gob.pe\\\/noticias\\\/ano-nuevo-domingo-4-de-enero-ingresa-gratis-a-caral-aspero-vichama-y-penico\\\/#primaryimage\"},\"image\":{\"@id\":\"https:\\\/\\\/zonacaral.gob.pe\\\/noticias\\\/ano-nuevo-domingo-4-de-enero-ingresa-gratis-a-caral-aspero-vichama-y-penico\\\/#primaryimage\"},\"thumbnailUrl\":\"https:\\\/\\\/zonacaral.gob.pe\\\/wp-content\\\/uploads\\\/2025\\\/12\\\/caral-piramide.jpg\",\"datePublished\":\"2025-12-31T00:20:22+00:00\",\"author\":{\"@id\":\"https:\\\/\\\/zonacaral.gob.pe\\\/es\\\/#\\\/schema\\\/person\\\/beddb4d22f71a7230c5b90913270a0ee\"},\"description\":\"La Zona Arqueol\u00f3gica Caral (ZAC), Unidad Ejecutora 003 del Ministerio de Cultura, te invita a visitar este domingo, 4 de enero, los milenarios centros urbanos de la primera civilizaci\u00f3n de Am\u00e9rica: la Ciudad Sagrada de Caral-Supe \u2014declarada Patrimonio Mundial en 2009\u2014, as\u00ed como \u00c1spero, Vichama y Pe\u00f1ico, que integran la Ruta Caral, con ingreso totalmente gratuito.\",\"breadcrumb\":{\"@id\":\"https:\\\/\\\/zonacaral.gob.pe\\\/noticias\\\/ano-nuevo-domingo-4-de-enero-ingresa-gratis-a-caral-aspero-vichama-y-penico\\\/#breadcrumb\"},\"inLanguage\":\"es-PE\",\"potentialAction\":[{\"@type\":\"ReadAction\",\"target\":[\"https:\\\/\\\/zonacaral.gob.pe\\\/noticias\\\/ano-nuevo-domingo-4-de-enero-ingresa-gratis-a-caral-aspero-vichama-y-penico\\\/\"]}]},{\"@type\":\"ImageObject\",\"inLanguage\":\"es-PE\",\"@id\":\"https:\\\/\\\/zonacaral.gob.pe\\\/noticias\\\/ano-nuevo-domingo-4-de-enero-ingresa-gratis-a-caral-aspero-vichama-y-penico\\\/#primaryimage\",\"url\":\"https:\\\/\\\/zonacaral.gob.pe\\\/wp-content\\\/uploads\\\/2025\\\/12\\\/caral-piramide.jpg\",\"contentUrl\":\"https:\\\/\\\/zonacaral.gob.pe\\\/wp-content\\\/uploads\\\/2025\\\/12\\\/caral-piramide.jpg\",\"width\":1920,\"height\":1080},{\"@type\":\"BreadcrumbList\",\"@id\":\"https:\\\/\\\/zonacaral.gob.pe\\\/noticias\\\/ano-nuevo-domingo-4-de-enero-ingresa-gratis-a-caral-aspero-vichama-y-penico\\\/#breadcrumb\",\"itemListElement\":[{\"@type\":\"ListItem\",\"position\":1,\"name\":\"Portada\",\"item\":\"https:\\\/\\\/zonacaral.gob.pe\\\/\"},{\"@type\":\"ListItem\",\"position\":2,\"name\":\"A\u00f1o Nuevo: domingo 4 de enero ingresa gratis a Caral, \u00c1spero, Vichama y Pe\u00f1ico\"}]},{\"@type\":\"WebSite\",\"@id\":\"https:\\\/\\\/zonacaral.gob.pe\\\/es\\\/#website\",\"url\":\"https:\\\/\\\/zonacaral.gob.pe\\\/es\\\/\",\"name\":\"Zona Caral\",\"description\":\"Investigamos, conservamos y difundimos el patrimonio cultural de la Civilizaci\u00f3n Caral, la m\u00e1s antigua de Am\u00e9rica.\",\"potentialAction\":[{\"@type\":\"SearchAction\",\"target\":{\"@type\":\"EntryPoint\",\"urlTemplate\":\"https:\\\/\\\/zonacaral.gob.pe\\\/es\\\/?s={search_term_string}\"},\"query-input\":{\"@type\":\"PropertyValueSpecification\",\"valueRequired\":true,\"valueName\":\"search_term_string\"}}],\"inLanguage\":\"es-PE\"},{\"@type\":\"Person\",\"@id\":\"https:\\\/\\\/zonacaral.gob.pe\\\/es\\\/#\\\/schema\\\/person\\\/beddb4d22f71a7230c5b90913270a0ee\",\"name\":\"Zona Caral Administrador\",\"image\":{\"@type\":\"ImageObject\",\"inLanguage\":\"es-PE\",\"@id\":\"https:\\\/\\\/secure.gravatar.com\\\/avatar\\\/e4be162918a696358376de6446614e0f0f4062bdc5d170d6d540ada3d8b58c12?s=96&d=mm&r=g\",\"url\":\"https:\\\/\\\/secure.gravatar.com\\\/avatar\\\/e4be162918a696358376de6446614e0f0f4062bdc5d170d6d540ada3d8b58c12?s=96&d=mm&r=g\",\"contentUrl\":\"https:\\\/\\\/secure.gravatar.com\\\/avatar\\\/e4be162918a696358376de6446614e0f0f4062bdc5d170d6d540ada3d8b58c12?s=96&d=mm&r=g\",\"caption\":\"Zona Caral Administrador\"},\"sameAs\":[\"https:\\\/\\\/zonacaral.gob.pe\"],\"url\":\"https:\\\/\\\/zonacaral.gob.pe\\\/es\\\/noticias\\\/author\\\/ad_zonacaral\\\/\"}]}<\/script>\n<!-- \/ Yoast SEO plugin. -->","yoast_head_json":{"title":"A\u00f1o Nuevo: domingo 4 de enero ingresa gratis a Caral, \u00c1spero, Vichama y Pe\u00f1ico","description":"La Zona Arqueol\u00f3gica Caral (ZAC), Unidad Ejecutora 003 del Ministerio de Cultura, te invita a visitar este domingo, 4 de enero, los milenarios centros urbanos de la primera civilizaci\u00f3n de Am\u00e9rica: la Ciudad Sagrada de Caral-Supe \u2014declarada Patrimonio Mundial en 2009\u2014, as\u00ed como \u00c1spero, Vichama y Pe\u00f1ico, que integran la Ruta Caral, con ingreso totalmente gratuito.","robots":{"index":"index","follow":"follow","max-snippet":"max-snippet:-1","max-image-preview":"max-image-preview:large","max-video-preview":"max-video-preview:-1"},"canonical":"https:\/\/zonacaral.gob.pe\/es\/noticias\/ano-nuevo-domingo-4-de-enero-ingresa-gratis-a-caral-aspero-vichama-y-penico\/","og_locale":"es_ES","og_type":"article","og_title":"A\u00f1o Nuevo: domingo 4 de enero ingresa gratis a Caral, \u00c1spero, Vichama y Pe\u00f1ico","og_description":"La Zona Arqueol\u00f3gica Caral (ZAC), Unidad Ejecutora 003 del Ministerio de Cultura, te invita a visitar este domingo, 4 de enero, los milenarios centros urbanos de la primera civilizaci\u00f3n de Am\u00e9rica: la Ciudad Sagrada de Caral-Supe \u2014declarada Patrimonio Mundial en 2009\u2014, as\u00ed como \u00c1spero, Vichama y Pe\u00f1ico, que integran la Ruta Caral, con ingreso totalmente gratuito.","og_url":"https:\/\/zonacaral.gob.pe\/es\/noticias\/ano-nuevo-domingo-4-de-enero-ingresa-gratis-a-caral-aspero-vichama-y-penico\/","og_site_name":"Zona Caral","article_published_time":"2025-12-31T00:20:22+00:00","og_image":[{"width":1920,"height":1080,"url":"https:\/\/zonacaral.gob.pe\/wp-content\/uploads\/2025\/12\/caral-piramide.jpg","type":"image\/jpeg"}],"author":"Zona Caral Administrador","twitter_card":"summary_large_image","twitter_misc":{"Written by":"Zona Caral Administrador","Est. reading time":"2 minutos"},"schema":{"@context":"https:\/\/schema.org","@graph":[{"@type":"Article","@id":"https:\/\/zonacaral.gob.pe\/noticias\/ano-nuevo-domingo-4-de-enero-ingresa-gratis-a-caral-aspero-vichama-y-penico\/#article","isPartOf":{"@id":"https:\/\/zonacaral.gob.pe\/noticias\/ano-nuevo-domingo-4-de-enero-ingresa-gratis-a-caral-aspero-vichama-y-penico\/"},"author":{"name":"Zona Caral Administrador","@id":"https:\/\/zonacaral.gob.pe\/es\/#\/schema\/person\/beddb4d22f71a7230c5b90913270a0ee"},"headline":"A\u00f1o Nuevo: domingo 4 de enero ingresa gratis a Caral, \u00c1spero, Vichama y Pe\u00f1ico","datePublished":"2025-12-31T00:20:22+00:00","mainEntityOfPage":{"@id":"https:\/\/zonacaral.gob.pe\/noticias\/ano-nuevo-domingo-4-de-enero-ingresa-gratis-a-caral-aspero-vichama-y-penico\/"},"wordCount":414,"image":{"@id":"https:\/\/zonacaral.gob.pe\/noticias\/ano-nuevo-domingo-4-de-enero-ingresa-gratis-a-caral-aspero-vichama-y-penico\/#primaryimage"},"thumbnailUrl":"https:\/\/zonacaral.gob.pe\/wp-content\/uploads\/2025\/12\/caral-piramide.jpg","keywords":["caral","Cultura"],"articleSection":["noticias"],"inLanguage":"es-PE"},{"@type":"WebPage","@id":"https:\/\/zonacaral.gob.pe\/noticias\/ano-nuevo-domingo-4-de-enero-ingresa-gratis-a-caral-aspero-vichama-y-penico\/","url":"https:\/\/zonacaral.gob.pe\/noticias\/ano-nuevo-domingo-4-de-enero-ingresa-gratis-a-caral-aspero-vichama-y-penico\/","name":"A\u00f1o Nuevo: domingo 4 de enero ingresa gratis a Caral, \u00c1spero, Vichama y Pe\u00f1ico","isPartOf":{"@id":"https:\/\/zonacaral.gob.pe\/es\/#website"},"primaryImageOfPage":{"@id":"https:\/\/zonacaral.gob.pe\/noticias\/ano-nuevo-domingo-4-de-enero-ingresa-gratis-a-caral-aspero-vichama-y-penico\/#primaryimage"},"image":{"@id":"https:\/\/zonacaral.gob.pe\/noticias\/ano-nuevo-domingo-4-de-enero-ingresa-gratis-a-caral-aspero-vichama-y-penico\/#primaryimage"},"thumbnailUrl":"https:\/\/zonacaral.gob.pe\/wp-content\/uploads\/2025\/12\/caral-piramide.jpg","datePublished":"2025-12-31T00:20:22+00:00","author":{"@id":"https:\/\/zonacaral.gob.pe\/es\/#\/schema\/person\/beddb4d22f71a7230c5b90913270a0ee"},"description":"La Zona Arqueol\u00f3gica Caral (ZAC), Unidad Ejecutora 003 del Ministerio de Cultura, te invita a visitar este domingo, 4 de enero, los milenarios centros urbanos de la primera civilizaci\u00f3n de Am\u00e9rica: la Ciudad Sagrada de Caral-Supe \u2014declarada Patrimonio Mundial en 2009\u2014, as\u00ed como \u00c1spero, Vichama y Pe\u00f1ico, que integran la Ruta Caral, con ingreso totalmente gratuito.","breadcrumb":{"@id":"https:\/\/zonacaral.gob.pe\/noticias\/ano-nuevo-domingo-4-de-enero-ingresa-gratis-a-caral-aspero-vichama-y-penico\/#breadcrumb"},"inLanguage":"es-PE","potentialAction":[{"@type":"ReadAction","target":["https:\/\/zonacaral.gob.pe\/noticias\/ano-nuevo-domingo-4-de-enero-ingresa-gratis-a-caral-aspero-vichama-y-penico\/"]}]},{"@type":"ImageObject","inLanguage":"es-PE","@id":"https:\/\/zonacaral.gob.pe\/noticias\/ano-nuevo-domingo-4-de-enero-ingresa-gratis-a-caral-aspero-vichama-y-penico\/#primaryimage","url":"https:\/\/zonacaral.gob.pe\/wp-content\/uploads\/2025\/12\/caral-piramide.jpg","contentUrl":"https:\/\/zonacaral.gob.pe\/wp-content\/uploads\/2025\/12\/caral-piramide.jpg","width":1920,"height":1080},{"@type":"BreadcrumbList","@id":"https:\/\/zonacaral.gob.pe\/noticias\/ano-nuevo-domingo-4-de-enero-ingresa-gratis-a-caral-aspero-vichama-y-penico\/#breadcrumb","itemListElement":[{"@type":"ListItem","position":1,"name":"Portada","item":"https:\/\/zonacaral.gob.pe\/"},{"@type":"ListItem","position":2,"name":"A\u00f1o Nuevo: domingo 4 de enero ingresa gratis a Caral, \u00c1spero, Vichama y Pe\u00f1ico"}]},{"@type":"WebSite","@id":"https:\/\/zonacaral.gob.pe\/es\/#website","url":"https:\/\/zonacaral.gob.pe\/es\/","name":"Zona Caral","description":"Investigamos, conservamos y difundimos el patrimonio cultural de la Civilizaci\u00f3n Caral, la m\u00e1s antigua de Am\u00e9rica.","potentialAction":[{"@type":"SearchAction","target":{"@type":"EntryPoint","urlTemplate":"https:\/\/zonacaral.gob.pe\/es\/?s={search_term_string}"},"query-input":{"@type":"PropertyValueSpecification","valueRequired":true,"valueName":"search_term_string"}}],"inLanguage":"es-PE"},{"@type":"Person","@id":"https:\/\/zonacaral.gob.pe\/es\/#\/schema\/person\/beddb4d22f71a7230c5b90913270a0ee","name":"Zona Caral Administrador","image":{"@type":"ImageObject","inLanguage":"es-PE","@id":"https:\/\/secure.gravatar.com\/avatar\/e4be162918a696358376de6446614e0f0f4062bdc5d170d6d540ada3d8b58c12?s=96&d=mm&r=g","url":"https:\/\/secure.gravatar.com\/avatar\/e4be162918a696358376de6446614e0f0f4062bdc5d170d6d540ada3d8b58c12?s=96&d=mm&r=g","contentUrl":"https:\/\/secure.gravatar.com\/avatar\/e4be162918a696358376de6446614e0f0f4062bdc5d170d6d540ada3d8b58c12?s=96&d=mm&r=g","caption":"Zona Caral Administrador"},"sameAs":["https:\/\/zonacaral.gob.pe"],"url":"https:\/\/zonacaral.gob.pe\/es\/noticias\/author\/ad_zonacaral\/"}]}},"_links":{"self":[{"href":"https:\/\/zonacaral.gob.pe\/es\/wp-json\/wp\/v2\/posts\/18737","targetHints":{"allow":["GET"]}}],"collection":[{"href":"https:\/\/zonacaral.gob.pe\/es\/wp-json\/wp\/v2\/posts"}],"about":[{"href":"https:\/\/zonacaral.gob.pe\/es\/wp-json\/wp\/v2\/types\/post"}],"author":[{"embeddable":true,"href":"https:\/\/zonacaral.gob.pe\/es\/wp-json\/wp\/v2\/users\/1"}],"replies":[{"embeddable":true,"href":"https:\/\/zonacaral.gob.pe\/es\/wp-json\/wp\/v2\/comments?post=18737"}],"version-history":[{"count":0,"href":"https:\/\/zonacaral.gob.pe\/es\/wp-json\/wp\/v2\/posts\/18737\/revisions"}],"wp:featuredmedia":[{"embeddable":true,"href":"https:\/\/zonacaral.gob.pe\/es\/wp-json\/wp\/v2\/media\/18738"}],"wp:attachment":[{"href":"https:\/\/zonacaral.gob.pe\/es\/wp-json\/wp\/v2\/media?parent=18737"}],"wp:term":[{"taxonomy":"category","embeddable":true,"href":"https:\/\/zonacaral.gob.pe\/es\/wp-json\/wp\/v2\/categories?post=18737"},{"taxonomy":"post_tag","embeddable":true,"href":"https:\/\/zonacaral.gob.pe\/es\/wp-json\/wp\/v2\/tags?post=18737"}],"curies":[{"name":"wp","href":"https:\/\/api.w.org\/{rel}","templated":true}]}}