{"id":18741,"date":"2025-12-30T19:28:52","date_gmt":"2025-12-31T00:28:52","guid":{"rendered":"https:\/\/www.zonacaral.gob.pe\/?p=18741"},"modified":"2025-12-30T19:28:52","modified_gmt":"2025-12-31T00:28:52","slug":"que-tu-cabala-para-iniciar-el-ano-nuevo-2026-sea-visitar-caral","status":"publish","type":"post","link":"https:\/\/zonacaral.gob.pe\/es\/noticias\/que-tu-cabala-para-iniciar-el-ano-nuevo-2026-sea-visitar-caral\/","title":{"rendered":"Que tu c\u00e1bala para iniciar el A\u00f1o Nuevo 2026 sea visitar Caral"},"content":{"rendered":"<figure class=\"pic-autor\" style=\"color: #4d4d4d; text-align: justify;\"><\/figure>\n<div class=\"gmail_default\" style=\"text-align: justify;\">\n<blockquote>\n<p><span style=\"font-weight: 400;\">Conoce los or\u00edgenes de la civilizaci\u00f3n en Am\u00e9rica.<\/span><\/p>\n<\/blockquote>\n<p><span style=\"font-weight: 400;\">Inicia el a\u00f1o 2026 recorriendo los principales centros urbanos de la Civilizaci\u00f3n Caral: la <\/span><b>Ciudad Sagrada de Caral-Supe<\/b><span style=\"font-weight: 400;\">, <\/span><b>\u00c1spero<\/b><span style=\"font-weight: 400;\">, <\/span><b>Vichama <\/b><span style=\"font-weight: 400;\">y <\/span><b>Pe\u00f1ico<\/b><span style=\"font-weight: 400;\">, ubicados en las provincias de Barranca y Huaura, a pocas horas de la ciudad de Lima, los cuales abrir\u00e1n sus puertas con normalidad el 1 de enero, de 9:00 a. m. a 5:00 p. m., ofreciendo al p\u00fablico una alternativa cultural y educativa para comenzar el a\u00f1o.<\/span><\/p>\n<p><span style=\"font-weight: 400;\">Esta iniciativa, orientada a promover el inter\u00e9s por el patrimonio cultural del pa\u00eds, es impulsada por la <\/span><a href=\"https:\/\/www.instagram.com\/caralperu\/?hl=es\"><b>Zona Arqueol\u00f3gica Caral<\/b><\/a><span style=\"font-weight: 400;\"> (ZAC), Unidad Ejecutora 003 del Ministerio de Cultura, entidad responsable de la investigaci\u00f3n, conservaci\u00f3n y difusi\u00f3n de la Civilizaci\u00f3n Caral, la m\u00e1s antigua de Am\u00e9rica.<\/span><\/p>\n<p><b>\u00bfQu\u00e9 visitar?<\/b><\/p>\n<p><span style=\"font-weight: 400;\">Quienes planean visitar la provincia de Barranca pueden conocer la Ciudad Sagrada de Caral-Supe, Patrimonio Mundial, ubicada en el valle de Supe, a aproximadamente 45 minutos de viaje en transporte colectivo. <\/span><a href=\"https:\/\/www.zonacaral.gob.pe\/ruta-caral\/ciudad-sagrada-de-caral.html\"><span style=\"font-weight: 400;\">(Conoce c\u00f3mo llegar a la Ciudad Sagrada de Caral)<\/span><\/a><\/p>\n<p><span style=\"font-weight: 400;\">Asimismo, es posible dirigirse al distrito de Supe Puerto, donde se encuentra \u00c1spero, antigua ciudad pesquera. El trayecto, de alrededor de 20 minutos desde la ciudad de Barranca, permite apreciar el entorno y el clima apacible de la zona.\u00a0 <\/span><a href=\"https:\/\/www.zonacaral.gob.pe\/ruta-caral\/aspero.html\"><span style=\"font-weight: 400;\">(Conoce c\u00f3mo llegar a \u00c1spero)<\/span><\/a><\/p>\n<p><span style=\"font-weight: 400;\">Desde Barranca tambi\u00e9n se puede visitar Pe\u00f1ico, conocida como la ciudad de la integraci\u00f3n social, situada m\u00e1s all\u00e1 de la Ciudad Sagrada de Caral, a 40 minutos adicionales de viaje. En caso de trasladarse en colectivo, se recomienda coordinar previamente el retorno con el conductor.<\/span><a href=\"https:\/\/www.zonacaral.gob.pe\/ruta-caral\/penico.html\"><span style=\"font-weight: 400;\"> (Conoce c\u00f3mo llegar a Pe\u00f1ico)<\/span><\/a><\/p>\n<p><span style=\"font-weight: 400;\">Por otro lado, quienes se encuentren en Huacho pueden visitar Vichama, sitio arqueol\u00f3gico ubicado en el distrito de V\u00e9gueta. Para llegar, se debe tomar un colectivo cerca del Terminal de Cercan\u00edas; el recorrido tiene una duraci\u00f3n aproximada de 30 minutos.<\/span><a href=\"https:\/\/www.zonacaral.gob.pe\/ruta-caral\/vichama.html\"><span style=\"font-weight: 400;\"> (Conoce c\u00f3mo llegar a Vichama)<\/span><\/a><\/p>\n<p><span style=\"font-weight: 400;\">En cada uno de estos sitios, el p\u00fablico contar\u00e1 con la orientaci\u00f3n de int\u00e9rpretes locales, quienes guiar\u00e1n el recorrido por los principales edificios piramidales y explicar\u00e1n la historia, el desarrollo y la importancia de cada centro urbano dentro del proceso civilizatorio del continente.<\/span><\/p>\n<p><b>Recomendaciones<\/b><\/p>\n<p><span style=\"font-weight: 400;\">Se recomienda llevar agua en tomatodo, protector o bloqueador solar, gorra y lentes de sol, as\u00ed como dinero en efectivo y zapatillas c\u00f3modas para el recorrido a pie. Es importante considerar que en la Ciudad Sagrada de Caral el \u00fanico operador de telefon\u00eda disponible es Claro, mientras que en Pe\u00f1ico opera Bitel.<\/span><\/p>\n<p><span style=\"font-weight: 400;\">El costo de ingreso y del servicio de guiado se mantiene vigente<\/span><a href=\"https:\/\/www.zonacaral.gob.pe\/ruta-caral\/horarios-y-tarifas.html\"><span style=\"font-weight: 400;\"> (conoce el horario y tarifas)<\/span><\/a><span style=\"font-weight: 400;\">. Se sugiere ingresar una hora antes del cierre de los sitios y respetar las se\u00f1alizaciones y recomendaciones del personal, a fin de contribuir a la protecci\u00f3n y conservaci\u00f3n de nuestro patrimonio arqueol\u00f3gico.<\/span><\/p>\n<p><span style=\"font-weight: 400;\">Conoce Caral y ten un \u00a1Feliz A\u00f1o Nuevo!<\/span><\/p>\n<p><br \/><i><span style=\"font-weight: 400;\">Ent\u00e9rate de todas las actividades de la Zona Arqueol\u00f3gica Caral en <\/span><\/i><a href=\"https:\/\/www.instagram.com\/caralperu\/?hl=es\"><b><i>Instagram<\/i><\/b><\/a><i><span style=\"font-weight: 400;\">, <\/span><\/i><a href=\"https:\/\/www.tiktok.com\/@caral_peru?lang=es\"><b><i>Tik Tok<\/i><\/b><\/a><i><span style=\"font-weight: 400;\">, <\/span><\/i><a href=\"https:\/\/www.facebook.com\/CARALPERU\/\"><b><i>Facebook<\/i><\/b><\/a><i><span style=\"font-weight: 400;\">, <\/span><\/i><a href=\"https:\/\/x.com\/Peru_Caral\"><b><i>X<\/i><\/b><\/a><i><span style=\"font-weight: 400;\">, <\/span><\/i><a href=\"https:\/\/www.youtube.com\/PeruCaral\"><b><i>YouTube<\/i><\/b><\/a> <i><span style=\"font-weight: 400;\">y nuestro canal oficial\u00a0 de <\/span><\/i><a href=\"https:\/\/t.me\/Caral_Peru\"><b><i>Telegram<\/i><\/b><\/a><i><span style=\"font-weight: 400;\">.<\/span><\/i><\/p>\n<p><strong style=\"font-size: inherit; text-align: justify;\">Fuente: Comunicaci\u00f3n e Imagen Institucional ZAC<\/strong><\/p>\n<\/div>\n<div style=\"color: #1f1f1f;\">\n<div style=\"color: #1f1f1f;\">\n<p style=\"text-align: justify;\">Fecha de publicaci\u00f3n: 30\/12\/2025<\/p>\n<\/div>\n<\/div>\n\n\n<p><\/p>\n\n\n\n<p><\/p>\n","protected":false},"excerpt":{"rendered":"<p>Conoce los or\u00edgenes de la civilizaci\u00f3n en Am\u00e9rica. Inicia el a\u00f1o 2026 recorriendo los principales centros urbanos de la Civilizaci\u00f3n [&hellip;]<\/p>\n","protected":false},"author":1,"featured_media":18738,"comment_status":"closed","ping_status":"open","sticky":false,"template":"","format":"standard","meta":{"_acf_changed":false,"site-sidebar-layout":"default","site-content-layout":"","ast-site-content-layout":"default","site-content-style":"default","site-sidebar-style":"default","ast-global-header-display":"","ast-banner-title-visibility":"","ast-main-header-display":"","ast-hfb-above-header-display":"","ast-hfb-below-header-display":"","ast-hfb-mobile-header-display":"","site-post-title":"","ast-breadcrumbs-content":"","ast-featured-img":"","footer-sml-layout":"","ast-disable-related-posts":"","theme-transparent-header-meta":"","adv-header-id-meta":"","stick-header-meta":"","header-above-stick-meta":"","header-main-stick-meta":"","header-below-stick-meta":"","astra-migrate-meta-layouts":"default","ast-page-background-enabled":"default","ast-page-background-meta":{"desktop":{"background-color":"var(--ast-global-color-5)","background-image":"","background-repeat":"repeat","background-position":"center center","background-size":"auto","background-attachment":"scroll","background-type":"","background-media":"","overlay-type":"","overlay-color":"","overlay-opacity":"","overlay-gradient":""},"tablet":{"background-color":"","background-image":"","background-repeat":"repeat","background-position":"center center","background-size":"auto","background-attachment":"scroll","background-type":"","background-media":"","overlay-type":"","overlay-color":"","overlay-opacity":"","overlay-gradient":""},"mobile":{"background-color":"","background-image":"","background-repeat":"repeat","background-position":"center center","background-size":"auto","background-attachment":"scroll","background-type":"","background-media":"","overlay-type":"","overlay-color":"","overlay-opacity":"","overlay-gradient":""}},"ast-content-background-meta":{"desktop":{"background-color":"var(--ast-global-color-4)","background-image":"","background-repeat":"repeat","background-position":"center center","background-size":"auto","background-attachment":"scroll","background-type":"","background-media":"","overlay-type":"","overlay-color":"","overlay-opacity":"","overlay-gradient":""},"tablet":{"background-color":"var(--ast-global-color-4)","background-image":"","background-repeat":"repeat","background-position":"center center","background-size":"auto","background-attachment":"scroll","background-type":"","background-media":"","overlay-type":"","overlay-color":"","overlay-opacity":"","overlay-gradient":""},"mobile":{"background-color":"var(--ast-global-color-4)","background-image":"","background-repeat":"repeat","background-position":"center center","background-size":"auto","background-attachment":"scroll","background-type":"","background-media":"","overlay-type":"","overlay-color":"","overlay-opacity":"","overlay-gradient":""}},"footnotes":""},"categories":[208],"tags":[55,72],"class_list":["post-18741","post","type-post","status-publish","format-standard","has-post-thumbnail","hentry","category-noticias","tag-caral","tag-cultura"],"acf":[],"yoast_head":"<!-- This site is optimized with the Yoast SEO plugin v27.3 - https:\/\/yoast.com\/product\/yoast-seo-wordpress\/ -->\n<title>Que tu c\u00e1bala para iniciar el A\u00f1o Nuevo 2026 sea visitar Caral<\/title>\n<meta name=\"description\" content=\"Inicia el a\u00f1o 2026 recorriendo los principales centros urbanos de la Civilizaci\u00f3n Caral: la Ciudad Sagrada de Caral-Supe, \u00c1spero, Vichama y Pe\u00f1ico, ubicados en las provincias de Barranca y Huaura, a pocas horas de la ciudad de Lima, los cuales abrir\u00e1n sus puertas con normalidad el 1 de enero, de 9:00 a. m. a 5:00 p. m., ofreciendo al p\u00fablico una alternativa cultural y educativa para comenzar el a\u00f1o.\" \/>\n<meta name=\"robots\" content=\"index, follow, max-snippet:-1, max-image-preview:large, max-video-preview:-1\" \/>\n<link rel=\"canonical\" href=\"https:\/\/zonacaral.gob.pe\/es\/noticias\/que-tu-cabala-para-iniciar-el-ano-nuevo-2026-sea-visitar-caral\/\" \/>\n<meta property=\"og:locale\" content=\"es_ES\" \/>\n<meta property=\"og:type\" content=\"article\" \/>\n<meta property=\"og:title\" content=\"Que tu c\u00e1bala para iniciar el A\u00f1o Nuevo 2026 sea visitar Caral\" \/>\n<meta property=\"og:description\" content=\"Inicia el a\u00f1o 2026 recorriendo los principales centros urbanos de la Civilizaci\u00f3n Caral: la Ciudad Sagrada de Caral-Supe, \u00c1spero, Vichama y Pe\u00f1ico, ubicados en las provincias de Barranca y Huaura, a pocas horas de la ciudad de Lima, los cuales abrir\u00e1n sus puertas con normalidad el 1 de enero, de 9:00 a. m. a 5:00 p. m., ofreciendo al p\u00fablico una alternativa cultural y educativa para comenzar el a\u00f1o.\" \/>\n<meta property=\"og:url\" content=\"https:\/\/zonacaral.gob.pe\/es\/noticias\/que-tu-cabala-para-iniciar-el-ano-nuevo-2026-sea-visitar-caral\/\" \/>\n<meta property=\"og:site_name\" content=\"Zona Caral\" \/>\n<meta property=\"article:published_time\" content=\"2025-12-31T00:28:52+00:00\" \/>\n<meta property=\"og:image\" content=\"https:\/\/zonacaral.gob.pe\/wp-content\/uploads\/2025\/12\/caral-piramide.jpg\" \/>\n\t<meta property=\"og:image:width\" content=\"1920\" \/>\n\t<meta property=\"og:image:height\" content=\"1080\" \/>\n\t<meta property=\"og:image:type\" content=\"image\/jpeg\" \/>\n<meta name=\"author\" content=\"Zona Caral Administrador\" \/>\n<meta name=\"twitter:card\" content=\"summary_large_image\" \/>\n<meta name=\"twitter:label1\" content=\"Written by\" \/>\n\t<meta name=\"twitter:data1\" content=\"Zona Caral Administrador\" \/>\n\t<meta name=\"twitter:label2\" content=\"Est. reading time\" \/>\n\t<meta name=\"twitter:data2\" content=\"3 minutos\" \/>\n<script type=\"application\/ld+json\" class=\"yoast-schema-graph\">{\"@context\":\"https:\\\/\\\/schema.org\",\"@graph\":[{\"@type\":\"Article\",\"@id\":\"https:\\\/\\\/zonacaral.gob.pe\\\/noticias\\\/que-tu-cabala-para-iniciar-el-ano-nuevo-2026-sea-visitar-caral\\\/#article\",\"isPartOf\":{\"@id\":\"https:\\\/\\\/zonacaral.gob.pe\\\/noticias\\\/que-tu-cabala-para-iniciar-el-ano-nuevo-2026-sea-visitar-caral\\\/\"},\"author\":{\"name\":\"Zona Caral Administrador\",\"@id\":\"https:\\\/\\\/zonacaral.gob.pe\\\/es\\\/#\\\/schema\\\/person\\\/beddb4d22f71a7230c5b90913270a0ee\"},\"headline\":\"Que tu c\u00e1bala para iniciar el A\u00f1o Nuevo 2026 sea visitar Caral\",\"datePublished\":\"2025-12-31T00:28:52+00:00\",\"mainEntityOfPage\":{\"@id\":\"https:\\\/\\\/zonacaral.gob.pe\\\/noticias\\\/que-tu-cabala-para-iniciar-el-ano-nuevo-2026-sea-visitar-caral\\\/\"},\"wordCount\":540,\"image\":{\"@id\":\"https:\\\/\\\/zonacaral.gob.pe\\\/noticias\\\/que-tu-cabala-para-iniciar-el-ano-nuevo-2026-sea-visitar-caral\\\/#primaryimage\"},\"thumbnailUrl\":\"https:\\\/\\\/zonacaral.gob.pe\\\/wp-content\\\/uploads\\\/2025\\\/12\\\/caral-piramide.jpg\",\"keywords\":[\"caral\",\"Cultura\"],\"articleSection\":[\"noticias\"],\"inLanguage\":\"es-PE\"},{\"@type\":\"WebPage\",\"@id\":\"https:\\\/\\\/zonacaral.gob.pe\\\/noticias\\\/que-tu-cabala-para-iniciar-el-ano-nuevo-2026-sea-visitar-caral\\\/\",\"url\":\"https:\\\/\\\/zonacaral.gob.pe\\\/noticias\\\/que-tu-cabala-para-iniciar-el-ano-nuevo-2026-sea-visitar-caral\\\/\",\"name\":\"Que tu c\u00e1bala para iniciar el A\u00f1o Nuevo 2026 sea visitar Caral\",\"isPartOf\":{\"@id\":\"https:\\\/\\\/zonacaral.gob.pe\\\/es\\\/#website\"},\"primaryImageOfPage\":{\"@id\":\"https:\\\/\\\/zonacaral.gob.pe\\\/noticias\\\/que-tu-cabala-para-iniciar-el-ano-nuevo-2026-sea-visitar-caral\\\/#primaryimage\"},\"image\":{\"@id\":\"https:\\\/\\\/zonacaral.gob.pe\\\/noticias\\\/que-tu-cabala-para-iniciar-el-ano-nuevo-2026-sea-visitar-caral\\\/#primaryimage\"},\"thumbnailUrl\":\"https:\\\/\\\/zonacaral.gob.pe\\\/wp-content\\\/uploads\\\/2025\\\/12\\\/caral-piramide.jpg\",\"datePublished\":\"2025-12-31T00:28:52+00:00\",\"author\":{\"@id\":\"https:\\\/\\\/zonacaral.gob.pe\\\/es\\\/#\\\/schema\\\/person\\\/beddb4d22f71a7230c5b90913270a0ee\"},\"description\":\"Inicia el a\u00f1o 2026 recorriendo los principales centros urbanos de la Civilizaci\u00f3n Caral: la Ciudad Sagrada de Caral-Supe, \u00c1spero, Vichama y Pe\u00f1ico, ubicados en las provincias de Barranca y Huaura, a pocas horas de la ciudad de Lima, los cuales abrir\u00e1n sus puertas con normalidad el 1 de enero, de 9:00 a. m. a 5:00 p. m., ofreciendo al p\u00fablico una alternativa cultural y educativa para comenzar el a\u00f1o.\",\"breadcrumb\":{\"@id\":\"https:\\\/\\\/zonacaral.gob.pe\\\/noticias\\\/que-tu-cabala-para-iniciar-el-ano-nuevo-2026-sea-visitar-caral\\\/#breadcrumb\"},\"inLanguage\":\"es-PE\",\"potentialAction\":[{\"@type\":\"ReadAction\",\"target\":[\"https:\\\/\\\/zonacaral.gob.pe\\\/noticias\\\/que-tu-cabala-para-iniciar-el-ano-nuevo-2026-sea-visitar-caral\\\/\"]}]},{\"@type\":\"ImageObject\",\"inLanguage\":\"es-PE\",\"@id\":\"https:\\\/\\\/zonacaral.gob.pe\\\/noticias\\\/que-tu-cabala-para-iniciar-el-ano-nuevo-2026-sea-visitar-caral\\\/#primaryimage\",\"url\":\"https:\\\/\\\/zonacaral.gob.pe\\\/wp-content\\\/uploads\\\/2025\\\/12\\\/caral-piramide.jpg\",\"contentUrl\":\"https:\\\/\\\/zonacaral.gob.pe\\\/wp-content\\\/uploads\\\/2025\\\/12\\\/caral-piramide.jpg\",\"width\":1920,\"height\":1080},{\"@type\":\"BreadcrumbList\",\"@id\":\"https:\\\/\\\/zonacaral.gob.pe\\\/noticias\\\/que-tu-cabala-para-iniciar-el-ano-nuevo-2026-sea-visitar-caral\\\/#breadcrumb\",\"itemListElement\":[{\"@type\":\"ListItem\",\"position\":1,\"name\":\"Portada\",\"item\":\"https:\\\/\\\/zonacaral.gob.pe\\\/\"},{\"@type\":\"ListItem\",\"position\":2,\"name\":\"Que tu c\u00e1bala para iniciar el A\u00f1o Nuevo 2026 sea visitar Caral\"}]},{\"@type\":\"WebSite\",\"@id\":\"https:\\\/\\\/zonacaral.gob.pe\\\/es\\\/#website\",\"url\":\"https:\\\/\\\/zonacaral.gob.pe\\\/es\\\/\",\"name\":\"Zona Caral\",\"description\":\"Investigamos, conservamos y difundimos el patrimonio cultural de la Civilizaci\u00f3n Caral, la m\u00e1s antigua de Am\u00e9rica.\",\"potentialAction\":[{\"@type\":\"SearchAction\",\"target\":{\"@type\":\"EntryPoint\",\"urlTemplate\":\"https:\\\/\\\/zonacaral.gob.pe\\\/es\\\/?s={search_term_string}\"},\"query-input\":{\"@type\":\"PropertyValueSpecification\",\"valueRequired\":true,\"valueName\":\"search_term_string\"}}],\"inLanguage\":\"es-PE\"},{\"@type\":\"Person\",\"@id\":\"https:\\\/\\\/zonacaral.gob.pe\\\/es\\\/#\\\/schema\\\/person\\\/beddb4d22f71a7230c5b90913270a0ee\",\"name\":\"Zona Caral Administrador\",\"image\":{\"@type\":\"ImageObject\",\"inLanguage\":\"es-PE\",\"@id\":\"https:\\\/\\\/secure.gravatar.com\\\/avatar\\\/e4be162918a696358376de6446614e0f0f4062bdc5d170d6d540ada3d8b58c12?s=96&d=mm&r=g\",\"url\":\"https:\\\/\\\/secure.gravatar.com\\\/avatar\\\/e4be162918a696358376de6446614e0f0f4062bdc5d170d6d540ada3d8b58c12?s=96&d=mm&r=g\",\"contentUrl\":\"https:\\\/\\\/secure.gravatar.com\\\/avatar\\\/e4be162918a696358376de6446614e0f0f4062bdc5d170d6d540ada3d8b58c12?s=96&d=mm&r=g\",\"caption\":\"Zona Caral Administrador\"},\"sameAs\":[\"https:\\\/\\\/zonacaral.gob.pe\"],\"url\":\"https:\\\/\\\/zonacaral.gob.pe\\\/es\\\/noticias\\\/author\\\/ad_zonacaral\\\/\"}]}<\/script>\n<!-- \/ Yoast SEO plugin. -->","yoast_head_json":{"title":"Que tu c\u00e1bala para iniciar el A\u00f1o Nuevo 2026 sea visitar Caral","description":"Inicia el a\u00f1o 2026 recorriendo los principales centros urbanos de la Civilizaci\u00f3n Caral: la Ciudad Sagrada de Caral-Supe, \u00c1spero, Vichama y Pe\u00f1ico, ubicados en las provincias de Barranca y Huaura, a pocas horas de la ciudad de Lima, los cuales abrir\u00e1n sus puertas con normalidad el 1 de enero, de 9:00 a. m. a 5:00 p. m., ofreciendo al p\u00fablico una alternativa cultural y educativa para comenzar el a\u00f1o.","robots":{"index":"index","follow":"follow","max-snippet":"max-snippet:-1","max-image-preview":"max-image-preview:large","max-video-preview":"max-video-preview:-1"},"canonical":"https:\/\/zonacaral.gob.pe\/es\/noticias\/que-tu-cabala-para-iniciar-el-ano-nuevo-2026-sea-visitar-caral\/","og_locale":"es_ES","og_type":"article","og_title":"Que tu c\u00e1bala para iniciar el A\u00f1o Nuevo 2026 sea visitar Caral","og_description":"Inicia el a\u00f1o 2026 recorriendo los principales centros urbanos de la Civilizaci\u00f3n Caral: la Ciudad Sagrada de Caral-Supe, \u00c1spero, Vichama y Pe\u00f1ico, ubicados en las provincias de Barranca y Huaura, a pocas horas de la ciudad de Lima, los cuales abrir\u00e1n sus puertas con normalidad el 1 de enero, de 9:00 a. m. a 5:00 p. m., ofreciendo al p\u00fablico una alternativa cultural y educativa para comenzar el a\u00f1o.","og_url":"https:\/\/zonacaral.gob.pe\/es\/noticias\/que-tu-cabala-para-iniciar-el-ano-nuevo-2026-sea-visitar-caral\/","og_site_name":"Zona Caral","article_published_time":"2025-12-31T00:28:52+00:00","og_image":[{"width":1920,"height":1080,"url":"https:\/\/zonacaral.gob.pe\/wp-content\/uploads\/2025\/12\/caral-piramide.jpg","type":"image\/jpeg"}],"author":"Zona Caral Administrador","twitter_card":"summary_large_image","twitter_misc":{"Written by":"Zona Caral Administrador","Est. reading time":"3 minutos"},"schema":{"@context":"https:\/\/schema.org","@graph":[{"@type":"Article","@id":"https:\/\/zonacaral.gob.pe\/noticias\/que-tu-cabala-para-iniciar-el-ano-nuevo-2026-sea-visitar-caral\/#article","isPartOf":{"@id":"https:\/\/zonacaral.gob.pe\/noticias\/que-tu-cabala-para-iniciar-el-ano-nuevo-2026-sea-visitar-caral\/"},"author":{"name":"Zona Caral Administrador","@id":"https:\/\/zonacaral.gob.pe\/es\/#\/schema\/person\/beddb4d22f71a7230c5b90913270a0ee"},"headline":"Que tu c\u00e1bala para iniciar el A\u00f1o Nuevo 2026 sea visitar Caral","datePublished":"2025-12-31T00:28:52+00:00","mainEntityOfPage":{"@id":"https:\/\/zonacaral.gob.pe\/noticias\/que-tu-cabala-para-iniciar-el-ano-nuevo-2026-sea-visitar-caral\/"},"wordCount":540,"image":{"@id":"https:\/\/zonacaral.gob.pe\/noticias\/que-tu-cabala-para-iniciar-el-ano-nuevo-2026-sea-visitar-caral\/#primaryimage"},"thumbnailUrl":"https:\/\/zonacaral.gob.pe\/wp-content\/uploads\/2025\/12\/caral-piramide.jpg","keywords":["caral","Cultura"],"articleSection":["noticias"],"inLanguage":"es-PE"},{"@type":"WebPage","@id":"https:\/\/zonacaral.gob.pe\/noticias\/que-tu-cabala-para-iniciar-el-ano-nuevo-2026-sea-visitar-caral\/","url":"https:\/\/zonacaral.gob.pe\/noticias\/que-tu-cabala-para-iniciar-el-ano-nuevo-2026-sea-visitar-caral\/","name":"Que tu c\u00e1bala para iniciar el A\u00f1o Nuevo 2026 sea visitar Caral","isPartOf":{"@id":"https:\/\/zonacaral.gob.pe\/es\/#website"},"primaryImageOfPage":{"@id":"https:\/\/zonacaral.gob.pe\/noticias\/que-tu-cabala-para-iniciar-el-ano-nuevo-2026-sea-visitar-caral\/#primaryimage"},"image":{"@id":"https:\/\/zonacaral.gob.pe\/noticias\/que-tu-cabala-para-iniciar-el-ano-nuevo-2026-sea-visitar-caral\/#primaryimage"},"thumbnailUrl":"https:\/\/zonacaral.gob.pe\/wp-content\/uploads\/2025\/12\/caral-piramide.jpg","datePublished":"2025-12-31T00:28:52+00:00","author":{"@id":"https:\/\/zonacaral.gob.pe\/es\/#\/schema\/person\/beddb4d22f71a7230c5b90913270a0ee"},"description":"Inicia el a\u00f1o 2026 recorriendo los principales centros urbanos de la Civilizaci\u00f3n Caral: la Ciudad Sagrada de Caral-Supe, \u00c1spero, Vichama y Pe\u00f1ico, ubicados en las provincias de Barranca y Huaura, a pocas horas de la ciudad de Lima, los cuales abrir\u00e1n sus puertas con normalidad el 1 de enero, de 9:00 a. m. a 5:00 p. m., ofreciendo al p\u00fablico una alternativa cultural y educativa para comenzar el a\u00f1o.","breadcrumb":{"@id":"https:\/\/zonacaral.gob.pe\/noticias\/que-tu-cabala-para-iniciar-el-ano-nuevo-2026-sea-visitar-caral\/#breadcrumb"},"inLanguage":"es-PE","potentialAction":[{"@type":"ReadAction","target":["https:\/\/zonacaral.gob.pe\/noticias\/que-tu-cabala-para-iniciar-el-ano-nuevo-2026-sea-visitar-caral\/"]}]},{"@type":"ImageObject","inLanguage":"es-PE","@id":"https:\/\/zonacaral.gob.pe\/noticias\/que-tu-cabala-para-iniciar-el-ano-nuevo-2026-sea-visitar-caral\/#primaryimage","url":"https:\/\/zonacaral.gob.pe\/wp-content\/uploads\/2025\/12\/caral-piramide.jpg","contentUrl":"https:\/\/zonacaral.gob.pe\/wp-content\/uploads\/2025\/12\/caral-piramide.jpg","width":1920,"height":1080},{"@type":"BreadcrumbList","@id":"https:\/\/zonacaral.gob.pe\/noticias\/que-tu-cabala-para-iniciar-el-ano-nuevo-2026-sea-visitar-caral\/#breadcrumb","itemListElement":[{"@type":"ListItem","position":1,"name":"Portada","item":"https:\/\/zonacaral.gob.pe\/"},{"@type":"ListItem","position":2,"name":"Que tu c\u00e1bala para iniciar el A\u00f1o Nuevo 2026 sea visitar Caral"}]},{"@type":"WebSite","@id":"https:\/\/zonacaral.gob.pe\/es\/#website","url":"https:\/\/zonacaral.gob.pe\/es\/","name":"Zona Caral","description":"Investigamos, conservamos y difundimos el patrimonio cultural de la Civilizaci\u00f3n Caral, la m\u00e1s antigua de Am\u00e9rica.","potentialAction":[{"@type":"SearchAction","target":{"@type":"EntryPoint","urlTemplate":"https:\/\/zonacaral.gob.pe\/es\/?s={search_term_string}"},"query-input":{"@type":"PropertyValueSpecification","valueRequired":true,"valueName":"search_term_string"}}],"inLanguage":"es-PE"},{"@type":"Person","@id":"https:\/\/zonacaral.gob.pe\/es\/#\/schema\/person\/beddb4d22f71a7230c5b90913270a0ee","name":"Zona Caral Administrador","image":{"@type":"ImageObject","inLanguage":"es-PE","@id":"https:\/\/secure.gravatar.com\/avatar\/e4be162918a696358376de6446614e0f0f4062bdc5d170d6d540ada3d8b58c12?s=96&d=mm&r=g","url":"https:\/\/secure.gravatar.com\/avatar\/e4be162918a696358376de6446614e0f0f4062bdc5d170d6d540ada3d8b58c12?s=96&d=mm&r=g","contentUrl":"https:\/\/secure.gravatar.com\/avatar\/e4be162918a696358376de6446614e0f0f4062bdc5d170d6d540ada3d8b58c12?s=96&d=mm&r=g","caption":"Zona Caral Administrador"},"sameAs":["https:\/\/zonacaral.gob.pe"],"url":"https:\/\/zonacaral.gob.pe\/es\/noticias\/author\/ad_zonacaral\/"}]}},"_links":{"self":[{"href":"https:\/\/zonacaral.gob.pe\/es\/wp-json\/wp\/v2\/posts\/18741","targetHints":{"allow":["GET"]}}],"collection":[{"href":"https:\/\/zonacaral.gob.pe\/es\/wp-json\/wp\/v2\/posts"}],"about":[{"href":"https:\/\/zonacaral.gob.pe\/es\/wp-json\/wp\/v2\/types\/post"}],"author":[{"embeddable":true,"href":"https:\/\/zonacaral.gob.pe\/es\/wp-json\/wp\/v2\/users\/1"}],"replies":[{"embeddable":true,"href":"https:\/\/zonacaral.gob.pe\/es\/wp-json\/wp\/v2\/comments?post=18741"}],"version-history":[{"count":0,"href":"https:\/\/zonacaral.gob.pe\/es\/wp-json\/wp\/v2\/posts\/18741\/revisions"}],"wp:featuredmedia":[{"embeddable":true,"href":"https:\/\/zonacaral.gob.pe\/es\/wp-json\/wp\/v2\/media\/18738"}],"wp:attachment":[{"href":"https:\/\/zonacaral.gob.pe\/es\/wp-json\/wp\/v2\/media?parent=18741"}],"wp:term":[{"taxonomy":"category","embeddable":true,"href":"https:\/\/zonacaral.gob.pe\/es\/wp-json\/wp\/v2\/categories?post=18741"},{"taxonomy":"post_tag","embeddable":true,"href":"https:\/\/zonacaral.gob.pe\/es\/wp-json\/wp\/v2\/tags?post=18741"}],"curies":[{"name":"wp","href":"https:\/\/api.w.org\/{rel}","templated":true}]}}