{"id":18748,"date":"2026-01-08T16:26:20","date_gmt":"2026-01-08T21:26:20","guid":{"rendered":"https:\/\/www.zonacaral.gob.pe\/?p=18748"},"modified":"2026-01-08T16:26:20","modified_gmt":"2026-01-08T21:26:20","slug":"talleres-de-verano-caralizate-con-nuestras-actividades-gratuitas","status":"publish","type":"post","link":"https:\/\/zonacaral.gob.pe\/es\/noticias\/talleres-de-verano-caralizate-con-nuestras-actividades-gratuitas\/","title":{"rendered":"Talleres de verano: \u201cCaral\u00edzate\u201d con nuestras actividades gratuitas"},"content":{"rendered":"<figure class=\"pic-autor\" style=\"color: #4d4d4d; text-align: justify;\"><\/figure>\n<div class=\"gmail_default\" style=\"text-align: justify;\">\n<blockquote>\n<p><em><span style=\"font-weight: 400;\">Vacaciones culturales.<\/span><\/em><\/p>\n<\/blockquote>\n<p><span style=\"font-weight: 400;\">La <\/span><a href=\"https:\/\/www.instagram.com\/caralperu\/?hl=es\"><b>Zona Arqueol\u00f3gica Caral<\/b><\/a><span style=\"font-weight: 400;\">, Unidad Ejecutora 003 del Ministerio de Cultura, invita a los ni\u00f1os, j\u00f3venes, adultos y adultos mayores a inscribirse y participar de manera gratuita en los talleres de verano organizados para transmitir nuestra herencia cultural milenaria, en especial la vinculada a la <\/span><a href=\"https:\/\/youtu.be\/uAJpjcgLits\"><b>Civilizaci\u00f3n Caral<\/b><\/a><span style=\"font-weight: 400;\">.<\/span><\/p>\n<p><span style=\"font-weight: 400;\">La agenda de los talleres <\/span><b>Caral para Todos <\/b><span style=\"font-weight: 400;\">es la siguiente:<\/span><\/p>\n<ul>\n<li><b>Domingo, 18 de enero<\/b><\/li>\n<\/ul>\n<p><b>\u201cTejido de redes de pesca en la Civilizaci\u00f3n Caral\u201d<\/b><\/p>\n<p><b><i>Lugar:<\/i><\/b> <span style=\"font-weight: 400;\">Museo Naval del Per\u00fa en el Callao<\/span><\/p>\n<p><span style=\"font-weight: 400;\">Av. Jorge Ch\u00e1vez n.\u00b0 123, cerca de la Plaza Grau.<\/span><\/p>\n<p><b><i>Horarios: <\/i><\/b><span style=\"font-weight: 400;\">de 10:00 a. m. a 11:30 a. m. y de 12:00 m. a 1:30 p. m.<\/span><\/p>\n<p><b><i>Materiales a traer: <\/i><\/b><span style=\"font-weight: 400;\">hilo de lana, yute o pabilo; palito de brocheta y tijera.<\/span><\/p>\n<p><span style=\"font-weight: 400;\">En esta actividad aprender\u00e1s la t\u00e9cnica utilizada por los antiguos pobladores de \u00c1spero, ciudad pesquera de Caral, para crear sus herramientas de pesca. Descubrir\u00e1s c\u00f3mo el dominio de esta tecnolog\u00eda fue crucial para asegurar los recursos alimenticios y el desarrollo de la sociedad Caral hace cinco mil a\u00f1os.<\/span><\/p>\n<ul>\n<li><b>S\u00e1bado, 24 de enero<\/b><\/li>\n<\/ul>\n<p><b>\u201cAbuela Killa que gu\u00eda el mar\u201d<\/b><\/p>\n<p><b><i>Lugar:<\/i><\/b> <span style=\"font-weight: 400;\">Museo Naval del Per\u00fa en el Callao<\/span><\/p>\n<p><span style=\"font-weight: 400;\">Av. Jorge Ch\u00e1vez n.\u00b0 123, cerca de la Plaza Grau.<\/span><\/p>\n<p><b><i>Horarios:<\/i><\/b> <span style=\"font-weight: 400;\">de 10:00 a. m. a 11:30 a. m. y de 12:00 m. a 1:30 p. m.<\/span><\/p>\n<p><b><i>Materiales a traer:<\/i><\/b> <span style=\"font-weight: 400;\">cart\u00f3n reciclado, cartulina y hojas de colores; colores y\/o plumones, tijera y goma.<\/span><\/p>\n<p><span style=\"font-weight: 400;\">En este taller crearemos un original Libro Objeto art\u00edstico y t\u00e1ctil, usando im\u00e1genes de las especies marinas que aseguraron la subsistencia de la sociedad de Caral. Una forma creativa de plasmar la evidencia arqueol\u00f3gica y el conocimiento ancestral.<\/span><\/p>\n<ul>\n<li><b>Viernes, 30 de enero<\/b><\/li>\n<\/ul>\n<p><b>\u00a1Teje la Historia Milenaria!\u00a0 \u00a0 <\/b><\/p>\n<p><b><i>Lugar:<\/i><\/b> <span style=\"font-weight: 400;\">Sala Paracas del Ministerio de Cultura<\/span><\/p>\n<p><span style=\"font-weight: 400;\">Av. Javier Prado Este 2465, San Borja &#8211; Lima.<\/span><\/p>\n<p><b><i>Horarios:<\/i><\/b> <span style=\"font-weight: 400;\">de 10:00 a.m. a 11:30 a.m. y de 3:00 p.m. a 4:30 p. m.<\/span><\/p>\n<p><b><i>Materiales a traer: <\/i><\/b><span style=\"font-weight: 400;\">hilo de lana (de colores), yute o pabilo; palito de brocheta y tijera.<\/span><\/p>\n<p><span style=\"font-weight: 400;\">En esta actividad aprenderemos a tejer el \u201cOjo de Dios\u201d de Caral, mientras descubrimos la cosmovisi\u00f3n de la civilizaci\u00f3n m\u00e1s antigua de Am\u00e9rica, a trav\u00e9s de sus hilos exploraremos su significado espiritual y su importancia como s\u00edmbolo de autoridad e integridad.<\/span><\/p>\n<ul>\n<li><b>S\u00e1bado, 31 de enero\u00a0<\/b><\/li>\n<\/ul>\n<p><b>\u201cHistorias de Luz y Sombra\u201d\u00a0 \u00a0 <\/b><\/p>\n<p><b><i>Lugar:<\/i><\/b> <span style=\"font-weight: 400;\">Museo Naval del Per\u00fa en el Callao<\/span><\/p>\n<p><span style=\"font-weight: 400;\">Av. Jorge Ch\u00e1vez n.\u00b0 123, cerca de la Plaza Grau.<\/span><\/p>\n<p><b><i>Horarios:<\/i><\/b> <span style=\"font-weight: 400;\">de 10:00 a. m. a 11:30 a. m. y de 12:00 m. a 1:30 p. m.<\/span><\/p>\n<p><b><i>Materiales a traer:<\/i><\/b> <span style=\"font-weight: 400;\">cart\u00f3n reciclado, cartulina A4 y hojas de colores; colores y\/o plumones; tijera y goma.<\/span><\/p>\n<p><span style=\"font-weight: 400;\">Para cerrar el primer mes del a\u00f1o, realizaremos dos actividades: un <\/span><b>teatro de sombras<\/b><span style=\"font-weight: 400;\">, a cargo de la Asociaci\u00f3n Sociocultural Harmony, y la creaci\u00f3n de personajes, basados en la Civilizaci\u00f3n Caral. Con ellos, los participantes crear\u00e1n una historia que, de manera voluntaria, podr\u00e1n compartir con el grupo.<\/span><\/p>\n<p><b>DATO<\/b><\/p>\n<p><span style=\"font-weight: 400;\">El aforo por horario es limitado. Se recomienda inscribirse previamente en el siguiente enlace para asegurar su participaci\u00f3n:<\/span><a href=\"https:\/\/forms.gle\/8GRVJg2PLDWyBa5X6\"> <span style=\"font-weight: 400;\">TalleresCaralparaTodos<\/span><\/a><\/p>\n<p><br \/><i><span style=\"font-weight: 400;\">Mantente informado sobre las actividades de la <\/span><\/i><b><i>Zona Arqueol\u00f3gica Caral<\/i><\/b><i><span style=\"font-weight: 400;\">, s\u00edguenos en <\/span><\/i><a href=\"https:\/\/www.instagram.com\/caralperu\/?hl=es\"><i><span style=\"font-weight: 400;\">Instagram<\/span><\/i><\/a><i><span style=\"font-weight: 400;\">, <\/span><\/i><a href=\"https:\/\/www.tiktok.com\/@caral_peru?lang=es\"><i><span style=\"font-weight: 400;\">Tik Tok<\/span><\/i><\/a><i><span style=\"font-weight: 400;\">, <\/span><\/i><a href=\"https:\/\/www.facebook.com\/CARALPERU\/\"><i><span style=\"font-weight: 400;\">Facebook<\/span><\/i><\/a><i><span style=\"font-weight: 400;\">, <\/span><\/i><a href=\"https:\/\/x.com\/Peru_Caral\"><i><span style=\"font-weight: 400;\">X<\/span><\/i><\/a><i><span style=\"font-weight: 400;\">, <\/span><\/i><a href=\"https:\/\/www.youtube.com\/PeruCaral\"><i><span style=\"font-weight: 400;\">YouTube<\/span><\/i><\/a><i><span style=\"font-weight: 400;\"> y en nuestro canal oficial de <\/span><\/i><a href=\"https:\/\/t.me\/Caral_Peru\"><i><span style=\"font-weight: 400;\">Telegram<\/span><\/i><\/a><i><span style=\"font-weight: 400;\">.<\/span><\/i><\/p>\n<p><strong style=\"font-size: inherit; text-align: justify;\">Fuente: Comunicaci\u00f3n e Imagen Institucional ZAC<\/strong><\/p>\n<\/div>\n<div style=\"color: #1f1f1f;\">\n<div style=\"color: #1f1f1f;\">\n<p style=\"text-align: justify;\">Fecha de publicaci\u00f3n: 08\/01\/2026<\/p>\n<\/div>\n<\/div>\n\n\n<p><\/p>\n\n\n\n<p><\/p>\n","protected":false},"excerpt":{"rendered":"<p>Vacaciones culturales. La Zona Arqueol\u00f3gica Caral, Unidad Ejecutora 003 del Ministerio de Cultura, invita a los ni\u00f1os, j\u00f3venes, adultos y [&hellip;]<\/p>\n","protected":false},"author":1,"featured_media":18749,"comment_status":"closed","ping_status":"open","sticky":false,"template":"","format":"standard","meta":{"_acf_changed":false,"site-sidebar-layout":"default","site-content-layout":"","ast-site-content-layout":"default","site-content-style":"default","site-sidebar-style":"default","ast-global-header-display":"","ast-banner-title-visibility":"","ast-main-header-display":"","ast-hfb-above-header-display":"","ast-hfb-below-header-display":"","ast-hfb-mobile-header-display":"","site-post-title":"","ast-breadcrumbs-content":"","ast-featured-img":"","footer-sml-layout":"","ast-disable-related-posts":"","theme-transparent-header-meta":"","adv-header-id-meta":"","stick-header-meta":"","header-above-stick-meta":"","header-main-stick-meta":"","header-below-stick-meta":"","astra-migrate-meta-layouts":"default","ast-page-background-enabled":"default","ast-page-background-meta":{"desktop":{"background-color":"var(--ast-global-color-5)","background-image":"","background-repeat":"repeat","background-position":"center center","background-size":"auto","background-attachment":"scroll","background-type":"","background-media":"","overlay-type":"","overlay-color":"","overlay-opacity":"","overlay-gradient":""},"tablet":{"background-color":"","background-image":"","background-repeat":"repeat","background-position":"center center","background-size":"auto","background-attachment":"scroll","background-type":"","background-media":"","overlay-type":"","overlay-color":"","overlay-opacity":"","overlay-gradient":""},"mobile":{"background-color":"","background-image":"","background-repeat":"repeat","background-position":"center center","background-size":"auto","background-attachment":"scroll","background-type":"","background-media":"","overlay-type":"","overlay-color":"","overlay-opacity":"","overlay-gradient":""}},"ast-content-background-meta":{"desktop":{"background-color":"var(--ast-global-color-4)","background-image":"","background-repeat":"repeat","background-position":"center center","background-size":"auto","background-attachment":"scroll","background-type":"","background-media":"","overlay-type":"","overlay-color":"","overlay-opacity":"","overlay-gradient":""},"tablet":{"background-color":"var(--ast-global-color-4)","background-image":"","background-repeat":"repeat","background-position":"center center","background-size":"auto","background-attachment":"scroll","background-type":"","background-media":"","overlay-type":"","overlay-color":"","overlay-opacity":"","overlay-gradient":""},"mobile":{"background-color":"var(--ast-global-color-4)","background-image":"","background-repeat":"repeat","background-position":"center center","background-size":"auto","background-attachment":"scroll","background-type":"","background-media":"","overlay-type":"","overlay-color":"","overlay-opacity":"","overlay-gradient":""}},"footnotes":""},"categories":[208],"tags":[55,72],"class_list":["post-18748","post","type-post","status-publish","format-standard","has-post-thumbnail","hentry","category-noticias","tag-caral","tag-cultura"],"acf":[],"yoast_head":"<!-- This site is optimized with the Yoast SEO plugin v27.3 - https:\/\/yoast.com\/product\/yoast-seo-wordpress\/ -->\n<title>Talleres de verano: \u201cCaral\u00edzate\u201d con nuestras actividades gratuitas<\/title>\n<meta name=\"description\" content=\"La Zona Arqueol\u00f3gica Caral, Unidad Ejecutora 003 del Ministerio de Cultura, invita a los ni\u00f1os, j\u00f3venes, adultos y adultos mayores a inscribirse y participar de manera gratuita en los talleres de verano organizados para transmitir nuestra herencia cultural milenaria, en especial la vinculada a la Civilizaci\u00f3n Caral.\" \/>\n<meta name=\"robots\" content=\"index, follow, max-snippet:-1, max-image-preview:large, max-video-preview:-1\" \/>\n<link rel=\"canonical\" href=\"https:\/\/zonacaral.gob.pe\/es\/noticias\/talleres-de-verano-caralizate-con-nuestras-actividades-gratuitas\/\" \/>\n<meta property=\"og:locale\" content=\"es_ES\" \/>\n<meta property=\"og:type\" content=\"article\" \/>\n<meta property=\"og:title\" content=\"Talleres de verano: \u201cCaral\u00edzate\u201d con nuestras actividades gratuitas\" \/>\n<meta property=\"og:description\" content=\"La Zona Arqueol\u00f3gica Caral, Unidad Ejecutora 003 del Ministerio de Cultura, invita a los ni\u00f1os, j\u00f3venes, adultos y adultos mayores a inscribirse y participar de manera gratuita en los talleres de verano organizados para transmitir nuestra herencia cultural milenaria, en especial la vinculada a la Civilizaci\u00f3n Caral.\" \/>\n<meta property=\"og:url\" content=\"https:\/\/zonacaral.gob.pe\/es\/noticias\/talleres-de-verano-caralizate-con-nuestras-actividades-gratuitas\/\" \/>\n<meta property=\"og:site_name\" content=\"Zona Caral\" \/>\n<meta property=\"article:published_time\" content=\"2026-01-08T21:26:20+00:00\" \/>\n<meta property=\"og:image\" content=\"https:\/\/zonacaral.gob.pe\/wp-content\/uploads\/2026\/01\/talleres-verano.jpg\" \/>\n\t<meta property=\"og:image:width\" content=\"1920\" \/>\n\t<meta property=\"og:image:height\" content=\"1080\" \/>\n\t<meta property=\"og:image:type\" content=\"image\/jpeg\" \/>\n<meta name=\"author\" content=\"Zona Caral Administrador\" \/>\n<meta name=\"twitter:card\" content=\"summary_large_image\" \/>\n<meta name=\"twitter:label1\" content=\"Written by\" \/>\n\t<meta name=\"twitter:data1\" content=\"Zona Caral Administrador\" \/>\n\t<meta name=\"twitter:label2\" content=\"Est. reading time\" \/>\n\t<meta name=\"twitter:data2\" content=\"3 minutos\" \/>\n<script type=\"application\/ld+json\" class=\"yoast-schema-graph\">{\"@context\":\"https:\\\/\\\/schema.org\",\"@graph\":[{\"@type\":\"Article\",\"@id\":\"https:\\\/\\\/zonacaral.gob.pe\\\/noticias\\\/talleres-de-verano-caralizate-con-nuestras-actividades-gratuitas\\\/#article\",\"isPartOf\":{\"@id\":\"https:\\\/\\\/zonacaral.gob.pe\\\/noticias\\\/talleres-de-verano-caralizate-con-nuestras-actividades-gratuitas\\\/\"},\"author\":{\"name\":\"Zona Caral Administrador\",\"@id\":\"https:\\\/\\\/zonacaral.gob.pe\\\/es\\\/#\\\/schema\\\/person\\\/beddb4d22f71a7230c5b90913270a0ee\"},\"headline\":\"Talleres de verano: \u201cCaral\u00edzate\u201d con nuestras actividades gratuitas\",\"datePublished\":\"2026-01-08T21:26:20+00:00\",\"mainEntityOfPage\":{\"@id\":\"https:\\\/\\\/zonacaral.gob.pe\\\/noticias\\\/talleres-de-verano-caralizate-con-nuestras-actividades-gratuitas\\\/\"},\"wordCount\":556,\"image\":{\"@id\":\"https:\\\/\\\/zonacaral.gob.pe\\\/noticias\\\/talleres-de-verano-caralizate-con-nuestras-actividades-gratuitas\\\/#primaryimage\"},\"thumbnailUrl\":\"https:\\\/\\\/zonacaral.gob.pe\\\/wp-content\\\/uploads\\\/2026\\\/01\\\/talleres-verano.jpg\",\"keywords\":[\"caral\",\"Cultura\"],\"articleSection\":[\"noticias\"],\"inLanguage\":\"es-PE\"},{\"@type\":\"WebPage\",\"@id\":\"https:\\\/\\\/zonacaral.gob.pe\\\/noticias\\\/talleres-de-verano-caralizate-con-nuestras-actividades-gratuitas\\\/\",\"url\":\"https:\\\/\\\/zonacaral.gob.pe\\\/noticias\\\/talleres-de-verano-caralizate-con-nuestras-actividades-gratuitas\\\/\",\"name\":\"Talleres de verano: \u201cCaral\u00edzate\u201d con nuestras actividades gratuitas\",\"isPartOf\":{\"@id\":\"https:\\\/\\\/zonacaral.gob.pe\\\/es\\\/#website\"},\"primaryImageOfPage\":{\"@id\":\"https:\\\/\\\/zonacaral.gob.pe\\\/noticias\\\/talleres-de-verano-caralizate-con-nuestras-actividades-gratuitas\\\/#primaryimage\"},\"image\":{\"@id\":\"https:\\\/\\\/zonacaral.gob.pe\\\/noticias\\\/talleres-de-verano-caralizate-con-nuestras-actividades-gratuitas\\\/#primaryimage\"},\"thumbnailUrl\":\"https:\\\/\\\/zonacaral.gob.pe\\\/wp-content\\\/uploads\\\/2026\\\/01\\\/talleres-verano.jpg\",\"datePublished\":\"2026-01-08T21:26:20+00:00\",\"author\":{\"@id\":\"https:\\\/\\\/zonacaral.gob.pe\\\/es\\\/#\\\/schema\\\/person\\\/beddb4d22f71a7230c5b90913270a0ee\"},\"description\":\"La Zona Arqueol\u00f3gica Caral, Unidad Ejecutora 003 del Ministerio de Cultura, invita a los ni\u00f1os, j\u00f3venes, adultos y adultos mayores a inscribirse y participar de manera gratuita en los talleres de verano organizados para transmitir nuestra herencia cultural milenaria, en especial la vinculada a la Civilizaci\u00f3n Caral.\",\"breadcrumb\":{\"@id\":\"https:\\\/\\\/zonacaral.gob.pe\\\/noticias\\\/talleres-de-verano-caralizate-con-nuestras-actividades-gratuitas\\\/#breadcrumb\"},\"inLanguage\":\"es-PE\",\"potentialAction\":[{\"@type\":\"ReadAction\",\"target\":[\"https:\\\/\\\/zonacaral.gob.pe\\\/noticias\\\/talleres-de-verano-caralizate-con-nuestras-actividades-gratuitas\\\/\"]}]},{\"@type\":\"ImageObject\",\"inLanguage\":\"es-PE\",\"@id\":\"https:\\\/\\\/zonacaral.gob.pe\\\/noticias\\\/talleres-de-verano-caralizate-con-nuestras-actividades-gratuitas\\\/#primaryimage\",\"url\":\"https:\\\/\\\/zonacaral.gob.pe\\\/wp-content\\\/uploads\\\/2026\\\/01\\\/talleres-verano.jpg\",\"contentUrl\":\"https:\\\/\\\/zonacaral.gob.pe\\\/wp-content\\\/uploads\\\/2026\\\/01\\\/talleres-verano.jpg\",\"width\":1920,\"height\":1080},{\"@type\":\"BreadcrumbList\",\"@id\":\"https:\\\/\\\/zonacaral.gob.pe\\\/noticias\\\/talleres-de-verano-caralizate-con-nuestras-actividades-gratuitas\\\/#breadcrumb\",\"itemListElement\":[{\"@type\":\"ListItem\",\"position\":1,\"name\":\"Portada\",\"item\":\"https:\\\/\\\/zonacaral.gob.pe\\\/\"},{\"@type\":\"ListItem\",\"position\":2,\"name\":\"Talleres de verano: \u201cCaral\u00edzate\u201d con nuestras actividades gratuitas\"}]},{\"@type\":\"WebSite\",\"@id\":\"https:\\\/\\\/zonacaral.gob.pe\\\/es\\\/#website\",\"url\":\"https:\\\/\\\/zonacaral.gob.pe\\\/es\\\/\",\"name\":\"Zona Caral\",\"description\":\"Investigamos, conservamos y difundimos el patrimonio cultural de la Civilizaci\u00f3n Caral, la m\u00e1s antigua de Am\u00e9rica.\",\"potentialAction\":[{\"@type\":\"SearchAction\",\"target\":{\"@type\":\"EntryPoint\",\"urlTemplate\":\"https:\\\/\\\/zonacaral.gob.pe\\\/es\\\/?s={search_term_string}\"},\"query-input\":{\"@type\":\"PropertyValueSpecification\",\"valueRequired\":true,\"valueName\":\"search_term_string\"}}],\"inLanguage\":\"es-PE\"},{\"@type\":\"Person\",\"@id\":\"https:\\\/\\\/zonacaral.gob.pe\\\/es\\\/#\\\/schema\\\/person\\\/beddb4d22f71a7230c5b90913270a0ee\",\"name\":\"Zona Caral Administrador\",\"image\":{\"@type\":\"ImageObject\",\"inLanguage\":\"es-PE\",\"@id\":\"https:\\\/\\\/secure.gravatar.com\\\/avatar\\\/e4be162918a696358376de6446614e0f0f4062bdc5d170d6d540ada3d8b58c12?s=96&d=mm&r=g\",\"url\":\"https:\\\/\\\/secure.gravatar.com\\\/avatar\\\/e4be162918a696358376de6446614e0f0f4062bdc5d170d6d540ada3d8b58c12?s=96&d=mm&r=g\",\"contentUrl\":\"https:\\\/\\\/secure.gravatar.com\\\/avatar\\\/e4be162918a696358376de6446614e0f0f4062bdc5d170d6d540ada3d8b58c12?s=96&d=mm&r=g\",\"caption\":\"Zona Caral Administrador\"},\"sameAs\":[\"https:\\\/\\\/zonacaral.gob.pe\"],\"url\":\"https:\\\/\\\/zonacaral.gob.pe\\\/es\\\/noticias\\\/author\\\/ad_zonacaral\\\/\"}]}<\/script>\n<!-- \/ Yoast SEO plugin. -->","yoast_head_json":{"title":"Talleres de verano: \u201cCaral\u00edzate\u201d con nuestras actividades gratuitas","description":"La Zona Arqueol\u00f3gica Caral, Unidad Ejecutora 003 del Ministerio de Cultura, invita a los ni\u00f1os, j\u00f3venes, adultos y adultos mayores a inscribirse y participar de manera gratuita en los talleres de verano organizados para transmitir nuestra herencia cultural milenaria, en especial la vinculada a la Civilizaci\u00f3n Caral.","robots":{"index":"index","follow":"follow","max-snippet":"max-snippet:-1","max-image-preview":"max-image-preview:large","max-video-preview":"max-video-preview:-1"},"canonical":"https:\/\/zonacaral.gob.pe\/es\/noticias\/talleres-de-verano-caralizate-con-nuestras-actividades-gratuitas\/","og_locale":"es_ES","og_type":"article","og_title":"Talleres de verano: \u201cCaral\u00edzate\u201d con nuestras actividades gratuitas","og_description":"La Zona Arqueol\u00f3gica Caral, Unidad Ejecutora 003 del Ministerio de Cultura, invita a los ni\u00f1os, j\u00f3venes, adultos y adultos mayores a inscribirse y participar de manera gratuita en los talleres de verano organizados para transmitir nuestra herencia cultural milenaria, en especial la vinculada a la Civilizaci\u00f3n Caral.","og_url":"https:\/\/zonacaral.gob.pe\/es\/noticias\/talleres-de-verano-caralizate-con-nuestras-actividades-gratuitas\/","og_site_name":"Zona Caral","article_published_time":"2026-01-08T21:26:20+00:00","og_image":[{"width":1920,"height":1080,"url":"https:\/\/zonacaral.gob.pe\/wp-content\/uploads\/2026\/01\/talleres-verano.jpg","type":"image\/jpeg"}],"author":"Zona Caral Administrador","twitter_card":"summary_large_image","twitter_misc":{"Written by":"Zona Caral Administrador","Est. reading time":"3 minutos"},"schema":{"@context":"https:\/\/schema.org","@graph":[{"@type":"Article","@id":"https:\/\/zonacaral.gob.pe\/noticias\/talleres-de-verano-caralizate-con-nuestras-actividades-gratuitas\/#article","isPartOf":{"@id":"https:\/\/zonacaral.gob.pe\/noticias\/talleres-de-verano-caralizate-con-nuestras-actividades-gratuitas\/"},"author":{"name":"Zona Caral Administrador","@id":"https:\/\/zonacaral.gob.pe\/es\/#\/schema\/person\/beddb4d22f71a7230c5b90913270a0ee"},"headline":"Talleres de verano: \u201cCaral\u00edzate\u201d con nuestras actividades gratuitas","datePublished":"2026-01-08T21:26:20+00:00","mainEntityOfPage":{"@id":"https:\/\/zonacaral.gob.pe\/noticias\/talleres-de-verano-caralizate-con-nuestras-actividades-gratuitas\/"},"wordCount":556,"image":{"@id":"https:\/\/zonacaral.gob.pe\/noticias\/talleres-de-verano-caralizate-con-nuestras-actividades-gratuitas\/#primaryimage"},"thumbnailUrl":"https:\/\/zonacaral.gob.pe\/wp-content\/uploads\/2026\/01\/talleres-verano.jpg","keywords":["caral","Cultura"],"articleSection":["noticias"],"inLanguage":"es-PE"},{"@type":"WebPage","@id":"https:\/\/zonacaral.gob.pe\/noticias\/talleres-de-verano-caralizate-con-nuestras-actividades-gratuitas\/","url":"https:\/\/zonacaral.gob.pe\/noticias\/talleres-de-verano-caralizate-con-nuestras-actividades-gratuitas\/","name":"Talleres de verano: \u201cCaral\u00edzate\u201d con nuestras actividades gratuitas","isPartOf":{"@id":"https:\/\/zonacaral.gob.pe\/es\/#website"},"primaryImageOfPage":{"@id":"https:\/\/zonacaral.gob.pe\/noticias\/talleres-de-verano-caralizate-con-nuestras-actividades-gratuitas\/#primaryimage"},"image":{"@id":"https:\/\/zonacaral.gob.pe\/noticias\/talleres-de-verano-caralizate-con-nuestras-actividades-gratuitas\/#primaryimage"},"thumbnailUrl":"https:\/\/zonacaral.gob.pe\/wp-content\/uploads\/2026\/01\/talleres-verano.jpg","datePublished":"2026-01-08T21:26:20+00:00","author":{"@id":"https:\/\/zonacaral.gob.pe\/es\/#\/schema\/person\/beddb4d22f71a7230c5b90913270a0ee"},"description":"La Zona Arqueol\u00f3gica Caral, Unidad Ejecutora 003 del Ministerio de Cultura, invita a los ni\u00f1os, j\u00f3venes, adultos y adultos mayores a inscribirse y participar de manera gratuita en los talleres de verano organizados para transmitir nuestra herencia cultural milenaria, en especial la vinculada a la Civilizaci\u00f3n Caral.","breadcrumb":{"@id":"https:\/\/zonacaral.gob.pe\/noticias\/talleres-de-verano-caralizate-con-nuestras-actividades-gratuitas\/#breadcrumb"},"inLanguage":"es-PE","potentialAction":[{"@type":"ReadAction","target":["https:\/\/zonacaral.gob.pe\/noticias\/talleres-de-verano-caralizate-con-nuestras-actividades-gratuitas\/"]}]},{"@type":"ImageObject","inLanguage":"es-PE","@id":"https:\/\/zonacaral.gob.pe\/noticias\/talleres-de-verano-caralizate-con-nuestras-actividades-gratuitas\/#primaryimage","url":"https:\/\/zonacaral.gob.pe\/wp-content\/uploads\/2026\/01\/talleres-verano.jpg","contentUrl":"https:\/\/zonacaral.gob.pe\/wp-content\/uploads\/2026\/01\/talleres-verano.jpg","width":1920,"height":1080},{"@type":"BreadcrumbList","@id":"https:\/\/zonacaral.gob.pe\/noticias\/talleres-de-verano-caralizate-con-nuestras-actividades-gratuitas\/#breadcrumb","itemListElement":[{"@type":"ListItem","position":1,"name":"Portada","item":"https:\/\/zonacaral.gob.pe\/"},{"@type":"ListItem","position":2,"name":"Talleres de verano: \u201cCaral\u00edzate\u201d con nuestras actividades gratuitas"}]},{"@type":"WebSite","@id":"https:\/\/zonacaral.gob.pe\/es\/#website","url":"https:\/\/zonacaral.gob.pe\/es\/","name":"Zona Caral","description":"Investigamos, conservamos y difundimos el patrimonio cultural de la Civilizaci\u00f3n Caral, la m\u00e1s antigua de Am\u00e9rica.","potentialAction":[{"@type":"SearchAction","target":{"@type":"EntryPoint","urlTemplate":"https:\/\/zonacaral.gob.pe\/es\/?s={search_term_string}"},"query-input":{"@type":"PropertyValueSpecification","valueRequired":true,"valueName":"search_term_string"}}],"inLanguage":"es-PE"},{"@type":"Person","@id":"https:\/\/zonacaral.gob.pe\/es\/#\/schema\/person\/beddb4d22f71a7230c5b90913270a0ee","name":"Zona Caral Administrador","image":{"@type":"ImageObject","inLanguage":"es-PE","@id":"https:\/\/secure.gravatar.com\/avatar\/e4be162918a696358376de6446614e0f0f4062bdc5d170d6d540ada3d8b58c12?s=96&d=mm&r=g","url":"https:\/\/secure.gravatar.com\/avatar\/e4be162918a696358376de6446614e0f0f4062bdc5d170d6d540ada3d8b58c12?s=96&d=mm&r=g","contentUrl":"https:\/\/secure.gravatar.com\/avatar\/e4be162918a696358376de6446614e0f0f4062bdc5d170d6d540ada3d8b58c12?s=96&d=mm&r=g","caption":"Zona Caral Administrador"},"sameAs":["https:\/\/zonacaral.gob.pe"],"url":"https:\/\/zonacaral.gob.pe\/es\/noticias\/author\/ad_zonacaral\/"}]}},"_links":{"self":[{"href":"https:\/\/zonacaral.gob.pe\/es\/wp-json\/wp\/v2\/posts\/18748","targetHints":{"allow":["GET"]}}],"collection":[{"href":"https:\/\/zonacaral.gob.pe\/es\/wp-json\/wp\/v2\/posts"}],"about":[{"href":"https:\/\/zonacaral.gob.pe\/es\/wp-json\/wp\/v2\/types\/post"}],"author":[{"embeddable":true,"href":"https:\/\/zonacaral.gob.pe\/es\/wp-json\/wp\/v2\/users\/1"}],"replies":[{"embeddable":true,"href":"https:\/\/zonacaral.gob.pe\/es\/wp-json\/wp\/v2\/comments?post=18748"}],"version-history":[{"count":0,"href":"https:\/\/zonacaral.gob.pe\/es\/wp-json\/wp\/v2\/posts\/18748\/revisions"}],"wp:featuredmedia":[{"embeddable":true,"href":"https:\/\/zonacaral.gob.pe\/es\/wp-json\/wp\/v2\/media\/18749"}],"wp:attachment":[{"href":"https:\/\/zonacaral.gob.pe\/es\/wp-json\/wp\/v2\/media?parent=18748"}],"wp:term":[{"taxonomy":"category","embeddable":true,"href":"https:\/\/zonacaral.gob.pe\/es\/wp-json\/wp\/v2\/categories?post=18748"},{"taxonomy":"post_tag","embeddable":true,"href":"https:\/\/zonacaral.gob.pe\/es\/wp-json\/wp\/v2\/tags?post=18748"}],"curies":[{"name":"wp","href":"https:\/\/api.w.org\/{rel}","templated":true}]}}