{"id":18751,"date":"2026-01-13T07:58:13","date_gmt":"2026-01-13T12:58:13","guid":{"rendered":"https:\/\/www.zonacaral.gob.pe\/?p=18751"},"modified":"2026-01-13T07:58:13","modified_gmt":"2026-01-13T12:58:13","slug":"penico-integra-el-ranking-internacional-de-grandes-hallazgos-arqueologicos-del-2025","status":"publish","type":"post","link":"https:\/\/zonacaral.gob.pe\/es\/noticias\/penico-integra-el-ranking-internacional-de-grandes-hallazgos-arqueologicos-del-2025\/","title":{"rendered":"Pe\u00f1ico integra el ranking internacional de grandes hallazgos arqueol\u00f3gicos del 2025"},"content":{"rendered":"<figure class=\"pic-autor\" style=\"color: #4d4d4d; text-align: justify;\"><\/figure>\n<div class=\"gmail_default\" style=\"text-align: justify;\">\n<blockquote>\n<p><em><span style=\"font-weight: 400;\">Un orgullo para el Per\u00fa.<\/span><\/em><\/p>\n<\/blockquote>\n<p><span style=\"font-weight: 400;\">El medio internacional griego, especializado en ciencia e historia, Greek Reporter, incluy\u00f3 a <\/span><a href=\"https:\/\/www.zonacaral.gob.pe\/ruta-caral\/penico.html\"><b>Pe\u00f1ico<\/b><\/a><span style=\"font-weight: 400;\"> \u2014denominada la \u201cCiudad de la Integraci\u00f3n Social\u201d del valle de Supe (1800\u20131500 a. C.)\u2014 en su listado de los hallazgos arqueol\u00f3gicos m\u00e1s significativos del a\u00f1o 2025. Este importante centro urbano se ubica en la provincia de Huaura, regi\u00f3n Lima \u2013 Per\u00fa.<\/span><\/p>\n<p><span style=\"font-weight: 400;\">En el art\u00edculo titulado <\/span><a href=\"https:\/\/greekreporter.com\/2025\/12\/22\/archaeological-discoveries-2025\/\"><b>\u201cThe Most Significant Archaeological Discoveries of 2025\u201d<\/b><\/a><span style=\"font-weight: 400;\">, el citado medio difunde un Top 5 de descubrimientos realizados entre Egipto, Belice y Per\u00fa, posicionando a nuestro pa\u00eds como un referente clave para comprender el desarrollo de las civilizaciones antiguas a nivel mundial.<\/span><\/p>\n<p><span style=\"font-weight: 400;\">\u201cInvestigadores de todo el mundo han desenterrado ciudades antiguas, tumbas reales y artefactos que est\u00e1n transformando nuestra comprensi\u00f3n de la historia. Algunos hallazgos ofrecen una visi\u00f3n de la vida cotidiana de las civilizaciones pasadas, mientras que otros revelan su ingenio, pr\u00e1cticas rituales y expresiones simb\u00f3licas. Desde Egipto hasta Am\u00e9rica, la arqueolog\u00eda contin\u00faa arrojando luz sobre la historia compartida de la humanidad\u201d, se\u00f1ala el medio en su publicaci\u00f3n.<\/span><\/p>\n<p><span style=\"font-weight: 400;\">La nota resalta los trabajos realizados en Pe\u00f1ico, donde se identificaron \u00e1reas residenciales, espacios p\u00fablicos y centros de intercambio que articulaban a las comunidades costeras y del interior del territorio que hoy conocemos como Per\u00fa. Las investigaciones en este sitio arqueol\u00f3gico son realizadas desde hace ocho a\u00f1os por la <\/span><a href=\"https:\/\/www.tiktok.com\/@caral_peru?lang=es\"><b>Zona Arqueol\u00f3gica Caral<\/b><\/a><span style=\"font-weight: 400;\"> (ZAC), Unidad Ejecutora 003 del Ministerio de Cultura, bajo la direcci\u00f3n de la <\/span><a href=\"https:\/\/www.youtube.com\/watch?v=eCHc2v9-jzM\"><b>doctora Ruth Shady Sol\u00eds<\/b><\/a><span style=\"font-weight: 400;\">.<\/span><\/p>\n<p><span style=\"font-weight: 400;\">Asimismo, se destaca el hallazgo de esculturas de arcilla que representan figuras humanas y animales, artefactos ceremoniales y collares elaborados con cuentas y conchas marinas. \u201cEstos descubrimientos evidencian una sociedad con una rica vida espiritual y cultural. La ciudad probablemente cumpli\u00f3 un rol central como centro ceremonial y comercial\u201d, subraya el texto.<\/span><\/p>\n<p><span style=\"font-weight: 400;\">De esta manera, la Zona Arqueol\u00f3gica Caral contin\u00faa contribuyendo a posicionar al Per\u00fa y a Am\u00e9rica como uno de los principales focos civilizatorios del mundo, donde, hace miles de a\u00f1os, se alcanz\u00f3 un notable desarrollo social y avances en ciencia y tecnolog\u00eda.<\/span><\/p>\n<p><b>Pe\u00f1ico, la ciudad de la integraci\u00f3n<\/b><\/p>\n<p><span style=\"font-weight: 400;\">Fundado hacia el a\u00f1o 1800 a. C., el centro urbano de Pe\u00f1ico fue construido a 600 metros sobre el nivel del mar, sobre una terraza geol\u00f3gica paralela al r\u00edo Supe y un gran cono de deyecci\u00f3n. Est\u00e1 rodeado por cerros que alcanzan los mil metros de altura. Sus constructores \u2014herederos de la tradici\u00f3n caralina\u2014 eligieron estrat\u00e9gicamente este emplazamiento para realzar la monumentalidad de sus edificaciones, protegerse de inundaciones y deslizamientos, y favorecer la interacci\u00f3n y el intercambio entre diversas poblaciones.\u00a0<\/span><\/p>\n<p><span style=\"font-weight: 400;\">Los investigadores de la ZAC plantean la hip\u00f3tesis de que, tras la p\u00e9rdida de prestigio de las primeras ciudades principales del valle de Supe, como la Ciudad Sagrada de Caral, los pobladores de Pe\u00f1ico continuaron participando activamente en las redes de interacci\u00f3n social y econ\u00f3mica consolidadas en \u00e9pocas anteriores. El prestigio alcanzado por esta sociedad, sumado a su rol como nodo de intercambio, estar\u00eda vinculado a la extracci\u00f3n y circulaci\u00f3n de hematita, mineral utilizado para producir pigmento rojo, de gran importancia simb\u00f3lica dentro de la cosmovisi\u00f3n andina.<\/span><\/p>\n<p><b>Otros importantes hallazgos arqueol\u00f3gicos del 2025, seg\u00fan Greek Reporter<\/b><\/p>\n<p><span style=\"font-weight: 400;\">Greek Reporter tambi\u00e9n resalta el descubrimiento de la tumba maya de Te\u2019 K\u2019ab Chaak, en Caracol (Belice). En este sitio, los profesionales dirigidos por la arque\u00f3loga Diane Chase identificaron la tumba de un antiguo gobernante maya, datada alrededor del a\u00f1o 350 d. C. El contexto funerario incluye ornamentos de jade, m\u00e1scaras ceremoniales y fragmentos de concha, que aportan valiosa informaci\u00f3n sobre las pr\u00e1cticas religiosas y pol\u00edticas de los primeros mayas.<\/span><\/p>\n<p><span style=\"font-weight: 400;\">Otro hallazgo destacado es el de un antiguo barco de recreo egipcio frente a la costa de Alejandr\u00eda. Aqu\u00ed arque\u00f3logos marinos del Instituto Europeo de Arqueolog\u00eda Subacu\u00e1tica (IEASM), bajo la direcci\u00f3n de Franck Goddio, descubrieron una embarcaci\u00f3n de aproximadamente 35 metros de eslora, que habr\u00eda pertenecido a la \u00e9lite egipcia durante el periodo romano. Las inscripciones griegas encontradas evidencian el intercambio cultural entre egipcios y griegos.<\/span><\/p>\n<p><span style=\"font-weight: 400;\">En Egipto tambi\u00e9n se resalta el descubrimiento de la tumba del Fara\u00f3n Tutmosis II, en el Valle de los Reyes, el primero de esta magnitud en d\u00e9cadas. Sus murales se conservan en un estado excepcional y representan rituales funerarios y simbolismo divino. Los artefactos hallados \u2014joyas y objetos ceremoniales\u2014 brindan informaci\u00f3n clave sobre la riqueza y el estatus de los gobernantes de las antiguas dinast\u00edas.<\/span><\/p>\n<p><span style=\"font-weight: 400;\">Finalmente, se menciona el hallazgo de una fortaleza del Imperio Nuevo en la pen\u00ednsula del Sina\u00ed. Un equipo dirigido por el arque\u00f3logo Hesham Hussein descubri\u00f3 esta imponente estructura, datada hace aproximadamente 3400 a\u00f1os, que cuenta con gruesos muros, torres y c\u00e1maras internas. Los investigadores James K. Hoffmeier y Stephen O. Moshier se\u00f1alan que la fortaleza habr\u00eda sido dise\u00f1ada para proteger las rutas comerciales y asegurar las fronteras del imperio, evidenciando la fuerte inversi\u00f3n egipcia en infraestructura militar durante el apogeo del poder fara\u00f3nico.<\/span><\/p>\n<p><i><span style=\"font-weight: 400;\">Mantente informado sobre las actividades de la Zona Arqueol\u00f3gica Caral, s\u00edguenos en <\/span><\/i><a href=\"https:\/\/www.instagram.com\/caralperu\/?hl=es\"><i><span style=\"font-weight: 400;\">Instagram<\/span><\/i><\/a><i><span style=\"font-weight: 400;\">, <\/span><\/i><a href=\"https:\/\/www.tiktok.com\/@caral_peru?lang=es\"><i><span style=\"font-weight: 400;\">Tik Tok<\/span><\/i><\/a><i><span style=\"font-weight: 400;\">, <\/span><\/i><a href=\"https:\/\/www.facebook.com\/CARALPERU\/\"><i><span style=\"font-weight: 400;\">Facebook<\/span><\/i><\/a><i><span style=\"font-weight: 400;\">, <\/span><\/i><a href=\"https:\/\/x.com\/Peru_Caral\"><i><span style=\"font-weight: 400;\">X<\/span><\/i><\/a><i><span style=\"font-weight: 400;\">, <\/span><\/i><a href=\"https:\/\/www.youtube.com\/PeruCaral\"><i><span style=\"font-weight: 400;\">YouTube<\/span><\/i><\/a><i><span style=\"font-weight: 400;\"> y en nuestro canal oficial de <\/span><\/i><a href=\"https:\/\/t.me\/Caral_Peru\"><i><span style=\"font-weight: 400;\">Telegram<\/span><\/i><\/a><i><span style=\"font-weight: 400;\">.<\/span><\/i><\/p>\n<p><strong style=\"font-size: inherit; text-align: justify;\">Fuente: Comunicaci\u00f3n e Imagen Institucional ZAC<\/strong><\/p>\n<\/div>\n<div style=\"color: #1f1f1f;\">\n<div style=\"color: #1f1f1f;\">\n<p style=\"text-align: justify;\">Fecha de publicaci\u00f3n: 13\/01\/2026<\/p>\n<\/div>\n<\/div>\n\n\n<p><\/p>\n\n\n\n<p><\/p>\n","protected":false},"excerpt":{"rendered":"<p>Un orgullo para el Per\u00fa. El medio internacional griego, especializado en ciencia e historia, Greek Reporter, incluy\u00f3 a Pe\u00f1ico \u2014denominada [&hellip;]<\/p>\n","protected":false},"author":1,"featured_media":18756,"comment_status":"closed","ping_status":"open","sticky":false,"template":"","format":"standard","meta":{"_acf_changed":false,"site-sidebar-layout":"default","site-content-layout":"","ast-site-content-layout":"default","site-content-style":"default","site-sidebar-style":"default","ast-global-header-display":"","ast-banner-title-visibility":"","ast-main-header-display":"","ast-hfb-above-header-display":"","ast-hfb-below-header-display":"","ast-hfb-mobile-header-display":"","site-post-title":"","ast-breadcrumbs-content":"","ast-featured-img":"","footer-sml-layout":"","ast-disable-related-posts":"","theme-transparent-header-meta":"","adv-header-id-meta":"","stick-header-meta":"","header-above-stick-meta":"","header-main-stick-meta":"","header-below-stick-meta":"","astra-migrate-meta-layouts":"default","ast-page-background-enabled":"default","ast-page-background-meta":{"desktop":{"background-color":"var(--ast-global-color-5)","background-image":"","background-repeat":"repeat","background-position":"center center","background-size":"auto","background-attachment":"scroll","background-type":"","background-media":"","overlay-type":"","overlay-color":"","overlay-opacity":"","overlay-gradient":""},"tablet":{"background-color":"","background-image":"","background-repeat":"repeat","background-position":"center center","background-size":"auto","background-attachment":"scroll","background-type":"","background-media":"","overlay-type":"","overlay-color":"","overlay-opacity":"","overlay-gradient":""},"mobile":{"background-color":"","background-image":"","background-repeat":"repeat","background-position":"center center","background-size":"auto","background-attachment":"scroll","background-type":"","background-media":"","overlay-type":"","overlay-color":"","overlay-opacity":"","overlay-gradient":""}},"ast-content-background-meta":{"desktop":{"background-color":"var(--ast-global-color-4)","background-image":"","background-repeat":"repeat","background-position":"center center","background-size":"auto","background-attachment":"scroll","background-type":"","background-media":"","overlay-type":"","overlay-color":"","overlay-opacity":"","overlay-gradient":""},"tablet":{"background-color":"var(--ast-global-color-4)","background-image":"","background-repeat":"repeat","background-position":"center center","background-size":"auto","background-attachment":"scroll","background-type":"","background-media":"","overlay-type":"","overlay-color":"","overlay-opacity":"","overlay-gradient":""},"mobile":{"background-color":"var(--ast-global-color-4)","background-image":"","background-repeat":"repeat","background-position":"center center","background-size":"auto","background-attachment":"scroll","background-type":"","background-media":"","overlay-type":"","overlay-color":"","overlay-opacity":"","overlay-gradient":""}},"footnotes":""},"categories":[208],"tags":[55,72],"class_list":["post-18751","post","type-post","status-publish","format-standard","has-post-thumbnail","hentry","category-noticias","tag-caral","tag-cultura"],"acf":[],"yoast_head":"<!-- This site is optimized with the Yoast SEO plugin v27.3 - https:\/\/yoast.com\/product\/yoast-seo-wordpress\/ -->\n<title>Pe\u00f1ico integra el ranking internacional de grandes hallazgos arqueol\u00f3gicos del 2025<\/title>\n<meta name=\"description\" content=\"El medio internacional griego, especializado en ciencia e historia, Greek Reporter, incluy\u00f3 a Pe\u00f1ico \u2014denominada la \u201cCiudad de la Integraci\u00f3n Social\u201d del valle de Supe (1800\u20131500 a. C.)\u2014 en su listado de los hallazgos arqueol\u00f3gicos m\u00e1s significativos del a\u00f1o 2025. Este importante centro urbano se ubica en la provincia de Huaura, regi\u00f3n Lima \u2013 Per\u00fa.\" \/>\n<meta name=\"robots\" content=\"index, follow, max-snippet:-1, max-image-preview:large, max-video-preview:-1\" \/>\n<link rel=\"canonical\" href=\"https:\/\/zonacaral.gob.pe\/es\/noticias\/penico-integra-el-ranking-internacional-de-grandes-hallazgos-arqueologicos-del-2025\/\" \/>\n<meta property=\"og:locale\" content=\"es_ES\" \/>\n<meta property=\"og:type\" content=\"article\" \/>\n<meta property=\"og:title\" content=\"Pe\u00f1ico integra el ranking internacional de grandes hallazgos arqueol\u00f3gicos del 2025\" \/>\n<meta property=\"og:description\" content=\"El medio internacional griego, especializado en ciencia e historia, Greek Reporter, incluy\u00f3 a Pe\u00f1ico \u2014denominada la \u201cCiudad de la Integraci\u00f3n Social\u201d del valle de Supe (1800\u20131500 a. C.)\u2014 en su listado de los hallazgos arqueol\u00f3gicos m\u00e1s significativos del a\u00f1o 2025. Este importante centro urbano se ubica en la provincia de Huaura, regi\u00f3n Lima \u2013 Per\u00fa.\" \/>\n<meta property=\"og:url\" content=\"https:\/\/zonacaral.gob.pe\/es\/noticias\/penico-integra-el-ranking-internacional-de-grandes-hallazgos-arqueologicos-del-2025\/\" \/>\n<meta property=\"og:site_name\" content=\"Zona Caral\" \/>\n<meta property=\"article:published_time\" content=\"2026-01-13T12:58:13+00:00\" \/>\n<meta property=\"og:image\" content=\"https:\/\/zonacaral.gob.pe\/wp-content\/uploads\/2026\/01\/pe1.jpg\" \/>\n\t<meta property=\"og:image:width\" content=\"1920\" \/>\n\t<meta property=\"og:image:height\" content=\"1080\" \/>\n\t<meta property=\"og:image:type\" content=\"image\/jpeg\" \/>\n<meta name=\"author\" content=\"Zona Caral Administrador\" \/>\n<meta name=\"twitter:card\" content=\"summary_large_image\" \/>\n<meta name=\"twitter:label1\" content=\"Written by\" \/>\n\t<meta name=\"twitter:data1\" content=\"Zona Caral Administrador\" \/>\n\t<meta name=\"twitter:label2\" content=\"Est. reading time\" \/>\n\t<meta name=\"twitter:data2\" content=\"5 minutos\" \/>\n<script type=\"application\/ld+json\" class=\"yoast-schema-graph\">{\"@context\":\"https:\\\/\\\/schema.org\",\"@graph\":[{\"@type\":\"Article\",\"@id\":\"https:\\\/\\\/zonacaral.gob.pe\\\/noticias\\\/penico-integra-el-ranking-internacional-de-grandes-hallazgos-arqueologicos-del-2025\\\/#article\",\"isPartOf\":{\"@id\":\"https:\\\/\\\/zonacaral.gob.pe\\\/noticias\\\/penico-integra-el-ranking-internacional-de-grandes-hallazgos-arqueologicos-del-2025\\\/\"},\"author\":{\"name\":\"Zona Caral Administrador\",\"@id\":\"https:\\\/\\\/zonacaral.gob.pe\\\/es\\\/#\\\/schema\\\/person\\\/beddb4d22f71a7230c5b90913270a0ee\"},\"headline\":\"Pe\u00f1ico integra el ranking internacional de grandes hallazgos arqueol\u00f3gicos del 2025\",\"datePublished\":\"2026-01-13T12:58:13+00:00\",\"mainEntityOfPage\":{\"@id\":\"https:\\\/\\\/zonacaral.gob.pe\\\/noticias\\\/penico-integra-el-ranking-internacional-de-grandes-hallazgos-arqueologicos-del-2025\\\/\"},\"wordCount\":920,\"image\":{\"@id\":\"https:\\\/\\\/zonacaral.gob.pe\\\/noticias\\\/penico-integra-el-ranking-internacional-de-grandes-hallazgos-arqueologicos-del-2025\\\/#primaryimage\"},\"thumbnailUrl\":\"https:\\\/\\\/zonacaral.gob.pe\\\/wp-content\\\/uploads\\\/2026\\\/01\\\/pe1.jpg\",\"keywords\":[\"caral\",\"Cultura\"],\"articleSection\":[\"noticias\"],\"inLanguage\":\"es-PE\"},{\"@type\":\"WebPage\",\"@id\":\"https:\\\/\\\/zonacaral.gob.pe\\\/noticias\\\/penico-integra-el-ranking-internacional-de-grandes-hallazgos-arqueologicos-del-2025\\\/\",\"url\":\"https:\\\/\\\/zonacaral.gob.pe\\\/noticias\\\/penico-integra-el-ranking-internacional-de-grandes-hallazgos-arqueologicos-del-2025\\\/\",\"name\":\"Pe\u00f1ico integra el ranking internacional de grandes hallazgos arqueol\u00f3gicos del 2025\",\"isPartOf\":{\"@id\":\"https:\\\/\\\/zonacaral.gob.pe\\\/es\\\/#website\"},\"primaryImageOfPage\":{\"@id\":\"https:\\\/\\\/zonacaral.gob.pe\\\/noticias\\\/penico-integra-el-ranking-internacional-de-grandes-hallazgos-arqueologicos-del-2025\\\/#primaryimage\"},\"image\":{\"@id\":\"https:\\\/\\\/zonacaral.gob.pe\\\/noticias\\\/penico-integra-el-ranking-internacional-de-grandes-hallazgos-arqueologicos-del-2025\\\/#primaryimage\"},\"thumbnailUrl\":\"https:\\\/\\\/zonacaral.gob.pe\\\/wp-content\\\/uploads\\\/2026\\\/01\\\/pe1.jpg\",\"datePublished\":\"2026-01-13T12:58:13+00:00\",\"author\":{\"@id\":\"https:\\\/\\\/zonacaral.gob.pe\\\/es\\\/#\\\/schema\\\/person\\\/beddb4d22f71a7230c5b90913270a0ee\"},\"description\":\"El medio internacional griego, especializado en ciencia e historia, Greek Reporter, incluy\u00f3 a Pe\u00f1ico \u2014denominada la \u201cCiudad de la Integraci\u00f3n Social\u201d del valle de Supe (1800\u20131500 a. C.)\u2014 en su listado de los hallazgos arqueol\u00f3gicos m\u00e1s significativos del a\u00f1o 2025. Este importante centro urbano se ubica en la provincia de Huaura, regi\u00f3n Lima \u2013 Per\u00fa.\",\"breadcrumb\":{\"@id\":\"https:\\\/\\\/zonacaral.gob.pe\\\/noticias\\\/penico-integra-el-ranking-internacional-de-grandes-hallazgos-arqueologicos-del-2025\\\/#breadcrumb\"},\"inLanguage\":\"es-PE\",\"potentialAction\":[{\"@type\":\"ReadAction\",\"target\":[\"https:\\\/\\\/zonacaral.gob.pe\\\/noticias\\\/penico-integra-el-ranking-internacional-de-grandes-hallazgos-arqueologicos-del-2025\\\/\"]}]},{\"@type\":\"ImageObject\",\"inLanguage\":\"es-PE\",\"@id\":\"https:\\\/\\\/zonacaral.gob.pe\\\/noticias\\\/penico-integra-el-ranking-internacional-de-grandes-hallazgos-arqueologicos-del-2025\\\/#primaryimage\",\"url\":\"https:\\\/\\\/zonacaral.gob.pe\\\/wp-content\\\/uploads\\\/2026\\\/01\\\/pe1.jpg\",\"contentUrl\":\"https:\\\/\\\/zonacaral.gob.pe\\\/wp-content\\\/uploads\\\/2026\\\/01\\\/pe1.jpg\",\"width\":1920,\"height\":1080},{\"@type\":\"BreadcrumbList\",\"@id\":\"https:\\\/\\\/zonacaral.gob.pe\\\/noticias\\\/penico-integra-el-ranking-internacional-de-grandes-hallazgos-arqueologicos-del-2025\\\/#breadcrumb\",\"itemListElement\":[{\"@type\":\"ListItem\",\"position\":1,\"name\":\"Portada\",\"item\":\"https:\\\/\\\/zonacaral.gob.pe\\\/\"},{\"@type\":\"ListItem\",\"position\":2,\"name\":\"Pe\u00f1ico integra el ranking internacional de grandes hallazgos arqueol\u00f3gicos del 2025\"}]},{\"@type\":\"WebSite\",\"@id\":\"https:\\\/\\\/zonacaral.gob.pe\\\/es\\\/#website\",\"url\":\"https:\\\/\\\/zonacaral.gob.pe\\\/es\\\/\",\"name\":\"Zona Caral\",\"description\":\"Investigamos, conservamos y difundimos el patrimonio cultural de la Civilizaci\u00f3n Caral, la m\u00e1s antigua de Am\u00e9rica.\",\"potentialAction\":[{\"@type\":\"SearchAction\",\"target\":{\"@type\":\"EntryPoint\",\"urlTemplate\":\"https:\\\/\\\/zonacaral.gob.pe\\\/es\\\/?s={search_term_string}\"},\"query-input\":{\"@type\":\"PropertyValueSpecification\",\"valueRequired\":true,\"valueName\":\"search_term_string\"}}],\"inLanguage\":\"es-PE\"},{\"@type\":\"Person\",\"@id\":\"https:\\\/\\\/zonacaral.gob.pe\\\/es\\\/#\\\/schema\\\/person\\\/beddb4d22f71a7230c5b90913270a0ee\",\"name\":\"Zona Caral Administrador\",\"image\":{\"@type\":\"ImageObject\",\"inLanguage\":\"es-PE\",\"@id\":\"https:\\\/\\\/secure.gravatar.com\\\/avatar\\\/e4be162918a696358376de6446614e0f0f4062bdc5d170d6d540ada3d8b58c12?s=96&d=mm&r=g\",\"url\":\"https:\\\/\\\/secure.gravatar.com\\\/avatar\\\/e4be162918a696358376de6446614e0f0f4062bdc5d170d6d540ada3d8b58c12?s=96&d=mm&r=g\",\"contentUrl\":\"https:\\\/\\\/secure.gravatar.com\\\/avatar\\\/e4be162918a696358376de6446614e0f0f4062bdc5d170d6d540ada3d8b58c12?s=96&d=mm&r=g\",\"caption\":\"Zona Caral Administrador\"},\"sameAs\":[\"https:\\\/\\\/zonacaral.gob.pe\"],\"url\":\"https:\\\/\\\/zonacaral.gob.pe\\\/es\\\/noticias\\\/author\\\/ad_zonacaral\\\/\"}]}<\/script>\n<!-- \/ Yoast SEO plugin. -->","yoast_head_json":{"title":"Pe\u00f1ico integra el ranking internacional de grandes hallazgos arqueol\u00f3gicos del 2025","description":"El medio internacional griego, especializado en ciencia e historia, Greek Reporter, incluy\u00f3 a Pe\u00f1ico \u2014denominada la \u201cCiudad de la Integraci\u00f3n Social\u201d del valle de Supe (1800\u20131500 a. C.)\u2014 en su listado de los hallazgos arqueol\u00f3gicos m\u00e1s significativos del a\u00f1o 2025. Este importante centro urbano se ubica en la provincia de Huaura, regi\u00f3n Lima \u2013 Per\u00fa.","robots":{"index":"index","follow":"follow","max-snippet":"max-snippet:-1","max-image-preview":"max-image-preview:large","max-video-preview":"max-video-preview:-1"},"canonical":"https:\/\/zonacaral.gob.pe\/es\/noticias\/penico-integra-el-ranking-internacional-de-grandes-hallazgos-arqueologicos-del-2025\/","og_locale":"es_ES","og_type":"article","og_title":"Pe\u00f1ico integra el ranking internacional de grandes hallazgos arqueol\u00f3gicos del 2025","og_description":"El medio internacional griego, especializado en ciencia e historia, Greek Reporter, incluy\u00f3 a Pe\u00f1ico \u2014denominada la \u201cCiudad de la Integraci\u00f3n Social\u201d del valle de Supe (1800\u20131500 a. C.)\u2014 en su listado de los hallazgos arqueol\u00f3gicos m\u00e1s significativos del a\u00f1o 2025. Este importante centro urbano se ubica en la provincia de Huaura, regi\u00f3n Lima \u2013 Per\u00fa.","og_url":"https:\/\/zonacaral.gob.pe\/es\/noticias\/penico-integra-el-ranking-internacional-de-grandes-hallazgos-arqueologicos-del-2025\/","og_site_name":"Zona Caral","article_published_time":"2026-01-13T12:58:13+00:00","og_image":[{"width":1920,"height":1080,"url":"https:\/\/zonacaral.gob.pe\/wp-content\/uploads\/2026\/01\/pe1.jpg","type":"image\/jpeg"}],"author":"Zona Caral Administrador","twitter_card":"summary_large_image","twitter_misc":{"Written by":"Zona Caral Administrador","Est. reading time":"5 minutos"},"schema":{"@context":"https:\/\/schema.org","@graph":[{"@type":"Article","@id":"https:\/\/zonacaral.gob.pe\/noticias\/penico-integra-el-ranking-internacional-de-grandes-hallazgos-arqueologicos-del-2025\/#article","isPartOf":{"@id":"https:\/\/zonacaral.gob.pe\/noticias\/penico-integra-el-ranking-internacional-de-grandes-hallazgos-arqueologicos-del-2025\/"},"author":{"name":"Zona Caral Administrador","@id":"https:\/\/zonacaral.gob.pe\/es\/#\/schema\/person\/beddb4d22f71a7230c5b90913270a0ee"},"headline":"Pe\u00f1ico integra el ranking internacional de grandes hallazgos arqueol\u00f3gicos del 2025","datePublished":"2026-01-13T12:58:13+00:00","mainEntityOfPage":{"@id":"https:\/\/zonacaral.gob.pe\/noticias\/penico-integra-el-ranking-internacional-de-grandes-hallazgos-arqueologicos-del-2025\/"},"wordCount":920,"image":{"@id":"https:\/\/zonacaral.gob.pe\/noticias\/penico-integra-el-ranking-internacional-de-grandes-hallazgos-arqueologicos-del-2025\/#primaryimage"},"thumbnailUrl":"https:\/\/zonacaral.gob.pe\/wp-content\/uploads\/2026\/01\/pe1.jpg","keywords":["caral","Cultura"],"articleSection":["noticias"],"inLanguage":"es-PE"},{"@type":"WebPage","@id":"https:\/\/zonacaral.gob.pe\/noticias\/penico-integra-el-ranking-internacional-de-grandes-hallazgos-arqueologicos-del-2025\/","url":"https:\/\/zonacaral.gob.pe\/noticias\/penico-integra-el-ranking-internacional-de-grandes-hallazgos-arqueologicos-del-2025\/","name":"Pe\u00f1ico integra el ranking internacional de grandes hallazgos arqueol\u00f3gicos del 2025","isPartOf":{"@id":"https:\/\/zonacaral.gob.pe\/es\/#website"},"primaryImageOfPage":{"@id":"https:\/\/zonacaral.gob.pe\/noticias\/penico-integra-el-ranking-internacional-de-grandes-hallazgos-arqueologicos-del-2025\/#primaryimage"},"image":{"@id":"https:\/\/zonacaral.gob.pe\/noticias\/penico-integra-el-ranking-internacional-de-grandes-hallazgos-arqueologicos-del-2025\/#primaryimage"},"thumbnailUrl":"https:\/\/zonacaral.gob.pe\/wp-content\/uploads\/2026\/01\/pe1.jpg","datePublished":"2026-01-13T12:58:13+00:00","author":{"@id":"https:\/\/zonacaral.gob.pe\/es\/#\/schema\/person\/beddb4d22f71a7230c5b90913270a0ee"},"description":"El medio internacional griego, especializado en ciencia e historia, Greek Reporter, incluy\u00f3 a Pe\u00f1ico \u2014denominada la \u201cCiudad de la Integraci\u00f3n Social\u201d del valle de Supe (1800\u20131500 a. C.)\u2014 en su listado de los hallazgos arqueol\u00f3gicos m\u00e1s significativos del a\u00f1o 2025. Este importante centro urbano se ubica en la provincia de Huaura, regi\u00f3n Lima \u2013 Per\u00fa.","breadcrumb":{"@id":"https:\/\/zonacaral.gob.pe\/noticias\/penico-integra-el-ranking-internacional-de-grandes-hallazgos-arqueologicos-del-2025\/#breadcrumb"},"inLanguage":"es-PE","potentialAction":[{"@type":"ReadAction","target":["https:\/\/zonacaral.gob.pe\/noticias\/penico-integra-el-ranking-internacional-de-grandes-hallazgos-arqueologicos-del-2025\/"]}]},{"@type":"ImageObject","inLanguage":"es-PE","@id":"https:\/\/zonacaral.gob.pe\/noticias\/penico-integra-el-ranking-internacional-de-grandes-hallazgos-arqueologicos-del-2025\/#primaryimage","url":"https:\/\/zonacaral.gob.pe\/wp-content\/uploads\/2026\/01\/pe1.jpg","contentUrl":"https:\/\/zonacaral.gob.pe\/wp-content\/uploads\/2026\/01\/pe1.jpg","width":1920,"height":1080},{"@type":"BreadcrumbList","@id":"https:\/\/zonacaral.gob.pe\/noticias\/penico-integra-el-ranking-internacional-de-grandes-hallazgos-arqueologicos-del-2025\/#breadcrumb","itemListElement":[{"@type":"ListItem","position":1,"name":"Portada","item":"https:\/\/zonacaral.gob.pe\/"},{"@type":"ListItem","position":2,"name":"Pe\u00f1ico integra el ranking internacional de grandes hallazgos arqueol\u00f3gicos del 2025"}]},{"@type":"WebSite","@id":"https:\/\/zonacaral.gob.pe\/es\/#website","url":"https:\/\/zonacaral.gob.pe\/es\/","name":"Zona Caral","description":"Investigamos, conservamos y difundimos el patrimonio cultural de la Civilizaci\u00f3n Caral, la m\u00e1s antigua de Am\u00e9rica.","potentialAction":[{"@type":"SearchAction","target":{"@type":"EntryPoint","urlTemplate":"https:\/\/zonacaral.gob.pe\/es\/?s={search_term_string}"},"query-input":{"@type":"PropertyValueSpecification","valueRequired":true,"valueName":"search_term_string"}}],"inLanguage":"es-PE"},{"@type":"Person","@id":"https:\/\/zonacaral.gob.pe\/es\/#\/schema\/person\/beddb4d22f71a7230c5b90913270a0ee","name":"Zona Caral Administrador","image":{"@type":"ImageObject","inLanguage":"es-PE","@id":"https:\/\/secure.gravatar.com\/avatar\/e4be162918a696358376de6446614e0f0f4062bdc5d170d6d540ada3d8b58c12?s=96&d=mm&r=g","url":"https:\/\/secure.gravatar.com\/avatar\/e4be162918a696358376de6446614e0f0f4062bdc5d170d6d540ada3d8b58c12?s=96&d=mm&r=g","contentUrl":"https:\/\/secure.gravatar.com\/avatar\/e4be162918a696358376de6446614e0f0f4062bdc5d170d6d540ada3d8b58c12?s=96&d=mm&r=g","caption":"Zona Caral Administrador"},"sameAs":["https:\/\/zonacaral.gob.pe"],"url":"https:\/\/zonacaral.gob.pe\/es\/noticias\/author\/ad_zonacaral\/"}]}},"_links":{"self":[{"href":"https:\/\/zonacaral.gob.pe\/es\/wp-json\/wp\/v2\/posts\/18751","targetHints":{"allow":["GET"]}}],"collection":[{"href":"https:\/\/zonacaral.gob.pe\/es\/wp-json\/wp\/v2\/posts"}],"about":[{"href":"https:\/\/zonacaral.gob.pe\/es\/wp-json\/wp\/v2\/types\/post"}],"author":[{"embeddable":true,"href":"https:\/\/zonacaral.gob.pe\/es\/wp-json\/wp\/v2\/users\/1"}],"replies":[{"embeddable":true,"href":"https:\/\/zonacaral.gob.pe\/es\/wp-json\/wp\/v2\/comments?post=18751"}],"version-history":[{"count":0,"href":"https:\/\/zonacaral.gob.pe\/es\/wp-json\/wp\/v2\/posts\/18751\/revisions"}],"wp:featuredmedia":[{"embeddable":true,"href":"https:\/\/zonacaral.gob.pe\/es\/wp-json\/wp\/v2\/media\/18756"}],"wp:attachment":[{"href":"https:\/\/zonacaral.gob.pe\/es\/wp-json\/wp\/v2\/media?parent=18751"}],"wp:term":[{"taxonomy":"category","embeddable":true,"href":"https:\/\/zonacaral.gob.pe\/es\/wp-json\/wp\/v2\/categories?post=18751"},{"taxonomy":"post_tag","embeddable":true,"href":"https:\/\/zonacaral.gob.pe\/es\/wp-json\/wp\/v2\/tags?post=18751"}],"curies":[{"name":"wp","href":"https:\/\/api.w.org\/{rel}","templated":true}]}}