{"id":18754,"date":"2026-01-13T08:08:40","date_gmt":"2026-01-13T13:08:40","guid":{"rendered":"https:\/\/www.zonacaral.gob.pe\/?p=18754"},"modified":"2026-01-13T08:08:40","modified_gmt":"2026-01-13T13:08:40","slug":"sabias-que-en-el-callao-hay-una-exposicion-sobre-el-legado-maritimo-de-caral","status":"publish","type":"post","link":"https:\/\/zonacaral.gob.pe\/es\/noticias\/sabias-que-en-el-callao-hay-una-exposicion-sobre-el-legado-maritimo-de-caral\/","title":{"rendered":"\u00bfSab\u00edas que en el Callao hay una exposici\u00f3n sobre el legado mar\u00edtimo de Caral?"},"content":{"rendered":"<figure class=\"pic-autor\" style=\"color: #4d4d4d; text-align: justify;\"><\/figure>\n<div class=\"gmail_default\" style=\"text-align: justify;\">\n<blockquote>\n<p><em><span style=\"font-weight: 400;\">Herencia portuaria milenaria.<\/span><\/em><\/p>\n<\/blockquote>\n<p><span style=\"font-weight: 400;\">Aprovecha tu tiempo libre. La <\/span><a href=\"https:\/\/www.instagram.com\/caralperu\/?hl=es\"><b>Zona Arqueol\u00f3gica Caral<\/b><\/a><span style=\"font-weight: 400;\"> (ZAC), Unidad Ejecutora 003 del Ministerio de Cultura, y el Museo Naval de la Marina de Guerra del Per\u00fa, te invitan a conocer de manera gratuita la exposici\u00f3n <\/span><b>\u201cTecnolog\u00eda Pesquera y Seguridad Alimentaria. Herencia de la Civilizaci\u00f3n Caral\u201d, <\/b><span style=\"font-weight: 400;\">que estar\u00e1 abierta hasta el 8 de marzo.<\/span><\/p>\n<p><span style=\"font-weight: 400;\">La muestra se presenta en el Museo Naval del Callao, ubicado en la <\/span><a href=\"https:\/\/maps.app.goo.gl\/m9SL1j77ZwXD8H5p6\"><b>avenida Jorge Ch\u00e1vez n.\u00b0 123<\/b><\/a><b>, <\/b><span style=\"font-weight: 400;\">Centro Hist\u00f3rico del primer puerto del pa\u00eds &#8211; y podr\u00e1 visitarse de martes a domingo, de 9:00 a. m. a 4:00 p. m.<\/span><\/p>\n<p><span style=\"font-weight: 400;\">El recorrido exhibe una <\/span><b>valiosa colecci\u00f3n de piezas arqueol\u00f3gicas y evidencias de la avanzada tecnolog\u00eda pesquera <\/b><span style=\"font-weight: 400;\">desarrollada hace aproximadamente cinco mil a\u00f1os, entre ellas redes, anzuelos y diversos instrumentos utilizados para el aprovechamiento sostenible de los recursos marinos<\/span><b>. La mayor\u00eda de estos hallazgos proceden de \u00c1spero,<\/b><span style=\"font-weight: 400;\"> antigua ciudad pesquera perteneciente a la Civilizaci\u00f3n Caral.<\/span><\/p>\n<p><span style=\"font-weight: 400;\">La propuesta museogr\u00e1fica incorpora adem\u00e1s <\/span><b>recursos tecnol\u00f3gicos como pantallas interactivas y experiencias de realidad virtual y aumentada,<\/b><span style=\"font-weight: 400;\"> que permiten a los visitantes explorar de manera din\u00e1mica los conocimientos y pr\u00e1cticas de esta antigua sociedad.<\/span><\/p>\n<p><span style=\"font-weight: 400;\">Un eje central de la exposici\u00f3n es la alimentaci\u00f3n caralina, <\/span><b>caracterizada por el equilibrio entre productos marinos y agr\u00edcolas del valle,<\/b><span style=\"font-weight: 400;\"> modelo que evidencia una temprana noci\u00f3n de seguridad alimentaria y ofrece elementos de reflexi\u00f3n sobre los h\u00e1bitos alimenticios actuales.<\/span><\/p>\n<p><b>Datos adicionales<\/b><\/p>\n<p><span style=\"font-weight: 400;\">Durante el periodo de exhibici\u00f3n <\/span><b>se desarrollar\u00e1n los talleres educativos Caral para todos,<\/b><span style=\"font-weight: 400;\"> que ser\u00e1n difundidos a trav\u00e9s de las redes sociales oficiales de la Zona Arqueol\u00f3gica Caral. Asimismo, se brindar\u00e1 informaci\u00f3n sobre el programa <\/span><a href=\"https:\/\/www.zonacaral.gob.pe\/ruta-caral\/viajes-culturales.html\"><b>Viajes Culturales<\/b><\/a><span style=\"font-weight: 400;\"> para visitar los sitios arqueol\u00f3gicos de Caral. Informes al 955 881 340.<\/span><\/p>\n<p><span style=\"font-weight: 400;\">Conoce los talleres gratuitos de enero en este enlace:<\/span><a href=\"https:\/\/forms.gle\/8GRVJg2PLDWyBa5X6\"> <span style=\"font-weight: 400;\">TalleresCaralparaTodos<\/span><\/a><\/p>\n<p><strong style=\"font-size: inherit; text-align: justify;\">Fuente: Comunicaci\u00f3n e Imagen Institucional ZAC<\/strong><\/p>\n<\/div>\n<div style=\"color: #1f1f1f;\">\n<div style=\"color: #1f1f1f;\">\n<p style=\"text-align: justify;\">Fecha de publicaci\u00f3n: 13\/01\/2026<\/p>\n<\/div>\n<\/div>\n\n\n<p><\/p>\n\n\n\n<p><\/p>\n","protected":false},"excerpt":{"rendered":"<p>Herencia portuaria milenaria. Aprovecha tu tiempo libre. La Zona Arqueol\u00f3gica Caral (ZAC), Unidad Ejecutora 003 del Ministerio de Cultura, y [&hellip;]<\/p>\n","protected":false},"author":1,"featured_media":18762,"comment_status":"closed","ping_status":"open","sticky":false,"template":"","format":"standard","meta":{"_acf_changed":false,"site-sidebar-layout":"default","site-content-layout":"","ast-site-content-layout":"default","site-content-style":"default","site-sidebar-style":"default","ast-global-header-display":"","ast-banner-title-visibility":"","ast-main-header-display":"","ast-hfb-above-header-display":"","ast-hfb-below-header-display":"","ast-hfb-mobile-header-display":"","site-post-title":"","ast-breadcrumbs-content":"","ast-featured-img":"","footer-sml-layout":"","ast-disable-related-posts":"","theme-transparent-header-meta":"","adv-header-id-meta":"","stick-header-meta":"","header-above-stick-meta":"","header-main-stick-meta":"","header-below-stick-meta":"","astra-migrate-meta-layouts":"default","ast-page-background-enabled":"default","ast-page-background-meta":{"desktop":{"background-color":"var(--ast-global-color-5)","background-image":"","background-repeat":"repeat","background-position":"center center","background-size":"auto","background-attachment":"scroll","background-type":"","background-media":"","overlay-type":"","overlay-color":"","overlay-opacity":"","overlay-gradient":""},"tablet":{"background-color":"","background-image":"","background-repeat":"repeat","background-position":"center center","background-size":"auto","background-attachment":"scroll","background-type":"","background-media":"","overlay-type":"","overlay-color":"","overlay-opacity":"","overlay-gradient":""},"mobile":{"background-color":"","background-image":"","background-repeat":"repeat","background-position":"center center","background-size":"auto","background-attachment":"scroll","background-type":"","background-media":"","overlay-type":"","overlay-color":"","overlay-opacity":"","overlay-gradient":""}},"ast-content-background-meta":{"desktop":{"background-color":"var(--ast-global-color-4)","background-image":"","background-repeat":"repeat","background-position":"center center","background-size":"auto","background-attachment":"scroll","background-type":"","background-media":"","overlay-type":"","overlay-color":"","overlay-opacity":"","overlay-gradient":""},"tablet":{"background-color":"var(--ast-global-color-4)","background-image":"","background-repeat":"repeat","background-position":"center center","background-size":"auto","background-attachment":"scroll","background-type":"","background-media":"","overlay-type":"","overlay-color":"","overlay-opacity":"","overlay-gradient":""},"mobile":{"background-color":"var(--ast-global-color-4)","background-image":"","background-repeat":"repeat","background-position":"center center","background-size":"auto","background-attachment":"scroll","background-type":"","background-media":"","overlay-type":"","overlay-color":"","overlay-opacity":"","overlay-gradient":""}},"footnotes":""},"categories":[208],"tags":[55,72],"class_list":["post-18754","post","type-post","status-publish","format-standard","has-post-thumbnail","hentry","category-noticias","tag-caral","tag-cultura"],"acf":[],"yoast_head":"<!-- This site is optimized with the Yoast SEO plugin v27.3 - https:\/\/yoast.com\/product\/yoast-seo-wordpress\/ -->\n<title>\u00bfSab\u00edas que en el Callao hay una exposici\u00f3n sobre el legado mar\u00edtimo de Caral?<\/title>\n<meta name=\"description\" content=\"Aprovecha tu tiempo libre. La Zona Arqueol\u00f3gica Caral (ZAC), Unidad Ejecutora 003 del Ministerio de Cultura, y el Museo Naval de la Marina de Guerra del Per\u00fa, te invitan a conocer de manera gratuita la exposici\u00f3n \u201cTecnolog\u00eda Pesquera y Seguridad Alimentaria. Herencia de la Civilizaci\u00f3n Caral\u201d, que estar\u00e1 abierta hasta el 8 de marzo.\" \/>\n<meta name=\"robots\" content=\"index, follow, max-snippet:-1, max-image-preview:large, max-video-preview:-1\" \/>\n<link rel=\"canonical\" href=\"https:\/\/zonacaral.gob.pe\/es\/noticias\/sabias-que-en-el-callao-hay-una-exposicion-sobre-el-legado-maritimo-de-caral\/\" \/>\n<meta property=\"og:locale\" content=\"es_ES\" \/>\n<meta property=\"og:type\" content=\"article\" \/>\n<meta property=\"og:title\" content=\"\u00bfSab\u00edas que en el Callao hay una exposici\u00f3n sobre el legado mar\u00edtimo de Caral?\" \/>\n<meta property=\"og:description\" content=\"Aprovecha tu tiempo libre. La Zona Arqueol\u00f3gica Caral (ZAC), Unidad Ejecutora 003 del Ministerio de Cultura, y el Museo Naval de la Marina de Guerra del Per\u00fa, te invitan a conocer de manera gratuita la exposici\u00f3n \u201cTecnolog\u00eda Pesquera y Seguridad Alimentaria. Herencia de la Civilizaci\u00f3n Caral\u201d, que estar\u00e1 abierta hasta el 8 de marzo.\" \/>\n<meta property=\"og:url\" content=\"https:\/\/zonacaral.gob.pe\/es\/noticias\/sabias-que-en-el-callao-hay-una-exposicion-sobre-el-legado-maritimo-de-caral\/\" \/>\n<meta property=\"og:site_name\" content=\"Zona Caral\" \/>\n<meta property=\"article:published_time\" content=\"2026-01-13T13:08:40+00:00\" \/>\n<meta property=\"og:image\" content=\"https:\/\/zonacaral.gob.pe\/wp-content\/uploads\/2026\/01\/pescacallao1.jpg\" \/>\n\t<meta property=\"og:image:width\" content=\"1920\" \/>\n\t<meta property=\"og:image:height\" content=\"1080\" \/>\n\t<meta property=\"og:image:type\" content=\"image\/jpeg\" \/>\n<meta name=\"author\" content=\"Zona Caral Administrador\" \/>\n<meta name=\"twitter:card\" content=\"summary_large_image\" \/>\n<meta name=\"twitter:label1\" content=\"Written by\" \/>\n\t<meta name=\"twitter:data1\" content=\"Zona Caral Administrador\" \/>\n\t<meta name=\"twitter:label2\" content=\"Est. reading time\" \/>\n\t<meta name=\"twitter:data2\" content=\"2 minutos\" \/>\n<script type=\"application\/ld+json\" class=\"yoast-schema-graph\">{\"@context\":\"https:\\\/\\\/schema.org\",\"@graph\":[{\"@type\":\"Article\",\"@id\":\"https:\\\/\\\/zonacaral.gob.pe\\\/noticias\\\/sabias-que-en-el-callao-hay-una-exposicion-sobre-el-legado-maritimo-de-caral\\\/#article\",\"isPartOf\":{\"@id\":\"https:\\\/\\\/zonacaral.gob.pe\\\/noticias\\\/sabias-que-en-el-callao-hay-una-exposicion-sobre-el-legado-maritimo-de-caral\\\/\"},\"author\":{\"name\":\"Zona Caral Administrador\",\"@id\":\"https:\\\/\\\/zonacaral.gob.pe\\\/es\\\/#\\\/schema\\\/person\\\/beddb4d22f71a7230c5b90913270a0ee\"},\"headline\":\"\u00bfSab\u00edas que en el Callao hay una exposici\u00f3n sobre el legado mar\u00edtimo de Caral?\",\"datePublished\":\"2026-01-13T13:08:40+00:00\",\"mainEntityOfPage\":{\"@id\":\"https:\\\/\\\/zonacaral.gob.pe\\\/noticias\\\/sabias-que-en-el-callao-hay-una-exposicion-sobre-el-legado-maritimo-de-caral\\\/\"},\"wordCount\":338,\"image\":{\"@id\":\"https:\\\/\\\/zonacaral.gob.pe\\\/noticias\\\/sabias-que-en-el-callao-hay-una-exposicion-sobre-el-legado-maritimo-de-caral\\\/#primaryimage\"},\"thumbnailUrl\":\"https:\\\/\\\/zonacaral.gob.pe\\\/wp-content\\\/uploads\\\/2026\\\/01\\\/pescacallao1.jpg\",\"keywords\":[\"caral\",\"Cultura\"],\"articleSection\":[\"noticias\"],\"inLanguage\":\"es-PE\"},{\"@type\":\"WebPage\",\"@id\":\"https:\\\/\\\/zonacaral.gob.pe\\\/noticias\\\/sabias-que-en-el-callao-hay-una-exposicion-sobre-el-legado-maritimo-de-caral\\\/\",\"url\":\"https:\\\/\\\/zonacaral.gob.pe\\\/noticias\\\/sabias-que-en-el-callao-hay-una-exposicion-sobre-el-legado-maritimo-de-caral\\\/\",\"name\":\"\u00bfSab\u00edas que en el Callao hay una exposici\u00f3n sobre el legado mar\u00edtimo de Caral?\",\"isPartOf\":{\"@id\":\"https:\\\/\\\/zonacaral.gob.pe\\\/es\\\/#website\"},\"primaryImageOfPage\":{\"@id\":\"https:\\\/\\\/zonacaral.gob.pe\\\/noticias\\\/sabias-que-en-el-callao-hay-una-exposicion-sobre-el-legado-maritimo-de-caral\\\/#primaryimage\"},\"image\":{\"@id\":\"https:\\\/\\\/zonacaral.gob.pe\\\/noticias\\\/sabias-que-en-el-callao-hay-una-exposicion-sobre-el-legado-maritimo-de-caral\\\/#primaryimage\"},\"thumbnailUrl\":\"https:\\\/\\\/zonacaral.gob.pe\\\/wp-content\\\/uploads\\\/2026\\\/01\\\/pescacallao1.jpg\",\"datePublished\":\"2026-01-13T13:08:40+00:00\",\"author\":{\"@id\":\"https:\\\/\\\/zonacaral.gob.pe\\\/es\\\/#\\\/schema\\\/person\\\/beddb4d22f71a7230c5b90913270a0ee\"},\"description\":\"Aprovecha tu tiempo libre. La Zona Arqueol\u00f3gica Caral (ZAC), Unidad Ejecutora 003 del Ministerio de Cultura, y el Museo Naval de la Marina de Guerra del Per\u00fa, te invitan a conocer de manera gratuita la exposici\u00f3n \u201cTecnolog\u00eda Pesquera y Seguridad Alimentaria. Herencia de la Civilizaci\u00f3n Caral\u201d, que estar\u00e1 abierta hasta el 8 de marzo.\",\"breadcrumb\":{\"@id\":\"https:\\\/\\\/zonacaral.gob.pe\\\/noticias\\\/sabias-que-en-el-callao-hay-una-exposicion-sobre-el-legado-maritimo-de-caral\\\/#breadcrumb\"},\"inLanguage\":\"es-PE\",\"potentialAction\":[{\"@type\":\"ReadAction\",\"target\":[\"https:\\\/\\\/zonacaral.gob.pe\\\/noticias\\\/sabias-que-en-el-callao-hay-una-exposicion-sobre-el-legado-maritimo-de-caral\\\/\"]}]},{\"@type\":\"ImageObject\",\"inLanguage\":\"es-PE\",\"@id\":\"https:\\\/\\\/zonacaral.gob.pe\\\/noticias\\\/sabias-que-en-el-callao-hay-una-exposicion-sobre-el-legado-maritimo-de-caral\\\/#primaryimage\",\"url\":\"https:\\\/\\\/zonacaral.gob.pe\\\/wp-content\\\/uploads\\\/2026\\\/01\\\/pescacallao1.jpg\",\"contentUrl\":\"https:\\\/\\\/zonacaral.gob.pe\\\/wp-content\\\/uploads\\\/2026\\\/01\\\/pescacallao1.jpg\",\"width\":1920,\"height\":1080},{\"@type\":\"BreadcrumbList\",\"@id\":\"https:\\\/\\\/zonacaral.gob.pe\\\/noticias\\\/sabias-que-en-el-callao-hay-una-exposicion-sobre-el-legado-maritimo-de-caral\\\/#breadcrumb\",\"itemListElement\":[{\"@type\":\"ListItem\",\"position\":1,\"name\":\"Portada\",\"item\":\"https:\\\/\\\/zonacaral.gob.pe\\\/\"},{\"@type\":\"ListItem\",\"position\":2,\"name\":\"\u00bfSab\u00edas que en el Callao hay una exposici\u00f3n sobre el legado mar\u00edtimo de Caral?\"}]},{\"@type\":\"WebSite\",\"@id\":\"https:\\\/\\\/zonacaral.gob.pe\\\/es\\\/#website\",\"url\":\"https:\\\/\\\/zonacaral.gob.pe\\\/es\\\/\",\"name\":\"Zona Caral\",\"description\":\"Investigamos, conservamos y difundimos el patrimonio cultural de la Civilizaci\u00f3n Caral, la m\u00e1s antigua de Am\u00e9rica.\",\"potentialAction\":[{\"@type\":\"SearchAction\",\"target\":{\"@type\":\"EntryPoint\",\"urlTemplate\":\"https:\\\/\\\/zonacaral.gob.pe\\\/es\\\/?s={search_term_string}\"},\"query-input\":{\"@type\":\"PropertyValueSpecification\",\"valueRequired\":true,\"valueName\":\"search_term_string\"}}],\"inLanguage\":\"es-PE\"},{\"@type\":\"Person\",\"@id\":\"https:\\\/\\\/zonacaral.gob.pe\\\/es\\\/#\\\/schema\\\/person\\\/beddb4d22f71a7230c5b90913270a0ee\",\"name\":\"Zona Caral Administrador\",\"image\":{\"@type\":\"ImageObject\",\"inLanguage\":\"es-PE\",\"@id\":\"https:\\\/\\\/secure.gravatar.com\\\/avatar\\\/e4be162918a696358376de6446614e0f0f4062bdc5d170d6d540ada3d8b58c12?s=96&d=mm&r=g\",\"url\":\"https:\\\/\\\/secure.gravatar.com\\\/avatar\\\/e4be162918a696358376de6446614e0f0f4062bdc5d170d6d540ada3d8b58c12?s=96&d=mm&r=g\",\"contentUrl\":\"https:\\\/\\\/secure.gravatar.com\\\/avatar\\\/e4be162918a696358376de6446614e0f0f4062bdc5d170d6d540ada3d8b58c12?s=96&d=mm&r=g\",\"caption\":\"Zona Caral Administrador\"},\"sameAs\":[\"https:\\\/\\\/zonacaral.gob.pe\"],\"url\":\"https:\\\/\\\/zonacaral.gob.pe\\\/es\\\/noticias\\\/author\\\/ad_zonacaral\\\/\"}]}<\/script>\n<!-- \/ Yoast SEO plugin. -->","yoast_head_json":{"title":"\u00bfSab\u00edas que en el Callao hay una exposici\u00f3n sobre el legado mar\u00edtimo de Caral?","description":"Aprovecha tu tiempo libre. La Zona Arqueol\u00f3gica Caral (ZAC), Unidad Ejecutora 003 del Ministerio de Cultura, y el Museo Naval de la Marina de Guerra del Per\u00fa, te invitan a conocer de manera gratuita la exposici\u00f3n \u201cTecnolog\u00eda Pesquera y Seguridad Alimentaria. Herencia de la Civilizaci\u00f3n Caral\u201d, que estar\u00e1 abierta hasta el 8 de marzo.","robots":{"index":"index","follow":"follow","max-snippet":"max-snippet:-1","max-image-preview":"max-image-preview:large","max-video-preview":"max-video-preview:-1"},"canonical":"https:\/\/zonacaral.gob.pe\/es\/noticias\/sabias-que-en-el-callao-hay-una-exposicion-sobre-el-legado-maritimo-de-caral\/","og_locale":"es_ES","og_type":"article","og_title":"\u00bfSab\u00edas que en el Callao hay una exposici\u00f3n sobre el legado mar\u00edtimo de Caral?","og_description":"Aprovecha tu tiempo libre. La Zona Arqueol\u00f3gica Caral (ZAC), Unidad Ejecutora 003 del Ministerio de Cultura, y el Museo Naval de la Marina de Guerra del Per\u00fa, te invitan a conocer de manera gratuita la exposici\u00f3n \u201cTecnolog\u00eda Pesquera y Seguridad Alimentaria. Herencia de la Civilizaci\u00f3n Caral\u201d, que estar\u00e1 abierta hasta el 8 de marzo.","og_url":"https:\/\/zonacaral.gob.pe\/es\/noticias\/sabias-que-en-el-callao-hay-una-exposicion-sobre-el-legado-maritimo-de-caral\/","og_site_name":"Zona Caral","article_published_time":"2026-01-13T13:08:40+00:00","og_image":[{"width":1920,"height":1080,"url":"https:\/\/zonacaral.gob.pe\/wp-content\/uploads\/2026\/01\/pescacallao1.jpg","type":"image\/jpeg"}],"author":"Zona Caral Administrador","twitter_card":"summary_large_image","twitter_misc":{"Written by":"Zona Caral Administrador","Est. reading time":"2 minutos"},"schema":{"@context":"https:\/\/schema.org","@graph":[{"@type":"Article","@id":"https:\/\/zonacaral.gob.pe\/noticias\/sabias-que-en-el-callao-hay-una-exposicion-sobre-el-legado-maritimo-de-caral\/#article","isPartOf":{"@id":"https:\/\/zonacaral.gob.pe\/noticias\/sabias-que-en-el-callao-hay-una-exposicion-sobre-el-legado-maritimo-de-caral\/"},"author":{"name":"Zona Caral Administrador","@id":"https:\/\/zonacaral.gob.pe\/es\/#\/schema\/person\/beddb4d22f71a7230c5b90913270a0ee"},"headline":"\u00bfSab\u00edas que en el Callao hay una exposici\u00f3n sobre el legado mar\u00edtimo de Caral?","datePublished":"2026-01-13T13:08:40+00:00","mainEntityOfPage":{"@id":"https:\/\/zonacaral.gob.pe\/noticias\/sabias-que-en-el-callao-hay-una-exposicion-sobre-el-legado-maritimo-de-caral\/"},"wordCount":338,"image":{"@id":"https:\/\/zonacaral.gob.pe\/noticias\/sabias-que-en-el-callao-hay-una-exposicion-sobre-el-legado-maritimo-de-caral\/#primaryimage"},"thumbnailUrl":"https:\/\/zonacaral.gob.pe\/wp-content\/uploads\/2026\/01\/pescacallao1.jpg","keywords":["caral","Cultura"],"articleSection":["noticias"],"inLanguage":"es-PE"},{"@type":"WebPage","@id":"https:\/\/zonacaral.gob.pe\/noticias\/sabias-que-en-el-callao-hay-una-exposicion-sobre-el-legado-maritimo-de-caral\/","url":"https:\/\/zonacaral.gob.pe\/noticias\/sabias-que-en-el-callao-hay-una-exposicion-sobre-el-legado-maritimo-de-caral\/","name":"\u00bfSab\u00edas que en el Callao hay una exposici\u00f3n sobre el legado mar\u00edtimo de Caral?","isPartOf":{"@id":"https:\/\/zonacaral.gob.pe\/es\/#website"},"primaryImageOfPage":{"@id":"https:\/\/zonacaral.gob.pe\/noticias\/sabias-que-en-el-callao-hay-una-exposicion-sobre-el-legado-maritimo-de-caral\/#primaryimage"},"image":{"@id":"https:\/\/zonacaral.gob.pe\/noticias\/sabias-que-en-el-callao-hay-una-exposicion-sobre-el-legado-maritimo-de-caral\/#primaryimage"},"thumbnailUrl":"https:\/\/zonacaral.gob.pe\/wp-content\/uploads\/2026\/01\/pescacallao1.jpg","datePublished":"2026-01-13T13:08:40+00:00","author":{"@id":"https:\/\/zonacaral.gob.pe\/es\/#\/schema\/person\/beddb4d22f71a7230c5b90913270a0ee"},"description":"Aprovecha tu tiempo libre. La Zona Arqueol\u00f3gica Caral (ZAC), Unidad Ejecutora 003 del Ministerio de Cultura, y el Museo Naval de la Marina de Guerra del Per\u00fa, te invitan a conocer de manera gratuita la exposici\u00f3n \u201cTecnolog\u00eda Pesquera y Seguridad Alimentaria. Herencia de la Civilizaci\u00f3n Caral\u201d, que estar\u00e1 abierta hasta el 8 de marzo.","breadcrumb":{"@id":"https:\/\/zonacaral.gob.pe\/noticias\/sabias-que-en-el-callao-hay-una-exposicion-sobre-el-legado-maritimo-de-caral\/#breadcrumb"},"inLanguage":"es-PE","potentialAction":[{"@type":"ReadAction","target":["https:\/\/zonacaral.gob.pe\/noticias\/sabias-que-en-el-callao-hay-una-exposicion-sobre-el-legado-maritimo-de-caral\/"]}]},{"@type":"ImageObject","inLanguage":"es-PE","@id":"https:\/\/zonacaral.gob.pe\/noticias\/sabias-que-en-el-callao-hay-una-exposicion-sobre-el-legado-maritimo-de-caral\/#primaryimage","url":"https:\/\/zonacaral.gob.pe\/wp-content\/uploads\/2026\/01\/pescacallao1.jpg","contentUrl":"https:\/\/zonacaral.gob.pe\/wp-content\/uploads\/2026\/01\/pescacallao1.jpg","width":1920,"height":1080},{"@type":"BreadcrumbList","@id":"https:\/\/zonacaral.gob.pe\/noticias\/sabias-que-en-el-callao-hay-una-exposicion-sobre-el-legado-maritimo-de-caral\/#breadcrumb","itemListElement":[{"@type":"ListItem","position":1,"name":"Portada","item":"https:\/\/zonacaral.gob.pe\/"},{"@type":"ListItem","position":2,"name":"\u00bfSab\u00edas que en el Callao hay una exposici\u00f3n sobre el legado mar\u00edtimo de Caral?"}]},{"@type":"WebSite","@id":"https:\/\/zonacaral.gob.pe\/es\/#website","url":"https:\/\/zonacaral.gob.pe\/es\/","name":"Zona Caral","description":"Investigamos, conservamos y difundimos el patrimonio cultural de la Civilizaci\u00f3n Caral, la m\u00e1s antigua de Am\u00e9rica.","potentialAction":[{"@type":"SearchAction","target":{"@type":"EntryPoint","urlTemplate":"https:\/\/zonacaral.gob.pe\/es\/?s={search_term_string}"},"query-input":{"@type":"PropertyValueSpecification","valueRequired":true,"valueName":"search_term_string"}}],"inLanguage":"es-PE"},{"@type":"Person","@id":"https:\/\/zonacaral.gob.pe\/es\/#\/schema\/person\/beddb4d22f71a7230c5b90913270a0ee","name":"Zona Caral Administrador","image":{"@type":"ImageObject","inLanguage":"es-PE","@id":"https:\/\/secure.gravatar.com\/avatar\/e4be162918a696358376de6446614e0f0f4062bdc5d170d6d540ada3d8b58c12?s=96&d=mm&r=g","url":"https:\/\/secure.gravatar.com\/avatar\/e4be162918a696358376de6446614e0f0f4062bdc5d170d6d540ada3d8b58c12?s=96&d=mm&r=g","contentUrl":"https:\/\/secure.gravatar.com\/avatar\/e4be162918a696358376de6446614e0f0f4062bdc5d170d6d540ada3d8b58c12?s=96&d=mm&r=g","caption":"Zona Caral Administrador"},"sameAs":["https:\/\/zonacaral.gob.pe"],"url":"https:\/\/zonacaral.gob.pe\/es\/noticias\/author\/ad_zonacaral\/"}]}},"_links":{"self":[{"href":"https:\/\/zonacaral.gob.pe\/es\/wp-json\/wp\/v2\/posts\/18754","targetHints":{"allow":["GET"]}}],"collection":[{"href":"https:\/\/zonacaral.gob.pe\/es\/wp-json\/wp\/v2\/posts"}],"about":[{"href":"https:\/\/zonacaral.gob.pe\/es\/wp-json\/wp\/v2\/types\/post"}],"author":[{"embeddable":true,"href":"https:\/\/zonacaral.gob.pe\/es\/wp-json\/wp\/v2\/users\/1"}],"replies":[{"embeddable":true,"href":"https:\/\/zonacaral.gob.pe\/es\/wp-json\/wp\/v2\/comments?post=18754"}],"version-history":[{"count":0,"href":"https:\/\/zonacaral.gob.pe\/es\/wp-json\/wp\/v2\/posts\/18754\/revisions"}],"wp:featuredmedia":[{"embeddable":true,"href":"https:\/\/zonacaral.gob.pe\/es\/wp-json\/wp\/v2\/media\/18762"}],"wp:attachment":[{"href":"https:\/\/zonacaral.gob.pe\/es\/wp-json\/wp\/v2\/media?parent=18754"}],"wp:term":[{"taxonomy":"category","embeddable":true,"href":"https:\/\/zonacaral.gob.pe\/es\/wp-json\/wp\/v2\/categories?post=18754"},{"taxonomy":"post_tag","embeddable":true,"href":"https:\/\/zonacaral.gob.pe\/es\/wp-json\/wp\/v2\/tags?post=18754"}],"curies":[{"name":"wp","href":"https:\/\/api.w.org\/{rel}","templated":true}]}}