{"id":18768,"date":"2026-01-13T08:34:39","date_gmt":"2026-01-13T13:34:39","guid":{"rendered":"https:\/\/www.zonacaral.gob.pe\/?p=18768"},"modified":"2026-01-13T08:34:39","modified_gmt":"2026-01-13T13:34:39","slug":"caral-en-la-escuela-fortaleciendo-la-identidad-cultural-para-la-proteccion-del-patrimonio-mundial","status":"publish","type":"post","link":"https:\/\/zonacaral.gob.pe\/es\/noticias\/caral-en-la-escuela-fortaleciendo-la-identidad-cultural-para-la-proteccion-del-patrimonio-mundial\/","title":{"rendered":"Caral en la Escuela: fortaleciendo la identidad cultural para la protecci\u00f3n del Patrimonio Mundial"},"content":{"rendered":"<figure class=\"pic-autor\" style=\"color: #4d4d4d; text-align: justify;\"><\/figure>\n<div class=\"gmail_default\" style=\"text-align: justify;\">\n<p><span style=\"font-weight: 400;\">La <\/span><a href=\"https:\/\/www.instagram.com\/caralperu\/?hl=es\"><span style=\"font-weight: 400;\">Zona Arqueol\u00f3gica Caral<\/span><\/a><span style=\"font-weight: 400;\"> (ZAC), Unidad Ejecutora 003 del Ministerio de Cultura, desarrolla <\/span><b>\u00abCaral en la Escuela\u00bb<\/b><span style=\"font-weight: 400;\">, una iniciativa orientada a la poblaci\u00f3n escolar que busca fortalecer la identidad cultural y promover la protecci\u00f3n del patrimonio cultural de la Civilizaci\u00f3n Caral, reconocida como Patrimonio Mundial.<\/span><\/p>\n<p><span style=\"font-weight: 400;\">A trav\u00e9s de este programa, la ZAC tiene como objetivos crear conciencia sobre la importancia de la defensa y conservaci\u00f3n del patrimonio cultural; fortalecer la identidad cultural de las nuevas generaciones, entendida como un bien intangible fundamental para el desarrollo econ\u00f3mico, social y pol\u00edtico de las sociedades; y motivar a los escolares de primaria y secundaria de las provincias de Barranca y Huaura a visitar la Ciudad Sagrada de Caral-Supe y los sitios arqueol\u00f3gicos de \u00c1spero, Vichama y Pe\u00f1ico, para conocer de manera directa el patrimonio cultural de su localidad.<\/span><\/p>\n<p><span style=\"font-weight: 400;\">Asimismo, \u00abCaral en la Escuela\u00bb difunde entre la poblaci\u00f3n escolar los denominados \u201cvalores de Caral\u201d, inferidos a partir de las investigaciones arqueol\u00f3gicas realizadas en los sitios gestionados por la ZAC, y da a conocer la labor que desarrollan los arque\u00f3logos y cient\u00edficos sociales en la generaci\u00f3n del conocimiento hist\u00f3rico-social.<\/span><\/p>\n<p><b>Taller gratuito de verano para ni\u00f1os y j\u00f3venes del valle de Supe<\/b><\/p>\n<p><span style=\"font-weight: 400;\">Como parte de sus acciones de difusi\u00f3n del patrimonio cultural, la Zona Arqueol\u00f3gica Caral invita a los ni\u00f1os y j\u00f3venes de los centros poblados del valle de Supe, a participar gratuitamente en el <\/span><b>Taller de Verano 2026 \u201cRecuperando el Pasado en el Presente\u201d<\/b><span style=\"font-weight: 400;\">.<\/span><\/p>\n<p><span style=\"font-weight: 400;\">El taller se llevar\u00e1 a cabo del martes 13 de enero al viernes 27 de febrero de 2026, en las instalaciones de la Instituci\u00f3n Educativa N.\u00b0 21586 \u201cAndr\u00e9s Avelino C\u00e1ceres\u201d, ubicada en el centro poblado de Caral. Las sesiones se desarrollar\u00e1n los d\u00edas martes y jueves, en el horario de 8:00 a. m. a 1:00 p. m.<\/span><\/p>\n<p><b>\u00bfQu\u00e9 aprender\u00e1n los participantes?<\/b><\/p>\n<p><span style=\"font-weight: 400;\">El taller, organizado por la Zona Arqueol\u00f3gica Caral a trav\u00e9s de su Direcci\u00f3n de Relaciones Comunitarias, permitir\u00e1 a los participantes conocer la historia del desarrollo de Caral, primera civilizaci\u00f3n de Am\u00e9rica, mediante sesiones did\u00e1cticas y l\u00fadicas, as\u00ed como expresiones culturales como el modelado en arcilla, el tejido de \u201cojos de dios\u201d y el uso de colores y formas representativas de la Civilizaci\u00f3n CaralLa ZAC proporcionar\u00e1 todos los materiales necesarios para el desarro<\/span><\/p>\n<p><span style=\"font-weight: 400;\">llo de las actividades, por lo que solo se requiere la participaci\u00f3n activa de los inscritos.<\/span><\/p>\n<p><span style=\"font-weight: 400;\">Las inscripciones ya se encuentran abiertas y pueden realizarse a trav\u00e9s del siguiente enlace:<\/span><a href=\"https:\/\/forms.gle\/k666vD7UuGD7qSKe6\"> <span style=\"font-weight: 400;\">https:\/\/forms.gle\/k666vD7UuGD7qSKe6<\/span><\/a><\/p>\n<p><br \/><i><span style=\"font-weight: 400;\">Para m\u00e1s noticias de la Zona Arqueol\u00f3gica Caral, s\u00edguenos en <\/span><\/i><a href=\"https:\/\/www.instagram.com\/caralperu\/?hl=es\"><i><span style=\"font-weight: 400;\">Instagram<\/span><\/i><\/a><i><span style=\"font-weight: 400;\">, <\/span><\/i><a href=\"https:\/\/www.tiktok.com\/@caral_peru?lang=es\"><i><span style=\"font-weight: 400;\">Tik Tok<\/span><\/i><\/a><i><span style=\"font-weight: 400;\">, <\/span><\/i><a href=\"https:\/\/www.facebook.com\/CARALPERU\/\"><i><span style=\"font-weight: 400;\">Facebook<\/span><\/i><\/a><i><span style=\"font-weight: 400;\">, <\/span><\/i><a href=\"https:\/\/x.com\/Peru_Caral\"><i><span style=\"font-weight: 400;\">X<\/span><\/i><\/a><i><span style=\"font-weight: 400;\">, <\/span><\/i><a href=\"https:\/\/www.youtube.com\/PeruCaral\"><i><span style=\"font-weight: 400;\">YouTube<\/span><\/i><\/a><i><span style=\"font-weight: 400;\"> y en nuestro canal de <\/span><\/i><a href=\"https:\/\/t.me\/Caral_Peru\"><i><span style=\"font-weight: 400;\">Telegram<\/span><\/i><\/a><i><span style=\"font-weight: 400;\">.<\/span><\/i><\/p>\n<p><strong style=\"font-size: inherit; text-align: justify;\">Fuente: Comunicaci\u00f3n e Imagen Institucional ZAC<\/strong><\/p>\n<\/div>\n<div style=\"color: #1f1f1f;\">\n<div style=\"color: #1f1f1f;\">\n<p style=\"text-align: justify;\">Fecha de publicaci\u00f3n: 13\/01\/2026<\/p>\n<\/div>\n<\/div>\n\n\n<p><\/p>\n\n\n\n<p><\/p>\n","protected":false},"excerpt":{"rendered":"<p>La Zona Arqueol\u00f3gica Caral (ZAC), Unidad Ejecutora 003 del Ministerio de Cultura, desarrolla \u00abCaral en la Escuela\u00bb, una iniciativa orientada [&hellip;]<\/p>\n","protected":false},"author":1,"featured_media":18770,"comment_status":"closed","ping_status":"open","sticky":false,"template":"","format":"standard","meta":{"_acf_changed":false,"site-sidebar-layout":"default","site-content-layout":"","ast-site-content-layout":"default","site-content-style":"default","site-sidebar-style":"default","ast-global-header-display":"","ast-banner-title-visibility":"","ast-main-header-display":"","ast-hfb-above-header-display":"","ast-hfb-below-header-display":"","ast-hfb-mobile-header-display":"","site-post-title":"","ast-breadcrumbs-content":"","ast-featured-img":"","footer-sml-layout":"","ast-disable-related-posts":"","theme-transparent-header-meta":"","adv-header-id-meta":"","stick-header-meta":"","header-above-stick-meta":"","header-main-stick-meta":"","header-below-stick-meta":"","astra-migrate-meta-layouts":"default","ast-page-background-enabled":"default","ast-page-background-meta":{"desktop":{"background-color":"var(--ast-global-color-5)","background-image":"","background-repeat":"repeat","background-position":"center center","background-size":"auto","background-attachment":"scroll","background-type":"","background-media":"","overlay-type":"","overlay-color":"","overlay-opacity":"","overlay-gradient":""},"tablet":{"background-color":"","background-image":"","background-repeat":"repeat","background-position":"center center","background-size":"auto","background-attachment":"scroll","background-type":"","background-media":"","overlay-type":"","overlay-color":"","overlay-opacity":"","overlay-gradient":""},"mobile":{"background-color":"","background-image":"","background-repeat":"repeat","background-position":"center center","background-size":"auto","background-attachment":"scroll","background-type":"","background-media":"","overlay-type":"","overlay-color":"","overlay-opacity":"","overlay-gradient":""}},"ast-content-background-meta":{"desktop":{"background-color":"var(--ast-global-color-4)","background-image":"","background-repeat":"repeat","background-position":"center center","background-size":"auto","background-attachment":"scroll","background-type":"","background-media":"","overlay-type":"","overlay-color":"","overlay-opacity":"","overlay-gradient":""},"tablet":{"background-color":"var(--ast-global-color-4)","background-image":"","background-repeat":"repeat","background-position":"center center","background-size":"auto","background-attachment":"scroll","background-type":"","background-media":"","overlay-type":"","overlay-color":"","overlay-opacity":"","overlay-gradient":""},"mobile":{"background-color":"var(--ast-global-color-4)","background-image":"","background-repeat":"repeat","background-position":"center center","background-size":"auto","background-attachment":"scroll","background-type":"","background-media":"","overlay-type":"","overlay-color":"","overlay-opacity":"","overlay-gradient":""}},"footnotes":""},"categories":[208],"tags":[55,72],"class_list":["post-18768","post","type-post","status-publish","format-standard","has-post-thumbnail","hentry","category-noticias","tag-caral","tag-cultura"],"acf":[],"yoast_head":"<!-- This site is optimized with the Yoast SEO plugin v27.3 - https:\/\/yoast.com\/product\/yoast-seo-wordpress\/ -->\n<title>Caral en la Escuela: fortaleciendo la identidad cultural para la protecci\u00f3n del Patrimonio Mundial<\/title>\n<meta name=\"description\" content=\"La Zona Arqueol\u00f3gica Caral (ZAC), Unidad Ejecutora 003 del Ministerio de Cultura, desarrolla \u00abCaral en la Escuela\u00bb, una iniciativa orientada a la poblaci\u00f3n escolar que busca fortalecer la identidad cultural y promover la protecci\u00f3n del patrimonio cultural de la Civilizaci\u00f3n Caral, reconocida como Patrimonio Mundial.\" \/>\n<meta name=\"robots\" content=\"index, follow, max-snippet:-1, max-image-preview:large, max-video-preview:-1\" \/>\n<link rel=\"canonical\" href=\"https:\/\/zonacaral.gob.pe\/es\/noticias\/caral-en-la-escuela-fortaleciendo-la-identidad-cultural-para-la-proteccion-del-patrimonio-mundial\/\" \/>\n<meta property=\"og:locale\" content=\"es_ES\" \/>\n<meta property=\"og:type\" content=\"article\" \/>\n<meta property=\"og:title\" content=\"Caral en la Escuela: fortaleciendo la identidad cultural para la protecci\u00f3n del Patrimonio Mundial\" \/>\n<meta property=\"og:description\" content=\"La Zona Arqueol\u00f3gica Caral (ZAC), Unidad Ejecutora 003 del Ministerio de Cultura, desarrolla \u00abCaral en la Escuela\u00bb, una iniciativa orientada a la poblaci\u00f3n escolar que busca fortalecer la identidad cultural y promover la protecci\u00f3n del patrimonio cultural de la Civilizaci\u00f3n Caral, reconocida como Patrimonio Mundial.\" \/>\n<meta property=\"og:url\" content=\"https:\/\/zonacaral.gob.pe\/es\/noticias\/caral-en-la-escuela-fortaleciendo-la-identidad-cultural-para-la-proteccion-del-patrimonio-mundial\/\" \/>\n<meta property=\"og:site_name\" content=\"Zona Caral\" \/>\n<meta property=\"article:published_time\" content=\"2026-01-13T13:34:39+00:00\" \/>\n<meta property=\"og:image\" content=\"https:\/\/zonacaral.gob.pe\/wp-content\/uploads\/2026\/01\/1.jpg\" \/>\n\t<meta property=\"og:image:width\" content=\"1500\" \/>\n\t<meta property=\"og:image:height\" content=\"800\" \/>\n\t<meta property=\"og:image:type\" content=\"image\/jpeg\" \/>\n<meta name=\"author\" content=\"Zona Caral Administrador\" \/>\n<meta name=\"twitter:card\" content=\"summary_large_image\" \/>\n<meta name=\"twitter:label1\" content=\"Written by\" \/>\n\t<meta name=\"twitter:data1\" content=\"Zona Caral Administrador\" \/>\n\t<meta name=\"twitter:label2\" content=\"Est. reading time\" \/>\n\t<meta name=\"twitter:data2\" content=\"2 minutos\" \/>\n<script type=\"application\/ld+json\" class=\"yoast-schema-graph\">{\"@context\":\"https:\\\/\\\/schema.org\",\"@graph\":[{\"@type\":\"Article\",\"@id\":\"https:\\\/\\\/zonacaral.gob.pe\\\/noticias\\\/caral-en-la-escuela-fortaleciendo-la-identidad-cultural-para-la-proteccion-del-patrimonio-mundial\\\/#article\",\"isPartOf\":{\"@id\":\"https:\\\/\\\/zonacaral.gob.pe\\\/noticias\\\/caral-en-la-escuela-fortaleciendo-la-identidad-cultural-para-la-proteccion-del-patrimonio-mundial\\\/\"},\"author\":{\"name\":\"Zona Caral Administrador\",\"@id\":\"https:\\\/\\\/zonacaral.gob.pe\\\/es\\\/#\\\/schema\\\/person\\\/beddb4d22f71a7230c5b90913270a0ee\"},\"headline\":\"Caral en la Escuela: fortaleciendo la identidad cultural para la protecci\u00f3n del Patrimonio Mundial\",\"datePublished\":\"2026-01-13T13:34:39+00:00\",\"mainEntityOfPage\":{\"@id\":\"https:\\\/\\\/zonacaral.gob.pe\\\/noticias\\\/caral-en-la-escuela-fortaleciendo-la-identidad-cultural-para-la-proteccion-del-patrimonio-mundial\\\/\"},\"wordCount\":490,\"image\":{\"@id\":\"https:\\\/\\\/zonacaral.gob.pe\\\/noticias\\\/caral-en-la-escuela-fortaleciendo-la-identidad-cultural-para-la-proteccion-del-patrimonio-mundial\\\/#primaryimage\"},\"thumbnailUrl\":\"https:\\\/\\\/zonacaral.gob.pe\\\/wp-content\\\/uploads\\\/2026\\\/01\\\/1.jpg\",\"keywords\":[\"caral\",\"Cultura\"],\"articleSection\":[\"noticias\"],\"inLanguage\":\"es-PE\"},{\"@type\":\"WebPage\",\"@id\":\"https:\\\/\\\/zonacaral.gob.pe\\\/noticias\\\/caral-en-la-escuela-fortaleciendo-la-identidad-cultural-para-la-proteccion-del-patrimonio-mundial\\\/\",\"url\":\"https:\\\/\\\/zonacaral.gob.pe\\\/noticias\\\/caral-en-la-escuela-fortaleciendo-la-identidad-cultural-para-la-proteccion-del-patrimonio-mundial\\\/\",\"name\":\"Caral en la Escuela: fortaleciendo la identidad cultural para la protecci\u00f3n del Patrimonio Mundial\",\"isPartOf\":{\"@id\":\"https:\\\/\\\/zonacaral.gob.pe\\\/es\\\/#website\"},\"primaryImageOfPage\":{\"@id\":\"https:\\\/\\\/zonacaral.gob.pe\\\/noticias\\\/caral-en-la-escuela-fortaleciendo-la-identidad-cultural-para-la-proteccion-del-patrimonio-mundial\\\/#primaryimage\"},\"image\":{\"@id\":\"https:\\\/\\\/zonacaral.gob.pe\\\/noticias\\\/caral-en-la-escuela-fortaleciendo-la-identidad-cultural-para-la-proteccion-del-patrimonio-mundial\\\/#primaryimage\"},\"thumbnailUrl\":\"https:\\\/\\\/zonacaral.gob.pe\\\/wp-content\\\/uploads\\\/2026\\\/01\\\/1.jpg\",\"datePublished\":\"2026-01-13T13:34:39+00:00\",\"author\":{\"@id\":\"https:\\\/\\\/zonacaral.gob.pe\\\/es\\\/#\\\/schema\\\/person\\\/beddb4d22f71a7230c5b90913270a0ee\"},\"description\":\"La Zona Arqueol\u00f3gica Caral (ZAC), Unidad Ejecutora 003 del Ministerio de Cultura, desarrolla \u00abCaral en la Escuela\u00bb, una iniciativa orientada a la poblaci\u00f3n escolar que busca fortalecer la identidad cultural y promover la protecci\u00f3n del patrimonio cultural de la Civilizaci\u00f3n Caral, reconocida como Patrimonio Mundial.\",\"breadcrumb\":{\"@id\":\"https:\\\/\\\/zonacaral.gob.pe\\\/noticias\\\/caral-en-la-escuela-fortaleciendo-la-identidad-cultural-para-la-proteccion-del-patrimonio-mundial\\\/#breadcrumb\"},\"inLanguage\":\"es-PE\",\"potentialAction\":[{\"@type\":\"ReadAction\",\"target\":[\"https:\\\/\\\/zonacaral.gob.pe\\\/noticias\\\/caral-en-la-escuela-fortaleciendo-la-identidad-cultural-para-la-proteccion-del-patrimonio-mundial\\\/\"]}]},{\"@type\":\"ImageObject\",\"inLanguage\":\"es-PE\",\"@id\":\"https:\\\/\\\/zonacaral.gob.pe\\\/noticias\\\/caral-en-la-escuela-fortaleciendo-la-identidad-cultural-para-la-proteccion-del-patrimonio-mundial\\\/#primaryimage\",\"url\":\"https:\\\/\\\/zonacaral.gob.pe\\\/wp-content\\\/uploads\\\/2026\\\/01\\\/1.jpg\",\"contentUrl\":\"https:\\\/\\\/zonacaral.gob.pe\\\/wp-content\\\/uploads\\\/2026\\\/01\\\/1.jpg\",\"width\":1500,\"height\":800},{\"@type\":\"BreadcrumbList\",\"@id\":\"https:\\\/\\\/zonacaral.gob.pe\\\/noticias\\\/caral-en-la-escuela-fortaleciendo-la-identidad-cultural-para-la-proteccion-del-patrimonio-mundial\\\/#breadcrumb\",\"itemListElement\":[{\"@type\":\"ListItem\",\"position\":1,\"name\":\"Portada\",\"item\":\"https:\\\/\\\/zonacaral.gob.pe\\\/\"},{\"@type\":\"ListItem\",\"position\":2,\"name\":\"Caral en la Escuela: fortaleciendo la identidad cultural para la protecci\u00f3n del Patrimonio Mundial\"}]},{\"@type\":\"WebSite\",\"@id\":\"https:\\\/\\\/zonacaral.gob.pe\\\/es\\\/#website\",\"url\":\"https:\\\/\\\/zonacaral.gob.pe\\\/es\\\/\",\"name\":\"Zona Caral\",\"description\":\"Investigamos, conservamos y difundimos el patrimonio cultural de la Civilizaci\u00f3n Caral, la m\u00e1s antigua de Am\u00e9rica.\",\"potentialAction\":[{\"@type\":\"SearchAction\",\"target\":{\"@type\":\"EntryPoint\",\"urlTemplate\":\"https:\\\/\\\/zonacaral.gob.pe\\\/es\\\/?s={search_term_string}\"},\"query-input\":{\"@type\":\"PropertyValueSpecification\",\"valueRequired\":true,\"valueName\":\"search_term_string\"}}],\"inLanguage\":\"es-PE\"},{\"@type\":\"Person\",\"@id\":\"https:\\\/\\\/zonacaral.gob.pe\\\/es\\\/#\\\/schema\\\/person\\\/beddb4d22f71a7230c5b90913270a0ee\",\"name\":\"Zona Caral Administrador\",\"image\":{\"@type\":\"ImageObject\",\"inLanguage\":\"es-PE\",\"@id\":\"https:\\\/\\\/secure.gravatar.com\\\/avatar\\\/e4be162918a696358376de6446614e0f0f4062bdc5d170d6d540ada3d8b58c12?s=96&d=mm&r=g\",\"url\":\"https:\\\/\\\/secure.gravatar.com\\\/avatar\\\/e4be162918a696358376de6446614e0f0f4062bdc5d170d6d540ada3d8b58c12?s=96&d=mm&r=g\",\"contentUrl\":\"https:\\\/\\\/secure.gravatar.com\\\/avatar\\\/e4be162918a696358376de6446614e0f0f4062bdc5d170d6d540ada3d8b58c12?s=96&d=mm&r=g\",\"caption\":\"Zona Caral Administrador\"},\"sameAs\":[\"https:\\\/\\\/zonacaral.gob.pe\"],\"url\":\"https:\\\/\\\/zonacaral.gob.pe\\\/es\\\/noticias\\\/author\\\/ad_zonacaral\\\/\"}]}<\/script>\n<!-- \/ Yoast SEO plugin. -->","yoast_head_json":{"title":"Caral en la Escuela: fortaleciendo la identidad cultural para la protecci\u00f3n del Patrimonio Mundial","description":"La Zona Arqueol\u00f3gica Caral (ZAC), Unidad Ejecutora 003 del Ministerio de Cultura, desarrolla \u00abCaral en la Escuela\u00bb, una iniciativa orientada a la poblaci\u00f3n escolar que busca fortalecer la identidad cultural y promover la protecci\u00f3n del patrimonio cultural de la Civilizaci\u00f3n Caral, reconocida como Patrimonio Mundial.","robots":{"index":"index","follow":"follow","max-snippet":"max-snippet:-1","max-image-preview":"max-image-preview:large","max-video-preview":"max-video-preview:-1"},"canonical":"https:\/\/zonacaral.gob.pe\/es\/noticias\/caral-en-la-escuela-fortaleciendo-la-identidad-cultural-para-la-proteccion-del-patrimonio-mundial\/","og_locale":"es_ES","og_type":"article","og_title":"Caral en la Escuela: fortaleciendo la identidad cultural para la protecci\u00f3n del Patrimonio Mundial","og_description":"La Zona Arqueol\u00f3gica Caral (ZAC), Unidad Ejecutora 003 del Ministerio de Cultura, desarrolla \u00abCaral en la Escuela\u00bb, una iniciativa orientada a la poblaci\u00f3n escolar que busca fortalecer la identidad cultural y promover la protecci\u00f3n del patrimonio cultural de la Civilizaci\u00f3n Caral, reconocida como Patrimonio Mundial.","og_url":"https:\/\/zonacaral.gob.pe\/es\/noticias\/caral-en-la-escuela-fortaleciendo-la-identidad-cultural-para-la-proteccion-del-patrimonio-mundial\/","og_site_name":"Zona Caral","article_published_time":"2026-01-13T13:34:39+00:00","og_image":[{"width":1500,"height":800,"url":"https:\/\/zonacaral.gob.pe\/wp-content\/uploads\/2026\/01\/1.jpg","type":"image\/jpeg"}],"author":"Zona Caral Administrador","twitter_card":"summary_large_image","twitter_misc":{"Written by":"Zona Caral Administrador","Est. reading time":"2 minutos"},"schema":{"@context":"https:\/\/schema.org","@graph":[{"@type":"Article","@id":"https:\/\/zonacaral.gob.pe\/noticias\/caral-en-la-escuela-fortaleciendo-la-identidad-cultural-para-la-proteccion-del-patrimonio-mundial\/#article","isPartOf":{"@id":"https:\/\/zonacaral.gob.pe\/noticias\/caral-en-la-escuela-fortaleciendo-la-identidad-cultural-para-la-proteccion-del-patrimonio-mundial\/"},"author":{"name":"Zona Caral Administrador","@id":"https:\/\/zonacaral.gob.pe\/es\/#\/schema\/person\/beddb4d22f71a7230c5b90913270a0ee"},"headline":"Caral en la Escuela: fortaleciendo la identidad cultural para la protecci\u00f3n del Patrimonio Mundial","datePublished":"2026-01-13T13:34:39+00:00","mainEntityOfPage":{"@id":"https:\/\/zonacaral.gob.pe\/noticias\/caral-en-la-escuela-fortaleciendo-la-identidad-cultural-para-la-proteccion-del-patrimonio-mundial\/"},"wordCount":490,"image":{"@id":"https:\/\/zonacaral.gob.pe\/noticias\/caral-en-la-escuela-fortaleciendo-la-identidad-cultural-para-la-proteccion-del-patrimonio-mundial\/#primaryimage"},"thumbnailUrl":"https:\/\/zonacaral.gob.pe\/wp-content\/uploads\/2026\/01\/1.jpg","keywords":["caral","Cultura"],"articleSection":["noticias"],"inLanguage":"es-PE"},{"@type":"WebPage","@id":"https:\/\/zonacaral.gob.pe\/noticias\/caral-en-la-escuela-fortaleciendo-la-identidad-cultural-para-la-proteccion-del-patrimonio-mundial\/","url":"https:\/\/zonacaral.gob.pe\/noticias\/caral-en-la-escuela-fortaleciendo-la-identidad-cultural-para-la-proteccion-del-patrimonio-mundial\/","name":"Caral en la Escuela: fortaleciendo la identidad cultural para la protecci\u00f3n del Patrimonio Mundial","isPartOf":{"@id":"https:\/\/zonacaral.gob.pe\/es\/#website"},"primaryImageOfPage":{"@id":"https:\/\/zonacaral.gob.pe\/noticias\/caral-en-la-escuela-fortaleciendo-la-identidad-cultural-para-la-proteccion-del-patrimonio-mundial\/#primaryimage"},"image":{"@id":"https:\/\/zonacaral.gob.pe\/noticias\/caral-en-la-escuela-fortaleciendo-la-identidad-cultural-para-la-proteccion-del-patrimonio-mundial\/#primaryimage"},"thumbnailUrl":"https:\/\/zonacaral.gob.pe\/wp-content\/uploads\/2026\/01\/1.jpg","datePublished":"2026-01-13T13:34:39+00:00","author":{"@id":"https:\/\/zonacaral.gob.pe\/es\/#\/schema\/person\/beddb4d22f71a7230c5b90913270a0ee"},"description":"La Zona Arqueol\u00f3gica Caral (ZAC), Unidad Ejecutora 003 del Ministerio de Cultura, desarrolla \u00abCaral en la Escuela\u00bb, una iniciativa orientada a la poblaci\u00f3n escolar que busca fortalecer la identidad cultural y promover la protecci\u00f3n del patrimonio cultural de la Civilizaci\u00f3n Caral, reconocida como Patrimonio Mundial.","breadcrumb":{"@id":"https:\/\/zonacaral.gob.pe\/noticias\/caral-en-la-escuela-fortaleciendo-la-identidad-cultural-para-la-proteccion-del-patrimonio-mundial\/#breadcrumb"},"inLanguage":"es-PE","potentialAction":[{"@type":"ReadAction","target":["https:\/\/zonacaral.gob.pe\/noticias\/caral-en-la-escuela-fortaleciendo-la-identidad-cultural-para-la-proteccion-del-patrimonio-mundial\/"]}]},{"@type":"ImageObject","inLanguage":"es-PE","@id":"https:\/\/zonacaral.gob.pe\/noticias\/caral-en-la-escuela-fortaleciendo-la-identidad-cultural-para-la-proteccion-del-patrimonio-mundial\/#primaryimage","url":"https:\/\/zonacaral.gob.pe\/wp-content\/uploads\/2026\/01\/1.jpg","contentUrl":"https:\/\/zonacaral.gob.pe\/wp-content\/uploads\/2026\/01\/1.jpg","width":1500,"height":800},{"@type":"BreadcrumbList","@id":"https:\/\/zonacaral.gob.pe\/noticias\/caral-en-la-escuela-fortaleciendo-la-identidad-cultural-para-la-proteccion-del-patrimonio-mundial\/#breadcrumb","itemListElement":[{"@type":"ListItem","position":1,"name":"Portada","item":"https:\/\/zonacaral.gob.pe\/"},{"@type":"ListItem","position":2,"name":"Caral en la Escuela: fortaleciendo la identidad cultural para la protecci\u00f3n del Patrimonio Mundial"}]},{"@type":"WebSite","@id":"https:\/\/zonacaral.gob.pe\/es\/#website","url":"https:\/\/zonacaral.gob.pe\/es\/","name":"Zona Caral","description":"Investigamos, conservamos y difundimos el patrimonio cultural de la Civilizaci\u00f3n Caral, la m\u00e1s antigua de Am\u00e9rica.","potentialAction":[{"@type":"SearchAction","target":{"@type":"EntryPoint","urlTemplate":"https:\/\/zonacaral.gob.pe\/es\/?s={search_term_string}"},"query-input":{"@type":"PropertyValueSpecification","valueRequired":true,"valueName":"search_term_string"}}],"inLanguage":"es-PE"},{"@type":"Person","@id":"https:\/\/zonacaral.gob.pe\/es\/#\/schema\/person\/beddb4d22f71a7230c5b90913270a0ee","name":"Zona Caral Administrador","image":{"@type":"ImageObject","inLanguage":"es-PE","@id":"https:\/\/secure.gravatar.com\/avatar\/e4be162918a696358376de6446614e0f0f4062bdc5d170d6d540ada3d8b58c12?s=96&d=mm&r=g","url":"https:\/\/secure.gravatar.com\/avatar\/e4be162918a696358376de6446614e0f0f4062bdc5d170d6d540ada3d8b58c12?s=96&d=mm&r=g","contentUrl":"https:\/\/secure.gravatar.com\/avatar\/e4be162918a696358376de6446614e0f0f4062bdc5d170d6d540ada3d8b58c12?s=96&d=mm&r=g","caption":"Zona Caral Administrador"},"sameAs":["https:\/\/zonacaral.gob.pe"],"url":"https:\/\/zonacaral.gob.pe\/es\/noticias\/author\/ad_zonacaral\/"}]}},"_links":{"self":[{"href":"https:\/\/zonacaral.gob.pe\/es\/wp-json\/wp\/v2\/posts\/18768","targetHints":{"allow":["GET"]}}],"collection":[{"href":"https:\/\/zonacaral.gob.pe\/es\/wp-json\/wp\/v2\/posts"}],"about":[{"href":"https:\/\/zonacaral.gob.pe\/es\/wp-json\/wp\/v2\/types\/post"}],"author":[{"embeddable":true,"href":"https:\/\/zonacaral.gob.pe\/es\/wp-json\/wp\/v2\/users\/1"}],"replies":[{"embeddable":true,"href":"https:\/\/zonacaral.gob.pe\/es\/wp-json\/wp\/v2\/comments?post=18768"}],"version-history":[{"count":0,"href":"https:\/\/zonacaral.gob.pe\/es\/wp-json\/wp\/v2\/posts\/18768\/revisions"}],"wp:featuredmedia":[{"embeddable":true,"href":"https:\/\/zonacaral.gob.pe\/es\/wp-json\/wp\/v2\/media\/18770"}],"wp:attachment":[{"href":"https:\/\/zonacaral.gob.pe\/es\/wp-json\/wp\/v2\/media?parent=18768"}],"wp:term":[{"taxonomy":"category","embeddable":true,"href":"https:\/\/zonacaral.gob.pe\/es\/wp-json\/wp\/v2\/categories?post=18768"},{"taxonomy":"post_tag","embeddable":true,"href":"https:\/\/zonacaral.gob.pe\/es\/wp-json\/wp\/v2\/tags?post=18768"}],"curies":[{"name":"wp","href":"https:\/\/api.w.org\/{rel}","templated":true}]}}