{"id":18771,"date":"2026-01-14T14:01:39","date_gmt":"2026-01-14T19:01:39","guid":{"rendered":"https:\/\/www.zonacaral.gob.pe\/?p=18771"},"modified":"2026-01-14T14:01:39","modified_gmt":"2026-01-14T19:01:39","slug":"recuperamos-area-intangible-del-sitio-arqueologico-el-molino-en-el-valle-de-supe","status":"publish","type":"post","link":"https:\/\/zonacaral.gob.pe\/es\/noticias\/recuperamos-area-intangible-del-sitio-arqueologico-el-molino-en-el-valle-de-supe\/","title":{"rendered":"Recuperamos \u00e1rea intangible del sitio arqueol\u00f3gico El Molino en el valle de Supe"},"content":{"rendered":"<figure class=\"pic-autor\" style=\"color: #4d4d4d; text-align: justify;\"><\/figure>\n<div class=\"gmail_default\" style=\"text-align: justify;\">\n<blockquote>\n<p><em><span style=\"font-weight: 400;\">Unidos por la cultura y la protecci\u00f3n del patrimonio<\/span><\/em><\/p>\n<\/blockquote>\n<p><span style=\"font-weight: 400;\">La <\/span><a href=\"https:\/\/www.instagram.com\/caralperu\/?hl=es\"><b>Zona Arqueol\u00f3gica Caral<\/b><\/a><span style=\"font-weight: 400;\"> (ZAC), Unidad Ejecutora 003 del Ministerio de Cultura, viene trabajando de manera articulada con la poblaci\u00f3n del valle de Supe para recuperar las \u00e1reas intangibles de los sitios arqueol\u00f3gicos y continuar con las labores de investigaci\u00f3n sobre el desarrollo de la <\/span><a href=\"https:\/\/youtu.be\/uAJpjcgLits\"><b>Civilizaci\u00f3n Caral<\/b><\/a><span style=\"font-weight: 400;\"> (3000 \u2013 1800 a. C.).<\/span><\/p>\n<p><span style=\"font-weight: 400;\">Como resultado de un proceso de sensibilizaci\u00f3n y concientizaci\u00f3n con los pobladores del centro poblado El Molino sobre la defensa, protecci\u00f3n y conservaci\u00f3n de su patrimonio cultural, se logr\u00f3 la recuperaci\u00f3n de un terreno ubicado dentro de la poligonal del sitio arqueol\u00f3gico El Molino, declarado Patrimonio Cultural de la Naci\u00f3n en el a\u00f1o 2002.<\/span><\/p>\n<p><span style=\"font-weight: 400;\">Esta acci\u00f3n se formaliz\u00f3 mediante la suscripci\u00f3n de un \u201cActa de Retiro Voluntario del Inmueble\u201d, firmada entre la Zona Arqueol\u00f3gica Caral \u2014a trav\u00e9s de la Direcci\u00f3n de Relaciones Comunitarias y de su Oficina de Asesor\u00eda Jur\u00eddica\u2014 y la persona que ocupaba el predio. Este acuerdo cuenta con la conformidad de ambas partes y garantiza que el retiro se realice sin afectar las evidencias arqueol\u00f3gicas presentes en el lugar.<\/span><\/p>\n<p><span style=\"font-weight: 400;\">Esta acci\u00f3n permitir\u00e1 reducir la presi\u00f3n antr\u00f3pica moderna sobre el Sector B del sitio arqueol\u00f3gico El Molino, \u00e1rea donde a\u00fan no se han realizado excavaciones, lo que resulta fundamental para profundizar en la comprensi\u00f3n del proceso de desarrollo civilizatorio en Am\u00e9rica.<\/span><\/p>\n<p><span style=\"font-weight: 400;\">La Zona Arqueol\u00f3gica Caral, responsable de la investigaci\u00f3n, conservaci\u00f3n y difusi\u00f3n de doce sitios arqueol\u00f3gicos de la Civilizaci\u00f3n Caral, ubicados entre los valles de Supe y Huaura, continuar\u00e1 promoviendo una gesti\u00f3n preventiva basada en el di\u00e1logo con las comunidades, a fin de evitar conflictos sociales y garantizar la protecci\u00f3n del patrimonio arqueol\u00f3gico del pa\u00eds.<\/span><\/p>\n<p><b>El impresionante sitio arqueol\u00f3gico El Molino<\/b><\/p>\n<p><span style=\"font-weight: 400;\">El Molino, correspondiente al Periodo Formativo (2200\u20131500 a. C.), ocupa un \u00e1rea de 7.57 hect\u00e1reas y fue construido sobre una planicie aluvial formada por dep\u00f3sitos de arcilla del r\u00edo Supe. El sitio fue identificado entre los a\u00f1os 1994 y 1995 por la <\/span><a href=\"https:\/\/youtu.be\/eCHc2v9-jzM?si=HLmd-1ve6nlB6GaE\"><b>arque\u00f3loga Ruth Shady<\/b><\/a><span style=\"font-weight: 400;\"> y su equipo, durante una prospecci\u00f3n arqueol\u00f3gica en el valle de Supe.<\/span><\/p>\n<p><span style=\"font-weight: 400;\">Su ubicaci\u00f3n estrat\u00e9gica permiti\u00f3 a sus antiguos pobladores un acceso directo a los recursos del r\u00edo y del bosque ribere\u00f1o, as\u00ed como a manantiales, tierras de cultivo y rutas de comunicaci\u00f3n hacia la quebrada Tayta Laynes y el litoral.<\/span><\/p>\n<p><span style=\"font-weight: 400;\">El asentamiento estuvo conformado por un edificio p\u00fablico piramidal mayor (Sector A) y dos edificios p\u00fablicos piramidales menores (sectores B y C), dispuestos alrededor de un espacio p\u00fablico abierto de casi una hect\u00e1rea. En la parte posterior de los edificios de los sectores A y B se localiza el Sector E, donde se hallaron restos de viviendas, mientras que al suroeste se identific\u00f3 un peque\u00f1o conjunto residencial (Sector D).<\/span><\/p>\n<p><span style=\"font-weight: 400;\">En los dep\u00f3sitos de los edificios piramidales se han recuperado restos de moluscos marinos \u2014como choro zapato, macha, oliva, caracol negro y chanque\u2014, as\u00ed como peces, entre ellos anchoveta y sardina. Tambi\u00e9n se hallaron restos vegetales de guayaba, zapallo, frijol y algod\u00f3n, evidenciando una econom\u00eda de subsistencia mixta, agropesquera, fortalecida por el intercambio del algod\u00f3n.<\/span><\/p>\n<p><span style=\"font-weight: 400;\">Las caracter\u00edsticas arquitect\u00f3nicas del sitio permiten afirmar que la sociedad de El Molino estuvo jerarquizada. Los salones con fogones centrales y banquetas, ubicados en la cima de los edificios, dan cuenta de la realizaci\u00f3n de ceremonias en las que participaban miembros de la \u00e9lite.<\/span><\/p>\n<p><b>La maqueta de El Molino<\/b><\/p>\n<p><span style=\"font-weight: 400;\">En el a\u00f1o 2017, en la cima del edificio p\u00fablico del subsector C1, los arque\u00f3logos de la ZAC descubrieron una maqueta excepcionalmente bien conservada, que revela un dise\u00f1o urbano compuesto por un conjunto de edificios piramidales orientados hacia un espacio p\u00fablico central, evidencia de la planificaci\u00f3n urbana desarrollada por los antiguos habitantes del valle.<\/span><\/p>\n<p><span style=\"font-weight: 400;\">La maqueta fue elaborada con arcilla y peque\u00f1os cantos rodados y est\u00e1 conformada por siete edificios, con una altura promedio de 20 cent\u00edmetros y dimensiones aproximadas de entre 1 y 1.20 metros por lado.<\/span><\/p>\n<p><span style=\"font-weight: 400;\">Este hallazgo, difundido por medios nacionales e internacionales el 2023, ha sido estudiado y conservado por los especialistas de la Zona Arqueol\u00f3gica Caral y constituye una evidencia singular de la existencia de arquitectos especializados, responsables de la planificaci\u00f3n urbana de los asentamientos distribuidos en la diversa ecolog\u00eda del valle de Supe.<\/span><\/p>\n<p><span style=\"font-weight: 400;\">Para ampliar la informaci\u00f3n sobre el hallazgo arqueol\u00f3gico, ingresa aqu\u00ed:<\/span> <a href=\"https:\/\/www.gob.pe\/institucion\/caral\/noticias\/831102-civilizacion-caral-hallazgo-de-maqueta-demuestra-la-planificacion-de-los-antiguos-centros-urbanos\"><span style=\"font-weight: 400;\">Civilizaci\u00f3n Caral: hallazgo de maqueta demuestra la planificaci\u00f3n de los antiguos centros urbanos<\/span><\/a><span style=\"font-weight: 400;\">.\u00a0<\/span><\/p>\n<p><strong style=\"font-size: inherit; text-align: justify;\"><br \/><i><span style=\"font-weight: 400;\">Mantente informado sobre las actividades de la <\/span><\/i><b><i>Zona Arqueol\u00f3gica Caral<\/i><\/b><i><span style=\"font-weight: 400;\">, s\u00edguenos en <\/span><\/i><a href=\"https:\/\/www.instagram.com\/caralperu\/?hl=es\"><i><span style=\"font-weight: 400;\">Instagram<\/span><\/i><\/a><i><span style=\"font-weight: 400;\">, <\/span><\/i><a href=\"https:\/\/www.tiktok.com\/@caral_peru?lang=es\"><i><span style=\"font-weight: 400;\">Tik Tok<\/span><\/i><\/a><i><span style=\"font-weight: 400;\">, <\/span><\/i><a href=\"https:\/\/www.facebook.com\/CARALPERU\/\"><i><span style=\"font-weight: 400;\">Facebook<\/span><\/i><\/a><i><span style=\"font-weight: 400;\">, <\/span><\/i><a href=\"https:\/\/x.com\/Peru_Caral\"><i><span style=\"font-weight: 400;\">X<\/span><\/i><\/a><i><span style=\"font-weight: 400;\">, <\/span><\/i><a href=\"https:\/\/www.youtube.com\/PeruCaral\"><i><span style=\"font-weight: 400;\">YouTube<\/span><\/i><\/a><i><span style=\"font-weight: 400;\"> y en nuestro canal oficial de <\/span><\/i><a href=\"https:\/\/t.me\/Caral_Peru\"><i><span style=\"font-weight: 400;\">Telegram<\/span><\/i><\/a><i><span style=\"font-weight: 400;\">.<\/span><\/i>Fuente: Comunicaci\u00f3n e Imagen Institucional ZAC<\/strong><\/p>\n<\/div>\n<div style=\"color: #1f1f1f;\">\n<div style=\"color: #1f1f1f;\">\n<p style=\"text-align: justify;\">Fecha de publicaci\u00f3n: 14\/01\/2026<\/p>\n<\/div>\n<\/div>\n\n\n<p><\/p>\n\n\n\n<p><\/p>\n","protected":false},"excerpt":{"rendered":"<p>Unidos por la cultura y la protecci\u00f3n del patrimonio La Zona Arqueol\u00f3gica Caral (ZAC), Unidad Ejecutora 003 del Ministerio de [&hellip;]<\/p>\n","protected":false},"author":1,"featured_media":18774,"comment_status":"closed","ping_status":"open","sticky":false,"template":"","format":"standard","meta":{"_acf_changed":false,"site-sidebar-layout":"default","site-content-layout":"","ast-site-content-layout":"default","site-content-style":"default","site-sidebar-style":"default","ast-global-header-display":"","ast-banner-title-visibility":"","ast-main-header-display":"","ast-hfb-above-header-display":"","ast-hfb-below-header-display":"","ast-hfb-mobile-header-display":"","site-post-title":"","ast-breadcrumbs-content":"","ast-featured-img":"","footer-sml-layout":"","ast-disable-related-posts":"","theme-transparent-header-meta":"","adv-header-id-meta":"","stick-header-meta":"","header-above-stick-meta":"","header-main-stick-meta":"","header-below-stick-meta":"","astra-migrate-meta-layouts":"default","ast-page-background-enabled":"default","ast-page-background-meta":{"desktop":{"background-color":"var(--ast-global-color-5)","background-image":"","background-repeat":"repeat","background-position":"center center","background-size":"auto","background-attachment":"scroll","background-type":"","background-media":"","overlay-type":"","overlay-color":"","overlay-opacity":"","overlay-gradient":""},"tablet":{"background-color":"","background-image":"","background-repeat":"repeat","background-position":"center center","background-size":"auto","background-attachment":"scroll","background-type":"","background-media":"","overlay-type":"","overlay-color":"","overlay-opacity":"","overlay-gradient":""},"mobile":{"background-color":"","background-image":"","background-repeat":"repeat","background-position":"center center","background-size":"auto","background-attachment":"scroll","background-type":"","background-media":"","overlay-type":"","overlay-color":"","overlay-opacity":"","overlay-gradient":""}},"ast-content-background-meta":{"desktop":{"background-color":"var(--ast-global-color-4)","background-image":"","background-repeat":"repeat","background-position":"center center","background-size":"auto","background-attachment":"scroll","background-type":"","background-media":"","overlay-type":"","overlay-color":"","overlay-opacity":"","overlay-gradient":""},"tablet":{"background-color":"var(--ast-global-color-4)","background-image":"","background-repeat":"repeat","background-position":"center center","background-size":"auto","background-attachment":"scroll","background-type":"","background-media":"","overlay-type":"","overlay-color":"","overlay-opacity":"","overlay-gradient":""},"mobile":{"background-color":"var(--ast-global-color-4)","background-image":"","background-repeat":"repeat","background-position":"center center","background-size":"auto","background-attachment":"scroll","background-type":"","background-media":"","overlay-type":"","overlay-color":"","overlay-opacity":"","overlay-gradient":""}},"footnotes":""},"categories":[208],"tags":[55,72],"class_list":["post-18771","post","type-post","status-publish","format-standard","has-post-thumbnail","hentry","category-noticias","tag-caral","tag-cultura"],"acf":[],"yoast_head":"<!-- This site is optimized with the Yoast SEO plugin v27.3 - https:\/\/yoast.com\/product\/yoast-seo-wordpress\/ -->\n<title>Recuperamos \u00e1rea intangible del sitio arqueol\u00f3gico El Molino en el valle de Supe<\/title>\n<meta name=\"description\" content=\"La Zona Arqueol\u00f3gica Caral (ZAC), Unidad Ejecutora 003 del Ministerio de Cultura, viene trabajando de manera articulada con la poblaci\u00f3n del valle de Supe para recuperar las \u00e1reas intangibles de los sitios arqueol\u00f3gicos y continuar con las labores de investigaci\u00f3n sobre el desarrollo de la Civilizaci\u00f3n Caral (3000 \u2013 1800 a. C.).\" \/>\n<meta name=\"robots\" content=\"index, follow, max-snippet:-1, max-image-preview:large, max-video-preview:-1\" \/>\n<link rel=\"canonical\" href=\"https:\/\/zonacaral.gob.pe\/es\/noticias\/recuperamos-area-intangible-del-sitio-arqueologico-el-molino-en-el-valle-de-supe\/\" \/>\n<meta property=\"og:locale\" content=\"es_ES\" \/>\n<meta property=\"og:type\" content=\"article\" \/>\n<meta property=\"og:title\" content=\"Recuperamos \u00e1rea intangible del sitio arqueol\u00f3gico El Molino en el valle de Supe\" \/>\n<meta property=\"og:description\" content=\"La Zona Arqueol\u00f3gica Caral (ZAC), Unidad Ejecutora 003 del Ministerio de Cultura, viene trabajando de manera articulada con la poblaci\u00f3n del valle de Supe para recuperar las \u00e1reas intangibles de los sitios arqueol\u00f3gicos y continuar con las labores de investigaci\u00f3n sobre el desarrollo de la Civilizaci\u00f3n Caral (3000 \u2013 1800 a. C.).\" \/>\n<meta property=\"og:url\" content=\"https:\/\/zonacaral.gob.pe\/es\/noticias\/recuperamos-area-intangible-del-sitio-arqueologico-el-molino-en-el-valle-de-supe\/\" \/>\n<meta property=\"og:site_name\" content=\"Zona Caral\" \/>\n<meta property=\"article:published_time\" content=\"2026-01-14T19:01:39+00:00\" \/>\n<meta property=\"og:image\" content=\"https:\/\/zonacaral.gob.pe\/wp-content\/uploads\/2026\/01\/1-el-molino-y-maqueta.jpg\" \/>\n\t<meta property=\"og:image:width\" content=\"1366\" \/>\n\t<meta property=\"og:image:height\" content=\"768\" \/>\n\t<meta property=\"og:image:type\" content=\"image\/jpeg\" \/>\n<meta name=\"author\" content=\"Zona Caral Administrador\" \/>\n<meta name=\"twitter:card\" content=\"summary_large_image\" \/>\n<meta name=\"twitter:label1\" content=\"Written by\" \/>\n\t<meta name=\"twitter:data1\" content=\"Zona Caral Administrador\" \/>\n\t<meta name=\"twitter:label2\" content=\"Est. reading time\" \/>\n\t<meta name=\"twitter:data2\" content=\"4 minutos\" \/>\n<script type=\"application\/ld+json\" class=\"yoast-schema-graph\">{\"@context\":\"https:\\\/\\\/schema.org\",\"@graph\":[{\"@type\":\"Article\",\"@id\":\"https:\\\/\\\/zonacaral.gob.pe\\\/noticias\\\/recuperamos-area-intangible-del-sitio-arqueologico-el-molino-en-el-valle-de-supe\\\/#article\",\"isPartOf\":{\"@id\":\"https:\\\/\\\/zonacaral.gob.pe\\\/noticias\\\/recuperamos-area-intangible-del-sitio-arqueologico-el-molino-en-el-valle-de-supe\\\/\"},\"author\":{\"name\":\"Zona Caral Administrador\",\"@id\":\"https:\\\/\\\/zonacaral.gob.pe\\\/es\\\/#\\\/schema\\\/person\\\/beddb4d22f71a7230c5b90913270a0ee\"},\"headline\":\"Recuperamos \u00e1rea intangible del sitio arqueol\u00f3gico El Molino en el valle de Supe\",\"datePublished\":\"2026-01-14T19:01:39+00:00\",\"mainEntityOfPage\":{\"@id\":\"https:\\\/\\\/zonacaral.gob.pe\\\/noticias\\\/recuperamos-area-intangible-del-sitio-arqueologico-el-molino-en-el-valle-de-supe\\\/\"},\"wordCount\":834,\"image\":{\"@id\":\"https:\\\/\\\/zonacaral.gob.pe\\\/noticias\\\/recuperamos-area-intangible-del-sitio-arqueologico-el-molino-en-el-valle-de-supe\\\/#primaryimage\"},\"thumbnailUrl\":\"https:\\\/\\\/zonacaral.gob.pe\\\/wp-content\\\/uploads\\\/2026\\\/01\\\/1-el-molino-y-maqueta.jpg\",\"keywords\":[\"caral\",\"Cultura\"],\"articleSection\":[\"noticias\"],\"inLanguage\":\"es-PE\"},{\"@type\":\"WebPage\",\"@id\":\"https:\\\/\\\/zonacaral.gob.pe\\\/noticias\\\/recuperamos-area-intangible-del-sitio-arqueologico-el-molino-en-el-valle-de-supe\\\/\",\"url\":\"https:\\\/\\\/zonacaral.gob.pe\\\/noticias\\\/recuperamos-area-intangible-del-sitio-arqueologico-el-molino-en-el-valle-de-supe\\\/\",\"name\":\"Recuperamos \u00e1rea intangible del sitio arqueol\u00f3gico El Molino en el valle de Supe\",\"isPartOf\":{\"@id\":\"https:\\\/\\\/zonacaral.gob.pe\\\/es\\\/#website\"},\"primaryImageOfPage\":{\"@id\":\"https:\\\/\\\/zonacaral.gob.pe\\\/noticias\\\/recuperamos-area-intangible-del-sitio-arqueologico-el-molino-en-el-valle-de-supe\\\/#primaryimage\"},\"image\":{\"@id\":\"https:\\\/\\\/zonacaral.gob.pe\\\/noticias\\\/recuperamos-area-intangible-del-sitio-arqueologico-el-molino-en-el-valle-de-supe\\\/#primaryimage\"},\"thumbnailUrl\":\"https:\\\/\\\/zonacaral.gob.pe\\\/wp-content\\\/uploads\\\/2026\\\/01\\\/1-el-molino-y-maqueta.jpg\",\"datePublished\":\"2026-01-14T19:01:39+00:00\",\"author\":{\"@id\":\"https:\\\/\\\/zonacaral.gob.pe\\\/es\\\/#\\\/schema\\\/person\\\/beddb4d22f71a7230c5b90913270a0ee\"},\"description\":\"La Zona Arqueol\u00f3gica Caral (ZAC), Unidad Ejecutora 003 del Ministerio de Cultura, viene trabajando de manera articulada con la poblaci\u00f3n del valle de Supe para recuperar las \u00e1reas intangibles de los sitios arqueol\u00f3gicos y continuar con las labores de investigaci\u00f3n sobre el desarrollo de la Civilizaci\u00f3n Caral (3000 \u2013 1800 a. C.).\",\"breadcrumb\":{\"@id\":\"https:\\\/\\\/zonacaral.gob.pe\\\/noticias\\\/recuperamos-area-intangible-del-sitio-arqueologico-el-molino-en-el-valle-de-supe\\\/#breadcrumb\"},\"inLanguage\":\"es-PE\",\"potentialAction\":[{\"@type\":\"ReadAction\",\"target\":[\"https:\\\/\\\/zonacaral.gob.pe\\\/noticias\\\/recuperamos-area-intangible-del-sitio-arqueologico-el-molino-en-el-valle-de-supe\\\/\"]}]},{\"@type\":\"ImageObject\",\"inLanguage\":\"es-PE\",\"@id\":\"https:\\\/\\\/zonacaral.gob.pe\\\/noticias\\\/recuperamos-area-intangible-del-sitio-arqueologico-el-molino-en-el-valle-de-supe\\\/#primaryimage\",\"url\":\"https:\\\/\\\/zonacaral.gob.pe\\\/wp-content\\\/uploads\\\/2026\\\/01\\\/1-el-molino-y-maqueta.jpg\",\"contentUrl\":\"https:\\\/\\\/zonacaral.gob.pe\\\/wp-content\\\/uploads\\\/2026\\\/01\\\/1-el-molino-y-maqueta.jpg\",\"width\":1366,\"height\":768},{\"@type\":\"BreadcrumbList\",\"@id\":\"https:\\\/\\\/zonacaral.gob.pe\\\/noticias\\\/recuperamos-area-intangible-del-sitio-arqueologico-el-molino-en-el-valle-de-supe\\\/#breadcrumb\",\"itemListElement\":[{\"@type\":\"ListItem\",\"position\":1,\"name\":\"Portada\",\"item\":\"https:\\\/\\\/zonacaral.gob.pe\\\/\"},{\"@type\":\"ListItem\",\"position\":2,\"name\":\"Recuperamos \u00e1rea intangible del sitio arqueol\u00f3gico El Molino en el valle de Supe\"}]},{\"@type\":\"WebSite\",\"@id\":\"https:\\\/\\\/zonacaral.gob.pe\\\/es\\\/#website\",\"url\":\"https:\\\/\\\/zonacaral.gob.pe\\\/es\\\/\",\"name\":\"Zona Caral\",\"description\":\"Investigamos, conservamos y difundimos el patrimonio cultural de la Civilizaci\u00f3n Caral, la m\u00e1s antigua de Am\u00e9rica.\",\"potentialAction\":[{\"@type\":\"SearchAction\",\"target\":{\"@type\":\"EntryPoint\",\"urlTemplate\":\"https:\\\/\\\/zonacaral.gob.pe\\\/es\\\/?s={search_term_string}\"},\"query-input\":{\"@type\":\"PropertyValueSpecification\",\"valueRequired\":true,\"valueName\":\"search_term_string\"}}],\"inLanguage\":\"es-PE\"},{\"@type\":\"Person\",\"@id\":\"https:\\\/\\\/zonacaral.gob.pe\\\/es\\\/#\\\/schema\\\/person\\\/beddb4d22f71a7230c5b90913270a0ee\",\"name\":\"Zona Caral Administrador\",\"image\":{\"@type\":\"ImageObject\",\"inLanguage\":\"es-PE\",\"@id\":\"https:\\\/\\\/secure.gravatar.com\\\/avatar\\\/e4be162918a696358376de6446614e0f0f4062bdc5d170d6d540ada3d8b58c12?s=96&d=mm&r=g\",\"url\":\"https:\\\/\\\/secure.gravatar.com\\\/avatar\\\/e4be162918a696358376de6446614e0f0f4062bdc5d170d6d540ada3d8b58c12?s=96&d=mm&r=g\",\"contentUrl\":\"https:\\\/\\\/secure.gravatar.com\\\/avatar\\\/e4be162918a696358376de6446614e0f0f4062bdc5d170d6d540ada3d8b58c12?s=96&d=mm&r=g\",\"caption\":\"Zona Caral Administrador\"},\"sameAs\":[\"https:\\\/\\\/zonacaral.gob.pe\"],\"url\":\"https:\\\/\\\/zonacaral.gob.pe\\\/es\\\/noticias\\\/author\\\/ad_zonacaral\\\/\"}]}<\/script>\n<!-- \/ Yoast SEO plugin. -->","yoast_head_json":{"title":"Recuperamos \u00e1rea intangible del sitio arqueol\u00f3gico El Molino en el valle de Supe","description":"La Zona Arqueol\u00f3gica Caral (ZAC), Unidad Ejecutora 003 del Ministerio de Cultura, viene trabajando de manera articulada con la poblaci\u00f3n del valle de Supe para recuperar las \u00e1reas intangibles de los sitios arqueol\u00f3gicos y continuar con las labores de investigaci\u00f3n sobre el desarrollo de la Civilizaci\u00f3n Caral (3000 \u2013 1800 a. C.).","robots":{"index":"index","follow":"follow","max-snippet":"max-snippet:-1","max-image-preview":"max-image-preview:large","max-video-preview":"max-video-preview:-1"},"canonical":"https:\/\/zonacaral.gob.pe\/es\/noticias\/recuperamos-area-intangible-del-sitio-arqueologico-el-molino-en-el-valle-de-supe\/","og_locale":"es_ES","og_type":"article","og_title":"Recuperamos \u00e1rea intangible del sitio arqueol\u00f3gico El Molino en el valle de Supe","og_description":"La Zona Arqueol\u00f3gica Caral (ZAC), Unidad Ejecutora 003 del Ministerio de Cultura, viene trabajando de manera articulada con la poblaci\u00f3n del valle de Supe para recuperar las \u00e1reas intangibles de los sitios arqueol\u00f3gicos y continuar con las labores de investigaci\u00f3n sobre el desarrollo de la Civilizaci\u00f3n Caral (3000 \u2013 1800 a. C.).","og_url":"https:\/\/zonacaral.gob.pe\/es\/noticias\/recuperamos-area-intangible-del-sitio-arqueologico-el-molino-en-el-valle-de-supe\/","og_site_name":"Zona Caral","article_published_time":"2026-01-14T19:01:39+00:00","og_image":[{"width":1366,"height":768,"url":"https:\/\/zonacaral.gob.pe\/wp-content\/uploads\/2026\/01\/1-el-molino-y-maqueta.jpg","type":"image\/jpeg"}],"author":"Zona Caral Administrador","twitter_card":"summary_large_image","twitter_misc":{"Written by":"Zona Caral Administrador","Est. reading time":"4 minutos"},"schema":{"@context":"https:\/\/schema.org","@graph":[{"@type":"Article","@id":"https:\/\/zonacaral.gob.pe\/noticias\/recuperamos-area-intangible-del-sitio-arqueologico-el-molino-en-el-valle-de-supe\/#article","isPartOf":{"@id":"https:\/\/zonacaral.gob.pe\/noticias\/recuperamos-area-intangible-del-sitio-arqueologico-el-molino-en-el-valle-de-supe\/"},"author":{"name":"Zona Caral Administrador","@id":"https:\/\/zonacaral.gob.pe\/es\/#\/schema\/person\/beddb4d22f71a7230c5b90913270a0ee"},"headline":"Recuperamos \u00e1rea intangible del sitio arqueol\u00f3gico El Molino en el valle de Supe","datePublished":"2026-01-14T19:01:39+00:00","mainEntityOfPage":{"@id":"https:\/\/zonacaral.gob.pe\/noticias\/recuperamos-area-intangible-del-sitio-arqueologico-el-molino-en-el-valle-de-supe\/"},"wordCount":834,"image":{"@id":"https:\/\/zonacaral.gob.pe\/noticias\/recuperamos-area-intangible-del-sitio-arqueologico-el-molino-en-el-valle-de-supe\/#primaryimage"},"thumbnailUrl":"https:\/\/zonacaral.gob.pe\/wp-content\/uploads\/2026\/01\/1-el-molino-y-maqueta.jpg","keywords":["caral","Cultura"],"articleSection":["noticias"],"inLanguage":"es-PE"},{"@type":"WebPage","@id":"https:\/\/zonacaral.gob.pe\/noticias\/recuperamos-area-intangible-del-sitio-arqueologico-el-molino-en-el-valle-de-supe\/","url":"https:\/\/zonacaral.gob.pe\/noticias\/recuperamos-area-intangible-del-sitio-arqueologico-el-molino-en-el-valle-de-supe\/","name":"Recuperamos \u00e1rea intangible del sitio arqueol\u00f3gico El Molino en el valle de Supe","isPartOf":{"@id":"https:\/\/zonacaral.gob.pe\/es\/#website"},"primaryImageOfPage":{"@id":"https:\/\/zonacaral.gob.pe\/noticias\/recuperamos-area-intangible-del-sitio-arqueologico-el-molino-en-el-valle-de-supe\/#primaryimage"},"image":{"@id":"https:\/\/zonacaral.gob.pe\/noticias\/recuperamos-area-intangible-del-sitio-arqueologico-el-molino-en-el-valle-de-supe\/#primaryimage"},"thumbnailUrl":"https:\/\/zonacaral.gob.pe\/wp-content\/uploads\/2026\/01\/1-el-molino-y-maqueta.jpg","datePublished":"2026-01-14T19:01:39+00:00","author":{"@id":"https:\/\/zonacaral.gob.pe\/es\/#\/schema\/person\/beddb4d22f71a7230c5b90913270a0ee"},"description":"La Zona Arqueol\u00f3gica Caral (ZAC), Unidad Ejecutora 003 del Ministerio de Cultura, viene trabajando de manera articulada con la poblaci\u00f3n del valle de Supe para recuperar las \u00e1reas intangibles de los sitios arqueol\u00f3gicos y continuar con las labores de investigaci\u00f3n sobre el desarrollo de la Civilizaci\u00f3n Caral (3000 \u2013 1800 a. C.).","breadcrumb":{"@id":"https:\/\/zonacaral.gob.pe\/noticias\/recuperamos-area-intangible-del-sitio-arqueologico-el-molino-en-el-valle-de-supe\/#breadcrumb"},"inLanguage":"es-PE","potentialAction":[{"@type":"ReadAction","target":["https:\/\/zonacaral.gob.pe\/noticias\/recuperamos-area-intangible-del-sitio-arqueologico-el-molino-en-el-valle-de-supe\/"]}]},{"@type":"ImageObject","inLanguage":"es-PE","@id":"https:\/\/zonacaral.gob.pe\/noticias\/recuperamos-area-intangible-del-sitio-arqueologico-el-molino-en-el-valle-de-supe\/#primaryimage","url":"https:\/\/zonacaral.gob.pe\/wp-content\/uploads\/2026\/01\/1-el-molino-y-maqueta.jpg","contentUrl":"https:\/\/zonacaral.gob.pe\/wp-content\/uploads\/2026\/01\/1-el-molino-y-maqueta.jpg","width":1366,"height":768},{"@type":"BreadcrumbList","@id":"https:\/\/zonacaral.gob.pe\/noticias\/recuperamos-area-intangible-del-sitio-arqueologico-el-molino-en-el-valle-de-supe\/#breadcrumb","itemListElement":[{"@type":"ListItem","position":1,"name":"Portada","item":"https:\/\/zonacaral.gob.pe\/"},{"@type":"ListItem","position":2,"name":"Recuperamos \u00e1rea intangible del sitio arqueol\u00f3gico El Molino en el valle de Supe"}]},{"@type":"WebSite","@id":"https:\/\/zonacaral.gob.pe\/es\/#website","url":"https:\/\/zonacaral.gob.pe\/es\/","name":"Zona Caral","description":"Investigamos, conservamos y difundimos el patrimonio cultural de la Civilizaci\u00f3n Caral, la m\u00e1s antigua de Am\u00e9rica.","potentialAction":[{"@type":"SearchAction","target":{"@type":"EntryPoint","urlTemplate":"https:\/\/zonacaral.gob.pe\/es\/?s={search_term_string}"},"query-input":{"@type":"PropertyValueSpecification","valueRequired":true,"valueName":"search_term_string"}}],"inLanguage":"es-PE"},{"@type":"Person","@id":"https:\/\/zonacaral.gob.pe\/es\/#\/schema\/person\/beddb4d22f71a7230c5b90913270a0ee","name":"Zona Caral Administrador","image":{"@type":"ImageObject","inLanguage":"es-PE","@id":"https:\/\/secure.gravatar.com\/avatar\/e4be162918a696358376de6446614e0f0f4062bdc5d170d6d540ada3d8b58c12?s=96&d=mm&r=g","url":"https:\/\/secure.gravatar.com\/avatar\/e4be162918a696358376de6446614e0f0f4062bdc5d170d6d540ada3d8b58c12?s=96&d=mm&r=g","contentUrl":"https:\/\/secure.gravatar.com\/avatar\/e4be162918a696358376de6446614e0f0f4062bdc5d170d6d540ada3d8b58c12?s=96&d=mm&r=g","caption":"Zona Caral Administrador"},"sameAs":["https:\/\/zonacaral.gob.pe"],"url":"https:\/\/zonacaral.gob.pe\/es\/noticias\/author\/ad_zonacaral\/"}]}},"_links":{"self":[{"href":"https:\/\/zonacaral.gob.pe\/es\/wp-json\/wp\/v2\/posts\/18771","targetHints":{"allow":["GET"]}}],"collection":[{"href":"https:\/\/zonacaral.gob.pe\/es\/wp-json\/wp\/v2\/posts"}],"about":[{"href":"https:\/\/zonacaral.gob.pe\/es\/wp-json\/wp\/v2\/types\/post"}],"author":[{"embeddable":true,"href":"https:\/\/zonacaral.gob.pe\/es\/wp-json\/wp\/v2\/users\/1"}],"replies":[{"embeddable":true,"href":"https:\/\/zonacaral.gob.pe\/es\/wp-json\/wp\/v2\/comments?post=18771"}],"version-history":[{"count":0,"href":"https:\/\/zonacaral.gob.pe\/es\/wp-json\/wp\/v2\/posts\/18771\/revisions"}],"wp:featuredmedia":[{"embeddable":true,"href":"https:\/\/zonacaral.gob.pe\/es\/wp-json\/wp\/v2\/media\/18774"}],"wp:attachment":[{"href":"https:\/\/zonacaral.gob.pe\/es\/wp-json\/wp\/v2\/media?parent=18771"}],"wp:term":[{"taxonomy":"category","embeddable":true,"href":"https:\/\/zonacaral.gob.pe\/es\/wp-json\/wp\/v2\/categories?post=18771"},{"taxonomy":"post_tag","embeddable":true,"href":"https:\/\/zonacaral.gob.pe\/es\/wp-json\/wp\/v2\/tags?post=18771"}],"curies":[{"name":"wp","href":"https:\/\/api.w.org\/{rel}","templated":true}]}}