{"id":24003,"date":"2026-03-31T14:20:08","date_gmt":"2026-03-31T19:20:08","guid":{"rendered":"https:\/\/zonacaral.gob.pe\/?p=24003"},"modified":"2026-03-31T14:20:12","modified_gmt":"2026-03-31T19:20:12","slug":"puerta-abierta-a-la-cultura-ingresa-gratis-a-caral-aspero-vichama-y-penico","status":"publish","type":"post","link":"https:\/\/zonacaral.gob.pe\/es\/noticias\/puerta-abierta-a-la-cultura-ingresa-gratis-a-caral-aspero-vichama-y-penico\/","title":{"rendered":"Puerta abierta a la cultura: ingresa gratis a Caral, \u00c1spero, Vichama y Pe\u00f1ico"},"content":{"rendered":"\n<blockquote class=\"wp-block-quote is-layout-flow wp-block-quote-is-layout-flow\">\n<p>Viaja al origen de la civilizaci\u00f3n y conecta con nuestro pasado milenario.<\/p>\n<\/blockquote>\n\n\n\n<p>Este primer domingo de abril, el p\u00fablico nacional y los extranjeros residentes en el Per\u00fa podr\u00e1n ingresar de manera gratuita a cuatro antiguas ciudades de la primera civilizaci\u00f3n de Am\u00e9rica: la Ciudad Sagrada de Caral-Supe, \u00c1spero, Vichama y Pe\u00f1ico, ubicadas en las provincias de Barranca y Huaura.<\/p>\n\n\n\n<p>Esta jornada especial representa una valiosa oportunidad para que familias, estudiantes y, en especial, los amantes de nuestro patrimonio cultural conozcan de cerca la herencia de la Civilizaci\u00f3n Caral, desarrollada hace cinco mil a\u00f1os en el valle de Supe.<\/p>\n\n\n\n<p>Durante la visita, los asistentes podr\u00e1n recorrer estos importantes centros urbanos, apreciar su compleja organizaci\u00f3n social, as\u00ed como sus avances en ciencia y tecnolog\u00eda. Asimismo, conocer\u00e1n su armoniosa relaci\u00f3n con el entorno natural, su modelo de producci\u00f3n sostenible y su activa interacci\u00f3n \u2014a corta y larga distancia\u2014 con sociedades de la costa, sierra y selva.<\/p>\n\n\n\n<p>El acceso libre tiene como objetivo promover el reconocimiento y la valoraci\u00f3n de nuestro patrimonio cultural, fortaleciendo la identidad y el orgullo por nuestras ra\u00edces milenarias.<\/p>\n\n\n\n<p>Se recomienda a los visitantes planificar su viaje con anticipaci\u00f3n, respetar las normas de conservaci\u00f3n de cada sitio arqueol\u00f3gico y seguir las indicaciones del personal para disfrutar de una experiencia segura y enriquecedora.<\/p>\n\n\n\n<p><strong>Datos:<\/strong><\/p>\n\n\n\n<p>El ingreso gratuito se realizar\u00e1 en el horario habitual de atenci\u00f3n de cada sitio: de 9:00 a. m. a 5:00 p. m., siendo las 4:00 p. m. la \u00faltima hora de ingreso.<\/p>\n\n\n\n<p>Las visitas se realizan con la mediaci\u00f3n de los orientadores locales, miembros de la poblaci\u00f3n del entorno de los sitios arqueol\u00f3gicos, capacitados y organizados para ofrecer la interpretaci\u00f3n cultural. El servicio requiere el pago \u00fanico de dos soles (S\/ 2.00) por persona y en grupos de 10 visitantes.<\/p>\n\n\n\n<p>Este beneficio forma parte de la Ley N.\u00b0 30599, promulgada en el Per\u00fa en 2017, que establece el acceso gratuito el primer domingo de cada mes a sitios arqueol\u00f3gicos, museos y lugares hist\u00f3ricos administrados por el Estado, con el fin de promover la valoraci\u00f3n de nuestro patrimonio cultural.<\/p>\n\n\n\n<p><em>Para m\u00e1s noticias sobre el patrimonio cultural de la Civilizaci\u00f3n Caral, sigue a la Zona Arqueol\u00f3gica Caral en<\/em><a href=\"https:\/\/www.instagram.com\/caralperu\/?hl=es\" target=\"_blank\" rel=\"noreferrer noopener\"><em>&nbsp;Instagram<\/em><\/a><em>,<\/em><a href=\"https:\/\/www.tiktok.com\/@caral_peru?lang=es\" target=\"_blank\" rel=\"noreferrer noopener\"><em>&nbsp;Tik Tok<\/em><\/a><em>,<\/em><a href=\"https:\/\/www.facebook.com\/CARALPERU\/\" target=\"_blank\" rel=\"noreferrer noopener\"><em>&nbsp;Facebook<\/em><\/a><em>,<\/em><a href=\"https:\/\/x.com\/Peru_Caral\" target=\"_blank\" rel=\"noreferrer noopener\"><em>&nbsp;X<\/em><\/a><em>,<\/em><a href=\"https:\/\/www.youtube.com\/PeruCaral\" target=\"_blank\" rel=\"noreferrer noopener\"><em>&nbsp;YouTube<\/em><\/a><em>&nbsp;y en nuestro canal oficial de<\/em><a href=\"https:\/\/t.me\/Caral_Peru\" target=\"_blank\" rel=\"noreferrer noopener\"><em>&nbsp;Telegram<\/em><\/a><em>.<\/em><\/p>\n\n\n\n<p><\/p>\n\n\n\n\n\n<p><\/p>\n","protected":false},"excerpt":{"rendered":"<p>Viaja al origen de la civilizaci\u00f3n y conecta con nuestro pasado milenario. Este primer domingo de abril, el p\u00fablico nacional [&hellip;]<\/p>\n","protected":false},"author":4,"featured_media":24004,"comment_status":"open","ping_status":"open","sticky":false,"template":"","format":"standard","meta":{"_acf_changed":false,"site-sidebar-layout":"default","site-content-layout":"","ast-site-content-layout":"default","site-content-style":"default","site-sidebar-style":"default","ast-global-header-display":"","ast-banner-title-visibility":"","ast-main-header-display":"","ast-hfb-above-header-display":"","ast-hfb-below-header-display":"","ast-hfb-mobile-header-display":"","site-post-title":"","ast-breadcrumbs-content":"","ast-featured-img":"","footer-sml-layout":"","ast-disable-related-posts":"","theme-transparent-header-meta":"","adv-header-id-meta":"","stick-header-meta":"","header-above-stick-meta":"","header-main-stick-meta":"","header-below-stick-meta":"","astra-migrate-meta-layouts":"default","ast-page-background-enabled":"default","ast-page-background-meta":{"desktop":{"background-color":"var(--ast-global-color-5)","background-image":"","background-repeat":"repeat","background-position":"center center","background-size":"auto","background-attachment":"scroll","background-type":"","background-media":"","overlay-type":"","overlay-color":"","overlay-opacity":"","overlay-gradient":""},"tablet":{"background-color":"","background-image":"","background-repeat":"repeat","background-position":"center center","background-size":"auto","background-attachment":"scroll","background-type":"","background-media":"","overlay-type":"","overlay-color":"","overlay-opacity":"","overlay-gradient":""},"mobile":{"background-color":"","background-image":"","background-repeat":"repeat","background-position":"center center","background-size":"auto","background-attachment":"scroll","background-type":"","background-media":"","overlay-type":"","overlay-color":"","overlay-opacity":"","overlay-gradient":""}},"ast-content-background-meta":{"desktop":{"background-color":"var(--ast-global-color-4)","background-image":"","background-repeat":"repeat","background-position":"center center","background-size":"auto","background-attachment":"scroll","background-type":"","background-media":"","overlay-type":"","overlay-color":"","overlay-opacity":"","overlay-gradient":""},"tablet":{"background-color":"var(--ast-global-color-4)","background-image":"","background-repeat":"repeat","background-position":"center center","background-size":"auto","background-attachment":"scroll","background-type":"","background-media":"","overlay-type":"","overlay-color":"","overlay-opacity":"","overlay-gradient":""},"mobile":{"background-color":"var(--ast-global-color-4)","background-image":"","background-repeat":"repeat","background-position":"center center","background-size":"auto","background-attachment":"scroll","background-type":"","background-media":"","overlay-type":"","overlay-color":"","overlay-opacity":"","overlay-gradient":""}},"footnotes":""},"categories":[208],"tags":[225,55,233,215,218,150,234,232,61],"class_list":["post-24003","post","type-post","status-publish","format-standard","has-post-thumbnail","hentry","category-noticias","tag-aspero-2","tag-caral","tag-huaura","tag-penico","tag-planes-en-lima","tag-semana-santa","tag-sitio-arqueologico","tag-vegueta-2","tag-vichama"],"acf":[],"yoast_head":"<!-- This site is optimized with the Yoast SEO plugin v27.3 - https:\/\/yoast.com\/product\/yoast-seo-wordpress\/ -->\n<title>Puerta abierta a la cultura: ingresa gratis a Caral, \u00c1spero, Vichama y Pe\u00f1ico - Zona Caral<\/title>\n<meta name=\"robots\" content=\"index, follow, max-snippet:-1, max-image-preview:large, max-video-preview:-1\" \/>\n<link rel=\"canonical\" href=\"https:\/\/zonacaral.gob.pe\/es\/noticias\/puerta-abierta-a-la-cultura-ingresa-gratis-a-caral-aspero-vichama-y-penico\/\" \/>\n<meta property=\"og:locale\" content=\"es_ES\" \/>\n<meta property=\"og:type\" content=\"article\" \/>\n<meta property=\"og:title\" content=\"Puerta abierta a la cultura: ingresa gratis a Caral, \u00c1spero, Vichama y Pe\u00f1ico - Zona Caral\" \/>\n<meta property=\"og:description\" content=\"Viaja al origen de la civilizaci\u00f3n y conecta con nuestro pasado milenario. Este primer domingo de abril, el p\u00fablico nacional [&hellip;]\" \/>\n<meta property=\"og:url\" content=\"https:\/\/zonacaral.gob.pe\/es\/noticias\/puerta-abierta-a-la-cultura-ingresa-gratis-a-caral-aspero-vichama-y-penico\/\" \/>\n<meta property=\"og:site_name\" content=\"Zona Caral\" \/>\n<meta property=\"article:published_time\" content=\"2026-03-31T19:20:08+00:00\" \/>\n<meta property=\"article:modified_time\" content=\"2026-03-31T19:20:12+00:00\" \/>\n<meta property=\"og:image\" content=\"https:\/\/zonacaral.gob.pe\/wp-content\/uploads\/2026\/03\/ingreso-gratis.png\" \/>\n\t<meta property=\"og:image:width\" content=\"1366\" \/>\n\t<meta property=\"og:image:height\" content=\"768\" \/>\n\t<meta property=\"og:image:type\" content=\"image\/png\" \/>\n<meta name=\"author\" content=\"webmaster\" \/>\n<meta name=\"twitter:card\" content=\"summary_large_image\" \/>\n<meta name=\"twitter:label1\" content=\"Written by\" \/>\n\t<meta name=\"twitter:data1\" content=\"webmaster\" \/>\n\t<meta name=\"twitter:label2\" content=\"Est. reading time\" \/>\n\t<meta name=\"twitter:data2\" content=\"2 minutos\" \/>\n<script type=\"application\/ld+json\" class=\"yoast-schema-graph\">{\"@context\":\"https:\\\/\\\/schema.org\",\"@graph\":[{\"@type\":\"Article\",\"@id\":\"https:\\\/\\\/zonacaral.gob.pe\\\/noticias\\\/puerta-abierta-a-la-cultura-ingresa-gratis-a-caral-aspero-vichama-y-penico\\\/#article\",\"isPartOf\":{\"@id\":\"https:\\\/\\\/zonacaral.gob.pe\\\/noticias\\\/puerta-abierta-a-la-cultura-ingresa-gratis-a-caral-aspero-vichama-y-penico\\\/\"},\"author\":{\"name\":\"webmaster\",\"@id\":\"https:\\\/\\\/zonacaral.gob.pe\\\/es\\\/#\\\/schema\\\/person\\\/c3fbf557c7f65281e36e4e45873334e0\"},\"headline\":\"Puerta abierta a la cultura: ingresa gratis a Caral, \u00c1spero, Vichama y Pe\u00f1ico\",\"datePublished\":\"2026-03-31T19:20:08+00:00\",\"dateModified\":\"2026-03-31T19:20:12+00:00\",\"mainEntityOfPage\":{\"@id\":\"https:\\\/\\\/zonacaral.gob.pe\\\/noticias\\\/puerta-abierta-a-la-cultura-ingresa-gratis-a-caral-aspero-vichama-y-penico\\\/\"},\"wordCount\":417,\"commentCount\":0,\"image\":{\"@id\":\"https:\\\/\\\/zonacaral.gob.pe\\\/noticias\\\/puerta-abierta-a-la-cultura-ingresa-gratis-a-caral-aspero-vichama-y-penico\\\/#primaryimage\"},\"thumbnailUrl\":\"https:\\\/\\\/zonacaral.gob.pe\\\/wp-content\\\/uploads\\\/2026\\\/03\\\/ingreso-gratis.png\",\"keywords\":[\"\u00c1spero\",\"caral\",\"Huaura\",\"Pe\u00f1ico\",\"Planes en Lima\",\"semana santa\",\"Sitio arqueol\u00f3gico\",\"V\u00e9gueta\",\"vichama\"],\"articleSection\":[\"noticias\"],\"inLanguage\":\"es-PE\",\"potentialAction\":[{\"@type\":\"CommentAction\",\"name\":\"Comment\",\"target\":[\"https:\\\/\\\/zonacaral.gob.pe\\\/noticias\\\/puerta-abierta-a-la-cultura-ingresa-gratis-a-caral-aspero-vichama-y-penico\\\/#respond\"]}]},{\"@type\":\"WebPage\",\"@id\":\"https:\\\/\\\/zonacaral.gob.pe\\\/noticias\\\/puerta-abierta-a-la-cultura-ingresa-gratis-a-caral-aspero-vichama-y-penico\\\/\",\"url\":\"https:\\\/\\\/zonacaral.gob.pe\\\/noticias\\\/puerta-abierta-a-la-cultura-ingresa-gratis-a-caral-aspero-vichama-y-penico\\\/\",\"name\":\"Puerta abierta a la cultura: ingresa gratis a Caral, \u00c1spero, Vichama y Pe\u00f1ico - Zona Caral\",\"isPartOf\":{\"@id\":\"https:\\\/\\\/zonacaral.gob.pe\\\/es\\\/#website\"},\"primaryImageOfPage\":{\"@id\":\"https:\\\/\\\/zonacaral.gob.pe\\\/noticias\\\/puerta-abierta-a-la-cultura-ingresa-gratis-a-caral-aspero-vichama-y-penico\\\/#primaryimage\"},\"image\":{\"@id\":\"https:\\\/\\\/zonacaral.gob.pe\\\/noticias\\\/puerta-abierta-a-la-cultura-ingresa-gratis-a-caral-aspero-vichama-y-penico\\\/#primaryimage\"},\"thumbnailUrl\":\"https:\\\/\\\/zonacaral.gob.pe\\\/wp-content\\\/uploads\\\/2026\\\/03\\\/ingreso-gratis.png\",\"datePublished\":\"2026-03-31T19:20:08+00:00\",\"dateModified\":\"2026-03-31T19:20:12+00:00\",\"author\":{\"@id\":\"https:\\\/\\\/zonacaral.gob.pe\\\/es\\\/#\\\/schema\\\/person\\\/c3fbf557c7f65281e36e4e45873334e0\"},\"breadcrumb\":{\"@id\":\"https:\\\/\\\/zonacaral.gob.pe\\\/noticias\\\/puerta-abierta-a-la-cultura-ingresa-gratis-a-caral-aspero-vichama-y-penico\\\/#breadcrumb\"},\"inLanguage\":\"es-PE\",\"potentialAction\":[{\"@type\":\"ReadAction\",\"target\":[\"https:\\\/\\\/zonacaral.gob.pe\\\/noticias\\\/puerta-abierta-a-la-cultura-ingresa-gratis-a-caral-aspero-vichama-y-penico\\\/\"]}]},{\"@type\":\"ImageObject\",\"inLanguage\":\"es-PE\",\"@id\":\"https:\\\/\\\/zonacaral.gob.pe\\\/noticias\\\/puerta-abierta-a-la-cultura-ingresa-gratis-a-caral-aspero-vichama-y-penico\\\/#primaryimage\",\"url\":\"https:\\\/\\\/zonacaral.gob.pe\\\/wp-content\\\/uploads\\\/2026\\\/03\\\/ingreso-gratis.png\",\"contentUrl\":\"https:\\\/\\\/zonacaral.gob.pe\\\/wp-content\\\/uploads\\\/2026\\\/03\\\/ingreso-gratis.png\",\"width\":1366,\"height\":768},{\"@type\":\"BreadcrumbList\",\"@id\":\"https:\\\/\\\/zonacaral.gob.pe\\\/noticias\\\/puerta-abierta-a-la-cultura-ingresa-gratis-a-caral-aspero-vichama-y-penico\\\/#breadcrumb\",\"itemListElement\":[{\"@type\":\"ListItem\",\"position\":1,\"name\":\"Portada\",\"item\":\"https:\\\/\\\/zonacaral.gob.pe\\\/\"},{\"@type\":\"ListItem\",\"position\":2,\"name\":\"Puerta abierta a la cultura: ingresa gratis a Caral, \u00c1spero, Vichama y Pe\u00f1ico\"}]},{\"@type\":\"WebSite\",\"@id\":\"https:\\\/\\\/zonacaral.gob.pe\\\/es\\\/#website\",\"url\":\"https:\\\/\\\/zonacaral.gob.pe\\\/es\\\/\",\"name\":\"Zona Caral\",\"description\":\"Investigamos, conservamos y difundimos el patrimonio cultural de la Civilizaci\u00f3n Caral, la m\u00e1s antigua de Am\u00e9rica.\",\"potentialAction\":[{\"@type\":\"SearchAction\",\"target\":{\"@type\":\"EntryPoint\",\"urlTemplate\":\"https:\\\/\\\/zonacaral.gob.pe\\\/es\\\/?s={search_term_string}\"},\"query-input\":{\"@type\":\"PropertyValueSpecification\",\"valueRequired\":true,\"valueName\":\"search_term_string\"}}],\"inLanguage\":\"es-PE\"},{\"@type\":\"Person\",\"@id\":\"https:\\\/\\\/zonacaral.gob.pe\\\/es\\\/#\\\/schema\\\/person\\\/c3fbf557c7f65281e36e4e45873334e0\",\"name\":\"webmaster\",\"image\":{\"@type\":\"ImageObject\",\"inLanguage\":\"es-PE\",\"@id\":\"https:\\\/\\\/secure.gravatar.com\\\/avatar\\\/8164655a0d908be71943f534b536cb394851ecb8a615a9f115545b1a90b0ce5b?s=96&d=mm&r=g\",\"url\":\"https:\\\/\\\/secure.gravatar.com\\\/avatar\\\/8164655a0d908be71943f534b536cb394851ecb8a615a9f115545b1a90b0ce5b?s=96&d=mm&r=g\",\"contentUrl\":\"https:\\\/\\\/secure.gravatar.com\\\/avatar\\\/8164655a0d908be71943f534b536cb394851ecb8a615a9f115545b1a90b0ce5b?s=96&d=mm&r=g\",\"caption\":\"webmaster\"},\"url\":\"https:\\\/\\\/zonacaral.gob.pe\\\/es\\\/noticias\\\/author\\\/webmaster\\\/\"}]}<\/script>\n<!-- \/ Yoast SEO plugin. -->","yoast_head_json":{"title":"Puerta abierta a la cultura: ingresa gratis a Caral, \u00c1spero, Vichama y Pe\u00f1ico - Zona Caral","robots":{"index":"index","follow":"follow","max-snippet":"max-snippet:-1","max-image-preview":"max-image-preview:large","max-video-preview":"max-video-preview:-1"},"canonical":"https:\/\/zonacaral.gob.pe\/es\/noticias\/puerta-abierta-a-la-cultura-ingresa-gratis-a-caral-aspero-vichama-y-penico\/","og_locale":"es_ES","og_type":"article","og_title":"Puerta abierta a la cultura: ingresa gratis a Caral, \u00c1spero, Vichama y Pe\u00f1ico - Zona Caral","og_description":"Viaja al origen de la civilizaci\u00f3n y conecta con nuestro pasado milenario. Este primer domingo de abril, el p\u00fablico nacional [&hellip;]","og_url":"https:\/\/zonacaral.gob.pe\/es\/noticias\/puerta-abierta-a-la-cultura-ingresa-gratis-a-caral-aspero-vichama-y-penico\/","og_site_name":"Zona Caral","article_published_time":"2026-03-31T19:20:08+00:00","article_modified_time":"2026-03-31T19:20:12+00:00","og_image":[{"width":1366,"height":768,"url":"https:\/\/zonacaral.gob.pe\/wp-content\/uploads\/2026\/03\/ingreso-gratis.png","type":"image\/png"}],"author":"webmaster","twitter_card":"summary_large_image","twitter_misc":{"Written by":"webmaster","Est. reading time":"2 minutos"},"schema":{"@context":"https:\/\/schema.org","@graph":[{"@type":"Article","@id":"https:\/\/zonacaral.gob.pe\/noticias\/puerta-abierta-a-la-cultura-ingresa-gratis-a-caral-aspero-vichama-y-penico\/#article","isPartOf":{"@id":"https:\/\/zonacaral.gob.pe\/noticias\/puerta-abierta-a-la-cultura-ingresa-gratis-a-caral-aspero-vichama-y-penico\/"},"author":{"name":"webmaster","@id":"https:\/\/zonacaral.gob.pe\/es\/#\/schema\/person\/c3fbf557c7f65281e36e4e45873334e0"},"headline":"Puerta abierta a la cultura: ingresa gratis a Caral, \u00c1spero, Vichama y Pe\u00f1ico","datePublished":"2026-03-31T19:20:08+00:00","dateModified":"2026-03-31T19:20:12+00:00","mainEntityOfPage":{"@id":"https:\/\/zonacaral.gob.pe\/noticias\/puerta-abierta-a-la-cultura-ingresa-gratis-a-caral-aspero-vichama-y-penico\/"},"wordCount":417,"commentCount":0,"image":{"@id":"https:\/\/zonacaral.gob.pe\/noticias\/puerta-abierta-a-la-cultura-ingresa-gratis-a-caral-aspero-vichama-y-penico\/#primaryimage"},"thumbnailUrl":"https:\/\/zonacaral.gob.pe\/wp-content\/uploads\/2026\/03\/ingreso-gratis.png","keywords":["\u00c1spero","caral","Huaura","Pe\u00f1ico","Planes en Lima","semana santa","Sitio arqueol\u00f3gico","V\u00e9gueta","vichama"],"articleSection":["noticias"],"inLanguage":"es-PE","potentialAction":[{"@type":"CommentAction","name":"Comment","target":["https:\/\/zonacaral.gob.pe\/noticias\/puerta-abierta-a-la-cultura-ingresa-gratis-a-caral-aspero-vichama-y-penico\/#respond"]}]},{"@type":"WebPage","@id":"https:\/\/zonacaral.gob.pe\/noticias\/puerta-abierta-a-la-cultura-ingresa-gratis-a-caral-aspero-vichama-y-penico\/","url":"https:\/\/zonacaral.gob.pe\/noticias\/puerta-abierta-a-la-cultura-ingresa-gratis-a-caral-aspero-vichama-y-penico\/","name":"Puerta abierta a la cultura: ingresa gratis a Caral, \u00c1spero, Vichama y Pe\u00f1ico - Zona Caral","isPartOf":{"@id":"https:\/\/zonacaral.gob.pe\/es\/#website"},"primaryImageOfPage":{"@id":"https:\/\/zonacaral.gob.pe\/noticias\/puerta-abierta-a-la-cultura-ingresa-gratis-a-caral-aspero-vichama-y-penico\/#primaryimage"},"image":{"@id":"https:\/\/zonacaral.gob.pe\/noticias\/puerta-abierta-a-la-cultura-ingresa-gratis-a-caral-aspero-vichama-y-penico\/#primaryimage"},"thumbnailUrl":"https:\/\/zonacaral.gob.pe\/wp-content\/uploads\/2026\/03\/ingreso-gratis.png","datePublished":"2026-03-31T19:20:08+00:00","dateModified":"2026-03-31T19:20:12+00:00","author":{"@id":"https:\/\/zonacaral.gob.pe\/es\/#\/schema\/person\/c3fbf557c7f65281e36e4e45873334e0"},"breadcrumb":{"@id":"https:\/\/zonacaral.gob.pe\/noticias\/puerta-abierta-a-la-cultura-ingresa-gratis-a-caral-aspero-vichama-y-penico\/#breadcrumb"},"inLanguage":"es-PE","potentialAction":[{"@type":"ReadAction","target":["https:\/\/zonacaral.gob.pe\/noticias\/puerta-abierta-a-la-cultura-ingresa-gratis-a-caral-aspero-vichama-y-penico\/"]}]},{"@type":"ImageObject","inLanguage":"es-PE","@id":"https:\/\/zonacaral.gob.pe\/noticias\/puerta-abierta-a-la-cultura-ingresa-gratis-a-caral-aspero-vichama-y-penico\/#primaryimage","url":"https:\/\/zonacaral.gob.pe\/wp-content\/uploads\/2026\/03\/ingreso-gratis.png","contentUrl":"https:\/\/zonacaral.gob.pe\/wp-content\/uploads\/2026\/03\/ingreso-gratis.png","width":1366,"height":768},{"@type":"BreadcrumbList","@id":"https:\/\/zonacaral.gob.pe\/noticias\/puerta-abierta-a-la-cultura-ingresa-gratis-a-caral-aspero-vichama-y-penico\/#breadcrumb","itemListElement":[{"@type":"ListItem","position":1,"name":"Portada","item":"https:\/\/zonacaral.gob.pe\/"},{"@type":"ListItem","position":2,"name":"Puerta abierta a la cultura: ingresa gratis a Caral, \u00c1spero, Vichama y Pe\u00f1ico"}]},{"@type":"WebSite","@id":"https:\/\/zonacaral.gob.pe\/es\/#website","url":"https:\/\/zonacaral.gob.pe\/es\/","name":"Zona Caral","description":"Investigamos, conservamos y difundimos el patrimonio cultural de la Civilizaci\u00f3n Caral, la m\u00e1s antigua de Am\u00e9rica.","potentialAction":[{"@type":"SearchAction","target":{"@type":"EntryPoint","urlTemplate":"https:\/\/zonacaral.gob.pe\/es\/?s={search_term_string}"},"query-input":{"@type":"PropertyValueSpecification","valueRequired":true,"valueName":"search_term_string"}}],"inLanguage":"es-PE"},{"@type":"Person","@id":"https:\/\/zonacaral.gob.pe\/es\/#\/schema\/person\/c3fbf557c7f65281e36e4e45873334e0","name":"webmaster","image":{"@type":"ImageObject","inLanguage":"es-PE","@id":"https:\/\/secure.gravatar.com\/avatar\/8164655a0d908be71943f534b536cb394851ecb8a615a9f115545b1a90b0ce5b?s=96&d=mm&r=g","url":"https:\/\/secure.gravatar.com\/avatar\/8164655a0d908be71943f534b536cb394851ecb8a615a9f115545b1a90b0ce5b?s=96&d=mm&r=g","contentUrl":"https:\/\/secure.gravatar.com\/avatar\/8164655a0d908be71943f534b536cb394851ecb8a615a9f115545b1a90b0ce5b?s=96&d=mm&r=g","caption":"webmaster"},"url":"https:\/\/zonacaral.gob.pe\/es\/noticias\/author\/webmaster\/"}]}},"_links":{"self":[{"href":"https:\/\/zonacaral.gob.pe\/es\/wp-json\/wp\/v2\/posts\/24003","targetHints":{"allow":["GET"]}}],"collection":[{"href":"https:\/\/zonacaral.gob.pe\/es\/wp-json\/wp\/v2\/posts"}],"about":[{"href":"https:\/\/zonacaral.gob.pe\/es\/wp-json\/wp\/v2\/types\/post"}],"author":[{"embeddable":true,"href":"https:\/\/zonacaral.gob.pe\/es\/wp-json\/wp\/v2\/users\/4"}],"replies":[{"embeddable":true,"href":"https:\/\/zonacaral.gob.pe\/es\/wp-json\/wp\/v2\/comments?post=24003"}],"version-history":[{"count":1,"href":"https:\/\/zonacaral.gob.pe\/es\/wp-json\/wp\/v2\/posts\/24003\/revisions"}],"predecessor-version":[{"id":24005,"href":"https:\/\/zonacaral.gob.pe\/es\/wp-json\/wp\/v2\/posts\/24003\/revisions\/24005"}],"wp:featuredmedia":[{"embeddable":true,"href":"https:\/\/zonacaral.gob.pe\/es\/wp-json\/wp\/v2\/media\/24004"}],"wp:attachment":[{"href":"https:\/\/zonacaral.gob.pe\/es\/wp-json\/wp\/v2\/media?parent=24003"}],"wp:term":[{"taxonomy":"category","embeddable":true,"href":"https:\/\/zonacaral.gob.pe\/es\/wp-json\/wp\/v2\/categories?post=24003"},{"taxonomy":"post_tag","embeddable":true,"href":"https:\/\/zonacaral.gob.pe\/es\/wp-json\/wp\/v2\/tags?post=24003"}],"curies":[{"name":"wp","href":"https:\/\/api.w.org\/{rel}","templated":true}]}}