{"id":24483,"date":"2026-04-30T14:34:21","date_gmt":"2026-04-30T19:34:21","guid":{"rendered":"https:\/\/zonacaral.gob.pe\/?p=24483"},"modified":"2026-04-30T14:50:10","modified_gmt":"2026-04-30T19:50:10","slug":"primer-domingo-de-mayo-ingreso-gratis-a-caral-aspero-vichama-y-penico","status":"publish","type":"post","link":"https:\/\/zonacaral.gob.pe\/es\/noticias\/primer-domingo-de-mayo-ingreso-gratis-a-caral-aspero-vichama-y-penico\/","title":{"rendered":"Primer domingo de mayo: ingreso gratis a Caral, \u00c1spero, Vichama y Pe\u00f1ico"},"content":{"rendered":"\n<blockquote class=\"wp-block-quote is-layout-flow wp-block-quote-is-layout-flow\">\n<p><em><em><em><em><em><em><strong><em><em><em><em><em>Un pretexto para visitar las antiguas ciudades de la Civilizaci\u00f3n Caral.<\/em><\/em><\/em><\/em><\/em><\/strong><\/em><\/em><\/em><\/em><\/em><\/em><\/p>\n<\/blockquote>\n\n\n\n<p>En el marco del programa nacional de acceso libre a museos y sitios arqueol\u00f3gicos administrados por el Estado, la <a href=\"https:\/\/www.gob.pe\/caral\"><strong>Zona Arqueol\u00f3gica Caral<\/strong><\/a> (ZAC), Unidad Ejecutora 003 del Ministerio de Cultura, invita al p\u00fablico a visitar gratuitamente, el pr\u00f3ximo primer domingo de mayo, los sitios arqueol\u00f3gicos Ciudad Sagrada de Caral, \u00c1spero, Vichama y Pe\u00f1ico.<\/p>\n\n\n\n<p>Esta iniciativa tiene como objetivo promover el acceso al patrimonio arqueol\u00f3gico, fortalecer la identidad nacional y acercar a las familias peruanas al conocimiento de la historia milenaria del pa\u00eds.<\/p>\n\n\n\n<p>Durante la jornada, el ingreso ser\u00e1 libre; \u00fanicamente se realizar\u00e1 un aporte simb\u00f3lico de dos soles por persona \u2014en grupos de hasta diez visitantes\u2014 destinado al servicio de mediaci\u00f3n cultural brindado por int\u00e9rpretes del patrimonio capacitados por la ZAC.<\/p>\n\n\n\n<p>Los visitantes podr\u00e1n recorrer la <a href=\"https:\/\/zonacaral.gob.pe\/es\/ruta-caral\/ciudad-sagrada-de-caral\/\"><strong>Ciudad Sagrada de Caral<\/strong><\/a>, reconocida como Patrimonio Mundial y capital de la civilizaci\u00f3n m\u00e1s antigua de Am\u00e9rica; conocer <a href=\"https:\/\/zonacaral.gob.pe\/es\/ruta-caral\/zona-arqueologica-aspero\/\"><strong>\u00c1spero<\/strong><\/a>, ciudad pesquera vinculada al aprovechamiento sostenible de los recursos marinos; visitar <a href=\"https:\/\/zonacaral.gob.pe\/es\/ruta-caral\/zona-arqueologica-vichama\/\"><strong>Vichama<\/strong><\/a>, centro urbano con evidencias de cambios sociales y ambientales en el antiguo Per\u00fa; y explorar <a href=\"https:\/\/zonacaral.gob.pe\/es\/ruta-caral\/zona-arqueologica-penico\/\"><strong>Pe\u00f1ico<\/strong><\/a>, sitio arqueol\u00f3gico asociado a la din\u00e1mica de integraci\u00f3n sociocultural del valle de Supe.<\/p>\n\n\n\n<p>Estos destinos, ubicados en las provincias de Barranca y Huaura, ofrecen al visitante la oportunidad de conocer su importancia hist\u00f3rica, recorrer paisajes culturales \u00fanicos y disfrutar, adem\u00e1s, de la gastronom\u00eda local y los diversos servicios tur\u00edsticos de la zona.<\/p>\n\n\n\n<p>La instituci\u00f3n recomienda asistir en familia, portar sombrero o gorra, bloqueador solar y agua, as\u00ed como respetar las normas de conservaci\u00f3n del patrimonio arqueol\u00f3gico durante la visita.<\/p>\n\n\n\n<p>Con esta actividad, la Zona Arqueol\u00f3gica Caral reafirma su compromiso de acercar el patrimonio cultural a la ciudadan\u00eda, promoviendo el turismo cultural responsable y el reconocimiento del legado de la Civilizaci\u00f3n Caral, una de las civilizaciones m\u00e1s antiguas del mundo.<\/p>\n\n\n\n<h6 class=\"wp-block-heading\"><strong>Viajes Culturales a Caral y Pe\u00f1ico<\/strong><\/h6>\n\n\n\n<p>Asimismo, una forma de llegar a estos centros urbanos es participando del programa Viajes Culturales de la Zona Arqueol\u00f3gica Caral. Para m\u00e1s informaci\u00f3n, comun\u00edcate al: 955 881 340 (WhatsApp y llamadas) o al (01) 904 1156 (n\u00famero fijo).<\/p>\n\n\n\n<p><strong>DATO<\/strong><\/p>\n\n\n\n<p>Este beneficio forma parte de la Ley N.\u00b0 30599, promulgada en el Per\u00fa en 2017, que establece el acceso gratuito el primer domingo de cada mes a sitios arqueol\u00f3gicos, museos y lugares hist\u00f3ricos administrados por el Estado, con el fin de promover la valoraci\u00f3n de nuestro patrimonio cultural.<\/p>\n\n\n\n<p><em>Para m\u00e1s noticias de la Zona Arqueol\u00f3gica Caral, s\u00edguenos en <\/em><a href=\"https:\/\/www.instagram.com\/caralperu\/?hl=es\"><em>Instagram<\/em><\/a><em>, <\/em><a href=\"https:\/\/www.tiktok.com\/@caral_peru?lang=es\"><em>Tik Tok<\/em><\/a><em>, <\/em><a href=\"https:\/\/www.facebook.com\/CARALPERU\/\"><em>Facebook<\/em><\/a><em>, <\/em><a href=\"https:\/\/x.com\/Peru_Caral\"><em>X<\/em><\/a><em>, <\/em><a href=\"https:\/\/www.youtube.com\/PeruCaral\"><em>YouTube<\/em><\/a><em> y en nuestro canal de <\/em><a href=\"https:\/\/t.me\/Caral_Peru\"><em>Telegram<\/em><\/a><em>.<\/em><\/p>\n\n\n\n<p><em>Conoce m\u00e1s de la civilizaci\u00f3n Caral en nuestro&nbsp;<a href=\"https:\/\/zonacaral.gob.pe\/es\/museo-caral-virtual\/\">museo virtual<\/a>.&nbsp;<\/em><\/p>\n\n\n\n<p><\/p>\n","protected":false},"excerpt":{"rendered":"<p>Un pretexto para visitar las antiguas ciudades de la Civilizaci\u00f3n Caral. En el marco del programa nacional de acceso libre [&hellip;]<\/p>\n","protected":false},"author":4,"featured_media":24485,"comment_status":"open","ping_status":"open","sticky":false,"template":"","format":"standard","meta":{"_acf_changed":false,"site-sidebar-layout":"default","site-content-layout":"","ast-site-content-layout":"default","site-content-style":"default","site-sidebar-style":"default","ast-global-header-display":"","ast-banner-title-visibility":"","ast-main-header-display":"","ast-hfb-above-header-display":"","ast-hfb-below-header-display":"","ast-hfb-mobile-header-display":"","site-post-title":"","ast-breadcrumbs-content":"","ast-featured-img":"","footer-sml-layout":"","ast-disable-related-posts":"","theme-transparent-header-meta":"","adv-header-id-meta":"","stick-header-meta":"","header-above-stick-meta":"","header-main-stick-meta":"","header-below-stick-meta":"","astra-migrate-meta-layouts":"default","ast-page-background-enabled":"default","ast-page-background-meta":{"desktop":{"background-color":"var(--ast-global-color-5)","background-image":"","background-repeat":"repeat","background-position":"center center","background-size":"auto","background-attachment":"scroll","background-type":"","background-media":"","overlay-type":"","overlay-color":"","overlay-opacity":"","overlay-gradient":""},"tablet":{"background-color":"","background-image":"","background-repeat":"repeat","background-position":"center center","background-size":"auto","background-attachment":"scroll","background-type":"","background-media":"","overlay-type":"","overlay-color":"","overlay-opacity":"","overlay-gradient":""},"mobile":{"background-color":"","background-image":"","background-repeat":"repeat","background-position":"center center","background-size":"auto","background-attachment":"scroll","background-type":"","background-media":"","overlay-type":"","overlay-color":"","overlay-opacity":"","overlay-gradient":""}},"ast-content-background-meta":{"desktop":{"background-color":"var(--ast-global-color-4)","background-image":"","background-repeat":"repeat","background-position":"center center","background-size":"auto","background-attachment":"scroll","background-type":"","background-media":"","overlay-type":"","overlay-color":"","overlay-opacity":"","overlay-gradient":""},"tablet":{"background-color":"var(--ast-global-color-4)","background-image":"","background-repeat":"repeat","background-position":"center center","background-size":"auto","background-attachment":"scroll","background-type":"","background-media":"","overlay-type":"","overlay-color":"","overlay-opacity":"","overlay-gradient":""},"mobile":{"background-color":"var(--ast-global-color-4)","background-image":"","background-repeat":"repeat","background-position":"center center","background-size":"auto","background-attachment":"scroll","background-type":"","background-media":"","overlay-type":"","overlay-color":"","overlay-opacity":"","overlay-gradient":""}},"footnotes":""},"categories":[208],"tags":[225,265,261,267,257,215,218,56,70,61,255],"class_list":["post-24483","post","type-post","status-publish","format-standard","has-post-thumbnail","hentry","category-noticias","tag-aspero-2","tag-astronomia","tag-barranca","tag-ciudad-sagrada-de-caral","tag-lima","tag-penico","tag-planes-en-lima","tag-supe","tag-viajes","tag-vichama","tag-zona-arqueologica-caral"],"acf":[],"yoast_head":"<!-- This site is optimized with the Yoast SEO plugin v27.3 - https:\/\/yoast.com\/product\/yoast-seo-wordpress\/ -->\n<title>Primer domingo de mayo: ingreso gratis a Caral, \u00c1spero, Vichama y Pe\u00f1ico - Zona Caral<\/title>\n<meta name=\"description\" content=\"En el marco del programa nacional de acceso libre a museos y sitios arqueol\u00f3gicos administrados por el Estado, la Zona Arqueol\u00f3gica Caral (ZAC), Unidad Ejecutora 003 del Ministerio de Cultura, invita al p\u00fablico a visitar gratuitamente, el pr\u00f3ximo primer domingo de mayo, los sitios arqueol\u00f3gicos Ciudad Sagrada de Caral, \u00c1spero, Vichama y Pe\u00f1ico.\" \/>\n<meta name=\"robots\" content=\"index, follow, max-snippet:-1, max-image-preview:large, max-video-preview:-1\" \/>\n<link rel=\"canonical\" href=\"https:\/\/zonacaral.gob.pe\/es\/noticias\/primer-domingo-de-mayo-ingreso-gratis-a-caral-aspero-vichama-y-penico\/\" \/>\n<meta property=\"og:locale\" content=\"es_ES\" \/>\n<meta property=\"og:type\" content=\"article\" \/>\n<meta property=\"og:title\" content=\"Primer domingo de mayo: ingreso gratis a Caral, \u00c1spero, Vichama y Pe\u00f1ico - Zona Caral\" \/>\n<meta property=\"og:description\" content=\"En el marco del programa nacional de acceso libre a museos y sitios arqueol\u00f3gicos administrados por el Estado, la Zona Arqueol\u00f3gica Caral (ZAC), Unidad Ejecutora 003 del Ministerio de Cultura, invita al p\u00fablico a visitar gratuitamente, el pr\u00f3ximo primer domingo de mayo, los sitios arqueol\u00f3gicos Ciudad Sagrada de Caral, \u00c1spero, Vichama y Pe\u00f1ico.\" \/>\n<meta property=\"og:url\" content=\"https:\/\/zonacaral.gob.pe\/es\/noticias\/primer-domingo-de-mayo-ingreso-gratis-a-caral-aspero-vichama-y-penico\/\" \/>\n<meta property=\"og:site_name\" content=\"Zona Caral\" \/>\n<meta property=\"article:published_time\" content=\"2026-04-30T19:34:21+00:00\" \/>\n<meta property=\"article:modified_time\" content=\"2026-04-30T19:50:10+00:00\" \/>\n<meta property=\"og:image\" content=\"https:\/\/zonacaral.gob.pe\/wp-content\/uploads\/2026\/04\/ingreso-gratis-1.png\" \/>\n\t<meta property=\"og:image:width\" content=\"1200\" \/>\n\t<meta property=\"og:image:height\" content=\"675\" \/>\n\t<meta property=\"og:image:type\" content=\"image\/png\" \/>\n<meta name=\"author\" content=\"webmaster\" \/>\n<meta name=\"twitter:card\" content=\"summary_large_image\" \/>\n<meta name=\"twitter:label1\" content=\"Written by\" \/>\n\t<meta name=\"twitter:data1\" content=\"webmaster\" \/>\n\t<meta name=\"twitter:label2\" content=\"Est. reading time\" \/>\n\t<meta name=\"twitter:data2\" content=\"3 minutos\" \/>\n<script type=\"application\/ld+json\" class=\"yoast-schema-graph\">{\"@context\":\"https:\\\/\\\/schema.org\",\"@graph\":[{\"@type\":\"Article\",\"@id\":\"https:\\\/\\\/zonacaral.gob.pe\\\/noticias\\\/primer-domingo-de-mayo-ingreso-gratis-a-caral-aspero-vichama-y-penico\\\/#article\",\"isPartOf\":{\"@id\":\"https:\\\/\\\/zonacaral.gob.pe\\\/noticias\\\/primer-domingo-de-mayo-ingreso-gratis-a-caral-aspero-vichama-y-penico\\\/\"},\"author\":{\"name\":\"webmaster\",\"@id\":\"https:\\\/\\\/zonacaral.gob.pe\\\/es\\\/#\\\/schema\\\/person\\\/c3fbf557c7f65281e36e4e45873334e0\"},\"headline\":\"Primer domingo de mayo: ingreso gratis a Caral, \u00c1spero, Vichama y Pe\u00f1ico\",\"datePublished\":\"2026-04-30T19:34:21+00:00\",\"dateModified\":\"2026-04-30T19:50:10+00:00\",\"mainEntityOfPage\":{\"@id\":\"https:\\\/\\\/zonacaral.gob.pe\\\/noticias\\\/primer-domingo-de-mayo-ingreso-gratis-a-caral-aspero-vichama-y-penico\\\/\"},\"wordCount\":479,\"commentCount\":0,\"image\":{\"@id\":\"https:\\\/\\\/zonacaral.gob.pe\\\/noticias\\\/primer-domingo-de-mayo-ingreso-gratis-a-caral-aspero-vichama-y-penico\\\/#primaryimage\"},\"thumbnailUrl\":\"https:\\\/\\\/zonacaral.gob.pe\\\/wp-content\\\/uploads\\\/2026\\\/04\\\/ingreso-gratis-1.png\",\"keywords\":[\"\u00c1spero\",\"Astronom\u00eda\",\"Barranca\",\"Ciudad Sagrada de Caral\",\"Lima\",\"Pe\u00f1ico\",\"Planes en Lima\",\"supe\",\"viajes\",\"vichama\",\"Zona Arqueol\u00f3gica Caral\"],\"articleSection\":[\"noticias\"],\"inLanguage\":\"es-PE\",\"potentialAction\":[{\"@type\":\"CommentAction\",\"name\":\"Comment\",\"target\":[\"https:\\\/\\\/zonacaral.gob.pe\\\/noticias\\\/primer-domingo-de-mayo-ingreso-gratis-a-caral-aspero-vichama-y-penico\\\/#respond\"]}]},{\"@type\":\"WebPage\",\"@id\":\"https:\\\/\\\/zonacaral.gob.pe\\\/noticias\\\/primer-domingo-de-mayo-ingreso-gratis-a-caral-aspero-vichama-y-penico\\\/\",\"url\":\"https:\\\/\\\/zonacaral.gob.pe\\\/noticias\\\/primer-domingo-de-mayo-ingreso-gratis-a-caral-aspero-vichama-y-penico\\\/\",\"name\":\"Primer domingo de mayo: ingreso gratis a Caral, \u00c1spero, Vichama y Pe\u00f1ico - Zona Caral\",\"isPartOf\":{\"@id\":\"https:\\\/\\\/zonacaral.gob.pe\\\/es\\\/#website\"},\"primaryImageOfPage\":{\"@id\":\"https:\\\/\\\/zonacaral.gob.pe\\\/noticias\\\/primer-domingo-de-mayo-ingreso-gratis-a-caral-aspero-vichama-y-penico\\\/#primaryimage\"},\"image\":{\"@id\":\"https:\\\/\\\/zonacaral.gob.pe\\\/noticias\\\/primer-domingo-de-mayo-ingreso-gratis-a-caral-aspero-vichama-y-penico\\\/#primaryimage\"},\"thumbnailUrl\":\"https:\\\/\\\/zonacaral.gob.pe\\\/wp-content\\\/uploads\\\/2026\\\/04\\\/ingreso-gratis-1.png\",\"datePublished\":\"2026-04-30T19:34:21+00:00\",\"dateModified\":\"2026-04-30T19:50:10+00:00\",\"author\":{\"@id\":\"https:\\\/\\\/zonacaral.gob.pe\\\/es\\\/#\\\/schema\\\/person\\\/c3fbf557c7f65281e36e4e45873334e0\"},\"description\":\"En el marco del programa nacional de acceso libre a museos y sitios arqueol\u00f3gicos administrados por el Estado, la Zona Arqueol\u00f3gica Caral (ZAC), Unidad Ejecutora 003 del Ministerio de Cultura, invita al p\u00fablico a visitar gratuitamente, el pr\u00f3ximo primer domingo de mayo, los sitios arqueol\u00f3gicos Ciudad Sagrada de Caral, \u00c1spero, Vichama y Pe\u00f1ico.\",\"breadcrumb\":{\"@id\":\"https:\\\/\\\/zonacaral.gob.pe\\\/noticias\\\/primer-domingo-de-mayo-ingreso-gratis-a-caral-aspero-vichama-y-penico\\\/#breadcrumb\"},\"inLanguage\":\"es-PE\",\"potentialAction\":[{\"@type\":\"ReadAction\",\"target\":[\"https:\\\/\\\/zonacaral.gob.pe\\\/noticias\\\/primer-domingo-de-mayo-ingreso-gratis-a-caral-aspero-vichama-y-penico\\\/\"]}]},{\"@type\":\"ImageObject\",\"inLanguage\":\"es-PE\",\"@id\":\"https:\\\/\\\/zonacaral.gob.pe\\\/noticias\\\/primer-domingo-de-mayo-ingreso-gratis-a-caral-aspero-vichama-y-penico\\\/#primaryimage\",\"url\":\"https:\\\/\\\/zonacaral.gob.pe\\\/wp-content\\\/uploads\\\/2026\\\/04\\\/ingreso-gratis-1.png\",\"contentUrl\":\"https:\\\/\\\/zonacaral.gob.pe\\\/wp-content\\\/uploads\\\/2026\\\/04\\\/ingreso-gratis-1.png\",\"width\":1200,\"height\":675},{\"@type\":\"BreadcrumbList\",\"@id\":\"https:\\\/\\\/zonacaral.gob.pe\\\/noticias\\\/primer-domingo-de-mayo-ingreso-gratis-a-caral-aspero-vichama-y-penico\\\/#breadcrumb\",\"itemListElement\":[{\"@type\":\"ListItem\",\"position\":1,\"name\":\"Portada\",\"item\":\"https:\\\/\\\/zonacaral.gob.pe\\\/\"},{\"@type\":\"ListItem\",\"position\":2,\"name\":\"Primer domingo de mayo: ingreso gratis a Caral, \u00c1spero, Vichama y Pe\u00f1ico\"}]},{\"@type\":\"WebSite\",\"@id\":\"https:\\\/\\\/zonacaral.gob.pe\\\/es\\\/#website\",\"url\":\"https:\\\/\\\/zonacaral.gob.pe\\\/es\\\/\",\"name\":\"Zona Caral\",\"description\":\"Investigamos, conservamos y difundimos el patrimonio cultural de la Civilizaci\u00f3n Caral, la m\u00e1s antigua de Am\u00e9rica.\",\"potentialAction\":[{\"@type\":\"SearchAction\",\"target\":{\"@type\":\"EntryPoint\",\"urlTemplate\":\"https:\\\/\\\/zonacaral.gob.pe\\\/es\\\/?s={search_term_string}\"},\"query-input\":{\"@type\":\"PropertyValueSpecification\",\"valueRequired\":true,\"valueName\":\"search_term_string\"}}],\"inLanguage\":\"es-PE\"},{\"@type\":\"Person\",\"@id\":\"https:\\\/\\\/zonacaral.gob.pe\\\/es\\\/#\\\/schema\\\/person\\\/c3fbf557c7f65281e36e4e45873334e0\",\"name\":\"webmaster\",\"image\":{\"@type\":\"ImageObject\",\"inLanguage\":\"es-PE\",\"@id\":\"https:\\\/\\\/secure.gravatar.com\\\/avatar\\\/8164655a0d908be71943f534b536cb394851ecb8a615a9f115545b1a90b0ce5b?s=96&d=mm&r=g\",\"url\":\"https:\\\/\\\/secure.gravatar.com\\\/avatar\\\/8164655a0d908be71943f534b536cb394851ecb8a615a9f115545b1a90b0ce5b?s=96&d=mm&r=g\",\"contentUrl\":\"https:\\\/\\\/secure.gravatar.com\\\/avatar\\\/8164655a0d908be71943f534b536cb394851ecb8a615a9f115545b1a90b0ce5b?s=96&d=mm&r=g\",\"caption\":\"webmaster\"},\"url\":\"https:\\\/\\\/zonacaral.gob.pe\\\/es\\\/noticias\\\/author\\\/webmaster\\\/\"}]}<\/script>\n<!-- \/ Yoast SEO plugin. -->","yoast_head_json":{"title":"Primer domingo de mayo: ingreso gratis a Caral, \u00c1spero, Vichama y Pe\u00f1ico - Zona Caral","description":"En el marco del programa nacional de acceso libre a museos y sitios arqueol\u00f3gicos administrados por el Estado, la Zona Arqueol\u00f3gica Caral (ZAC), Unidad Ejecutora 003 del Ministerio de Cultura, invita al p\u00fablico a visitar gratuitamente, el pr\u00f3ximo primer domingo de mayo, los sitios arqueol\u00f3gicos Ciudad Sagrada de Caral, \u00c1spero, Vichama y Pe\u00f1ico.","robots":{"index":"index","follow":"follow","max-snippet":"max-snippet:-1","max-image-preview":"max-image-preview:large","max-video-preview":"max-video-preview:-1"},"canonical":"https:\/\/zonacaral.gob.pe\/es\/noticias\/primer-domingo-de-mayo-ingreso-gratis-a-caral-aspero-vichama-y-penico\/","og_locale":"es_ES","og_type":"article","og_title":"Primer domingo de mayo: ingreso gratis a Caral, \u00c1spero, Vichama y Pe\u00f1ico - Zona Caral","og_description":"En el marco del programa nacional de acceso libre a museos y sitios arqueol\u00f3gicos administrados por el Estado, la Zona Arqueol\u00f3gica Caral (ZAC), Unidad Ejecutora 003 del Ministerio de Cultura, invita al p\u00fablico a visitar gratuitamente, el pr\u00f3ximo primer domingo de mayo, los sitios arqueol\u00f3gicos Ciudad Sagrada de Caral, \u00c1spero, Vichama y Pe\u00f1ico.","og_url":"https:\/\/zonacaral.gob.pe\/es\/noticias\/primer-domingo-de-mayo-ingreso-gratis-a-caral-aspero-vichama-y-penico\/","og_site_name":"Zona Caral","article_published_time":"2026-04-30T19:34:21+00:00","article_modified_time":"2026-04-30T19:50:10+00:00","og_image":[{"width":1200,"height":675,"url":"https:\/\/zonacaral.gob.pe\/wp-content\/uploads\/2026\/04\/ingreso-gratis-1.png","type":"image\/png"}],"author":"webmaster","twitter_card":"summary_large_image","twitter_misc":{"Written by":"webmaster","Est. reading time":"3 minutos"},"schema":{"@context":"https:\/\/schema.org","@graph":[{"@type":"Article","@id":"https:\/\/zonacaral.gob.pe\/noticias\/primer-domingo-de-mayo-ingreso-gratis-a-caral-aspero-vichama-y-penico\/#article","isPartOf":{"@id":"https:\/\/zonacaral.gob.pe\/noticias\/primer-domingo-de-mayo-ingreso-gratis-a-caral-aspero-vichama-y-penico\/"},"author":{"name":"webmaster","@id":"https:\/\/zonacaral.gob.pe\/es\/#\/schema\/person\/c3fbf557c7f65281e36e4e45873334e0"},"headline":"Primer domingo de mayo: ingreso gratis a Caral, \u00c1spero, Vichama y Pe\u00f1ico","datePublished":"2026-04-30T19:34:21+00:00","dateModified":"2026-04-30T19:50:10+00:00","mainEntityOfPage":{"@id":"https:\/\/zonacaral.gob.pe\/noticias\/primer-domingo-de-mayo-ingreso-gratis-a-caral-aspero-vichama-y-penico\/"},"wordCount":479,"commentCount":0,"image":{"@id":"https:\/\/zonacaral.gob.pe\/noticias\/primer-domingo-de-mayo-ingreso-gratis-a-caral-aspero-vichama-y-penico\/#primaryimage"},"thumbnailUrl":"https:\/\/zonacaral.gob.pe\/wp-content\/uploads\/2026\/04\/ingreso-gratis-1.png","keywords":["\u00c1spero","Astronom\u00eda","Barranca","Ciudad Sagrada de Caral","Lima","Pe\u00f1ico","Planes en Lima","supe","viajes","vichama","Zona Arqueol\u00f3gica Caral"],"articleSection":["noticias"],"inLanguage":"es-PE","potentialAction":[{"@type":"CommentAction","name":"Comment","target":["https:\/\/zonacaral.gob.pe\/noticias\/primer-domingo-de-mayo-ingreso-gratis-a-caral-aspero-vichama-y-penico\/#respond"]}]},{"@type":"WebPage","@id":"https:\/\/zonacaral.gob.pe\/noticias\/primer-domingo-de-mayo-ingreso-gratis-a-caral-aspero-vichama-y-penico\/","url":"https:\/\/zonacaral.gob.pe\/noticias\/primer-domingo-de-mayo-ingreso-gratis-a-caral-aspero-vichama-y-penico\/","name":"Primer domingo de mayo: ingreso gratis a Caral, \u00c1spero, Vichama y Pe\u00f1ico - Zona Caral","isPartOf":{"@id":"https:\/\/zonacaral.gob.pe\/es\/#website"},"primaryImageOfPage":{"@id":"https:\/\/zonacaral.gob.pe\/noticias\/primer-domingo-de-mayo-ingreso-gratis-a-caral-aspero-vichama-y-penico\/#primaryimage"},"image":{"@id":"https:\/\/zonacaral.gob.pe\/noticias\/primer-domingo-de-mayo-ingreso-gratis-a-caral-aspero-vichama-y-penico\/#primaryimage"},"thumbnailUrl":"https:\/\/zonacaral.gob.pe\/wp-content\/uploads\/2026\/04\/ingreso-gratis-1.png","datePublished":"2026-04-30T19:34:21+00:00","dateModified":"2026-04-30T19:50:10+00:00","author":{"@id":"https:\/\/zonacaral.gob.pe\/es\/#\/schema\/person\/c3fbf557c7f65281e36e4e45873334e0"},"description":"En el marco del programa nacional de acceso libre a museos y sitios arqueol\u00f3gicos administrados por el Estado, la Zona Arqueol\u00f3gica Caral (ZAC), Unidad Ejecutora 003 del Ministerio de Cultura, invita al p\u00fablico a visitar gratuitamente, el pr\u00f3ximo primer domingo de mayo, los sitios arqueol\u00f3gicos Ciudad Sagrada de Caral, \u00c1spero, Vichama y Pe\u00f1ico.","breadcrumb":{"@id":"https:\/\/zonacaral.gob.pe\/noticias\/primer-domingo-de-mayo-ingreso-gratis-a-caral-aspero-vichama-y-penico\/#breadcrumb"},"inLanguage":"es-PE","potentialAction":[{"@type":"ReadAction","target":["https:\/\/zonacaral.gob.pe\/noticias\/primer-domingo-de-mayo-ingreso-gratis-a-caral-aspero-vichama-y-penico\/"]}]},{"@type":"ImageObject","inLanguage":"es-PE","@id":"https:\/\/zonacaral.gob.pe\/noticias\/primer-domingo-de-mayo-ingreso-gratis-a-caral-aspero-vichama-y-penico\/#primaryimage","url":"https:\/\/zonacaral.gob.pe\/wp-content\/uploads\/2026\/04\/ingreso-gratis-1.png","contentUrl":"https:\/\/zonacaral.gob.pe\/wp-content\/uploads\/2026\/04\/ingreso-gratis-1.png","width":1200,"height":675},{"@type":"BreadcrumbList","@id":"https:\/\/zonacaral.gob.pe\/noticias\/primer-domingo-de-mayo-ingreso-gratis-a-caral-aspero-vichama-y-penico\/#breadcrumb","itemListElement":[{"@type":"ListItem","position":1,"name":"Portada","item":"https:\/\/zonacaral.gob.pe\/"},{"@type":"ListItem","position":2,"name":"Primer domingo de mayo: ingreso gratis a Caral, \u00c1spero, Vichama y Pe\u00f1ico"}]},{"@type":"WebSite","@id":"https:\/\/zonacaral.gob.pe\/es\/#website","url":"https:\/\/zonacaral.gob.pe\/es\/","name":"Zona Caral","description":"Investigamos, conservamos y difundimos el patrimonio cultural de la Civilizaci\u00f3n Caral, la m\u00e1s antigua de Am\u00e9rica.","potentialAction":[{"@type":"SearchAction","target":{"@type":"EntryPoint","urlTemplate":"https:\/\/zonacaral.gob.pe\/es\/?s={search_term_string}"},"query-input":{"@type":"PropertyValueSpecification","valueRequired":true,"valueName":"search_term_string"}}],"inLanguage":"es-PE"},{"@type":"Person","@id":"https:\/\/zonacaral.gob.pe\/es\/#\/schema\/person\/c3fbf557c7f65281e36e4e45873334e0","name":"webmaster","image":{"@type":"ImageObject","inLanguage":"es-PE","@id":"https:\/\/secure.gravatar.com\/avatar\/8164655a0d908be71943f534b536cb394851ecb8a615a9f115545b1a90b0ce5b?s=96&d=mm&r=g","url":"https:\/\/secure.gravatar.com\/avatar\/8164655a0d908be71943f534b536cb394851ecb8a615a9f115545b1a90b0ce5b?s=96&d=mm&r=g","contentUrl":"https:\/\/secure.gravatar.com\/avatar\/8164655a0d908be71943f534b536cb394851ecb8a615a9f115545b1a90b0ce5b?s=96&d=mm&r=g","caption":"webmaster"},"url":"https:\/\/zonacaral.gob.pe\/es\/noticias\/author\/webmaster\/"}]}},"_links":{"self":[{"href":"https:\/\/zonacaral.gob.pe\/es\/wp-json\/wp\/v2\/posts\/24483","targetHints":{"allow":["GET"]}}],"collection":[{"href":"https:\/\/zonacaral.gob.pe\/es\/wp-json\/wp\/v2\/posts"}],"about":[{"href":"https:\/\/zonacaral.gob.pe\/es\/wp-json\/wp\/v2\/types\/post"}],"author":[{"embeddable":true,"href":"https:\/\/zonacaral.gob.pe\/es\/wp-json\/wp\/v2\/users\/4"}],"replies":[{"embeddable":true,"href":"https:\/\/zonacaral.gob.pe\/es\/wp-json\/wp\/v2\/comments?post=24483"}],"version-history":[{"count":2,"href":"https:\/\/zonacaral.gob.pe\/es\/wp-json\/wp\/v2\/posts\/24483\/revisions"}],"predecessor-version":[{"id":24487,"href":"https:\/\/zonacaral.gob.pe\/es\/wp-json\/wp\/v2\/posts\/24483\/revisions\/24487"}],"wp:featuredmedia":[{"embeddable":true,"href":"https:\/\/zonacaral.gob.pe\/es\/wp-json\/wp\/v2\/media\/24485"}],"wp:attachment":[{"href":"https:\/\/zonacaral.gob.pe\/es\/wp-json\/wp\/v2\/media?parent=24483"}],"wp:term":[{"taxonomy":"category","embeddable":true,"href":"https:\/\/zonacaral.gob.pe\/es\/wp-json\/wp\/v2\/categories?post=24483"},{"taxonomy":"post_tag","embeddable":true,"href":"https:\/\/zonacaral.gob.pe\/es\/wp-json\/wp\/v2\/tags?post=24483"}],"curies":[{"name":"wp","href":"https:\/\/api.w.org\/{rel}","templated":true}]}}