{"id":8434,"date":"2014-09-08T11:28:30","date_gmt":"2014-09-08T16:28:30","guid":{"rendered":"http:\/\/www.zonacaral.gob.pe\/demo\/wordpress\/?p=8434"},"modified":"2014-09-08T11:28:30","modified_gmt":"2014-09-08T16:28:30","slug":"descubren-altorrelieves-con-formas-humanas-y-de-peces-en-vichama-vegueta","status":"publish","type":"post","link":"https:\/\/zonacaral.gob.pe\/es\/noticias\/descubren-altorrelieves-con-formas-humanas-y-de-peces-en-vichama-vegueta\/","title":{"rendered":"Descubren altorrelieves con formas humanas y de peces en Vichama \u2013 Vegueta"},"content":{"rendered":"<p style=\"color: #222222;\">Despu\u00e9s de un largo y paciente trabajo el equipo de arque\u00f3logos de la Zona Arqueol\u00f3gica Caral \u2013 bajo la direcci\u00f3n de la Dra. Ruth Shady \u2013 hall\u00f3 una maravilla art\u00edstica en uno de los cinco edificios piramidales que conforman el sitio arqueol\u00f3gico de Vichama, del que se estima una antig\u00fcedad de 3,800 a\u00f1os. Se trata de unos bellos relieves murales en la cima del edificio Las Cornisas, el mismo lugar donde se encontr\u00f3 el Sal\u00f3n Ceremonial del Sapo.<\/p>\n<p style=\"color: #222222;\">Los relieves murales con formas humanas y de peces de Vichama son figuras de barro ubicadas en dos banquetas y representan una compleja escena compuesta por aproximadamente 36 personajes, de los cuales hasta el momento se han expuesto 24, por el dif\u00edcil y delicado trabajo de excavaci\u00f3n.<\/p>\n<p style=\"color: #222222;\">Hace unos a\u00f1os, el \u00e1rea que abarca el sitio arqueol\u00f3gico de Vichama iba a ser ocupada por la expansi\u00f3n urbana del pueblo de V\u00e9gueta. Pero con las labores en la zona arqueol\u00f3gica de Caral, dirigidas por la doctora Ruth Shady, se pudo frenar y revertir esta situaci\u00f3n.<\/p>\n<p style=\"color: #222222;\">Los trabajos especializados est\u00e1n permitiendo descubrir algo m\u00e1s de los or\u00edgenes de la civilizaci\u00f3n en el Per\u00fa.<\/p>\n<p style=\"color: #222222;\">Por ejemplo, en el espacio que se hab\u00eda destinado para construir un parque se han hallado, bajo varias capas de arena acumulada por el tiempo, reveladores altorrelieves.<\/p>\n<p style=\"color: #222222;\">El primero fue un rostro humano de peque\u00f1as dimensiones. Tiempo despu\u00e9s fue el famoso sapo con manos humanas, ojos de piedra y un rayo apuntando a su cr\u00e1neo. Ahora el turno es de un conjunto de frisos de una \u00e9poca de mayor antig\u00fcedad.<\/p>\n<p style=\"color: #222222;\">\u00a0<b>Constru\u00edan sobre lo anterior<\/b><\/p>\n<p style=\"color: #222222;\">De acuerdo con Tatiana Abad Lezama, arque\u00f3loga a cargo del trabajo de campo, en este edificio se sigui\u00f3 lo habitual en el antiguo Per\u00fa, que era construir sobre lo anterior.<\/p>\n<p style=\"color: #222222;\">La \u00faltima etapa de esta edificaci\u00f3n corresponde al per\u00edodo en el que se hizo el altorrelieve del sapo. En un momento precedente, debajo del relleno arquitect\u00f3nico, se ubican los frisos reci\u00e9n hallados.<\/p>\n<p style=\"color: #222222;\">\u00a0<b>Actos celebratorios de Vichama<\/b><\/p>\n<p style=\"color: #222222;\">Los actos con respecto a la celebraci\u00f3n del 7mo aniversario de Vichama en Vegueta est\u00e1n en marcha, este viernes 12 est\u00e1 programada \u00a0para las 7 de la noche el pago a la tierra con la presencia de autoridades del gobierno central, se espera la presencia de ministros y congresistas a este acto, en el que estar\u00e1 presente la arque\u00f3loga Ruth Shady Solis; minutos antes se participar\u00e1 de un pasacalle que acompa\u00f1ar\u00e1 el peregrinaje del Se\u00f1or de Vichama y su s\u00e9quito desde la Plaza de Armas de V\u00e9gueta hasta el sitio arqueol\u00f3gico.<\/p>\n<p style=\"color: #222222;\">Y el s\u00e1bado 13 se realizar\u00e1 la actividad festiva: \u201cVichama Raymi\u201d, con la presentaci\u00f3n de los trabajos de puesta en valor realizados en el presente a\u00f1o. Estar\u00e1 acompa\u00f1ado por una feria de productos artesanales y agropecuarios de los pueblos; y la venta de deliciosos platos regionales. Los visitantes, asimismo, podr\u00e1n deleitarse con la presentaci\u00f3n de elencos art\u00edsticos y culturales, como el Centro de Folklore de la Universidad Nacional Mayor de San Marcos.<\/p>\n","protected":false},"excerpt":{"rendered":"<p>Despu\u00e9s de un largo y paciente trabajo el equipo de arque\u00f3logos de la Zona Arqueol\u00f3gica Caral \u2013 bajo la direcci\u00f3n [&hellip;]<\/p>\n","protected":false},"author":1,"featured_media":8441,"comment_status":"closed","ping_status":"open","sticky":false,"template":"","format":"standard","meta":{"_acf_changed":false,"site-sidebar-layout":"default","site-content-layout":"","ast-site-content-layout":"default","site-content-style":"default","site-sidebar-style":"default","ast-global-header-display":"","ast-banner-title-visibility":"","ast-main-header-display":"","ast-hfb-above-header-display":"","ast-hfb-below-header-display":"","ast-hfb-mobile-header-display":"","site-post-title":"","ast-breadcrumbs-content":"","ast-featured-img":"","footer-sml-layout":"","ast-disable-related-posts":"","theme-transparent-header-meta":"","adv-header-id-meta":"","stick-header-meta":"","header-above-stick-meta":"","header-main-stick-meta":"","header-below-stick-meta":"","astra-migrate-meta-layouts":"default","ast-page-background-enabled":"default","ast-page-background-meta":{"desktop":{"background-color":"var(--ast-global-color-5)","background-image":"","background-repeat":"repeat","background-position":"center center","background-size":"auto","background-attachment":"scroll","background-type":"","background-media":"","overlay-type":"","overlay-color":"","overlay-opacity":"","overlay-gradient":""},"tablet":{"background-color":"","background-image":"","background-repeat":"repeat","background-position":"center center","background-size":"auto","background-attachment":"scroll","background-type":"","background-media":"","overlay-type":"","overlay-color":"","overlay-opacity":"","overlay-gradient":""},"mobile":{"background-color":"","background-image":"","background-repeat":"repeat","background-position":"center center","background-size":"auto","background-attachment":"scroll","background-type":"","background-media":"","overlay-type":"","overlay-color":"","overlay-opacity":"","overlay-gradient":""}},"ast-content-background-meta":{"desktop":{"background-color":"var(--ast-global-color-4)","background-image":"","background-repeat":"repeat","background-position":"center center","background-size":"auto","background-attachment":"scroll","background-type":"","background-media":"","overlay-type":"","overlay-color":"","overlay-opacity":"","overlay-gradient":""},"tablet":{"background-color":"var(--ast-global-color-4)","background-image":"","background-repeat":"repeat","background-position":"center center","background-size":"auto","background-attachment":"scroll","background-type":"","background-media":"","overlay-type":"","overlay-color":"","overlay-opacity":"","overlay-gradient":""},"mobile":{"background-color":"var(--ast-global-color-4)","background-image":"","background-repeat":"repeat","background-position":"center center","background-size":"auto","background-attachment":"scroll","background-type":"","background-media":"","overlay-type":"","overlay-color":"","overlay-opacity":"","overlay-gradient":""}},"footnotes":""},"categories":[208],"tags":[54,55,57,58,59,56,60,61],"class_list":["post-8434","post","type-post","status-publish","format-standard","has-post-thumbnail","hentry","category-noticias","tag-aniversario","tag-caral","tag-friso","tag-noticias","tag-relieves","tag-supe","tag-vegueta","tag-vichama"],"acf":[],"yoast_head":"<!-- This site is optimized with the Yoast SEO plugin v27.3 - https:\/\/yoast.com\/product\/yoast-seo-wordpress\/ -->\n<title>Descubren altorrelieves con formas humanas y de peces en Vichama \u2013 Vegueta - Zona Caral<\/title>\n<meta name=\"robots\" content=\"index, follow, max-snippet:-1, max-image-preview:large, max-video-preview:-1\" \/>\n<link rel=\"canonical\" href=\"https:\/\/zonacaral.gob.pe\/es\/noticias\/descubren-altorrelieves-con-formas-humanas-y-de-peces-en-vichama-vegueta\/\" \/>\n<meta property=\"og:locale\" content=\"es_ES\" \/>\n<meta property=\"og:type\" content=\"article\" \/>\n<meta property=\"og:title\" content=\"Descubren altorrelieves con formas humanas y de peces en Vichama \u2013 Vegueta - Zona Caral\" \/>\n<meta property=\"og:description\" content=\"Despu\u00e9s de un largo y paciente trabajo el equipo de arque\u00f3logos de la Zona Arqueol\u00f3gica Caral \u2013 bajo la direcci\u00f3n [&hellip;]\" \/>\n<meta property=\"og:url\" content=\"https:\/\/zonacaral.gob.pe\/es\/noticias\/descubren-altorrelieves-con-formas-humanas-y-de-peces-en-vichama-vegueta\/\" \/>\n<meta property=\"og:site_name\" content=\"Zona Caral\" \/>\n<meta property=\"article:published_time\" content=\"2014-09-08T16:28:30+00:00\" \/>\n<meta property=\"og:image\" content=\"https:\/\/zonacaral.gob.pe\/wp-content\/uploads\/2014\/09\/frisos-vichama1.jpg\" \/>\n\t<meta property=\"og:image:width\" content=\"810\" \/>\n\t<meta property=\"og:image:height\" content=\"410\" \/>\n\t<meta property=\"og:image:type\" content=\"image\/jpeg\" \/>\n<meta name=\"author\" content=\"Zona Caral Administrador\" \/>\n<meta name=\"twitter:card\" content=\"summary_large_image\" \/>\n<meta name=\"twitter:label1\" content=\"Written by\" \/>\n\t<meta name=\"twitter:data1\" content=\"Zona Caral Administrador\" \/>\n\t<meta name=\"twitter:label2\" content=\"Est. reading time\" \/>\n\t<meta name=\"twitter:data2\" content=\"3 minutos\" \/>\n<script type=\"application\/ld+json\" class=\"yoast-schema-graph\">{\"@context\":\"https:\\\/\\\/schema.org\",\"@graph\":[{\"@type\":\"Article\",\"@id\":\"https:\\\/\\\/zonacaral.gob.pe\\\/es\\\/noticias\\\/descubren-altorrelieves-con-formas-humanas-y-de-peces-en-vichama-vegueta\\\/#article\",\"isPartOf\":{\"@id\":\"https:\\\/\\\/zonacaral.gob.pe\\\/es\\\/noticias\\\/descubren-altorrelieves-con-formas-humanas-y-de-peces-en-vichama-vegueta\\\/\"},\"author\":{\"name\":\"Zona Caral Administrador\",\"@id\":\"https:\\\/\\\/zonacaral.gob.pe\\\/es\\\/#\\\/schema\\\/person\\\/beddb4d22f71a7230c5b90913270a0ee\"},\"headline\":\"Descubren altorrelieves con formas humanas y de peces en Vichama \u2013 Vegueta\",\"datePublished\":\"2014-09-08T16:28:30+00:00\",\"mainEntityOfPage\":{\"@id\":\"https:\\\/\\\/zonacaral.gob.pe\\\/es\\\/noticias\\\/descubren-altorrelieves-con-formas-humanas-y-de-peces-en-vichama-vegueta\\\/\"},\"wordCount\":542,\"image\":{\"@id\":\"https:\\\/\\\/zonacaral.gob.pe\\\/es\\\/noticias\\\/descubren-altorrelieves-con-formas-humanas-y-de-peces-en-vichama-vegueta\\\/#primaryimage\"},\"thumbnailUrl\":\"https:\\\/\\\/zonacaral.gob.pe\\\/wp-content\\\/uploads\\\/2014\\\/09\\\/frisos-vichama1.jpg\",\"keywords\":[\"aniversario\",\"caral\",\"friso\",\"noticias\",\"relieves\",\"supe\",\"vegueta\",\"vichama\"],\"articleSection\":[\"noticias\"],\"inLanguage\":\"es-PE\"},{\"@type\":\"WebPage\",\"@id\":\"https:\\\/\\\/zonacaral.gob.pe\\\/es\\\/noticias\\\/descubren-altorrelieves-con-formas-humanas-y-de-peces-en-vichama-vegueta\\\/\",\"url\":\"https:\\\/\\\/zonacaral.gob.pe\\\/es\\\/noticias\\\/descubren-altorrelieves-con-formas-humanas-y-de-peces-en-vichama-vegueta\\\/\",\"name\":\"Descubren altorrelieves con formas humanas y de peces en Vichama \u2013 Vegueta - Zona Caral\",\"isPartOf\":{\"@id\":\"https:\\\/\\\/zonacaral.gob.pe\\\/es\\\/#website\"},\"primaryImageOfPage\":{\"@id\":\"https:\\\/\\\/zonacaral.gob.pe\\\/es\\\/noticias\\\/descubren-altorrelieves-con-formas-humanas-y-de-peces-en-vichama-vegueta\\\/#primaryimage\"},\"image\":{\"@id\":\"https:\\\/\\\/zonacaral.gob.pe\\\/es\\\/noticias\\\/descubren-altorrelieves-con-formas-humanas-y-de-peces-en-vichama-vegueta\\\/#primaryimage\"},\"thumbnailUrl\":\"https:\\\/\\\/zonacaral.gob.pe\\\/wp-content\\\/uploads\\\/2014\\\/09\\\/frisos-vichama1.jpg\",\"datePublished\":\"2014-09-08T16:28:30+00:00\",\"author\":{\"@id\":\"https:\\\/\\\/zonacaral.gob.pe\\\/es\\\/#\\\/schema\\\/person\\\/beddb4d22f71a7230c5b90913270a0ee\"},\"breadcrumb\":{\"@id\":\"https:\\\/\\\/zonacaral.gob.pe\\\/es\\\/noticias\\\/descubren-altorrelieves-con-formas-humanas-y-de-peces-en-vichama-vegueta\\\/#breadcrumb\"},\"inLanguage\":\"es-PE\",\"potentialAction\":[{\"@type\":\"ReadAction\",\"target\":[\"https:\\\/\\\/zonacaral.gob.pe\\\/es\\\/noticias\\\/descubren-altorrelieves-con-formas-humanas-y-de-peces-en-vichama-vegueta\\\/\"]}]},{\"@type\":\"ImageObject\",\"inLanguage\":\"es-PE\",\"@id\":\"https:\\\/\\\/zonacaral.gob.pe\\\/es\\\/noticias\\\/descubren-altorrelieves-con-formas-humanas-y-de-peces-en-vichama-vegueta\\\/#primaryimage\",\"url\":\"https:\\\/\\\/zonacaral.gob.pe\\\/wp-content\\\/uploads\\\/2014\\\/09\\\/frisos-vichama1.jpg\",\"contentUrl\":\"https:\\\/\\\/zonacaral.gob.pe\\\/wp-content\\\/uploads\\\/2014\\\/09\\\/frisos-vichama1.jpg\",\"width\":810,\"height\":410},{\"@type\":\"BreadcrumbList\",\"@id\":\"https:\\\/\\\/zonacaral.gob.pe\\\/es\\\/noticias\\\/descubren-altorrelieves-con-formas-humanas-y-de-peces-en-vichama-vegueta\\\/#breadcrumb\",\"itemListElement\":[{\"@type\":\"ListItem\",\"position\":1,\"name\":\"Portada\",\"item\":\"https:\\\/\\\/zonacaral.gob.pe\\\/\"},{\"@type\":\"ListItem\",\"position\":2,\"name\":\"Descubren altorrelieves con formas humanas y de peces en Vichama \u2013 Vegueta\"}]},{\"@type\":\"WebSite\",\"@id\":\"https:\\\/\\\/zonacaral.gob.pe\\\/es\\\/#website\",\"url\":\"https:\\\/\\\/zonacaral.gob.pe\\\/es\\\/\",\"name\":\"Zona Caral\",\"description\":\"Investigamos, conservamos y difundimos el patrimonio cultural de la Civilizaci\u00f3n Caral, la m\u00e1s antigua de Am\u00e9rica.\",\"potentialAction\":[{\"@type\":\"SearchAction\",\"target\":{\"@type\":\"EntryPoint\",\"urlTemplate\":\"https:\\\/\\\/zonacaral.gob.pe\\\/es\\\/?s={search_term_string}\"},\"query-input\":{\"@type\":\"PropertyValueSpecification\",\"valueRequired\":true,\"valueName\":\"search_term_string\"}}],\"inLanguage\":\"es-PE\"},{\"@type\":\"Person\",\"@id\":\"https:\\\/\\\/zonacaral.gob.pe\\\/es\\\/#\\\/schema\\\/person\\\/beddb4d22f71a7230c5b90913270a0ee\",\"name\":\"Zona Caral Administrador\",\"image\":{\"@type\":\"ImageObject\",\"inLanguage\":\"es-PE\",\"@id\":\"https:\\\/\\\/secure.gravatar.com\\\/avatar\\\/e4be162918a696358376de6446614e0f0f4062bdc5d170d6d540ada3d8b58c12?s=96&d=mm&r=g\",\"url\":\"https:\\\/\\\/secure.gravatar.com\\\/avatar\\\/e4be162918a696358376de6446614e0f0f4062bdc5d170d6d540ada3d8b58c12?s=96&d=mm&r=g\",\"contentUrl\":\"https:\\\/\\\/secure.gravatar.com\\\/avatar\\\/e4be162918a696358376de6446614e0f0f4062bdc5d170d6d540ada3d8b58c12?s=96&d=mm&r=g\",\"caption\":\"Zona Caral Administrador\"},\"sameAs\":[\"https:\\\/\\\/zonacaral.gob.pe\"],\"url\":\"https:\\\/\\\/zonacaral.gob.pe\\\/es\\\/noticias\\\/author\\\/ad_zonacaral\\\/\"}]}<\/script>\n<!-- \/ Yoast SEO plugin. -->","yoast_head_json":{"title":"Descubren altorrelieves con formas humanas y de peces en Vichama \u2013 Vegueta - Zona Caral","robots":{"index":"index","follow":"follow","max-snippet":"max-snippet:-1","max-image-preview":"max-image-preview:large","max-video-preview":"max-video-preview:-1"},"canonical":"https:\/\/zonacaral.gob.pe\/es\/noticias\/descubren-altorrelieves-con-formas-humanas-y-de-peces-en-vichama-vegueta\/","og_locale":"es_ES","og_type":"article","og_title":"Descubren altorrelieves con formas humanas y de peces en Vichama \u2013 Vegueta - Zona Caral","og_description":"Despu\u00e9s de un largo y paciente trabajo el equipo de arque\u00f3logos de la Zona Arqueol\u00f3gica Caral \u2013 bajo la direcci\u00f3n [&hellip;]","og_url":"https:\/\/zonacaral.gob.pe\/es\/noticias\/descubren-altorrelieves-con-formas-humanas-y-de-peces-en-vichama-vegueta\/","og_site_name":"Zona Caral","article_published_time":"2014-09-08T16:28:30+00:00","og_image":[{"width":810,"height":410,"url":"https:\/\/zonacaral.gob.pe\/wp-content\/uploads\/2014\/09\/frisos-vichama1.jpg","type":"image\/jpeg"}],"author":"Zona Caral Administrador","twitter_card":"summary_large_image","twitter_misc":{"Written by":"Zona Caral Administrador","Est. reading time":"3 minutos"},"schema":{"@context":"https:\/\/schema.org","@graph":[{"@type":"Article","@id":"https:\/\/zonacaral.gob.pe\/es\/noticias\/descubren-altorrelieves-con-formas-humanas-y-de-peces-en-vichama-vegueta\/#article","isPartOf":{"@id":"https:\/\/zonacaral.gob.pe\/es\/noticias\/descubren-altorrelieves-con-formas-humanas-y-de-peces-en-vichama-vegueta\/"},"author":{"name":"Zona Caral Administrador","@id":"https:\/\/zonacaral.gob.pe\/es\/#\/schema\/person\/beddb4d22f71a7230c5b90913270a0ee"},"headline":"Descubren altorrelieves con formas humanas y de peces en Vichama \u2013 Vegueta","datePublished":"2014-09-08T16:28:30+00:00","mainEntityOfPage":{"@id":"https:\/\/zonacaral.gob.pe\/es\/noticias\/descubren-altorrelieves-con-formas-humanas-y-de-peces-en-vichama-vegueta\/"},"wordCount":542,"image":{"@id":"https:\/\/zonacaral.gob.pe\/es\/noticias\/descubren-altorrelieves-con-formas-humanas-y-de-peces-en-vichama-vegueta\/#primaryimage"},"thumbnailUrl":"https:\/\/zonacaral.gob.pe\/wp-content\/uploads\/2014\/09\/frisos-vichama1.jpg","keywords":["aniversario","caral","friso","noticias","relieves","supe","vegueta","vichama"],"articleSection":["noticias"],"inLanguage":"es-PE"},{"@type":"WebPage","@id":"https:\/\/zonacaral.gob.pe\/es\/noticias\/descubren-altorrelieves-con-formas-humanas-y-de-peces-en-vichama-vegueta\/","url":"https:\/\/zonacaral.gob.pe\/es\/noticias\/descubren-altorrelieves-con-formas-humanas-y-de-peces-en-vichama-vegueta\/","name":"Descubren altorrelieves con formas humanas y de peces en Vichama \u2013 Vegueta - Zona Caral","isPartOf":{"@id":"https:\/\/zonacaral.gob.pe\/es\/#website"},"primaryImageOfPage":{"@id":"https:\/\/zonacaral.gob.pe\/es\/noticias\/descubren-altorrelieves-con-formas-humanas-y-de-peces-en-vichama-vegueta\/#primaryimage"},"image":{"@id":"https:\/\/zonacaral.gob.pe\/es\/noticias\/descubren-altorrelieves-con-formas-humanas-y-de-peces-en-vichama-vegueta\/#primaryimage"},"thumbnailUrl":"https:\/\/zonacaral.gob.pe\/wp-content\/uploads\/2014\/09\/frisos-vichama1.jpg","datePublished":"2014-09-08T16:28:30+00:00","author":{"@id":"https:\/\/zonacaral.gob.pe\/es\/#\/schema\/person\/beddb4d22f71a7230c5b90913270a0ee"},"breadcrumb":{"@id":"https:\/\/zonacaral.gob.pe\/es\/noticias\/descubren-altorrelieves-con-formas-humanas-y-de-peces-en-vichama-vegueta\/#breadcrumb"},"inLanguage":"es-PE","potentialAction":[{"@type":"ReadAction","target":["https:\/\/zonacaral.gob.pe\/es\/noticias\/descubren-altorrelieves-con-formas-humanas-y-de-peces-en-vichama-vegueta\/"]}]},{"@type":"ImageObject","inLanguage":"es-PE","@id":"https:\/\/zonacaral.gob.pe\/es\/noticias\/descubren-altorrelieves-con-formas-humanas-y-de-peces-en-vichama-vegueta\/#primaryimage","url":"https:\/\/zonacaral.gob.pe\/wp-content\/uploads\/2014\/09\/frisos-vichama1.jpg","contentUrl":"https:\/\/zonacaral.gob.pe\/wp-content\/uploads\/2014\/09\/frisos-vichama1.jpg","width":810,"height":410},{"@type":"BreadcrumbList","@id":"https:\/\/zonacaral.gob.pe\/es\/noticias\/descubren-altorrelieves-con-formas-humanas-y-de-peces-en-vichama-vegueta\/#breadcrumb","itemListElement":[{"@type":"ListItem","position":1,"name":"Portada","item":"https:\/\/zonacaral.gob.pe\/"},{"@type":"ListItem","position":2,"name":"Descubren altorrelieves con formas humanas y de peces en Vichama \u2013 Vegueta"}]},{"@type":"WebSite","@id":"https:\/\/zonacaral.gob.pe\/es\/#website","url":"https:\/\/zonacaral.gob.pe\/es\/","name":"Zona Caral","description":"Investigamos, conservamos y difundimos el patrimonio cultural de la Civilizaci\u00f3n Caral, la m\u00e1s antigua de Am\u00e9rica.","potentialAction":[{"@type":"SearchAction","target":{"@type":"EntryPoint","urlTemplate":"https:\/\/zonacaral.gob.pe\/es\/?s={search_term_string}"},"query-input":{"@type":"PropertyValueSpecification","valueRequired":true,"valueName":"search_term_string"}}],"inLanguage":"es-PE"},{"@type":"Person","@id":"https:\/\/zonacaral.gob.pe\/es\/#\/schema\/person\/beddb4d22f71a7230c5b90913270a0ee","name":"Zona Caral Administrador","image":{"@type":"ImageObject","inLanguage":"es-PE","@id":"https:\/\/secure.gravatar.com\/avatar\/e4be162918a696358376de6446614e0f0f4062bdc5d170d6d540ada3d8b58c12?s=96&d=mm&r=g","url":"https:\/\/secure.gravatar.com\/avatar\/e4be162918a696358376de6446614e0f0f4062bdc5d170d6d540ada3d8b58c12?s=96&d=mm&r=g","contentUrl":"https:\/\/secure.gravatar.com\/avatar\/e4be162918a696358376de6446614e0f0f4062bdc5d170d6d540ada3d8b58c12?s=96&d=mm&r=g","caption":"Zona Caral Administrador"},"sameAs":["https:\/\/zonacaral.gob.pe"],"url":"https:\/\/zonacaral.gob.pe\/es\/noticias\/author\/ad_zonacaral\/"}]}},"_links":{"self":[{"href":"https:\/\/zonacaral.gob.pe\/es\/wp-json\/wp\/v2\/posts\/8434","targetHints":{"allow":["GET"]}}],"collection":[{"href":"https:\/\/zonacaral.gob.pe\/es\/wp-json\/wp\/v2\/posts"}],"about":[{"href":"https:\/\/zonacaral.gob.pe\/es\/wp-json\/wp\/v2\/types\/post"}],"author":[{"embeddable":true,"href":"https:\/\/zonacaral.gob.pe\/es\/wp-json\/wp\/v2\/users\/1"}],"replies":[{"embeddable":true,"href":"https:\/\/zonacaral.gob.pe\/es\/wp-json\/wp\/v2\/comments?post=8434"}],"version-history":[{"count":0,"href":"https:\/\/zonacaral.gob.pe\/es\/wp-json\/wp\/v2\/posts\/8434\/revisions"}],"wp:featuredmedia":[{"embeddable":true,"href":"https:\/\/zonacaral.gob.pe\/es\/wp-json\/wp\/v2\/media\/8441"}],"wp:attachment":[{"href":"https:\/\/zonacaral.gob.pe\/es\/wp-json\/wp\/v2\/media?parent=8434"}],"wp:term":[{"taxonomy":"category","embeddable":true,"href":"https:\/\/zonacaral.gob.pe\/es\/wp-json\/wp\/v2\/categories?post=8434"},{"taxonomy":"post_tag","embeddable":true,"href":"https:\/\/zonacaral.gob.pe\/es\/wp-json\/wp\/v2\/tags?post=8434"}],"curies":[{"name":"wp","href":"https:\/\/api.w.org\/{rel}","templated":true}]}}