{"id":8550,"date":"2014-10-22T14:34:57","date_gmt":"2014-10-22T19:34:57","guid":{"rendered":"http:\/\/www.zonacaral.gob.pe\/demo\/wordpress\/?p=8550"},"modified":"2014-10-22T14:34:57","modified_gmt":"2014-10-22T19:34:57","slug":"caral-magica-y-ancestral","status":"publish","type":"post","link":"https:\/\/zonacaral.gob.pe\/es\/noticias\/caral-magica-y-ancestral\/","title":{"rendered":"Caral M\u00e1gica y Ancestral"},"content":{"rendered":"<p style=\"text-align: justify;\">Veinte a\u00f1os despu\u00e9s del inicio de las investigaciones arqueol\u00f3gicas en Caral, la certeza de su grandeza es inobjetable. Esta civilizaci\u00f3n hilvan\u00f3 un saludable tejido social, organizado y pac\u00edfico, que es perentorio conocer.<\/p>\n<p style=\"text-align: justify;\">Muy cerca de Lima se encuentra uno de esos destinos que ning\u00fan peruano deber\u00eda dejar de conocer, pues all\u00ed se desarroll\u00f3 una de las civilizaciones m\u00e1s antiguas del mundo. La Ciudad Sagrada de Caral, como se le conoce, floreci\u00f3 hace 5,000 a\u00f1os, Texto Gabriel Valdivia pero son relativamente recientes los conocimientos que se han difundido acerca de c\u00f3mo vivieron los primeros pobladores de Am\u00e9rica.<\/p>\n<p style=\"text-align: justify;\">Este complejo arquitect\u00f3nico se encuentra en Supe, en la provincia de Barranca, al norte de Lima, donde en 1993, apenas provista de sus instrumentos de investigaci\u00f3n, la arque\u00f3loga Ruth Shady instala una carpa sobre la explanada des\u00e9rtica del valle para iniciar las primeras exploraciones en la costa norcentral del Per\u00fa, que develar\u00edan para el mundo, finalmente, la majestuosidad de esta urbe de la antigu\u0308edad, hecho que la\u00a0 Unesco reconoci\u00f3 en 2009, cuando la declar\u00f3 patrimonio de la humanidad.<\/p>\n<h3 style=\"text-align: justify;\">Nueva visi\u00f3n<\/h3>\n<p style=\"text-align: justify;\">En a\u00f1os recientes, la ZonaArqueol\u00f3gica Caral (ZAC)implementa proyectos socialesorientados al desarrollointegral y sostenible de lapoblaci\u00f3n del valle de Supe, ytiene como eje el patrimonioarqueol\u00f3gico de la civilizaci\u00f3nCaral.<\/p>\n<p style=\"text-align: justify;\">Por ejemplo, la ZAC trabaja en la recuperaci\u00f3n del cultivo de algod\u00f3n de colores que hace 5 mil a\u00f1os permiti\u00f3 a los antiguos pobladores del valle confeccionar sus prendas de vestir y otras indumentarias, en las que prevalecieron el verde, beis, marr\u00f3n y amarillo. Esta labor se realiza desde 2004, para lo cual ha promovido la creaci\u00f3n de la Asociaci\u00f3n de Agricultores Org\u00e1nicos de Algod\u00f3n Nativo de Colores de Caral. Estos agricultores proyectan su cultivo en m\u00e1s de 15 hect\u00e1reas.<\/p>\n<p style=\"text-align: justify;\">Los turistas que recorren la zona pueden advertir, adem\u00e1s, la labor que desarrollan 50 mujeres capacitadas en la manufactura del algod\u00f3n nativo. Ellas integran la Asociaci\u00f3n de Hilanderas y Textileras y confeccionan tanto prendas de vestir como accesorios, entre ellos, carteras y bolsones que ofrecen ordenadamente, al finalizar el recorrido por la ciudadela sagrada. En esta visita, el turista siempre contar\u00e1 con el servicio de un gu\u00eda ofcial.<\/p>\n<h3 style=\"text-align: justify;\">\u00a0Sitios arqueol\u00f3gicos<\/h3>\n<p style=\"text-align: justify;\">En paralelo a la investigaci\u00f3n, la ZAC trabaja en la puesta en valor de 11 sitios arqueol\u00f3gicos en el valle de Supe, entre los que destacan Chupacigarro, Lurihuasi y Miraya; ciudades milenarias que formaron parte de la civilizaci\u00f3n Caral y que constituyeron, junto con la Ciudad Sagrada, la zona capital y eje del desarrollo en el \u00e1rea norcentral peruana.<\/p>\n<p style=\"text-align: justify;\">Un detalle notorio en estas construcciones es la caracteresr\u00edsticas sismorresistente de sus estructuras y la presencia de plazas circulares. Todas, adem\u00e1s, conservan un singular valor patrimonial.<\/p>\n<p style=\"text-align: justify;\">En Chupacigarro, ubicado a un kil\u00f3metro de la ciudad sagrada, adem\u00e1s de algunas edficaciones, se aprecian geoglifos construidos con piedras angulosas, hallados en una quebrada al sur del asentamiento. Destaca la representaci\u00f3n de una cabeza humana de perfil, orientada hacia el oriente. Este geoglifo fue hecho con un cuidadoso planeamiento y conocimiento de materiales, perspectiva y astronom\u00eda.<\/p>\n<p style=\"text-align: justify;\">De Miraya, otro de los asentamientos aleda\u00f1os a Caral, sobresale la especializaci\u00f3n laboral que tuvieron sus habitantes, dedicados fundamentalmente a labores\u00a0\u00a0\u00a0 agr\u00edcolas, pesqueras y manufactureras, que dieron lugar a una extensa red de intercambio de productos.<\/p>\n<p style=\"text-align: justify;\">En este contexto, resulta relevante el papel que cumpli\u00f3 mujer en la organizaci\u00f3n social y administrativa de esta milenaria civilizaci\u00f3n. <em>(Lo Nuestro &#8211; El Peruano)<\/em><\/p>\n<p style=\"text-align: justify;\"><a href=\"http:\/\/www.elperuano.pe\/Edicion\/suplementosflipping\/lonuestro\/103\/index.html\"><span style=\"color: #800000;\">Ver Edici\u00f3n Impresa, aqu\u00ed<\/span><\/a><\/p>\n<p style=\"text-align: justify;\"><img fetchpriority=\"high\" decoding=\"async\" class=\"alignnone wp-image-8563\" src=\"http:\/\/www.zonacaral.gob.pe\/demo\/wordpress\/wp-content\/uploads\/2014\/10\/caral-magica-ancestral-02.jpg\" alt=\"Caral Magico\" width=\"691\" height=\"350\" srcset=\"https:\/\/zonacaral.gob.pe\/wp-content\/uploads\/2014\/10\/caral-magica-ancestral-02.jpg 810w, https:\/\/zonacaral.gob.pe\/wp-content\/uploads\/2014\/10\/caral-magica-ancestral-02-300x152.jpg 300w, https:\/\/zonacaral.gob.pe\/wp-content\/uploads\/2014\/10\/caral-magica-ancestral-02-768x389.jpg 768w\" sizes=\"(max-width: 691px) 100vw, 691px\" \/><\/p>\n","protected":false},"excerpt":{"rendered":"<p>Veinte a\u00f1os despu\u00e9s del inicio de las investigaciones arqueol\u00f3gicas en Caral, la certeza de su grandeza es inobjetable. Esta civilizaci\u00f3n [&hellip;]<\/p>\n","protected":false},"author":1,"featured_media":8560,"comment_status":"closed","ping_status":"open","sticky":false,"template":"","format":"standard","meta":{"_acf_changed":false,"site-sidebar-layout":"default","site-content-layout":"","ast-site-content-layout":"default","site-content-style":"default","site-sidebar-style":"default","ast-global-header-display":"","ast-banner-title-visibility":"","ast-main-header-display":"","ast-hfb-above-header-display":"","ast-hfb-below-header-display":"","ast-hfb-mobile-header-display":"","site-post-title":"","ast-breadcrumbs-content":"","ast-featured-img":"","footer-sml-layout":"","ast-disable-related-posts":"","theme-transparent-header-meta":"","adv-header-id-meta":"","stick-header-meta":"","header-above-stick-meta":"","header-main-stick-meta":"","header-below-stick-meta":"","astra-migrate-meta-layouts":"default","ast-page-background-enabled":"default","ast-page-background-meta":{"desktop":{"background-color":"var(--ast-global-color-5)","background-image":"","background-repeat":"repeat","background-position":"center center","background-size":"auto","background-attachment":"scroll","background-type":"","background-media":"","overlay-type":"","overlay-color":"","overlay-opacity":"","overlay-gradient":""},"tablet":{"background-color":"","background-image":"","background-repeat":"repeat","background-position":"center center","background-size":"auto","background-attachment":"scroll","background-type":"","background-media":"","overlay-type":"","overlay-color":"","overlay-opacity":"","overlay-gradient":""},"mobile":{"background-color":"","background-image":"","background-repeat":"repeat","background-position":"center center","background-size":"auto","background-attachment":"scroll","background-type":"","background-media":"","overlay-type":"","overlay-color":"","overlay-opacity":"","overlay-gradient":""}},"ast-content-background-meta":{"desktop":{"background-color":"var(--ast-global-color-4)","background-image":"","background-repeat":"repeat","background-position":"center center","background-size":"auto","background-attachment":"scroll","background-type":"","background-media":"","overlay-type":"","overlay-color":"","overlay-opacity":"","overlay-gradient":""},"tablet":{"background-color":"var(--ast-global-color-4)","background-image":"","background-repeat":"repeat","background-position":"center center","background-size":"auto","background-attachment":"scroll","background-type":"","background-media":"","overlay-type":"","overlay-color":"","overlay-opacity":"","overlay-gradient":""},"mobile":{"background-color":"var(--ast-global-color-4)","background-image":"","background-repeat":"repeat","background-position":"center center","background-size":"auto","background-attachment":"scroll","background-type":"","background-media":"","overlay-type":"","overlay-color":"","overlay-opacity":"","overlay-gradient":""}},"footnotes":""},"categories":[208],"tags":[54,55,56],"class_list":["post-8550","post","type-post","status-publish","format-standard","has-post-thumbnail","hentry","category-noticias","tag-aniversario","tag-caral","tag-supe"],"acf":[],"yoast_head":"<!-- This site is optimized with the Yoast SEO plugin v27.3 - https:\/\/yoast.com\/product\/yoast-seo-wordpress\/ -->\n<title>Caral M\u00e1gica y Ancestral - Zona Caral<\/title>\n<meta name=\"robots\" content=\"index, follow, max-snippet:-1, max-image-preview:large, max-video-preview:-1\" \/>\n<link rel=\"canonical\" href=\"https:\/\/zonacaral.gob.pe\/es\/noticias\/caral-magica-y-ancestral\/\" \/>\n<meta property=\"og:locale\" content=\"es_ES\" \/>\n<meta property=\"og:type\" content=\"article\" \/>\n<meta property=\"og:title\" content=\"Caral M\u00e1gica y Ancestral - Zona Caral\" \/>\n<meta property=\"og:description\" content=\"Veinte a\u00f1os despu\u00e9s del inicio de las investigaciones arqueol\u00f3gicas en Caral, la certeza de su grandeza es inobjetable. Esta civilizaci\u00f3n [&hellip;]\" \/>\n<meta property=\"og:url\" content=\"https:\/\/zonacaral.gob.pe\/es\/noticias\/caral-magica-y-ancestral\/\" \/>\n<meta property=\"og:site_name\" content=\"Zona Caral\" \/>\n<meta property=\"article:published_time\" content=\"2014-10-22T19:34:57+00:00\" \/>\n<meta property=\"og:image\" content=\"https:\/\/zonacaral.gob.pe\/wp-content\/uploads\/2014\/10\/caral-magica-ancestral1.jpg\" \/>\n\t<meta property=\"og:image:width\" content=\"810\" \/>\n\t<meta property=\"og:image:height\" content=\"410\" \/>\n\t<meta property=\"og:image:type\" content=\"image\/jpeg\" \/>\n<meta name=\"author\" content=\"Zona Caral Administrador\" \/>\n<meta name=\"twitter:card\" content=\"summary_large_image\" \/>\n<meta name=\"twitter:label1\" content=\"Written by\" \/>\n\t<meta name=\"twitter:data1\" content=\"Zona Caral Administrador\" \/>\n\t<meta name=\"twitter:label2\" content=\"Est. reading time\" \/>\n\t<meta name=\"twitter:data2\" content=\"3 minutos\" \/>\n<script type=\"application\/ld+json\" class=\"yoast-schema-graph\">{\"@context\":\"https:\\\/\\\/schema.org\",\"@graph\":[{\"@type\":\"Article\",\"@id\":\"https:\\\/\\\/zonacaral.gob.pe\\\/en\\\/noticias\\\/caral-magica-y-ancestral\\\/#article\",\"isPartOf\":{\"@id\":\"https:\\\/\\\/zonacaral.gob.pe\\\/en\\\/noticias\\\/caral-magica-y-ancestral\\\/\"},\"author\":{\"name\":\"Zona Caral Administrador\",\"@id\":\"https:\\\/\\\/zonacaral.gob.pe\\\/es\\\/#\\\/schema\\\/person\\\/beddb4d22f71a7230c5b90913270a0ee\"},\"headline\":\"Caral M\u00e1gica y Ancestral\",\"datePublished\":\"2014-10-22T19:34:57+00:00\",\"mainEntityOfPage\":{\"@id\":\"https:\\\/\\\/zonacaral.gob.pe\\\/en\\\/noticias\\\/caral-magica-y-ancestral\\\/\"},\"wordCount\":611,\"image\":{\"@id\":\"https:\\\/\\\/zonacaral.gob.pe\\\/en\\\/noticias\\\/caral-magica-y-ancestral\\\/#primaryimage\"},\"thumbnailUrl\":\"https:\\\/\\\/zonacaral.gob.pe\\\/wp-content\\\/uploads\\\/2014\\\/10\\\/caral-magica-ancestral1.jpg\",\"keywords\":[\"aniversario\",\"caral\",\"supe\"],\"articleSection\":[\"noticias\"],\"inLanguage\":\"es-PE\"},{\"@type\":\"WebPage\",\"@id\":\"https:\\\/\\\/zonacaral.gob.pe\\\/en\\\/noticias\\\/caral-magica-y-ancestral\\\/\",\"url\":\"https:\\\/\\\/zonacaral.gob.pe\\\/en\\\/noticias\\\/caral-magica-y-ancestral\\\/\",\"name\":\"Caral M\u00e1gica y Ancestral - Zona Caral\",\"isPartOf\":{\"@id\":\"https:\\\/\\\/zonacaral.gob.pe\\\/es\\\/#website\"},\"primaryImageOfPage\":{\"@id\":\"https:\\\/\\\/zonacaral.gob.pe\\\/en\\\/noticias\\\/caral-magica-y-ancestral\\\/#primaryimage\"},\"image\":{\"@id\":\"https:\\\/\\\/zonacaral.gob.pe\\\/en\\\/noticias\\\/caral-magica-y-ancestral\\\/#primaryimage\"},\"thumbnailUrl\":\"https:\\\/\\\/zonacaral.gob.pe\\\/wp-content\\\/uploads\\\/2014\\\/10\\\/caral-magica-ancestral1.jpg\",\"datePublished\":\"2014-10-22T19:34:57+00:00\",\"author\":{\"@id\":\"https:\\\/\\\/zonacaral.gob.pe\\\/es\\\/#\\\/schema\\\/person\\\/beddb4d22f71a7230c5b90913270a0ee\"},\"breadcrumb\":{\"@id\":\"https:\\\/\\\/zonacaral.gob.pe\\\/en\\\/noticias\\\/caral-magica-y-ancestral\\\/#breadcrumb\"},\"inLanguage\":\"es-PE\",\"potentialAction\":[{\"@type\":\"ReadAction\",\"target\":[\"https:\\\/\\\/zonacaral.gob.pe\\\/en\\\/noticias\\\/caral-magica-y-ancestral\\\/\"]}]},{\"@type\":\"ImageObject\",\"inLanguage\":\"es-PE\",\"@id\":\"https:\\\/\\\/zonacaral.gob.pe\\\/en\\\/noticias\\\/caral-magica-y-ancestral\\\/#primaryimage\",\"url\":\"https:\\\/\\\/zonacaral.gob.pe\\\/wp-content\\\/uploads\\\/2014\\\/10\\\/caral-magica-ancestral1.jpg\",\"contentUrl\":\"https:\\\/\\\/zonacaral.gob.pe\\\/wp-content\\\/uploads\\\/2014\\\/10\\\/caral-magica-ancestral1.jpg\",\"width\":810,\"height\":410},{\"@type\":\"BreadcrumbList\",\"@id\":\"https:\\\/\\\/zonacaral.gob.pe\\\/en\\\/noticias\\\/caral-magica-y-ancestral\\\/#breadcrumb\",\"itemListElement\":[{\"@type\":\"ListItem\",\"position\":1,\"name\":\"Portada\",\"item\":\"https:\\\/\\\/zonacaral.gob.pe\\\/\"},{\"@type\":\"ListItem\",\"position\":2,\"name\":\"Caral M\u00e1gica y Ancestral\"}]},{\"@type\":\"WebSite\",\"@id\":\"https:\\\/\\\/zonacaral.gob.pe\\\/es\\\/#website\",\"url\":\"https:\\\/\\\/zonacaral.gob.pe\\\/es\\\/\",\"name\":\"Zona Caral\",\"description\":\"Investigamos, conservamos y difundimos el patrimonio cultural de la Civilizaci\u00f3n Caral, la m\u00e1s antigua de Am\u00e9rica.\",\"potentialAction\":[{\"@type\":\"SearchAction\",\"target\":{\"@type\":\"EntryPoint\",\"urlTemplate\":\"https:\\\/\\\/zonacaral.gob.pe\\\/es\\\/?s={search_term_string}\"},\"query-input\":{\"@type\":\"PropertyValueSpecification\",\"valueRequired\":true,\"valueName\":\"search_term_string\"}}],\"inLanguage\":\"es-PE\"},{\"@type\":\"Person\",\"@id\":\"https:\\\/\\\/zonacaral.gob.pe\\\/es\\\/#\\\/schema\\\/person\\\/beddb4d22f71a7230c5b90913270a0ee\",\"name\":\"Zona Caral Administrador\",\"image\":{\"@type\":\"ImageObject\",\"inLanguage\":\"es-PE\",\"@id\":\"https:\\\/\\\/secure.gravatar.com\\\/avatar\\\/e4be162918a696358376de6446614e0f0f4062bdc5d170d6d540ada3d8b58c12?s=96&d=mm&r=g\",\"url\":\"https:\\\/\\\/secure.gravatar.com\\\/avatar\\\/e4be162918a696358376de6446614e0f0f4062bdc5d170d6d540ada3d8b58c12?s=96&d=mm&r=g\",\"contentUrl\":\"https:\\\/\\\/secure.gravatar.com\\\/avatar\\\/e4be162918a696358376de6446614e0f0f4062bdc5d170d6d540ada3d8b58c12?s=96&d=mm&r=g\",\"caption\":\"Zona Caral Administrador\"},\"sameAs\":[\"https:\\\/\\\/zonacaral.gob.pe\"],\"url\":\"https:\\\/\\\/zonacaral.gob.pe\\\/es\\\/noticias\\\/author\\\/ad_zonacaral\\\/\"}]}<\/script>\n<!-- \/ Yoast SEO plugin. -->","yoast_head_json":{"title":"Caral M\u00e1gica y Ancestral - Zona Caral","robots":{"index":"index","follow":"follow","max-snippet":"max-snippet:-1","max-image-preview":"max-image-preview:large","max-video-preview":"max-video-preview:-1"},"canonical":"https:\/\/zonacaral.gob.pe\/es\/noticias\/caral-magica-y-ancestral\/","og_locale":"es_ES","og_type":"article","og_title":"Caral M\u00e1gica y Ancestral - Zona Caral","og_description":"Veinte a\u00f1os despu\u00e9s del inicio de las investigaciones arqueol\u00f3gicas en Caral, la certeza de su grandeza es inobjetable. Esta civilizaci\u00f3n [&hellip;]","og_url":"https:\/\/zonacaral.gob.pe\/es\/noticias\/caral-magica-y-ancestral\/","og_site_name":"Zona Caral","article_published_time":"2014-10-22T19:34:57+00:00","og_image":[{"width":810,"height":410,"url":"https:\/\/zonacaral.gob.pe\/wp-content\/uploads\/2014\/10\/caral-magica-ancestral1.jpg","type":"image\/jpeg"}],"author":"Zona Caral Administrador","twitter_card":"summary_large_image","twitter_misc":{"Written by":"Zona Caral Administrador","Est. reading time":"3 minutos"},"schema":{"@context":"https:\/\/schema.org","@graph":[{"@type":"Article","@id":"https:\/\/zonacaral.gob.pe\/en\/noticias\/caral-magica-y-ancestral\/#article","isPartOf":{"@id":"https:\/\/zonacaral.gob.pe\/en\/noticias\/caral-magica-y-ancestral\/"},"author":{"name":"Zona Caral Administrador","@id":"https:\/\/zonacaral.gob.pe\/es\/#\/schema\/person\/beddb4d22f71a7230c5b90913270a0ee"},"headline":"Caral M\u00e1gica y Ancestral","datePublished":"2014-10-22T19:34:57+00:00","mainEntityOfPage":{"@id":"https:\/\/zonacaral.gob.pe\/en\/noticias\/caral-magica-y-ancestral\/"},"wordCount":611,"image":{"@id":"https:\/\/zonacaral.gob.pe\/en\/noticias\/caral-magica-y-ancestral\/#primaryimage"},"thumbnailUrl":"https:\/\/zonacaral.gob.pe\/wp-content\/uploads\/2014\/10\/caral-magica-ancestral1.jpg","keywords":["aniversario","caral","supe"],"articleSection":["noticias"],"inLanguage":"es-PE"},{"@type":"WebPage","@id":"https:\/\/zonacaral.gob.pe\/en\/noticias\/caral-magica-y-ancestral\/","url":"https:\/\/zonacaral.gob.pe\/en\/noticias\/caral-magica-y-ancestral\/","name":"Caral M\u00e1gica y Ancestral - Zona Caral","isPartOf":{"@id":"https:\/\/zonacaral.gob.pe\/es\/#website"},"primaryImageOfPage":{"@id":"https:\/\/zonacaral.gob.pe\/en\/noticias\/caral-magica-y-ancestral\/#primaryimage"},"image":{"@id":"https:\/\/zonacaral.gob.pe\/en\/noticias\/caral-magica-y-ancestral\/#primaryimage"},"thumbnailUrl":"https:\/\/zonacaral.gob.pe\/wp-content\/uploads\/2014\/10\/caral-magica-ancestral1.jpg","datePublished":"2014-10-22T19:34:57+00:00","author":{"@id":"https:\/\/zonacaral.gob.pe\/es\/#\/schema\/person\/beddb4d22f71a7230c5b90913270a0ee"},"breadcrumb":{"@id":"https:\/\/zonacaral.gob.pe\/en\/noticias\/caral-magica-y-ancestral\/#breadcrumb"},"inLanguage":"es-PE","potentialAction":[{"@type":"ReadAction","target":["https:\/\/zonacaral.gob.pe\/en\/noticias\/caral-magica-y-ancestral\/"]}]},{"@type":"ImageObject","inLanguage":"es-PE","@id":"https:\/\/zonacaral.gob.pe\/en\/noticias\/caral-magica-y-ancestral\/#primaryimage","url":"https:\/\/zonacaral.gob.pe\/wp-content\/uploads\/2014\/10\/caral-magica-ancestral1.jpg","contentUrl":"https:\/\/zonacaral.gob.pe\/wp-content\/uploads\/2014\/10\/caral-magica-ancestral1.jpg","width":810,"height":410},{"@type":"BreadcrumbList","@id":"https:\/\/zonacaral.gob.pe\/en\/noticias\/caral-magica-y-ancestral\/#breadcrumb","itemListElement":[{"@type":"ListItem","position":1,"name":"Portada","item":"https:\/\/zonacaral.gob.pe\/"},{"@type":"ListItem","position":2,"name":"Caral M\u00e1gica y Ancestral"}]},{"@type":"WebSite","@id":"https:\/\/zonacaral.gob.pe\/es\/#website","url":"https:\/\/zonacaral.gob.pe\/es\/","name":"Zona Caral","description":"Investigamos, conservamos y difundimos el patrimonio cultural de la Civilizaci\u00f3n Caral, la m\u00e1s antigua de Am\u00e9rica.","potentialAction":[{"@type":"SearchAction","target":{"@type":"EntryPoint","urlTemplate":"https:\/\/zonacaral.gob.pe\/es\/?s={search_term_string}"},"query-input":{"@type":"PropertyValueSpecification","valueRequired":true,"valueName":"search_term_string"}}],"inLanguage":"es-PE"},{"@type":"Person","@id":"https:\/\/zonacaral.gob.pe\/es\/#\/schema\/person\/beddb4d22f71a7230c5b90913270a0ee","name":"Zona Caral Administrador","image":{"@type":"ImageObject","inLanguage":"es-PE","@id":"https:\/\/secure.gravatar.com\/avatar\/e4be162918a696358376de6446614e0f0f4062bdc5d170d6d540ada3d8b58c12?s=96&d=mm&r=g","url":"https:\/\/secure.gravatar.com\/avatar\/e4be162918a696358376de6446614e0f0f4062bdc5d170d6d540ada3d8b58c12?s=96&d=mm&r=g","contentUrl":"https:\/\/secure.gravatar.com\/avatar\/e4be162918a696358376de6446614e0f0f4062bdc5d170d6d540ada3d8b58c12?s=96&d=mm&r=g","caption":"Zona Caral Administrador"},"sameAs":["https:\/\/zonacaral.gob.pe"],"url":"https:\/\/zonacaral.gob.pe\/es\/noticias\/author\/ad_zonacaral\/"}]}},"_links":{"self":[{"href":"https:\/\/zonacaral.gob.pe\/es\/wp-json\/wp\/v2\/posts\/8550","targetHints":{"allow":["GET"]}}],"collection":[{"href":"https:\/\/zonacaral.gob.pe\/es\/wp-json\/wp\/v2\/posts"}],"about":[{"href":"https:\/\/zonacaral.gob.pe\/es\/wp-json\/wp\/v2\/types\/post"}],"author":[{"embeddable":true,"href":"https:\/\/zonacaral.gob.pe\/es\/wp-json\/wp\/v2\/users\/1"}],"replies":[{"embeddable":true,"href":"https:\/\/zonacaral.gob.pe\/es\/wp-json\/wp\/v2\/comments?post=8550"}],"version-history":[{"count":0,"href":"https:\/\/zonacaral.gob.pe\/es\/wp-json\/wp\/v2\/posts\/8550\/revisions"}],"wp:featuredmedia":[{"embeddable":true,"href":"https:\/\/zonacaral.gob.pe\/es\/wp-json\/wp\/v2\/media\/8560"}],"wp:attachment":[{"href":"https:\/\/zonacaral.gob.pe\/es\/wp-json\/wp\/v2\/media?parent=8550"}],"wp:term":[{"taxonomy":"category","embeddable":true,"href":"https:\/\/zonacaral.gob.pe\/es\/wp-json\/wp\/v2\/categories?post=8550"},{"taxonomy":"post_tag","embeddable":true,"href":"https:\/\/zonacaral.gob.pe\/es\/wp-json\/wp\/v2\/tags?post=8550"}],"curies":[{"name":"wp","href":"https:\/\/api.w.org\/{rel}","templated":true}]}}