{"id":8555,"date":"2014-10-05T15:12:30","date_gmt":"2014-10-05T20:12:30","guid":{"rendered":"http:\/\/www.zonacaral.gob.pe\/demo\/wordpress\/?p=8555"},"modified":"2014-10-05T15:12:30","modified_gmt":"2014-10-05T20:12:30","slug":"mas-de-16-millones-de-peruanos-tienen-a-caral-en-el-bolsillo","status":"publish","type":"post","link":"https:\/\/zonacaral.gob.pe\/es\/noticias\/mas-de-16-millones-de-peruanos-tienen-a-caral-en-el-bolsillo\/","title":{"rendered":"M\u00e1s de 16 millones de peruanos tienen a Caral en el bolsillo"},"content":{"rendered":"<p style=\"text-align: justify;\">\u00bfFuiste a votar? Si cumpliste con tu deber c\u00edvico y democr\u00e1tico entonces recibiste el holograma de la ONPE, el cual al ser contrastado con la luz refleja una sorprendente imagen, y seguramente te has preguntado qu\u00e9 significaba esa figura o qu\u00e9 lugar es.<\/p>\n<p style=\"text-align: justify;\">Se trata del Edificio Piramidal Mayor que se encuentra en la Ciudad Sagrada de Caral que fue declarada Patrimonio Cultural de la Humanidad por la UNESCO en el 2009 y que este a\u00f1o conmemora los 20 a\u00f1os del inicio de las investigaciones.<\/p>\n<blockquote><p>Saca tu DNI y chequea<\/p><\/blockquote>\n<p style=\"text-align: justify;\"><span style=\"color: #000000;\">Estimado lector, ahora que revisaste el holograma de tu DNI, puedes hacer dos cosas: uno, guardar tu documento en la billetera o la cartera y esperar a \u00a0las Elecciones del 2016, y dos (te recomendamos que hagas esto), te animes a visitar Caral e<\/span>ste viernes 24 o s\u00e1bado 25 de octubre y participar de las actividades culturales gratuitas que la Zona Arqueol\u00f3gica Caral esta organizando<span style=\"color: #000000;\">.\u00a0<\/span><\/p>\n","protected":false},"excerpt":{"rendered":"<p>\u00bfFuiste a votar? Si cumpliste con tu deber c\u00edvico y democr\u00e1tico entonces recibiste el holograma de la ONPE, el cual [&hellip;]<\/p>\n","protected":false},"author":1,"featured_media":8558,"comment_status":"closed","ping_status":"open","sticky":false,"template":"","format":"standard","meta":{"_acf_changed":false,"site-sidebar-layout":"default","site-content-layout":"","ast-site-content-layout":"default","site-content-style":"default","site-sidebar-style":"default","ast-global-header-display":"","ast-banner-title-visibility":"","ast-main-header-display":"","ast-hfb-above-header-display":"","ast-hfb-below-header-display":"","ast-hfb-mobile-header-display":"","site-post-title":"","ast-breadcrumbs-content":"","ast-featured-img":"","footer-sml-layout":"","ast-disable-related-posts":"","theme-transparent-header-meta":"","adv-header-id-meta":"","stick-header-meta":"","header-above-stick-meta":"","header-main-stick-meta":"","header-below-stick-meta":"","astra-migrate-meta-layouts":"default","ast-page-background-enabled":"default","ast-page-background-meta":{"desktop":{"background-color":"var(--ast-global-color-5)","background-image":"","background-repeat":"repeat","background-position":"center center","background-size":"auto","background-attachment":"scroll","background-type":"","background-media":"","overlay-type":"","overlay-color":"","overlay-opacity":"","overlay-gradient":""},"tablet":{"background-color":"","background-image":"","background-repeat":"repeat","background-position":"center center","background-size":"auto","background-attachment":"scroll","background-type":"","background-media":"","overlay-type":"","overlay-color":"","overlay-opacity":"","overlay-gradient":""},"mobile":{"background-color":"","background-image":"","background-repeat":"repeat","background-position":"center center","background-size":"auto","background-attachment":"scroll","background-type":"","background-media":"","overlay-type":"","overlay-color":"","overlay-opacity":"","overlay-gradient":""}},"ast-content-background-meta":{"desktop":{"background-color":"var(--ast-global-color-4)","background-image":"","background-repeat":"repeat","background-position":"center center","background-size":"auto","background-attachment":"scroll","background-type":"","background-media":"","overlay-type":"","overlay-color":"","overlay-opacity":"","overlay-gradient":""},"tablet":{"background-color":"var(--ast-global-color-4)","background-image":"","background-repeat":"repeat","background-position":"center center","background-size":"auto","background-attachment":"scroll","background-type":"","background-media":"","overlay-type":"","overlay-color":"","overlay-opacity":"","overlay-gradient":""},"mobile":{"background-color":"var(--ast-global-color-4)","background-image":"","background-repeat":"repeat","background-position":"center center","background-size":"auto","background-attachment":"scroll","background-type":"","background-media":"","overlay-type":"","overlay-color":"","overlay-opacity":"","overlay-gradient":""}},"footnotes":""},"categories":[208],"tags":[54,55,56],"class_list":["post-8555","post","type-post","status-publish","format-standard","has-post-thumbnail","hentry","category-noticias","tag-aniversario","tag-caral","tag-supe"],"acf":[],"yoast_head":"<!-- This site is optimized with the Yoast SEO plugin v27.3 - https:\/\/yoast.com\/product\/yoast-seo-wordpress\/ -->\n<title>M\u00e1s de 16 millones de peruanos tienen a Caral en el bolsillo - Zona Caral<\/title>\n<meta name=\"robots\" content=\"index, follow, max-snippet:-1, max-image-preview:large, max-video-preview:-1\" \/>\n<link rel=\"canonical\" href=\"https:\/\/zonacaral.gob.pe\/es\/noticias\/mas-de-16-millones-de-peruanos-tienen-a-caral-en-el-bolsillo\/\" \/>\n<meta property=\"og:locale\" content=\"es_ES\" \/>\n<meta property=\"og:type\" content=\"article\" \/>\n<meta property=\"og:title\" content=\"M\u00e1s de 16 millones de peruanos tienen a Caral en el bolsillo - Zona Caral\" \/>\n<meta property=\"og:description\" content=\"\u00bfFuiste a votar? Si cumpliste con tu deber c\u00edvico y democr\u00e1tico entonces recibiste el holograma de la ONPE, el cual [&hellip;]\" \/>\n<meta property=\"og:url\" content=\"https:\/\/zonacaral.gob.pe\/es\/noticias\/mas-de-16-millones-de-peruanos-tienen-a-caral-en-el-bolsillo\/\" \/>\n<meta property=\"og:site_name\" content=\"Zona Caral\" \/>\n<meta property=\"article:published_time\" content=\"2014-10-05T20:12:30+00:00\" \/>\n<meta property=\"og:image\" content=\"https:\/\/zonacaral.gob.pe\/wp-content\/uploads\/2014\/10\/elecciones-2014.jpg\" \/>\n\t<meta property=\"og:image:width\" content=\"810\" \/>\n\t<meta property=\"og:image:height\" content=\"410\" \/>\n\t<meta property=\"og:image:type\" content=\"image\/jpeg\" \/>\n<meta name=\"author\" content=\"Zona Caral Administrador\" \/>\n<meta name=\"twitter:card\" content=\"summary_large_image\" \/>\n<meta name=\"twitter:label1\" content=\"Written by\" \/>\n\t<meta name=\"twitter:data1\" content=\"Zona Caral Administrador\" \/>\n\t<meta name=\"twitter:label2\" content=\"Est. reading time\" \/>\n\t<meta name=\"twitter:data2\" content=\"1 minuto\" \/>\n<script type=\"application\/ld+json\" class=\"yoast-schema-graph\">{\"@context\":\"https:\\\/\\\/schema.org\",\"@graph\":[{\"@type\":\"Article\",\"@id\":\"https:\\\/\\\/zonacaral.gob.pe\\\/en\\\/noticias\\\/mas-de-16-millones-de-peruanos-tienen-a-caral-en-el-bolsillo\\\/#article\",\"isPartOf\":{\"@id\":\"https:\\\/\\\/zonacaral.gob.pe\\\/en\\\/noticias\\\/mas-de-16-millones-de-peruanos-tienen-a-caral-en-el-bolsillo\\\/\"},\"author\":{\"name\":\"Zona Caral Administrador\",\"@id\":\"https:\\\/\\\/zonacaral.gob.pe\\\/es\\\/#\\\/schema\\\/person\\\/beddb4d22f71a7230c5b90913270a0ee\"},\"headline\":\"M\u00e1s de 16 millones de peruanos tienen a Caral en el bolsillo\",\"datePublished\":\"2014-10-05T20:12:30+00:00\",\"mainEntityOfPage\":{\"@id\":\"https:\\\/\\\/zonacaral.gob.pe\\\/en\\\/noticias\\\/mas-de-16-millones-de-peruanos-tienen-a-caral-en-el-bolsillo\\\/\"},\"wordCount\":168,\"image\":{\"@id\":\"https:\\\/\\\/zonacaral.gob.pe\\\/en\\\/noticias\\\/mas-de-16-millones-de-peruanos-tienen-a-caral-en-el-bolsillo\\\/#primaryimage\"},\"thumbnailUrl\":\"https:\\\/\\\/zonacaral.gob.pe\\\/wp-content\\\/uploads\\\/2014\\\/10\\\/elecciones-2014.jpg\",\"keywords\":[\"aniversario\",\"caral\",\"supe\"],\"articleSection\":[\"noticias\"],\"inLanguage\":\"es-PE\"},{\"@type\":\"WebPage\",\"@id\":\"https:\\\/\\\/zonacaral.gob.pe\\\/en\\\/noticias\\\/mas-de-16-millones-de-peruanos-tienen-a-caral-en-el-bolsillo\\\/\",\"url\":\"https:\\\/\\\/zonacaral.gob.pe\\\/en\\\/noticias\\\/mas-de-16-millones-de-peruanos-tienen-a-caral-en-el-bolsillo\\\/\",\"name\":\"M\u00e1s de 16 millones de peruanos tienen a Caral en el bolsillo - Zona Caral\",\"isPartOf\":{\"@id\":\"https:\\\/\\\/zonacaral.gob.pe\\\/es\\\/#website\"},\"primaryImageOfPage\":{\"@id\":\"https:\\\/\\\/zonacaral.gob.pe\\\/en\\\/noticias\\\/mas-de-16-millones-de-peruanos-tienen-a-caral-en-el-bolsillo\\\/#primaryimage\"},\"image\":{\"@id\":\"https:\\\/\\\/zonacaral.gob.pe\\\/en\\\/noticias\\\/mas-de-16-millones-de-peruanos-tienen-a-caral-en-el-bolsillo\\\/#primaryimage\"},\"thumbnailUrl\":\"https:\\\/\\\/zonacaral.gob.pe\\\/wp-content\\\/uploads\\\/2014\\\/10\\\/elecciones-2014.jpg\",\"datePublished\":\"2014-10-05T20:12:30+00:00\",\"author\":{\"@id\":\"https:\\\/\\\/zonacaral.gob.pe\\\/es\\\/#\\\/schema\\\/person\\\/beddb4d22f71a7230c5b90913270a0ee\"},\"breadcrumb\":{\"@id\":\"https:\\\/\\\/zonacaral.gob.pe\\\/en\\\/noticias\\\/mas-de-16-millones-de-peruanos-tienen-a-caral-en-el-bolsillo\\\/#breadcrumb\"},\"inLanguage\":\"es-PE\",\"potentialAction\":[{\"@type\":\"ReadAction\",\"target\":[\"https:\\\/\\\/zonacaral.gob.pe\\\/en\\\/noticias\\\/mas-de-16-millones-de-peruanos-tienen-a-caral-en-el-bolsillo\\\/\"]}]},{\"@type\":\"ImageObject\",\"inLanguage\":\"es-PE\",\"@id\":\"https:\\\/\\\/zonacaral.gob.pe\\\/en\\\/noticias\\\/mas-de-16-millones-de-peruanos-tienen-a-caral-en-el-bolsillo\\\/#primaryimage\",\"url\":\"https:\\\/\\\/zonacaral.gob.pe\\\/wp-content\\\/uploads\\\/2014\\\/10\\\/elecciones-2014.jpg\",\"contentUrl\":\"https:\\\/\\\/zonacaral.gob.pe\\\/wp-content\\\/uploads\\\/2014\\\/10\\\/elecciones-2014.jpg\",\"width\":810,\"height\":410},{\"@type\":\"BreadcrumbList\",\"@id\":\"https:\\\/\\\/zonacaral.gob.pe\\\/en\\\/noticias\\\/mas-de-16-millones-de-peruanos-tienen-a-caral-en-el-bolsillo\\\/#breadcrumb\",\"itemListElement\":[{\"@type\":\"ListItem\",\"position\":1,\"name\":\"Portada\",\"item\":\"https:\\\/\\\/zonacaral.gob.pe\\\/\"},{\"@type\":\"ListItem\",\"position\":2,\"name\":\"M\u00e1s de 16 millones de peruanos tienen a Caral en el bolsillo\"}]},{\"@type\":\"WebSite\",\"@id\":\"https:\\\/\\\/zonacaral.gob.pe\\\/es\\\/#website\",\"url\":\"https:\\\/\\\/zonacaral.gob.pe\\\/es\\\/\",\"name\":\"Zona Caral\",\"description\":\"Investigamos, conservamos y difundimos el patrimonio cultural de la Civilizaci\u00f3n Caral, la m\u00e1s antigua de Am\u00e9rica.\",\"potentialAction\":[{\"@type\":\"SearchAction\",\"target\":{\"@type\":\"EntryPoint\",\"urlTemplate\":\"https:\\\/\\\/zonacaral.gob.pe\\\/es\\\/?s={search_term_string}\"},\"query-input\":{\"@type\":\"PropertyValueSpecification\",\"valueRequired\":true,\"valueName\":\"search_term_string\"}}],\"inLanguage\":\"es-PE\"},{\"@type\":\"Person\",\"@id\":\"https:\\\/\\\/zonacaral.gob.pe\\\/es\\\/#\\\/schema\\\/person\\\/beddb4d22f71a7230c5b90913270a0ee\",\"name\":\"Zona Caral Administrador\",\"image\":{\"@type\":\"ImageObject\",\"inLanguage\":\"es-PE\",\"@id\":\"https:\\\/\\\/secure.gravatar.com\\\/avatar\\\/e4be162918a696358376de6446614e0f0f4062bdc5d170d6d540ada3d8b58c12?s=96&d=mm&r=g\",\"url\":\"https:\\\/\\\/secure.gravatar.com\\\/avatar\\\/e4be162918a696358376de6446614e0f0f4062bdc5d170d6d540ada3d8b58c12?s=96&d=mm&r=g\",\"contentUrl\":\"https:\\\/\\\/secure.gravatar.com\\\/avatar\\\/e4be162918a696358376de6446614e0f0f4062bdc5d170d6d540ada3d8b58c12?s=96&d=mm&r=g\",\"caption\":\"Zona Caral Administrador\"},\"sameAs\":[\"https:\\\/\\\/zonacaral.gob.pe\"],\"url\":\"https:\\\/\\\/zonacaral.gob.pe\\\/es\\\/noticias\\\/author\\\/ad_zonacaral\\\/\"}]}<\/script>\n<!-- \/ Yoast SEO plugin. -->","yoast_head_json":{"title":"M\u00e1s de 16 millones de peruanos tienen a Caral en el bolsillo - Zona Caral","robots":{"index":"index","follow":"follow","max-snippet":"max-snippet:-1","max-image-preview":"max-image-preview:large","max-video-preview":"max-video-preview:-1"},"canonical":"https:\/\/zonacaral.gob.pe\/es\/noticias\/mas-de-16-millones-de-peruanos-tienen-a-caral-en-el-bolsillo\/","og_locale":"es_ES","og_type":"article","og_title":"M\u00e1s de 16 millones de peruanos tienen a Caral en el bolsillo - Zona Caral","og_description":"\u00bfFuiste a votar? Si cumpliste con tu deber c\u00edvico y democr\u00e1tico entonces recibiste el holograma de la ONPE, el cual [&hellip;]","og_url":"https:\/\/zonacaral.gob.pe\/es\/noticias\/mas-de-16-millones-de-peruanos-tienen-a-caral-en-el-bolsillo\/","og_site_name":"Zona Caral","article_published_time":"2014-10-05T20:12:30+00:00","og_image":[{"width":810,"height":410,"url":"https:\/\/zonacaral.gob.pe\/wp-content\/uploads\/2014\/10\/elecciones-2014.jpg","type":"image\/jpeg"}],"author":"Zona Caral Administrador","twitter_card":"summary_large_image","twitter_misc":{"Written by":"Zona Caral Administrador","Est. reading time":"1 minuto"},"schema":{"@context":"https:\/\/schema.org","@graph":[{"@type":"Article","@id":"https:\/\/zonacaral.gob.pe\/en\/noticias\/mas-de-16-millones-de-peruanos-tienen-a-caral-en-el-bolsillo\/#article","isPartOf":{"@id":"https:\/\/zonacaral.gob.pe\/en\/noticias\/mas-de-16-millones-de-peruanos-tienen-a-caral-en-el-bolsillo\/"},"author":{"name":"Zona Caral Administrador","@id":"https:\/\/zonacaral.gob.pe\/es\/#\/schema\/person\/beddb4d22f71a7230c5b90913270a0ee"},"headline":"M\u00e1s de 16 millones de peruanos tienen a Caral en el bolsillo","datePublished":"2014-10-05T20:12:30+00:00","mainEntityOfPage":{"@id":"https:\/\/zonacaral.gob.pe\/en\/noticias\/mas-de-16-millones-de-peruanos-tienen-a-caral-en-el-bolsillo\/"},"wordCount":168,"image":{"@id":"https:\/\/zonacaral.gob.pe\/en\/noticias\/mas-de-16-millones-de-peruanos-tienen-a-caral-en-el-bolsillo\/#primaryimage"},"thumbnailUrl":"https:\/\/zonacaral.gob.pe\/wp-content\/uploads\/2014\/10\/elecciones-2014.jpg","keywords":["aniversario","caral","supe"],"articleSection":["noticias"],"inLanguage":"es-PE"},{"@type":"WebPage","@id":"https:\/\/zonacaral.gob.pe\/en\/noticias\/mas-de-16-millones-de-peruanos-tienen-a-caral-en-el-bolsillo\/","url":"https:\/\/zonacaral.gob.pe\/en\/noticias\/mas-de-16-millones-de-peruanos-tienen-a-caral-en-el-bolsillo\/","name":"M\u00e1s de 16 millones de peruanos tienen a Caral en el bolsillo - Zona Caral","isPartOf":{"@id":"https:\/\/zonacaral.gob.pe\/es\/#website"},"primaryImageOfPage":{"@id":"https:\/\/zonacaral.gob.pe\/en\/noticias\/mas-de-16-millones-de-peruanos-tienen-a-caral-en-el-bolsillo\/#primaryimage"},"image":{"@id":"https:\/\/zonacaral.gob.pe\/en\/noticias\/mas-de-16-millones-de-peruanos-tienen-a-caral-en-el-bolsillo\/#primaryimage"},"thumbnailUrl":"https:\/\/zonacaral.gob.pe\/wp-content\/uploads\/2014\/10\/elecciones-2014.jpg","datePublished":"2014-10-05T20:12:30+00:00","author":{"@id":"https:\/\/zonacaral.gob.pe\/es\/#\/schema\/person\/beddb4d22f71a7230c5b90913270a0ee"},"breadcrumb":{"@id":"https:\/\/zonacaral.gob.pe\/en\/noticias\/mas-de-16-millones-de-peruanos-tienen-a-caral-en-el-bolsillo\/#breadcrumb"},"inLanguage":"es-PE","potentialAction":[{"@type":"ReadAction","target":["https:\/\/zonacaral.gob.pe\/en\/noticias\/mas-de-16-millones-de-peruanos-tienen-a-caral-en-el-bolsillo\/"]}]},{"@type":"ImageObject","inLanguage":"es-PE","@id":"https:\/\/zonacaral.gob.pe\/en\/noticias\/mas-de-16-millones-de-peruanos-tienen-a-caral-en-el-bolsillo\/#primaryimage","url":"https:\/\/zonacaral.gob.pe\/wp-content\/uploads\/2014\/10\/elecciones-2014.jpg","contentUrl":"https:\/\/zonacaral.gob.pe\/wp-content\/uploads\/2014\/10\/elecciones-2014.jpg","width":810,"height":410},{"@type":"BreadcrumbList","@id":"https:\/\/zonacaral.gob.pe\/en\/noticias\/mas-de-16-millones-de-peruanos-tienen-a-caral-en-el-bolsillo\/#breadcrumb","itemListElement":[{"@type":"ListItem","position":1,"name":"Portada","item":"https:\/\/zonacaral.gob.pe\/"},{"@type":"ListItem","position":2,"name":"M\u00e1s de 16 millones de peruanos tienen a Caral en el bolsillo"}]},{"@type":"WebSite","@id":"https:\/\/zonacaral.gob.pe\/es\/#website","url":"https:\/\/zonacaral.gob.pe\/es\/","name":"Zona Caral","description":"Investigamos, conservamos y difundimos el patrimonio cultural de la Civilizaci\u00f3n Caral, la m\u00e1s antigua de Am\u00e9rica.","potentialAction":[{"@type":"SearchAction","target":{"@type":"EntryPoint","urlTemplate":"https:\/\/zonacaral.gob.pe\/es\/?s={search_term_string}"},"query-input":{"@type":"PropertyValueSpecification","valueRequired":true,"valueName":"search_term_string"}}],"inLanguage":"es-PE"},{"@type":"Person","@id":"https:\/\/zonacaral.gob.pe\/es\/#\/schema\/person\/beddb4d22f71a7230c5b90913270a0ee","name":"Zona Caral Administrador","image":{"@type":"ImageObject","inLanguage":"es-PE","@id":"https:\/\/secure.gravatar.com\/avatar\/e4be162918a696358376de6446614e0f0f4062bdc5d170d6d540ada3d8b58c12?s=96&d=mm&r=g","url":"https:\/\/secure.gravatar.com\/avatar\/e4be162918a696358376de6446614e0f0f4062bdc5d170d6d540ada3d8b58c12?s=96&d=mm&r=g","contentUrl":"https:\/\/secure.gravatar.com\/avatar\/e4be162918a696358376de6446614e0f0f4062bdc5d170d6d540ada3d8b58c12?s=96&d=mm&r=g","caption":"Zona Caral Administrador"},"sameAs":["https:\/\/zonacaral.gob.pe"],"url":"https:\/\/zonacaral.gob.pe\/es\/noticias\/author\/ad_zonacaral\/"}]}},"_links":{"self":[{"href":"https:\/\/zonacaral.gob.pe\/es\/wp-json\/wp\/v2\/posts\/8555","targetHints":{"allow":["GET"]}}],"collection":[{"href":"https:\/\/zonacaral.gob.pe\/es\/wp-json\/wp\/v2\/posts"}],"about":[{"href":"https:\/\/zonacaral.gob.pe\/es\/wp-json\/wp\/v2\/types\/post"}],"author":[{"embeddable":true,"href":"https:\/\/zonacaral.gob.pe\/es\/wp-json\/wp\/v2\/users\/1"}],"replies":[{"embeddable":true,"href":"https:\/\/zonacaral.gob.pe\/es\/wp-json\/wp\/v2\/comments?post=8555"}],"version-history":[{"count":0,"href":"https:\/\/zonacaral.gob.pe\/es\/wp-json\/wp\/v2\/posts\/8555\/revisions"}],"wp:featuredmedia":[{"embeddable":true,"href":"https:\/\/zonacaral.gob.pe\/es\/wp-json\/wp\/v2\/media\/8558"}],"wp:attachment":[{"href":"https:\/\/zonacaral.gob.pe\/es\/wp-json\/wp\/v2\/media?parent=8555"}],"wp:term":[{"taxonomy":"category","embeddable":true,"href":"https:\/\/zonacaral.gob.pe\/es\/wp-json\/wp\/v2\/categories?post=8555"},{"taxonomy":"post_tag","embeddable":true,"href":"https:\/\/zonacaral.gob.pe\/es\/wp-json\/wp\/v2\/tags?post=8555"}],"curies":[{"name":"wp","href":"https:\/\/api.w.org\/{rel}","templated":true}]}}