{"id":8618,"date":"2014-10-27T18:16:35","date_gmt":"2014-10-27T23:16:35","guid":{"rendered":"http:\/\/www.zonacaral.gob.pe\/?p=8618"},"modified":"2014-10-27T18:16:35","modified_gmt":"2014-10-27T23:16:35","slug":"celebran-los-20-anos-del-hallazgo-de-caral","status":"publish","type":"post","link":"https:\/\/zonacaral.gob.pe\/es\/noticias\/celebran-los-20-anos-del-hallazgo-de-caral\/","title":{"rendered":"Celebran los 20 a\u00f1os del hallazgo de Caral"},"content":{"rendered":"<p style=\"text-align: justify;\">El equipo de investigadores que descubri\u00f3 la civilizaci\u00f3n de Caral, considerada hasta ahora la m\u00e1s antigua de Am\u00e9rica, celebra el vig\u00e9simo aniversario de su hallazgo en el valle del r\u00edo Supe.<br \/>\nLa celebraci\u00f3n comenz\u00f3 el viernes por la noche con la iluminaci\u00f3n de los edificios piramidales de Caral, cuya cultura se desarroll\u00f3 en la costa central del Per\u00fa entre los a\u00f1os 3000 y 1800 a.C., de manera contempor\u00e1nea a Egipto, Mesopotamia y China, y los festejos continuaron ayer con el anuncio de los \u00faltimos descubrimientos.<\/p>\n<p style=\"text-align: justify;\"><strong>HALLAZGOS:\u00a0<\/strong>Entre las \u00faltimas novedades destaca la constataci\u00f3n de que Caral entr\u00f3 en decadencia a causa de una prolongada sequ\u00eda de entre 65 y 130 a\u00f1os, que limit\u00f3 sus recursos y que, seg\u00fan la doctora Ruth Shady, directora del complejo arquitect\u00f3nico, sirve como ense\u00f1anza en la actualidad para afrontar el cambio clim\u00e1tico.<\/p>\n<p style=\"text-align: justify;\">\u00abAhora nosotros pensamos que el cambio clim\u00e1tico ser\u00e1 pasajero y que tenemos todo el conocimiento para poderlo mitigar y seguir viviendo, pero en Caral vemos que los cambios clim\u00e1ticos han sido muy fuertes, y que requieren respeto y armon\u00eda con el medio ambiente, como practicaba esta sociedad ancestral\u00bb, explic\u00f3 Shady.<\/p>\n<p style=\"text-align: justify;\"><strong>ESTRUCTURA:<\/strong>\u00a0Los trabajos arqueol\u00f3gicos se centran en once centros urbanos de los 25 asentamientos con arquitectura monumental que se han hallado en el valle del r\u00edo Supe en estos 20 a\u00f1os, \u00aby en ellos hay manantiales denominados puquios\u00bb que aprovechaban el agua subterr\u00e1nea para regar los cultivos cuando faltaba agua en el r\u00edo.<\/p>\n<p style=\"text-align: justify;\">La investigadora tambi\u00e9n cont\u00f3 que los edificios est\u00e1n adaptados para soportar terremotos, con una tecnolog\u00eda resistente que ahora aplicar\u00e1n ingenieros japoneses en nuevas construcciones que se realicen en territorio nip\u00f3n, \u00ab5000 a\u00f1os despu\u00e9s de que lo ideara Caral\u00bb.<\/p>\n<p style=\"text-align: justify;\">Ruth Shady tambi\u00e9n destac\u00f3 que el idioma quechua fue asumido por los incas a partir de la cultura Caral, pues encontraron que esta lengua \u00abten\u00eda una gran extensi\u00f3n en el territorio y la pod\u00edan utilizar como lengua franca para relacionarse entre naciones diferentes\u00bb.<\/p>\n<p style=\"text-align: justify;\">\u00abEn Caral hab\u00eda una organizaci\u00f3n social compleja, con especialistas que se dedicaban a observar el movimiento astral para controlar y mitigar los cambios clim\u00e1ticos, y a estudiar el paso del tiempo para tener un calendario\u00bb, a\u00f1adi\u00f3.<\/p>\n<p style=\"text-align: justify;\">\u00abAdem\u00e1s, exist\u00eda una equidad de g\u00e9nero, ya que la mujer ten\u00eda un rol muy importante en la sociedad. Ten\u00eda complementariedad con el hombre en ejercer posiciones sociales de prestigio y de poder\u00bb, concluy\u00f3. <span style=\"color: #800000;\"><a href=\"http:\/\/ediciondigital.diariocorreo.pe\/lima\/20141026\/#!\/pagina\/25\" target=\"_blank\"><span style=\"color: #800000;\">(Correo)<\/span><\/a><\/span><\/p>\n","protected":false},"excerpt":{"rendered":"<p>El equipo de investigadores que descubri\u00f3 la civilizaci\u00f3n de Caral, considerada hasta ahora la m\u00e1s antigua de Am\u00e9rica, celebra el [&hellip;]<\/p>\n","protected":false},"author":1,"featured_media":8619,"comment_status":"closed","ping_status":"open","sticky":false,"template":"","format":"standard","meta":{"_acf_changed":false,"site-sidebar-layout":"default","site-content-layout":"","ast-site-content-layout":"default","site-content-style":"default","site-sidebar-style":"default","ast-global-header-display":"","ast-banner-title-visibility":"","ast-main-header-display":"","ast-hfb-above-header-display":"","ast-hfb-below-header-display":"","ast-hfb-mobile-header-display":"","site-post-title":"","ast-breadcrumbs-content":"","ast-featured-img":"","footer-sml-layout":"","ast-disable-related-posts":"","theme-transparent-header-meta":"","adv-header-id-meta":"","stick-header-meta":"","header-above-stick-meta":"","header-main-stick-meta":"","header-below-stick-meta":"","astra-migrate-meta-layouts":"default","ast-page-background-enabled":"default","ast-page-background-meta":{"desktop":{"background-color":"var(--ast-global-color-5)","background-image":"","background-repeat":"repeat","background-position":"center center","background-size":"auto","background-attachment":"scroll","background-type":"","background-media":"","overlay-type":"","overlay-color":"","overlay-opacity":"","overlay-gradient":""},"tablet":{"background-color":"","background-image":"","background-repeat":"repeat","background-position":"center center","background-size":"auto","background-attachment":"scroll","background-type":"","background-media":"","overlay-type":"","overlay-color":"","overlay-opacity":"","overlay-gradient":""},"mobile":{"background-color":"","background-image":"","background-repeat":"repeat","background-position":"center center","background-size":"auto","background-attachment":"scroll","background-type":"","background-media":"","overlay-type":"","overlay-color":"","overlay-opacity":"","overlay-gradient":""}},"ast-content-background-meta":{"desktop":{"background-color":"var(--ast-global-color-4)","background-image":"","background-repeat":"repeat","background-position":"center center","background-size":"auto","background-attachment":"scroll","background-type":"","background-media":"","overlay-type":"","overlay-color":"","overlay-opacity":"","overlay-gradient":""},"tablet":{"background-color":"var(--ast-global-color-4)","background-image":"","background-repeat":"repeat","background-position":"center center","background-size":"auto","background-attachment":"scroll","background-type":"","background-media":"","overlay-type":"","overlay-color":"","overlay-opacity":"","overlay-gradient":""},"mobile":{"background-color":"var(--ast-global-color-4)","background-image":"","background-repeat":"repeat","background-position":"center center","background-size":"auto","background-attachment":"scroll","background-type":"","background-media":"","overlay-type":"","overlay-color":"","overlay-opacity":"","overlay-gradient":""}},"footnotes":""},"categories":[208],"tags":[54,55,56],"class_list":["post-8618","post","type-post","status-publish","format-standard","has-post-thumbnail","hentry","category-noticias","tag-aniversario","tag-caral","tag-supe"],"acf":[],"yoast_head":"<!-- This site is optimized with the Yoast SEO plugin v27.3 - https:\/\/yoast.com\/product\/yoast-seo-wordpress\/ -->\n<title>Celebran los 20 a\u00f1os del hallazgo de Caral - Zona Caral<\/title>\n<meta name=\"robots\" content=\"index, follow, max-snippet:-1, max-image-preview:large, max-video-preview:-1\" \/>\n<link rel=\"canonical\" href=\"https:\/\/zonacaral.gob.pe\/es\/noticias\/celebran-los-20-anos-del-hallazgo-de-caral\/\" \/>\n<meta property=\"og:locale\" content=\"es_ES\" \/>\n<meta property=\"og:type\" content=\"article\" \/>\n<meta property=\"og:title\" content=\"Celebran los 20 a\u00f1os del hallazgo de Caral - Zona Caral\" \/>\n<meta property=\"og:description\" content=\"El equipo de investigadores que descubri\u00f3 la civilizaci\u00f3n de Caral, considerada hasta ahora la m\u00e1s antigua de Am\u00e9rica, celebra el [&hellip;]\" \/>\n<meta property=\"og:url\" content=\"https:\/\/zonacaral.gob.pe\/es\/noticias\/celebran-los-20-anos-del-hallazgo-de-caral\/\" \/>\n<meta property=\"og:site_name\" content=\"Zona Caral\" \/>\n<meta property=\"article:published_time\" content=\"2014-10-27T23:16:35+00:00\" \/>\n<meta property=\"og:image\" content=\"https:\/\/zonacaral.gob.pe\/wp-content\/uploads\/2014\/10\/correo-26-10-2014.jpg\" \/>\n\t<meta property=\"og:image:width\" content=\"810\" \/>\n\t<meta property=\"og:image:height\" content=\"410\" \/>\n\t<meta property=\"og:image:type\" content=\"image\/jpeg\" \/>\n<meta name=\"author\" content=\"Zona Caral Administrador\" \/>\n<meta name=\"twitter:card\" content=\"summary_large_image\" \/>\n<meta name=\"twitter:label1\" content=\"Written by\" \/>\n\t<meta name=\"twitter:data1\" content=\"Zona Caral Administrador\" \/>\n\t<meta name=\"twitter:label2\" content=\"Est. reading time\" \/>\n\t<meta name=\"twitter:data2\" content=\"2 minutos\" \/>\n<script type=\"application\/ld+json\" class=\"yoast-schema-graph\">{\"@context\":\"https:\\\/\\\/schema.org\",\"@graph\":[{\"@type\":\"Article\",\"@id\":\"https:\\\/\\\/zonacaral.gob.pe\\\/en\\\/noticias\\\/celebran-los-20-anos-del-hallazgo-de-caral\\\/#article\",\"isPartOf\":{\"@id\":\"https:\\\/\\\/zonacaral.gob.pe\\\/en\\\/noticias\\\/celebran-los-20-anos-del-hallazgo-de-caral\\\/\"},\"author\":{\"name\":\"Zona Caral Administrador\",\"@id\":\"https:\\\/\\\/zonacaral.gob.pe\\\/es\\\/#\\\/schema\\\/person\\\/beddb4d22f71a7230c5b90913270a0ee\"},\"headline\":\"Celebran los 20 a\u00f1os del hallazgo de Caral\",\"datePublished\":\"2014-10-27T23:16:35+00:00\",\"mainEntityOfPage\":{\"@id\":\"https:\\\/\\\/zonacaral.gob.pe\\\/en\\\/noticias\\\/celebran-los-20-anos-del-hallazgo-de-caral\\\/\"},\"wordCount\":437,\"image\":{\"@id\":\"https:\\\/\\\/zonacaral.gob.pe\\\/en\\\/noticias\\\/celebran-los-20-anos-del-hallazgo-de-caral\\\/#primaryimage\"},\"thumbnailUrl\":\"https:\\\/\\\/zonacaral.gob.pe\\\/wp-content\\\/uploads\\\/2014\\\/10\\\/correo-26-10-2014.jpg\",\"keywords\":[\"aniversario\",\"caral\",\"supe\"],\"articleSection\":[\"noticias\"],\"inLanguage\":\"es-PE\"},{\"@type\":\"WebPage\",\"@id\":\"https:\\\/\\\/zonacaral.gob.pe\\\/en\\\/noticias\\\/celebran-los-20-anos-del-hallazgo-de-caral\\\/\",\"url\":\"https:\\\/\\\/zonacaral.gob.pe\\\/en\\\/noticias\\\/celebran-los-20-anos-del-hallazgo-de-caral\\\/\",\"name\":\"Celebran los 20 a\u00f1os del hallazgo de Caral - Zona Caral\",\"isPartOf\":{\"@id\":\"https:\\\/\\\/zonacaral.gob.pe\\\/es\\\/#website\"},\"primaryImageOfPage\":{\"@id\":\"https:\\\/\\\/zonacaral.gob.pe\\\/en\\\/noticias\\\/celebran-los-20-anos-del-hallazgo-de-caral\\\/#primaryimage\"},\"image\":{\"@id\":\"https:\\\/\\\/zonacaral.gob.pe\\\/en\\\/noticias\\\/celebran-los-20-anos-del-hallazgo-de-caral\\\/#primaryimage\"},\"thumbnailUrl\":\"https:\\\/\\\/zonacaral.gob.pe\\\/wp-content\\\/uploads\\\/2014\\\/10\\\/correo-26-10-2014.jpg\",\"datePublished\":\"2014-10-27T23:16:35+00:00\",\"author\":{\"@id\":\"https:\\\/\\\/zonacaral.gob.pe\\\/es\\\/#\\\/schema\\\/person\\\/beddb4d22f71a7230c5b90913270a0ee\"},\"breadcrumb\":{\"@id\":\"https:\\\/\\\/zonacaral.gob.pe\\\/en\\\/noticias\\\/celebran-los-20-anos-del-hallazgo-de-caral\\\/#breadcrumb\"},\"inLanguage\":\"es-PE\",\"potentialAction\":[{\"@type\":\"ReadAction\",\"target\":[\"https:\\\/\\\/zonacaral.gob.pe\\\/en\\\/noticias\\\/celebran-los-20-anos-del-hallazgo-de-caral\\\/\"]}]},{\"@type\":\"ImageObject\",\"inLanguage\":\"es-PE\",\"@id\":\"https:\\\/\\\/zonacaral.gob.pe\\\/en\\\/noticias\\\/celebran-los-20-anos-del-hallazgo-de-caral\\\/#primaryimage\",\"url\":\"https:\\\/\\\/zonacaral.gob.pe\\\/wp-content\\\/uploads\\\/2014\\\/10\\\/correo-26-10-2014.jpg\",\"contentUrl\":\"https:\\\/\\\/zonacaral.gob.pe\\\/wp-content\\\/uploads\\\/2014\\\/10\\\/correo-26-10-2014.jpg\",\"width\":810,\"height\":410},{\"@type\":\"BreadcrumbList\",\"@id\":\"https:\\\/\\\/zonacaral.gob.pe\\\/en\\\/noticias\\\/celebran-los-20-anos-del-hallazgo-de-caral\\\/#breadcrumb\",\"itemListElement\":[{\"@type\":\"ListItem\",\"position\":1,\"name\":\"Portada\",\"item\":\"https:\\\/\\\/zonacaral.gob.pe\\\/\"},{\"@type\":\"ListItem\",\"position\":2,\"name\":\"Celebran los 20 a\u00f1os del hallazgo de Caral\"}]},{\"@type\":\"WebSite\",\"@id\":\"https:\\\/\\\/zonacaral.gob.pe\\\/es\\\/#website\",\"url\":\"https:\\\/\\\/zonacaral.gob.pe\\\/es\\\/\",\"name\":\"Zona Caral\",\"description\":\"Investigamos, conservamos y difundimos el patrimonio cultural de la Civilizaci\u00f3n Caral, la m\u00e1s antigua de Am\u00e9rica.\",\"potentialAction\":[{\"@type\":\"SearchAction\",\"target\":{\"@type\":\"EntryPoint\",\"urlTemplate\":\"https:\\\/\\\/zonacaral.gob.pe\\\/es\\\/?s={search_term_string}\"},\"query-input\":{\"@type\":\"PropertyValueSpecification\",\"valueRequired\":true,\"valueName\":\"search_term_string\"}}],\"inLanguage\":\"es-PE\"},{\"@type\":\"Person\",\"@id\":\"https:\\\/\\\/zonacaral.gob.pe\\\/es\\\/#\\\/schema\\\/person\\\/beddb4d22f71a7230c5b90913270a0ee\",\"name\":\"Zona Caral Administrador\",\"image\":{\"@type\":\"ImageObject\",\"inLanguage\":\"es-PE\",\"@id\":\"https:\\\/\\\/secure.gravatar.com\\\/avatar\\\/e4be162918a696358376de6446614e0f0f4062bdc5d170d6d540ada3d8b58c12?s=96&d=mm&r=g\",\"url\":\"https:\\\/\\\/secure.gravatar.com\\\/avatar\\\/e4be162918a696358376de6446614e0f0f4062bdc5d170d6d540ada3d8b58c12?s=96&d=mm&r=g\",\"contentUrl\":\"https:\\\/\\\/secure.gravatar.com\\\/avatar\\\/e4be162918a696358376de6446614e0f0f4062bdc5d170d6d540ada3d8b58c12?s=96&d=mm&r=g\",\"caption\":\"Zona Caral Administrador\"},\"sameAs\":[\"https:\\\/\\\/zonacaral.gob.pe\"],\"url\":\"https:\\\/\\\/zonacaral.gob.pe\\\/es\\\/noticias\\\/author\\\/ad_zonacaral\\\/\"}]}<\/script>\n<!-- \/ Yoast SEO plugin. -->","yoast_head_json":{"title":"Celebran los 20 a\u00f1os del hallazgo de Caral - Zona Caral","robots":{"index":"index","follow":"follow","max-snippet":"max-snippet:-1","max-image-preview":"max-image-preview:large","max-video-preview":"max-video-preview:-1"},"canonical":"https:\/\/zonacaral.gob.pe\/es\/noticias\/celebran-los-20-anos-del-hallazgo-de-caral\/","og_locale":"es_ES","og_type":"article","og_title":"Celebran los 20 a\u00f1os del hallazgo de Caral - Zona Caral","og_description":"El equipo de investigadores que descubri\u00f3 la civilizaci\u00f3n de Caral, considerada hasta ahora la m\u00e1s antigua de Am\u00e9rica, celebra el [&hellip;]","og_url":"https:\/\/zonacaral.gob.pe\/es\/noticias\/celebran-los-20-anos-del-hallazgo-de-caral\/","og_site_name":"Zona Caral","article_published_time":"2014-10-27T23:16:35+00:00","og_image":[{"width":810,"height":410,"url":"https:\/\/zonacaral.gob.pe\/wp-content\/uploads\/2014\/10\/correo-26-10-2014.jpg","type":"image\/jpeg"}],"author":"Zona Caral Administrador","twitter_card":"summary_large_image","twitter_misc":{"Written by":"Zona Caral Administrador","Est. reading time":"2 minutos"},"schema":{"@context":"https:\/\/schema.org","@graph":[{"@type":"Article","@id":"https:\/\/zonacaral.gob.pe\/en\/noticias\/celebran-los-20-anos-del-hallazgo-de-caral\/#article","isPartOf":{"@id":"https:\/\/zonacaral.gob.pe\/en\/noticias\/celebran-los-20-anos-del-hallazgo-de-caral\/"},"author":{"name":"Zona Caral Administrador","@id":"https:\/\/zonacaral.gob.pe\/es\/#\/schema\/person\/beddb4d22f71a7230c5b90913270a0ee"},"headline":"Celebran los 20 a\u00f1os del hallazgo de Caral","datePublished":"2014-10-27T23:16:35+00:00","mainEntityOfPage":{"@id":"https:\/\/zonacaral.gob.pe\/en\/noticias\/celebran-los-20-anos-del-hallazgo-de-caral\/"},"wordCount":437,"image":{"@id":"https:\/\/zonacaral.gob.pe\/en\/noticias\/celebran-los-20-anos-del-hallazgo-de-caral\/#primaryimage"},"thumbnailUrl":"https:\/\/zonacaral.gob.pe\/wp-content\/uploads\/2014\/10\/correo-26-10-2014.jpg","keywords":["aniversario","caral","supe"],"articleSection":["noticias"],"inLanguage":"es-PE"},{"@type":"WebPage","@id":"https:\/\/zonacaral.gob.pe\/en\/noticias\/celebran-los-20-anos-del-hallazgo-de-caral\/","url":"https:\/\/zonacaral.gob.pe\/en\/noticias\/celebran-los-20-anos-del-hallazgo-de-caral\/","name":"Celebran los 20 a\u00f1os del hallazgo de Caral - Zona Caral","isPartOf":{"@id":"https:\/\/zonacaral.gob.pe\/es\/#website"},"primaryImageOfPage":{"@id":"https:\/\/zonacaral.gob.pe\/en\/noticias\/celebran-los-20-anos-del-hallazgo-de-caral\/#primaryimage"},"image":{"@id":"https:\/\/zonacaral.gob.pe\/en\/noticias\/celebran-los-20-anos-del-hallazgo-de-caral\/#primaryimage"},"thumbnailUrl":"https:\/\/zonacaral.gob.pe\/wp-content\/uploads\/2014\/10\/correo-26-10-2014.jpg","datePublished":"2014-10-27T23:16:35+00:00","author":{"@id":"https:\/\/zonacaral.gob.pe\/es\/#\/schema\/person\/beddb4d22f71a7230c5b90913270a0ee"},"breadcrumb":{"@id":"https:\/\/zonacaral.gob.pe\/en\/noticias\/celebran-los-20-anos-del-hallazgo-de-caral\/#breadcrumb"},"inLanguage":"es-PE","potentialAction":[{"@type":"ReadAction","target":["https:\/\/zonacaral.gob.pe\/en\/noticias\/celebran-los-20-anos-del-hallazgo-de-caral\/"]}]},{"@type":"ImageObject","inLanguage":"es-PE","@id":"https:\/\/zonacaral.gob.pe\/en\/noticias\/celebran-los-20-anos-del-hallazgo-de-caral\/#primaryimage","url":"https:\/\/zonacaral.gob.pe\/wp-content\/uploads\/2014\/10\/correo-26-10-2014.jpg","contentUrl":"https:\/\/zonacaral.gob.pe\/wp-content\/uploads\/2014\/10\/correo-26-10-2014.jpg","width":810,"height":410},{"@type":"BreadcrumbList","@id":"https:\/\/zonacaral.gob.pe\/en\/noticias\/celebran-los-20-anos-del-hallazgo-de-caral\/#breadcrumb","itemListElement":[{"@type":"ListItem","position":1,"name":"Portada","item":"https:\/\/zonacaral.gob.pe\/"},{"@type":"ListItem","position":2,"name":"Celebran los 20 a\u00f1os del hallazgo de Caral"}]},{"@type":"WebSite","@id":"https:\/\/zonacaral.gob.pe\/es\/#website","url":"https:\/\/zonacaral.gob.pe\/es\/","name":"Zona Caral","description":"Investigamos, conservamos y difundimos el patrimonio cultural de la Civilizaci\u00f3n Caral, la m\u00e1s antigua de Am\u00e9rica.","potentialAction":[{"@type":"SearchAction","target":{"@type":"EntryPoint","urlTemplate":"https:\/\/zonacaral.gob.pe\/es\/?s={search_term_string}"},"query-input":{"@type":"PropertyValueSpecification","valueRequired":true,"valueName":"search_term_string"}}],"inLanguage":"es-PE"},{"@type":"Person","@id":"https:\/\/zonacaral.gob.pe\/es\/#\/schema\/person\/beddb4d22f71a7230c5b90913270a0ee","name":"Zona Caral Administrador","image":{"@type":"ImageObject","inLanguage":"es-PE","@id":"https:\/\/secure.gravatar.com\/avatar\/e4be162918a696358376de6446614e0f0f4062bdc5d170d6d540ada3d8b58c12?s=96&d=mm&r=g","url":"https:\/\/secure.gravatar.com\/avatar\/e4be162918a696358376de6446614e0f0f4062bdc5d170d6d540ada3d8b58c12?s=96&d=mm&r=g","contentUrl":"https:\/\/secure.gravatar.com\/avatar\/e4be162918a696358376de6446614e0f0f4062bdc5d170d6d540ada3d8b58c12?s=96&d=mm&r=g","caption":"Zona Caral Administrador"},"sameAs":["https:\/\/zonacaral.gob.pe"],"url":"https:\/\/zonacaral.gob.pe\/es\/noticias\/author\/ad_zonacaral\/"}]}},"_links":{"self":[{"href":"https:\/\/zonacaral.gob.pe\/es\/wp-json\/wp\/v2\/posts\/8618","targetHints":{"allow":["GET"]}}],"collection":[{"href":"https:\/\/zonacaral.gob.pe\/es\/wp-json\/wp\/v2\/posts"}],"about":[{"href":"https:\/\/zonacaral.gob.pe\/es\/wp-json\/wp\/v2\/types\/post"}],"author":[{"embeddable":true,"href":"https:\/\/zonacaral.gob.pe\/es\/wp-json\/wp\/v2\/users\/1"}],"replies":[{"embeddable":true,"href":"https:\/\/zonacaral.gob.pe\/es\/wp-json\/wp\/v2\/comments?post=8618"}],"version-history":[{"count":0,"href":"https:\/\/zonacaral.gob.pe\/es\/wp-json\/wp\/v2\/posts\/8618\/revisions"}],"wp:featuredmedia":[{"embeddable":true,"href":"https:\/\/zonacaral.gob.pe\/es\/wp-json\/wp\/v2\/media\/8619"}],"wp:attachment":[{"href":"https:\/\/zonacaral.gob.pe\/es\/wp-json\/wp\/v2\/media?parent=8618"}],"wp:term":[{"taxonomy":"category","embeddable":true,"href":"https:\/\/zonacaral.gob.pe\/es\/wp-json\/wp\/v2\/categories?post=8618"},{"taxonomy":"post_tag","embeddable":true,"href":"https:\/\/zonacaral.gob.pe\/es\/wp-json\/wp\/v2\/tags?post=8618"}],"curies":[{"name":"wp","href":"https:\/\/api.w.org\/{rel}","templated":true}]}}